{"id":40224,"date":"2016-05-24T03:51:17","date_gmt":"2016-05-24T08:51:17","guid":{"rendered":"http:\/\/akunq.net\/tr\/?p=40224"},"modified":"2016-05-24T03:51:17","modified_gmt":"2016-05-24T08:51:17","slug":"buyuk-izmir-soygunu","status":"publish","type":"post","link":"https:\/\/akunq.net\/tr\/?p=40224","title":{"rendered":"B\u00fcy\u00fck \u0130zmir Soygunu"},"content":{"rendered":"<p style=\"text-align: justify;\"><strong><a href=\"http:\/\/akunq.net\/tr\/?attachment_id=40225\" rel=\"attachment wp-att-40225\"><img loading=\"lazy\" decoding=\"async\" class=\"alignright size-medium wp-image-40225\" src=\"http:\/\/akunq.net\/tr\/wp-content\/uploads\/2016\/05\/Great_Fire_of_Smyrna-300x193.jpg\" alt=\"Great_Fire_of_Smyrna\" width=\"300\" height=\"193\" srcset=\"https:\/\/akunq.net\/tr\/wp-content\/uploads\/sites\/6\/2016\/05\/Great_Fire_of_Smyrna-300x193.jpg 300w, https:\/\/akunq.net\/tr\/wp-content\/uploads\/sites\/6\/2016\/05\/Great_Fire_of_Smyrna-260x167.jpg 260w, https:\/\/akunq.net\/tr\/wp-content\/uploads\/sites\/6\/2016\/05\/Great_Fire_of_Smyrna-160x103.jpg 160w, https:\/\/akunq.net\/tr\/wp-content\/uploads\/sites\/6\/2016\/05\/Great_Fire_of_Smyrna.jpg 400w\" sizes=\"auto, (max-width: 300px) 100vw, 300px\" \/><\/a>Tal\u00e2t Ulusoy<\/strong><\/p>\n<p style=\"text-align: justify;\"><strong><em>9 Eyl\u00fcl 1922. \u201cYunan denize d\u00f6k\u00fcl\u00fcr\u201d, \u0130zmir \u201ckurtulur\u201d.. Denize d\u00f6k\u00fclen Yunan de\u011fil, ku\u015faklar boyu burada ya\u015fam\u0131\u015f \u0130zmirli H\u0131ristiyanlard\u0131r. \u201cKurtulu\u015f\u201dun \u00fcst\u00fcnden d\u00f6rt g\u00fcn ge\u00e7er, \u0130zmir yanmaya ba\u015flar. 18 Eyl\u00fcl\u2019e varas\u0131ya g\u00fcnler boyu yanar g\u00fczelim \u015fehir. Bu \u201cB\u00fcy\u00fck Yang\u0131n\u201d B\u00fcy\u00fck Millet Meclisi\u2019nde g\u00f6r\u00fc\u015f\u00fclmez (1), ama 9 Eyl\u00fcl g\u00fcn\u00fc \u201ckurtulu\u015f\u201d ile ba\u015flayan \u201cB\u00fcy\u00fck \u0130zmir Soygunu\u201d pek bir ate\u015fli(!) tart\u0131\u015f\u0131l\u0131r\u2026(2) 11 Eyl\u00fcl g\u00fcn\u00fc, yani hen\u00fcz il\u00e2hlar \u0130zmir\u2019i alevlere atmadan, Burdur milletvekili \u0130smail Suphi ve arkada\u015flar\u0131, \u201ckurtar\u0131lm\u0131\u015f yerler i\u00e7in \u00f6nlemler al\u0131nmas\u0131\u201d i\u00e7in bir \u00f6nerge verir. D\u00f6rt maddelik \u00f6nergenin son maddesinde; \u201cTerkedilmi\u015f mallar ve d\u00fc\u015fmandan al\u0131nan ganimetlere Hazine ad\u0131na el konularak sahip \u00e7\u0131k\u0131lmas\u0131; kurtar\u0131lan illerimizde maliye ve idare i\u015flerinin kurulmas\u0131 ve d\u00fczenlenmesiyle, normal durumun h\u0131zla geri getirilmesi\u201d istenir. Buradan anla\u015f\u0131l\u0131yor ki \u201cganimet\u201d toplama yar\u0131\u015f\u0131, yani soygun yang\u0131ndan \u00f6nce ba\u015flam\u0131\u015f!<\/em><\/strong><\/p>\n<p style=\"text-align: justify;\">\u0130smail Suphi Bey\u2019in \u00f6nergesi \u00fcst\u00fcne ilk s\u00f6z alanlardan biri, Cumhuriyet\u2019in ilk Milli E\u011fitim Bakan\u0131, Saruhan milletvekili Mustafa Necati\u2019dir:<\/p>\n<p style=\"text-align: justify;\">Bendeniz \u0130zmirli oldu\u011fum i\u00e7in memleketin bug\u00fcn nas\u0131l bir durum i\u00e7erisinde bulunaca\u011f\u0131n\u0131 canland\u0131rabiliyorum\u2026 Yar\u0131n, itiraz ba\u015flayacakt\u0131r. Herkes bir di\u011ferine iftira edecektir. Bunlar\u0131n bir an evvel giderilmesi gerekir. Oysa, hen\u00fcz bu yerlere ne H\u00fck\u00fcmet memurlar\u0131 gitmi\u015f ve ne de H\u00fck\u00fcmet g\u00f6reve ba\u015flam\u0131\u015ft\u0131r. Oysa efendiler, ordunun girdi\u011fi yerde derhal h\u00fck\u00fcmet (sivil y\u00f6netim-tu) ba\u015flarsa d\u0131\u015far\u0131ya kar\u015f\u0131 durumumuz daha emin, daha sa\u011flam olur\u2026\u201d<\/p>\n<p style=\"text-align: justify;\">Herkes bir di\u011ferine iftira edecekmi\u015f! Neden acaba?<\/p>\n<p style=\"text-align: justify;\">Yine b\u00f6lge milletvekillerinden, Ayd\u0131n milletvekili Dr. Mazhar uzun konu\u015fmas\u0131nda;<\/p>\n<p style=\"text-align: justify;\">H\u00fck\u00fcmetin \u2026 gayet hatal\u0131 olarak ad\u0131mlar att\u0131\u011f\u0131n\u0131, hatal\u0131 yollarda y\u00fcr\u00fcmekte oldu\u011funu\u2026<\/p>\n<p style=\"text-align: justify;\">Vurgular.<\/p>\n<p style=\"text-align: justify;\">Konu\u015fmalar \u00e7o\u011funlu\u011fu rahats\u0131z etmi\u015ftir. Yeterlilik \u00f6nergesi verilir ve kabul edilir ve \u00f6nerge Bakanlar Kurulu\u2019na g\u00f6nderilir. \u00dc\u00e7 aya yak\u0131n Bakanlar Kurulu\u2019\u2019ndan da, Meclis\u2019ten de ses \u00e7\u0131kmaz. Ta ki\u2026<\/p>\n<p style=\"text-align: justify;\"><strong>Sessizli\u011fin Ortas\u0131nda<\/strong><\/p>\n<p style=\"text-align: justify;\">25 Kas\u0131m Cumartesi g\u00fcnl\u00fc Meclis oturumunda K\u00fctahya milletvekili Rag\u0131p Bey, kendisine \u0130zmir\u2019den g\u00f6nderilen bir mektubu okur k\u00fcrs\u00fcden. Mektup \u201cKurtar\u0131lm\u0131\u015f yerlerdeki terkedilmi\u015f mallar \u00fczerinde yap\u0131lan yolsuzluk\u201d hakk\u0131ndad\u0131r. Bir de Denizli milletvekili Yusuf beyin g\u00f6nderdi\u011fi ve \u00f6nerge olarak kabul\u00fcn\u00fc istedi\u011fi \u201ckurtar\u0131lm\u0131\u015f yerlerin durumu\u201d hakk\u0131nda bir telgraf vard\u0131r. Bu mektup ve telgraf sessizli\u011fi bozar, \u201csoygun\u201d tart\u0131\u015fmalar\u0131 yeniden alevlenir. Y\u00fczle\u015fme i\u00e7in \u201cibretlik\u201d konu\u015fmalar sahnelenir B\u00fcy\u00fck Millet Meclisi\u2019nde. A\u015fa\u011f\u0131da, konu\u015fmalar\u0131n siyasi ve sanatsal (!) \u00f6nemi de g\u00f6z \u00f6n\u00fcne al\u0131narak yap\u0131lm\u0131\u015f geni\u015f\u00e7e bir aktar\u0131ma yer veriliyor, sadele\u015ftirilmi\u015f ve yorumlar eklenmi\u015f olarak.<\/p>\n<p style=\"text-align: justify;\">Sanatsal \u00f6nemi de neymi\u015f denilmesin, burada, \u201cmilli\u201d romanlarda ve \u201cmilli\u201d tarih kitaplar\u0131nda hi\u00e7 yer verilmeyen, belki de \u201c\u00c7\u0131lg\u0131n T\u00fcrkler\u201d tiyatro oyununda kullan\u0131labilecek \u00e7ok zengin malzeme var gibi!..<\/p>\n<p style=\"text-align: justify;\">Yusuf Bey\u2019in telgraf\u0131; \u201cH\u00fck\u00fcmetin m\u00fch\u00fcr alt\u0131na ald\u0131\u011f\u0131 veya elinden alarak toplad\u0131\u011f\u0131 mallar t\u00fcm\u00fcyle bo\u015fa gitmektedir\u201d diye ba\u015flar ve devam eder:<\/p>\n<p style=\"text-align: justify;\">\u201cYa\u011fma edilen mallar i\u00e7in ya\u011fmac\u0131lar \u00fc\u00e7er, be\u015fer y\u00fcz lira vererek Emvali Metruke (Terkedilmi\u015f Mallar) Komisyonu ba\u015fkan ve komisyon \u00fcyeleriyle uzla\u015f\u0131p ellerindeki mallar\u0131 serbest olarak \u00e7\u0131karmaktad\u0131r. \u0130\u00e7inde k\u0131rk be\u015f, elli bin liral\u0131k (bug\u00fcn\u00fcn paras\u0131yla (siz 100 milyar anlay\u0131n-tu) mal olan bir ma\u011fazay\u0131 komisyona \u00fc\u00e7 d\u00f6rt bin lira veren ve hi\u00e7bir i\u015f bilmeyen kimseler a\u00e7\u0131p i\u00e7indeki mallar\u0131 serbest\u00e7e satmakta iken \u015fiddetle ihbarlar yap\u0131lmas\u0131 \u00fczerine bu defa mallar\u0131 ma\u011fazadan a\u015f\u0131rd\u0131ktan sonra i\u00e7erisinde kalan \u00e7\u00fcr\u00fck, \u00e7ar\u0131k birka\u00e7 par\u00e7a \u00fczerine H\u00fck\u00fcmet tekrar m\u00fch\u00fcr bas\u0131yor. Sanki bununla halk\u0131 aldatmak istiyor\u2026 Bunlar \u015fimdi komisyonun bilgisi alt\u0131nda y\u00fcz binlerce (siz trilyonlarca anlay\u0131n) liral\u0131k mala belge veriyorlar. H\u00e2l\u00e2 ellerindeki \u00fc\u00e7 be\u015f y\u00fcz liral\u0131k eski faturan\u0131n i\u00e7indekiler bitmiyor. Her g\u00fcn ma\u011fazalar bo\u015fal\u0131yor,.. Urla\u2019ya gittim. Urla\u2019da be\u015f bin \u0130sl\u00e2m, otuz bin H\u0131ristiyan varm\u0131\u015f. H\u0131ristiyanlar t\u00fcm\u00fcyle defolup gitmi\u015fler. Buras\u0131n\u0131n biricik ge\u00e7imi \u00fcz\u00fcmc\u00fcl\u00fckt\u00fcr. Koca H\u00fck\u00fcmet buradan iki bin okka \u00fcz\u00fcm ele ge\u00e7irebilmi\u015f. Fakat bir t\u00fcccar altm\u0131\u015f bin okka \u00fcz\u00fcm toplam\u0131\u015f\u2026\u201d diye benzeri \u00f6rnekleri s\u0131ralar\u2026<\/p>\n<p style=\"text-align: justify;\">Urla halk\u0131n\u0131n y\u00fczde seksen be\u015fi \u201cdefolup\u201d gitmi\u015f. Evini, ba\u011f\u0131n\u0131, \u00e7iftini, \u00e7ubu\u011funu b\u0131rakm\u0131\u015f; torunu, torbas\u0131, kad\u0131n\u0131 ve ya\u015fl\u0131s\u0131yla \u201cvatan\u201d\u0131n\u0131 b\u0131rak\u0131p gitmi\u015f! H\u0131ristiyanm\u0131\u015f onlar ve t\u00fcm\u00fcyle gitmi\u015f! Yusuf Bey\u2019in, \u201cH\u00fck\u00fcmetin birilerinin elinden alarak toplad\u0131\u011f\u0131\u201d mallar dedi\u011fi bu H\u0131ristiyanlar\u0131n mallar\u0131. Birisini evinden, ba\u011f\u0131ndan \u201czor\u201d ile g\u00f6nderir de mal\u0131na el koyarsan, bu eyleme hukukta \u201cgasp\u201d, siyasette \u201czafer\u201d derler.<\/p>\n<p style=\"text-align: justify;\">S\u00f6z alan Erzurum milletvekili Salih Efendi (Erzurum) olanlar\u0131n fark\u0131nda olmal\u0131 ki, \u00e7ok a\u00e7\u0131k konu\u015fur:<\/p>\n<p style=\"text-align: justify;\">Efendim vaktimizi harcamayal\u0131m. Her \u015fey ya\u011fma edilmi\u015f, mesele bitmi\u015ftir\u2026<\/p>\n<p style=\"text-align: justify;\">\u2026 Yap\u0131lan i\u015fler bizden gizlidir. Fakat halk konu\u015fuyor. Halk bunu pek\u00e2l\u00e2 biliyor. Milletvekilleri gitmi\u015fler birtak\u0131m entrikalar \u00e7evirmi\u015fler diyorlar. Ben de bir milletvekiliyim. Bunu da ben kabul etmedi\u011fim gibi arkada\u015flar\u0131m da kabul etmez. (H\u00e2\u015f\u00e2 sesleri) Meydana \u00e7\u0131kmal\u0131, kim bu k\u00f6t\u00fcl\u00fc\u011f\u00fc yapt\u0131ysa hakk\u0131nda gereken ceza uygulanmal\u0131d\u0131r\u201d<\/p>\n<p style=\"text-align: justify;\">Der konu\u015fmas\u0131nda Yahya Galip Bey (K\u0131r\u015fehir).<\/p>\n<p style=\"text-align: justify;\">Milletvekillerinden gizli yap\u0131lan i\u015f nedir, yapanlar kimlerdir? \u201cVatan haini\u201d midir nedir bu milletvekili, kavgada bile s\u00f6ylenmezken, \u201cKurtar\u0131c\u0131 Meclis\u201dte s\u00f6ylenecek s\u00f6z m\u00fcd\u00fcr bunlar!<\/p>\n<p style=\"text-align: justify;\">B\u00f6ylesi \u201csorumsuz\u201d konu\u015fmalar y\u00fcz\u00fcnden, i\u015f \u201cgizli mi, a\u00e7\u0131k m\u0131 g\u00f6r\u00fc\u015felim\u201d tart\u0131\u015fmas\u0131na gelir dayan\u0131r.<\/p>\n<p style=\"text-align: justify;\">\u0130badet A\u00e7\u0131k, Kabahat Gizli<\/p>\n<p style=\"text-align: justify;\">Efendim, yolsuzluk vard\u0131r. Rica ederim, yolsuzlu\u011fun a\u00e7\u0131k oturumda s\u00f6ylenmesi uygun olmayanlar\u0131n\u0131 pek\u00e2l\u00e2 gizli oturumda s\u00f6yleyelim. Fakat a\u00e7\u0131k oturumda da meseleyi konu ediniz ki, k\u00f6t\u00fcl\u00fc\u011f\u00fc yapanlar meydana \u00e7\u0131ks\u0131n. Ni\u00e7in bu g\u00f6r\u00fc\u015fme olmuyor da g\u00fcnden g\u00fcne erteleniyor? Meseleyi derhal g\u00f6r\u00fc\u015fmeli ve \u00e7ok a\u00e7\u0131k olmal\u0131d\u0131r ve bu meseleye \u00e7ok \u00f6nem verilmelidir.<\/p>\n<p style=\"text-align: justify;\">Bu s\u00f6zler Hakk\u0131 Hami\u2019ye (Sinop) ait.<\/p>\n<p style=\"text-align: justify;\">\u2026 Arkada\u015flar, bug\u00fcn Karadeniz\u2019den Akdeniz\u2019e kadar b\u00fct\u00fcn memleket soyulmu\u015ftur\u2026 Bunu a\u00e7\u0131k g\u00f6r\u00fc\u015fmeli. Halka duyurmal\u0131y\u0131z. Eski h\u00fck\u00fcmetin yapt\u0131\u011f\u0131 gibi h\u0131rs\u0131zl\u0131\u011f\u0131 biz de saklarsak do\u011fru olmaz.\u201d<\/p>\n<p style=\"text-align: justify;\">K\u00fcrs\u00fcdeki bu sesin sahibi K\u00fctahya\u2019dan, Besim Atalay. Besim Bey \u201ceski h\u00fck\u00fcmetin h\u0131rs\u0131zl\u0131\u011f\u0131\u201d derken, \u0130ttihat Terakki h\u0131rs\u0131zl\u0131klar\u0131na m\u0131 dokunduruyor? Ermeniler\u2019den 1915\u2019te \u00e7al\u0131nan mallar\u0131, al\u0131nan canlar\u0131 m\u0131 hat\u0131rlat\u0131yor!?<\/p>\n<p style=\"text-align: justify;\">Antalya milletvekili Rasih Efendi:<\/p>\n<p style=\"text-align: justify;\">\u2026 Arkada\u015flar bu okunan telgraf \u00fczerine Meclis\u2019in bu meseleyi a\u00e7\u0131k oturumda g\u00f6r\u00fc\u015fmesi Meclis\u2019in onur meselesidir\u2026 Meclisin, bu meseleyi gizli oturumda g\u00f6r\u00fc\u015fece\u011fim demesi, bu meselenin saklanacak yan\u0131 var demektir\u2026<\/p>\n<p style=\"text-align: justify;\">Diye konu\u015fan Hoca Rasih Efendi ibadet gibi \u201ckabahat\u201din de a\u00e7\u0131k olmas\u0131n\u0131 \u00f6neriyor.<\/p>\n<p style=\"text-align: justify;\">G\u00f6r\u00fc\u015fmelerin \u201cgizli\u201d olmas\u0131n\u0131 isteyen \u0130brahim S\u00fcreyya (Saruhan) tepki g\u00f6steriyor:<\/p>\n<p style=\"text-align: justify;\">\u0130zin verir misiniz?\u2026 Milletvekilinden s\u00f6z ediyorlar. Onu a\u00e7\u0131klas\u0131nlar\u2026<\/p>\n<p style=\"text-align: justify;\">Yahya Galip Bey hemen a\u00e7\u0131kl\u0131yor:<\/p>\n<p style=\"text-align: justify;\">Milletvekili de var, hepsi de var i\u015fte\u2026 Beyefendiler; i\u015fittim, milletvekillerinden baz\u0131 kimselere e\u015fyas\u0131yla beraber ev verilmi\u015f ve bu arada S\u00fcreyya Beye de bir ev verildi\u011fini i\u015fittim. Demek ki, onu s\u00f6yletmek istiyorlar. Kendisine 40 bin liral\u0131k bir ev verilmi\u015f.\u201d<\/p>\n<p style=\"text-align: justify;\">Ay\u0131p ediyorsunuz Yahya Galip Bey! Trablusgarp\u2019tan beri Mustafa Kemal Pa\u015fa\u2019n\u0131n ve \u0130ttihat Terakki\u2019nin yolundan ayr\u0131lmayan, hatta \u201c\u00e7akma\u201d T\u00fcrkiye Kom\u00fcnist F\u0131rkas\u0131 kurucusu bile olan S\u00fcreyya Bey\u2019e bir de\u011fil bin k\u00f6\u015fk verilse yeridir.<\/p>\n<p style=\"text-align: justify;\">Besim Atalay (K\u00fctahya) iki arkada\u015f\u0131n\u0131 \u00f6rnek g\u00f6stererek ba\u015flar s\u00f6zlerine:<\/p>\n<p style=\"text-align: justify;\">Terkedilmi\u015f mallar meselesi hakikaten pek k\u00f6t\u00fc bir \u015fekil alm\u0131\u015ft\u0131r. Hele ev meselesi. Arkada\u015flar, ben arkada\u015f\u0131n\u0131z iki ki\u015fiyi kaybettim. Oturacak evlerini \u0130zmir \u2018de ald\u0131lar. Allah \u015fahit olsun. On defa haber g\u00f6nderdim. \u0130ki defa ayaklar\u0131na vard\u0131m\u2026 40 bin, elli bin liral\u0131k evlere kondular. Ben medreselerde de yatar\u0131m, iftihar ederim. Arkada\u015flar ben kuru fasulye de yemeye al\u0131\u015fk\u0131n\u0131m. Bana l\u00e2z\u0131m de\u011fil onlar\u0131n verece\u011fi \u015fey. Ben \u00e7al\u0131\u015f\u0131r, kazan\u0131r, yerim. Gidin, g\u00f6r\u00fcn, bug\u00fcn evlerde kimler oturuyor?.. Nas\u0131l y\u00e2r\u00e2n ve ahbaplara pe\u015fke\u015f \u00e7ekildi gidin, g\u00f6r\u00fcn! Urla meselesine gelelim: Bundan bendeniz de haberdar\u0131m. Hakikaten Urla\u2019dan bir\u00e7ok \u00fcz\u00fcmler a\u015f\u0131r\u0131lm\u0131\u015ft\u0131r. Bakal\u0131m sonucu ne olacak? Biraz sonra kimlerin parma\u011f\u0131 oldu\u011funu da burada s\u00f6ylerim. (\u015eimdi s\u00f6yle sesleri) Hay\u0131r \u015fimdi olmaz. Soru\u015fturma bitmedik\u00e7e olmaz. Meseleyi zorla\u015ft\u0131r\u0131r\u0131z. Bir de yaln\u0131z Urla \u00fcz\u00fcmleri de\u011fil, Ayd\u0131n incirleri meselesi var. Zavall\u0131 Ahenk Gazetesi bar bar ba\u011f\u0131rd\u0131. Ayd\u0131n\u2019in Nazilli\u2019den \u00c7ine\u2019ye kadar uzayan incirleri hakk\u0131nda ba\u011f\u0131rd\u0131, Hac\u0131 At\u0131f Efendi hocam\u0131z da burada s\u00f6yledi, ba\u011f\u0131rd\u0131. Sonra ne oldu bilmiyorum. M\u00fch\u00fcr alt\u0131nda b\u0131rak\u0131lan mallar\u0131n bir k\u0131sm\u0131 da sorumsuz ellerle, g\u00fcya bug\u00fcn askeriyenin ihtiyac\u0131 var diyerek m\u00fch\u00fcrleri k\u0131r\u0131ld\u0131. Oradan bir\u00e7ok mallar al\u0131nd\u0131, a\u015f\u0131r\u0131ld\u0131 arkada\u015flar. Bunlara kar\u015f\u0131 bir \u015fey yapmak, yapamad\u0131k ve olam\u0131yor\u2026 Arkada\u015flar, bu konuya dair \u00e7ok iyi oldu ki, a\u00e7\u0131k oturum yapt\u0131lar. \u00c7\u00fcnk\u00fc memleketin dertlerini a\u00e7\u0131k konu\u015fal\u0131m\u2026 Bunu a\u00e7\u0131ktan konu\u015fursak memleketin de Meclisimize kar\u015f\u0131 ba\u011fl\u0131l\u0131\u011f\u0131 artar\u2026\u201d<\/p>\n<p style=\"text-align: justify;\">Bu s\u00f6zler \u00fcst\u00fcne tart\u0131\u015fmalar daha da k\u0131z\u0131\u015f\u0131r.<\/p>\n<p style=\"text-align: justify;\">Ta\u015f\u0131n\u0131r ve Ta\u015f\u0131nmaz Mallar \u0130tinayla A\u015f\u0131r\u0131l\u0131r \u2026<\/p>\n<p style=\"text-align: justify;\">Ayn\u0131 zamanda Afyon\u2019da konu\u015flanan 23.T\u00fcmen komutanlar\u0131ndan olan Karahisar\u0131 Sahib (Afyonkarahisar) milletvekili \u00d6mer L\u00fctf\u00fc Bey de \u201cvatan haini\u201d de\u011fil ya! Bak\u0131n ne l\u00e2flar etmi\u015f muhterem:<\/p>\n<p style=\"text-align: justify;\">Ev meselesi hakk\u0131nda arkada\u015flardan i\u015fitti\u011fime g\u00f6re herkes evlere girdikten sonra h\u00fck\u00fcmet gelmi\u015f, e\u015fyay\u0131 tespit etmi\u015ftir. D\u0131\u015far\u0131dan gelenlerin bir\u00e7oklar\u0131 hen\u00fcz e\u015fya tespit edilmeden a\u015f\u0131rm\u0131\u015flard\u0131r. Heyet geldikten sonra hakikaten e\u015fya tespit edilmi\u015ftir. Fakat ondan evvelki vakitte gelenler de\u011feri belirlenmeyerek bir\u00e7ok de\u011ferli e\u015fyalar\u0131 a\u015f\u0131rm\u0131\u015flard\u0131r.<\/p>\n<p style=\"text-align: justify;\">Bu \u201chaince\u201d s\u00f6zler askeri asker ile kar\u015f\u0131 kar\u015f\u0131ya getirir. \u0130ttihat\u00e7\u0131 su\u00e7lar\u0131ndan \u00f6t\u00fcr\u00fc mahk\u00fbm olup Malta\u2019ya s\u00fcr\u00fclenlerden olan \u0130\u00e7i\u015fleri Bakan\u0131 Ali Fethi (Okyar) Bey \u00e7\u0131kar k\u00fcrs\u00fcye:<\/p>\n<p style=\"text-align: justify;\">\u2026 Konu olan mesele terkedilmi\u015f mallar meselesidir. \u00d6zel kanunu var, bu kanun uyar\u0131nca terkedilmi\u015f mallar Maliye Bakanl\u0131\u011f\u0131\u2019n\u0131n denetimi ve emri alt\u0131nda olan komisyonlar taraf\u0131ndan idare olunacakt\u0131r. Buna \u0130\u00e7i\u015fleri Bakanl\u0131\u011f\u0131\u2019n\u0131n hi\u00e7bir bi\u00e7imde kar\u0131\u015fmaya hakk\u0131 yoktur. Bu konuyu \u0130\u00e7i\u015fleri Bakanl\u0131\u011f\u0131\u2019na y\u00f6neltece\u011finize ilgili bakanl\u0131\u011fa y\u00f6neltiniz. \u0130\u015fte Maliye Bakan\u0131 Bey arkada\u015f\u0131m\u0131z oralarda uzun uzad\u0131ya dola\u015fm\u0131\u015f, gezmi\u015f ve \u00f6nlemlerini alm\u0131\u015f ve Meclis\u2019e sunmak i\u00e7in f\u0131rsat ar\u0131yor. Bundan dolay\u0131 durumlar b\u00f6yle iken \u201c\u0130\u00e7i\u015fleri Bakan\u0131 ne yapt\u0131?\u201d demek, bilmem ne dereceye kadar do\u011frudur.<\/p>\n<p style=\"text-align: justify;\">Der ve maliye bakan\u0131n\u0131 ortaya s\u00fcr\u00fcp savunmaya \u00e7ekilir. Ama salondan gelen itiraz ve sorular \u00e7ekilmesine izin vermez:<\/p>\n<p style=\"text-align: justify;\">\u0130zmir Valisi, gerek \u0130zmir\u2019in kendinde ve gerek \u0130zmir\u2019e ba\u011fl\u0131 yerlerde olan yolsuzluklar i\u00e7in \u00f6nlemler almak i\u00e7in y\u00fcce makam\u0131n\u0131zdan, y\u00fcce bakanl\u0131\u011f\u0131n\u0131zdan baz\u0131 emirler almak istemi\u015f, fakat siz buna cevap vermemi\u015fsiniz.<\/p>\n<p style=\"text-align: justify;\">Siirt milletvekili Kad\u0131 Mustafa Sabri Efendi\u2019den gelir bu sorgu.<\/p>\n<p style=\"text-align: justify;\">\u2026 Di\u011fer illerden ayr\u0131 olarak bu durumun \u00f6nemine g\u00f6re oras\u0131 i\u00e7in bir \u00f6zel \u00f6nlem al\u0131nm\u0131\u015f m\u0131d\u0131r? Yoksa al\u0131nmam\u0131\u015f m\u0131d\u0131r? Sordu\u011fum budur. \u0130zmir\u2019de cereyan eden durum her halde b\u00fcy\u00fck bir ticaret yeri olmas\u0131ndan \u00f6t\u00fcr\u00fc bir\u00e7ok \u00f6zel \u00f6nlemleri gerektirebilir. Emniyet meselesi, mesel\u00e2, mal\u00ee, idari, g\u00fcvenlik i\u00e7in bir tak\u0131m \u00f6nlemler l\u00e2z\u0131md\u0131r.\u201d<\/p>\n<p style=\"text-align: justify;\">Selahattin (K\u00f6seo\u011flu, Mersin) taraf\u0131nda \u0130zmir\u2019in \u00f6zelli\u011fine yap\u0131lan bu vurguyla Bakan bey yine savunmaya \u00e7ekilir:<\/p>\n<p style=\"text-align: justify;\">\u0130zmir\u2019in b\u00fcy\u00fck bir ticaret \u015fehri ve gayet \u00f6nemli bir merkez olmas\u0131 itibariyle mal\u00ee meseleler bak\u0131m\u0131ndan \u00f6nlemler almak gerekirse \u00f6nlemleri san\u0131r\u0131m \u0130\u00e7i\u015fleri Bakanl\u0131\u011f\u0131\u2019n\u0131n de\u011fil, \u0130ktisat (Ekonomi) Bakanl\u0131\u011f\u0131\u2019n\u0131n almas\u0131 gerekir.<\/p>\n<p style=\"text-align: justify;\">B\u00fcy\u00fck Meclis\u2019te koca bakan beyler top \u00e7eviriyor. Top \u015fimdi de ekonomi bakan\u0131nda!<\/p>\n<p style=\"text-align: justify;\">Ekonomi Bakan\u0131, daha sonra adalet bakanl\u0131\u011f\u0131yla \u00fcnlenecek Mahmut Esat (Bozkurt) Bey\u2019dedir. Ondan \u00f6nceki ekonomi bakan\u0131 Mahmut Cel\u00e2l (Bayar) Bey\u2019dir! \u0130kisi de \u201cekonomi\u201d kariyerlerini \u0130zmir \u00fcst\u00fcnde geli\u015ftirmi\u015f \u015fahsiyetlerdir. Mahmut Cel\u00e2l uzmanl\u0131\u011f\u0131n\u0131 ge\u00e7mi\u015finde \u201cRum tehciri\u201d ile ispatlam\u0131\u015ft\u0131r. \u0130kisi de, i\u00e7i\u015fleri bakan\u0131n\u0131n s\u00f6zlerini hi\u00e7 \u00fcst\u00fcne almaz!<\/p>\n<p style=\"text-align: justify;\"><strong>Ya\u011fma \u0130zmir\u2019in Alt\u0131n\u0131<\/strong><\/p>\n<p style=\"text-align: justify;\">Mektup \u00fczerine tart\u0131\u015fmalar yeterli g\u00f6r\u00fcl\u00fcr, telgrafa ge\u00e7ilir. Telgrafta \u201cTerkedilmi\u015f mallarda g\u00f6r\u00fclen s\u0131n\u0131rs\u0131z yolsuzluklar\u0131n \u00f6n\u00fcne ge\u00e7erek Hazinenin haklar\u0131n\u0131n korunmas\u0131\u201d talep edilmektedir. \u00d6nceki g\u00f6r\u00fc\u015fmeler bu \u00f6nerge i\u00e7in yeterli g\u00f6r\u00fcl\u00fcr ve ge\u00e7ilir.<\/p>\n<p style=\"text-align: justify;\">Konu unutulmu\u015f gibidir! Nihayet 27 Kas\u0131m g\u00fcn\u00fc verilen ve 29 Kas\u0131m\u2019da g\u00f6r\u00fc\u015f\u00fclen \u201cgensoru\u201d ile hat\u0131rlan\u0131r. \u201cGizli Oturum\u201dda ele al\u0131nan gensoru, \u201cKurtar\u0131lm\u0131\u015f yerlerdeki terkedilmi\u015f mallar hakk\u0131nda\u201dd\u0131r ve Maliye Bakan\u0131\u2019na y\u00f6neliktir.<\/p>\n<p style=\"text-align: justify;\">Maliye Bakan\u0131 Hasan Fehmi Bey hakk\u0131ndaki gensoruyu cevaplarken, terkedilmi\u015f mallar\u0131n b\u00fcy\u00fckl\u00fc\u011f\u00fcne \u00f6l\u00e7\u00fc olacak \u00e7ok anlaml\u0131 bir s\u00f6z eder:<\/p>\n<p style=\"text-align: justify;\">Efendim, \u0130zmir\u2019de b\u00fct\u00fcn terkedilmi\u015f mallar, yanan k\u0131sm\u0131 hari\u00e7 olmak \u00fczere, terkedilmi\u015f mallar\u0131n ta\u015f\u0131nabilir k\u0131sm\u0131 \u2013 miktar ifade edemem, \u00e7\u00fcnk\u00fc hen\u00fcz nakde \u00e7evrilmemi\u015ftir\u2026 aciz tahminime g\u00f6re Milli M\u00fccadele\u2019nin ba\u015flang\u0131c\u0131ndan bu sene sonuna kadar olan a\u00e7\u0131klar\u0131m\u0131z\u0131 kapatabilece\u011fini \u00fcmit ediyorum\u2026<\/p>\n<p style=\"text-align: justify;\">Ne kadard\u0131r bu a\u00e7\u0131k? \u201cYanan k\u0131sm\u0131 hari\u00e7\u201d deniyor, yanan k\u0131s\u0131mdan \u201ca\u015f\u0131r\u0131lan\u201d alt\u0131nlar, ziynetler ve sair k\u0131ymetli \u201chafif\u201d mallar dahil mi?<\/p>\n<p style=\"text-align: justify;\">Ordunun taarruza kadar iki milyon y\u00fcz bin liraya ihtiyac\u0131 oldu\u011fu hesaplanm\u0131\u015ft\u0131.\u201d B\u00fcy\u00fck Taarruz\u2019dan k\u0131sa s\u00fcre \u00f6nce s\u00f6ylenmi\u015f bir s\u00f6z bu ve \u201cmilyon\u201ddan s\u00f6z ediliyor, var\u0131n gerisini siz hesap edin. \u201c Milli Savunma Bakan\u0131 bast\u0131r\u0131yor, Maliye Bakan\u0131 \u201cHazinede be\u015f kuru\u015f kalmad\u0131.\u201d diye feryat ediyordu\u2026\u201d (3) Bu ve benzeri \u201cyokluk\u201d i\u00e7inde \u201ckurtulu\u015f\u201d \u00f6yk\u00fcleri \u00e7oktur. Oysa Maliye Bakan\u0131\u2019na g\u00f6re, y\u00fckte hafif pahada a\u011f\u0131r (terkedilmi\u015f (!) ta\u015f\u0131nabilir) mallar\u0131n miktar\u0131 \u201cKurtulu\u015f Sava\u015f\u0131\u201d veren Ankara\u2019n\u0131n \u00fc\u00e7 y\u0131ll\u0131k a\u00e7\u0131klar\u0131na bedeldir; bir de paha bi\u00e7ilemeyen k\u00f6\u015fkler, yal\u0131lar, evler vard\u0131r.<\/p>\n<p style=\"text-align: justify;\">Gensoruda sorulan soru \u015fu: Bu terkedilmi\u015f mallara ne oldu? Maliye Bakan\u0131 a\u00e7\u0131klar:<\/p>\n<p style=\"text-align: justify;\">Ta\u015f\u0131nabilir mallar \u00fczerindeki d\u00fc\u015fman ordusu geri \u00e7ekilirken, da\u011f\u0131ld\u0131ktan sonra ya\u011fmalar yap\u0131ld\u0131\u011f\u0131n\u0131 konu etmi\u015ftim. Efendiler takdir buyurulur ki, zannediyorum ki askeri tarihte hi\u00e7 bir olay yoktur ki, bir ordu sava\u015farak bir \u015fehre girsin o \u015fehri de \u015fehir halk\u0131 yahut ordunun arkas\u0131na tak\u0131lan veyahut sava\u015fan galip ma\u011flup ordular askerleri o \u015fehirde az \u00e7ok kar\u0131\u015f\u0131kl\u0131k yaratmam\u0131\u015f olmas\u0131n. Bunlar sava\u015f\u0131n do\u011fal sonucu olmak l\u00e2z\u0131m gelir ve zannediyorum ki Y\u00fcce Meclis de b\u00f6yle kabul eder Bu arada k\u00f6t\u00fc ahlakl\u0131 insanlar\u0131n da araya kar\u0131\u015fmas\u0131 ka\u00e7\u0131n\u0131lmaz bir \u015fey. Fakat \u00f6yle i\u015fitildi\u011fi \u015fekilde terkedilmi\u015f mallardan devletin yararlanaca\u011f\u0131 bir \u015fey kalmam\u0131\u015ft\u0131r san\u0131lmas\u0131n\u2026<\/p>\n<p style=\"text-align: justify;\">\u201cKa\u00e7\u0131n\u0131lmaz bir \u015fey\u201d imi\u015f! \u0130zmir\u2019e \u201csava\u015farak\u201d girmi\u015f! Sava\u015f\u0131n do\u011fal sonucuymu\u015f! Bug\u00fcn s\u0131k\u00e7a kullan\u0131lan \u201co g\u00fcn\u00fcn \u015fartlar\u0131nda \u00f6yle gerekmi\u015f\u201d ilkel gerek\u00e7esinin atas\u0131 bu s\u00f6zler. \u0130nsan biraz utan\u0131r yahu! Bir tek \u201cd\u00fc\u015fman\u201d askerinin olmad\u0131\u011f\u0131, tamama yak\u0131n\u0131 yurtta\u015f\u0131n olan, Osmanl\u0131 olan bir \u015fehre giriyorsun efendi! Ku\u015fatmay\u0131 yar\u0131p Viyana\u2019ya giriyor de\u011filsin! Osmanl\u0131 \u0130sl\u00e2m millet i\u00e7inden ve her t\u00fcrden birileri ya\u011fma ve katliam yap\u0131yor, sen \u201c\u00dcz\u00fclmeyin, devlete de bir \u015feyler kald\u0131, \u00fcz\u00fclmeyin\u201d diyorsun!<\/p>\n<p style=\"text-align: justify;\">Salondan bir iki ses y\u00fckselir: \u201c\u00c7evresinde dola\u015fma, do\u011frusunu anlat!\u201d Bakan biraz daha a\u00e7\u0131l\u0131r:<\/p>\n<p style=\"text-align: justify;\">Efendim, \u0130zmir yand\u0131. Tam 20 bin hane dolay\u0131nda. Memlekette bir konut sorunu ba\u015flad\u0131. Memlekete giren memuru da ordusu da, hatta gerilerde yanan Manisa, Salihli, Kasaba halk\u0131ndan yer bulamay\u0131p oraya gelen birtak\u0131m g\u00f6\u00e7men ve m\u00fcltecilerin de yani ayr\u0131ms\u0131z herkes birer konut bulmak zorunlulu\u011fundayd\u0131\u2026 Yang\u0131n yerlerinde g\u00f6m\u00fcl\u00fc olan servet, h\u00e2l\u00e2 enkaz alt\u0131ndan \u00e7\u0131kar\u0131lan kasalar\u0131n sonu gelmemi\u015ftir\u2026 Di\u011fer kasalar tamam\u0131yla ambarlara kald\u0131r\u0131lm\u0131\u015ft\u0131r. Fakat yang\u0131nda arsa haline gelen yerlerde tahrip m\u00fcfrezeleri taraf\u0131ndan at\u0131lm\u0131\u015f (patlat\u0131lm\u0131\u015f) kasalar mevcuttur.<\/p>\n<p style=\"text-align: justify;\">Bakan \u201c\u0130zmir yand\u0131\u201d diyor. Do\u011fru s\u00f6yl\u00fcyor. \u0130zmir\u2019in en g\u00fczel yerleri yand\u0131. Yang\u0131ndan alt\u0131 ay sonra nihayet yang\u0131n hasar\u0131 yay\u0131nlanabilir. Buna g\u00f6re: \u201c\u015eehrimiz \u0130statistik M\u00fcd\u00fcriyetince elde edilen bilgilere g\u00f6re \u0130zmir\u2019de mevcut 42.945 evden yang\u0131n s\u0131ras\u0131nda 14.004 ev yanm\u0131\u015ft\u0131r, 28.941 ev h\u00e2l\u00e2 vard\u0131r, d\u00fckk\u00e2n ve ma\u011faza miktar\u0131 da 9.696 adettir. Bunlar\u0131n 6.410 adedi \u0130slamlara, 1648\u2019i Rumlara ve m\u00fctebakisi Musevilerle ecnebilere aittir.\u201d (4)<\/p>\n<p style=\"text-align: justify;\">Bakan, \u201ckurtulu\u015f\u201dtan iki ay sonra \u201cyirmi bin kadar\u201d diyordu. \u0130zmir \u0130statistik M\u00fcd\u00fcrl\u00fc\u011f\u00fc, alt\u0131 ay sonra \u201con d\u00f6rt bin ev\u201d diyor. Hangisi do\u011fru acaba?<\/p>\n<p style=\"text-align: justify;\">Cumhuriyet tarihi boyunca tapular ve di\u011fer belgeler kilit alt\u0131nda tutuldu\u011fu i\u00e7in, bu \u201cdo\u011fru\u201dya bug\u00fcne kadar eri\u015fmek m\u00fcmk\u00fcn olamam\u0131\u015ft\u0131r.<\/p>\n<p style=\"text-align: justify;\">H\u0131rs\u0131z Vaaaar!<\/p>\n<p style=\"text-align: justify;\">TBMM\u2019de de ilk alt\u0131 d\u00f6nem milletvekilli\u011fi yapm\u0131\u015f olan Maliye Bakan\u0131, ha deyince iki teneke alt\u0131n\u0131 ordunun emrine verecek g\u00fc\u00e7te bir G\u00fcm\u00fc\u015fhane zengini (!) olarak bilinir! Salon, bu bakana y\u00f6nelik s\u00f6z almaya ba\u015flar, sorular y\u00f6neltilir.<\/p>\n<p style=\"text-align: justify;\">Benim anlad\u0131\u011f\u0131m ve bize dalga dalga gelen yolsuzluk haberleri kar\u015f\u0131s\u0131nda bug\u00fcn kendilerinin de gayet kapal\u0131 olarak ifade ettikleri \u015fekilde mevcut terkedilmi\u015f mallar\u0131n bundan b\u00f6yle hi\u00e7 olmazsa, \u015fimdiye kadar olan olmu\u015ftur, bundan sonra H\u00fck\u00fcmetin el koyabildi\u011fi ve koruma alt\u0131na alabildi\u011fi \u015feylerin k\u00f6t\u00fcye kullan\u0131lmamas\u0131 ve bir k\u0131s\u0131m memurlar\u0131 da zengin etmemesi i\u00e7in ne gibi \u00f6nlemler al\u0131nm\u0131\u015ft\u0131r? \u2026<\/p>\n<p style=\"text-align: justify;\">Soru, Afyonkarahisar milletvekili Mehmet \u015e\u00fckr\u00fc\u2019n\u00fcnd\u00fcr.<\/p>\n<p style=\"text-align: justify;\">Salih Efendi (Erzurum) k\u0131sa ve net bir soru y\u00f6neltir;<\/p>\n<p style=\"text-align: justify;\">Efendim, bu kadar paray\u0131 kim \u00e7ald\u0131? D\u00f6rt tane g\u00f6\u00e7men mi? Bu kadar \u015fey ya\u011fma edildi, bunlar\u0131 yapan kimdir?<\/p>\n<p style=\"text-align: justify;\">Bu \u201cyerli\u201d milletin \u201cg\u00f6\u00e7men\u201d muhabbeti o g\u00fcnlerde de pek yayg\u0131nd\u0131r. \u201d Biz\u201d M\u00fcsl\u00fcmanlar asla \u00f6yle \u015fey yapmay\u0131z!!! \u201cBiz\u201d T\u00fcrkler asla \u00f6yle \u015feyler yapmay\u0131z!!! K\u00e2fir H\u0131ristiyan yapar, \u201ckahpe\u201d d\u00fc\u015fman Yunan yapar, d\u0131\u015farl\u0131kl\u0131 (g\u00f6\u00e7men) olan yapar!<\/p>\n<p style=\"text-align: justify;\">Maliye Bakan\u0131\u2019n\u0131n Salih Efendi\u2019ye cevab\u0131 kinayelidir:<\/p>\n<p style=\"text-align: justify;\">Erzurum\u2019dan \u00e7\u0131karken Erzurum\u2019u kim ya\u011fma etti?<\/p>\n<p style=\"text-align: justify;\">Salih Efendi bu kinayenin alt\u0131nda kalmaz. Erzurum milletvekili olarak cevab\u0131 yap\u0131\u015ft\u0131r\u0131r ve h\u00e2l\u00e2 utanmadan s\u00f6ylenen bir yalan\u0131 Bakan\u2019\u0131n y\u00fcz\u00fcne \u00e7arpar:<\/p>\n<p style=\"text-align: justify;\">Efendim, Erzurum\u2019a Ruslar girdi\u011fi g\u00fcn on para ya\u011fma edilmedi. Ordusu muntazam girdi. Kimsenin mal\u0131 ya\u011fma edilmedi. Bu b\u00f6yle olmakla beraber tehcir i\u015flerini de iyi bilirim ki ben\u2026<\/p>\n<p style=\"text-align: justify;\">\u201cNe biliyorsan\u0131z s\u00f6yleyin Allah r\u0131zas\u0131 i\u00e7in Salih Efendi!\u201d diye feryat edesi geliyor insan\u0131n. S\u00f6yleyin de, bug\u00fcn\u00fcn \u201cbiz \u00f6yle \u015feyler yapmay\u0131z\u201d diyen laik\u00e7iler de, \u0130sl\u00e2mc\u0131lar da dinlesin!<\/p>\n<p style=\"text-align: justify;\">Ama \u015fu soru biraz \u201ca\u011f\u0131r\u201d! \u015eanl\u0131 orduya hakaret var sanki:<\/p>\n<p style=\"text-align: justify;\">Efendim, i\u015fitiyoruz ki, \u0130zmir\u2019in ya\u011fmas\u0131na bir \u00e7ok subay, ordu kumandanlar\u0131 kat\u0131lm\u0131\u015ft\u0131r. Bu olmu\u015f mudur? Sonra Birinci Ordu Kumandan\u0131 (Nurettin Pa\u015fa-tu) b\u00fct\u00fcn nakit para ve e\u015fyay\u0131 alm\u0131\u015f, bir \u00e7oklar\u0131n\u0131 da da\u011f\u0131tm\u0131\u015ft\u0131r. Bu do\u011fru mudur? O paralar ne miktardad\u0131r? Sonra bir\u00e7ok mebus arkada\u015flar\u0131m\u0131z mobilyas\u0131yla beraber evlere girmi\u015f ve \u015fimdiye kadar o evleri kullan\u0131yorlar, bu da do\u011fru mudur? Bunlar\u0131 soruyorum.<\/p>\n<p style=\"text-align: justify;\">A\u011f\u0131r soruyu y\u00f6nelten Mardin\u2019den \u0130brahim Bey.<\/p>\n<p style=\"text-align: justify;\">Maliye Bakan\u0131 savunma cephesini geni\u015fletmek zorunda kal\u0131r:<\/p>\n<p style=\"text-align: justify;\">Efendim, \u0130zmir\u2019e girildi\u011fi vakitte \u0130zmir\u2019de hafif \u015feyleri veyahut \u015fu ma\u011fazadan bu ma\u011fazadan yang\u0131n esnas\u0131nda veyahut yang\u0131ndan sonra e\u015fya ya\u011fmas\u0131na kat\u0131lanlar\u0131n, birer birer say\u0131s\u0131n\u0131 tespit etmek gerekirse bunun imk\u00e2n\u0131 yoktur. Yaln\u0131z ya\u011fmaya i\u015ftirak eden her s\u0131n\u0131flar vard\u0131r. Bunu arz ettim. Her t\u00fcrl\u00fc halk vard\u0131r.<\/p>\n<p style=\"text-align: justify;\">\u201cHangi halk?\u201d sesleri duyulur salondan.<\/p>\n<p style=\"text-align: justify;\">Bakan s\u00f6zlerini s\u00fcrd\u00fcr\u00fcr:<\/p>\n<p style=\"text-align: justify;\">Efendim, sordu\u011funuz bir soru, Birinci Ordu Kumandan\u0131 Nurettin Pa\u015fa b\u00fct\u00fcn nakit paraya el koymu\u015f. Bu \u015fundan \u00f6t\u00fcr\u00fc yanl\u0131\u015f olsa gerektir. \u0130leri harek\u00e2t esnas\u0131nda, D\u00fcyunu Umumiye mal sand\u0131klar\u0131nda, d\u00fc\u015fman idaresinde kalan yerlerde, her hangi bir yerde kasabay\u0131 geri al\u0131rken kurulu\u015flar\u0131nda mevcut bulunan paray\u0131 ordusunun ihtiyac\u0131 i\u00e7in alm\u0131\u015f makbuzunu vermi\u015ftir. Bunu almak usule uygun de\u011fildi, \u00e7\u00fcnk\u00fc paraya ihtiyac\u0131 yoktu. Fakat kendi ihtiyac\u0131n\u0131, bunun hesaba kay\u0131t i\u015flemleri yap\u0131lm\u0131\u015ft\u0131r.<\/p>\n<p style=\"text-align: justify;\">Nurettin Pa\u015fa kasalar\u0131 bomba ile a\u00e7t\u0131rm\u0131\u015ft\u0131r ve paralar\u0131 alm\u0131\u015f, ne kadar ald\u0131\u011f\u0131 nereden belli beyefendi? Rica ederim tespit ettirdiniz mi?<\/p>\n<p style=\"text-align: justify;\">El insaf Afyonlu Mehmet \u015e\u00fckr\u00fc Bey ! Kavgada bile s\u00f6ylenmez b\u00f6yle s\u00f6zler, kald\u0131 ki \u201cKurtulu\u015f Sava\u015f\u0131\u201d vermi\u015f Meclis\u2019te s\u00f6ylensin! Hem, m\u00fcstakbel Nutuk\u2019tan kapma bir ba\u015fka Cumhuriyet kl\u00e2si\u011fidir \u201cVurun Sakall\u0131 Nurettin Pa\u015fa\u2019ya!\u201d B\u00fct\u00fcn vurguncular, b\u00fct\u00fcn soyguncular hep bir \u201cg\u00fcnah ke\u00e7isi\u201d aramaz m\u0131. Buldunuz \u201csakall\u0131\u201dy\u0131 vurun!<\/p>\n<p style=\"text-align: justify;\">Bir \u201cke\u00e7i\u201dyle ikna olmayan, Mardin\u2019den \u0130brahim Bey \u0131srarc\u0131d\u0131r:<\/p>\n<p style=\"text-align: justify;\">Sorumun cevab\u0131 tamam olmad\u0131. Milletvekilleri de b\u00f6yle bir \u015fey yapt\u0131 m\u0131? S\u00f6ylensin efendim. A\u00e7\u0131kl\u0131\u011fa kavu\u015fturulsun kimlerdir.<\/p>\n<p style=\"text-align: justify;\">Bakan bey iyice bunalm\u0131\u015f olmal\u0131:<\/p>\n<p style=\"text-align: justify;\">S\u00f6yledim efendim; yang\u0131n esnas\u0131nda mesken s\u0131k\u0131nt\u0131s\u0131 oldu\u011fu i\u00e7in her s\u0131n\u0131f halk birer eve girmi\u015f oturmu\u015f. Bunlar\u0131n e\u015fyas\u0131n\u0131 m\u00fcmk\u00fcn oldu\u011fu kadar saptad\u0131k ve yazd\u0131k. Fakat eve girdi diye, memur olsun, milletvekili olsun subay olsun, g\u00f6\u00e7men olsun, halk olsun mutlaka ondan \u015f\u00fcphelenmemiz, \u00e7ald\u0131 g\u00f6t\u00fcrd\u00fc diye d\u00fc\u015f\u00fcnmek zannederim do\u011fru de\u011fildir.<\/p>\n<p style=\"text-align: justify;\">Subay, milletvekili, memur bir \u201cs\u0131n\u0131f\u201d, yani \u201casker-sivil ayd\u0131n z\u00fcmre\u201d s\u0131n\u0131f\u0131, bir de \u201chalk\u201d s\u0131n\u0131f\u0131 var. \u201cSakall\u0131\u201d g\u00fcnah ke\u00e7isinden ba\u015fka, halk s\u0131n\u0131f\u0131 i\u00e7inde bir de \u201cg\u00f6\u00e7men\u201d g\u00fcnah ke\u00e7ileri var; Kafkasya, Girit, Balkanlar\u2019dan gelen \u201cmuhacir\u201d milleti. Millete anlat\u0131lan \u201casker-sivil ayd\u0131n z\u00fcmre milleti, memleketi kurtard\u0131\u201d hik\u00e2yesinde ger\u00e7ekten bir \u201ckurtulu\u015f\u201d var ama, millet de\u011fil de, birilerinin \u201ccep\u201dleri kurtulmu\u015f, \u201c\u00f6teki\u201dler hep g\u00fcnah ke\u00e7isi.<\/p>\n<p style=\"text-align: justify;\">\u0130zmir: T\u00fct\u00fcn, \u00dcz\u00fcm, \u0130ncir<\/p>\n<p style=\"text-align: justify;\">Kimi milletvekilleri, tam da hasat ertesidir, ambarlardaki tar\u0131m \u00fcr\u00fcnlerinin; \u00f6zellikle t\u00fct\u00fcn, \u00fcz\u00fcm ve incirlerin durumunu merak eder. Bakan o konuda da \u201ctahmini- kesin!\u201d cevaplar verir:<\/p>\n<p style=\"text-align: justify;\">\u2026Tahminimiz d\u00f6rt milyon kilo kaybolmu\u015ftur\u2026 Rejinin kay\u0131tlar\u0131 tamamen yand\u0131\u011f\u0131na g\u00f6re, \u0130zmir Rejisinin tamamen yand\u0131\u011f\u0131na ve defter, kay\u0131tlar ad\u0131na bir \u015fey kalmad\u0131\u011f\u0131na g\u00f6re, orada eskiden beri memuriyet eden adamlar\u0131n verdi\u011fi olas\u0131 bilgilere g\u00f6re kaybedilen t\u00fct\u00fcn, \u00e7ift\u00e7inin bu sene has\u0131lattan elde etti\u011fi t\u00fct\u00fcnle terkedilmi\u015f mallar aras\u0131ndaki t\u00fct\u00fcnlerin fark\u0131 tahmin ediyoruz ki 3-4 milyon kilo kadard\u0131r\u2026<\/p>\n<p style=\"text-align: justify;\">Bitlis milletvekili Yusuf Ziya, \u201ctahmin\u201d de\u011fil, kesin cevap pe\u015findedir:<\/p>\n<p style=\"text-align: justify;\">\u0130zmir\u2019de H\u00fck\u00fcmetin kurulu\u015funa kadar kay\u0131plar ne derecede ve nelere aittir. Ordunun \u0130zmir\u2019e girdi\u011fi g\u00fcnden ka\u00e7 g\u00fcn sonra H\u00fck\u00fcmet (sivil y\u00f6netim) kurulmu\u015f ve kurulu\u015fundan sonra baz\u0131 yolsuzluklar\u0131n oldu\u011funu s\u00f6ylediniz. Bunlar nedir ve nelerdir?<\/p>\n<p style=\"text-align: justify;\">O da \u201ckesin olmayan\u201d bir cevap al\u0131r bakandan:<\/p>\n<p style=\"text-align: justify;\">Efendim, .. Vali i\u015fgalden \u00fc\u00e7 g\u00fcn sonra gitti. B\u00fct\u00fcn g\u00fcvenlik g\u00f6revlerinin kurulmas\u0131 ve olgunla\u015fmas\u0131 i\u00e7in do\u011fal olarak bir d\u00f6nem ve zaman ge\u00e7ti. Tabii bu zamanlarda yitirilen mal\u0131n adedi bence kesin de\u011fildir ki oran\u0131n\u0131 tayin edeyim\u2026 e\u015fyadan ya\u011fma edilen abart\u0131ld\u0131\u011f\u0131 \u015fekil ve esasta de\u011fildir. Kalan mallar b\u00fcy\u00fck bir toplam olu\u015fturur\u2026<\/p>\n<p style=\"text-align: justify;\">Elbette Anadolu\u2019nun ticaret merkeziydi!<\/p>\n<p style=\"text-align: justify;\">Biga milletvekili Haf\u0131z Hamdi b\u00f6yle l\u00e2f atar maliye bakan\u0131na.<\/p>\n<p style=\"text-align: justify;\">Sinirleri \u00e7ok gerilmi\u015f olmal\u0131, bakan \u201citiraf\u201d gibi s\u00f6zler ka\u00e7\u0131r\u0131r a\u011fz\u0131ndan:<\/p>\n<p style=\"text-align: justify;\">\u2013Beyefendi, azdan da az kal\u0131rd\u0131. Hi\u00e7 kalmayan \u015fehirler de vard\u0131r.\u201d Merak ediyor do\u011frusu insan, \u201chi\u00e7 kalmayan\u201d \u015fehirler nereleri; Afyon mu, U\u015fak m\u0131, Ala\u015fehir mi, Kula m\u0131, Kasaba m\u0131, neresi?<\/p>\n<p style=\"text-align: justify;\">Meraka gerek yoktur, cevap bekletmeden gelir: \u201cBildi\u011finiz gibi ordu U\u015fak\u2019tan Ala\u015fehir\u2019e do\u011fru ilerlerken biz, \u00fc\u00e7 tane ganimeti harbiye komisyonu g\u00f6nderdik. Bunlar, \u00fc\u00e7 kol \u00fczerinden ganimeti yazmaya ba\u015flad\u0131lar. Fakat ganimet o kadar \u00e7oktu ki, bu yaln\u0131z tespit ve yazma ile kald\u0131\u2026.Yani i\u015flem ba\u015flam\u0131\u015ft\u0131r, ele ge\u00e7enler kaydediliyor; fakat arada bir harek\u00e2t s\u0131ras\u0131nda hi\u00e7 bir tutanak yap\u0131lmam\u0131\u015f, haber veya bilgi al\u0131nmam\u0131\u015f ganimetler kal\u0131rsa kalabilir.<\/p>\n<p style=\"text-align: justify;\">Ganimet!!!<\/p>\n<p style=\"text-align: justify;\">\u201cGanimet\u201dleri ben koyula\u015ft\u0131rd\u0131m. Ne i\u015fi var \u201cganimet\u201din Kurtulu\u015f Sava\u015f\u0131\u2019nda?<\/p>\n<p style=\"text-align: justify;\">Ganimet: \u201cSava\u015fta d\u00fc\u015fmandan zorla ele ge\u00e7irilen mal,\u201d diyor T\u00fcrk Dil Kurumu. \u201cYa\u011fma sonras\u0131nda elde kalan mal, \u00e7al\u0131nt\u0131\u201d diye de di\u011fer anlam\u0131n\u0131 veriyor. Hangi anlam\u0131ndan tutup silkelemeli \u201cKurtulu\u015f\u201d ganimetini? Her halde d\u00fc\u015fman Yunan ordusu, ele ge\u00e7irilen mal da geride b\u0131rakt\u0131\u011f\u0131 top, t\u00fcfek olmal\u0131.<\/p>\n<p style=\"text-align: justify;\">Yoksa bakana sorular y\u00f6nelten milletvekilleri \u015f\u00fcphelerinde hakl\u0131 m\u0131: \u201cBu kadar paray\u0131 kim \u00e7ald\u0131?\u201d O zaman \u0130zmir\u2019in kurtulu\u015funda ele ge\u00e7en \u201cganimet\u201d i\u00e7in di\u011fer anlam ge\u00e7erli, yani \u201cya\u011fmac\u0131l\u0131k\u201d, \u201cvurgunculuk\u201d, \u201csoygunculuk!\u201d K\u00f6\u015fklerin, yal\u0131lar\u0131n, bankalar\u0131n, ma\u011fazalar\u0131n i\u00e7lerinin bo\u015falt\u0131lmas\u0131, 300 milyon alt\u0131n lira\u2026 Kimden \u00e7al\u0131nm\u0131\u015ft\u0131r ve ger\u00e7ekte ne b\u00fcy\u00fckl\u00fckte bir \u201cya\u011fma\u201dd\u0131r bu?<\/p>\n<p style=\"text-align: justify;\">Rag\u0131p Bey (K\u00fctahya) dayanamaz, s\u00f6z al\u0131r:<\/p>\n<p style=\"text-align: justify;\">Say\u0131n arkada\u015flar\u0131m, \u0130zmir\u2019de geri al\u0131n\u0131\u015f s\u0131ras\u0131nda giren ordunun miktar\u0131, bir ka\u00e7 kat daha fazla olsayd\u0131 ve b\u00fct\u00fcn \u0130zmir halk\u0131 dahi kat\u0131lsayd\u0131, ya\u011fma iki ay devam etseydi, \u0130zmir\u2019deki terkedilmi\u015f mallar t\u00fckenmezdi. Bu terkedilmi\u015f mallar\u0131n miktar\u0131n\u0131 bundan tahmin edebilirsiniz. Yani 100 bin ki\u015filik bir ya\u011fmac\u0131 kafilesi bir ay devam etseydi yine t\u00fcketemezdi\u2026 \u00e7ok b\u00fcy\u00fck bir k\u0131sm\u0131n\u0131 yang\u0131n tahrip etmi\u015f, bitirmi\u015ftir. \u00d6nemli bir k\u0131sm\u0131 kalm\u0131\u015ft\u0131r\u2026. Ancak bundan sonra h\u0131rs\u0131zl\u0131k ba\u015flam\u0131\u015ft\u0131r. Meselenin \u015fekli ba\u015fkad\u0131r\u2026 Terkedilmi\u015f mallardan kalan on bini a\u015fk\u0131n k\u00f6\u015fk\u00fcn i\u00e7erisindeki e\u015fya tespit edilsin ve yaz\u0131ls\u0131n da, d\u00fczenli olarak da\u011f\u0131t\u0131ls\u0131n. Buna kesinlikle olanak yoktur\u2026 . Evi yananlardan Manisa\u2019dan, Ala\u015fehir\u2019den, Salihli\u2019den gelen ve yerle\u015ftirilen g\u00f6\u00e7menlerin toplam\u0131, y\u00fcz haneyi ge\u00e7mez. Kalanlar kim ise siz d\u00fc\u015f\u00fcn\u00fcn\u00fcz\u2026<\/p>\n<p style=\"text-align: justify;\">(\u015eiddetli g\u00fcr\u00fclt\u00fcler ve kimler oldu\u011funu s\u00f6yleyin, a\u00e7\u0131k s\u00f6yleyin sesleri\u2026 G\u00f6rd\u00fcklerinizi s\u00f6yleyin sesleri.)<\/p>\n<p style=\"text-align: justify;\">\u00c7ok a\u00e7\u0131k konu\u015fur Rag\u0131p Bey:<\/p>\n<p style=\"text-align: justify;\">\u0130zmir Valisi (o s\u0131rada \u00fcnl\u00fc \u0130ttihat\u00e7\u0131, \u201ctehcirci\u201d Abd\u00fclhalik Renda-tu), \u0130zmir Defterdar\u0131, M\u00fcfetti\u015f, komisyon azalar\u0131, komisyon k\u00e2tipleri, hepsi, b\u00fct\u00fcn bunlar\u2026<\/p>\n<p style=\"text-align: justify;\">Bir ba\u015fka \u00fcnl\u00fc \u0130ttihat\u00e7\u0131 Tunal\u0131 Hilmi kestirip atar: \u201cAt\u0131 alan \u00dcsk\u00fcdar\u2019\u0131 ge\u00e7ti.\u201d<\/p>\n<p style=\"text-align: justify;\">Rag\u0131p Bey altta kalmaz:<\/p>\n<p style=\"text-align: justify;\">Ge\u00e7memi\u015ftir. H\u00e2l\u00e2 ya\u011fma edilen mallar\u0131n y\u00fczde doksan dokuzu halk\u00e7a bilinir ve \u00f6\u011frenilmesi \u00e7ok kolayd\u0131r. Sizi temin ederim b\u00fct\u00fcn geri al\u0131nan yerler, \u00e7ok etkili, kuvvetli bir heyetin gelip yeti\u015fmesini bekliyor. B\u00f6yle bir heyet vard\u0131\u011f\u0131 g\u00fcn \u00f6zellikle b\u00fct\u00fcn bu terkedilmi\u015f mallar meselesi meydana \u00e7\u0131kacakt\u0131r\u2026 Orada olaylar y\u00fcr\u00fcyor, orada milyonlar g\u00fcnden g\u00fcne gidiyor\u2026<\/p>\n<p style=\"text-align: justify;\">Kimlerin yapt\u0131\u011f\u0131 herkes\u00e7e bilinen bir \u201csoygun\u201d. Soygunculara kimse (!) s\u00f6z ge\u00e7iremiyor! Koca Mustafa Kemal Pa\u015fa da o g\u00fcnlerde hep oralarda. Onun da m\u0131 s\u00f6z\u00fc dinlenmiyor?!<\/p>\n<p style=\"text-align: justify;\">Rag\u0131p Bey\u2019e K\u0131r\u015fehir milletvekili Yahya Galip destek \u00e7\u0131kar:<\/p>\n<p style=\"text-align: justify;\">Efendim, \u0130zmir ve \u00e7evresinde yap\u0131lan uygunsuz i\u015fler tamam\u0131yla biliniyor, bu yap\u0131lm\u0131\u015ft\u0131r. Bendenizin d\u00fc\u015f\u00fcnceme kal\u0131rsa bug\u00fcne kadar k\u00f6t\u00fc i\u015fler yap\u0131lm\u0131\u015ft\u0131r ve bug\u00fcn de devlet mal\u0131 mahvoluyor\u2026<\/p>\n<p style=\"text-align: justify;\">Son c\u00fcmledeki \u201cdevlet mal\u0131\u201dna bir mim koyun.<\/p>\n<p style=\"text-align: justify;\">Maliye Bakan\u0131 iyice \u00e7aresiz kal\u0131r ve yalvar\u0131rcas\u0131na:<\/p>\n<p style=\"text-align: justify;\">\u2026 Ni\u00e7in beni yarg\u0131l\u0131yorsunuz? Maliye Bakan\u0131 oradan bir istikl\u00e2l mahkemesi l\u00e2z\u0131md\u0131r dedi\u2026 Durumlar normal de\u011fildir, i\u015f b\u00fcy\u00fckt\u00fcr, durum zaten sava\u015f\u0131n do\u011fal sonucudur. Sava\u015f\u0131n do\u011fal sonucu olmak \u00fczere bir\u00e7ok ya\u011fmalar yap\u0131lm\u0131\u015ft\u0131r. Yahudi alm\u0131\u015f, Mehmet alm\u0131\u015f, Ahmet alm\u0131\u015f Yahudi\u2019ye satm\u0131\u015f.<\/p>\n<p style=\"text-align: justify;\">\u201cAhmet\u2019i, Mehmet\u2019i s\u00f6z konusu etmeyiniz.\u201d \u0130\u015fte bu \u201c\u00f6zc\u00fc\u201d itiraz feryad\u0131 \u00f6nemli. ! \u00d6zc\u00fc feryad\u0131n sahibi Bolu milletvekili \u015e\u00fckr\u00fc. H\u0131rs\u0131zl\u0131k, yolsuzluk, her t\u00fcr ahl\u00e2ks\u0131zl\u0131k kar\u015f\u0131s\u0131nda \u201ca\u015f\u0131l\u0131\u201d bir milletin vekilinin \u201c\u00f6zc\u00fc\u201d feryad\u0131: \u201cBiz\u201d M\u00fcsl\u00fcmanlar, \u201cbiz\u201d T\u00fcrkler \u201cya\u011fma\u201d yapmay\u0131z! G\u00f6\u00e7menler yapar, bir de Yahudiler. \u201cYahudi\u201d g\u00fcnah ke\u00e7isi olarak bug\u00fcn de pek s\u0131k kullan\u0131lm\u0131yor mu?<\/p>\n<p style=\"text-align: justify;\">Yukar\u0131da \u201cdevlet mal\u0131\u201dna konulan bir mim vard\u0131. \u015eimdi de Yahya Galip Bey\u2019in (K\u0131r\u015fehir) \u015fu s\u00f6zlerindeki \u201cmillet mal\u0131\u201dna bir mim koyal\u0131m:<\/p>\n<p style=\"text-align: justify;\">Terkedilmi\u015f mallar de\u011fil millet mal\u0131d\u0131r. Mademki ihanet etmi\u015f m\u00fclk\u00fc terkedilmi\u015f mal olamaz!<\/p>\n<p style=\"text-align: justify;\">Diye yerinden ba\u011f\u0131r\u0131r oturdu\u011fu yerden. B\u00fct\u00fcn bu mallar \u201cterkedilmi\u015f\u201dtir diyenlerin aras\u0131ndaki bu \u201cmillet mal\u0131\u201d ile \u201cdevlet mal\u0131\u201d kavgas\u0131, bu \u201cderin\u201d d\u00fc\u015f\u00fcnce ayr\u0131l\u0131\u011f\u0131 ne ola ki?!<\/p>\n<p style=\"text-align: justify;\">\u00d6nce d\u00fc\u015f\u00fcnce birli\u011finin alt\u0131 \u00e7izilmeli: B\u00fct\u00fcn \u0130zmir H\u0131ristiyanlar\u0131 \u201chain\u201ddir ve dahi mallar\u0131 \u201chel\u00e2l\u201ddir! Bu nas\u0131l bir anlay\u0131\u015f? Tanzimat ve Me\u015frutiyet sayesinde H\u0131ristiyanlar M\u00fcsl\u00fcmanlar ile e\u015fit hakl\u0131 yurtta\u015flar olmam\u0131\u015f m\u0131yd\u0131? \u00c7ocuk, kad\u0131n, ya\u015fl\u0131, hasta b\u00fct\u00fcn H\u0131ristiyanlar\u0131 \u201chain\u201d il\u00e2n etmek, h\u0131rs\u0131zl\u0131\u011fa bi\u00e7ilen k\u0131l\u0131ft\u0131r, ba\u015fka bir \u015fey de\u011fil. Toplay\u0131p kamplara s\u00fcr\u00fclen 18-45 ya\u015f H\u0131ristiyan erkekleri vard\u0131r ki, bug\u00fcn \u201cvatanseverlik\u201d ticareti yapanlardan \u00e7ok bu \u015fehirde \u201cbirlikte ya\u015fama\u201d m\u00fccadelesi vermi\u015ftir. \u201cHain\u201d siyaset s\u00f6zl\u00fc\u011f\u00fcnden bug\u00fcn de ve \u00f6zellikle \u201cbirlikte ya\u015famak\u201d isteyenlere kar\u015f\u0131 s\u0131k\u00e7a ba\u015fvurulan bir tehdit de\u011fil mi? D\u00fc\u015f\u00fcnde ayr\u0131l\u0131nan noktay\u0131 az ileriye b\u0131rakal\u0131m.<\/p>\n<p style=\"text-align: justify;\">Maliye bakan\u0131 g\u00f6r\u00fc\u015fmeler \u201cgizli\u201d diye a\u00e7\u0131ld\u0131k\u00e7a a\u00e7\u0131lmaktad\u0131r:<\/p>\n<p style=\"text-align: justify;\">\u2026Efendiler bundan \u00f6nce bir tehcir yap\u0131ld\u0131. B\u00fct\u00fcn Anadolu\u2019ya mahsus olmak \u00fczere idare makineleri de yerli yerindeydi. \u2018Tehcir neticesinde mal sand\u0131klar\u0131na gelir kaydedilen miktar ile kaybedilen paran\u0131n miktar\u0131 nedir? 100 kat\u0131 10 000 kat\u0131d\u0131r. Bu normal d\u0131\u015f\u0131 durum kar\u015f\u0131s\u0131nda \u2026 Santimi santimine bunu idare etmek ihtimali yoktur. Efendiler Y\u00fcce Meclis\u2019te dahi bunu yapacak kuvvet bendeniz zannedemem\u2026<\/p>\n<p style=\"text-align: justify;\">Tecr\u00fcbe konu\u015fuyor, \u201ctehcir\u201d tecr\u00fcbesi konu\u015fuyor: \u00c7ald\u0131k diyor, \u201cmillet\u00e7e\u201d payla\u015ft\u0131k diyor, biraz da \u201cdevlet\u201de b\u0131rakt\u0131k diyor.<\/p>\n<p style=\"text-align: justify;\">Toplant\u0131ya yeni kat\u0131lan Saruhan milletvekili Re\u015fat Bey, fark\u0131nda olmadan yang\u0131n\u0131 k\u00f6r\u00fckle girer:<\/p>\n<p style=\"text-align: justify;\">Y\u00fcce Meclis\u2019inize \u015fimdi kat\u0131ld\u0131m. (Safa geldiniz sesleri) Zannediyorum ki, terkedilmi\u015f mallar meselesi konu oluyor. Efendiler, orada dert yaln\u0131z terkedilmi\u015f mallar de\u011fildir. Mademki konu budur \u00f6nce bunu sunay\u0131m. Terkedilmi\u015f mallarda yolsuzluklar geni\u015f miktarda h\u00e2l\u00e2 b\u00fct\u00fcn \u015fiddetiyle s\u00fcrmektedir\u2026 Toprak olarak \u0130zmir\u2019e kadar elde ettik. Fakat \u00fczg\u00fcn\u00fcm hi\u00e7bir \u015feyde hen\u00fcz bir ba\u015far\u0131m\u0131z yoktur. Bu ko\u015fullarda bundan b\u00f6yle (ba\u015far\u0131l\u0131) olmak imk\u00e2n\u0131 yoktur. H\u0131rs\u0131zl\u0131k gizli de\u011fildir, yolsuzluklar meydandad\u0131r. Bunlar a\u00e7\u0131klayamayaca\u011f\u0131m derecede \u00e7oktur\u2026Yolsuzluklar ola\u011fan\u00fcst\u00fcd\u00fcr. Senelerce b\u00fct\u00e7emize konulabilecek y\u00fcksek miktarda paray\u0131 sa\u011flamaya yetecek millet mal\u0131 heder oluyor. Zafer bo\u015funad\u0131r. Yetkili heyetler biran evvel g\u00f6nderilip bunun \u00f6n\u00fc al\u0131nmazsa g\u00fcnah\u0131 do\u011frudan do\u011fruya Y\u00fcce Heyet\u2019inize aittir, diye yaz\u0131l\u0131yd\u0131. Efendim,.. Maliye Bakan\u0131 Beyefendiye orada tahsis edilmi\u015f bir ev vard\u0131. Bu ev K\u00e2z\u0131m Pa\u015fa Hazretlerinin yaverleri \u015eerafettin Bey taraf\u0131ndan zorla i\u015fgal edilmi\u015ftir ve memlekette b\u00fcy\u00fck dedikodu ba\u015flam\u0131\u015ft\u0131r. Halk hayretler i\u00e7inde kalm\u0131\u015ft\u0131r, inanm\u0131yorlar. Bu H\u00fck\u00fcmet nas\u0131l h\u00fck\u00fcmettir, ne idaresizliktir? Ak\u0131llar\u0131 alm\u0131yor. Ba\u015fkumandanl\u0131k emrinde silahl\u0131 k\u0131yafetle bulunan \u00e7eteler hi\u00e7 bir \u015fey dinlemiyorlar\u2026 Bunlar her t\u00fcrl\u00fc s\u0131n\u0131rlamadan kurtulmu\u015f\u2026<\/p>\n<p style=\"text-align: justify;\">Bu kadar\u0131na da pes do\u011frusu! Anl\u0131 \u015fanl\u0131 \u201ckurucu\u201d meclisin tutanaklar\u0131 olmasa inanmak m\u00fcmk\u00fcn de\u011fil. Yersiz bir soru belki, ama soray\u0131m: Kuyru\u011fundan kokmaya ba\u015flayan bal\u0131k var m\u0131d\u0131r?<\/p>\n<p style=\"text-align: justify;\">Ad\u0131 ge\u00e7en K\u00e2z\u0131m (Karabekir) Pa\u015fa s\u00f6z al\u0131r, ki Milli Savunma Bakan\u0131\u2019d\u0131r, herhalde do\u011frusun o s\u00f6yleyecektir:<\/p>\n<p style=\"text-align: justify;\">Efendim, Muhterem arkada\u015f\u0131m\u0131z Re\u015fat Bey beyanat\u0131 aras\u0131nda benim yaverimin de \u0130zmir\u2019de bir ev i\u015fgal etti\u011fini beyan buyurdular. Ben bu meseleden haberdar oldum. O vakit yaverim izinli olarak \u0130zmir\u2019de bulunuyordu. Maliye Bakan\u0131 Beyefendinin \u00f6nceden Kordon\u2019da i\u015fgal ettikleri binaya hakikaten, annesini koymu\u015f ve demi\u015f ki; bu evi ben i\u015fgal edece\u011fim. \u2026 \u2013 ki ben orada iken kesin emirler vermi\u015ftim, b\u00f6yle kendi ba\u015f\u0131na i\u015fgal etmek uygun de\u011fildir demi\u015ftim \u2013 Yani kendisi kimsenin haberi olmaks\u0131z\u0131n oray\u0131 i\u015fgal etmi\u015f, fakat yine H\u00fck\u00fcmet ve oran\u0131n kumandan\u0131 benden ald\u0131\u011f\u0131 emir \u00fczerine benim yaverimi i\u00e7eriye sokmam\u0131\u015ft\u0131r\u2026 G\u00f6ztepe\u2019deki, konu ettikleri. Ba\u015fkumandanl\u0131k kararg\u00e2h\u0131 i\u00e7in de ben daha orada iken birtak\u0131m emirler vermi\u015ftim. Bunun \u00fczerine Ba\u015fkumandanl\u0131k yaveri Salih Bey oraya gitmi\u015f ve Ba\u015fkumandanl\u0131\u011f\u0131n i\u015fgal edece\u011fi mahalleri s\u0131n\u0131rland\u0131rm\u0131\u015ft\u0131r\u2026 \u0130zmir\u2019de b\u00fct\u00fcn evler i\u015fgal edilirken, \u0130zmir\u2019deki b\u00fct\u00fcn oteller yand\u0131\u011f\u0131 i\u00e7in vali bir ev ay\u0131rm\u0131\u015f \u00abMisafirhane\u00bb! olsun diye. Bir aral\u0131k Bar\u0131\u015f Konferans\u0131n\u0131n \u0130zmir\u2019de toplanmas\u0131 s\u00f6ylentisi vard\u0131 ki, biz de arzu ediyorduk. Onun i\u00e7in en y\u00fcksek evlerden bir tanesini e\u015fyas\u0131n\u0131 mobilyas\u0131n\u0131 tespit ettirerek ay\u0131rd\u0131 ve koruma alt\u0131na ald\u0131, misafirhane halinde. Maliye Bakanl\u0131\u011f\u0131\u2019na tahsis edilmi\u015f ev yoktur. Bendeniz bir iki g\u00fcn otelde kald\u0131m, sonra o eve ge\u00e7tim\u2026<\/p>\n<p style=\"text-align: justify;\">Say\u0131n bakan yukar\u0131da \u201ciki g\u00fcn otelde kald\u0131m\u201d diyor. \u0130ki c\u00fcmle \u00f6ncesinde de \u201c\u0130zmir\u2019deki b\u00fct\u00fcn oteller yand\u0131\u011f\u0131 i\u00e7in\u201d misafirhaneye ge\u00e7ti\u011fini s\u00f6yl\u00fcyor!<\/p>\n<p style=\"text-align: justify;\">Salondaki \u00e7o\u011funluk, bakanlar\u0131n bile dillerinin ve ayaklar\u0131n\u0131n dolanmas\u0131na yol a\u00e7an bu \u201cnazik\u201d konunun bu kadar uzun g\u00f6r\u00fc\u015f\u00fclmesinden rahats\u0131z olur, hemen yeterlik \u00f6nergesi verilir. Meclis ba\u015fkan\u0131 \u00f6nergeyi oylar:<\/p>\n<p style=\"text-align: justify;\">\u201cGizli oturumun yeterlili\u011fini kabul edip a\u00e7\u0131k oturuma ge\u00e7ilmesini kabul edenler l\u00fctfen el kald\u0131rs\u0131nlar\u2026 \u00c7o\u011funlukla kabul edilmi\u015ftir. Efendim a\u00e7\u0131k oturuma ge\u00e7iyoruz.\u201d<\/p>\n<p style=\"text-align: justify;\">7 Aral\u0131k 1922 g\u00fcn\u00fc yap\u0131lan a\u00e7\u0131k toplant\u0131ya \u201cgizli oturum\u201dda d\u00fc\u015f\u00fclen \u201conur k\u0131r\u0131c\u0131\u201d durumdan \u00e7\u0131kabilmek i\u00e7in bir \u00f6nerge sunulur. Saruhan milletvekili Avni, Mustafa Necati ve Canik Mebusu Nafiz beylerin imzas\u0131yla verilen \u00f6nergede; \u201cKurtar\u0131lm\u0131\u015f memleketlerdeki terkedilmi\u015f mal i\u015flerine ad\u0131 kar\u0131\u015fan milletvekillerinin onurlar\u0131n\u0131n korunmas\u0131 i\u00e7in ya iddian\u0131n ispat edilmesi veya haklar\u0131nda soru\u015fturma yap\u0131lmas\u0131\u201d istenmektedirler.<\/p>\n<p style=\"text-align: justify;\">\u0130zmir\u2019den kendine gelen mektubu okuyan Rag\u0131p Bey i\u015fin ucunun ona dokunaca\u011f\u0131n\u0131 sezer ve s\u00f6z al\u0131r:<\/p>\n<p style=\"text-align: justify;\">Sayg\u0131de\u011fer arkada\u015flar\u0131m; geri al\u0131nan memleketlere ait g\u00f6r\u00fc\u015fmeler s\u0131ras\u0131nda \u00f6zellikle \u0130zmir\u2019e gidip gelen milletvekillerinin yolsuzlu\u011fundan s\u00f6z edildi ve buna ili\u015fkin \u00f6nergeler de verildi\u2026 Efendiler; bendeniz \u0130zmir\u2019e gittim, geldim. \u0130zmir\u2019de on be\u015f g\u00fcn kald\u0131m. \u0130zmir\u2019e ni\u00e7in gitti\u011fimi, nerelerde bulundu\u011fumu, ne i\u015fle me\u015fgul bulundu\u011fumu ve hangi ki\u015filer ile ili\u015fkide bulundu\u011fumu i\u00e7eren bir yaz\u0131y\u0131, bir seyahat d\u00f6k\u00fcm\u00fcn\u00fc ayr\u0131nt\u0131l\u0131 olarak \u0130stikl\u00e2l mahkemesine verece\u011fim. Anayasa\u2019n\u0131n Meclis\u00e7e y\u00fcr\u00fcrl\u00fckte ve ge\u00e7erli olan 48 ve 70 ncu maddelerinin hakk\u0131mda verdi\u011fi dokunulmazl\u0131\u011f\u0131 y\u00fcce huzurunuzda geri veriyorum\u2026<\/p>\n<p style=\"text-align: justify;\">Rag\u0131p bey ku\u015fkusunda haks\u0131z de\u011fildir. Meclis ba\u015fkan\u0131 noktay\u0131 koyar:<\/p>\n<p style=\"text-align: justify;\">Milletvekillerinin lekeli oldu\u011fu ortaya s\u00fcr\u00fclm\u00fc\u015ft\u00fcr. Fakat herkes kendini aklamak i\u00e7in u\u011fra\u015f\u0131yor. Bundan \u00f6t\u00fcr\u00fc ya bu s\u00f6z\u00fc s\u00f6yleyen arkada\u015f\u0131m\u0131z, mesele \u015fudur diye s\u00f6z\u00fcn\u00fc s\u00f6yleyip bitirmeli veyahut kendisi hakk\u0131nda Y\u00fcce Heyet bir karar verir\u2026 bu konu hakk\u0131nda, bu s\u00f6z\u00fc s\u00f6yleyen arkada\u015f\u0131m\u0131z\u0131n s\u00f6ylediklerini a\u00e7\u0131kl\u0131\u011fa kavu\u015fturmas\u0131 i\u00e7in g\u00f6r\u00fc\u015fme a\u00e7\u0131lmas\u0131n\u0131 kabul edenler l\u00fctfen ellerini kald\u0131rs\u0131n. Kabul edildi efendim\u2026 Bunun esasen bir k\u0131sm\u0131 g\u00f6r\u00fc\u015f\u00fclm\u00fc\u015ft\u00fcr. Arkada\u015flar da zaten Cumartesi g\u00f6r\u00fc\u015f\u00fclmesini \u00f6neriyorlar. Cumartesi g\u00fcn\u00fc g\u00f6r\u00fc\u015f\u00fclmesini kabul buyuranlar l\u00fctfen el kald\u0131rs\u0131n. Kabul edilmi\u015ftir. Cumartesi g\u00fcn\u00fc g\u00f6r\u00fc\u015f\u00fclecektir\u2026<\/p>\n<p style=\"text-align: justify;\">Huzuru Mah\u015fere Mi Kald\u0131 Bu Hesap?<\/p>\n<p style=\"text-align: justify;\">\u201cCumhuriyet\u201d kurulmu\u015ftur. Ak\u015fam gazetesi \u201c\u0130zmir\u2019de Neler B\u0131rakt\u0131lar\u201d ba\u015fl\u0131kl\u0131, birinci sayfadan verdi\u011fi uzun haber i\u00e7inde \u201cyanmam\u0131\u015f\u201d yap\u0131larla ilgili \u015fu bilgiyi aktar\u0131r:<\/p>\n<p style=\"text-align: justify;\">\u201cTerkedilmi\u015f mallar olarak 12278 hane, 2831 ma\u011faza, 89 fabrikad\u0131r.\u201d Ayr\u0131ca \u201cinsan de\u011fi\u015f toku\u015fu\u201dna (m\u00fcbadele) dahil edilecek \u0130zmirlilerin terkedilmi\u015f mallar\u0131 \u015fu miktard\u0131r: \u201c19687 hane, 2173 d\u00fckk\u00e2n ve ma\u011faza, 79 fabrika, 2 hamam, 1 hastahane.\u201d Son olarak Ermeni ve Musevilerin \u201cb\u0131rakt\u0131klar\u201d(!) mallar say\u0131l\u0131r: \u201c1600 hane, 648 d\u00fckk\u00e2n, 10 fabrika.\u201d. Ecnebilerin (yabanc\u0131lar\u0131n) terk (!) ettikleri mallar\u0131n tespiti ise hen\u00fcz bitirilememi\u015ftir!\u201d(5)<\/p>\n<p style=\"text-align: justify;\">B\u00fcy\u00fck Millet Meclis\u2019nin \u201cCumartesi g\u00f6r\u00fc\u015f\u00fclecektir\u201d dedi\u011fi g\u00f6r\u00fc\u015fme g\u00fcn\u00fc doksan y\u0131ld\u0131r hi\u00e7 gelmemi\u015ftir. Ve y\u00fcz y\u0131ld\u0131r bu topraklarda \u201charam mal\u201d payla\u015f\u0131m\u0131 kavgas\u0131 s\u00fcrer gider. \u201cKurtulu\u015f\u201dun ve \u201cKurulu\u015f\u201dun ya\u011fmac\u0131 ve soyguncular\u0131n\u0131n yakas\u0131na yap\u0131\u015f\u0131lamaz ve bu Cumhuriyet tarihi boyunca \u201cyol\u201d olur: \u00c7alan kurtulur!<\/p>\n<p style=\"text-align: justify;\">Gelelim d\u00fc\u015f\u00fcnce ayr\u0131l\u0131\u011f\u0131 noktas\u0131na: En \u201cvicdanl\u0131 \u0130ttihat\u00e7\u0131\u201d ya\u011fma yap\u0131ls\u0131n ama \u201cganimet\u201d ki\u015filerin de\u011fil \u201cdevlet\u201din olsun der. Bunlara \u201cdevrimci-devlet\u00e7i\u201d diyelim. \u0130ttihat\u00e7\u0131lar\u0131n arta kalan\u0131, \u201cya\u011fma\u201d yap\u0131ls\u0131n ve \u201cganimet\u201d benim olsun, der. Bunlara da kimileri \u201cserbestiyet\u00e7i\u201d diyelim. Ama sonu\u00e7ta ikisi de \u00c7anakkale, Sar\u0131kam\u0131\u015f, \u0130stikl\u00e2l Harbi hamaseti \u00fczerinden yedikleri \u201charam\u201d\u0131 \u201czafer\u201d ile ta\u00e7land\u0131ran \u0130ttihat\u00e7\u0131lard\u0131r.<\/p>\n<p style=\"text-align: justify;\">Son s\u00f6z: Demek ki \u201cZulm\u00fcn \u00fcst\u00fc zaferle \u00f6rt\u00fcld\u00fc\u011f\u00fc\u201d zaman yaln\u0131zca zalim kahraman olmuyor, h\u0131rs\u0131z da \u201caklan\u0131yor.\u201d<\/p>\n<p style=\"text-align: justify;\"><strong>Kaynak:<\/strong><\/p>\n<p style=\"text-align: justify;\">Bkz. \u201c\u0130zmir Hat\u0131rl\u0131yor! Resmi ezberleri tersinden okuyor!\u201d<\/p>\n<p style=\"text-align: justify;\">14.09.2014,\u00a0 https:\/\/yuzlesmeatolyesi.wordpress.com\/<\/p>\n<p style=\"text-align: justify;\">TBMM Gizli Oturum Tutanaklar\u0131 11.9.1922; 29 Kas\u0131m 1922;\u00a0 25 Kas\u0131m 1922; 7 Aral\u0131k 1922<\/p>\n<p style=\"text-align: justify;\">\u00a0ve ayr\u0131ca; Nevzat Onaran \u201cCumhuriyet\u2019te Ermeni ve Rum Mallar\u0131n\u0131n T\u00fcrkle\u015ftirilmesi (1920-1930), Evrensel Bas\u0131m Yay\u0131n, 2013) adl\u0131 kitab\u0131nda (sayfa 106-123) geni\u015f bir \u00f6zet ile; Taner Ak\u00e7am ve \u00dcmit Kurt \u201cKanunlar\u0131n Ruhu, Emval-i Metruke Kanunlar\u0131nda Soyk\u0131r\u0131m\u0131n \u0130zni S\u00fcrmek \u0130leti\u015fim Yay\u0131nlar\u0131, 2012, \u201d adl\u0131 kitaplar\u0131nda (sayfa 92-97) bu g\u00f6r\u00fc\u015fme ve devam\u0131nda yap\u0131lan g\u00f6r\u00fc\u015fmelere geni\u015f\u00e7e de\u011finirler.<\/p>\n<p style=\"text-align: justify;\">http:\/\/www.aku.edu.tr\/web\/\u015eu \u00c7\u0131lg\u0131n T\u00fcrkler<\/p>\n<p style=\"text-align: justify;\">30 Mart 1923, Ahenk gazetesi<\/p>\n<p style=\"text-align: justify;\">21 Haziran 1924, Ak\u015fam gazetesi<\/p>\n<p style=\"text-align: justify;\"><strong><em>Kaynak: Y\u00fczle\u015fme At\u00f6lyesi<\/em><\/strong><\/p>\n<p style=\"text-align: justify;\"><a href=\"http:\/\/ermenistan.de\/talat-ulusoy-yazi-buyuk-izmir-soygunu\/\"><strong><em>http:\/\/ermenistan.de\/talat-ulusoy-yazi-buyuk-izmir-soygunu\/<\/em><\/strong><\/a><\/p>\n<p style=\"text-align: justify;\"><a href=\"https:\/\/yuzlesmeatolyesi.wordpress.com\/2015\/08\/30\/buyuk-izmir-soygunu\/\"><strong><em>https:\/\/yuzlesmeatolyesi.wordpress.com\/2015\/08\/30\/buyuk-izmir-soygunu\/<\/em><\/strong><\/a><\/p>\n","protected":false},"excerpt":{"rendered":"<p>Tal\u00e2t Ulusoy 9 Eyl\u00fcl 1922. \u201cYunan denize d\u00f6k\u00fcl\u00fcr\u201d, \u0130zmir \u201ckurtulur\u201d.. Denize d\u00f6k\u00fclen Yunan de\u011fil, ku\u015faklar boyu burada ya\u015fam\u0131\u015f \u0130zmirli H\u0131ristiyanlard\u0131r. \u201cKurtulu\u015f\u201dun \u00fcst\u00fcnden d\u00f6rt g\u00fcn ge\u00e7er, \u0130zmir yanmaya ba\u015flar. 18 Eyl\u00fcl\u2019e varas\u0131ya g\u00fcnler boyu yanar g\u00fczelim \u015fehir. Bu \u201cB\u00fcy\u00fck Yang\u0131n\u201d B\u00fcy\u00fck Millet Meclisi\u2019nde g\u00f6r\u00fc\u015f\u00fclmez (1), ama 9 Eyl\u00fcl g\u00fcn\u00fc \u201ckurtulu\u015f\u201d ile ba\u015flayan \u201cB\u00fcy\u00fck \u0130zmir Soygunu\u201d pek [&hellip;]<\/p>\n","protected":false},"author":7,"featured_media":40225,"comment_status":"open","ping_status":"open","sticky":false,"template":"","format":"standard","meta":{"footnotes":""},"categories":[70,20,53],"tags":[],"class_list":["post-40224","post","type-post","status-publish","format-standard","has-post-thumbnail","hentry","category-makaleler","category-tarih-sayfalari","category-turkiyede-azinliklar"],"yoast_head":"<!-- This site is optimized with the Yoast SEO plugin v27.4 - https:\/\/yoast.com\/product\/yoast-seo-wordpress\/ -->\n<title>B\u00fcy\u00fck \u0130zmir Soygunu - Bati Ermenistan Ve Bati Ermenileri Sorunlari Ara\u015ftirmalar Merkezi<\/title>\n<meta name=\"robots\" content=\"index, follow, max-snippet:-1, max-image-preview:large, max-video-preview:-1\" \/>\n<link rel=\"canonical\" href=\"https:\/\/akunq.net\/tr\/?p=40224\" \/>\n<meta property=\"og:locale\" content=\"en_US\" \/>\n<meta property=\"og:type\" content=\"article\" \/>\n<meta property=\"og:title\" content=\"B\u00fcy\u00fck \u0130zmir Soygunu - Bati Ermenistan Ve Bati Ermenileri Sorunlari Ara\u015ftirmalar Merkezi\" \/>\n<meta property=\"og:description\" content=\"Tal\u00e2t Ulusoy 9 Eyl\u00fcl 1922. \u201cYunan denize d\u00f6k\u00fcl\u00fcr\u201d, \u0130zmir \u201ckurtulur\u201d.. Denize d\u00f6k\u00fclen Yunan de\u011fil, ku\u015faklar boyu burada ya\u015fam\u0131\u015f \u0130zmirli H\u0131ristiyanlard\u0131r. \u201cKurtulu\u015f\u201dun \u00fcst\u00fcnden d\u00f6rt g\u00fcn ge\u00e7er, \u0130zmir yanmaya ba\u015flar. 18 Eyl\u00fcl\u2019e varas\u0131ya g\u00fcnler boyu yanar g\u00fczelim \u015fehir. Bu \u201cB\u00fcy\u00fck Yang\u0131n\u201d B\u00fcy\u00fck Millet Meclisi\u2019nde g\u00f6r\u00fc\u015f\u00fclmez (1), ama 9 Eyl\u00fcl g\u00fcn\u00fc \u201ckurtulu\u015f\u201d ile ba\u015flayan \u201cB\u00fcy\u00fck \u0130zmir Soygunu\u201d pek [&hellip;]\" \/>\n<meta property=\"og:url\" content=\"https:\/\/akunq.net\/tr\/?p=40224\" \/>\n<meta property=\"og:site_name\" content=\"Bati Ermenistan Ve Bati Ermenileri Sorunlari Ara\u015ftirmalar Merkezi\" \/>\n<meta property=\"article:published_time\" content=\"2016-05-24T08:51:17+00:00\" \/>\n<meta property=\"og:image\" content=\"https:\/\/akunq.net\/tr\/wp-content\/uploads\/sites\/6\/2016\/05\/Great_Fire_of_Smyrna.jpg\" \/>\n\t<meta property=\"og:image:width\" content=\"400\" \/>\n\t<meta property=\"og:image:height\" content=\"257\" \/>\n\t<meta property=\"og:image:type\" content=\"image\/jpeg\" \/>\n<meta name=\"author\" content=\"admin\" \/>\n<meta name=\"twitter:card\" content=\"summary_large_image\" \/>\n<meta name=\"twitter:label1\" content=\"Written by\" \/>\n\t<meta name=\"twitter:data1\" content=\"admin\" \/>\n\t<meta name=\"twitter:label2\" content=\"Est. reading time\" \/>\n\t<meta name=\"twitter:data2\" content=\"34 minutes\" \/>\n<script type=\"application\/ld+json\" class=\"yoast-schema-graph\">{\"@context\":\"https:\\\/\\\/schema.org\",\"@graph\":[{\"@type\":\"Article\",\"@id\":\"https:\\\/\\\/akunq.net\\\/tr\\\/?p=40224#article\",\"isPartOf\":{\"@id\":\"https:\\\/\\\/akunq.net\\\/tr\\\/?p=40224\"},\"author\":{\"name\":\"admin\",\"@id\":\"https:\\\/\\\/akunq.net\\\/tr\\\/#\\\/schema\\\/person\\\/096f1d38a12cce57fb855b485ed24c9e\"},\"headline\":\"B\u00fcy\u00fck \u0130zmir Soygunu\",\"datePublished\":\"2016-05-24T08:51:17+00:00\",\"mainEntityOfPage\":{\"@id\":\"https:\\\/\\\/akunq.net\\\/tr\\\/?p=40224\"},\"wordCount\":6752,\"commentCount\":0,\"image\":{\"@id\":\"https:\\\/\\\/akunq.net\\\/tr\\\/?p=40224#primaryimage\"},\"thumbnailUrl\":\"https:\\\/\\\/akunq.net\\\/tr\\\/wp-content\\\/uploads\\\/sites\\\/6\\\/2016\\\/05\\\/Great_Fire_of_Smyrna.jpg\",\"articleSection\":[\"Makaleler\",\"Tarih Sayfalar\u0131\",\"T\u00fcrkiye\u2019de Az\u0131nl\u0131klar\"],\"inLanguage\":\"en-US\",\"potentialAction\":[{\"@type\":\"CommentAction\",\"name\":\"Comment\",\"target\":[\"https:\\\/\\\/akunq.net\\\/tr\\\/?p=40224#respond\"]}]},{\"@type\":\"WebPage\",\"@id\":\"https:\\\/\\\/akunq.net\\\/tr\\\/?p=40224\",\"url\":\"https:\\\/\\\/akunq.net\\\/tr\\\/?p=40224\",\"name\":\"B\u00fcy\u00fck \u0130zmir Soygunu - Bati Ermenistan Ve Bati Ermenileri Sorunlari Ara\u015ftirmalar Merkezi\",\"isPartOf\":{\"@id\":\"https:\\\/\\\/akunq.net\\\/tr\\\/#website\"},\"primaryImageOfPage\":{\"@id\":\"https:\\\/\\\/akunq.net\\\/tr\\\/?p=40224#primaryimage\"},\"image\":{\"@id\":\"https:\\\/\\\/akunq.net\\\/tr\\\/?p=40224#primaryimage\"},\"thumbnailUrl\":\"https:\\\/\\\/akunq.net\\\/tr\\\/wp-content\\\/uploads\\\/sites\\\/6\\\/2016\\\/05\\\/Great_Fire_of_Smyrna.jpg\",\"datePublished\":\"2016-05-24T08:51:17+00:00\",\"author\":{\"@id\":\"https:\\\/\\\/akunq.net\\\/tr\\\/#\\\/schema\\\/person\\\/096f1d38a12cce57fb855b485ed24c9e\"},\"breadcrumb\":{\"@id\":\"https:\\\/\\\/akunq.net\\\/tr\\\/?p=40224#breadcrumb\"},\"inLanguage\":\"en-US\",\"potentialAction\":[{\"@type\":\"ReadAction\",\"target\":[\"https:\\\/\\\/akunq.net\\\/tr\\\/?p=40224\"]}]},{\"@type\":\"ImageObject\",\"inLanguage\":\"en-US\",\"@id\":\"https:\\\/\\\/akunq.net\\\/tr\\\/?p=40224#primaryimage\",\"url\":\"https:\\\/\\\/akunq.net\\\/tr\\\/wp-content\\\/uploads\\\/sites\\\/6\\\/2016\\\/05\\\/Great_Fire_of_Smyrna.jpg\",\"contentUrl\":\"https:\\\/\\\/akunq.net\\\/tr\\\/wp-content\\\/uploads\\\/sites\\\/6\\\/2016\\\/05\\\/Great_Fire_of_Smyrna.jpg\",\"width\":400,\"height\":257},{\"@type\":\"BreadcrumbList\",\"@id\":\"https:\\\/\\\/akunq.net\\\/tr\\\/?p=40224#breadcrumb\",\"itemListElement\":[{\"@type\":\"ListItem\",\"position\":1,\"name\":\"Home\",\"item\":\"https:\\\/\\\/akunq.net\\\/tr\"},{\"@type\":\"ListItem\",\"position\":2,\"name\":\"B\u00fcy\u00fck \u0130zmir Soygunu\"}]},{\"@type\":\"WebSite\",\"@id\":\"https:\\\/\\\/akunq.net\\\/tr\\\/#website\",\"url\":\"https:\\\/\\\/akunq.net\\\/tr\\\/\",\"name\":\"Bati Ermenistan Ve Bati Ermenileri Sorunlari Ara\u015ftirmalar Merkezi\",\"description\":\"\",\"potentialAction\":[{\"@type\":\"SearchAction\",\"target\":{\"@type\":\"EntryPoint\",\"urlTemplate\":\"https:\\\/\\\/akunq.net\\\/tr\\\/?s={search_term_string}\"},\"query-input\":{\"@type\":\"PropertyValueSpecification\",\"valueRequired\":true,\"valueName\":\"search_term_string\"}}],\"inLanguage\":\"en-US\"},{\"@type\":\"Person\",\"@id\":\"https:\\\/\\\/akunq.net\\\/tr\\\/#\\\/schema\\\/person\\\/096f1d38a12cce57fb855b485ed24c9e\",\"name\":\"admin\",\"url\":\"https:\\\/\\\/akunq.net\\\/tr\\\/?author=7\"}]}<\/script>\n<!-- \/ Yoast SEO plugin. -->","yoast_head_json":{"title":"B\u00fcy\u00fck \u0130zmir Soygunu - Bati Ermenistan Ve Bati Ermenileri Sorunlari Ara\u015ftirmalar Merkezi","robots":{"index":"index","follow":"follow","max-snippet":"max-snippet:-1","max-image-preview":"max-image-preview:large","max-video-preview":"max-video-preview:-1"},"canonical":"https:\/\/akunq.net\/tr\/?p=40224","og_locale":"en_US","og_type":"article","og_title":"B\u00fcy\u00fck \u0130zmir Soygunu - Bati Ermenistan Ve Bati Ermenileri Sorunlari Ara\u015ftirmalar Merkezi","og_description":"Tal\u00e2t Ulusoy 9 Eyl\u00fcl 1922. \u201cYunan denize d\u00f6k\u00fcl\u00fcr\u201d, \u0130zmir \u201ckurtulur\u201d.. Denize d\u00f6k\u00fclen Yunan de\u011fil, ku\u015faklar boyu burada ya\u015fam\u0131\u015f \u0130zmirli H\u0131ristiyanlard\u0131r. \u201cKurtulu\u015f\u201dun \u00fcst\u00fcnden d\u00f6rt g\u00fcn ge\u00e7er, \u0130zmir yanmaya ba\u015flar. 18 Eyl\u00fcl\u2019e varas\u0131ya g\u00fcnler boyu yanar g\u00fczelim \u015fehir. Bu \u201cB\u00fcy\u00fck Yang\u0131n\u201d B\u00fcy\u00fck Millet Meclisi\u2019nde g\u00f6r\u00fc\u015f\u00fclmez (1), ama 9 Eyl\u00fcl g\u00fcn\u00fc \u201ckurtulu\u015f\u201d ile ba\u015flayan \u201cB\u00fcy\u00fck \u0130zmir Soygunu\u201d pek [&hellip;]","og_url":"https:\/\/akunq.net\/tr\/?p=40224","og_site_name":"Bati Ermenistan Ve Bati Ermenileri Sorunlari Ara\u015ftirmalar Merkezi","article_published_time":"2016-05-24T08:51:17+00:00","og_image":[{"width":400,"height":257,"url":"https:\/\/akunq.net\/tr\/wp-content\/uploads\/sites\/6\/2016\/05\/Great_Fire_of_Smyrna.jpg","type":"image\/jpeg"}],"author":"admin","twitter_card":"summary_large_image","twitter_misc":{"Written by":"admin","Est. reading time":"34 minutes"},"schema":{"@context":"https:\/\/schema.org","@graph":[{"@type":"Article","@id":"https:\/\/akunq.net\/tr\/?p=40224#article","isPartOf":{"@id":"https:\/\/akunq.net\/tr\/?p=40224"},"author":{"name":"admin","@id":"https:\/\/akunq.net\/tr\/#\/schema\/person\/096f1d38a12cce57fb855b485ed24c9e"},"headline":"B\u00fcy\u00fck \u0130zmir Soygunu","datePublished":"2016-05-24T08:51:17+00:00","mainEntityOfPage":{"@id":"https:\/\/akunq.net\/tr\/?p=40224"},"wordCount":6752,"commentCount":0,"image":{"@id":"https:\/\/akunq.net\/tr\/?p=40224#primaryimage"},"thumbnailUrl":"https:\/\/akunq.net\/tr\/wp-content\/uploads\/sites\/6\/2016\/05\/Great_Fire_of_Smyrna.jpg","articleSection":["Makaleler","Tarih Sayfalar\u0131","T\u00fcrkiye\u2019de Az\u0131nl\u0131klar"],"inLanguage":"en-US","potentialAction":[{"@type":"CommentAction","name":"Comment","target":["https:\/\/akunq.net\/tr\/?p=40224#respond"]}]},{"@type":"WebPage","@id":"https:\/\/akunq.net\/tr\/?p=40224","url":"https:\/\/akunq.net\/tr\/?p=40224","name":"B\u00fcy\u00fck \u0130zmir Soygunu - Bati Ermenistan Ve Bati Ermenileri Sorunlari Ara\u015ftirmalar Merkezi","isPartOf":{"@id":"https:\/\/akunq.net\/tr\/#website"},"primaryImageOfPage":{"@id":"https:\/\/akunq.net\/tr\/?p=40224#primaryimage"},"image":{"@id":"https:\/\/akunq.net\/tr\/?p=40224#primaryimage"},"thumbnailUrl":"https:\/\/akunq.net\/tr\/wp-content\/uploads\/sites\/6\/2016\/05\/Great_Fire_of_Smyrna.jpg","datePublished":"2016-05-24T08:51:17+00:00","author":{"@id":"https:\/\/akunq.net\/tr\/#\/schema\/person\/096f1d38a12cce57fb855b485ed24c9e"},"breadcrumb":{"@id":"https:\/\/akunq.net\/tr\/?p=40224#breadcrumb"},"inLanguage":"en-US","potentialAction":[{"@type":"ReadAction","target":["https:\/\/akunq.net\/tr\/?p=40224"]}]},{"@type":"ImageObject","inLanguage":"en-US","@id":"https:\/\/akunq.net\/tr\/?p=40224#primaryimage","url":"https:\/\/akunq.net\/tr\/wp-content\/uploads\/sites\/6\/2016\/05\/Great_Fire_of_Smyrna.jpg","contentUrl":"https:\/\/akunq.net\/tr\/wp-content\/uploads\/sites\/6\/2016\/05\/Great_Fire_of_Smyrna.jpg","width":400,"height":257},{"@type":"BreadcrumbList","@id":"https:\/\/akunq.net\/tr\/?p=40224#breadcrumb","itemListElement":[{"@type":"ListItem","position":1,"name":"Home","item":"https:\/\/akunq.net\/tr"},{"@type":"ListItem","position":2,"name":"B\u00fcy\u00fck \u0130zmir Soygunu"}]},{"@type":"WebSite","@id":"https:\/\/akunq.net\/tr\/#website","url":"https:\/\/akunq.net\/tr\/","name":"Bati Ermenistan Ve Bati Ermenileri Sorunlari Ara\u015ftirmalar Merkezi","description":"","potentialAction":[{"@type":"SearchAction","target":{"@type":"EntryPoint","urlTemplate":"https:\/\/akunq.net\/tr\/?s={search_term_string}"},"query-input":{"@type":"PropertyValueSpecification","valueRequired":true,"valueName":"search_term_string"}}],"inLanguage":"en-US"},{"@type":"Person","@id":"https:\/\/akunq.net\/tr\/#\/schema\/person\/096f1d38a12cce57fb855b485ed24c9e","name":"admin","url":"https:\/\/akunq.net\/tr\/?author=7"}]}},"_links":{"self":[{"href":"https:\/\/akunq.net\/tr\/index.php?rest_route=\/wp\/v2\/posts\/40224","targetHints":{"allow":["GET"]}}],"collection":[{"href":"https:\/\/akunq.net\/tr\/index.php?rest_route=\/wp\/v2\/posts"}],"about":[{"href":"https:\/\/akunq.net\/tr\/index.php?rest_route=\/wp\/v2\/types\/post"}],"author":[{"embeddable":true,"href":"https:\/\/akunq.net\/tr\/index.php?rest_route=\/wp\/v2\/users\/7"}],"replies":[{"embeddable":true,"href":"https:\/\/akunq.net\/tr\/index.php?rest_route=%2Fwp%2Fv2%2Fcomments&post=40224"}],"version-history":[{"count":1,"href":"https:\/\/akunq.net\/tr\/index.php?rest_route=\/wp\/v2\/posts\/40224\/revisions"}],"predecessor-version":[{"id":40226,"href":"https:\/\/akunq.net\/tr\/index.php?rest_route=\/wp\/v2\/posts\/40224\/revisions\/40226"}],"wp:featuredmedia":[{"embeddable":true,"href":"https:\/\/akunq.net\/tr\/index.php?rest_route=\/wp\/v2\/media\/40225"}],"wp:attachment":[{"href":"https:\/\/akunq.net\/tr\/index.php?rest_route=%2Fwp%2Fv2%2Fmedia&parent=40224"}],"wp:term":[{"taxonomy":"category","embeddable":true,"href":"https:\/\/akunq.net\/tr\/index.php?rest_route=%2Fwp%2Fv2%2Fcategories&post=40224"},{"taxonomy":"post_tag","embeddable":true,"href":"https:\/\/akunq.net\/tr\/index.php?rest_route=%2Fwp%2Fv2%2Ftags&post=40224"}],"curies":[{"name":"wp","href":"https:\/\/api.w.org\/{rel}","templated":true}]}}