{"id":40010,"date":"2016-05-10T04:00:20","date_gmt":"2016-05-10T09:00:20","guid":{"rendered":"http:\/\/akunq.net\/tr\/?p=40010"},"modified":"2016-05-10T04:00:20","modified_gmt":"2016-05-10T09:00:20","slug":"sait-cetinoglu-1915-soykirimi-suruyor-kucuk-asya-hiristiyanlarinin-100-yillik-yalnizligi","status":"publish","type":"post","link":"https:\/\/akunq.net\/tr\/?p=40010","title":{"rendered":"Sait \u00c7etino\u011flu: 1915 Soyk\u0131r\u0131m\u0131 S\u00fcr\u00fcyor: K\u00fc\u00e7\u00fck Asya H\u0131ristiyanlar\u0131n\u0131n 100 y\u0131ll\u0131k yaln\u0131zl\u0131\u011f\u0131"},"content":{"rendered":"<p style=\"text-align: justify;\"><strong><em><a href=\"http:\/\/akunq.net\/tr\/?attachment_id=40011\" rel=\"attachment wp-att-40011\"><img loading=\"lazy\" decoding=\"async\" class=\"alignright size-medium wp-image-40011\" src=\"http:\/\/akunq.net\/tr\/wp-content\/uploads\/2016\/05\/Sait-\u00c7etino\u011flu-300x205.jpg\" alt=\"Sait \u00c7etino\u011flu\" width=\"300\" height=\"205\" srcset=\"https:\/\/akunq.net\/tr\/wp-content\/uploads\/sites\/6\/2016\/05\/Sait-\u00c7etino\u011flu-300x205.jpg 300w, https:\/\/akunq.net\/tr\/wp-content\/uploads\/sites\/6\/2016\/05\/Sait-\u00c7etino\u011flu-260x178.jpg 260w, https:\/\/akunq.net\/tr\/wp-content\/uploads\/sites\/6\/2016\/05\/Sait-\u00c7etino\u011flu-160x110.jpg 160w, https:\/\/akunq.net\/tr\/wp-content\/uploads\/sites\/6\/2016\/05\/Sait-\u00c7etino\u011flu.jpg 320w\" sizes=\"auto, (max-width: 300px) 100vw, 300px\" \/><\/a>De\u011ferli Dostlar, bu konu\u015fmamda K\u00fc\u00e7\u00fck Asya H\u0131ristiyan halklar\u0131n\u0131n son iki y\u00fczy\u0131ll\u0131k s\u00fcre i\u00e7inde uygar d\u00fcnyan\u0131n g\u00f6zleri \u00f6n\u00fcnde t\u00fcketilmesi ve tarihsel topraklar\u0131ndan kaz\u0131nmas\u0131 ile ilgili &#8220;1915 Soyk\u0131r\u0131m\u0131 S\u00fcr\u00fcyor: K\u00fc\u00e7\u00fck Asya H\u0131ristiyanlar\u0131n\u0131n 100 y\u0131ll\u0131k yaln\u0131zl\u0131\u011f\u0131&#8221; ba\u015fl\u0131kl\u0131 \u00e7ok ho\u015f olmayan bir sunum yapaca\u011f\u0131m. 1815 Viyana kongresiyle Osmanl\u0131 H\u0131ristiyanlar\u0131n\u0131n korunmas\u0131, \u0130lk kez &#8220;uluslararas\u0131&#8221; boyut\u00a0 alm\u0131\u015ft\u0131r. Buna ra\u011fmen ard\u0131ndan gelen 100 y\u0131lda,\u00a0 tarihte e\u015fine az rastlan\u0131r bir kararl\u0131l\u0131k i\u00e7inde, katledilen H\u0131ristiyan say\u0131s\u0131 3 milyonu a\u015far. Bu s\u00fcre\u00e7te 1862 Zeytun Direni\u015fi hari\u00e7\u00a0 Bat\u0131 susar. Bu d\u00f6nemde Pontos ve Bat\u0131 Ermenistan&#8217;da bir yandan \u0130slamla\u015fma h\u0131zlan\u0131rken ,\u00a0 di\u011fer yandan\u00a0 Rusya&#8217;ya g\u00f6\u00e7 s\u00f6z konusudur.\u00a0 Devaml\u0131 bir kan kayb\u0131&#8230;<\/em><\/strong><\/p>\n<p style=\"text-align: justify;\">Bat\u0131 Ermenistan 1827&#8217;den itibaren Osmanl\u0131-Rus sava\u015f b\u00f6lgesidir. Sava\u015f\u0131n lojisti\u011fini de Pontos b\u00f6lgesi kar\u015f\u0131lamaktad\u0131r. Pontos&#8217;un H\u0131ristiyan halk\u0131, kad\u0131nl\u0131- erkekli y\u00fck hayvan\u0131 olarak kullan\u0131lmas\u0131 yan\u0131nda, da\u011flardaki ka\u00e7ak Osmanl\u0131 askerlerinin tecav\u00fcz nesnesidirler.<\/p>\n<p style=\"text-align: justify;\">D\u00f6nemin s\u00fcper g\u00fcc\u00fc \u0130ngiltere ise, sadece Rusya&#8217;n\u0131n b\u00f6lgedeki n\u00fcfuzundan endi\u015felidir, H\u0131ristiyanlar\u0131n gelece\u011finden de\u011fil. \u0130ngiltere&#8217;de,\u00a0 e\u011fer Rusya engellenemezse,\u00a0 Rusya&#8217;n\u0131n b\u00f6lgeye n\u00fcfuzunu \u00f6nleyecek\u00a0 bir tampon devlet d\u00fc\u015f\u00fcncesi egemendir. Bu tampon devleti,\u00a0 20. y\u00fczy\u0131l\u0131n ba\u015f\u0131nda T\u00fcrkiye &#8220;Cumhuriyeti&#8221; (T.&#8221;C&#8221;.) olarak \u015fekillendirecektir.<\/p>\n<p style=\"text-align: justify;\">T.&#8221;C&#8221;.&#8217;nin \u00a0kurucu antla\u015fmas\u0131 Lozan&#8217;la, Soyk\u0131r\u0131m su\u00e7lular\u0131 affedilirken, K\u00fc\u00e7\u00fck Asya H\u0131ristiyanlar\u0131n\u0131n B\u00fcy\u00fck\u00a0 b\u00f6l\u00fcm\u00fc m\u00fcbadele ad\u0131 alt\u0131nda, tarihsel topraklar\u0131ndan kovulur. Kalan H\u0131ristiyanlar\u0131n (Elen, Ermeni, Asuri,&#8230; ) rehine stat\u00fcs\u00fc, uluslararas\u0131 antla\u015fma ile tescillenir. \u0130lk\u00a0 y\u00fcz y\u0131ll\u0131k s\u00fcre\u00e7te (1815-1915)\u00a0 Bat\u0131 yada H\u0131ristiyan d\u00fcnyan\u0131n g\u00f6z\u00fc \u00f6n\u00fcndeki pogromlarda, etnik temizliklerde ve soyk\u0131r\u0131mlarda\u00a0 katledilen H\u0131ristiyanlar b\u00fcy\u00fck bir liste olu\u015fturmaktad\u0131r.<\/p>\n<p style=\"text-align: justify;\">Bat\u0131&#8217;n\u0131n suskunlu\u011fu anlamak zordur. Bat\u0131&#8217;n\u0131n insani de\u011ferlerinin K\u00fc\u00e7\u00fck Asya&#8217;daki ta\u015f\u0131y\u0131c\u0131s\u0131, bu kadim H\u0131ristiyan topluluklar\u0131d\u0131r. Bat\u0131n\u0131n\u00a0 kendini aklad\u0131\u011f\u0131\u00a0\u00a0 Dreyfus Davas\u0131n\u0131n\u00a0 savunmanlar\u0131ndan birinin, 1915 Soyk\u0131r\u0131m\u0131nda katledilen Osmanl\u0131 parlamentosunun Ermeni \u00dcyesi Krikor Zohrab oldu\u011fu unutulmaktad\u0131r. Krikor Zohrab ayn\u0131 zamanda\u00a0bizim Dreyfus&#8217;umuzdur.<\/p>\n<p style=\"text-align: justify;\">Osmanl\u0131 \u0130mparatorlu\u011fu ve T.&#8221;C&#8221;. nin\u00a0\u00a0 genetik yap\u0131s\u0131 evrensel hukuka uyum sa\u011flamas\u0131na engeldir. Her reform s\u00f6z\u00fcn\u00fcn ard\u0131ndan bir katliam gelir. \u0130slam ve Kemalizm\u00a0\u00a0 d\u00f6n\u00fc\u015f\u00fcm yetene\u011fi olmayan siyasi ideolojilerdir. T\u00fcrkiye&#8217;de ger\u00e7ekle\u015fen bir tak\u0131m &#8220;de\u011fi\u015fiklikler&#8221;in\u00a0 d\u00f6n\u00fc\u015f\u00fcm olarak anla\u015f\u0131lmas\u0131 \u00e7ok b\u00fcy\u00fck bir hatad\u0131r. Bu &#8220;de\u011fi\u015fiklilikler&#8221;, lampedusa&#8217;n\u0131n &#8220;hi\u00e7bir \u015feyin de\u011fi\u015fmemesini istiyorsan her\u015feyi de\u011fi\u015ftir!&#8221; ilkesine denk gelir.<\/p>\n<p style=\"text-align: justify;\">Sultan Hamid&#8217;in \u00fcmmet tarifi ve\u00a0 H\u0131ristiyanlar\u0131 d\u0131\u015flayan Birlik ve Selamet Projesi\u00a0 ile , H\u0131ristiyanlar i\u00e7in selamet sonsuza kadar ortadan kald\u0131r\u0131lm\u0131\u015ft\u0131r.\u00a0 Hamid&#8217;in Birlik ve Selamet Projesi bir devlet projesidir.\u00a0 Her d\u00f6nem daha da geli\u015ftirilen\u00a0 proje,\u00a0\u00a0 Birlik ve Huzur ad\u0131 alt\u0131nda g\u00fcn\u00fcm\u00fcze uzan\u0131r.<\/p>\n<p style=\"text-align: justify;\">Hamid d\u00f6nemi, d\u0131\u015flama projesinin geli\u015ftirilmesi hem de sistematik uygulanmas\u0131n\u0131n ba\u015flang\u0131c\u0131 olarak kritik \u00f6neme haizdir. 1894-96 Ermeni Katliamlar\u0131 bir yok etme provas\u0131d\u0131r.\u00a0 Minarelerden \u00e7al\u0131nan borazan ile ayn\u0131 anda ba\u015flay\u0131p, ayn\u0131 anda biten\u00a0\u00a0 bu prova ile Ermeni erkek n\u00fcfus hedef al\u0131nm\u0131\u015f, kad\u0131nlar ve \u00e7ocuklar M\u00fcsl\u00fcmanla\u015ft\u0131r\u0131lm\u0131\u015f ve\u00a0 Ermeni m\u00fclklerine el konulmu\u015ftur. Katliamlarda sadece Ermeni n\u00fcfus hedef al\u0131nmam\u0131\u015f, uygulama di\u011fer H\u0131ristiyanlar\u0131 da kapsam\u0131\u015ft\u0131r. \u00d6rnek olsun:<\/p>\n<p style=\"text-align: justify;\">Mardin\/K\u0131z\u0131ltepe&#8217;deki Ortodoks Elen Pakoz K\u00f6y\u00fc sakinleri,\u00a0 rahipleri ile birlikte \u0130slamiyet&#8217;e ge\u00e7mek zorunda b\u0131rak\u0131lm\u0131\u015ft\u0131r.<\/p>\n<p style=\"text-align: justify;\">1894-96 Katliamlar\u0131 ile ilgili olarak Bat\u0131 d\u00fcnyas\u0131 bir rapor haz\u0131rlam\u0131\u015fsa da bunun gereklerini yerine getirmemi\u015ftir. \u0130stanbul&#8217;da g\u00f6revli alt\u0131 B\u00fcy\u00fckel\u00e7ili\u011fin ortak haz\u0131rlad\u0131\u011f\u0131 Charmetant Raporu&#8217;nu unutmay\u0131 tercih etmi\u015ftir.<\/p>\n<p style=\"text-align: justify;\">1909 Kilikya Katliamlar\u0131 \u0130ttihat ve Terakki d\u00f6neminin provas\u0131d\u0131r. Parti-M\u00fcsl\u00fcman halk- askeri birlik i\u015fbirli\u011finin \u00f6rne\u011fidir. Katliam s\u0131ras\u0131nda\u00a0\u00a0 B\u00fcy\u00fck devletlerin donanmalar\u0131 Mersin&#8217;dedir. Kilikya katliamlar\u0131nda da sadece Ermeniler hedef al\u0131nmam\u0131\u015f,\u00a0\u00a0 katliamlar s\u0131ras\u0131nda Elenler ve Asuriler de can kay\u0131plar\u0131na u\u011fram\u0131\u015flard\u0131r.\u00a0 Kurbanlar ve yaral\u0131lar aras\u0131nda Bat\u0131 \u00fclke yurtta\u015flar\u0131 da vard\u0131r.\u00a0 Bat\u0131&#8217;n\u0131n\u00a0 bu kay\u0131plar\u0131na kar\u015f\u0131 da sessiz kalmas\u0131 anlaml\u0131 bir soru i\u015faretidir.<\/p>\n<p style=\"text-align: justify;\">Asl\u0131nda H\u0131ristiyan bir guruba yap\u0131lan muamelenin izd\u00fc\u015f\u00fcm\u00fcn\u00fcn di\u011fer gruplara yans\u0131mas\u0131 da sistemin bir par\u00e7as\u0131d\u0131r. 1964 y\u0131l\u0131nda \u0130stanbul do\u011fumlu Elenlerin kovulmas\u0131, Anadolu&#8217;da kalan Ermeni ve S\u00fcryanilere M\u00fcsl\u00fcmanla\u015ft\u0131rma olarak yans\u0131m\u0131\u015ft\u0131r.<\/p>\n<p style=\"text-align: justify;\">\u0130ttihat ve Terakki Cemiyeti&#8217;nin (\u0130TC)\u00a0\u00a0 gizli ajandas\u0131nda etnik temizlik ve n\u00fcfusu\u00a0 homojenle\u015ftirmenin oldu\u011funu biliyoruz. 1908 \u00f6ncesinde Balkanlardaki\u00a0 pratikleriyle, etnik temizlik konusunda uzmanla\u015ft\u0131lar.\u00a0 Soyk\u0131r\u0131m kadrolar\u0131 da,\u00a0 1913-14 y\u0131llar\u0131nda Elenler\u00a0 \u00fczerinde,\u00a0 Ege ve Trakya&#8217;da\u00a0 \u0130TC&#8217;nin koordineli, etnik temizlik, \u00f6ld\u00fcrme olaylar\u0131nda staj yapt\u0131lar. Bu kadrolar,\u00a0 Ermenileri ve Asurileri hedef alan\u00a0 1915 Soyk\u0131r\u0131m\u0131n\u0131n asli failleriydiler.\u00a0 Bu Soyk\u0131r\u0131m failleri,\u00a0 1919-23 d\u00f6neminde de, Pontos soyk\u0131r\u0131m\u0131n\u0131n da asli\u00a0 failleri olarak kar\u015f\u0131m\u0131za \u00e7\u0131karlar. Bunlar\u0131n\u00a0 T.&#8221;C&#8221;.&#8217;nin kurulu\u015funda ald\u0131klar\u0131 roller\u00a0 de ilgin\u00e7tir. B\u00fcy\u00fck \u00e7o\u011funlu\u011fu parlamentoda, adalet mekanizmas\u0131nda ve \u00fcst d\u00fczey b\u00fcrokraside g\u00f6revlendirilmi\u015flerdir. Bir k\u0131sm\u0131 da\u00a0 yok ettikleri H\u0131ristiyan ticaret ve sanayi burjuvazisinin yerini alarak,\u00a0 M\u00fcsl\u00fcman ticaret ve sanayi burjuvazisine d\u00f6n\u00fc\u015f\u00fcr. Gasp edilenden yast\u0131k alt\u0131na konanlar ise, \u00d6zal d\u00f6neminden cesaret alarak, yat\u0131r\u0131ma d\u00f6n\u00fc\u015fm\u00fc\u015f g\u00fcn\u00fcm\u00fczde \u0130slami sermayenin temelini te\u015fkil etmi\u015ftir. 1915 Soyk\u0131r\u0131m\u0131 ile, Tarihi Ermenistan&#8217;\u0131n\u00a0 ve Bat\u0131 Pontos&#8217;un sakinleri, \u0130TC \u00f6nc\u00fcl\u00fc\u011f\u00fc, Almanya&#8217;n\u0131n kolayla\u015ft\u0131r\u0131c\u0131l\u0131\u011f\u0131 ve Bat\u0131n\u0131n sessizli\u011fi e\u015fli\u011finde, donuna var\u0131ncaya kadar soyularak \u00f6l\u00fcm yolculu\u011funda yok edildi. Bat\u0131 Ermenistan\u00a0 T\u00fcrkler ve K\u00fcrtlerle\u00a0 kolonize edilmesi ile sonu\u00e7land\u0131. Pontos&#8217;un tamamen Kolonizasyonu Kemalistlere kalm\u0131\u015ft\u0131r.<\/p>\n<p style=\"text-align: justify;\">Balkan Sava\u015f\u0131 sonras\u0131 ile Sava\u015f \u00f6ncesinde (1913-14) Ege ve Trakya&#8217;da Elenler \u00fczerinde s\u00fcrd\u00fcr\u00fclen deh\u015fet,\u00a0\u00a0 cinayetler,\u00a0el koymalar ve s\u00fcrg\u00fcnler e\u015fli\u011finde ger\u00e7ekle\u015fir. Bu su\u00e7lar\u0131,\u00a0d\u00f6nemin uygulay\u0131c\u0131lar\u0131 bir kahramanl\u0131k olarak naklederler. Bu &#8220;kahramanlara&#8221; g\u00f6re, 150 bin ile 1 milyon aras\u0131nda de\u011fi\u015fen rakamlar verilen Elen halk\u0131 tarihsel topraklar\u0131ndan kaz\u0131nm\u0131\u015ft\u0131r. Bu kahramanlar T. &#8220;C&#8221;.nin en \u00fcst g\u00f6revlerine y\u00fckseltilirler. Ege ve Trakya&#8217;da Elenlere y\u00f6nelik uygulamalar. T.&#8221;C&#8221;.\u00a0 3. cumhurba\u015fkan\u0131 Bayar, CHP Genel Sekreteri Hilmi Uran, Te\u015fkilat-\u0131 Mahsusa \u015fefi Ku\u015f\u00e7uba\u015f\u0131 Esref, \u015eark \u0130stiklal Mahkemesi Ba\u015fkan\u0131 Hac\u0131m Muhittim \u00c7ar\u0131kl\u0131 ayr\u0131nt\u0131l\u0131 olarak naklederler. 1. Sava\u015f d\u00f6neminde Elenler, Almanya&#8217;n\u0131n iste\u011fi ile Ege,\u00a0Marmara, Nikomedia, Pisidia&#8217;dan s\u00fcrg\u00fcn edilirler.[1] Sava\u015f d\u00f6neminde s\u00fcrg\u00fcn edilme \u00f6l\u00fcm yollar\u0131na d\u00fc\u015f\u00fcr\u00fclmeyle e\u015fde\u011fer oldu\u011fu ku\u015fkusuzdur. \u00dcstelik bunlar\u0131n geri d\u00f6nmeleri d\u00fc\u015f\u00fcn\u00fclmemi\u015f, m\u00fclkleri ayn\u0131 zamanda M\u00fcsl\u00fcmanlara da\u011f\u0131t\u0131lm\u0131\u015ft\u0131r.<\/p>\n<p style=\"text-align: justify;\">1913-23 d\u00f6neminde on y\u0131ll\u0131k sava\u015f d\u00f6neminin karanl\u0131k ikliminden faydalan\u0131larak, etnik temizlikten soyk\u0131r\u0131ma ve kovulmaya uzanan\u00a0uygulamalar sonucu toplam Osmanl\u0131 n\u00fcfusunun %20 &#8211; 25&#8217;ine dek gelen 4 milyonluk n\u00fcfus, Soyk\u0131r\u0131mla ata topraklar\u0131nda yok edilmi\u015ftir. Yok edilen unsurlar, imparatorlu\u011fun en geli\u015fmi\u015f\u00a0ve en zengin unsurlar\u0131yd\u0131 ve bu s\u00fcre\u00e7te,\u00a0 en az %30-35&#8217;lik zenginli\u011fe denk gelen sermayenin\u00a0 el de\u011fi\u015ftirdi.<\/p>\n<p style=\"text-align: justify;\">1913-14 y\u0131llar\u0131nda Elenlerin kay\u0131plar\u0131\u00a0 5 milyar Frans\u0131z Frank\u0131&#8217;na denk\u00a0 gelir. Ermenilerin Kayb\u0131,\u00a0 19.4 milyar Frans\u0131z Frank\u0131d\u0131r.\u00a0 Kay\u0131plar\u00a0 \u00e7ok b\u00fcy\u00fck bir rakamd\u0131r ve Soyk\u0131r\u0131m\u0131n\u0131n\u00a0 inkar\u0131n\u0131n en b\u00fcy\u00fck unsurlar\u0131ndan biridir. T.&#8221;C&#8221;.nin\u00a0 kurulu\u015funu dayand\u0131rd\u0131\u011f\u0131\u00a0 Milli M\u00fccadele ad\u0131 alt\u0131ndaki\u00a0 Ermenilere, Elenlere ve Pontos&#8217;ta Rumlara kar\u015f\u0131 verilen i\u00e7 sava\u015f\u0131n\u00a0 gerek\u00e7elerinden biri de el konulan de\u011ferlerin sahiplerince\u00a0 geri al\u0131nma korkusudur.<\/p>\n<p style=\"text-align: justify;\">On y\u0131ll\u0131k Soyk\u0131r\u0131m s\u00fcreci, H\u0131ristiyanlar i\u00e7in kan g\u00f6zya\u015f\u0131 ve \u00f6l\u00fcm iken, M\u00fcsl\u00fcmanlar i\u00e7in ise r\u00fcyalar\u0131nda g\u00f6rmeyecekleri bir f\u0131rsata d\u00f6n\u00fc\u015ft\u00fcr\u00fclm\u00fc\u015f ve Soyk\u0131r\u0131m kitleselle\u015fmi\u015ftir. Bu nedenle 1915 Soyk\u0131r\u0131m\u0131nda kolektif sorumluluk s\u00f6z konusudur.<\/p>\n<p style=\"text-align: justify;\">On y\u0131ll\u0131k s\u00fcre\u00e7teki uygulamalar, Birle\u015fmi\u015f Milletler&#8217;in Soyk\u0131r\u0131m Su\u00e7unun \u00d6nlenmesi ve Cezaland\u0131r\u0131lmas\u0131 s\u00f6zle\u015fmesinin 2. maddesinde say\u0131lan \u015fartlara uygundur.<\/p>\n<p style=\"text-align: justify;\">Bat\u0131 uygarl\u0131\u011f\u0131n\u0131n\u00a0 b\u00fct\u00fcn bunlara duyars\u0131z kalm\u0131\u015f olmas\u0131, Soyk\u0131r\u0131m sonras\u0131 100 y\u0131ll\u0131k d\u00f6nemin uygulamalar\u0131n\u0131 cesaretlendirmi\u015f, yeni katliamlar\u0131n kap\u0131s\u0131n\u0131 sonuna kadar a\u00e7m\u0131\u015ft\u0131r. E\u011fer Bat\u0131 uygarl\u0131\u011f\u0131 25 May\u0131s 1915 g\u00fcn\u00fc verdi\u011fi s\u00f6z\u00fc yerine getirseydi Soyk\u0131r\u0131m su\u00e7lular\u0131 cezaland\u0131r\u0131lacak, insanl\u0131\u011fa kar\u015f\u0131 i\u015flenen\u00a0 su\u00e7lar cezas\u0131z kalmayacakt\u0131.\u00a0 Malta&#8217;n\u0131n\u00a0 bir N\u00fcrenberg olamamas\u0131 Holokost&#8217;u cesaretlendirmi\u015ftir.<\/p>\n<p style=\"text-align: justify;\">M\u00fctareke sonras\u0131 bas\u0131n,\u00a0 1915 Soyk\u0131r\u0131m\u0131 ile ilgili \u00f6nemli tan\u0131kl\u0131klar i\u00e7erir. Meclis tart\u0131\u015fmalar\u0131nda da \u0130ttihat ve Terakki Cemiyetinin insanl\u0131\u011fa kar\u015f\u0131 i\u015fledi\u011fi su\u00e7lar s\u0131ralan\u0131r. 1920&#8217;li y\u0131llar\u0131n ortalar\u0131ndan itibaren T\u00fcrk gazeteleri Soyk\u0131r\u0131m\u0131n bir \u00e7ok ipu\u00e7lar\u0131n\u0131 vermektedir. Bu d\u00f6nemde el konulman\u0131n\u00a0 me\u015frula\u015ft\u0131r\u0131lmas\u0131\u00a0 ve Soyk\u0131r\u0131m s\u00fcrecinin sonu\u00e7lar\u0131n\u0131 izleyebiliriz.\u00a0 Soyk\u0131r\u0131mda el konulan mallar\u0131n sat\u0131\u015flar\u0131 1920 ortalar\u0131nda ba\u015flar.\u00a0 Bu mallar\u0131n sat\u0131\u015f\u00a0 ilanlar\u0131nda ge\u00e7en m\u00fcbadil olmayan ibaresi,\u00a0 on y\u0131ll\u0131k s\u00fcre\u00e7te\u00a0 kaybedilen, \u00f6ld\u00fcr\u00fclen, zorla g\u00f6\u00e7 ettirilen&#8230; H\u0131ristiyanlar\u0131 i\u015faret etmektedir.<\/p>\n<p style=\"text-align: justify;\">\u0130ttihat ve Terakki\u00a0 y\u00f6netimi Soyk\u0131r\u0131m\u0131n ba\u015f\u0131nda yay\u0131nlad\u0131\u011f\u0131 genelge ile cinayetleri yasalla\u015ft\u0131rarak caziple\u015ftirdi\u011fini s\u00f6yleyebiliriz: M\u00fcsl\u00fcmanla\u015ft\u0131r\u0131lan\u00a0 \u00e7ocuklar\u0131n ve M\u00fcsl\u00fcmanla\u015ft\u0131r\u0131larak hareme kat\u0131lan H\u0131ristiyan kad\u0131nlar\u0131n miras\u0131n\u0131n da elde edilmesine yasal imkan sa\u011flanmas\u0131, Soyk\u0131r\u0131m\u0131n yayg\u0131nla\u015ft\u0131r\u0131lmas\u0131n\u0131 ve kolayla\u015ft\u0131rmas\u0131n\u0131 sa\u011flam\u0131\u015ft\u0131r.\u00a0 Zengin kad\u0131nlar\u0131n bulundu\u011fu s\u00fcrg\u00fcn konvoylar\u0131n\u0131n izlenmesi ve kad\u0131n ve \u00e7ocuklar\u0131n\u0131n ka\u00e7\u0131r\u0131lmas\u0131 bu ailelerin m\u00fclklerine el koyma\u00a0 iste\u011finin bir sonucudur. El konularak M\u00fcsl\u00fcmanla\u015ft\u0131r\u0131lan yetimler i\u00e7in aileye maa\u015f ba\u011flanmas\u0131 da soyk\u0131r\u0131m\u0131n a\u00e7\u0131k y\u00fcz\u00fcd\u00fcr. 1927 N\u00fcfus Say\u0131m\u0131 sonu\u00e7lar\u0131 el konulan kad\u0131n ve \u00e7ocuklar hakk\u0131nda s\u0131n\u0131rl\u0131 da olsa bir ip ucu ve bir fikir vermektedir.<\/p>\n<p style=\"text-align: justify;\">Ermeni Soyk\u0131r\u0131m\u0131nda &#8220;kurtar\u0131c\u0131lar&#8221; faize yat\u0131r\u0131lm\u0131\u015f para gibidir. 100 y\u0131l sonra torunlar nemalan\u0131yor. Bu konu \u00fczerinde konu\u015furken son derece dikkatli olmak gerekir.<\/p>\n<p style=\"text-align: justify;\">Burada\u00a0 bir parantez a\u00e7arak, 1915 Soyk\u0131r\u0131m\u0131 ile Holokaust\u00a0 aras\u0131ndaki farka de\u011finmek gerekir: Yahudi kan\u0131 ari \u0131rk\u0131 bozar diye bat\u0131l\u0131lar hi\u00e7 bir zaman Yahudi kad\u0131n ve \u00e7ocuklara el s\u00fcrmediler. Oysa M\u00fcsl\u00fcmanlar i\u00e7in 7. Y\u00fczy\u0131ldan itibaren H\u0131ristiyan kad\u0131n ve \u00e7ocuklar\u0131n fethedilerek M\u00fcsl\u00fcmanla\u015ft\u0131r\u0131lmas\u0131 hayati \u00f6nem ta\u015f\u0131r. \u00d6zellikle K\u00fc\u00e7\u00fck Asya&#8217;n\u0131n Elen, Ermeni ve Pontos Rum&#8217;u halk\u0131n\u0131n gen havuzu Osmanl\u0131 ve T\u00fcrkler i\u00e7in \u00e7ok \u00f6nemlidir. Cemal Pa\u015fa&#8217;n\u0131n Ayn-Tura Yetimhanesi ve Suriye&#8217;deki uygulamalar\u0131 ile T.&#8221;C&#8221;.nin Kurucu kadrolar\u0131ndan Karabekir&#8217;in\u00a0 G\u00fcrb\u00fczleri, Ermeni gen havuzuna el konman\u0131n \u00f6zg\u00fcn\u00a0 \u00f6rneklerindendir.\u00a0 Bu bak\u0131mdan 1915\u00a0 Soyk\u0131r\u0131m\u0131n\u0131, Holokaust gibi\u00a0 sadece can kay\u0131plar\u0131 ve maddi kay\u0131plar olarak tan\u0131mlayamay\u0131z. 1915 Soyk\u0131r\u0131m\u0131, K\u00fc\u00e7\u00fck Asya Elenlerinin, Kilikya ve Bat\u0131 Ermenistan&#8217;\u0131n Ermenilerinin, Mezopotamya Asurilerinin, Pontos Rumlar\u0131n\u0131n\u00a0 M\u00fcsl\u00fcmanla\u015ft\u0131r\u0131larak ruhlar\u0131n\u0131n\u00a0 \u00e7al\u0131nmas\u0131n\u0131n da bir arac\u0131 olmu\u015ftur.<\/p>\n<p style=\"text-align: justify;\">Soyk\u0131r\u0131mdan kurtularak Fransa&#8217;ya gidebilen Ermeniler Holokaust s\u0131ras\u0131nda\u00a0 da\u00a0 soyk\u0131r\u0131m\u00a0 tehlikesi ile kar\u015f\u0131 kar\u015f\u0131ya kalm\u0131\u015ft\u0131r. Naziler taraf\u0131ndan\u00a0\u00a0 Ermenilerinde kafataslar\u0131 \u00f6l\u00e7\u00fclm\u00fc\u015f, ari \u0131rktan olmad\u0131\u011f\u0131 s\u00f6ylenmi\u015ftir. Bu\u00a0yanl\u0131\u015ftan \u00e7abuk d\u00f6n\u00fclm\u00fc\u015fse de, sava\u015f d\u00f6nemi Ermeniler korku dolu g\u00fcnler demektir.<\/p>\n<p style=\"text-align: justify;\">Soyk\u0131r\u0131mdan tesad\u00fcfen sa\u011f kalanlara Bat\u0131&#8217;n\u0131n kucak a\u00e7mas\u0131 da, insani duygular\u0131n \u00f6tesinde ucuz ve g\u00fcvensiz i\u015fg\u00fcc\u00fc ihtiyac\u0131 a\u011f\u0131r basmaktad\u0131r. Nar tanesi gibi d\u00fcnyan\u0131n d\u00f6rt taraf\u0131na da\u011f\u0131lan bu kurbanlar, bat\u0131 kapitalizminin geli\u015fiminde \u00f6nemli etken oldu\u011funu s\u00f6yleyebiliriz.<\/p>\n<p style=\"text-align: justify;\">\n<p style=\"text-align: justify;\">Soyk\u0131r\u0131m sonras\u0131ndaki y\u00fczy\u0131ll\u0131k s\u00fcre\u00e7te de H\u0131ristiyanlar\u0131n durumunda bir\u00a0de\u011fi\u015fim ya\u015fanmam\u0131\u015ft\u0131r.\u00a0 Soyk\u0131r\u0131m sonras\u0131 y\u00fczy\u0131lda (1915-2015) Pontos soyk\u0131r\u0131ma u\u011frat\u0131lm\u0131\u015f, Ege, Trakya, Kapadokya, Antiocheia, Pidisia, Nikomedia m\u00fcbadele ad\u0131 alt\u0131nda Elenlerin kovulmas\u0131 ger\u00e7ekle\u015ftirilerek kolonile\u015ftirilmi\u015ftir. S\u00fcre\u00e7te\u00a0 Kilikya&#8217;n\u0131n ve Pontos&#8217;un Kolonizasyonu da\u00a0 tamamlanm\u0131\u015ft\u0131r.<\/p>\n<p style=\"text-align: justify;\">\u00a0Pontos&#8217;taki soyk\u0131r\u0131m\u0131n akt\u00f6r\u00fc\u00a0 ve M. Kemal&#8217;in muhaf\u0131z alay\u0131 komutan\u0131, milis yarbay\u0131 r\u00fctbeli Topal Osman A\u011fa&#8217;n\u0131n biyografisinin yazar\u0131n\u0131n;\u00a0 &#8220;[Pontoslu] \u00c7etecileri [gerillalar\u0131]\u00a0 gemi kazanlar\u0131nda cay\u0131r cay\u0131r yakt\u0131rd\u0131\u011f\u0131n\u0131 hala y\u00f6redeki halk anlat\u0131p duruyor.&#8221; s\u00f6zleriyle\u00a0 soyk\u0131r\u0131m\u0131,\u00a0 Pontos Rumu&#8217;nun\u00a0 ak\u0131betini \u00f6zetler. \u00d6zellikle Pontos&#8217;ta topyek\u00fcn bir direni\u015f s\u00f6z konusu oldu\u011fundan \u00e7eteciyi\/gerillay\u0131 halk olarak d\u00fc\u015f\u00fcnmek gerekir.<\/p>\n<p style=\"text-align: justify;\">\u0130kinci\u00a0 y\u00fczy\u0131lda, M\u00fcsl\u00fcman olmayanlar \u00fczerinde,\u00a0 \u00f6nceki tecr\u00fcbelerinden s\u00fcz\u00fclen, rafine bir etnik temizlik s\u00fcreci ve pogromlar\u0131 y\u00fcr\u00fcrl\u00fcktedir. H\u0131ristiyanlar\u0131n tarihsel topraklar\u0131ndan kaz\u0131nma ve kovulma s\u00fcreci g\u00fcn\u00fcm\u00fcze kadar b\u00fcy\u00fck bir h\u0131z ve kararl\u0131l\u0131kla\u00a0 s\u00fcrer.<\/p>\n<p style=\"text-align: justify;\">Lozan ile rehine stat\u00fcs\u00fc tescillenen H\u0131ristiyanlar, Bat\u0131 ile bir pazarl\u0131\u011f\u0131n nesnesidirler.\u00a0 Yarat\u0131lan\u00a0 her suni kriz ve ayr\u0131mc\u0131 uygulamalar T.&#8221;C&#8221;.&#8217;indeki\u00a0 H\u0131ristiyanlar\u0131n\u00a0 durumlar\u0131n\u0131n daha da k\u00f6t\u00fcle\u015fmekte ve H\u0131ristiyanlar\u0131n &#8220;g\u00f6n\u00fcll\u00fc&#8221; zorunlu g\u00f6\u00e7leriyle sonu\u00e7lanmaktad\u0131r.<\/p>\n<p style=\"text-align: justify;\">Son\u00a0 y\u00fczy\u0131ll\u0131k s\u00fcreci k\u0131saca \u00f6zetlersek: Sava\u015f sonras\u0131 M\u00fctareke d\u00f6neminde,\u00a0 \u00f6l\u00fcm yolculu\u011fundan bir \u015fekilde hayatta kalanlar\u0131n geri d\u00f6n\u00fc\u015fleri, son derece a\u011f\u0131r ko\u015fullara ba\u011flanm\u0131\u015ft\u0131r. Kald\u0131 ki, Kemalistler kontrol ettikleri b\u00f6lgelerde ge\u00e7erli\u00a0 -Tarihi Ermenistan ve Pontos-\u00a0 ilk kararlar\u0131yla,\u00a0 Ermenilerin dola\u015f\u0131m\u0131n\u0131 yasaklayarak, geri d\u00f6n\u00fc\u015flerini\u00a0 ve\u00a0 kaybettiklerini geri almalar\u0131 \u00f6nlenmi\u015ftir. Daha sonra bu yasak t\u00fcm H\u0131ristiyanlara uygulan\u0131r. G\u00fcn\u00fcm\u00fczde uygulanmamakla beraber, bu yasak halen ge\u00e7erlidir. Kemalist rejimin 100 y\u0131ll\u0131k uygulamalar\u0131 hak ihlalleri ve insanl\u0131\u011fa kar\u015f\u0131 i\u015flenen su\u00e7larla doludur. Her bir uygulama H\u0131ristiyanlar\u0131n yurtlar\u0131ndan ka\u00e7\u0131\u015f nedenidir.<\/p>\n<p style=\"text-align: justify;\">Uygulamalar\u0131 k\u0131saca; i\u015flerinin\u00a0 elinden al\u0131nmas\u0131, \u00e7al\u0131\u015fmalar\u0131n\u0131n yasaklanmas\u0131 ile\u00a0 i\u015fsiz b\u0131rakma. M\u00fclkleri ya \u00e7\u0131plak zor yada \u00e7e\u015fitli yollarla elinden al\u0131nmas\u0131 ile\u00a0 m\u00fclks\u00fczle\u015ftirme.\u00d6l\u00fcmlerin e\u015flik etti\u011fi pogrom ve kovulma olarak \u00f6zetleyebiliriz:<\/p>\n<p style=\"text-align: justify;\">Kemalistler, geri d\u00f6n\u00fc\u015f\u00fc olmayan pasaport uygulamas\u0131 ile kovulmalar\u0131n &#8220;g\u00f6n\u00fcll\u00fc \u00e7\u0131k\u0131\u015f&#8221; olarak anla\u015f\u0131lmas\u0131n\u0131 sa\u011flam\u0131\u015ft\u0131r. Elinde pasaportu olan T\u00fcrkiyeli Ermenilerin serbest\u00e7e yurduna d\u00f6n\u00fc\u015f\u00fc de engellenmi\u015ftir.<\/p>\n<p style=\"text-align: justify;\">K\u00fc\u00e7\u00fck Asya H\u0131ristiyanlar\u0131n\u0131n izlerinin silinmesi Kemalist rejimin en ba\u015fta gelen \u00f6ncelikleri aras\u0131ndad\u0131r. \u0130zlerin silinmesine\u00a0 H\u0131ristiyan mezarl\u0131klar\u0131ndan ba\u015flan\u0131r. Mezarl\u0131klar\u00a0 hayvan pazar\u0131 yap\u0131lmak \u00fczere yerel belediyelere devredilir. Mezar ta\u015flar\u0131 in\u015faat malzemesi olarak kullan\u0131lacakt\u0131r. Malatya Atat\u00fcrk M\u00fczesi, Ermeni Mezarl\u0131\u011f\u0131ndan al\u0131nan ta\u015flarla in\u015fa edilmi\u015ftir.<\/p>\n<p style=\"text-align: justify;\">Kemalist d\u00f6nemde,\u00a0 yurduna turist olarak\u00a0 gelen\u00a0 Ermenilerden,\u00a0 T\u00fcrkiye&#8217;den herhangi bir\u00a0 talebinin olmayaca\u011f\u0131na dair\u00a0 bir taahh\u00fctname istenerek\u00a0 giri\u015f vizesi verilmektedir.<\/p>\n<p style=\"text-align: justify;\">1929&#8217;da ba\u015flayan bir deh\u015fet s\u00fcreci sonunda, Anadolu&#8217;daki H\u0131ristiyanlar\u0131n tamam\u0131na yak\u0131n\u0131 Suriye&#8217;ye s\u00fcr\u00fclm\u00fc\u015f, kalan\u0131 \u0130stanbul&#8217;a toplanm\u0131\u015ft\u0131r.<\/p>\n<p style=\"text-align: justify;\">1934 Trakya olaylar\u0131 denilen pogromla bir hafta i\u00e7inde Trakya ve \u00c7anakkale b\u00f6lgesindeki binlerce Yahudi\u00a0 her \u015feyleri ellerinden al\u0131narak yerlerinden edilmi\u015ftir.<\/p>\n<p style=\"text-align: justify;\">1941 May\u0131s&#8217;\u0131nda M\u00fcsl\u00fcman olmayan erkekler\u00a0hi\u00e7bir ayr\u0131m yap\u0131lmadan\u00a0\u00a0 18 ay askerlik ad\u0131 alt\u0131nda \u00e7al\u0131\u015fma\u00a0 kamplar\u0131na toplanm\u0131\u015ft\u0131r. Kampta sahte infazlar dahil t\u00fcrl\u00fc eziyet ve i\u015fkence uygulanm\u0131\u015ft\u0131r. Bu y\u00f6ntemle i\u015f sahibi insanlar sava\u015f d\u00f6neminde i\u015flerinden uzakla\u015ft\u0131r\u0131lm\u0131\u015f, aileleri yokluk ko\u015fullar\u0131na terk edilmi\u015ftir.<\/p>\n<p style=\"text-align: justify;\">1942 y\u0131l\u0131 kas\u0131m\u0131nda Varl\u0131k Vergisi ad\u0131 alt\u0131nda Gayrim\u00fcslimler \u00fczerinde yasal bir soygun ger\u00e7ekle\u015ftirilerek, gayrim\u00fcslimlerin m\u00fclks\u00fczle\u015ftirilmesi sa\u011flanm\u0131\u015ft\u0131r. Varl\u0131klar\u0131n \u00e7ok \u00fcst\u00fcndeki\u00a0 Vergi ad\u0131 alt\u0131ndaki bu harac\u0131 \u00f6deyemeyenler toplama kamplar\u0131na sevk edilmi\u015fledir.<\/p>\n<p style=\"text-align: justify;\">6 ve 7 Eyl\u00fcl 1955 g\u00fcnlerinde ise, Bat\u0131&#8217;n\u0131n g\u00f6z\u00fc \u00f6n\u00fcnde, \u00f6zellikle Elenler ba\u015fta olmak \u00fczere Gayrim\u00fcslimler \u00fczerinde b\u00fcy\u00fck bir pogrom uygulanm\u0131\u015ft\u0131r. O g\u00fcn Uluslararas\u0131 Para Fonu, D\u00fcnya Ticaret Kongresi\u00a0 ve Uluslararas\u0131 Mukayeseli Hukuk \u0130limleri Kongresi \u0130stanbul&#8217;da yap\u0131lmaktayd\u0131. Bat\u0131,\u00a0 Nato&#8217;nun G\u00fcneydo\u011fu kanad\u0131n\u0131n selameti i\u00e7in 6\/7 eyl\u00fcl 1955 pogromu&#8217;nu\u00a0 g\u00f6rmezden geldi.\u00a0 O tarihten sonra Nato&#8217;nun g\u00fcneydo\u011fu kanad\u0131 T\u00fcrkiye&#8217;dir. T\u00fcrk bas\u0131n\u0131na g\u00f6re \u00f6l\u00fc say\u0131s\u0131 11, Helsinki Watch&#8217;a g\u00f6re\u00a0 15&#8217;tir. \u0130stanbul Rum Cemiyeti, can\u00a0 kayb\u0131n\u0131 37, 30 yaral\u0131 ve 300&#8217;\u00fc a\u015fk\u0131n tecav\u00fcz olay\u0131n\u0131 bildirir.<\/p>\n<p style=\"text-align: justify;\">1964 y\u0131l\u0131nda yine K\u0131br\u0131s bahane edilerek, \u0130stanbul do\u011fumlu Elenler, 20 dolar para ve 20 kilo e\u015fya d\u0131\u015f\u0131nda her t\u00fcrl\u00fc birikimlerine el konularak, gen\u00e7 ya\u015fl\u0131 hasta ay\u0131r\u0131m\u0131 yap\u0131lmadan s\u0131n\u0131r d\u0131\u015f\u0131 edilmi\u015flerdir.\u00a0 1964 y\u0131l\u0131nda Anayasa Mahkemesinin verdi\u011fi bir kararla H\u0131ristiyanlar\u0131n mal edinme ve miras hakk\u0131n\u0131\u00a0 istisnai\u00a0 bir durum haline sokmu\u015ftur.<\/p>\n<p style=\"text-align: justify;\">1974 K\u0131br\u0131s i\u015fgali s\u0131ras\u0131nda K\u0131br\u0131s Cumhurba\u015fkan\u0131 Makarios&#8217;un maketleri\u00a0 Ya Bedros&#8217;un kar\u0131s\u0131, Ya k\u0131br\u0131s&#8217;\u0131n yar\u0131s\u0131!\u00a0 Ya Butros&#8217;un kar\u0131s\u0131, ya K\u0131br\u0131s&#8217;\u0131n yar\u0131s\u0131! ba\u011fr\u0131\u015fmalar\u0131yla dola\u015ft\u0131r\u0131ld\u0131ktan sonra, Makarios\u00a0 maketine temsili\u00a0 idam seanslar\u0131 d\u00fczenlenmi\u015ftir.\u00a0 H\u0131ristiyanlara bask\u0131 bazen o kadar deh\u015fet verici hal almaktad\u0131r ki, Artin Penik\u00a0 bask\u0131ya dayanamayarak kendini ate\u015fe vermi\u015ftir. Bask\u0131n\u0131n \u015fiddeti\u00a0 d\u0131\u015far\u0131da olsun i\u00e7eride olsun fark etmemektedir; cinayet su\u00e7undan tutuklanan \u0130zak Benlio\u011flu cezaevinde M\u00fcsl\u00fcmanl\u0131\u011fa d\u00f6nd\u00fcr\u00fclerek s\u00fcnnet edilmi\u015ftir.<\/p>\n<p style=\"text-align: justify;\">M\u00fcbadele ile Bat\u0131 Trakya&#8217;da kalan M\u00fcsl\u00fcmanlar ayn\u0131 say\u0131y\u0131 muhafaza ederken \u0130stanbul, \u0130mbroz ve Bozcaada\u00a0 Elenlerinin iki binler d\u00fczeyine d\u00fc\u015f\u00fcr\u00fclerek topraklar\u0131ndan kaz\u0131nmas\u0131, K\u00fc\u00e7\u00fck Asya&#8217;da kalan\u00a0 Elenlere yap\u0131lan bask\u0131 ve \u015fiddetin ifadesidir.<\/p>\n<p style=\"text-align: justify;\">G\u00fcn\u00fcm\u00fczde durumun d\u00fczeldi\u011fini s\u00f6yleyemeyiz. H\u0131ristiyanlar korumas\u0131zd\u0131r. \u00dczerlerinde, ya\u015fam hakk\u0131 dahil her t\u00fcrl\u00fc tasarrufta bulunabilirsiniz. Maruz kald\u0131klar\u0131 hakaret, a\u015fa\u011f\u0131lama, nefret s\u00f6ylemi&#8230; ifade \u00f6zg\u00fcrl\u00fc\u011f\u00fcne girer.<\/p>\n<p style=\"text-align: justify;\">Ermeni gazeteci Hrant Dink devletin g\u00f6zetimi ve kolayla\u015ft\u0131r\u0131c\u0131l\u0131\u011f\u0131nda \u00f6ld\u00fcr\u00fclm\u00fc\u015f, failler \u00f6d\u00fcllendirilmi\u015ftir.<\/p>\n<p style=\"text-align: justify;\">Samsun ve \u0130zmir&#8217;de H\u0131ristiyan rahipler\u00a0a\u011f\u0131r yalanm\u0131\u015f, Trabzon ve \u0130skenderun&#8217;da\u00a0 ise katledilmi\u015flerdir.<\/p>\n<p style=\"text-align: justify;\">Malatya&#8217;da biri Alman uyruklu olmak \u00fczere 4 Protestan bo\u011faz\u0131 kesilerek katledilmi\u015f, su\u00e7\u00fcst\u00fc yakalanan failler serbest b\u0131rak\u0131lm\u0131t\u0131r.<\/p>\n<p style=\"text-align: justify;\">\u00a0Er Sevak Bal\u0131k\u00e7\u0131 n\u00f6bet yerinde katledilmi\u015f, zanl\u0131 yine serbest b\u0131rak\u0131lm\u0131\u015ft\u0131r.<\/p>\n<p style=\"text-align: justify;\">Korumas\u0131zl\u0131k\u00a0 risk alt\u0131nda ya\u015famak demektir. Bu korumas\u0131zl\u0131k sonucu hayat\u0131n\u0131 kaybeden Maritsa K\u00fc\u00e7\u00fck ve Hagop Demirci\u00a0 cinayetleri\u00a0 ilk anda akl\u0131m\u0131za gelenlerdir.<\/p>\n<p style=\"text-align: justify;\">Laiklik iddias\u0131ndaki devletin kontrol\u00fcndeki bir gazete,\u00a0\u00a0 Muhalefet partisi s\u00f6zc\u00fcs\u00fcn\u00fcn ailesinin H\u0131ristiyanl\u0131\u011f\u0131n\u0131 nefret s\u00f6ylemiyle a\u00e7\u0131klamaktan \u00e7ekinmez.<\/p>\n<p style=\"text-align: justify;\">Yazar Sevan Ni\u015fanyan, izinsiz in\u015faat yapma gerek\u00e7esiyle 20 y\u0131l hapis ile cezaland\u0131r\u0131lm\u0131\u015ft\u0131r. Asl\u0131nda Ni\u015fanyan&#8217;\u0131n su\u00e7u rejimi ele\u015ftiren, Yanl\u0131\u015f Cumhuriyet adl\u0131 kitab\u0131 ile, Nefret Su\u00e7lar\u0131yla Nas\u0131l M\u00fccadele Etmeli ba\u015fl\u0131kl\u0131 yaz\u0131s\u0131ndaki 2,5 sat\u0131rl\u0131k Muhammed ele\u015ftirisidir.\u00a0\u00a0 Sevan Ni\u015fanyan 2,5 y\u0131ll\u0131k cezaevi s\u00fcresinde bir \u00e7ok h\u00fccre cezas\u0131 verilmi\u015f, tecrit uygulanm\u0131\u015f, a\u011f\u0131rla\u015ft\u0131r\u0131lm\u0131\u015f m\u00fcebbet\u00a0 cezas\u0131 alm\u0131\u015f cinayet h\u00fck\u00fcml\u00fcleriyle\u00a0 birlikte kapat\u0131lm\u0131\u015f, s\u00fcrg\u00fcnlere g\u00f6nderilmi\u015f, k\u0131\u015f\u0131n so\u011fuk beton \u00fczerinde yat\u0131r\u0131lm\u0131\u015ft\u0131r. Bug\u00fcn 5. y\u00fcksek g\u00fcvenlikli cezaevinde kapal\u0131 haldedir. Sevan, 24 nisan 1915&#8217;te\u00a0 Soyk\u0131r\u0131m\u0131n ba\u015flang\u0131c\u0131nda belirsizlik yolculu\u011funun\u00a0 ilk dura\u011f\u0131, Aya\u015f, \u00c7ank\u0131r\u0131,&#8230; cezaevlerine\u00a0\u00a0 g\u00f6nderilen 235 Ermeni\u00a0 ayd\u0131ndan farks\u0131zd\u0131r.<\/p>\n<p style=\"text-align: justify;\">M\u00fcsaade ederseniz g\u00fcn\u00fcm\u00fczden bir ka\u00e7 \u00f6rnek vererek bitiriyorum; S\u00fcryanilere ait mor Gabriel Manast\u0131r\u0131 topraklar\u0131 iktidardaki partinin destek\u00e7isi olan silahli K\u00fcrtlerin, Mor Evgin Manast\u0131r\u0131 arazileri muhalefetteki K\u00fcrtlerin i\u015fgali alt\u0131ndad\u0131r.<\/p>\n<p style=\"text-align: justify;\">S\u00fcryani \u015eemun Akcan&#8217;\u0131n arazileri muhalefetteki K\u00fcrtlerin i\u015fgalindedir. \u015eemun Akcan&#8217;\u0131n hukuk m\u00fccadelesi 50 y\u0131ld\u0131r devam etmektedir. Akcan&#8217;\u0131n 2 day\u0131s\u0131 bu topraklar \u00fczerinde katledilmi\u015ftir.<\/p>\n<p style=\"text-align: justify;\">Ermeni Ar\u015fak Ba\u011fdasaryan&#8217;\u0131n El konulan topraklar\u0131n\u0131 geri alma m\u00fccadelesi de o\u011flu Orhan&#8217;\u0131n Viran\u015fehir ortas\u0131nda katledilmesiyle noktalanm\u0131\u015ft\u0131r.<\/p>\n<p style=\"text-align: justify;\">Konuyu Elen Mavridis ailesinin trajik hikayesi ile noktalayay\u0131m; T\u00fcrkiyenin en b\u00fcy\u00fck \u015firketlerinden biri olan Mavridis karde\u015flerin \u015firketine, T\u00fcrkiyenin en b\u00fcy\u00fck sermaye grubu taraf\u0131ndan\u00a0 sahte belgeler ile el konmu\u015ftur. El konma ve Mavridis&#8217;in katledilmesi Milli \u0130stihbarat Te\u015fkilat\u0131n\u0131n raporlar\u0131nda ayr\u0131nt\u0131l\u0131 olarak anlat\u0131lmaktad\u0131r. Olay\u0131n bir gazeteci taraf\u0131ndan g\u00fcndeme getirilmesinin ard\u0131ndan,\u00a0 el koymada kolayl\u0131k sa\u011flayan emniyet m\u00fcd\u00fcr\u00fc,\u00a0 (sonradan ola\u011fan\u00fcst\u00fc hal b\u00f6lge valisi) evinde \u00f6l\u00fc bulunmu\u015ftur. Konu ile 2 yaz\u0131 yazan Gazeteci ise \u015fu anda bir ba\u015fka &#8220;su\u00e7&#8221;tan cezaevindedir. \u015eirketin genel m\u00fcd\u00fcr\u00fc Atina&#8217;da ya\u015famaktad\u0131r. Kendisiyle g\u00f6r\u00fc\u015fme iste\u011fimi kabul etmemi\u015ftir.<\/p>\n<p style=\"text-align: justify;\">Bug\u00fcn ne yap\u0131labiliriz? konusuna gelirsek, insanl\u0131\u011f\u0131n ula\u015ft\u0131\u011f\u0131 de\u011ferlere ve kazan\u0131mlara bakarak, Soyk\u0131r\u0131m kurbanlar\u0131n\u0131n\u00a0 her bir kategorisi i\u00e7in,\u00a0 hala bir \u015feylerin yap\u0131labilece\u011fine inan\u0131yorum.<\/p>\n<p style=\"text-align: justify;\">K\u0131z\u0131l Sultan Hamid&#8217;in ye\u011feni\u00a0Prens Sabahaddin&#8217;in y\u00fcz y\u0131l \u00f6ncesindeki,\u00a0 &#8220;Biz ancak ecnebi devletlerden \u00e7ekinerek, bizimle beraber ya\u015fayan H\u0131ristiyanlar\u0131 muhafaza edebildik. Ecnebi devletlerden korkmasayd\u0131k b\u00fct\u00fcn H\u0131ristiyanlar\u0131, bilhassa Ermenileri, tek bir ki\u015fi b\u0131rakmay\u0131ncaya kadar katlederdik&#8230;&#8221; s\u00f6zleri g\u00fcn\u00fcm\u00fczde de ge\u00e7erlidir.<\/p>\n<p style=\"text-align: justify;\">Osmanl\u0131 Co\u011frafyas\u0131nda insanl\u0131\u011fa kar\u015f\u0131 i\u015flenen su\u00e7lar\u0131n Soyk\u0131r\u0131ma evrilerek, sonu\u00e7lar\u0131n\u0131n g\u00fcn\u00fcm\u00fcze uzanmas\u0131nda, yani K\u00fc\u00e7\u00fck Asya H\u0131ristiyanlar\u0131n\u0131n y\u00fcz y\u0131ll\u0131k yaln\u0131zl\u0131\u011f\u0131nda, Bat\u0131&#8217;n\u0131n sorumlulu\u011fu g\u00f6z ard\u0131 edilemez. Bu g\u00fcnk\u00fc \u00e7\u00f6z\u00fcms\u00fczl\u00fc\u011f\u00fcn s\u00fcrmesinde &#8220;Soyk\u0131r\u0131m\u0131 kabul edip gere\u011finin yerine getirilmesini istersek T\u00fcrkleri \u00fczeriz&#8221; d\u00fc\u015f\u00fcncesi kabul edilemez. Kadim halklar\u0131n tarihsel topraklar\u0131ndan kaz\u0131nmas\u0131na kar\u015f\u0131, insanl\u0131\u011f\u0131n sessiz kalmas\u0131 da insanl\u0131\u011f\u0131n ula\u015ft\u0131\u011f\u0131 de\u011ferler a\u00e7\u0131s\u0131ndan utan\u00e7 vericidir.\u00a0 Bu durum, insanl\u0131\u011f\u0131n a\u00e7\u0131k bir ay\u0131b\u0131 olarak kabul edilmelidir. Bu durum,\u00a0 hi\u00e7bir \u015fekilde pazarl\u0131k malzemesi yap\u0131lamayacak olan, insan onurunun hi\u00e7e say\u0131lmas\u0131, insanl\u0131\u011fa kar\u015f\u0131 su\u00e7un\/ soyk\u0131r\u0131m\u0131n\u00a0 gizlenmesi ve soyk\u0131r\u0131ma kar\u015f\u0131 sessiz kal\u0131nmas\u0131d\u0131r.<\/p>\n<p style=\"text-align: justify;\">Dayan\u0131\u015fma \u00e7ok \u00f6nemlidir. Biz bat\u0131dan sadece retori\u011fini prati\u011fe ge\u00e7irmesini istiyoruz.\u00a0 Bat\u0131n\u0131n de\u011ferlerini hat\u0131rlamas\u0131 yeterlidir. Bat\u0131&#8217;n\u0131n retori\u011fi ile prati\u011fi asas\u0131ndaki farkl\u0131l\u0131\u011f\u0131n giderilmesinin\u00a0 sihirli de\u011fnek oldu\u011funu s\u00f6yleyebiliriz.<\/p>\n<p style=\"text-align: justify;\">Bat\u0131,\u00a0bu co\u011frafyada insanl\u0131\u011fa kar\u015f\u0131 i\u015flenen her su\u00e7un sonunda,\u00a0 su\u00e7lunun tehdidine boyun e\u011fmektedir. Ara\u015ft\u0131rmac\u0131lar, tarihi bir ger\u00e7ek olarak, T\u00fcrkiye&#8217;nin\u00a0 Bat\u0131dan ald\u0131\u011f\u0131 her ciddi ekonomik yard\u0131m\u0131n ard\u0131ndan bir &#8220;i\u00e7 temizli\u011fin&#8221;\u00a0 gelece\u011finin, alt\u0131n\u0131 \u00e7izerler. Biz buna her reform s\u00f6z\u00fcn\u00fcn ard\u0131ndan\u00a0 bir katliam geldi\u011fini ekleyelim. Bu y\u00fczden reform s\u00f6zc\u00fc\u011f\u00fcn\u00fc sevmeyiz.<\/p>\n<p style=\"text-align: justify;\">Bat\u0131 ile ilgili s\u00f6yleyece\u011fimiz \u00f6nemli bir nokta da, Suriye&#8217;nin ba\u015f ba\u015fa kald\u0131\u011f\u0131 deh\u015fete kar\u015f\u0131 suskun hatta te\u015fvik edici tavr\u0131n\u0131n sonu\u00e7lar\u0131d\u0131r. Kessab, Malula, Xabur, Ninova, Sincar&#8230; da olanlar ve\u00a0 Suriye&#8217;nin par\u00e7alanmas\u0131,\u00a0 soyk\u0131r\u0131m\u0131n g\u00fcn\u00fcm\u00fcze uzanan bir ba\u015fka y\u00fcz\u00fcd\u00fcr. T\u00fcrkiye&#8217;nin, Soyk\u0131r\u0131m\u0131 yeniden s\u0131n\u0131r \u00f6tesine ta\u015f\u0131mas\u0131na olanak sa\u011flamakt\u0131r.\u00a0 \u0130slam Devletine (\u0130D) g\u00f6z yumma ve yard\u0131m, Yak\u0131n do\u011fuda H\u0131ristiyanlar\u0131n, Ezidilerin, M\u00fcsl\u00fcman olmayan arkaik inan\u00e7 sahiplerinin geleceklerini karart\u0131yor. Bunlar\u0131n ba\u015f ba\u015fa kald\u0131klar\u0131\u00a0 uygulamalar BM Soyk\u0131r\u0131m S\u00f6zle\u015fmesinde s\u00f6z edilen \u015fartlara bire bir uymaktad\u0131r.<\/p>\n<p style=\"text-align: justify;\">Tazmin ve telafiden \u00f6nce yap\u0131labilecek bir\u00e7ok \u015fey vard\u0131r:<\/p>\n<p style=\"text-align: justify;\">-\u00d6z\u00fcr, soyk\u0131r\u0131m su\u00e7unun kabul\u00fc, utan\u00e7tan kurtulma ve restorasyonun en \u00f6nemli ayaklar\u0131ndan biri de Soyk\u0131r\u0131mdaki kolektif sorumlulu\u011fun kabul edilmesidir. Bu bak\u0131mdan aileden ki\u015filerin 1915 soyk\u0131r\u0131m s\u00fcrecine dahlinin de\u015fifre edilmesi son derece \u00f6nemlidir. Kolektif sorumlulu\u011fun bir par\u00e7as\u0131 olarak herkes kendine sormal\u0131; Dedem 1915&#8217;te ne yap\u0131yordu?<\/p>\n<p style=\"text-align: justify;\">&#8211; Soyk\u0131r\u0131mdaki kolektif sorumluluk gere\u011fi, \u00f6zr\u00fcn herkesin \u00fcst\u00fcnde bir bor\u00e7 olarak durdu\u011fu Ak\u0131lda tutularak;<\/p>\n<p style=\"text-align: justify;\">-Devletin \u00f6nc\u00fcl\u00fc\u011f\u00fcnde bir \u00f6zr\u00fcn ifade edilmesi ve kurbanlar\u0131n an\u0131s\u0131na Bir daha asla an\u0131t\u0131 yap\u0131lmas\u0131. -Soyk\u0131r\u0131mla an\u0131lan ki\u015filerin isimleri okul, cadde, sokak&#8230; gibi kamu alanlar\u0131ndan isimlerinin silinmesi. -Sembolik binalar\u0131n, Kasapyan&#8217;\u0131n m\u00fclk\u00fc olan g\u00fcn\u00fcm\u00fcz Ba\u015fbakanl\u0131k K\u00f6\u015fk\u00fc, Kabayannis&#8217;in m\u00fclk\u00fc Trabzon Atat\u00fcrk K\u00f6\u015fk\u00fc, Spartaliyan&#8217;\u0131n m\u00fclk\u00fc olan \u015ei\u015fli&#8217;deki Atat\u00fcrk m\u00fczesi, Hanc\u0131yan&#8217;\u0131n m\u00fclk\u00fc\u00a0 olan TBMM binas\u0131 arazisi, Atat\u00fcrk Orman \u00c7iftli\u011fine kat\u0131lan, Ankara Elenlerinden Karasuli ve \u015ei\u015fmano\u011flu&#8217;nun m\u00fclkleri ve Pontos soyk\u0131r\u0131m\u0131n\u0131n asli faili Topal Osman&#8217;a tahsis edilen Papaz\u0131n Ba\u011f\u0131n\u0131n\u00a0 miras\u00e7\u0131lar\u0131n\u0131n tesbit edilerek iade yollar\u0131n\u0131n aranmas\u0131,&#8230;<\/p>\n<p style=\"text-align: justify;\">-Siyasi partiler, ellerinde soyk\u0131r\u0131mdan edinilmi\u015f varl\u0131k bulunan y\u00f6neticilerinin,\u00a0 bu varl\u0131klar\u0131 miras\u00e7\u0131lar\u0131na iade etme ko\u015fullar\u0131 aramalar\u0131n\u0131 temenni ettiklerini a\u00e7\u0131klayabilirler. En ba\u015fta \u00f6zg\u00fcrl\u00fck\u00a0 ve sosyalizm iddial\u0131 partiler bu temenniyi dile getirmeliler.<\/p>\n<p style=\"text-align: justify;\">&#8211; Ki\u015filere gelince;\u00a0 entelekt\u00fcellerin bu konuda \u00f6nc\u00fcl\u00fck yapmas\u0131 \u00f6nerilir.<\/p>\n<p style=\"text-align: justify;\">-Gayri m\u00fcbadil mallar\u0131n ne \u015fekilde emval-i metruke olarak kabul edildi\u011fi a\u00e7\u0131klanmal\u0131d\u0131r.<\/p>\n<p style=\"text-align: justify;\">&#8211; El konularak\u00a0M\u00fcsl\u00fcmanla\u015ft\u0131r\u0131lan kad\u0131n ve \u00e7ocuklar\u0131n tespiti ve a\u00e7\u0131klamas\u0131<\/p>\n<p style=\"text-align: justify;\">&#8211; \u0130nsanlar\u0131n iste\u011fi d\u0131\u015f\u0131nda\u00a0yap\u0131lm\u0131\u015f n\u00fcfus m\u00fcbadelesinden dolay\u0131 anla\u015fmaya\u00a0taraf olan\u00a0 devletlerin\u00a0 \u00f6z\u00fcr dilemesi,<\/p>\n<p style=\"text-align: justify;\">&#8211; N\u00fcfus ve Ar\u015fivlerin ara\u015ft\u0131rmac\u0131lara a\u00e7\u0131lmas\u0131.<\/p>\n<p style=\"text-align: justify;\">&#8211; Soyk\u0131r\u0131m kurbanlar\u0131 ve kovulanlar\u0131n \u00fc\u00e7\u00fcnc\u00fc ku\u015fak temsilcilerinden\u00a0isteyenlere kimlik ve ikamet verilmesi.\u00a0 Yerle\u015fmek ve i\u015f kurmak isteyenlere kolayl\u0131k ve kredi sa\u011flanaca\u011f\u0131n\u0131n a\u00e7\u0131klanmas\u0131&#8230;<\/p>\n<p style=\"text-align: justify;\">&#8230;<\/p>\n<p style=\"text-align: justify;\">Ancak bunlar\u0131n sonras\u0131nda tazmin ve telafi ko\u015fullar\u0131 ile ilgili \u00e7al\u0131\u015fmalara ba\u015flanabilir.<\/p>\n<p style=\"text-align: justify;\">Dinledi\u011finiz ve dikkatiniz\u00a0i\u00e7in te\u015fekk\u00fcrler.<\/p>\n<p style=\"text-align: justify;\"><em>[1] Almanya&#8217;n\u0131n Elenlere uygulad\u0131\u011f\u0131 zul\u00fcm 1. sava\u015f d\u00f6nemiyle s\u0131n\u0131rl\u0131 de\u011fildir. 2. sava\u015f d\u00f6neminde Yunanistan i\u015fgal edilmi\u015f,\u00a0 g\u00fcn\u00fcm\u00fczde de &#8220;bor\u00e7 idaresi&#8221; gerek\u00e7esiyle diz \u00e7\u00f6kt\u00fcrmeye \u00e7al\u0131\u015f\u0131lmaktad\u0131r.<\/em><\/p>\n<p style=\"text-align: justify;\"><a href=\"http:\/\/mamasyria.blogspot.com.tr\/2016\/05\/1915-soykrm-suruyor-kucuk-asya.html?m=1\"><strong><em>http:\/\/mamasyria.blogspot.com.tr\/2016\/05\/1915-soykrm-suruyor-kucuk-asya.html?m=1<\/em><\/strong><\/a><\/p>\n<p style=\"text-align: justify;\">\n<p>&nbsp;<\/p>\n","protected":false},"excerpt":{"rendered":"<p>De\u011ferli Dostlar, bu konu\u015fmamda K\u00fc\u00e7\u00fck Asya H\u0131ristiyan halklar\u0131n\u0131n son iki y\u00fczy\u0131ll\u0131k s\u00fcre i\u00e7inde uygar d\u00fcnyan\u0131n g\u00f6zleri \u00f6n\u00fcnde t\u00fcketilmesi ve tarihsel topraklar\u0131ndan kaz\u0131nmas\u0131 ile ilgili &#8220;1915 Soyk\u0131r\u0131m\u0131 S\u00fcr\u00fcyor: K\u00fc\u00e7\u00fck Asya H\u0131ristiyanlar\u0131n\u0131n 100 y\u0131ll\u0131k yaln\u0131zl\u0131\u011f\u0131&#8221; ba\u015fl\u0131kl\u0131 \u00e7ok ho\u015f olmayan bir sunum yapaca\u011f\u0131m. 1815 Viyana kongresiyle Osmanl\u0131 H\u0131ristiyanlar\u0131n\u0131n korunmas\u0131, \u0130lk kez &#8220;uluslararas\u0131&#8221; boyut\u00a0 alm\u0131\u015ft\u0131r. Buna ra\u011fmen ard\u0131ndan gelen [&hellip;]<\/p>\n","protected":false},"author":7,"featured_media":40011,"comment_status":"open","ping_status":"open","sticky":false,"template":"","format":"standard","meta":{"footnotes":""},"categories":[44,1,53],"tags":[],"class_list":["post-40010","post","type-post","status-publish","format-standard","has-post-thumbnail","hentry","category-ermeni-soykirimi","category-haberler","category-turkiyede-azinliklar"],"yoast_head":"<!-- This site is optimized with the Yoast SEO plugin v27.4 - https:\/\/yoast.com\/product\/yoast-seo-wordpress\/ -->\n<title>Sait \u00c7etino\u011flu: 1915 Soyk\u0131r\u0131m\u0131 S\u00fcr\u00fcyor: K\u00fc\u00e7\u00fck Asya H\u0131ristiyanlar\u0131n\u0131n 100 y\u0131ll\u0131k yaln\u0131zl\u0131\u011f\u0131 - Bati Ermenistan Ve Bati Ermenileri Sorunlari Ara\u015ftirmalar Merkezi<\/title>\n<meta name=\"robots\" content=\"index, follow, max-snippet:-1, max-image-preview:large, max-video-preview:-1\" \/>\n<link rel=\"canonical\" href=\"https:\/\/akunq.net\/tr\/?p=40010\" \/>\n<meta property=\"og:locale\" content=\"en_US\" \/>\n<meta property=\"og:type\" content=\"article\" \/>\n<meta property=\"og:title\" content=\"Sait \u00c7etino\u011flu: 1915 Soyk\u0131r\u0131m\u0131 S\u00fcr\u00fcyor: K\u00fc\u00e7\u00fck Asya H\u0131ristiyanlar\u0131n\u0131n 100 y\u0131ll\u0131k yaln\u0131zl\u0131\u011f\u0131 - Bati Ermenistan Ve Bati Ermenileri Sorunlari Ara\u015ftirmalar Merkezi\" \/>\n<meta property=\"og:description\" content=\"De\u011ferli Dostlar, bu konu\u015fmamda K\u00fc\u00e7\u00fck Asya H\u0131ristiyan halklar\u0131n\u0131n son iki y\u00fczy\u0131ll\u0131k s\u00fcre i\u00e7inde uygar d\u00fcnyan\u0131n g\u00f6zleri \u00f6n\u00fcnde t\u00fcketilmesi ve tarihsel topraklar\u0131ndan kaz\u0131nmas\u0131 ile ilgili &#8220;1915 Soyk\u0131r\u0131m\u0131 S\u00fcr\u00fcyor: K\u00fc\u00e7\u00fck Asya H\u0131ristiyanlar\u0131n\u0131n 100 y\u0131ll\u0131k yaln\u0131zl\u0131\u011f\u0131&#8221; ba\u015fl\u0131kl\u0131 \u00e7ok ho\u015f olmayan bir sunum yapaca\u011f\u0131m. 1815 Viyana kongresiyle Osmanl\u0131 H\u0131ristiyanlar\u0131n\u0131n korunmas\u0131, \u0130lk kez &#8220;uluslararas\u0131&#8221; boyut\u00a0 alm\u0131\u015ft\u0131r. Buna ra\u011fmen ard\u0131ndan gelen [&hellip;]\" \/>\n<meta property=\"og:url\" content=\"https:\/\/akunq.net\/tr\/?p=40010\" \/>\n<meta property=\"og:site_name\" content=\"Bati Ermenistan Ve Bati Ermenileri Sorunlari Ara\u015ftirmalar Merkezi\" \/>\n<meta property=\"article:published_time\" content=\"2016-05-10T09:00:20+00:00\" \/>\n<meta property=\"og:image\" content=\"https:\/\/akunq.net\/tr\/wp-content\/uploads\/sites\/6\/2016\/05\/Sait-\u00c7etino\u011flu.jpg\" \/>\n\t<meta property=\"og:image:width\" content=\"320\" \/>\n\t<meta property=\"og:image:height\" content=\"219\" \/>\n\t<meta property=\"og:image:type\" content=\"image\/jpeg\" \/>\n<meta name=\"author\" content=\"admin\" \/>\n<meta name=\"twitter:card\" content=\"summary_large_image\" \/>\n<meta name=\"twitter:label1\" content=\"Written by\" \/>\n\t<meta name=\"twitter:data1\" content=\"admin\" \/>\n\t<meta name=\"twitter:label2\" content=\"Est. reading time\" \/>\n\t<meta name=\"twitter:data2\" content=\"23 minutes\" \/>\n<script type=\"application\/ld+json\" class=\"yoast-schema-graph\">{\"@context\":\"https:\\\/\\\/schema.org\",\"@graph\":[{\"@type\":\"Article\",\"@id\":\"https:\\\/\\\/akunq.net\\\/tr\\\/?p=40010#article\",\"isPartOf\":{\"@id\":\"https:\\\/\\\/akunq.net\\\/tr\\\/?p=40010\"},\"author\":{\"name\":\"admin\",\"@id\":\"https:\\\/\\\/akunq.net\\\/tr\\\/#\\\/schema\\\/person\\\/096f1d38a12cce57fb855b485ed24c9e\"},\"headline\":\"Sait \u00c7etino\u011flu: 1915 Soyk\u0131r\u0131m\u0131 S\u00fcr\u00fcyor: K\u00fc\u00e7\u00fck Asya H\u0131ristiyanlar\u0131n\u0131n 100 y\u0131ll\u0131k yaln\u0131zl\u0131\u011f\u0131\",\"datePublished\":\"2016-05-10T09:00:20+00:00\",\"mainEntityOfPage\":{\"@id\":\"https:\\\/\\\/akunq.net\\\/tr\\\/?p=40010\"},\"wordCount\":4664,\"commentCount\":0,\"image\":{\"@id\":\"https:\\\/\\\/akunq.net\\\/tr\\\/?p=40010#primaryimage\"},\"thumbnailUrl\":\"https:\\\/\\\/akunq.net\\\/tr\\\/wp-content\\\/uploads\\\/sites\\\/6\\\/2016\\\/05\\\/Sait-\u00c7etino\u011flu.jpg\",\"articleSection\":[\"Ermeni Soyk\u0131r\u0131m\u0131\",\"Haberler\",\"T\u00fcrkiye\u2019de Az\u0131nl\u0131klar\"],\"inLanguage\":\"en-US\",\"potentialAction\":[{\"@type\":\"CommentAction\",\"name\":\"Comment\",\"target\":[\"https:\\\/\\\/akunq.net\\\/tr\\\/?p=40010#respond\"]}]},{\"@type\":\"WebPage\",\"@id\":\"https:\\\/\\\/akunq.net\\\/tr\\\/?p=40010\",\"url\":\"https:\\\/\\\/akunq.net\\\/tr\\\/?p=40010\",\"name\":\"Sait \u00c7etino\u011flu: 1915 Soyk\u0131r\u0131m\u0131 S\u00fcr\u00fcyor: K\u00fc\u00e7\u00fck Asya H\u0131ristiyanlar\u0131n\u0131n 100 y\u0131ll\u0131k yaln\u0131zl\u0131\u011f\u0131 - Bati Ermenistan Ve Bati Ermenileri Sorunlari Ara\u015ftirmalar Merkezi\",\"isPartOf\":{\"@id\":\"https:\\\/\\\/akunq.net\\\/tr\\\/#website\"},\"primaryImageOfPage\":{\"@id\":\"https:\\\/\\\/akunq.net\\\/tr\\\/?p=40010#primaryimage\"},\"image\":{\"@id\":\"https:\\\/\\\/akunq.net\\\/tr\\\/?p=40010#primaryimage\"},\"thumbnailUrl\":\"https:\\\/\\\/akunq.net\\\/tr\\\/wp-content\\\/uploads\\\/sites\\\/6\\\/2016\\\/05\\\/Sait-\u00c7etino\u011flu.jpg\",\"datePublished\":\"2016-05-10T09:00:20+00:00\",\"author\":{\"@id\":\"https:\\\/\\\/akunq.net\\\/tr\\\/#\\\/schema\\\/person\\\/096f1d38a12cce57fb855b485ed24c9e\"},\"breadcrumb\":{\"@id\":\"https:\\\/\\\/akunq.net\\\/tr\\\/?p=40010#breadcrumb\"},\"inLanguage\":\"en-US\",\"potentialAction\":[{\"@type\":\"ReadAction\",\"target\":[\"https:\\\/\\\/akunq.net\\\/tr\\\/?p=40010\"]}]},{\"@type\":\"ImageObject\",\"inLanguage\":\"en-US\",\"@id\":\"https:\\\/\\\/akunq.net\\\/tr\\\/?p=40010#primaryimage\",\"url\":\"https:\\\/\\\/akunq.net\\\/tr\\\/wp-content\\\/uploads\\\/sites\\\/6\\\/2016\\\/05\\\/Sait-\u00c7etino\u011flu.jpg\",\"contentUrl\":\"https:\\\/\\\/akunq.net\\\/tr\\\/wp-content\\\/uploads\\\/sites\\\/6\\\/2016\\\/05\\\/Sait-\u00c7etino\u011flu.jpg\",\"width\":320,\"height\":219},{\"@type\":\"BreadcrumbList\",\"@id\":\"https:\\\/\\\/akunq.net\\\/tr\\\/?p=40010#breadcrumb\",\"itemListElement\":[{\"@type\":\"ListItem\",\"position\":1,\"name\":\"Home\",\"item\":\"https:\\\/\\\/akunq.net\\\/tr\"},{\"@type\":\"ListItem\",\"position\":2,\"name\":\"Sait \u00c7etino\u011flu: 1915 Soyk\u0131r\u0131m\u0131 S\u00fcr\u00fcyor: K\u00fc\u00e7\u00fck Asya H\u0131ristiyanlar\u0131n\u0131n 100 y\u0131ll\u0131k yaln\u0131zl\u0131\u011f\u0131\"}]},{\"@type\":\"WebSite\",\"@id\":\"https:\\\/\\\/akunq.net\\\/tr\\\/#website\",\"url\":\"https:\\\/\\\/akunq.net\\\/tr\\\/\",\"name\":\"Bati Ermenistan Ve Bati Ermenileri Sorunlari Ara\u015ftirmalar Merkezi\",\"description\":\"\",\"potentialAction\":[{\"@type\":\"SearchAction\",\"target\":{\"@type\":\"EntryPoint\",\"urlTemplate\":\"https:\\\/\\\/akunq.net\\\/tr\\\/?s={search_term_string}\"},\"query-input\":{\"@type\":\"PropertyValueSpecification\",\"valueRequired\":true,\"valueName\":\"search_term_string\"}}],\"inLanguage\":\"en-US\"},{\"@type\":\"Person\",\"@id\":\"https:\\\/\\\/akunq.net\\\/tr\\\/#\\\/schema\\\/person\\\/096f1d38a12cce57fb855b485ed24c9e\",\"name\":\"admin\",\"url\":\"https:\\\/\\\/akunq.net\\\/tr\\\/?author=7\"}]}<\/script>\n<!-- \/ Yoast SEO plugin. -->","yoast_head_json":{"title":"Sait \u00c7etino\u011flu: 1915 Soyk\u0131r\u0131m\u0131 S\u00fcr\u00fcyor: K\u00fc\u00e7\u00fck Asya H\u0131ristiyanlar\u0131n\u0131n 100 y\u0131ll\u0131k yaln\u0131zl\u0131\u011f\u0131 - Bati Ermenistan Ve Bati Ermenileri Sorunlari Ara\u015ftirmalar Merkezi","robots":{"index":"index","follow":"follow","max-snippet":"max-snippet:-1","max-image-preview":"max-image-preview:large","max-video-preview":"max-video-preview:-1"},"canonical":"https:\/\/akunq.net\/tr\/?p=40010","og_locale":"en_US","og_type":"article","og_title":"Sait \u00c7etino\u011flu: 1915 Soyk\u0131r\u0131m\u0131 S\u00fcr\u00fcyor: K\u00fc\u00e7\u00fck Asya H\u0131ristiyanlar\u0131n\u0131n 100 y\u0131ll\u0131k yaln\u0131zl\u0131\u011f\u0131 - Bati Ermenistan Ve Bati Ermenileri Sorunlari Ara\u015ftirmalar Merkezi","og_description":"De\u011ferli Dostlar, bu konu\u015fmamda K\u00fc\u00e7\u00fck Asya H\u0131ristiyan halklar\u0131n\u0131n son iki y\u00fczy\u0131ll\u0131k s\u00fcre i\u00e7inde uygar d\u00fcnyan\u0131n g\u00f6zleri \u00f6n\u00fcnde t\u00fcketilmesi ve tarihsel topraklar\u0131ndan kaz\u0131nmas\u0131 ile ilgili &#8220;1915 Soyk\u0131r\u0131m\u0131 S\u00fcr\u00fcyor: K\u00fc\u00e7\u00fck Asya H\u0131ristiyanlar\u0131n\u0131n 100 y\u0131ll\u0131k yaln\u0131zl\u0131\u011f\u0131&#8221; ba\u015fl\u0131kl\u0131 \u00e7ok ho\u015f olmayan bir sunum yapaca\u011f\u0131m. 1815 Viyana kongresiyle Osmanl\u0131 H\u0131ristiyanlar\u0131n\u0131n korunmas\u0131, \u0130lk kez &#8220;uluslararas\u0131&#8221; boyut\u00a0 alm\u0131\u015ft\u0131r. Buna ra\u011fmen ard\u0131ndan gelen [&hellip;]","og_url":"https:\/\/akunq.net\/tr\/?p=40010","og_site_name":"Bati Ermenistan Ve Bati Ermenileri Sorunlari Ara\u015ftirmalar Merkezi","article_published_time":"2016-05-10T09:00:20+00:00","og_image":[{"width":320,"height":219,"url":"https:\/\/akunq.net\/tr\/wp-content\/uploads\/sites\/6\/2016\/05\/Sait-\u00c7etino\u011flu.jpg","type":"image\/jpeg"}],"author":"admin","twitter_card":"summary_large_image","twitter_misc":{"Written by":"admin","Est. reading time":"23 minutes"},"schema":{"@context":"https:\/\/schema.org","@graph":[{"@type":"Article","@id":"https:\/\/akunq.net\/tr\/?p=40010#article","isPartOf":{"@id":"https:\/\/akunq.net\/tr\/?p=40010"},"author":{"name":"admin","@id":"https:\/\/akunq.net\/tr\/#\/schema\/person\/096f1d38a12cce57fb855b485ed24c9e"},"headline":"Sait \u00c7etino\u011flu: 1915 Soyk\u0131r\u0131m\u0131 S\u00fcr\u00fcyor: K\u00fc\u00e7\u00fck Asya H\u0131ristiyanlar\u0131n\u0131n 100 y\u0131ll\u0131k yaln\u0131zl\u0131\u011f\u0131","datePublished":"2016-05-10T09:00:20+00:00","mainEntityOfPage":{"@id":"https:\/\/akunq.net\/tr\/?p=40010"},"wordCount":4664,"commentCount":0,"image":{"@id":"https:\/\/akunq.net\/tr\/?p=40010#primaryimage"},"thumbnailUrl":"https:\/\/akunq.net\/tr\/wp-content\/uploads\/sites\/6\/2016\/05\/Sait-\u00c7etino\u011flu.jpg","articleSection":["Ermeni Soyk\u0131r\u0131m\u0131","Haberler","T\u00fcrkiye\u2019de Az\u0131nl\u0131klar"],"inLanguage":"en-US","potentialAction":[{"@type":"CommentAction","name":"Comment","target":["https:\/\/akunq.net\/tr\/?p=40010#respond"]}]},{"@type":"WebPage","@id":"https:\/\/akunq.net\/tr\/?p=40010","url":"https:\/\/akunq.net\/tr\/?p=40010","name":"Sait \u00c7etino\u011flu: 1915 Soyk\u0131r\u0131m\u0131 S\u00fcr\u00fcyor: K\u00fc\u00e7\u00fck Asya H\u0131ristiyanlar\u0131n\u0131n 100 y\u0131ll\u0131k yaln\u0131zl\u0131\u011f\u0131 - Bati Ermenistan Ve Bati Ermenileri Sorunlari Ara\u015ftirmalar Merkezi","isPartOf":{"@id":"https:\/\/akunq.net\/tr\/#website"},"primaryImageOfPage":{"@id":"https:\/\/akunq.net\/tr\/?p=40010#primaryimage"},"image":{"@id":"https:\/\/akunq.net\/tr\/?p=40010#primaryimage"},"thumbnailUrl":"https:\/\/akunq.net\/tr\/wp-content\/uploads\/sites\/6\/2016\/05\/Sait-\u00c7etino\u011flu.jpg","datePublished":"2016-05-10T09:00:20+00:00","author":{"@id":"https:\/\/akunq.net\/tr\/#\/schema\/person\/096f1d38a12cce57fb855b485ed24c9e"},"breadcrumb":{"@id":"https:\/\/akunq.net\/tr\/?p=40010#breadcrumb"},"inLanguage":"en-US","potentialAction":[{"@type":"ReadAction","target":["https:\/\/akunq.net\/tr\/?p=40010"]}]},{"@type":"ImageObject","inLanguage":"en-US","@id":"https:\/\/akunq.net\/tr\/?p=40010#primaryimage","url":"https:\/\/akunq.net\/tr\/wp-content\/uploads\/sites\/6\/2016\/05\/Sait-\u00c7etino\u011flu.jpg","contentUrl":"https:\/\/akunq.net\/tr\/wp-content\/uploads\/sites\/6\/2016\/05\/Sait-\u00c7etino\u011flu.jpg","width":320,"height":219},{"@type":"BreadcrumbList","@id":"https:\/\/akunq.net\/tr\/?p=40010#breadcrumb","itemListElement":[{"@type":"ListItem","position":1,"name":"Home","item":"https:\/\/akunq.net\/tr"},{"@type":"ListItem","position":2,"name":"Sait \u00c7etino\u011flu: 1915 Soyk\u0131r\u0131m\u0131 S\u00fcr\u00fcyor: K\u00fc\u00e7\u00fck Asya H\u0131ristiyanlar\u0131n\u0131n 100 y\u0131ll\u0131k yaln\u0131zl\u0131\u011f\u0131"}]},{"@type":"WebSite","@id":"https:\/\/akunq.net\/tr\/#website","url":"https:\/\/akunq.net\/tr\/","name":"Bati Ermenistan Ve Bati Ermenileri Sorunlari Ara\u015ftirmalar Merkezi","description":"","potentialAction":[{"@type":"SearchAction","target":{"@type":"EntryPoint","urlTemplate":"https:\/\/akunq.net\/tr\/?s={search_term_string}"},"query-input":{"@type":"PropertyValueSpecification","valueRequired":true,"valueName":"search_term_string"}}],"inLanguage":"en-US"},{"@type":"Person","@id":"https:\/\/akunq.net\/tr\/#\/schema\/person\/096f1d38a12cce57fb855b485ed24c9e","name":"admin","url":"https:\/\/akunq.net\/tr\/?author=7"}]}},"_links":{"self":[{"href":"https:\/\/akunq.net\/tr\/index.php?rest_route=\/wp\/v2\/posts\/40010","targetHints":{"allow":["GET"]}}],"collection":[{"href":"https:\/\/akunq.net\/tr\/index.php?rest_route=\/wp\/v2\/posts"}],"about":[{"href":"https:\/\/akunq.net\/tr\/index.php?rest_route=\/wp\/v2\/types\/post"}],"author":[{"embeddable":true,"href":"https:\/\/akunq.net\/tr\/index.php?rest_route=\/wp\/v2\/users\/7"}],"replies":[{"embeddable":true,"href":"https:\/\/akunq.net\/tr\/index.php?rest_route=%2Fwp%2Fv2%2Fcomments&post=40010"}],"version-history":[{"count":1,"href":"https:\/\/akunq.net\/tr\/index.php?rest_route=\/wp\/v2\/posts\/40010\/revisions"}],"predecessor-version":[{"id":40012,"href":"https:\/\/akunq.net\/tr\/index.php?rest_route=\/wp\/v2\/posts\/40010\/revisions\/40012"}],"wp:featuredmedia":[{"embeddable":true,"href":"https:\/\/akunq.net\/tr\/index.php?rest_route=\/wp\/v2\/media\/40011"}],"wp:attachment":[{"href":"https:\/\/akunq.net\/tr\/index.php?rest_route=%2Fwp%2Fv2%2Fmedia&parent=40010"}],"wp:term":[{"taxonomy":"category","embeddable":true,"href":"https:\/\/akunq.net\/tr\/index.php?rest_route=%2Fwp%2Fv2%2Fcategories&post=40010"},{"taxonomy":"post_tag","embeddable":true,"href":"https:\/\/akunq.net\/tr\/index.php?rest_route=%2Fwp%2Fv2%2Ftags&post=40010"}],"curies":[{"name":"wp","href":"https:\/\/api.w.org\/{rel}","templated":true}]}}