{"id":38115,"date":"2016-01-15T02:34:19","date_gmt":"2016-01-15T07:34:19","guid":{"rendered":"http:\/\/akunq.net\/tr\/?p=38115"},"modified":"2016-01-15T02:34:19","modified_gmt":"2016-01-15T07:34:19","slug":"hdpli-garo-paylan-din-hanesi-nedeniyle-ayrimciliga-ugradim","status":"publish","type":"post","link":"https:\/\/akunq.net\/tr\/?p=38115","title":{"rendered":"HDP&#8217;li Garo Paylan: &#8220;Din hanesi&#8217; nedeniyle ayr\u0131mc\u0131l\u0131\u011fa u\u011frad\u0131m&#8221;"},"content":{"rendered":"<p style=\"text-align: justify;\"><b><i><a href=\"http:\/\/akunq.net\/tr\/?attachment_id=38116\" rel=\"attachment wp-att-38116\"><img loading=\"lazy\" decoding=\"async\" class=\"alignright size-medium wp-image-38116\" alt=\"\u053f\u0561\u0580\u0578 \u0553\u0561\u0575\u056c\u0561\u0576\" src=\"http:\/\/akunq.net\/tr\/wp-content\/uploads\/2016\/01\/\u053f\u0561\u0580\u0578-\u0553\u0561\u0575\u056c\u0561\u0576-300x204.jpg\" width=\"300\" height=\"204\" srcset=\"https:\/\/akunq.net\/tr\/wp-content\/uploads\/sites\/6\/2016\/01\/\u053f\u0561\u0580\u0578-\u0553\u0561\u0575\u056c\u0561\u0576-300x204.jpg 300w, https:\/\/akunq.net\/tr\/wp-content\/uploads\/sites\/6\/2016\/01\/\u053f\u0561\u0580\u0578-\u0553\u0561\u0575\u056c\u0561\u0576.jpg 307w\" sizes=\"auto, (max-width: 300px) 100vw, 300px\" \/><\/a>TBMM&#8217;de N\u00fcfus Hizmetleri Kanunu&#8217;ndaki de\u011fi\u015fikliklere ili\u015fkin s\u00f6z alan HDP&#8217;li Garo Paylan n\u00fcfus c\u00fczdan\u0131n\u0131 g\u00f6stererek, din hanesinde &#8220;Hristiyan&#8221; yazd\u0131\u011f\u0131 i\u00e7in u\u011frad\u0131\u011f\u0131 ayr\u0131mc\u0131l\u0131klar\u0131 anlatt\u0131. Paylan&#8217;\u0131n din hanesinin kald\u0131r\u0131lmas\u0131 i\u00e7in verdikleri teklifin reddedildi\u011fini belirtti\u011fi konu\u015fmas\u0131nda kulland\u0131\u011f\u0131 soyk\u0131r\u0131m ifadesi nedeniyle MHP ve AKP Grup Ba\u015fkanvekilleri tepki g\u00f6sterdi.<\/i><\/b><\/p>\n<p style=\"text-align: justify;\">TBMM Genel Kurulunda, Askerlik Kanunu ile Baz\u0131 Kanun ve Kanun H\u00fckm\u00fcnde Kararnamelerde de\u011fi\u015fiklik yapan Torba Yasa Tasar\u0131s\u0131 g\u00f6r\u00fc\u015f\u00fcld\u00fc. Genel Kurul&#8217;daki g\u00f6r\u00fc\u015fmelerde HDP \u0130stanbul Milletvekili Garo Paylan, kimlik kartlar\u0131nda yap\u0131lacak de\u011fi\u015fikliklerle ilgili s\u00f6z ald\u0131 ve az\u0131nl\u0131klar\u0131n u\u011frad\u0131\u011f\u0131 ayr\u0131mc\u0131l\u0131\u011fa dikkat \u00e7ekti. Kendi kimlik kart\u0131n\u0131 g\u00f6steerek, din hanesinde &#8220;Hristiyan&#8221; yazd\u0131\u011f\u0131n\u0131 ve \u00e7ocuklu\u011fundan beri gitti\u011fi kurumlarda onlarca kez ayr\u0131mc\u0131l\u0131\u011fa u\u011frad\u0131\u011f\u0131n\u0131 anlatt\u0131.<\/p>\n<p style=\"text-align: justify;\">Plan ve B\u00fct\u00e7e Komisyonunda kimlik kartlar\u0131nda din hanesinin kald\u0131r\u0131lmas\u0131 i\u00e7in verdikleri \u00f6nergenin reddedildi\u011fini anlatan Garo Paylan, T\u00fcrkiye&#8217;nin bu y\u00fczden A\u0130HM&#8217;de mahkum oldu\u011funu, AB \u00fclkelerinin hi\u00e7birinde vatanda\u015flar\u0131n kimlik kart\u0131nda din hanesi bulunmad\u0131\u011f\u0131n\u0131 kaydetti.<\/p>\n<p style=\"text-align: justify;\">Din hanesinin yol a\u00e7t\u0131\u011f\u0131 ayr\u0131mc\u0131l\u0131\u011f\u0131 anlatan Paylan, &#8220;\u0130steyen bo\u015f b\u0131raks\u0131n&#8217; deniyor. O zaman da kamu g\u00f6revlileri &#8216;demek ki ateist&#8217; diye bakar kar\u015f\u0131s\u0131ndakine. Te\u015fkilat-\u0131 Mahsusa&#8217;dan kalma ba\u015fka bir uygulama daha var; Lozan&#8217;daki azalt\u0131lm\u0131\u015flarla ilgili soy kodu var. Ermenilerin 2, Rumlar\u0131n 1, Musevilerin 3, S\u00fcryanilerin 4&#8217;t\u00fcr. Niye tutar devlet soy kodunu? Varl\u0131k Vergisinde uygulam\u0131\u015ft\u0131r. Soyk\u0131r\u0131mdan sonra aya\u011fa kalkmaya \u00e7al\u0131\u015fan dedemin mal varl\u0131\u011f\u0131, bir kez daha varl\u0131\u011f\u0131n\u0131n 10 misli varl\u0131k vergisi uygulanarak gasbedilmi\u015ftir. Soy kodu hala devrededir. Devletimiz vatanda\u015f\u0131n diniyle u\u011fra\u015fmamal\u0131&#8221; diye konu\u015ftu.<\/p>\n<p style=\"text-align: justify;\">MHP Grup Ba\u015fkanvekili Erkan Ak\u00e7ay, Paylan&#8217;\u0131n konu\u015fmas\u0131ndaki soyk\u0131r\u0131m ifadesine itiraz ederek, &#8220;Soyk\u0131r\u0131m s\u00f6z konusu bile de\u011fildir. Bir mahkeme karar\u0131 yoktur. Bunlar, birtak\u0131m T\u00fcrkiye d\u00fc\u015fmanlar\u0131n\u0131n ger\u00e7ek d\u0131\u015f\u0131 isnat ve iftiralar\u0131d\u0131r. Fakat ger\u00e7ek olan, belgelere dayanan bir husus vard\u0131r, o da: O d\u00f6nemde, belli bir tarih kesitinde H\u0131n\u00e7ak ve Ta\u015fnak \u00e7etelerinin katliamlar\u0131 s\u00f6z konusudur&#8221; ifadelerini kulland\u0131.<\/p>\n<p style=\"text-align: justify;\">MHP&#8217;li Ak\u00e7ay&#8217;\u0131n itiraz\u0131yla kimlikteki din hanesi tart\u0131\u015fmas\u0131n\u0131n evrildi\u011fi soyk\u0131r\u0131m tart\u0131\u015fmas\u0131nda AK Parti Grup Ba\u015fkanvekili Naci Bostanc\u0131 da s\u00f6z alarak, bu ifadeyi reddetti\u011fini s\u00f6yledi. Soyk\u0131r\u0131m ifadesinin Nazilerin Yahudilere y\u00f6nelik uygulamas\u0131 sonucundaki hukukile\u015fmi\u015f bir kavram oldu\u011funu belirterek, kavram\u0131n tarih\u00e7esini anlatt\u0131. Bostanc\u0131 da Ermenistan&#8217;\u0131n Azerbaycan ile sava\u015f\u0131nda Karaba\u011f ve Hocal\u0131&#8217;da yapt\u0131\u011f\u0131 katliamlar\u0131 g\u00fcndeme getirdi.<\/p>\n<p style=\"text-align: justify;\">N\u00fcfus c\u00fczdanlar\u0131ndaki din hanesine y\u00f6nelik talebin, Ermeni soyk\u0131r\u0131m\u0131 tart\u0131\u015fmas\u0131na evrilmesiyle Bostanc\u0131&#8217;n\u0131n ard\u0131ndan s\u00f6z alan CHP Grup Ba\u015fkanvekili Levent G\u00f6k ise, &#8220;Tarihimizde ya\u015fanm\u0131\u015f pek \u00e7ok ac\u0131 hadise vard\u0131r ve bu ac\u0131 hadiselerin elbette b\u0131rakt\u0131\u011f\u0131 travmalar, \u00fcz\u00fcnt\u00fcler, ac\u0131lar bug\u00fcn de devam edebilir. \u00d6nemli olan g\u00fc\u00e7l\u00fc bir ulus olabilmenin tek ko\u015fulu bu ac\u0131lar\u0131n \u00fcstesinden gelebilmek, travmalar\u0131 a\u015fabilmek ve herkesin &#8216;ben \u015fu anda iyi ki T\u00fcrkiye&#8217;de ya\u015f\u0131yorum&#8217; diyebilece\u011fi bir ortam\u0131 sa\u011flamakt\u0131r?&#8221; diye konu\u015ftu.<\/p>\n<p style=\"text-align: justify;\">Bu konu\u015fmalar\u0131n ard\u0131ndan s\u00f6z alarak cevap veren Garo Paylan, 100 y\u0131l \u00f6nce Anadolu&#8217;da her 5 ki\u015fiden 1&#8217;inin Ermeni oldu\u011funu belirterek, \u015funlar\u0131 kaydetti:<\/p>\n<p style=\"text-align: justify;\">&#8220;Kadim halklar olarak bir arada ya\u015f\u0131yorduk ancak bug\u00fcn binde birin alt\u0131nday\u0131z. K\u0131l\u0131\u00e7 art\u0131\u011f\u0131 h\u00fckm\u00fcnde bahsedilmi\u015ftir, yok h\u00fckm\u00fcndeyiz. 100 y\u0131l \u00f6nce Ermeni halk\u0131, devlet karar\u0131yla bu topraklarda k\u00f6k\u00fcnden s\u00f6k\u00fcld\u00fc ve yok edildi. Dedem bir yetimdir, anne taraf\u0131ndan da, baba taraf\u0131ndan da yetimler; yani k\u0131l\u0131\u00e7 art\u0131klar\u0131 taraf\u0131ndan ben bu topraklarda ya\u015f\u0131yorum. Benim soyum k\u0131r\u0131lm\u0131\u015ft\u0131r. Yahudilere yap\u0131lan pogrom, Varl\u0131k Vergisi, 6-7 Eyl\u00fcl olaylar\u0131, Hrant Dink, b\u00fct\u00fcn bu su\u00e7lar asl\u0131nda o y\u00fczle\u015fmedi\u011fimiz b\u00fcy\u00fck felaketin devam\u0131d\u0131r. 100 y\u0131l \u00f6nce Diyarbak\u0131r Suri\u00e7i&#8217;nin \u00fc\u00e7te ikisi Ermeni ve S\u00fcryanilerdi. Onlar y\u00fczy\u0131l \u00f6nce oradan s\u00fcr\u00fcld\u00fc. Bug\u00fcn o zihniyet devam ediyor. Su\u00e7la y\u00fczle\u015filmedi\u011fi s\u00fcrece su\u00e7 devam eder. Bug\u00fcn Diyarbak\u0131r Sur&#8217;da ayn\u0131 zihniyet kol geziyor.&#8221;<\/p>\n<p style=\"text-align: justify;\">Paylan&#8217;\u0131n konu\u015fmas\u0131na baz\u0131 MHP&#8217;liler taraf\u0131ndan yine tepki g\u00f6sterildi ve Paylan&#8217;\u0131n s\u00f6z\u00fcn\u00fc geri almas\u0131 istendi.<\/p>\n<p style=\"text-align: justify;\"><b>N\u00fcfus c\u00fczdan\u0131 de\u011fi\u015ftirme \u00fccreti de\u011fi\u015ftirildi<\/b><\/p>\n<p style=\"text-align: justify;\">G\u00f6r\u00fc\u015fmelerin sonunda tasar\u0131n\u0131n 1. b\u00f6l\u00fcm\u00fcndeki maddeler kabul edildi. Buna g\u00f6re, N\u00fcfus Hizmetleri Kanunu&#8217;nda yap\u0131lan de\u011fi\u015fiklikle kimlik kart\u0131 i\u00e7in al\u0131nan bedeller de\u011fi\u015ftirildi. Bundan b\u00f6yle kanuni bildirim s\u00fcresi d\u0131\u015f\u0131nda do\u011fum nedeniyle d\u00fczenlenen T\u00fcrkiye Cumhuriyeti kimlik kart\u0131 ve de\u011fi\u015ftirme nedeniyle d\u00fczenlenen kimlik kart\u0131 i\u00e7in 15&#8217;er lira, kay\u0131p nedeniyle d\u00fczenlenen kimlik kart\u0131 i\u00e7in 30 lira \u00f6denecek. 31 Aral\u0131k 2016&#8217;ya kadar verilen n\u00fcfus c\u00fczdanlar\u0131ndan 8 lira ka\u011f\u0131t bedeli al\u0131nacak. G\u00f6r\u00fc\u015fmelerin devam etti\u011fi tasar\u0131yla &#8220;n\u00fcfus c\u00fczdan\u0131&#8221; ibarelerinin &#8220;kimlik kart\u0131&#8221; \u015feklinde de\u011fi\u015ftirilmesi ve aile k\u00fct\u00fcklerinde yer alacak bilgilere &#8220;biyometrik veri&#8221; ilave edilmesi d\u00fczenleniyor. Tasar\u0131ya g\u00f6re kay\u0131tlar sadece elektronik ortamda tutulacak.<\/p>\n<p style=\"text-align: justify;\"><b>AKP&#8217;ye Sedat Peker sorusu?<\/b><\/p>\n<p style=\"text-align: justify;\">G\u00f6r\u00fc\u015fmeler s\u0131ras\u0131nda s\u00f6z alan CHP \u0130stanbul Milletvekili Selina Do\u011fan da mafya babas\u0131 Sedat Peker&#8217;in bar\u0131\u015f isteyen akademisyenlere y\u00f6nelik, &#8220;Oluk oluk kanlar\u0131n\u0131z\u0131 ak\u0131taca\u011f\u0131z ve akan kanlar\u0131n\u0131zla du\u015f alaca\u011f\u0131z&#8221; tehdidini g\u00fcndeme getirdi. Do\u011fan, Sedat Peker&#8217;in bu \u00fclkede bar\u0131\u015f isteyen, bar\u0131\u015fa davet eden bin 100 akademisyeni hedef g\u00f6stererek bir fantezisini dile getirdi\u011fini s\u00f6yledi. \u0130ktidar partisinden hala bu s\u00f6ylemle ilgili bir a\u00e7\u0131klama ve bir k\u0131nama gelmedi\u011fini belirten Do\u011fan, &#8220;\u015eimdi soruyorum: Sedat Peker kimdir? Hangi s\u0131fatla bu s\u00f6zleri sarf edebilmektedir? Bu s\u00f6zlerin I\u015e\u0130D zihniyetinden bir fark\u0131 var m\u0131d\u0131r? I\u015e\u0130D&#8217;le m\u00fccadele etti\u011fini iddia eden iktidar\u0131n buna kar\u015f\u0131 bir k\u0131namas\u0131 olmayacak m\u0131d\u0131r?&#8221; diye sordu.<\/p>\n<p style=\"text-align: justify;\">AK Parti Grup Ba\u015fkanvekili Naci Bostanc\u0131 da yerinden s\u00f6z alarak, &#8220;AK Parti iktidar oldu\u011fu s\u00fcre i\u00e7erisinde, bu 14 y\u0131l\u0131n i\u00e7erisinde T\u00fcrkiye&#8217;de irili ufakl\u0131 bir\u00e7ok mafya \u00f6rg\u00fct\u00fcyle m\u00fccadele etmi\u015f ve T\u00fcrkiye&#8217;de bu manada hukuku tesis etmi\u015f bir iktidard\u0131r. AK Parti&#8217;nin yegane dayana\u011f\u0131 milletin, halk\u0131n kendisidir, yoksa birtak\u0131m mafyatik \u00f6rg\u00fctlenmeler de\u011fildir. Hi\u00e7 olmad\u0131, bundan sonra da olmaz&#8221; kar\u015f\u0131l\u0131\u011f\u0131n\u0131 verdi.<\/p>\n<p style=\"text-align: justify;\"><b><i>http:\/\/www.cnnturk.com\/turkiye\/hdpli-garo-paylan-din-hanesi-nedeniyle-ayrimciliga-ugradim<\/i><\/b><\/p>\n","protected":false},"excerpt":{"rendered":"<p>TBMM&#8217;de N\u00fcfus Hizmetleri Kanunu&#8217;ndaki de\u011fi\u015fikliklere ili\u015fkin s\u00f6z alan HDP&#8217;li Garo Paylan n\u00fcfus c\u00fczdan\u0131n\u0131 g\u00f6stererek, din hanesinde &#8220;Hristiyan&#8221; yazd\u0131\u011f\u0131 i\u00e7in u\u011frad\u0131\u011f\u0131 ayr\u0131mc\u0131l\u0131klar\u0131 anlatt\u0131. Paylan&#8217;\u0131n din hanesinin kald\u0131r\u0131lmas\u0131 i\u00e7in verdikleri teklifin reddedildi\u011fini belirtti\u011fi konu\u015fmas\u0131nda kulland\u0131\u011f\u0131 soyk\u0131r\u0131m ifadesi nedeniyle MHP ve AKP Grup Ba\u015fkanvekilleri tepki g\u00f6sterdi. TBMM Genel Kurulunda, Askerlik Kanunu ile Baz\u0131 Kanun ve Kanun H\u00fckm\u00fcnde Kararnamelerde [&hellip;]<\/p>\n","protected":false},"author":7,"featured_media":0,"comment_status":"open","ping_status":"open","sticky":false,"template":"","format":"standard","meta":{"footnotes":""},"categories":[44,1,53],"tags":[],"class_list":["post-38115","post","type-post","status-publish","format-standard","hentry","category-ermeni-soykirimi","category-haberler","category-turkiyede-azinliklar"],"yoast_head":"<!-- This site is optimized with the Yoast SEO plugin v27.4 - https:\/\/yoast.com\/product\/yoast-seo-wordpress\/ -->\n<title>HDP&#039;li Garo Paylan: &quot;Din hanesi&#039; nedeniyle ayr\u0131mc\u0131l\u0131\u011fa u\u011frad\u0131m&quot; - Bati Ermenistan Ve Bati Ermenileri Sorunlari Ara\u015ftirmalar Merkezi<\/title>\n<meta name=\"robots\" content=\"index, follow, max-snippet:-1, max-image-preview:large, max-video-preview:-1\" \/>\n<link rel=\"canonical\" href=\"https:\/\/akunq.net\/tr\/?p=38115\" \/>\n<meta property=\"og:locale\" content=\"en_US\" \/>\n<meta property=\"og:type\" content=\"article\" \/>\n<meta property=\"og:title\" content=\"HDP&#039;li Garo Paylan: &quot;Din hanesi&#039; nedeniyle ayr\u0131mc\u0131l\u0131\u011fa u\u011frad\u0131m&quot; - Bati Ermenistan Ve Bati Ermenileri Sorunlari Ara\u015ftirmalar Merkezi\" \/>\n<meta property=\"og:description\" content=\"TBMM&#8217;de N\u00fcfus Hizmetleri Kanunu&#8217;ndaki de\u011fi\u015fikliklere ili\u015fkin s\u00f6z alan HDP&#8217;li Garo Paylan n\u00fcfus c\u00fczdan\u0131n\u0131 g\u00f6stererek, din hanesinde &#8220;Hristiyan&#8221; yazd\u0131\u011f\u0131 i\u00e7in u\u011frad\u0131\u011f\u0131 ayr\u0131mc\u0131l\u0131klar\u0131 anlatt\u0131. Paylan&#8217;\u0131n din hanesinin kald\u0131r\u0131lmas\u0131 i\u00e7in verdikleri teklifin reddedildi\u011fini belirtti\u011fi konu\u015fmas\u0131nda kulland\u0131\u011f\u0131 soyk\u0131r\u0131m ifadesi nedeniyle MHP ve AKP Grup Ba\u015fkanvekilleri tepki g\u00f6sterdi. TBMM Genel Kurulunda, Askerlik Kanunu ile Baz\u0131 Kanun ve Kanun H\u00fckm\u00fcnde Kararnamelerde [&hellip;]\" \/>\n<meta property=\"og:url\" content=\"https:\/\/akunq.net\/tr\/?p=38115\" \/>\n<meta property=\"og:site_name\" content=\"Bati Ermenistan Ve Bati Ermenileri Sorunlari Ara\u015ftirmalar Merkezi\" \/>\n<meta property=\"article:published_time\" content=\"2016-01-15T07:34:19+00:00\" \/>\n<meta name=\"author\" content=\"admin\" \/>\n<meta name=\"twitter:card\" content=\"summary_large_image\" \/>\n<meta name=\"twitter:label1\" content=\"Written by\" \/>\n\t<meta name=\"twitter:data1\" content=\"admin\" \/>\n\t<meta name=\"twitter:label2\" content=\"Est. reading time\" \/>\n\t<meta name=\"twitter:data2\" content=\"6 minutes\" \/>\n<script type=\"application\/ld+json\" class=\"yoast-schema-graph\">{\"@context\":\"https:\\\/\\\/schema.org\",\"@graph\":[{\"@type\":\"Article\",\"@id\":\"https:\\\/\\\/akunq.net\\\/tr\\\/?p=38115#article\",\"isPartOf\":{\"@id\":\"https:\\\/\\\/akunq.net\\\/tr\\\/?p=38115\"},\"author\":{\"name\":\"admin\",\"@id\":\"https:\\\/\\\/akunq.net\\\/tr\\\/#\\\/schema\\\/person\\\/096f1d38a12cce57fb855b485ed24c9e\"},\"headline\":\"HDP&#8217;li Garo Paylan: &#8220;Din hanesi&#8217; nedeniyle ayr\u0131mc\u0131l\u0131\u011fa u\u011frad\u0131m&#8221;\",\"datePublished\":\"2016-01-15T07:34:19+00:00\",\"mainEntityOfPage\":{\"@id\":\"https:\\\/\\\/akunq.net\\\/tr\\\/?p=38115\"},\"wordCount\":1159,\"commentCount\":0,\"articleSection\":[\"Ermeni Soyk\u0131r\u0131m\u0131\",\"Haberler\",\"T\u00fcrkiye\u2019de Az\u0131nl\u0131klar\"],\"inLanguage\":\"en-US\",\"potentialAction\":[{\"@type\":\"CommentAction\",\"name\":\"Comment\",\"target\":[\"https:\\\/\\\/akunq.net\\\/tr\\\/?p=38115#respond\"]}]},{\"@type\":\"WebPage\",\"@id\":\"https:\\\/\\\/akunq.net\\\/tr\\\/?p=38115\",\"url\":\"https:\\\/\\\/akunq.net\\\/tr\\\/?p=38115\",\"name\":\"HDP'li Garo Paylan: \\\"Din hanesi' nedeniyle ayr\u0131mc\u0131l\u0131\u011fa u\u011frad\u0131m\\\" - Bati Ermenistan Ve Bati Ermenileri Sorunlari Ara\u015ftirmalar Merkezi\",\"isPartOf\":{\"@id\":\"https:\\\/\\\/akunq.net\\\/tr\\\/#website\"},\"datePublished\":\"2016-01-15T07:34:19+00:00\",\"author\":{\"@id\":\"https:\\\/\\\/akunq.net\\\/tr\\\/#\\\/schema\\\/person\\\/096f1d38a12cce57fb855b485ed24c9e\"},\"breadcrumb\":{\"@id\":\"https:\\\/\\\/akunq.net\\\/tr\\\/?p=38115#breadcrumb\"},\"inLanguage\":\"en-US\",\"potentialAction\":[{\"@type\":\"ReadAction\",\"target\":[\"https:\\\/\\\/akunq.net\\\/tr\\\/?p=38115\"]}]},{\"@type\":\"BreadcrumbList\",\"@id\":\"https:\\\/\\\/akunq.net\\\/tr\\\/?p=38115#breadcrumb\",\"itemListElement\":[{\"@type\":\"ListItem\",\"position\":1,\"name\":\"Home\",\"item\":\"https:\\\/\\\/akunq.net\\\/tr\"},{\"@type\":\"ListItem\",\"position\":2,\"name\":\"HDP&#8217;li Garo Paylan: &#8220;Din hanesi&#8217; nedeniyle ayr\u0131mc\u0131l\u0131\u011fa u\u011frad\u0131m&#8221;\"}]},{\"@type\":\"WebSite\",\"@id\":\"https:\\\/\\\/akunq.net\\\/tr\\\/#website\",\"url\":\"https:\\\/\\\/akunq.net\\\/tr\\\/\",\"name\":\"Bati Ermenistan Ve Bati Ermenileri Sorunlari Ara\u015ftirmalar Merkezi\",\"description\":\"\",\"potentialAction\":[{\"@type\":\"SearchAction\",\"target\":{\"@type\":\"EntryPoint\",\"urlTemplate\":\"https:\\\/\\\/akunq.net\\\/tr\\\/?s={search_term_string}\"},\"query-input\":{\"@type\":\"PropertyValueSpecification\",\"valueRequired\":true,\"valueName\":\"search_term_string\"}}],\"inLanguage\":\"en-US\"},{\"@type\":\"Person\",\"@id\":\"https:\\\/\\\/akunq.net\\\/tr\\\/#\\\/schema\\\/person\\\/096f1d38a12cce57fb855b485ed24c9e\",\"name\":\"admin\",\"url\":\"https:\\\/\\\/akunq.net\\\/tr\\\/?author=7\"}]}<\/script>\n<!-- \/ Yoast SEO plugin. -->","yoast_head_json":{"title":"HDP'li Garo Paylan: \"Din hanesi' nedeniyle ayr\u0131mc\u0131l\u0131\u011fa u\u011frad\u0131m\" - Bati Ermenistan Ve Bati Ermenileri Sorunlari Ara\u015ftirmalar Merkezi","robots":{"index":"index","follow":"follow","max-snippet":"max-snippet:-1","max-image-preview":"max-image-preview:large","max-video-preview":"max-video-preview:-1"},"canonical":"https:\/\/akunq.net\/tr\/?p=38115","og_locale":"en_US","og_type":"article","og_title":"HDP'li Garo Paylan: \"Din hanesi' nedeniyle ayr\u0131mc\u0131l\u0131\u011fa u\u011frad\u0131m\" - Bati Ermenistan Ve Bati Ermenileri Sorunlari Ara\u015ftirmalar Merkezi","og_description":"TBMM&#8217;de N\u00fcfus Hizmetleri Kanunu&#8217;ndaki de\u011fi\u015fikliklere ili\u015fkin s\u00f6z alan HDP&#8217;li Garo Paylan n\u00fcfus c\u00fczdan\u0131n\u0131 g\u00f6stererek, din hanesinde &#8220;Hristiyan&#8221; yazd\u0131\u011f\u0131 i\u00e7in u\u011frad\u0131\u011f\u0131 ayr\u0131mc\u0131l\u0131klar\u0131 anlatt\u0131. Paylan&#8217;\u0131n din hanesinin kald\u0131r\u0131lmas\u0131 i\u00e7in verdikleri teklifin reddedildi\u011fini belirtti\u011fi konu\u015fmas\u0131nda kulland\u0131\u011f\u0131 soyk\u0131r\u0131m ifadesi nedeniyle MHP ve AKP Grup Ba\u015fkanvekilleri tepki g\u00f6sterdi. TBMM Genel Kurulunda, Askerlik Kanunu ile Baz\u0131 Kanun ve Kanun H\u00fckm\u00fcnde Kararnamelerde [&hellip;]","og_url":"https:\/\/akunq.net\/tr\/?p=38115","og_site_name":"Bati Ermenistan Ve Bati Ermenileri Sorunlari Ara\u015ftirmalar Merkezi","article_published_time":"2016-01-15T07:34:19+00:00","author":"admin","twitter_card":"summary_large_image","twitter_misc":{"Written by":"admin","Est. reading time":"6 minutes"},"schema":{"@context":"https:\/\/schema.org","@graph":[{"@type":"Article","@id":"https:\/\/akunq.net\/tr\/?p=38115#article","isPartOf":{"@id":"https:\/\/akunq.net\/tr\/?p=38115"},"author":{"name":"admin","@id":"https:\/\/akunq.net\/tr\/#\/schema\/person\/096f1d38a12cce57fb855b485ed24c9e"},"headline":"HDP&#8217;li Garo Paylan: &#8220;Din hanesi&#8217; nedeniyle ayr\u0131mc\u0131l\u0131\u011fa u\u011frad\u0131m&#8221;","datePublished":"2016-01-15T07:34:19+00:00","mainEntityOfPage":{"@id":"https:\/\/akunq.net\/tr\/?p=38115"},"wordCount":1159,"commentCount":0,"articleSection":["Ermeni Soyk\u0131r\u0131m\u0131","Haberler","T\u00fcrkiye\u2019de Az\u0131nl\u0131klar"],"inLanguage":"en-US","potentialAction":[{"@type":"CommentAction","name":"Comment","target":["https:\/\/akunq.net\/tr\/?p=38115#respond"]}]},{"@type":"WebPage","@id":"https:\/\/akunq.net\/tr\/?p=38115","url":"https:\/\/akunq.net\/tr\/?p=38115","name":"HDP'li Garo Paylan: \"Din hanesi' nedeniyle ayr\u0131mc\u0131l\u0131\u011fa u\u011frad\u0131m\" - Bati Ermenistan Ve Bati Ermenileri Sorunlari Ara\u015ftirmalar Merkezi","isPartOf":{"@id":"https:\/\/akunq.net\/tr\/#website"},"datePublished":"2016-01-15T07:34:19+00:00","author":{"@id":"https:\/\/akunq.net\/tr\/#\/schema\/person\/096f1d38a12cce57fb855b485ed24c9e"},"breadcrumb":{"@id":"https:\/\/akunq.net\/tr\/?p=38115#breadcrumb"},"inLanguage":"en-US","potentialAction":[{"@type":"ReadAction","target":["https:\/\/akunq.net\/tr\/?p=38115"]}]},{"@type":"BreadcrumbList","@id":"https:\/\/akunq.net\/tr\/?p=38115#breadcrumb","itemListElement":[{"@type":"ListItem","position":1,"name":"Home","item":"https:\/\/akunq.net\/tr"},{"@type":"ListItem","position":2,"name":"HDP&#8217;li Garo Paylan: &#8220;Din hanesi&#8217; nedeniyle ayr\u0131mc\u0131l\u0131\u011fa u\u011frad\u0131m&#8221;"}]},{"@type":"WebSite","@id":"https:\/\/akunq.net\/tr\/#website","url":"https:\/\/akunq.net\/tr\/","name":"Bati Ermenistan Ve Bati Ermenileri Sorunlari Ara\u015ftirmalar Merkezi","description":"","potentialAction":[{"@type":"SearchAction","target":{"@type":"EntryPoint","urlTemplate":"https:\/\/akunq.net\/tr\/?s={search_term_string}"},"query-input":{"@type":"PropertyValueSpecification","valueRequired":true,"valueName":"search_term_string"}}],"inLanguage":"en-US"},{"@type":"Person","@id":"https:\/\/akunq.net\/tr\/#\/schema\/person\/096f1d38a12cce57fb855b485ed24c9e","name":"admin","url":"https:\/\/akunq.net\/tr\/?author=7"}]}},"_links":{"self":[{"href":"https:\/\/akunq.net\/tr\/index.php?rest_route=\/wp\/v2\/posts\/38115","targetHints":{"allow":["GET"]}}],"collection":[{"href":"https:\/\/akunq.net\/tr\/index.php?rest_route=\/wp\/v2\/posts"}],"about":[{"href":"https:\/\/akunq.net\/tr\/index.php?rest_route=\/wp\/v2\/types\/post"}],"author":[{"embeddable":true,"href":"https:\/\/akunq.net\/tr\/index.php?rest_route=\/wp\/v2\/users\/7"}],"replies":[{"embeddable":true,"href":"https:\/\/akunq.net\/tr\/index.php?rest_route=%2Fwp%2Fv2%2Fcomments&post=38115"}],"version-history":[{"count":1,"href":"https:\/\/akunq.net\/tr\/index.php?rest_route=\/wp\/v2\/posts\/38115\/revisions"}],"predecessor-version":[{"id":38117,"href":"https:\/\/akunq.net\/tr\/index.php?rest_route=\/wp\/v2\/posts\/38115\/revisions\/38117"}],"wp:attachment":[{"href":"https:\/\/akunq.net\/tr\/index.php?rest_route=%2Fwp%2Fv2%2Fmedia&parent=38115"}],"wp:term":[{"taxonomy":"category","embeddable":true,"href":"https:\/\/akunq.net\/tr\/index.php?rest_route=%2Fwp%2Fv2%2Fcategories&post=38115"},{"taxonomy":"post_tag","embeddable":true,"href":"https:\/\/akunq.net\/tr\/index.php?rest_route=%2Fwp%2Fv2%2Ftags&post=38115"}],"curies":[{"name":"wp","href":"https:\/\/api.w.org\/{rel}","templated":true}]}}