{"id":37974,"date":"2015-12-25T04:35:05","date_gmt":"2015-12-25T09:35:05","guid":{"rendered":"http:\/\/akunq.net\/tr\/?p=37974"},"modified":"2015-12-25T04:35:05","modified_gmt":"2015-12-25T09:35:05","slug":"ayse-hur-1915-ermeni-soykirimi-surecine-benziyor","status":"publish","type":"post","link":"https:\/\/akunq.net\/tr\/?p=37974","title":{"rendered":"Ay\u015fe H\u00fcr: 1915 Ermeni Soyk\u0131r\u0131m\u0131 s\u00fcrecine benziyor"},"content":{"rendered":"<p style=\"text-align: justify;\"><em><strong><a href=\"http:\/\/akunq.net\/tr\/?attachment_id=37975\" rel=\"attachment wp-att-37975\"><img loading=\"lazy\" decoding=\"async\" class=\"alignright size-medium wp-image-37975\" alt=\"Ay\u015fe H\u00fcr\" src=\"http:\/\/akunq.net\/tr\/wp-content\/uploads\/2015\/12\/Ay\u015fe-H\u00fcr-300x225.jpg\" width=\"300\" height=\"225\" srcset=\"https:\/\/akunq.net\/tr\/wp-content\/uploads\/sites\/6\/2015\/12\/Ay\u015fe-H\u00fcr-300x225.jpg 300w, https:\/\/akunq.net\/tr\/wp-content\/uploads\/sites\/6\/2015\/12\/Ay\u015fe-H\u00fcr.jpg 465w\" sizes=\"auto, (max-width: 300px) 100vw, 300px\" \/><\/a>\u0130STANBUL (D\u0130HA) &#8211; Bug\u00fcn ya\u015fananlar\u0131 1915 Ermeni Soyk\u0131r\u0131m\u0131 s\u00fcrecine benzeten tarih\u00e7i Ay\u015fe H\u00fcr, &#8220;K\u00fcrtleri bir i\u00e7 d\u00fc\u015fman olarak tan\u0131mlayan iktidar var&#8221; diyerek, ittihat\u00e7\u0131lar\u0131n, Kemalist rejimin, iktidara gelen Menderes ve onlar\u0131n temsil etti\u011fi sa\u011f-muhafazak\u00e2r kesimin de K\u00fcrtlere bu \u015fekilde bakt\u0131\u011f\u0131n\u0131n alt\u0131n\u0131 \u00e7izdi. K\u00fcrtlere y\u00f6nelik nefretin ya da anti-patinin y\u00f6netenlerin dilinden de g\u00f6r\u00fcld\u00fc\u011f\u00fcn\u00fc ifade eden H\u00fcr, Ba\u015fbakan Ahmet Davuto\u011flu&#8217;nun &#8220;Ev ev temizleyece\u011fiz&#8221; s\u00f6z\u00fcn\u00fc hat\u0131rlatarak, &#8220;Tam bir mafyavari terminoloji. Bunun soyk\u0131r\u0131msal bir t\u0131n\u0131s\u0131 da var&#8221; dedi.<\/strong><\/em><\/p>\n<p style=\"text-align: justify;\">K\u00fcrdistan&#8217;da AKP&#8217;nin katliam giri\u015fimleri, evlere kur\u015fun ya\u011fd\u0131rmas\u0131, halk\u0131 s\u00fcrg\u00fcne zorlamas\u0131 ve Ba\u015fbakan Ahmet Davuto\u011flu&#8217;nun &#8220;Ev ev temizleyece\u011fiz&#8221; s\u00f6zleri &#8220;etnik temizlik&#8221; tart\u0131\u015fmalar\u0131n\u0131 ba\u015flat\u0131rken, Cumhuriyet tarihinde de pek \u00e7ok iktidar taraf\u0131ndan kullan\u0131lan bu y\u00f6ntemler ve jargonlar\u0131 ak\u0131llara getirdi. Daha \u00f6nce \u015eeyh Sait, Dersim ve A\u011fr\u0131&#8217;da &#8220;Temizleyece\u011fiz&#8221; laflar\u0131n\u0131 kullanan iktidarlar, \u015fimdi de K\u00fcrtleri ayn\u0131 y\u00f6ntemle bir yandan katlederken, bir yandan da s\u00fcrg\u00fcne zorluyor. Tarih\u00e7i Ay\u015fe H\u00fcr, ge\u00e7mi\u015fte K\u00fcrtlere iktidarlar\u0131n uygulad\u0131\u011f\u0131 y\u00f6ntemlerle AKP&#8217;nin uygulad\u0131\u011f\u0131 benzer y\u00f6ntemlere dikkat \u00e7ekti.<\/p>\n<p style=\"text-align: justify;\"><strong>&#8216;1915 Ermeni Soyk\u0131r\u0131m\u0131 s\u00fcrecine benziyor&#8217;<\/strong><\/p>\n<p style=\"text-align: justify;\">Bug\u00fcn ya\u015fananlar\u0131 1915 Ermeni Soyk\u0131r\u0131m\u0131 s\u00fcrecine benzeten tarih\u00e7i Ay\u015fe H\u00fcr, 1915&#8217;te Ermenilerin de politik uyan\u0131\u015f i\u00e7inde olduklar\u0131n\u0131 ve siyasal taleplerini dile getirdiklerini ifade ederek, &#8220;Ancak, i\u015fler birdenbire hi\u00e7 ummad\u0131klar\u0131 bir noktaya d\u00f6nd\u00fc. Ama 1915&#8217;in Nisan, May\u0131s veya Mart&#8217;\u0131ndan itibaren ba\u015fka bir gerilime girilmi\u015fti. Tehcir ve soyk\u0131r\u0131mla sonu\u00e7land\u0131. \u015eu andaki durum bir par\u00e7a ona benziyor. Yani her \u015fey iyi giderken Ermeniler de Ta\u015fnaklarla, \u0130ttihat\u00e7\u0131larla ittifak halinde Meclis&#8217;e bile girmi\u015flerdi. Buradaki g\u00f6r\u00fc\u015fme s\u00fcrecine benzetilebilir. Ondan sonra birden bire s\u00fcrg\u00fcn ve arkas\u0131ndan soyk\u0131r\u0131m&#8221; diye konu\u015ftu.<\/p>\n<p style=\"text-align: justify;\"><strong>&#8216;K\u00fcrtleri bir i\u00e7 d\u00fc\u015fman olarak tan\u0131mlayan iktidar var&#8217;<\/strong><\/p>\n<p style=\"text-align: justify;\">&#8220;K\u00fcrtleri bir i\u00e7 d\u00fc\u015fman olarak tan\u0131mlayan iktidar var&#8221; diyen H\u00fcr, \u0130ttihat\u00e7\u0131lar\u0131n, Kemalist rejimin ve iktidara gelen Menderes ve onlar\u0131n temsil etti\u011fi sa\u011f-muhafazak\u00e2r kesimin de K\u00fcrtlere bu \u015fekilde bakt\u0131\u011f\u0131n\u0131n alt\u0131n\u0131 \u00e7izerek, \u015f\u00f6yle devam etti: &#8220;Cumhuriyet tarihi boyunca bir\u00e7ok iktidar, K\u00fcrtleri medenile\u015ftirilmesi gereken, e\u011fer bu rejimin tayin etti\u011fi kriterlere uygun davranmazsa, yani T\u00fcrk\u00e7e konu\u015fmazsa, askere onun istedi\u011fi gibi gitmezse veya sessiz bir vatanda\u015f olarak merkezi politikay\u0131 onaylamazsa, dini a\u00e7\u0131dan sunile\u015fmezse, cemevinden vazge\u00e7emezse bu cezaland\u0131r\u0131lmas\u0131 gereken ya da cezaland\u0131rmakta yetmiyorsa imha edilmesi gereken bir grup olarak bak\u0131yordu. \u015eu anda da ad\u0131 konmasa bile b\u00f6yle bir nefretin, anti-patinin oldu\u011funu g\u00f6r\u00fcyoruz.&#8221;<\/p>\n<p style=\"text-align: justify;\"><strong>Soyk\u0131r\u0131msal bir t\u0131n\u0131: Ev ev temizleyece\u011fiz<\/strong><\/p>\n<p style=\"text-align: justify;\">K\u00fcrtlere y\u00f6nelik nefretin ya da anti-patinin y\u00f6netenlerin dilinden de g\u00f6r\u00fcld\u00fc\u011f\u00fcn\u00fc ifade eden H\u00fcr, Ba\u015fbakan Ahmet Davuto\u011flu&#8217;nun &#8220;Ev ev temizleyece\u011fiz&#8221; s\u00f6z\u00fcn\u00fc hat\u0131rlatarak, &#8220;Tam bir mafyavari terminoloji. Bunun soyk\u0131r\u0131msal bir t\u0131n\u0131s\u0131 da var. Ne demek temizlemek?&#8221; diye tepki g\u00f6sterdi.<\/p>\n<p style=\"text-align: justify;\"><strong>Eskiden &#8216;\u015faki&#8217; \u015fimdi &#8216;ter\u00f6rist&#8217;<\/strong><\/p>\n<p style=\"text-align: justify;\">Dersim katliam\u0131nda ya\u015fat\u0131lanlara ili\u015fkin \u00f6rnekler veren H\u00fcr, \u015f\u00f6yle konu\u015ftu: &#8220;Dersim&#8217;de s\u00fcng\u00fcler takarak hamile kad\u0131nlar\u0131 u\u00e7urum kenarlar\u0131na dizip mitraly\u00f6zle tarayarak \u00f6ld\u00fcrd\u00fcler. Veya konaklara, samanl\u0131klara doldurup yakt\u0131lar, ma\u011faralara doldurup gaz verip farelerle zehirlediler.&#8221; Yine Zilan&#8217;da da, 1930&#8217;da bombaland\u0131\u011f\u0131nda &#8220;temizleme&#8221; s\u00f6zlerinin kullan\u0131ld\u0131\u011f\u0131na dikkat \u00e7eken H\u00fcr, \u015funlar\u0131 kaydetti: &#8220;Dereler ceset doldu. Ve &#8216;Ne g\u00fczel K\u00fcrtleri temizliyoruz&#8217; diye mutlu oldular. Yine 1984-99 aras\u0131nda &#8216;imha edilen&#8217;, &#8216;etkisiz hale getirilen&#8217; diye bir terminoloji var. Bir zamanlar &#8216;e\u015fk\u0131ya&#8217; diyorlard\u0131 b\u00fct\u00fcn Dersimlileri, Do\u011fulular\u0131 &#8216;\u015faki&#8217; diye nitelendiriyorlard\u0131. \u00d6yle bir \u015fekilde tarif ediyorlard\u0131 ki bunlar yol keser, gasp yapar, mal\u0131n\u0131 \u00e7alar. Sanki bu insanlar\u0131n ba\u015fka bir talebi yokmu\u015f gibi kurguluyorlard\u0131. \u015eimdi de &#8216;ter\u00f6rist&#8217; diyorlar.&#8221;<\/p>\n<p style=\"text-align: justify;\"><strong>&#8216;Devletin K\u00fcrt ve Alevilere bak\u0131\u015flar\u0131 de\u011fi\u015fmiyor&#8217;<\/strong><\/p>\n<p style=\"text-align: justify;\">\u015eimdi de tarihsel bir tekrar ve kli\u015feler oldu\u011funu, devletin K\u00fcrt ve Alevilere bak\u0131\u015flar\u0131n\u0131n de\u011fi\u015fmedi\u011fini vurgulayan H\u00fcr, &#8220;21. y\u00fczy\u0131l\u0131n neredeyse ilk \u00e7eyre\u011fini tamamlayaca\u011f\u0131z ve hala biz y\u00fczy\u0131l \u00f6nceki kavramlarla konu\u015fuyoruz. Ve y\u00fczy\u0131l \u00f6nceki soyk\u0131r\u0131m endi\u015fesini ya\u015f\u0131yoruz&#8221; ifadelerini kulland\u0131.<\/p>\n<p style=\"text-align: justify;\"><strong>&#8216;K\u00fcrt\u00e7e aile i\u00e7i konu\u015fmalara mahk\u00fbm edilmi\u015f&#8217;<\/strong><\/p>\n<p style=\"text-align: justify;\">\u015eark Islahat Ferman\u0131&#8217;n\u0131n bir\u00e7ok maddesinin her zaman Cumhuriyet tarihi boyunca devlet akl\u0131na dayanak olu\u015fturdu\u011funu s\u00f6yleyen H\u00fcr, &#8220;\u00d6rne\u011fin, K\u00fcrt\u00e7e konu\u015fma yasa\u011f\u0131 vard\u0131. K\u00fcrt\u00e7e konu\u015fana para cezas\u0131 veriliyordu. \u015eimdi ise para cezas\u0131 verilmiyor ama K\u00fcrt\u00e7e aile i\u00e7i konu\u015fmalara mahk\u00fbm edilmi\u015f. Sokakta konu\u015fuluyor ama e\u011fitim dili olmas\u0131na izin verilmiyor&#8221; dedi.<\/p>\n<p style=\"text-align: justify;\"><strong>&#8216;Politik bilin\u00e7 ve K\u00fcrtl\u00fck iktidar i\u00e7in en istenmeyen kombinasyon&#8217;<\/strong><\/p>\n<p style=\"text-align: justify;\">Devletin K\u00fcrtleri 1925 \u015eeyh Sait \u0130syan\u0131 ve 1937-38&#8217;de Dersim \u0130syan\u0131&#8217;nda s\u00fcrd\u00fc\u011f\u00fcn\u00fc hat\u0131rlatan H\u00fcr, &#8220;\u00d6rne\u011fin; 1934 \u0130skan Kanunu s\u0131rf bunun i\u00e7in \u00e7\u0131km\u0131\u015ft\u0131r. Baz\u0131 b\u00f6lgeler iskana tamamen kapat\u0131lm\u0131\u015f, baz\u0131 b\u00f6lgelere T\u00fcrkleri, Balkan, Kafkas g\u00f6\u00e7menleri getirip K\u00fcrtlerin aras\u0131na serpi\u015ftirerek oradaki k\u00fclt\u00fcrel dokuyu bozmaya \u00e7al\u0131\u015fm\u0131\u015flar. Bug\u00fcn Sur da, 1990&#8217;lar\u0131n zoruyla k\u00f6y bo\u015faltmalar\u0131ndan ka\u00e7arak \u015fehrin yoksul b\u00f6l\u00fcm\u00fcne s\u0131\u011f\u0131nm\u0131\u015f insanlar\u0131n bulundu\u011fu yerlerdir. \u015eimdi orada da onlar\u0131 bar\u0131nd\u0131rm\u0131yorlar. \u00c7\u00fcnk\u00fc o insanlar\u0131n politik bilin\u00e7leri y\u00fcksek. Politik bilin\u00e7, yoksulluk ve K\u00fcrtl\u00fck iktidar i\u00e7in en istenmeyen kombinasyon. Onu mutlaka bir yere atacak&#8221; diye ifade etti.<\/p>\n<p style=\"text-align: justify;\"><strong>Bas\u0131n o g\u00fcn de vermiyordu bug\u00fcn de<\/strong><\/p>\n<p style=\"text-align: justify;\">Yine A\u011fr\u0131 \u0130syan\u0131 d\u00f6neminde kamuoyunun bilgisi olmad\u0131\u011f\u0131na dair \u00f6rnekler veren H\u00fcr, bas\u0131n\u0131n yakla\u015f\u0131m\u0131n\u0131 \u015f\u00f6yle de\u011ferlendirdi: &#8220;O zaman da T\u00fcrkiye&#8217;deki gazeteleri okuyan ki\u015filer A\u011fr\u0131 \u0130syan\u0131&#8217;n\u0131 son ana kadar Ankara ya da \u0130stanbul&#8217;dakiler bilmiyordu. \u00c7\u00fcnk\u00fc gazeteler bunu yazm\u0131yordu. \u0130syan 1926&#8217;da ba\u015flam\u0131\u015f, 28&#8217;de olaylar ba\u015flam\u0131\u015f ve 29-30&#8217;a gelinmi\u015f, yaz ay\u0131 gelmi\u015f. Son harekat\u0131 yapacaklar ama kimse bilmiyor. \u00c7\u00fcnk\u00fc gazeteler yazm\u0131yor. Ta ki d\u00fcnyaya duyurulmas\u0131 \u00fczerine \u0130ngilizler, Frans\u0131zlar yay\u0131n yap\u0131yorlar ve bunun \u00fczerine mecbur kal\u0131yorlar duyurmak i\u00e7in. Ona benzer bir \u015fekilde Dersim&#8217;de ya\u015fananlar hi\u00e7bir zaman tam ve do\u011fru olarak aktar\u0131lm\u0131yordu okuyuculara. \u015eimdi de benzer bir \u015fekilde bas\u0131n merkezden \u015fu veya bu \u015fekilde ald\u0131\u011f\u0131 y\u00f6nergeyle veya bask\u0131yla, talimatla Sur, Cizre&#8217;de ne oldu\u011funu ger\u00e7ek boyutlar\u0131yla aktarm\u0131yor. Bu da T\u00fcrkiye&#8217;deki medya-siyaset ili\u015fkisi a\u00e7\u0131s\u0131ndan da hi\u00e7bir \u015feyin de\u011fi\u015fmedi\u011fini g\u00f6steriyor.&#8221;<\/p>\n<p style=\"text-align: justify;\"><strong>&#8216;\u015eimdi bo\u015falan alanlar i\u015fgal ediliyor&#8217;<\/strong><\/p>\n<p style=\"text-align: justify;\">H\u00fcr, \u00f6nceden k\u00f6ylerin yak\u0131ld\u0131\u011f\u0131n\u0131, orman\u0131n ve tarlan\u0131n ate\u015fe verildi\u011fini s\u00f6yleyerek, \u015funlara dikkat \u00e7ekti: &#8220;Onun yerine bir \u015fey kurmuyordu. \u015eimdi de o bo\u015falan alan\u0131 i\u015fgal ediyor. Sur&#8217;da &#8216;Kentsel d\u00f6n\u00fc\u015f\u00fcme tabi tutaca\u011f\u0131m&#8217; diyor. O d\u00f6n\u00fc\u015f\u00fcmden sonra halk bir daha d\u00f6nemeyecek. Orada tarihi imha etmekle kalm\u0131yor, ayn\u0131 zamanda oray\u0131 m\u00fclk ediniyor. Bu ge\u00e7mi\u015fte yapmad\u0131klar\u0131 bir \u015fey. Soylula\u015ft\u0131rma denilen \u015fey i\u015fte bu.&#8221;<\/p>\n<p style=\"text-align: justify;\"><strong>&#8216;Y\u0131llarca \u00f6l\u00fc bedenlere yap\u0131lanlar tekrarlan\u0131yor&#8217;<\/strong><\/p>\n<p style=\"text-align: justify;\">Son olarak H\u00fcr, yine Dersim&#8217;de 1937-38&#8217;de askerlerin ellerinde kesik kafalarla foto\u011fraf \u00e7ektirmi\u015f edas\u0131yla g\u00f6r\u00fcnt\u00fc verdiklerini dile getirerek, &#8220;Y\u0131llar i\u00e7inde 1984&#8217;lerden sonra bunun tekrarland\u0131\u011f\u0131n\u0131 g\u00f6r\u00fcyoruz. H\u00e2l\u00e2 \u00f6l\u00fc bedenlere sayg\u0131s\u0131zl\u0131klar yap\u0131l\u0131yor, kulaklar kesiliyor, g\u00f6m\u00fclmeleri engelleniyor, \u00e7\u0131plak cesetler yerlerde s\u00fcr\u00fckleniyor. Yani, sadece ya\u015farken de\u011fil, \u00f6ld\u00fckten sonra da ikinci kez egemenli\u011fini g\u00f6stermeye \u00e7al\u0131\u015f\u0131yor&#8221; dedi.<\/p>\n<p style=\"text-align: justify;\"><em><strong>http:\/\/www.bestanuce1.com\/haber\/232306\/ayse-hur-1915-ermeni-soykirimi-surecine-benziyor<\/strong><\/em><\/p>\n","protected":false},"excerpt":{"rendered":"<p>\u0130STANBUL (D\u0130HA) &#8211; Bug\u00fcn ya\u015fananlar\u0131 1915 Ermeni Soyk\u0131r\u0131m\u0131 s\u00fcrecine benzeten tarih\u00e7i Ay\u015fe H\u00fcr, &#8220;K\u00fcrtleri bir i\u00e7 d\u00fc\u015fman olarak tan\u0131mlayan iktidar var&#8221; diyerek, ittihat\u00e7\u0131lar\u0131n, Kemalist rejimin, iktidara gelen Menderes ve onlar\u0131n temsil etti\u011fi sa\u011f-muhafazak\u00e2r kesimin de K\u00fcrtlere bu \u015fekilde bakt\u0131\u011f\u0131n\u0131n alt\u0131n\u0131 \u00e7izdi. K\u00fcrtlere y\u00f6nelik nefretin ya da anti-patinin y\u00f6netenlerin dilinden de g\u00f6r\u00fcld\u00fc\u011f\u00fcn\u00fc ifade eden H\u00fcr, Ba\u015fbakan [&hellip;]<\/p>\n","protected":false},"author":7,"featured_media":0,"comment_status":"open","ping_status":"open","sticky":false,"template":"","format":"standard","meta":{"footnotes":""},"categories":[44,1,53],"tags":[],"class_list":["post-37974","post","type-post","status-publish","format-standard","hentry","category-ermeni-soykirimi","category-haberler","category-turkiyede-azinliklar"],"yoast_head":"<!-- This site is optimized with the Yoast SEO plugin v27.4 - https:\/\/yoast.com\/product\/yoast-seo-wordpress\/ -->\n<title>Ay\u015fe H\u00fcr: 1915 Ermeni Soyk\u0131r\u0131m\u0131 s\u00fcrecine benziyor - Bati Ermenistan Ve Bati Ermenileri Sorunlari Ara\u015ftirmalar Merkezi<\/title>\n<meta name=\"robots\" content=\"index, follow, max-snippet:-1, max-image-preview:large, max-video-preview:-1\" \/>\n<link rel=\"canonical\" href=\"https:\/\/akunq.net\/tr\/?p=37974\" \/>\n<meta property=\"og:locale\" content=\"en_US\" \/>\n<meta property=\"og:type\" content=\"article\" \/>\n<meta property=\"og:title\" content=\"Ay\u015fe H\u00fcr: 1915 Ermeni Soyk\u0131r\u0131m\u0131 s\u00fcrecine benziyor - Bati Ermenistan Ve Bati Ermenileri Sorunlari Ara\u015ftirmalar Merkezi\" \/>\n<meta property=\"og:description\" content=\"\u0130STANBUL (D\u0130HA) &#8211; Bug\u00fcn ya\u015fananlar\u0131 1915 Ermeni Soyk\u0131r\u0131m\u0131 s\u00fcrecine benzeten tarih\u00e7i Ay\u015fe H\u00fcr, &#8220;K\u00fcrtleri bir i\u00e7 d\u00fc\u015fman olarak tan\u0131mlayan iktidar var&#8221; diyerek, ittihat\u00e7\u0131lar\u0131n, Kemalist rejimin, iktidara gelen Menderes ve onlar\u0131n temsil etti\u011fi sa\u011f-muhafazak\u00e2r kesimin de K\u00fcrtlere bu \u015fekilde bakt\u0131\u011f\u0131n\u0131n alt\u0131n\u0131 \u00e7izdi. K\u00fcrtlere y\u00f6nelik nefretin ya da anti-patinin y\u00f6netenlerin dilinden de g\u00f6r\u00fcld\u00fc\u011f\u00fcn\u00fc ifade eden H\u00fcr, Ba\u015fbakan [&hellip;]\" \/>\n<meta property=\"og:url\" content=\"https:\/\/akunq.net\/tr\/?p=37974\" \/>\n<meta property=\"og:site_name\" content=\"Bati Ermenistan Ve Bati Ermenileri Sorunlari Ara\u015ftirmalar Merkezi\" \/>\n<meta property=\"article:published_time\" content=\"2015-12-25T09:35:05+00:00\" \/>\n<meta name=\"author\" content=\"admin\" \/>\n<meta name=\"twitter:card\" content=\"summary_large_image\" \/>\n<meta name=\"twitter:label1\" content=\"Written by\" \/>\n\t<meta name=\"twitter:data1\" content=\"admin\" \/>\n\t<meta name=\"twitter:label2\" content=\"Est. reading time\" \/>\n\t<meta name=\"twitter:data2\" content=\"7 minutes\" \/>\n<script type=\"application\/ld+json\" class=\"yoast-schema-graph\">{\"@context\":\"https:\\\/\\\/schema.org\",\"@graph\":[{\"@type\":\"Article\",\"@id\":\"https:\\\/\\\/akunq.net\\\/tr\\\/?p=37974#article\",\"isPartOf\":{\"@id\":\"https:\\\/\\\/akunq.net\\\/tr\\\/?p=37974\"},\"author\":{\"name\":\"admin\",\"@id\":\"https:\\\/\\\/akunq.net\\\/tr\\\/#\\\/schema\\\/person\\\/096f1d38a12cce57fb855b485ed24c9e\"},\"headline\":\"Ay\u015fe H\u00fcr: 1915 Ermeni Soyk\u0131r\u0131m\u0131 s\u00fcrecine benziyor\",\"datePublished\":\"2015-12-25T09:35:05+00:00\",\"mainEntityOfPage\":{\"@id\":\"https:\\\/\\\/akunq.net\\\/tr\\\/?p=37974\"},\"wordCount\":1355,\"commentCount\":0,\"articleSection\":[\"Ermeni Soyk\u0131r\u0131m\u0131\",\"Haberler\",\"T\u00fcrkiye\u2019de Az\u0131nl\u0131klar\"],\"inLanguage\":\"en-US\",\"potentialAction\":[{\"@type\":\"CommentAction\",\"name\":\"Comment\",\"target\":[\"https:\\\/\\\/akunq.net\\\/tr\\\/?p=37974#respond\"]}]},{\"@type\":\"WebPage\",\"@id\":\"https:\\\/\\\/akunq.net\\\/tr\\\/?p=37974\",\"url\":\"https:\\\/\\\/akunq.net\\\/tr\\\/?p=37974\",\"name\":\"Ay\u015fe H\u00fcr: 1915 Ermeni Soyk\u0131r\u0131m\u0131 s\u00fcrecine benziyor - Bati Ermenistan Ve Bati Ermenileri Sorunlari Ara\u015ftirmalar Merkezi\",\"isPartOf\":{\"@id\":\"https:\\\/\\\/akunq.net\\\/tr\\\/#website\"},\"datePublished\":\"2015-12-25T09:35:05+00:00\",\"author\":{\"@id\":\"https:\\\/\\\/akunq.net\\\/tr\\\/#\\\/schema\\\/person\\\/096f1d38a12cce57fb855b485ed24c9e\"},\"breadcrumb\":{\"@id\":\"https:\\\/\\\/akunq.net\\\/tr\\\/?p=37974#breadcrumb\"},\"inLanguage\":\"en-US\",\"potentialAction\":[{\"@type\":\"ReadAction\",\"target\":[\"https:\\\/\\\/akunq.net\\\/tr\\\/?p=37974\"]}]},{\"@type\":\"BreadcrumbList\",\"@id\":\"https:\\\/\\\/akunq.net\\\/tr\\\/?p=37974#breadcrumb\",\"itemListElement\":[{\"@type\":\"ListItem\",\"position\":1,\"name\":\"Home\",\"item\":\"https:\\\/\\\/akunq.net\\\/tr\"},{\"@type\":\"ListItem\",\"position\":2,\"name\":\"Ay\u015fe H\u00fcr: 1915 Ermeni Soyk\u0131r\u0131m\u0131 s\u00fcrecine benziyor\"}]},{\"@type\":\"WebSite\",\"@id\":\"https:\\\/\\\/akunq.net\\\/tr\\\/#website\",\"url\":\"https:\\\/\\\/akunq.net\\\/tr\\\/\",\"name\":\"Bati Ermenistan Ve Bati Ermenileri Sorunlari Ara\u015ftirmalar Merkezi\",\"description\":\"\",\"potentialAction\":[{\"@type\":\"SearchAction\",\"target\":{\"@type\":\"EntryPoint\",\"urlTemplate\":\"https:\\\/\\\/akunq.net\\\/tr\\\/?s={search_term_string}\"},\"query-input\":{\"@type\":\"PropertyValueSpecification\",\"valueRequired\":true,\"valueName\":\"search_term_string\"}}],\"inLanguage\":\"en-US\"},{\"@type\":\"Person\",\"@id\":\"https:\\\/\\\/akunq.net\\\/tr\\\/#\\\/schema\\\/person\\\/096f1d38a12cce57fb855b485ed24c9e\",\"name\":\"admin\",\"url\":\"https:\\\/\\\/akunq.net\\\/tr\\\/?author=7\"}]}<\/script>\n<!-- \/ Yoast SEO plugin. -->","yoast_head_json":{"title":"Ay\u015fe H\u00fcr: 1915 Ermeni Soyk\u0131r\u0131m\u0131 s\u00fcrecine benziyor - Bati Ermenistan Ve Bati Ermenileri Sorunlari Ara\u015ftirmalar Merkezi","robots":{"index":"index","follow":"follow","max-snippet":"max-snippet:-1","max-image-preview":"max-image-preview:large","max-video-preview":"max-video-preview:-1"},"canonical":"https:\/\/akunq.net\/tr\/?p=37974","og_locale":"en_US","og_type":"article","og_title":"Ay\u015fe H\u00fcr: 1915 Ermeni Soyk\u0131r\u0131m\u0131 s\u00fcrecine benziyor - Bati Ermenistan Ve Bati Ermenileri Sorunlari Ara\u015ftirmalar Merkezi","og_description":"\u0130STANBUL (D\u0130HA) &#8211; Bug\u00fcn ya\u015fananlar\u0131 1915 Ermeni Soyk\u0131r\u0131m\u0131 s\u00fcrecine benzeten tarih\u00e7i Ay\u015fe H\u00fcr, &#8220;K\u00fcrtleri bir i\u00e7 d\u00fc\u015fman olarak tan\u0131mlayan iktidar var&#8221; diyerek, ittihat\u00e7\u0131lar\u0131n, Kemalist rejimin, iktidara gelen Menderes ve onlar\u0131n temsil etti\u011fi sa\u011f-muhafazak\u00e2r kesimin de K\u00fcrtlere bu \u015fekilde bakt\u0131\u011f\u0131n\u0131n alt\u0131n\u0131 \u00e7izdi. K\u00fcrtlere y\u00f6nelik nefretin ya da anti-patinin y\u00f6netenlerin dilinden de g\u00f6r\u00fcld\u00fc\u011f\u00fcn\u00fc ifade eden H\u00fcr, Ba\u015fbakan [&hellip;]","og_url":"https:\/\/akunq.net\/tr\/?p=37974","og_site_name":"Bati Ermenistan Ve Bati Ermenileri Sorunlari Ara\u015ftirmalar Merkezi","article_published_time":"2015-12-25T09:35:05+00:00","author":"admin","twitter_card":"summary_large_image","twitter_misc":{"Written by":"admin","Est. reading time":"7 minutes"},"schema":{"@context":"https:\/\/schema.org","@graph":[{"@type":"Article","@id":"https:\/\/akunq.net\/tr\/?p=37974#article","isPartOf":{"@id":"https:\/\/akunq.net\/tr\/?p=37974"},"author":{"name":"admin","@id":"https:\/\/akunq.net\/tr\/#\/schema\/person\/096f1d38a12cce57fb855b485ed24c9e"},"headline":"Ay\u015fe H\u00fcr: 1915 Ermeni Soyk\u0131r\u0131m\u0131 s\u00fcrecine benziyor","datePublished":"2015-12-25T09:35:05+00:00","mainEntityOfPage":{"@id":"https:\/\/akunq.net\/tr\/?p=37974"},"wordCount":1355,"commentCount":0,"articleSection":["Ermeni Soyk\u0131r\u0131m\u0131","Haberler","T\u00fcrkiye\u2019de Az\u0131nl\u0131klar"],"inLanguage":"en-US","potentialAction":[{"@type":"CommentAction","name":"Comment","target":["https:\/\/akunq.net\/tr\/?p=37974#respond"]}]},{"@type":"WebPage","@id":"https:\/\/akunq.net\/tr\/?p=37974","url":"https:\/\/akunq.net\/tr\/?p=37974","name":"Ay\u015fe H\u00fcr: 1915 Ermeni Soyk\u0131r\u0131m\u0131 s\u00fcrecine benziyor - Bati Ermenistan Ve Bati Ermenileri Sorunlari Ara\u015ftirmalar Merkezi","isPartOf":{"@id":"https:\/\/akunq.net\/tr\/#website"},"datePublished":"2015-12-25T09:35:05+00:00","author":{"@id":"https:\/\/akunq.net\/tr\/#\/schema\/person\/096f1d38a12cce57fb855b485ed24c9e"},"breadcrumb":{"@id":"https:\/\/akunq.net\/tr\/?p=37974#breadcrumb"},"inLanguage":"en-US","potentialAction":[{"@type":"ReadAction","target":["https:\/\/akunq.net\/tr\/?p=37974"]}]},{"@type":"BreadcrumbList","@id":"https:\/\/akunq.net\/tr\/?p=37974#breadcrumb","itemListElement":[{"@type":"ListItem","position":1,"name":"Home","item":"https:\/\/akunq.net\/tr"},{"@type":"ListItem","position":2,"name":"Ay\u015fe H\u00fcr: 1915 Ermeni Soyk\u0131r\u0131m\u0131 s\u00fcrecine benziyor"}]},{"@type":"WebSite","@id":"https:\/\/akunq.net\/tr\/#website","url":"https:\/\/akunq.net\/tr\/","name":"Bati Ermenistan Ve Bati Ermenileri Sorunlari Ara\u015ftirmalar Merkezi","description":"","potentialAction":[{"@type":"SearchAction","target":{"@type":"EntryPoint","urlTemplate":"https:\/\/akunq.net\/tr\/?s={search_term_string}"},"query-input":{"@type":"PropertyValueSpecification","valueRequired":true,"valueName":"search_term_string"}}],"inLanguage":"en-US"},{"@type":"Person","@id":"https:\/\/akunq.net\/tr\/#\/schema\/person\/096f1d38a12cce57fb855b485ed24c9e","name":"admin","url":"https:\/\/akunq.net\/tr\/?author=7"}]}},"_links":{"self":[{"href":"https:\/\/akunq.net\/tr\/index.php?rest_route=\/wp\/v2\/posts\/37974","targetHints":{"allow":["GET"]}}],"collection":[{"href":"https:\/\/akunq.net\/tr\/index.php?rest_route=\/wp\/v2\/posts"}],"about":[{"href":"https:\/\/akunq.net\/tr\/index.php?rest_route=\/wp\/v2\/types\/post"}],"author":[{"embeddable":true,"href":"https:\/\/akunq.net\/tr\/index.php?rest_route=\/wp\/v2\/users\/7"}],"replies":[{"embeddable":true,"href":"https:\/\/akunq.net\/tr\/index.php?rest_route=%2Fwp%2Fv2%2Fcomments&post=37974"}],"version-history":[{"count":1,"href":"https:\/\/akunq.net\/tr\/index.php?rest_route=\/wp\/v2\/posts\/37974\/revisions"}],"predecessor-version":[{"id":37976,"href":"https:\/\/akunq.net\/tr\/index.php?rest_route=\/wp\/v2\/posts\/37974\/revisions\/37976"}],"wp:attachment":[{"href":"https:\/\/akunq.net\/tr\/index.php?rest_route=%2Fwp%2Fv2%2Fmedia&parent=37974"}],"wp:term":[{"taxonomy":"category","embeddable":true,"href":"https:\/\/akunq.net\/tr\/index.php?rest_route=%2Fwp%2Fv2%2Fcategories&post=37974"},{"taxonomy":"post_tag","embeddable":true,"href":"https:\/\/akunq.net\/tr\/index.php?rest_route=%2Fwp%2Fv2%2Ftags&post=37974"}],"curies":[{"name":"wp","href":"https:\/\/api.w.org\/{rel}","templated":true}]}}