{"id":32766,"date":"2014-12-17T01:57:56","date_gmt":"2014-12-17T06:57:56","guid":{"rendered":"http:\/\/akunq.net\/tr\/?p=32766"},"modified":"2014-12-17T01:57:56","modified_gmt":"2014-12-17T06:57:56","slug":"1915-yaklasirken-ahmet-turk-ozur-diledi-suryani-ermeni-ve-ezidilerden-bizleri-bagislamalarini-diliyoruz","status":"publish","type":"post","link":"https:\/\/akunq.net\/tr\/?p=32766","title":{"rendered":"1915 yakla\u015f\u0131rken Ahmet T\u00fcrk \u00f6z\u00fcr diledi: \u201cS\u00fcryani, Ermeni ve Ezidilerden bizleri ba\u011f\u0131\u015flamalar\u0131n\u0131 diliyoruz\u201d"},"content":{"rendered":"<p style=\"text-align: justify;\"><b><i><a href=\"http:\/\/akunq.net\/tr\/?attachment_id=32767\" rel=\"attachment wp-att-32767\"><img loading=\"lazy\" decoding=\"async\" class=\"alignright size-medium wp-image-32767\" alt=\"Ahmet T\u00fcrk\" src=\"http:\/\/akunq.net\/tr\/wp-content\/uploads\/2014\/12\/Ahmet-T\u00fcrk-300x199.jpg\" width=\"300\" height=\"199\" srcset=\"https:\/\/akunq.net\/tr\/wp-content\/uploads\/sites\/6\/2014\/12\/Ahmet-T\u00fcrk-300x199.jpg 300w, https:\/\/akunq.net\/tr\/wp-content\/uploads\/sites\/6\/2014\/12\/Ahmet-T\u00fcrk-600x398.jpg 600w, https:\/\/akunq.net\/tr\/wp-content\/uploads\/sites\/6\/2014\/12\/Ahmet-T\u00fcrk.jpg 800w\" sizes=\"auto, (max-width: 300px) 100vw, 300px\" \/><\/a>Sigtuna Belediyesi\u2019nin davetlisi olarak \u0130sve\u00e7\u2019te bulunan Mardin B\u00fcy\u00fck\u015fehir E\u015fba\u015fkan\u0131 Ahmet T\u00fcrk, Stockholm\u2019de d\u00fczenlenen bir seminerde, 1915 y\u0131l\u0131nda yap\u0131lan soyk\u0131r\u0131m s\u0131ras\u0131nda baz\u0131 K\u00fcrt a\u015firetlerinin su\u00e7a ortak olmalar\u0131ndan duydu\u011fu \u00fcz\u00fcnt\u00fcy\u00fc dile getirdikten sonra S\u00fcryani, Ermeni ve Ezidilerden \u00f6z\u00fcr diledi.<\/i><\/b><\/p>\n<p style=\"text-align: justify;\">Rag\u0131p Zarakolu\u2019nun da konu\u015fmac\u0131 olarak yer ald\u0131\u011f\u0131 toplant\u0131da, Ahmet T\u00fcrk,\u00a0Asuri, Ermeni ve Ezidilerin K\u00fcrdistan\u2019\u0131n ger\u00e7ek sahipleri olduklar\u0131n\u0131 ve K\u00fcrdistan\u2019\u0131n K\u00fcrtler kadar onlar\u0131n topraklar\u0131 oldu\u011funu vurgulad\u0131.<\/p>\n<p style=\"text-align: justify;\">Mezopotomya ve Anadolu\u2019nun de\u011fi\u015fik etnik k\u00f6ken ve inan\u00e7lara mensup halklar\u0131n bir arada ya\u015fad\u0131klar\u0131 d\u00fcnyan\u0131n en zengin b\u00f6lgelerinden biri oldu\u011funa dikkat \u00e7eken T\u00fcrk, ancak burada ya\u015fayan haklar\u0131n k\u00fclt\u00fcrlerini, inan\u00e7lar\u0131n\u0131 inkar eden, asimilasyon ve soyk\u0131r\u0131m\u0131na tabi tutan anlay\u0131\u015f\u0131 t\u00fcm d\u00fcnyan\u0131n bildi\u011fini s\u00f6yledi.\u00a01911 y\u0131l\u0131nda \u0130ttihat ve Terakki Partisi\u2019nin \u00fc\u00e7 liderinin bir araya gelerek tarihi kararlar ald\u0131klar\u0131n\u0131 belirten T\u00fcrk, al\u0131nan kararlar\u0131 gayr\u0131 M\u00fcsl\u00fcmlerin azalt\u0131lmas\u0131, Alevilerin Sunnile\u015ftirilmesi ve K\u00fcrtlerin asimile edilmeleri olarak s\u0131ralad\u0131.<\/p>\n<p style=\"text-align: justify;\">T\u00fcrk, 1911 y\u0131l\u0131nda al\u0131nan kararlar\u0131n t\u00fcm Cumhuriyet tarihi boyunca uyguland\u0131\u011f\u0131n\u0131 ve ayn\u0131 anlay\u0131\u015f\u0131n bug\u00fcn h\u00e2l\u00e2 s\u00fcrmekte oldu\u011funu ifade etti. T\u00fcm halklar\u0131n ink\u00e2r\u0131 temeline dayanan ulus devleti yaratma \u00e7abalar\u0131n\u0131n g\u00fcn\u00fcm\u00fczde s\u00fcrmekte oldu\u011funa dikkat \u00e7eken T\u00fcrk, \u201c1914-15 y\u0131llar\u0131nda devletin bu kararlar\u0131n\u0131 yerine getirirken, ger\u00e7ekle\u015ftirirken maalesef K\u00fcrt Halk\u0131 da \u0130slamiyet ad\u0131na a\u00e7\u0131k bir \u015fekilde kullan\u0131ld\u0131. Dedelerimizin, babalar\u0131m\u0131z\u0131n o katliama kat\u0131lmalar\u0131n\u0131n ac\u0131s\u0131n\u0131 biz bug\u00fcn torunlar\u0131 ve \u00e7ocuklar\u0131 ya\u015famaktay\u0131z. Asla ve asla bu karde\u015f halklar\u0131m\u0131za \u00e7ektirdi\u011fimiz ac\u0131lar\u0131 unutmayaca\u011f\u0131z. Hi\u00e7 bir zaman da unutmamak da gerekir. S\u00fcryani, Ermeni Halklar\u0131ndan ve Ezidi karde\u015flerimizden bizleri ba\u011f\u0131\u015flamalar\u0131n\u0131 diliyoruz\u201d \u015feklinde konu\u015ftu.<\/p>\n<p style=\"text-align: justify;\"><b><i>http:\/\/marksist.org\/ahmet-turk-suryani-ermeni-ve-ezidilerden-bizleri-bagislamalarini-diliyoruz.html<\/i><\/b><\/p>\n","protected":false},"excerpt":{"rendered":"<p>Sigtuna Belediyesi\u2019nin davetlisi olarak \u0130sve\u00e7\u2019te bulunan Mardin B\u00fcy\u00fck\u015fehir E\u015fba\u015fkan\u0131 Ahmet T\u00fcrk, Stockholm\u2019de d\u00fczenlenen bir seminerde, 1915 y\u0131l\u0131nda yap\u0131lan soyk\u0131r\u0131m s\u0131ras\u0131nda baz\u0131 K\u00fcrt a\u015firetlerinin su\u00e7a ortak olmalar\u0131ndan duydu\u011fu \u00fcz\u00fcnt\u00fcy\u00fc dile getirdikten sonra S\u00fcryani, Ermeni ve Ezidilerden \u00f6z\u00fcr diledi. Rag\u0131p Zarakolu\u2019nun da konu\u015fmac\u0131 olarak yer ald\u0131\u011f\u0131 toplant\u0131da, Ahmet T\u00fcrk,\u00a0Asuri, Ermeni ve Ezidilerin K\u00fcrdistan\u2019\u0131n ger\u00e7ek sahipleri olduklar\u0131n\u0131 ve [&hellip;]<\/p>\n","protected":false},"author":7,"featured_media":0,"comment_status":"open","ping_status":"open","sticky":false,"template":"","format":"standard","meta":{"footnotes":""},"categories":[44,1,53],"tags":[],"class_list":["post-32766","post","type-post","status-publish","format-standard","hentry","category-ermeni-soykirimi","category-haberler","category-turkiyede-azinliklar"],"yoast_head":"<!-- This site is optimized with the Yoast SEO plugin v27.4 - https:\/\/yoast.com\/product\/yoast-seo-wordpress\/ -->\n<title>1915 yakla\u015f\u0131rken Ahmet T\u00fcrk \u00f6z\u00fcr diledi: \u201cS\u00fcryani, Ermeni ve Ezidilerden bizleri ba\u011f\u0131\u015flamalar\u0131n\u0131 diliyoruz\u201d - Bati Ermenistan Ve Bati Ermenileri Sorunlari Ara\u015ftirmalar Merkezi<\/title>\n<meta name=\"robots\" content=\"index, follow, max-snippet:-1, max-image-preview:large, max-video-preview:-1\" \/>\n<link rel=\"canonical\" href=\"https:\/\/akunq.net\/tr\/?p=32766\" \/>\n<meta property=\"og:locale\" content=\"en_US\" \/>\n<meta property=\"og:type\" content=\"article\" \/>\n<meta property=\"og:title\" content=\"1915 yakla\u015f\u0131rken Ahmet T\u00fcrk \u00f6z\u00fcr diledi: \u201cS\u00fcryani, Ermeni ve Ezidilerden bizleri ba\u011f\u0131\u015flamalar\u0131n\u0131 diliyoruz\u201d - Bati Ermenistan Ve Bati Ermenileri Sorunlari Ara\u015ftirmalar Merkezi\" \/>\n<meta property=\"og:description\" content=\"Sigtuna Belediyesi\u2019nin davetlisi olarak \u0130sve\u00e7\u2019te bulunan Mardin B\u00fcy\u00fck\u015fehir E\u015fba\u015fkan\u0131 Ahmet T\u00fcrk, Stockholm\u2019de d\u00fczenlenen bir seminerde, 1915 y\u0131l\u0131nda yap\u0131lan soyk\u0131r\u0131m s\u0131ras\u0131nda baz\u0131 K\u00fcrt a\u015firetlerinin su\u00e7a ortak olmalar\u0131ndan duydu\u011fu \u00fcz\u00fcnt\u00fcy\u00fc dile getirdikten sonra S\u00fcryani, Ermeni ve Ezidilerden \u00f6z\u00fcr diledi. Rag\u0131p Zarakolu\u2019nun da konu\u015fmac\u0131 olarak yer ald\u0131\u011f\u0131 toplant\u0131da, Ahmet T\u00fcrk,\u00a0Asuri, Ermeni ve Ezidilerin K\u00fcrdistan\u2019\u0131n ger\u00e7ek sahipleri olduklar\u0131n\u0131 ve [&hellip;]\" \/>\n<meta property=\"og:url\" content=\"https:\/\/akunq.net\/tr\/?p=32766\" \/>\n<meta property=\"og:site_name\" content=\"Bati Ermenistan Ve Bati Ermenileri Sorunlari Ara\u015ftirmalar Merkezi\" \/>\n<meta property=\"article:published_time\" content=\"2014-12-17T06:57:56+00:00\" \/>\n<meta name=\"author\" content=\"admin\" \/>\n<meta name=\"twitter:card\" content=\"summary_large_image\" \/>\n<meta name=\"twitter:label1\" content=\"Written by\" \/>\n\t<meta name=\"twitter:data1\" content=\"admin\" \/>\n\t<meta name=\"twitter:label2\" content=\"Est. reading time\" \/>\n\t<meta name=\"twitter:data2\" content=\"2 minutes\" \/>\n<script type=\"application\/ld+json\" class=\"yoast-schema-graph\">{\"@context\":\"https:\\\/\\\/schema.org\",\"@graph\":[{\"@type\":\"Article\",\"@id\":\"https:\\\/\\\/akunq.net\\\/tr\\\/?p=32766#article\",\"isPartOf\":{\"@id\":\"https:\\\/\\\/akunq.net\\\/tr\\\/?p=32766\"},\"author\":{\"name\":\"admin\",\"@id\":\"https:\\\/\\\/akunq.net\\\/tr\\\/#\\\/schema\\\/person\\\/096f1d38a12cce57fb855b485ed24c9e\"},\"headline\":\"1915 yakla\u015f\u0131rken Ahmet T\u00fcrk \u00f6z\u00fcr diledi: \u201cS\u00fcryani, Ermeni ve Ezidilerden bizleri ba\u011f\u0131\u015flamalar\u0131n\u0131 diliyoruz\u201d\",\"datePublished\":\"2014-12-17T06:57:56+00:00\",\"mainEntityOfPage\":{\"@id\":\"https:\\\/\\\/akunq.net\\\/tr\\\/?p=32766\"},\"wordCount\":376,\"commentCount\":0,\"articleSection\":[\"Ermeni Soyk\u0131r\u0131m\u0131\",\"Haberler\",\"T\u00fcrkiye\u2019de Az\u0131nl\u0131klar\"],\"inLanguage\":\"en-US\",\"potentialAction\":[{\"@type\":\"CommentAction\",\"name\":\"Comment\",\"target\":[\"https:\\\/\\\/akunq.net\\\/tr\\\/?p=32766#respond\"]}]},{\"@type\":\"WebPage\",\"@id\":\"https:\\\/\\\/akunq.net\\\/tr\\\/?p=32766\",\"url\":\"https:\\\/\\\/akunq.net\\\/tr\\\/?p=32766\",\"name\":\"1915 yakla\u015f\u0131rken Ahmet T\u00fcrk \u00f6z\u00fcr diledi: \u201cS\u00fcryani, Ermeni ve Ezidilerden bizleri ba\u011f\u0131\u015flamalar\u0131n\u0131 diliyoruz\u201d - Bati Ermenistan Ve Bati Ermenileri Sorunlari Ara\u015ftirmalar Merkezi\",\"isPartOf\":{\"@id\":\"https:\\\/\\\/akunq.net\\\/tr\\\/#website\"},\"datePublished\":\"2014-12-17T06:57:56+00:00\",\"author\":{\"@id\":\"https:\\\/\\\/akunq.net\\\/tr\\\/#\\\/schema\\\/person\\\/096f1d38a12cce57fb855b485ed24c9e\"},\"breadcrumb\":{\"@id\":\"https:\\\/\\\/akunq.net\\\/tr\\\/?p=32766#breadcrumb\"},\"inLanguage\":\"en-US\",\"potentialAction\":[{\"@type\":\"ReadAction\",\"target\":[\"https:\\\/\\\/akunq.net\\\/tr\\\/?p=32766\"]}]},{\"@type\":\"BreadcrumbList\",\"@id\":\"https:\\\/\\\/akunq.net\\\/tr\\\/?p=32766#breadcrumb\",\"itemListElement\":[{\"@type\":\"ListItem\",\"position\":1,\"name\":\"Home\",\"item\":\"https:\\\/\\\/akunq.net\\\/tr\"},{\"@type\":\"ListItem\",\"position\":2,\"name\":\"1915 yakla\u015f\u0131rken Ahmet T\u00fcrk \u00f6z\u00fcr diledi: \u201cS\u00fcryani, Ermeni ve Ezidilerden bizleri ba\u011f\u0131\u015flamalar\u0131n\u0131 diliyoruz\u201d\"}]},{\"@type\":\"WebSite\",\"@id\":\"https:\\\/\\\/akunq.net\\\/tr\\\/#website\",\"url\":\"https:\\\/\\\/akunq.net\\\/tr\\\/\",\"name\":\"Bati Ermenistan Ve Bati Ermenileri Sorunlari Ara\u015ftirmalar Merkezi\",\"description\":\"\",\"potentialAction\":[{\"@type\":\"SearchAction\",\"target\":{\"@type\":\"EntryPoint\",\"urlTemplate\":\"https:\\\/\\\/akunq.net\\\/tr\\\/?s={search_term_string}\"},\"query-input\":{\"@type\":\"PropertyValueSpecification\",\"valueRequired\":true,\"valueName\":\"search_term_string\"}}],\"inLanguage\":\"en-US\"},{\"@type\":\"Person\",\"@id\":\"https:\\\/\\\/akunq.net\\\/tr\\\/#\\\/schema\\\/person\\\/096f1d38a12cce57fb855b485ed24c9e\",\"name\":\"admin\",\"url\":\"https:\\\/\\\/akunq.net\\\/tr\\\/?author=7\"}]}<\/script>\n<!-- \/ Yoast SEO plugin. -->","yoast_head_json":{"title":"1915 yakla\u015f\u0131rken Ahmet T\u00fcrk \u00f6z\u00fcr diledi: \u201cS\u00fcryani, Ermeni ve Ezidilerden bizleri ba\u011f\u0131\u015flamalar\u0131n\u0131 diliyoruz\u201d - Bati Ermenistan Ve Bati Ermenileri Sorunlari Ara\u015ftirmalar Merkezi","robots":{"index":"index","follow":"follow","max-snippet":"max-snippet:-1","max-image-preview":"max-image-preview:large","max-video-preview":"max-video-preview:-1"},"canonical":"https:\/\/akunq.net\/tr\/?p=32766","og_locale":"en_US","og_type":"article","og_title":"1915 yakla\u015f\u0131rken Ahmet T\u00fcrk \u00f6z\u00fcr diledi: \u201cS\u00fcryani, Ermeni ve Ezidilerden bizleri ba\u011f\u0131\u015flamalar\u0131n\u0131 diliyoruz\u201d - Bati Ermenistan Ve Bati Ermenileri Sorunlari Ara\u015ftirmalar Merkezi","og_description":"Sigtuna Belediyesi\u2019nin davetlisi olarak \u0130sve\u00e7\u2019te bulunan Mardin B\u00fcy\u00fck\u015fehir E\u015fba\u015fkan\u0131 Ahmet T\u00fcrk, Stockholm\u2019de d\u00fczenlenen bir seminerde, 1915 y\u0131l\u0131nda yap\u0131lan soyk\u0131r\u0131m s\u0131ras\u0131nda baz\u0131 K\u00fcrt a\u015firetlerinin su\u00e7a ortak olmalar\u0131ndan duydu\u011fu \u00fcz\u00fcnt\u00fcy\u00fc dile getirdikten sonra S\u00fcryani, Ermeni ve Ezidilerden \u00f6z\u00fcr diledi. Rag\u0131p Zarakolu\u2019nun da konu\u015fmac\u0131 olarak yer ald\u0131\u011f\u0131 toplant\u0131da, Ahmet T\u00fcrk,\u00a0Asuri, Ermeni ve Ezidilerin K\u00fcrdistan\u2019\u0131n ger\u00e7ek sahipleri olduklar\u0131n\u0131 ve [&hellip;]","og_url":"https:\/\/akunq.net\/tr\/?p=32766","og_site_name":"Bati Ermenistan Ve Bati Ermenileri Sorunlari Ara\u015ftirmalar Merkezi","article_published_time":"2014-12-17T06:57:56+00:00","author":"admin","twitter_card":"summary_large_image","twitter_misc":{"Written by":"admin","Est. reading time":"2 minutes"},"schema":{"@context":"https:\/\/schema.org","@graph":[{"@type":"Article","@id":"https:\/\/akunq.net\/tr\/?p=32766#article","isPartOf":{"@id":"https:\/\/akunq.net\/tr\/?p=32766"},"author":{"name":"admin","@id":"https:\/\/akunq.net\/tr\/#\/schema\/person\/096f1d38a12cce57fb855b485ed24c9e"},"headline":"1915 yakla\u015f\u0131rken Ahmet T\u00fcrk \u00f6z\u00fcr diledi: \u201cS\u00fcryani, Ermeni ve Ezidilerden bizleri ba\u011f\u0131\u015flamalar\u0131n\u0131 diliyoruz\u201d","datePublished":"2014-12-17T06:57:56+00:00","mainEntityOfPage":{"@id":"https:\/\/akunq.net\/tr\/?p=32766"},"wordCount":376,"commentCount":0,"articleSection":["Ermeni Soyk\u0131r\u0131m\u0131","Haberler","T\u00fcrkiye\u2019de Az\u0131nl\u0131klar"],"inLanguage":"en-US","potentialAction":[{"@type":"CommentAction","name":"Comment","target":["https:\/\/akunq.net\/tr\/?p=32766#respond"]}]},{"@type":"WebPage","@id":"https:\/\/akunq.net\/tr\/?p=32766","url":"https:\/\/akunq.net\/tr\/?p=32766","name":"1915 yakla\u015f\u0131rken Ahmet T\u00fcrk \u00f6z\u00fcr diledi: \u201cS\u00fcryani, Ermeni ve Ezidilerden bizleri ba\u011f\u0131\u015flamalar\u0131n\u0131 diliyoruz\u201d - Bati Ermenistan Ve Bati Ermenileri Sorunlari Ara\u015ftirmalar Merkezi","isPartOf":{"@id":"https:\/\/akunq.net\/tr\/#website"},"datePublished":"2014-12-17T06:57:56+00:00","author":{"@id":"https:\/\/akunq.net\/tr\/#\/schema\/person\/096f1d38a12cce57fb855b485ed24c9e"},"breadcrumb":{"@id":"https:\/\/akunq.net\/tr\/?p=32766#breadcrumb"},"inLanguage":"en-US","potentialAction":[{"@type":"ReadAction","target":["https:\/\/akunq.net\/tr\/?p=32766"]}]},{"@type":"BreadcrumbList","@id":"https:\/\/akunq.net\/tr\/?p=32766#breadcrumb","itemListElement":[{"@type":"ListItem","position":1,"name":"Home","item":"https:\/\/akunq.net\/tr"},{"@type":"ListItem","position":2,"name":"1915 yakla\u015f\u0131rken Ahmet T\u00fcrk \u00f6z\u00fcr diledi: \u201cS\u00fcryani, Ermeni ve Ezidilerden bizleri ba\u011f\u0131\u015flamalar\u0131n\u0131 diliyoruz\u201d"}]},{"@type":"WebSite","@id":"https:\/\/akunq.net\/tr\/#website","url":"https:\/\/akunq.net\/tr\/","name":"Bati Ermenistan Ve Bati Ermenileri Sorunlari Ara\u015ftirmalar Merkezi","description":"","potentialAction":[{"@type":"SearchAction","target":{"@type":"EntryPoint","urlTemplate":"https:\/\/akunq.net\/tr\/?s={search_term_string}"},"query-input":{"@type":"PropertyValueSpecification","valueRequired":true,"valueName":"search_term_string"}}],"inLanguage":"en-US"},{"@type":"Person","@id":"https:\/\/akunq.net\/tr\/#\/schema\/person\/096f1d38a12cce57fb855b485ed24c9e","name":"admin","url":"https:\/\/akunq.net\/tr\/?author=7"}]}},"_links":{"self":[{"href":"https:\/\/akunq.net\/tr\/index.php?rest_route=\/wp\/v2\/posts\/32766","targetHints":{"allow":["GET"]}}],"collection":[{"href":"https:\/\/akunq.net\/tr\/index.php?rest_route=\/wp\/v2\/posts"}],"about":[{"href":"https:\/\/akunq.net\/tr\/index.php?rest_route=\/wp\/v2\/types\/post"}],"author":[{"embeddable":true,"href":"https:\/\/akunq.net\/tr\/index.php?rest_route=\/wp\/v2\/users\/7"}],"replies":[{"embeddable":true,"href":"https:\/\/akunq.net\/tr\/index.php?rest_route=%2Fwp%2Fv2%2Fcomments&post=32766"}],"version-history":[{"count":2,"href":"https:\/\/akunq.net\/tr\/index.php?rest_route=\/wp\/v2\/posts\/32766\/revisions"}],"predecessor-version":[{"id":32769,"href":"https:\/\/akunq.net\/tr\/index.php?rest_route=\/wp\/v2\/posts\/32766\/revisions\/32769"}],"wp:attachment":[{"href":"https:\/\/akunq.net\/tr\/index.php?rest_route=%2Fwp%2Fv2%2Fmedia&parent=32766"}],"wp:term":[{"taxonomy":"category","embeddable":true,"href":"https:\/\/akunq.net\/tr\/index.php?rest_route=%2Fwp%2Fv2%2Fcategories&post=32766"},{"taxonomy":"post_tag","embeddable":true,"href":"https:\/\/akunq.net\/tr\/index.php?rest_route=%2Fwp%2Fv2%2Ftags&post=32766"}],"curies":[{"name":"wp","href":"https:\/\/api.w.org\/{rel}","templated":true}]}}