{"id":31814,"date":"2014-09-29T06:57:39","date_gmt":"2014-09-29T11:57:39","guid":{"rendered":"http:\/\/akunq.net\/tr\/?p=31814"},"modified":"2014-09-29T06:57:39","modified_gmt":"2014-09-29T11:57:39","slug":"can-dundar-aleviler-icin-tek-yol-sivil-itaatsizlik-ve-boykot","status":"publish","type":"post","link":"https:\/\/akunq.net\/tr\/?p=31814","title":{"rendered":"Can D\u00fcndar: Aleviler i\u00e7in tek yol sivil itaatsizlik ve boykot"},"content":{"rendered":"<p style=\"text-align: justify;\"><b><i><a href=\"http:\/\/akunq.net\/tr\/?attachment_id=31815\" rel=\"attachment wp-att-31815\"><img loading=\"lazy\" decoding=\"async\" class=\"alignright size-medium wp-image-31815\" alt=\"Can D\u00fcndar\" src=\"http:\/\/akunq.net\/tr\/wp-content\/uploads\/2014\/09\/Can-D\u00fcndar-300x161.jpg\" width=\"300\" height=\"161\" srcset=\"https:\/\/akunq.net\/tr\/wp-content\/uploads\/sites\/6\/2014\/09\/Can-D\u00fcndar-300x161.jpg 300w, https:\/\/akunq.net\/tr\/wp-content\/uploads\/sites\/6\/2014\/09\/Can-D\u00fcndar-600x323.jpg 600w, https:\/\/akunq.net\/tr\/wp-content\/uploads\/sites\/6\/2014\/09\/Can-D\u00fcndar.jpg 650w\" sizes=\"auto, (max-width: 300px) 100vw, 300px\" \/><\/a>Can D\u00fcndar Cumhuriyet&#8217;teki k\u00f6\u015fesinden &#8216;\u00a0H\u00fck\u00fcmet, evrensel hukuku hi\u00e7e sayma pahas\u0131na S\u00fcnnilik e\u011fitimine devam etmeyi d\u00fc\u015f\u00fcn\u00fcyor anla\u015f\u0131lan\u2026\u00a0O zaman geriye bir tek yol kal\u0131yor: \u00a0Sivil itaatsizlik.&#8217; dedi.<\/i><\/b><\/p>\n<p style=\"text-align: justify;\">\u00d6nceki g\u00fcn K\u00fc\u00e7\u00fck\u00e7ekmece\u2019deki Garip Dede T\u00fcrbesi\u2019nde bir Alevi dedesi ile g\u00f6r\u00fc\u015ft\u00fcm.\u00a0<br \/>\n\u00c7ocu\u011funu ilk g\u00fcn okula yollam\u0131\u015f. Din dersinde hoca s\u0131n\u0131fa girer girmez, \u201c<i>\u0130yi g\u00fcnler \u00f6\u011fretmenim<\/i>\u201d diyen \u00e7ocuklar\u0131n s\u00f6z\u00fcn\u00fc d\u00fczeltmi\u015f:\u00a0<br \/>\nBundan b\u00f6yle \u201c<i>Hay\u0131rl\u0131 g\u00fcnler<\/i>\u201d demelerini tembihlemi\u015f.\u00a0<br \/>\nSonra da S\u00fcbhaneke duas\u0131n\u0131 \u00f6\u011fretmeye giri\u015fmi\u015f.\u00a0<br \/>\n<i>\u201c\u0130lk derse girdi ama bundan sonra hi\u00e7bir din<\/i>\u00a0<i>dersine girmeyecek\u201d\u00a0<\/i>dedi dede\u2026\u00a0<br \/>\nKi\u015fisel bir tasarruf mu?<br \/>\nDe\u011fil, kitlesel bir karar bu\u2026<br \/>\nAleviler, S\u00fcnnilik e\u011fitimine kar\u015f\u0131 demokratik m\u00fccadeleye haz\u0131rlan\u0131yor.<br \/>\n<i>\u201cBedeli ne olursa olsun<\/i>\u201d, dayatmaya direnecek, zorunlu din derslerine girmeyecekler.<\/p>\n<p style=\"text-align: justify;\">***<\/p>\n<p style=\"text-align: justify;\">Haks\u0131zlar m\u0131?<br \/>\nKesinlikle hakl\u0131lar.<br \/>\nDaha ge\u00e7en hafta Avrupa \u0130nsan Haklar\u0131 Mahkemesi, T\u00fcrkiye\u2019den 14 ba\u015fvuruyu karara ba\u011flad\u0131 ve istemeyen \u00f6\u011frencilerin zorunlu din dersinden muaf tutulmas\u0131 gerekti\u011fine h\u00fckmetti.\u00a0<br \/>\n<i>\u201cDevlet dini konularda yans\u0131z ve tarafs\u0131z<\/i>\u00a0<i>olmal\u0131d\u0131r. Zaman ge\u00e7irmeden zorunluluk kald\u0131r\u0131lmal\u0131d\u0131r\u201d\u00a0<\/i>dedi.\u00a0<br \/>\n<b>Ba\u015fbakan\u00a0<\/b>ne cevap verdi:<br \/>\n<i>\u201cBen Marksist olmad\u0131\u011f\u0131m halde, iktisat<\/i>\u00a0<i>e\u011fitimi al\u0131rken Marx\u2019\u0131 okudum. Bir ateist dahi bilgi sahibi olmak i\u00e7in din dersi almal\u0131.\u201d<\/i>\u00a0<br \/>\nBu cevap \u00fczerine Twitter\u2019da \u201c<i>Marksizm<\/i>\u00a0<i>zorunlu ders olsun<\/i>\u201d kampanyas\u0131 ba\u015flad\u0131.<\/p>\n<p style=\"text-align: justify;\">***<\/p>\n<p style=\"text-align: justify;\">\u015eaka bir yana bu cevap devletin, ders kitaplar\u0131n\u0131n i\u00e7eri\u011fini de Alevilerin \u015fik\u00e2yetini de umursamad\u0131\u011f\u0131n\u0131 g\u00f6steriyor.\u00a0<br \/>\nOysa ulusal i\u00e7tihad\u0131n \u00fcst\u00fcnde olan Avrupa \u0130nsan Haklar\u0131 Mahkemesi kararlar\u0131n\u0131n, devletler i\u00e7in ba\u011flay\u0131c\u0131 oldu\u011funu biliyoruz.\u00a0<br \/>\nH\u00fck\u00fcmet, evrensel hukuku hi\u00e7e sayma pahas\u0131na S\u00fcnnilik e\u011fitimine devam etmeyi d\u00fc\u015f\u00fcn\u00fcyor anla\u015f\u0131lan\u2026\u00a0<br \/>\nO zaman geriye bir tek yol kal\u0131yor:\u00a0<br \/>\nSivil itaatsizlik.\u00a0<br \/>\n\u00c7ocuklar\u0131m\u0131z\u0131 \u201c<i>sorunlu<\/i>\u201d din dersine yollamak zorunda de\u011filiz.\u00a0<br \/>\nSize \u201c<i>hay\u0131rl\u0131 g\u00fcnler\u201d\u00a0<\/i>\u00f6\u011fretmenim!<\/p>\n<p style=\"text-align: justify;\"><b>Her y\u00f6nden s\u0131k\u0131\u015ft\u0131lar<\/b><br \/>\nCumhurba\u015fkan\u0131\u2019n\u0131n BM Genel Kurulu\u2019nda, seyircisiz ma\u00e7a \u00e7\u0131km\u0131\u015f tak\u0131m gibi bo\u015f s\u0131ralara konu\u015fmas\u0131, i\u00e7erde onu \u201c<i>d\u00fcnya lideri<\/i>\u201d diye pazarlayanlar\u0131n yelkenlerini suya indirmi\u015f olmal\u0131.\u00a0<br \/>\nBu T\u00fcrkiye\u2019nin, Ortado\u011fu politikas\u0131yla hem Bat\u0131\u2019da, hem b\u00f6lgesinde, hem \u0130slam d\u00fcnyas\u0131nda yaln\u0131z kald\u0131\u011f\u0131n\u0131n resmidir.\u00a0<br \/>\nPe\u015fi pe\u015fine feci hatalar yapt\u0131 T\u00fcrkiye\u2026<br \/>\n\u0130kisini, d\u00fcn\u00a0<i>Yeni \u015eafak<\/i>\u2019ta\u00a0<b>Ali Bayramo\u011flu<\/b>\u00a0yazd\u0131:\u00a0<br \/>\n<b>Esad<\/b>\u2019\u0131n hemen y\u0131k\u0131laca\u011f\u0131n\u0131 zannetti.\u00a0<br \/>\nVe I\u015e\u0130D\u2019i destekledi.\u00a0<br \/>\nI\u015e\u0130D d\u00fcnyan\u0131n ve kendisinin ba\u015f\u0131na bela olunca da arada kald\u0131. Belay\u0131 g\u00f6rmezden geldik\u00e7e Bat\u0131\u2019da \u201c<i>ter\u00f6r destek\u00e7isi<\/i>\u201d say\u0131ld\u0131; geri ad\u0131m at\u0131p I\u015e\u0130D\u2019i k\u0131namaya kalkt\u0131\u011f\u0131nda ise hem Bat\u0131\u2019da ciddiye al\u0131nmad\u0131, hem de I\u015e\u0130D\u2019in tepkisiyle kar\u015f\u0131la\u015ft\u0131.\u00a0<br \/>\n\u015eimdi ABD\u2019nin I\u015e\u0130D sald\u0131r\u0131lar\u0131n\u0131n Esad\u2019\u0131n elini daha da g\u00fc\u00e7lendirmesi, Ankara\u2019da hepten uykular\u0131 ka\u00e7\u0131r\u0131yor.<br \/>\nK\u00fcrt cephesine gelince\u2026\u00a0<br \/>\n\u015eu anda T\u00fcrkiye\u2019nin g\u00fcney s\u0131n\u0131r\u0131n\u0131 K\u00fcrtler koruyor. Buna ra\u011fmen T\u00fcrkiye, I\u015e\u0130D\u2019e verdi\u011fi destek nedeniyle onlarla da aray\u0131 a\u00e7m\u0131\u015f durumda\u2026 Ve bu durum, i\u00e7eride bar\u0131\u015f s\u00fcrecini de tehdit eder hale geldi.\u00a0<br \/>\n<b>Karay\u0131lan<\/b>, \u00fc\u00e7 g\u00fcn \u00f6nce\u00a0<i>\u201cKobane<\/i>\u00a0<i>sald\u0131r\u0131s\u0131yla s\u00fcre\u00e7 bitmi\u015ftir<\/i>\u201d dedi.<br \/>\n\u0130mral\u0131\u2019ya gidecek heyet de bakanlar\u0131 ziyaretinde, \u201c<i>S\u00fcreci zorlayacak bir a\u015famaya gelindi\u011fini<\/i>\u201d s\u00f6yledi.<br \/>\n\u201c<i>Paralel m\u00fccadele<\/i>\u201dde de h\u00fck\u00fcmetin durumu iyi g\u00f6r\u00fcnm\u00fcyor:\u00a0<br \/>\nHSYK i\u00e7in Yarg\u0131tay\u2019da yap\u0131lan se\u00e7imi kaybettikten sonra HSYK se\u00e7imini de kaybedeceklerini anlad\u0131lar.\u00a0<b>Utku<\/b>\u00a0<b>\u00c7ak\u0131r\u00f6zer<\/b>\u2019in, d\u00fcnk\u00fc\u00a0<b>Cumhuriyet<\/b>\u2019te\u00a0<b>Yal\u00e7\u0131n Akdo\u011fan\u00a0<\/b>ziyaretinden aktard\u0131\u011f\u0131 bilgiler, orada da tela\u015f ya\u015fand\u0131\u011f\u0131n\u0131, daha \u015fimdiden se\u00e7imi tan\u0131mama bahanelerinin, referanduma s\u0131\u011f\u0131nma \u00e7arelerinin arand\u0131\u011f\u0131n\u0131 g\u00f6steriyor.\u00a0<br \/>\nSizce bu kadar k\u00f6\u015feye s\u0131k\u0131\u015fm\u0131\u015f bir iktidar\u0131, 10 ya\u015f\u0131nda bir k\u0131z \u00e7ocu\u011funun \u00f6rt\u00fcs\u00fc kurtarabilir mi?<\/p>\n<p style=\"text-align: justify;\"><b><i>http:\/\/insanhaber.com\/guncel\/can-dundar-aleviler-icin-tek-yol-sivil-itaatsizlik-ve-boykot-46529#.VCgZ_LzzDlt.facebook<\/i><\/b><\/p>\n","protected":false},"excerpt":{"rendered":"<p>Can D\u00fcndar Cumhuriyet&#8217;teki k\u00f6\u015fesinden &#8216;\u00a0H\u00fck\u00fcmet, evrensel hukuku hi\u00e7e sayma pahas\u0131na S\u00fcnnilik e\u011fitimine devam etmeyi d\u00fc\u015f\u00fcn\u00fcyor anla\u015f\u0131lan\u2026\u00a0O zaman geriye bir tek yol kal\u0131yor: \u00a0Sivil itaatsizlik.&#8217; dedi. \u00d6nceki g\u00fcn K\u00fc\u00e7\u00fck\u00e7ekmece\u2019deki Garip Dede T\u00fcrbesi\u2019nde bir Alevi dedesi ile g\u00f6r\u00fc\u015ft\u00fcm.\u00a0 \u00c7ocu\u011funu ilk g\u00fcn okula yollam\u0131\u015f. Din dersinde hoca s\u0131n\u0131fa girer girmez, \u201c\u0130yi g\u00fcnler \u00f6\u011fretmenim\u201d diyen \u00e7ocuklar\u0131n s\u00f6z\u00fcn\u00fc d\u00fczeltmi\u015f:\u00a0 Bundan [&hellip;]<\/p>\n","protected":false},"author":7,"featured_media":0,"comment_status":"open","ping_status":"open","sticky":false,"template":"","format":"standard","meta":{"footnotes":""},"categories":[1,70,53],"tags":[],"class_list":["post-31814","post","type-post","status-publish","format-standard","hentry","category-haberler","category-makaleler","category-turkiyede-azinliklar"],"yoast_head":"<!-- This site is optimized with the Yoast SEO plugin v27.4 - https:\/\/yoast.com\/product\/yoast-seo-wordpress\/ -->\n<title>Can D\u00fcndar: Aleviler i\u00e7in tek yol sivil itaatsizlik ve boykot - Bati Ermenistan Ve Bati Ermenileri Sorunlari Ara\u015ftirmalar Merkezi<\/title>\n<meta name=\"robots\" content=\"index, follow, max-snippet:-1, max-image-preview:large, max-video-preview:-1\" \/>\n<link rel=\"canonical\" href=\"https:\/\/akunq.net\/tr\/?p=31814\" \/>\n<meta property=\"og:locale\" content=\"en_US\" \/>\n<meta property=\"og:type\" content=\"article\" \/>\n<meta property=\"og:title\" content=\"Can D\u00fcndar: Aleviler i\u00e7in tek yol sivil itaatsizlik ve boykot - Bati Ermenistan Ve Bati Ermenileri Sorunlari Ara\u015ftirmalar Merkezi\" \/>\n<meta property=\"og:description\" content=\"Can D\u00fcndar Cumhuriyet&#8217;teki k\u00f6\u015fesinden &#8216;\u00a0H\u00fck\u00fcmet, evrensel hukuku hi\u00e7e sayma pahas\u0131na S\u00fcnnilik e\u011fitimine devam etmeyi d\u00fc\u015f\u00fcn\u00fcyor anla\u015f\u0131lan\u2026\u00a0O zaman geriye bir tek yol kal\u0131yor: \u00a0Sivil itaatsizlik.&#8217; dedi. \u00d6nceki g\u00fcn K\u00fc\u00e7\u00fck\u00e7ekmece\u2019deki Garip Dede T\u00fcrbesi\u2019nde bir Alevi dedesi ile g\u00f6r\u00fc\u015ft\u00fcm.\u00a0 \u00c7ocu\u011funu ilk g\u00fcn okula yollam\u0131\u015f. Din dersinde hoca s\u0131n\u0131fa girer girmez, \u201c\u0130yi g\u00fcnler \u00f6\u011fretmenim\u201d diyen \u00e7ocuklar\u0131n s\u00f6z\u00fcn\u00fc d\u00fczeltmi\u015f:\u00a0 Bundan [&hellip;]\" \/>\n<meta property=\"og:url\" content=\"https:\/\/akunq.net\/tr\/?p=31814\" \/>\n<meta property=\"og:site_name\" content=\"Bati Ermenistan Ve Bati Ermenileri Sorunlari Ara\u015ftirmalar Merkezi\" \/>\n<meta property=\"article:published_time\" content=\"2014-09-29T11:57:39+00:00\" \/>\n<meta name=\"author\" content=\"admin\" \/>\n<meta name=\"twitter:card\" content=\"summary_large_image\" \/>\n<meta name=\"twitter:label1\" content=\"Written by\" \/>\n\t<meta name=\"twitter:data1\" content=\"admin\" \/>\n\t<meta name=\"twitter:label2\" content=\"Est. reading time\" \/>\n\t<meta name=\"twitter:data2\" content=\"3 minutes\" \/>\n<script type=\"application\/ld+json\" class=\"yoast-schema-graph\">{\"@context\":\"https:\\\/\\\/schema.org\",\"@graph\":[{\"@type\":\"Article\",\"@id\":\"https:\\\/\\\/akunq.net\\\/tr\\\/?p=31814#article\",\"isPartOf\":{\"@id\":\"https:\\\/\\\/akunq.net\\\/tr\\\/?p=31814\"},\"author\":{\"name\":\"admin\",\"@id\":\"https:\\\/\\\/akunq.net\\\/tr\\\/#\\\/schema\\\/person\\\/096f1d38a12cce57fb855b485ed24c9e\"},\"headline\":\"Can D\u00fcndar: Aleviler i\u00e7in tek yol sivil itaatsizlik ve boykot\",\"datePublished\":\"2014-09-29T11:57:39+00:00\",\"mainEntityOfPage\":{\"@id\":\"https:\\\/\\\/akunq.net\\\/tr\\\/?p=31814\"},\"wordCount\":707,\"commentCount\":0,\"articleSection\":[\"Haberler\",\"Makaleler\",\"T\u00fcrkiye\u2019de Az\u0131nl\u0131klar\"],\"inLanguage\":\"en-US\",\"potentialAction\":[{\"@type\":\"CommentAction\",\"name\":\"Comment\",\"target\":[\"https:\\\/\\\/akunq.net\\\/tr\\\/?p=31814#respond\"]}]},{\"@type\":\"WebPage\",\"@id\":\"https:\\\/\\\/akunq.net\\\/tr\\\/?p=31814\",\"url\":\"https:\\\/\\\/akunq.net\\\/tr\\\/?p=31814\",\"name\":\"Can D\u00fcndar: Aleviler i\u00e7in tek yol sivil itaatsizlik ve boykot - Bati Ermenistan Ve Bati Ermenileri Sorunlari Ara\u015ftirmalar Merkezi\",\"isPartOf\":{\"@id\":\"https:\\\/\\\/akunq.net\\\/tr\\\/#website\"},\"datePublished\":\"2014-09-29T11:57:39+00:00\",\"author\":{\"@id\":\"https:\\\/\\\/akunq.net\\\/tr\\\/#\\\/schema\\\/person\\\/096f1d38a12cce57fb855b485ed24c9e\"},\"breadcrumb\":{\"@id\":\"https:\\\/\\\/akunq.net\\\/tr\\\/?p=31814#breadcrumb\"},\"inLanguage\":\"en-US\",\"potentialAction\":[{\"@type\":\"ReadAction\",\"target\":[\"https:\\\/\\\/akunq.net\\\/tr\\\/?p=31814\"]}]},{\"@type\":\"BreadcrumbList\",\"@id\":\"https:\\\/\\\/akunq.net\\\/tr\\\/?p=31814#breadcrumb\",\"itemListElement\":[{\"@type\":\"ListItem\",\"position\":1,\"name\":\"Home\",\"item\":\"https:\\\/\\\/akunq.net\\\/tr\"},{\"@type\":\"ListItem\",\"position\":2,\"name\":\"Can D\u00fcndar: Aleviler i\u00e7in tek yol sivil itaatsizlik ve boykot\"}]},{\"@type\":\"WebSite\",\"@id\":\"https:\\\/\\\/akunq.net\\\/tr\\\/#website\",\"url\":\"https:\\\/\\\/akunq.net\\\/tr\\\/\",\"name\":\"Bati Ermenistan Ve Bati Ermenileri Sorunlari Ara\u015ftirmalar Merkezi\",\"description\":\"\",\"potentialAction\":[{\"@type\":\"SearchAction\",\"target\":{\"@type\":\"EntryPoint\",\"urlTemplate\":\"https:\\\/\\\/akunq.net\\\/tr\\\/?s={search_term_string}\"},\"query-input\":{\"@type\":\"PropertyValueSpecification\",\"valueRequired\":true,\"valueName\":\"search_term_string\"}}],\"inLanguage\":\"en-US\"},{\"@type\":\"Person\",\"@id\":\"https:\\\/\\\/akunq.net\\\/tr\\\/#\\\/schema\\\/person\\\/096f1d38a12cce57fb855b485ed24c9e\",\"name\":\"admin\",\"url\":\"https:\\\/\\\/akunq.net\\\/tr\\\/?author=7\"}]}<\/script>\n<!-- \/ Yoast SEO plugin. -->","yoast_head_json":{"title":"Can D\u00fcndar: Aleviler i\u00e7in tek yol sivil itaatsizlik ve boykot - Bati Ermenistan Ve Bati Ermenileri Sorunlari Ara\u015ftirmalar Merkezi","robots":{"index":"index","follow":"follow","max-snippet":"max-snippet:-1","max-image-preview":"max-image-preview:large","max-video-preview":"max-video-preview:-1"},"canonical":"https:\/\/akunq.net\/tr\/?p=31814","og_locale":"en_US","og_type":"article","og_title":"Can D\u00fcndar: Aleviler i\u00e7in tek yol sivil itaatsizlik ve boykot - Bati Ermenistan Ve Bati Ermenileri Sorunlari Ara\u015ftirmalar Merkezi","og_description":"Can D\u00fcndar Cumhuriyet&#8217;teki k\u00f6\u015fesinden &#8216;\u00a0H\u00fck\u00fcmet, evrensel hukuku hi\u00e7e sayma pahas\u0131na S\u00fcnnilik e\u011fitimine devam etmeyi d\u00fc\u015f\u00fcn\u00fcyor anla\u015f\u0131lan\u2026\u00a0O zaman geriye bir tek yol kal\u0131yor: \u00a0Sivil itaatsizlik.&#8217; dedi. \u00d6nceki g\u00fcn K\u00fc\u00e7\u00fck\u00e7ekmece\u2019deki Garip Dede T\u00fcrbesi\u2019nde bir Alevi dedesi ile g\u00f6r\u00fc\u015ft\u00fcm.\u00a0 \u00c7ocu\u011funu ilk g\u00fcn okula yollam\u0131\u015f. Din dersinde hoca s\u0131n\u0131fa girer girmez, \u201c\u0130yi g\u00fcnler \u00f6\u011fretmenim\u201d diyen \u00e7ocuklar\u0131n s\u00f6z\u00fcn\u00fc d\u00fczeltmi\u015f:\u00a0 Bundan [&hellip;]","og_url":"https:\/\/akunq.net\/tr\/?p=31814","og_site_name":"Bati Ermenistan Ve Bati Ermenileri Sorunlari Ara\u015ftirmalar Merkezi","article_published_time":"2014-09-29T11:57:39+00:00","author":"admin","twitter_card":"summary_large_image","twitter_misc":{"Written by":"admin","Est. reading time":"3 minutes"},"schema":{"@context":"https:\/\/schema.org","@graph":[{"@type":"Article","@id":"https:\/\/akunq.net\/tr\/?p=31814#article","isPartOf":{"@id":"https:\/\/akunq.net\/tr\/?p=31814"},"author":{"name":"admin","@id":"https:\/\/akunq.net\/tr\/#\/schema\/person\/096f1d38a12cce57fb855b485ed24c9e"},"headline":"Can D\u00fcndar: Aleviler i\u00e7in tek yol sivil itaatsizlik ve boykot","datePublished":"2014-09-29T11:57:39+00:00","mainEntityOfPage":{"@id":"https:\/\/akunq.net\/tr\/?p=31814"},"wordCount":707,"commentCount":0,"articleSection":["Haberler","Makaleler","T\u00fcrkiye\u2019de Az\u0131nl\u0131klar"],"inLanguage":"en-US","potentialAction":[{"@type":"CommentAction","name":"Comment","target":["https:\/\/akunq.net\/tr\/?p=31814#respond"]}]},{"@type":"WebPage","@id":"https:\/\/akunq.net\/tr\/?p=31814","url":"https:\/\/akunq.net\/tr\/?p=31814","name":"Can D\u00fcndar: Aleviler i\u00e7in tek yol sivil itaatsizlik ve boykot - Bati Ermenistan Ve Bati Ermenileri Sorunlari Ara\u015ftirmalar Merkezi","isPartOf":{"@id":"https:\/\/akunq.net\/tr\/#website"},"datePublished":"2014-09-29T11:57:39+00:00","author":{"@id":"https:\/\/akunq.net\/tr\/#\/schema\/person\/096f1d38a12cce57fb855b485ed24c9e"},"breadcrumb":{"@id":"https:\/\/akunq.net\/tr\/?p=31814#breadcrumb"},"inLanguage":"en-US","potentialAction":[{"@type":"ReadAction","target":["https:\/\/akunq.net\/tr\/?p=31814"]}]},{"@type":"BreadcrumbList","@id":"https:\/\/akunq.net\/tr\/?p=31814#breadcrumb","itemListElement":[{"@type":"ListItem","position":1,"name":"Home","item":"https:\/\/akunq.net\/tr"},{"@type":"ListItem","position":2,"name":"Can D\u00fcndar: Aleviler i\u00e7in tek yol sivil itaatsizlik ve boykot"}]},{"@type":"WebSite","@id":"https:\/\/akunq.net\/tr\/#website","url":"https:\/\/akunq.net\/tr\/","name":"Bati Ermenistan Ve Bati Ermenileri Sorunlari Ara\u015ftirmalar Merkezi","description":"","potentialAction":[{"@type":"SearchAction","target":{"@type":"EntryPoint","urlTemplate":"https:\/\/akunq.net\/tr\/?s={search_term_string}"},"query-input":{"@type":"PropertyValueSpecification","valueRequired":true,"valueName":"search_term_string"}}],"inLanguage":"en-US"},{"@type":"Person","@id":"https:\/\/akunq.net\/tr\/#\/schema\/person\/096f1d38a12cce57fb855b485ed24c9e","name":"admin","url":"https:\/\/akunq.net\/tr\/?author=7"}]}},"_links":{"self":[{"href":"https:\/\/akunq.net\/tr\/index.php?rest_route=\/wp\/v2\/posts\/31814","targetHints":{"allow":["GET"]}}],"collection":[{"href":"https:\/\/akunq.net\/tr\/index.php?rest_route=\/wp\/v2\/posts"}],"about":[{"href":"https:\/\/akunq.net\/tr\/index.php?rest_route=\/wp\/v2\/types\/post"}],"author":[{"embeddable":true,"href":"https:\/\/akunq.net\/tr\/index.php?rest_route=\/wp\/v2\/users\/7"}],"replies":[{"embeddable":true,"href":"https:\/\/akunq.net\/tr\/index.php?rest_route=%2Fwp%2Fv2%2Fcomments&post=31814"}],"version-history":[{"count":1,"href":"https:\/\/akunq.net\/tr\/index.php?rest_route=\/wp\/v2\/posts\/31814\/revisions"}],"predecessor-version":[{"id":31816,"href":"https:\/\/akunq.net\/tr\/index.php?rest_route=\/wp\/v2\/posts\/31814\/revisions\/31816"}],"wp:attachment":[{"href":"https:\/\/akunq.net\/tr\/index.php?rest_route=%2Fwp%2Fv2%2Fmedia&parent=31814"}],"wp:term":[{"taxonomy":"category","embeddable":true,"href":"https:\/\/akunq.net\/tr\/index.php?rest_route=%2Fwp%2Fv2%2Fcategories&post=31814"},{"taxonomy":"post_tag","embeddable":true,"href":"https:\/\/akunq.net\/tr\/index.php?rest_route=%2Fwp%2Fv2%2Ftags&post=31814"}],"curies":[{"name":"wp","href":"https:\/\/api.w.org\/{rel}","templated":true}]}}