{"id":28725,"date":"2014-03-07T02:07:31","date_gmt":"2014-03-07T07:07:31","guid":{"rendered":"http:\/\/akunq.net\/tr\/?p=28725"},"modified":"2014-03-07T02:07:31","modified_gmt":"2014-03-07T07:07:31","slug":"nisanyan-iskence-gordugu-cezaevinden-nakledildi","status":"publish","type":"post","link":"https:\/\/akunq.net\/tr\/?p=28725","title":{"rendered":"Ni\u015fanyan, i\u015fkence g\u00f6rd\u00fc\u011f\u00fc cezaevinden nakledildi"},"content":{"rendered":"<p style=\"text-align: justify;\"><strong><a href=\"http:\/\/akunq.net\/tr\/?attachment_id=28726\" rel=\"attachment wp-att-28726\"><img loading=\"lazy\" decoding=\"async\" class=\"alignright size-medium wp-image-28726\" alt=\"\u054d\u0587\u0561\u0576 \u0546\u0577\u0561\u0576\u0575\u0561\u0576\" src=\"http:\/\/akunq.net\/tr\/wp-content\/uploads\/2014\/03\/\u054d\u0587\u0561\u0576-\u0546\u0577\u0561\u0576\u0575\u0561\u05761-300x206.jpg\" width=\"300\" height=\"206\" srcset=\"https:\/\/akunq.net\/tr\/wp-content\/uploads\/sites\/6\/2014\/03\/\u054d\u0587\u0561\u0576-\u0546\u0577\u0561\u0576\u0575\u0561\u05761-300x206.jpg 300w, https:\/\/akunq.net\/tr\/wp-content\/uploads\/sites\/6\/2014\/03\/\u054d\u0587\u0561\u0576-\u0546\u0577\u0561\u0576\u0575\u0561\u05761.jpg 307w\" sizes=\"auto, (max-width: 300px) 100vw, 300px\" \/><\/a>EMRE ERTAN\u0130<\/strong><\/p>\n<p style=\"text-align: justify;\"><b><i>Sevan Ni\u015fanyan, \u2018beton zeminde\u2019 yat\u0131r\u0131lmak suretiyle i\u015fkence g\u00f6rd\u00fc\u011f\u00fc \u0130zmir Buca Kapal\u0131 Cezaevi\u2019nden Alia\u011fa Kapal\u0131 Cezaevi\u2019ne nakledildi. Agos\u2019a konu\u015fan Ali Nesin, bug\u00fcn Ni\u015fanyan\u2019\u0131 ziyarete gittiklerinde nakil i\u015fleminin ger\u00e7ekle\u015fti\u011fini \u00f6\u011frendiklerini belirtti. <\/i><\/b><\/p>\n<p style=\"text-align: justify;\">\u0130zmir Buca Kapal\u0131 Cezaevi\u2019nde \u2018yatak yok\u2019 gerek\u00e7esi ile g\u00fcnlerce yerde, beton zeminde yat\u0131r\u0131lan Sevan Ni\u015fanyan, bug\u00fcn Alia\u011fa Kapal\u0131 Cezaevi\u2019ne nakledildi. Agos\u2019a konu\u015fan Ali Nesin, bug\u00fcn Ni\u015fanyan\u2019\u0131 ziyarete gittiklerinde nakil i\u015fleminin ger\u00e7ekle\u015fti\u011fini \u00f6\u011frendiklerini belirtti. Nesin, Alia\u011fa Kapal\u0131 Cezaevi\u2019nin \u015fartlar\u0131n\u0131n g\u00f6rece daha iyi oldu\u011fu s\u00f6zlerine ekledi.<\/p>\n<p style=\"text-align: justify;\">Sevan Ni\u015fanyan\u2019\u0131n avukat\u0131 Murat Ak\u00e7\u0131 ise, Ni\u015fanyan hakk\u0131nda Torbal\u0131 A\u00e7\u0131k Cezaevi y\u00f6netiminin \u2018memura hakaret ve tehdit\u2019 iddias\u0131yla a\u00e7t\u0131\u011f\u0131 davan\u0131n 27 Mart\u2019ta g\u00f6r\u00fclece\u011fini a\u00e7\u0131klad\u0131. Ak\u00e7\u0131, Ni\u015fanyan\u2019\u0131n ne kadar s\u00fcre kapal\u0131 cezaevinde kalaca\u011f\u0131n\u0131n bu mahkemenin sonucunda belli olaca\u011f\u0131n\u0131 s\u00f6zlerine ekledi.<\/p>\n<p style=\"text-align: justify;\"><strong>\u2018Ta\u015f yatak\u2019 i\u015fkencesi<\/strong><\/p>\n<p style=\"text-align: justify;\">Yakla\u015f\u0131k bir hafta \u00f6nce, gerek\u00e7e g\u00f6sterilmeksizin Torbal\u0131 A\u00e7\u0131k Cezaevi\u2019nden, \u0130zmir Buca Kapal\u0131 Cezaevi\u2019ne nakledilen Sevan Ni\u015fanyan, \u2018yatak yok\u2019 gerek\u00e7esi ile g\u00fcnlerce beton zeminde yatm\u0131\u015ft\u0131. Banyo yapma imk\u00e2n\u0131 da tan\u0131nmayan Sevan Ni\u015fanyan\u2019a uygulanan \u2018ta\u015f yatak\u2019\u0131n a\u00e7\u0131k bir i\u015fkence oldu\u011fu vurgulanm\u0131\u015ft\u0131.<\/p>\n<p style=\"text-align: justify;\">Bilindi\u011fi \u00fczere Sevan Ni\u015fanyan,\u00a0 bir ka\u00e7ak yap\u0131 cenneti olan T\u00fcrkiye\u2019de, \u0130zmir\u2019in \u015eirince K\u00f6y\u00fc\u2019nde, kendi arazisi \u00fczerine 60 metre karelik tek odal\u0131 bir ta\u015f ev in\u015fa etmesi \u00fczerine \u2018ka\u00e7ak yap\u0131\u2019 gerek\u00e7esiyle 2 y\u0131l hapis cezas\u0131na \u00e7arpt\u0131r\u0131lm\u0131\u015ft\u0131. Torbal\u0131 A\u00e7\u0131k Cezaevine konan Ni\u015fanyan\u2019\u0131n bir gardiyan\u0131n h\u0131rs\u0131zl\u0131k yapt\u0131\u011f\u0131n\u0131 kamuoyuyla payla\u015fmas\u0131 \u00fcst\u00fcne cezaevi y\u00f6netimi soru\u015fturma a\u00e7m\u0131\u015f ve Ni\u015fanyan apartopar Buca Kapal\u0131 Cezaevi\u2019ne nakledilmi\u015fti.<\/p>\n<p style=\"text-align: justify;\"><strong><i>emreertani@agos.com.tr<\/i><\/strong><\/p>\n<p style=\"text-align: justify;\"><b><i>http:\/\/www.agos.com.tr\/haber.php?seo=nisanyan-iskence-gordugu-cezaevinden-nakledildi&amp;haberid=6720<\/i><\/b><\/p>\n","protected":false},"excerpt":{"rendered":"<p>EMRE ERTAN\u0130 Sevan Ni\u015fanyan, \u2018beton zeminde\u2019 yat\u0131r\u0131lmak suretiyle i\u015fkence g\u00f6rd\u00fc\u011f\u00fc \u0130zmir Buca Kapal\u0131 Cezaevi\u2019nden Alia\u011fa Kapal\u0131 Cezaevi\u2019ne nakledildi. Agos\u2019a konu\u015fan Ali Nesin, bug\u00fcn Ni\u015fanyan\u2019\u0131 ziyarete gittiklerinde nakil i\u015fleminin ger\u00e7ekle\u015fti\u011fini \u00f6\u011frendiklerini belirtti. \u0130zmir Buca Kapal\u0131 Cezaevi\u2019nde \u2018yatak yok\u2019 gerek\u00e7esi ile g\u00fcnlerce yerde, beton zeminde yat\u0131r\u0131lan Sevan Ni\u015fanyan, bug\u00fcn Alia\u011fa Kapal\u0131 Cezaevi\u2019ne nakledildi. Agos\u2019a konu\u015fan Ali Nesin, [&hellip;]<\/p>\n","protected":false},"author":7,"featured_media":0,"comment_status":"open","ping_status":"open","sticky":false,"template":"","format":"standard","meta":{"footnotes":""},"categories":[1],"tags":[],"class_list":["post-28725","post","type-post","status-publish","format-standard","hentry","category-haberler"],"yoast_head":"<!-- This site is optimized with the Yoast SEO plugin v26.6 - https:\/\/yoast.com\/wordpress\/plugins\/seo\/ -->\n<title>Ni\u015fanyan, i\u015fkence g\u00f6rd\u00fc\u011f\u00fc cezaevinden nakledildi - Bati Ermenistan Ve Bati Ermenileri Sorunlari Ara\u015ftirmalar Merkezi<\/title>\n<meta name=\"robots\" content=\"index, follow, max-snippet:-1, max-image-preview:large, max-video-preview:-1\" \/>\n<link rel=\"canonical\" href=\"https:\/\/akunq.net\/tr\/?p=28725\" \/>\n<meta property=\"og:locale\" content=\"en_US\" \/>\n<meta property=\"og:type\" content=\"article\" \/>\n<meta property=\"og:title\" content=\"Ni\u015fanyan, i\u015fkence g\u00f6rd\u00fc\u011f\u00fc cezaevinden nakledildi - Bati Ermenistan Ve Bati Ermenileri Sorunlari Ara\u015ftirmalar Merkezi\" \/>\n<meta property=\"og:description\" content=\"EMRE ERTAN\u0130 Sevan Ni\u015fanyan, \u2018beton zeminde\u2019 yat\u0131r\u0131lmak suretiyle i\u015fkence g\u00f6rd\u00fc\u011f\u00fc \u0130zmir Buca Kapal\u0131 Cezaevi\u2019nden Alia\u011fa Kapal\u0131 Cezaevi\u2019ne nakledildi. Agos\u2019a konu\u015fan Ali Nesin, bug\u00fcn Ni\u015fanyan\u2019\u0131 ziyarete gittiklerinde nakil i\u015fleminin ger\u00e7ekle\u015fti\u011fini \u00f6\u011frendiklerini belirtti. \u0130zmir Buca Kapal\u0131 Cezaevi\u2019nde \u2018yatak yok\u2019 gerek\u00e7esi ile g\u00fcnlerce yerde, beton zeminde yat\u0131r\u0131lan Sevan Ni\u015fanyan, bug\u00fcn Alia\u011fa Kapal\u0131 Cezaevi\u2019ne nakledildi. Agos\u2019a konu\u015fan Ali Nesin, [&hellip;]\" \/>\n<meta property=\"og:url\" content=\"https:\/\/akunq.net\/tr\/?p=28725\" \/>\n<meta property=\"og:site_name\" content=\"Bati Ermenistan Ve Bati Ermenileri Sorunlari Ara\u015ftirmalar Merkezi\" \/>\n<meta property=\"article:published_time\" content=\"2014-03-07T07:07:31+00:00\" \/>\n<meta name=\"author\" content=\"admin\" \/>\n<meta name=\"twitter:card\" content=\"summary_large_image\" \/>\n<meta name=\"twitter:label1\" content=\"Written by\" \/>\n\t<meta name=\"twitter:data1\" content=\"admin\" \/>\n\t<meta name=\"twitter:label2\" content=\"Est. reading time\" \/>\n\t<meta name=\"twitter:data2\" content=\"2 minutes\" \/>\n<script type=\"application\/ld+json\" class=\"yoast-schema-graph\">{\"@context\":\"https:\/\/schema.org\",\"@graph\":[{\"@type\":\"WebPage\",\"@id\":\"https:\/\/akunq.net\/tr\/?p=28725\",\"url\":\"https:\/\/akunq.net\/tr\/?p=28725\",\"name\":\"Ni\u015fanyan, i\u015fkence g\u00f6rd\u00fc\u011f\u00fc cezaevinden nakledildi - Bati Ermenistan Ve Bati Ermenileri Sorunlari Ara\u015ftirmalar Merkezi\",\"isPartOf\":{\"@id\":\"https:\/\/akunq.net\/tr\/#website\"},\"datePublished\":\"2014-03-07T07:07:31+00:00\",\"author\":{\"@id\":\"https:\/\/akunq.net\/tr\/#\/schema\/person\/096f1d38a12cce57fb855b485ed24c9e\"},\"breadcrumb\":{\"@id\":\"https:\/\/akunq.net\/tr\/?p=28725#breadcrumb\"},\"inLanguage\":\"en-US\",\"potentialAction\":[{\"@type\":\"ReadAction\",\"target\":[\"https:\/\/akunq.net\/tr\/?p=28725\"]}]},{\"@type\":\"BreadcrumbList\",\"@id\":\"https:\/\/akunq.net\/tr\/?p=28725#breadcrumb\",\"itemListElement\":[{\"@type\":\"ListItem\",\"position\":1,\"name\":\"Home\",\"item\":\"https:\/\/akunq.net\/tr\"},{\"@type\":\"ListItem\",\"position\":2,\"name\":\"Ni\u015fanyan, i\u015fkence g\u00f6rd\u00fc\u011f\u00fc cezaevinden nakledildi\"}]},{\"@type\":\"WebSite\",\"@id\":\"https:\/\/akunq.net\/tr\/#website\",\"url\":\"https:\/\/akunq.net\/tr\/\",\"name\":\"Bati Ermenistan Ve Bati Ermenileri Sorunlari Ara\u015ftirmalar Merkezi\",\"description\":\"\",\"potentialAction\":[{\"@type\":\"SearchAction\",\"target\":{\"@type\":\"EntryPoint\",\"urlTemplate\":\"https:\/\/akunq.net\/tr\/?s={search_term_string}\"},\"query-input\":{\"@type\":\"PropertyValueSpecification\",\"valueRequired\":true,\"valueName\":\"search_term_string\"}}],\"inLanguage\":\"en-US\"},{\"@type\":\"Person\",\"@id\":\"https:\/\/akunq.net\/tr\/#\/schema\/person\/096f1d38a12cce57fb855b485ed24c9e\",\"name\":\"admin\",\"url\":\"https:\/\/akunq.net\/tr\/?author=7\"}]}<\/script>\n<!-- \/ Yoast SEO plugin. -->","yoast_head_json":{"title":"Ni\u015fanyan, i\u015fkence g\u00f6rd\u00fc\u011f\u00fc cezaevinden nakledildi - Bati Ermenistan Ve Bati Ermenileri Sorunlari Ara\u015ftirmalar Merkezi","robots":{"index":"index","follow":"follow","max-snippet":"max-snippet:-1","max-image-preview":"max-image-preview:large","max-video-preview":"max-video-preview:-1"},"canonical":"https:\/\/akunq.net\/tr\/?p=28725","og_locale":"en_US","og_type":"article","og_title":"Ni\u015fanyan, i\u015fkence g\u00f6rd\u00fc\u011f\u00fc cezaevinden nakledildi - Bati Ermenistan Ve Bati Ermenileri Sorunlari Ara\u015ftirmalar Merkezi","og_description":"EMRE ERTAN\u0130 Sevan Ni\u015fanyan, \u2018beton zeminde\u2019 yat\u0131r\u0131lmak suretiyle i\u015fkence g\u00f6rd\u00fc\u011f\u00fc \u0130zmir Buca Kapal\u0131 Cezaevi\u2019nden Alia\u011fa Kapal\u0131 Cezaevi\u2019ne nakledildi. Agos\u2019a konu\u015fan Ali Nesin, bug\u00fcn Ni\u015fanyan\u2019\u0131 ziyarete gittiklerinde nakil i\u015fleminin ger\u00e7ekle\u015fti\u011fini \u00f6\u011frendiklerini belirtti. \u0130zmir Buca Kapal\u0131 Cezaevi\u2019nde \u2018yatak yok\u2019 gerek\u00e7esi ile g\u00fcnlerce yerde, beton zeminde yat\u0131r\u0131lan Sevan Ni\u015fanyan, bug\u00fcn Alia\u011fa Kapal\u0131 Cezaevi\u2019ne nakledildi. Agos\u2019a konu\u015fan Ali Nesin, [&hellip;]","og_url":"https:\/\/akunq.net\/tr\/?p=28725","og_site_name":"Bati Ermenistan Ve Bati Ermenileri Sorunlari Ara\u015ftirmalar Merkezi","article_published_time":"2014-03-07T07:07:31+00:00","author":"admin","twitter_card":"summary_large_image","twitter_misc":{"Written by":"admin","Est. reading time":"2 minutes"},"schema":{"@context":"https:\/\/schema.org","@graph":[{"@type":"WebPage","@id":"https:\/\/akunq.net\/tr\/?p=28725","url":"https:\/\/akunq.net\/tr\/?p=28725","name":"Ni\u015fanyan, i\u015fkence g\u00f6rd\u00fc\u011f\u00fc cezaevinden nakledildi - Bati Ermenistan Ve Bati Ermenileri Sorunlari Ara\u015ftirmalar Merkezi","isPartOf":{"@id":"https:\/\/akunq.net\/tr\/#website"},"datePublished":"2014-03-07T07:07:31+00:00","author":{"@id":"https:\/\/akunq.net\/tr\/#\/schema\/person\/096f1d38a12cce57fb855b485ed24c9e"},"breadcrumb":{"@id":"https:\/\/akunq.net\/tr\/?p=28725#breadcrumb"},"inLanguage":"en-US","potentialAction":[{"@type":"ReadAction","target":["https:\/\/akunq.net\/tr\/?p=28725"]}]},{"@type":"BreadcrumbList","@id":"https:\/\/akunq.net\/tr\/?p=28725#breadcrumb","itemListElement":[{"@type":"ListItem","position":1,"name":"Home","item":"https:\/\/akunq.net\/tr"},{"@type":"ListItem","position":2,"name":"Ni\u015fanyan, i\u015fkence g\u00f6rd\u00fc\u011f\u00fc cezaevinden nakledildi"}]},{"@type":"WebSite","@id":"https:\/\/akunq.net\/tr\/#website","url":"https:\/\/akunq.net\/tr\/","name":"Bati Ermenistan Ve Bati Ermenileri Sorunlari Ara\u015ftirmalar Merkezi","description":"","potentialAction":[{"@type":"SearchAction","target":{"@type":"EntryPoint","urlTemplate":"https:\/\/akunq.net\/tr\/?s={search_term_string}"},"query-input":{"@type":"PropertyValueSpecification","valueRequired":true,"valueName":"search_term_string"}}],"inLanguage":"en-US"},{"@type":"Person","@id":"https:\/\/akunq.net\/tr\/#\/schema\/person\/096f1d38a12cce57fb855b485ed24c9e","name":"admin","url":"https:\/\/akunq.net\/tr\/?author=7"}]}},"_links":{"self":[{"href":"https:\/\/akunq.net\/tr\/index.php?rest_route=\/wp\/v2\/posts\/28725","targetHints":{"allow":["GET"]}}],"collection":[{"href":"https:\/\/akunq.net\/tr\/index.php?rest_route=\/wp\/v2\/posts"}],"about":[{"href":"https:\/\/akunq.net\/tr\/index.php?rest_route=\/wp\/v2\/types\/post"}],"author":[{"embeddable":true,"href":"https:\/\/akunq.net\/tr\/index.php?rest_route=\/wp\/v2\/users\/7"}],"replies":[{"embeddable":true,"href":"https:\/\/akunq.net\/tr\/index.php?rest_route=%2Fwp%2Fv2%2Fcomments&post=28725"}],"version-history":[{"count":1,"href":"https:\/\/akunq.net\/tr\/index.php?rest_route=\/wp\/v2\/posts\/28725\/revisions"}],"predecessor-version":[{"id":28727,"href":"https:\/\/akunq.net\/tr\/index.php?rest_route=\/wp\/v2\/posts\/28725\/revisions\/28727"}],"wp:attachment":[{"href":"https:\/\/akunq.net\/tr\/index.php?rest_route=%2Fwp%2Fv2%2Fmedia&parent=28725"}],"wp:term":[{"taxonomy":"category","embeddable":true,"href":"https:\/\/akunq.net\/tr\/index.php?rest_route=%2Fwp%2Fv2%2Fcategories&post=28725"},{"taxonomy":"post_tag","embeddable":true,"href":"https:\/\/akunq.net\/tr\/index.php?rest_route=%2Fwp%2Fv2%2Ftags&post=28725"}],"curies":[{"name":"wp","href":"https:\/\/api.w.org\/{rel}","templated":true}]}}