{"id":28722,"date":"2014-03-07T01:59:47","date_gmt":"2014-03-07T06:59:47","guid":{"rendered":"http:\/\/akunq.net\/tr\/?p=28722"},"modified":"2014-03-07T01:59:47","modified_gmt":"2014-03-07T06:59:47","slug":"guney-amerika-ermeni-toplumu-perincek-davasina-iliskin-isvicreli-yetkililerle-bir-dizi-bulusmalar-tertipledi","status":"publish","type":"post","link":"https:\/\/akunq.net\/tr\/?p=28722","title":{"rendered":"G\u00fcney Amerika Ermeni toplumu, Perin\u00e7ek davas\u0131na ili\u015fkin \u0130svi\u00e7reli yetkililerle bir dizi bulu\u015fmalar tertipledi"},"content":{"rendered":"<p style=\"text-align: justify;\"><b><i><a href=\"http:\/\/akunq.net\/tr\/?attachment_id=28723\" rel=\"attachment wp-att-28723\"><img loading=\"lazy\" decoding=\"async\" class=\"alignright size-full wp-image-28723\" alt=\"Do\u011fu Perin\u00e7ek\" src=\"http:\/\/akunq.net\/tr\/wp-content\/uploads\/2014\/03\/Do\u011fu-Perin\u00e7ek.jpg\" width=\"251\" height=\"188\" \/><\/a>G\u00fcney Amerika Ermeni toplumu, Ermeni Soyk\u0131r\u0131m\u0131n\u0131 inkar eden Do\u011fu Perin\u00e7ek konusunda Avrupa \u0130nsan Haklar\u0131 Mahkemesinin (A\u0130HM) karar\u0131yla ilgili olarak, Arjantin ve Uruguay\u2019daki\u00a0 \u0130svi\u00e7reli yetkililerle bir dizi bulu\u015fmalar tertipledi.<\/i><\/b><\/p>\n<p style=\"text-align: justify;\">\u00abNouvelles d&#8217;Armenie\u00bbin verdi\u011fi habere g\u00f6re, G\u00fcney Amerika Ermeni Davas\u0131 Ofisi, \u0130svi\u00e7reli t\u00fcm temsilcilere yazd\u0131\u011f\u0131 mektupta, karar\u0131n sadece Ermeni Soyk\u0131r\u0131m\u0131n\u0131n tan\u0131nmas\u0131 m\u00fccadelesine de\u011fil, insan haklar\u0131na y\u00f6nelik uluslararas\u0131 hukukun t\u00fcm yasa ve normlar\u0131 i\u00e7in menfi sonu\u00e7 yarataca\u011f\u0131n\u0131n alt\u0131n\u0131 \u00e7izdi. Mektupta \u0130svi\u00e7re H\u00fck\u00fcmetinden A\u0130HM karar\u0131na itirazda bulunulmas\u0131 rica edildi.<\/p>\n<p style=\"text-align: justify;\">A\u0130HM, Ermeni kar\u015f\u0131t\u0131 siyaset adam\u0131, \u0130\u015f\u00e7i Partisi lideri Do\u011fu Perin\u00e7ek\u2019in \u0130svi\u00e7re\u2019ye kar\u015f\u0131 a\u00e7t\u0131\u011f\u0131 davada, Perin\u00e7ek\u2019in Ermeni Soyk\u0131r\u0131m\u0131n\u0131 inkar\u0131n\u0131 \u2033\u0130fade \u00f6zg\u00fcrl\u00fc\u011f\u00fc\u2033 ba\u011flam\u0131nda makul g\u00f6rm\u00fc\u015ft\u00fc.<\/p>\n<p style=\"text-align: justify;\">\u0130svi\u00e7re Mahkemesi, Do\u011fu Perin\u00e7ek\u2019i 2008 y\u0131l\u0131nda Ermeni Soyk\u0131r\u0131m\u0131n\u0131 inkar\u0131 sebebiyle mahkum etmi\u015fti.<\/p>\n<p style=\"text-align: justify;\"><b><i>http:\/\/news.am\/tur\/news\/197450.html<\/i><\/b><\/p>\n","protected":false},"excerpt":{"rendered":"<p>G\u00fcney Amerika Ermeni toplumu, Ermeni Soyk\u0131r\u0131m\u0131n\u0131 inkar eden Do\u011fu Perin\u00e7ek konusunda Avrupa \u0130nsan Haklar\u0131 Mahkemesinin (A\u0130HM) karar\u0131yla ilgili olarak, Arjantin ve Uruguay\u2019daki\u00a0 \u0130svi\u00e7reli yetkililerle bir dizi bulu\u015fmalar tertipledi. \u00abNouvelles d&#8217;Armenie\u00bbin verdi\u011fi habere g\u00f6re, G\u00fcney Amerika Ermeni Davas\u0131 Ofisi, \u0130svi\u00e7reli t\u00fcm temsilcilere yazd\u0131\u011f\u0131 mektupta, karar\u0131n sadece Ermeni Soyk\u0131r\u0131m\u0131n\u0131n tan\u0131nmas\u0131 m\u00fccadelesine de\u011fil, insan haklar\u0131na y\u00f6nelik uluslararas\u0131 hukukun [&hellip;]<\/p>\n","protected":false},"author":7,"featured_media":0,"comment_status":"open","ping_status":"open","sticky":false,"template":"","format":"standard","meta":{"footnotes":""},"categories":[1],"tags":[],"class_list":["post-28722","post","type-post","status-publish","format-standard","hentry","category-haberler"],"yoast_head":"<!-- This site is optimized with the Yoast SEO plugin v26.6 - https:\/\/yoast.com\/wordpress\/plugins\/seo\/ -->\n<title>G\u00fcney Amerika Ermeni toplumu, Perin\u00e7ek davas\u0131na ili\u015fkin \u0130svi\u00e7reli yetkililerle bir dizi bulu\u015fmalar tertipledi - Bati Ermenistan Ve Bati Ermenileri Sorunlari Ara\u015ftirmalar Merkezi<\/title>\n<meta name=\"robots\" content=\"index, follow, max-snippet:-1, max-image-preview:large, max-video-preview:-1\" \/>\n<link rel=\"canonical\" href=\"https:\/\/akunq.net\/tr\/?p=28722\" \/>\n<meta property=\"og:locale\" content=\"en_US\" \/>\n<meta property=\"og:type\" content=\"article\" \/>\n<meta property=\"og:title\" content=\"G\u00fcney Amerika Ermeni toplumu, Perin\u00e7ek davas\u0131na ili\u015fkin \u0130svi\u00e7reli yetkililerle bir dizi bulu\u015fmalar tertipledi - Bati Ermenistan Ve Bati Ermenileri Sorunlari Ara\u015ftirmalar Merkezi\" \/>\n<meta property=\"og:description\" content=\"G\u00fcney Amerika Ermeni toplumu, Ermeni Soyk\u0131r\u0131m\u0131n\u0131 inkar eden Do\u011fu Perin\u00e7ek konusunda Avrupa \u0130nsan Haklar\u0131 Mahkemesinin (A\u0130HM) karar\u0131yla ilgili olarak, Arjantin ve Uruguay\u2019daki\u00a0 \u0130svi\u00e7reli yetkililerle bir dizi bulu\u015fmalar tertipledi. \u00abNouvelles d&#8217;Armenie\u00bbin verdi\u011fi habere g\u00f6re, G\u00fcney Amerika Ermeni Davas\u0131 Ofisi, \u0130svi\u00e7reli t\u00fcm temsilcilere yazd\u0131\u011f\u0131 mektupta, karar\u0131n sadece Ermeni Soyk\u0131r\u0131m\u0131n\u0131n tan\u0131nmas\u0131 m\u00fccadelesine de\u011fil, insan haklar\u0131na y\u00f6nelik uluslararas\u0131 hukukun [&hellip;]\" \/>\n<meta property=\"og:url\" content=\"https:\/\/akunq.net\/tr\/?p=28722\" \/>\n<meta property=\"og:site_name\" content=\"Bati Ermenistan Ve Bati Ermenileri Sorunlari Ara\u015ftirmalar Merkezi\" \/>\n<meta property=\"article:published_time\" content=\"2014-03-07T06:59:47+00:00\" \/>\n<meta name=\"author\" content=\"admin\" \/>\n<meta name=\"twitter:card\" content=\"summary_large_image\" \/>\n<meta name=\"twitter:label1\" content=\"Written by\" \/>\n\t<meta name=\"twitter:data1\" content=\"admin\" \/>\n\t<meta name=\"twitter:label2\" content=\"Est. reading time\" \/>\n\t<meta name=\"twitter:data2\" content=\"1 minute\" \/>\n<script type=\"application\/ld+json\" class=\"yoast-schema-graph\">{\"@context\":\"https:\/\/schema.org\",\"@graph\":[{\"@type\":\"WebPage\",\"@id\":\"https:\/\/akunq.net\/tr\/?p=28722\",\"url\":\"https:\/\/akunq.net\/tr\/?p=28722\",\"name\":\"G\u00fcney Amerika Ermeni toplumu, Perin\u00e7ek davas\u0131na ili\u015fkin \u0130svi\u00e7reli yetkililerle bir dizi bulu\u015fmalar tertipledi - Bati Ermenistan Ve Bati Ermenileri Sorunlari Ara\u015ftirmalar Merkezi\",\"isPartOf\":{\"@id\":\"https:\/\/akunq.net\/tr\/#website\"},\"datePublished\":\"2014-03-07T06:59:47+00:00\",\"author\":{\"@id\":\"https:\/\/akunq.net\/tr\/#\/schema\/person\/096f1d38a12cce57fb855b485ed24c9e\"},\"breadcrumb\":{\"@id\":\"https:\/\/akunq.net\/tr\/?p=28722#breadcrumb\"},\"inLanguage\":\"en-US\",\"potentialAction\":[{\"@type\":\"ReadAction\",\"target\":[\"https:\/\/akunq.net\/tr\/?p=28722\"]}]},{\"@type\":\"BreadcrumbList\",\"@id\":\"https:\/\/akunq.net\/tr\/?p=28722#breadcrumb\",\"itemListElement\":[{\"@type\":\"ListItem\",\"position\":1,\"name\":\"Home\",\"item\":\"https:\/\/akunq.net\/tr\"},{\"@type\":\"ListItem\",\"position\":2,\"name\":\"G\u00fcney Amerika Ermeni toplumu, Perin\u00e7ek davas\u0131na ili\u015fkin \u0130svi\u00e7reli yetkililerle bir dizi bulu\u015fmalar tertipledi\"}]},{\"@type\":\"WebSite\",\"@id\":\"https:\/\/akunq.net\/tr\/#website\",\"url\":\"https:\/\/akunq.net\/tr\/\",\"name\":\"Bati Ermenistan Ve Bati Ermenileri Sorunlari Ara\u015ftirmalar Merkezi\",\"description\":\"\",\"potentialAction\":[{\"@type\":\"SearchAction\",\"target\":{\"@type\":\"EntryPoint\",\"urlTemplate\":\"https:\/\/akunq.net\/tr\/?s={search_term_string}\"},\"query-input\":{\"@type\":\"PropertyValueSpecification\",\"valueRequired\":true,\"valueName\":\"search_term_string\"}}],\"inLanguage\":\"en-US\"},{\"@type\":\"Person\",\"@id\":\"https:\/\/akunq.net\/tr\/#\/schema\/person\/096f1d38a12cce57fb855b485ed24c9e\",\"name\":\"admin\",\"url\":\"https:\/\/akunq.net\/tr\/?author=7\"}]}<\/script>\n<!-- \/ Yoast SEO plugin. -->","yoast_head_json":{"title":"G\u00fcney Amerika Ermeni toplumu, Perin\u00e7ek davas\u0131na ili\u015fkin \u0130svi\u00e7reli yetkililerle bir dizi bulu\u015fmalar tertipledi - Bati Ermenistan Ve Bati Ermenileri Sorunlari Ara\u015ftirmalar Merkezi","robots":{"index":"index","follow":"follow","max-snippet":"max-snippet:-1","max-image-preview":"max-image-preview:large","max-video-preview":"max-video-preview:-1"},"canonical":"https:\/\/akunq.net\/tr\/?p=28722","og_locale":"en_US","og_type":"article","og_title":"G\u00fcney Amerika Ermeni toplumu, Perin\u00e7ek davas\u0131na ili\u015fkin \u0130svi\u00e7reli yetkililerle bir dizi bulu\u015fmalar tertipledi - Bati Ermenistan Ve Bati Ermenileri Sorunlari Ara\u015ftirmalar Merkezi","og_description":"G\u00fcney Amerika Ermeni toplumu, Ermeni Soyk\u0131r\u0131m\u0131n\u0131 inkar eden Do\u011fu Perin\u00e7ek konusunda Avrupa \u0130nsan Haklar\u0131 Mahkemesinin (A\u0130HM) karar\u0131yla ilgili olarak, Arjantin ve Uruguay\u2019daki\u00a0 \u0130svi\u00e7reli yetkililerle bir dizi bulu\u015fmalar tertipledi. \u00abNouvelles d&#8217;Armenie\u00bbin verdi\u011fi habere g\u00f6re, G\u00fcney Amerika Ermeni Davas\u0131 Ofisi, \u0130svi\u00e7reli t\u00fcm temsilcilere yazd\u0131\u011f\u0131 mektupta, karar\u0131n sadece Ermeni Soyk\u0131r\u0131m\u0131n\u0131n tan\u0131nmas\u0131 m\u00fccadelesine de\u011fil, insan haklar\u0131na y\u00f6nelik uluslararas\u0131 hukukun [&hellip;]","og_url":"https:\/\/akunq.net\/tr\/?p=28722","og_site_name":"Bati Ermenistan Ve Bati Ermenileri Sorunlari Ara\u015ftirmalar Merkezi","article_published_time":"2014-03-07T06:59:47+00:00","author":"admin","twitter_card":"summary_large_image","twitter_misc":{"Written by":"admin","Est. reading time":"1 minute"},"schema":{"@context":"https:\/\/schema.org","@graph":[{"@type":"WebPage","@id":"https:\/\/akunq.net\/tr\/?p=28722","url":"https:\/\/akunq.net\/tr\/?p=28722","name":"G\u00fcney Amerika Ermeni toplumu, Perin\u00e7ek davas\u0131na ili\u015fkin \u0130svi\u00e7reli yetkililerle bir dizi bulu\u015fmalar tertipledi - Bati Ermenistan Ve Bati Ermenileri Sorunlari Ara\u015ftirmalar Merkezi","isPartOf":{"@id":"https:\/\/akunq.net\/tr\/#website"},"datePublished":"2014-03-07T06:59:47+00:00","author":{"@id":"https:\/\/akunq.net\/tr\/#\/schema\/person\/096f1d38a12cce57fb855b485ed24c9e"},"breadcrumb":{"@id":"https:\/\/akunq.net\/tr\/?p=28722#breadcrumb"},"inLanguage":"en-US","potentialAction":[{"@type":"ReadAction","target":["https:\/\/akunq.net\/tr\/?p=28722"]}]},{"@type":"BreadcrumbList","@id":"https:\/\/akunq.net\/tr\/?p=28722#breadcrumb","itemListElement":[{"@type":"ListItem","position":1,"name":"Home","item":"https:\/\/akunq.net\/tr"},{"@type":"ListItem","position":2,"name":"G\u00fcney Amerika Ermeni toplumu, Perin\u00e7ek davas\u0131na ili\u015fkin \u0130svi\u00e7reli yetkililerle bir dizi bulu\u015fmalar tertipledi"}]},{"@type":"WebSite","@id":"https:\/\/akunq.net\/tr\/#website","url":"https:\/\/akunq.net\/tr\/","name":"Bati Ermenistan Ve Bati Ermenileri Sorunlari Ara\u015ftirmalar Merkezi","description":"","potentialAction":[{"@type":"SearchAction","target":{"@type":"EntryPoint","urlTemplate":"https:\/\/akunq.net\/tr\/?s={search_term_string}"},"query-input":{"@type":"PropertyValueSpecification","valueRequired":true,"valueName":"search_term_string"}}],"inLanguage":"en-US"},{"@type":"Person","@id":"https:\/\/akunq.net\/tr\/#\/schema\/person\/096f1d38a12cce57fb855b485ed24c9e","name":"admin","url":"https:\/\/akunq.net\/tr\/?author=7"}]}},"_links":{"self":[{"href":"https:\/\/akunq.net\/tr\/index.php?rest_route=\/wp\/v2\/posts\/28722","targetHints":{"allow":["GET"]}}],"collection":[{"href":"https:\/\/akunq.net\/tr\/index.php?rest_route=\/wp\/v2\/posts"}],"about":[{"href":"https:\/\/akunq.net\/tr\/index.php?rest_route=\/wp\/v2\/types\/post"}],"author":[{"embeddable":true,"href":"https:\/\/akunq.net\/tr\/index.php?rest_route=\/wp\/v2\/users\/7"}],"replies":[{"embeddable":true,"href":"https:\/\/akunq.net\/tr\/index.php?rest_route=%2Fwp%2Fv2%2Fcomments&post=28722"}],"version-history":[{"count":1,"href":"https:\/\/akunq.net\/tr\/index.php?rest_route=\/wp\/v2\/posts\/28722\/revisions"}],"predecessor-version":[{"id":28724,"href":"https:\/\/akunq.net\/tr\/index.php?rest_route=\/wp\/v2\/posts\/28722\/revisions\/28724"}],"wp:attachment":[{"href":"https:\/\/akunq.net\/tr\/index.php?rest_route=%2Fwp%2Fv2%2Fmedia&parent=28722"}],"wp:term":[{"taxonomy":"category","embeddable":true,"href":"https:\/\/akunq.net\/tr\/index.php?rest_route=%2Fwp%2Fv2%2Fcategories&post=28722"},{"taxonomy":"post_tag","embeddable":true,"href":"https:\/\/akunq.net\/tr\/index.php?rest_route=%2Fwp%2Fv2%2Ftags&post=28722"}],"curies":[{"name":"wp","href":"https:\/\/api.w.org\/{rel}","templated":true}]}}