{"id":28709,"date":"2014-03-06T02:40:15","date_gmt":"2014-03-06T07:40:15","guid":{"rendered":"http:\/\/akunq.net\/tr\/?p=28709"},"modified":"2014-03-06T02:40:38","modified_gmt":"2014-03-06T07:40:38","slug":"sevan-nisanyan-kapali-cezaevinde-tasta-yatiriliyor","status":"publish","type":"post","link":"https:\/\/akunq.net\/tr\/?p=28709","title":{"rendered":"&#8216;Sevan Ni\u015fanyan, kapal\u0131 cezaevinde ta\u015fta yat\u0131r\u0131l\u0131yor&#8217;"},"content":{"rendered":"<h5 style=\"text-align: justify;\"><b><i><a href=\"http:\/\/akunq.net\/tr\/?attachment_id=28710\" rel=\"attachment wp-att-28710\"><img loading=\"lazy\" decoding=\"async\" class=\"alignright size-medium wp-image-28710\" alt=\"\u054d\u0587\u0561\u0576 \u0546\u0577\u0561\u0576\u0575\u0561\u0576\" src=\"http:\/\/akunq.net\/tr\/wp-content\/uploads\/2014\/03\/\u054d\u0587\u0561\u0576-\u0546\u0577\u0561\u0576\u0575\u0561\u0576-300x206.jpg\" width=\"300\" height=\"206\" srcset=\"https:\/\/akunq.net\/tr\/wp-content\/uploads\/sites\/6\/2014\/03\/\u054d\u0587\u0561\u0576-\u0546\u0577\u0561\u0576\u0575\u0561\u0576-300x206.jpg 300w, https:\/\/akunq.net\/tr\/wp-content\/uploads\/sites\/6\/2014\/03\/\u054d\u0587\u0561\u0576-\u0546\u0577\u0561\u0576\u0575\u0561\u0576.jpg 307w\" sizes=\"auto, (max-width: 300px) 100vw, 300px\" \/><\/a>&#8216;Kendi arazisinde ka\u00e7ak yap\u0131 in\u015fa etti\u011fi&#8217; gerek\u00e7esiyle 2 y\u0131l hapis cezas\u0131 alan ve a\u00e7\u0131k cezaevindeyken yazd\u0131\u011f\u0131 bir mektup nedeniyle kapal\u0131 cezaevine s\u00fcr\u00fclen yazar ve d\u00fc\u015f\u00fcn\u00fcr Sevan Ni\u015fanyan&#8217;\u0131n ta\u015f yatakta yat\u0131r\u0131ld\u0131\u011f\u0131 ve banyo yapmas\u0131na izin verilmedi\u011fi \u00f6ne s\u00fcr\u00fcld\u00fc.<\/i><\/b><\/h5>\n<p style=\"text-align: justify;\"><strong><i>Radikal.com.tr \u2013 <\/i><\/strong><a href=\"http:\/\/www.radikal.com.tr\/index\/IZMIR\">\u0130zmir<\/a> \u015eirince\u2019de, kendisine ait arazi \u00fczerinde yapt\u0131\u011f\u0131 tek katl\u0131 bir binan\u0131n \u2018imara ayk\u0131r\u0131\u2019 oldu\u011fu gerek\u00e7esiyle iki y\u0131l hapis cezas\u0131na \u00e7arpt\u0131r\u0131lan ve cezas\u0131n\u0131 \u00e7ekmek \u00fczere 2 Ocak&#8217;ta hapse giren gazeteci-yazar Sevan Ni\u015fanyan\u2019\u0131n, Buca Kapal\u0131 Cezaevi&#8217;nde ta\u015f yatakta yat\u0131r\u0131ld\u0131\u011f\u0131 ve banyo yapmas\u0131na izin verilmedi\u011fi \u00f6ne s\u00fcr\u00fcld\u00fc. Ceza infaz mevzuat\u0131 nedeniyle teslim oldu\u011fu 2 Ocak g\u00fcn\u00fc a\u00e7\u0131k cezaevine konan Ni\u015fanyan, yazd\u0131\u011f\u0131 bir mektup gerek\u00e7e g\u00f6sterilerek Buca Kapal\u0131 Cezaevi\u2019ne nakledilmi\u015fti.<br \/>\nYakla\u015f\u0131k bir hafta \u00f6nce, apar topar Torbal\u0131 a\u00e7\u0131k cezaevinden, \u0130zmir Buca Kapal\u0131 Cezaevi&#8217;ne nakledilen yazar, felsefeci ve turizmci Sevan Ni\u015fanyan&#8217;\u0131n &#8220;yatak yok&#8221; gerek\u00e7esi ile g\u00fcnlerdir yerde, ta\u015f zeminde yat\u0131r\u0131ld\u0131\u011f\u0131 \u00f6ne s\u00fcr\u00fcld\u00fc.<br \/>\nSesonline.com <a href=\"http:\/\/www.radikal.com.tr\/\">haber<\/a> sitesinde yer alan habere g\u00f6re, Ni\u015fanyan\u2019\u0131n banyo yapmas\u0131na da izin verilmiyor.<br \/>\n\u0130zmir&#8217;in \u015eirince K\u00f6y\u00fc&#8217;nde, kendi arazisi \u00fczerine in\u015fa etti\u011fi 60 metrekarelik tek odal\u0131 ta\u015f evin &#8220;ka\u00e7ak yap\u0131&#8221; oldu\u011fu iddias\u0131yla 2 y\u0131l hapis cezas\u0131na \u00e7arpt\u0131r\u0131lan Sevan Ni\u015fanyan, 2 Ocak 2014 g\u00fcn\u00fc Torbal\u0131 A\u00e7\u0131k Cezaevi\u2019ne girmi\u015f, ancak bir gardiyan\u0131n h\u0131rs\u0131zl\u0131k yapt\u0131\u011f\u0131n\u0131 kamuoyuyla payla\u015fmas\u0131 gerek\u00e7e g\u00f6sterilerek a\u00e7\u0131lan <a href=\"http:\/\/www.radikal.com.tr\/index\/sorusturma\">soru\u015fturma<\/a> sonras\u0131 26 \u015eubat g\u00fcn\u00fc aniden Torbal\u0131 A\u00e7\u0131k Cezaevi&#8217;nden Buca Kapal\u0131 Cezaevi&#8217;ne nakledilmi\u015fti.<br \/>\n\u00c7e\u015fitli gazeteci, yazar, sanat\u00e7\u0131 ve aktivistlerden olu\u015fan &#8216;Sevan Ni\u015fanyan&#8217;la Dayan\u0131\u015fma Kurulu&#8217; da Ni\u015fanyan\u2019\u0131n tutukluluk ko\u015fullar\u0131yla ilgili endi\u015felerini dile getirirken, kurul \u00fcyesi yazar Sait \u00c7etino\u011flu \u015funlar\u0131 s\u00f6yledi:<br \/>\n&#8220;Ni\u015fanyan, Torbal\u0131 A\u00e7\u0131k Cezaevi\u2019nde k\u00f6t\u00fc muameleyle kar\u015f\u0131 kar\u015f\u0131ya b\u0131rak\u0131ld\u0131. Devletimiz i\u00e7inde bulundu\u011fu t\u00fcm bu karga\u015fa ortam\u0131nda bile, Sevan Ni\u015fanyan ile ilgilenmeyi de ihmal etmiyor. Sevan Ni\u015fanyan, kapal\u0131 cezaevine \u2018s\u00fcrg\u00fcn\u2019 edilmi\u015ftir. Sevan Ni\u015fanyan\u2019\u0131n durumundan endi\u015feliyiz. Torbal\u0131 A\u00e7\u0131k Cezaevi, tarihe, bu \u00fclkeye bunca de\u011fer katm\u0131\u015f bir ayd\u0131na yapt\u0131klar\u0131 k\u00f6t\u00fc muamele ile zihinlere kaydoldu. Biz onlar\u0131n ad\u0131na utan\u0131yoruz&#8230;\u201d<br \/>\nNesin Vakf\u0131 Ba\u015fkan\u0131 Ali Nesin ise, \u201cSevan Ni\u015fanyan apar topar Buca kapal\u0131 cezaevine nakledildi. \u2018Su\u00e7u\u2019, kredi kart\u0131n\u0131 \u00e7alan gardiyan\u0131 if\u015fa etmek. Bu bir skandald\u0131r\u201d dedi.<\/p>\n<p style=\"text-align: justify;\"><strong>KAPALI CEZAEV\u0130NE \u2018S\u00dcRG\u00dcN\u2019 ED\u0130LM\u0130\u015eT\u0130<\/strong><br \/>\nGazeteci yazar Ni\u015fanyan, \u015eirince&#8217;de yapt\u0131\u011f\u0131 otel in\u015faatlar\u0131na ka\u00e7ak yap\u0131 ekledi\u011fi gerek\u00e7esiyle iki y\u0131l ceza alm\u0131\u015f, 2 Ocak&#8217;ta Torbal\u0131 A\u00e7\u0131k Cezaevi&#8217;ne girdikten sonra 26 \u015eubat g\u00fcn\u00fc Buca Kapal\u0131 Cezaevi&#8217;ne nakledilmi\u015fti.<br \/>\nCezaevinden yazd\u0131\u011f\u0131 mektuplar\u0131 \u2018nisanyan1.blogspot.com\u2019 adresindeki blogunda da yay\u0131nlanan Ni\u015fanyan, mektubunda &#8220;Oktay gardiyandan&#8221; s\u00f6z etmi\u015f, bu s\u00fcrg\u00fcn gibi nakilin nedeni olarak da Ni\u015fanyan&#8217;\u0131n yazd\u0131\u011f\u0131 bu mektup g\u00f6sterilmi\u015fti. Ni\u015fanyan mektupta cezaevinde kredi kart\u0131n\u0131n bir gardiyan taraf\u0131ndan \u00e7al\u0131nd\u0131\u011f\u0131n\u0131 ve bunun nas\u0131l ortaya \u00e7\u0131kt\u0131\u011f\u0131n\u0131 yaz\u0131yordu. Cezaevi idaresi, i\u00e7eride olanlar\u0131 d\u0131\u015far\u0131ya yans\u0131tan bu mektubu nedeniyle Ni\u015fanyan&#8217;\u0131 cezaland\u0131rd\u0131. Mektuptan sonra hakk\u0131nda soru\u015fturma a\u00e7\u0131lan Ni\u015fanyan, Buca Kapal\u0131 Cezaevine nakledildi.<\/p>\n<p style=\"text-align: justify;\"><b><i>http:\/\/www.radikal.com.tr\/turkiye\/sevan_nisanyan_kapali_cezaevinde_nakledilen_tasta_yatiriliyor-1179621<\/i><\/b><\/p>\n","protected":false},"excerpt":{"rendered":"<p>&#8216;Kendi arazisinde ka\u00e7ak yap\u0131 in\u015fa etti\u011fi&#8217; gerek\u00e7esiyle 2 y\u0131l hapis cezas\u0131 alan ve a\u00e7\u0131k cezaevindeyken yazd\u0131\u011f\u0131 bir mektup nedeniyle kapal\u0131 cezaevine s\u00fcr\u00fclen yazar ve d\u00fc\u015f\u00fcn\u00fcr Sevan Ni\u015fanyan&#8217;\u0131n ta\u015f yatakta yat\u0131r\u0131ld\u0131\u011f\u0131 ve banyo yapmas\u0131na izin verilmedi\u011fi \u00f6ne s\u00fcr\u00fcld\u00fc. Radikal.com.tr \u2013 \u0130zmir \u015eirince\u2019de, kendisine ait arazi \u00fczerinde yapt\u0131\u011f\u0131 tek katl\u0131 bir binan\u0131n \u2018imara ayk\u0131r\u0131\u2019 oldu\u011fu gerek\u00e7esiyle iki [&hellip;]<\/p>\n","protected":false},"author":7,"featured_media":0,"comment_status":"open","ping_status":"open","sticky":false,"template":"","format":"standard","meta":{"footnotes":""},"categories":[1],"tags":[],"class_list":["post-28709","post","type-post","status-publish","format-standard","hentry","category-haberler"],"yoast_head":"<!-- This site is optimized with the Yoast SEO plugin v26.6 - https:\/\/yoast.com\/wordpress\/plugins\/seo\/ -->\n<title>&#039;Sevan Ni\u015fanyan, kapal\u0131 cezaevinde ta\u015fta yat\u0131r\u0131l\u0131yor&#039; - Bati Ermenistan Ve Bati Ermenileri Sorunlari Ara\u015ftirmalar Merkezi<\/title>\n<meta name=\"robots\" content=\"index, follow, max-snippet:-1, max-image-preview:large, max-video-preview:-1\" \/>\n<link rel=\"canonical\" href=\"https:\/\/akunq.net\/tr\/?p=28709\" \/>\n<meta property=\"og:locale\" content=\"en_US\" \/>\n<meta property=\"og:type\" content=\"article\" \/>\n<meta property=\"og:title\" content=\"&#039;Sevan Ni\u015fanyan, kapal\u0131 cezaevinde ta\u015fta yat\u0131r\u0131l\u0131yor&#039; - Bati Ermenistan Ve Bati Ermenileri Sorunlari Ara\u015ftirmalar Merkezi\" \/>\n<meta property=\"og:description\" content=\"&#8216;Kendi arazisinde ka\u00e7ak yap\u0131 in\u015fa etti\u011fi&#8217; gerek\u00e7esiyle 2 y\u0131l hapis cezas\u0131 alan ve a\u00e7\u0131k cezaevindeyken yazd\u0131\u011f\u0131 bir mektup nedeniyle kapal\u0131 cezaevine s\u00fcr\u00fclen yazar ve d\u00fc\u015f\u00fcn\u00fcr Sevan Ni\u015fanyan&#8217;\u0131n ta\u015f yatakta yat\u0131r\u0131ld\u0131\u011f\u0131 ve banyo yapmas\u0131na izin verilmedi\u011fi \u00f6ne s\u00fcr\u00fcld\u00fc. Radikal.com.tr \u2013 \u0130zmir \u015eirince\u2019de, kendisine ait arazi \u00fczerinde yapt\u0131\u011f\u0131 tek katl\u0131 bir binan\u0131n \u2018imara ayk\u0131r\u0131\u2019 oldu\u011fu gerek\u00e7esiyle iki [&hellip;]\" \/>\n<meta property=\"og:url\" content=\"https:\/\/akunq.net\/tr\/?p=28709\" \/>\n<meta property=\"og:site_name\" content=\"Bati Ermenistan Ve Bati Ermenileri Sorunlari Ara\u015ftirmalar Merkezi\" \/>\n<meta property=\"article:published_time\" content=\"2014-03-06T07:40:15+00:00\" \/>\n<meta property=\"article:modified_time\" content=\"2014-03-06T07:40:38+00:00\" \/>\n<meta name=\"author\" content=\"admin\" \/>\n<meta name=\"twitter:card\" content=\"summary_large_image\" \/>\n<meta name=\"twitter:label1\" content=\"Written by\" \/>\n\t<meta name=\"twitter:data1\" content=\"admin\" \/>\n\t<meta name=\"twitter:label2\" content=\"Est. reading time\" \/>\n\t<meta name=\"twitter:data2\" content=\"3 minutes\" \/>\n<script type=\"application\/ld+json\" class=\"yoast-schema-graph\">{\"@context\":\"https:\/\/schema.org\",\"@graph\":[{\"@type\":\"WebPage\",\"@id\":\"https:\/\/akunq.net\/tr\/?p=28709\",\"url\":\"https:\/\/akunq.net\/tr\/?p=28709\",\"name\":\"'Sevan Ni\u015fanyan, kapal\u0131 cezaevinde ta\u015fta yat\u0131r\u0131l\u0131yor' - Bati Ermenistan Ve Bati Ermenileri Sorunlari Ara\u015ftirmalar Merkezi\",\"isPartOf\":{\"@id\":\"https:\/\/akunq.net\/tr\/#website\"},\"datePublished\":\"2014-03-06T07:40:15+00:00\",\"dateModified\":\"2014-03-06T07:40:38+00:00\",\"author\":{\"@id\":\"https:\/\/akunq.net\/tr\/#\/schema\/person\/096f1d38a12cce57fb855b485ed24c9e\"},\"breadcrumb\":{\"@id\":\"https:\/\/akunq.net\/tr\/?p=28709#breadcrumb\"},\"inLanguage\":\"en-US\",\"potentialAction\":[{\"@type\":\"ReadAction\",\"target\":[\"https:\/\/akunq.net\/tr\/?p=28709\"]}]},{\"@type\":\"BreadcrumbList\",\"@id\":\"https:\/\/akunq.net\/tr\/?p=28709#breadcrumb\",\"itemListElement\":[{\"@type\":\"ListItem\",\"position\":1,\"name\":\"Home\",\"item\":\"https:\/\/akunq.net\/tr\"},{\"@type\":\"ListItem\",\"position\":2,\"name\":\"&#8216;Sevan Ni\u015fanyan, kapal\u0131 cezaevinde ta\u015fta yat\u0131r\u0131l\u0131yor&#8217;\"}]},{\"@type\":\"WebSite\",\"@id\":\"https:\/\/akunq.net\/tr\/#website\",\"url\":\"https:\/\/akunq.net\/tr\/\",\"name\":\"Bati Ermenistan Ve Bati Ermenileri Sorunlari Ara\u015ftirmalar Merkezi\",\"description\":\"\",\"potentialAction\":[{\"@type\":\"SearchAction\",\"target\":{\"@type\":\"EntryPoint\",\"urlTemplate\":\"https:\/\/akunq.net\/tr\/?s={search_term_string}\"},\"query-input\":{\"@type\":\"PropertyValueSpecification\",\"valueRequired\":true,\"valueName\":\"search_term_string\"}}],\"inLanguage\":\"en-US\"},{\"@type\":\"Person\",\"@id\":\"https:\/\/akunq.net\/tr\/#\/schema\/person\/096f1d38a12cce57fb855b485ed24c9e\",\"name\":\"admin\",\"url\":\"https:\/\/akunq.net\/tr\/?author=7\"}]}<\/script>\n<!-- \/ Yoast SEO plugin. -->","yoast_head_json":{"title":"'Sevan Ni\u015fanyan, kapal\u0131 cezaevinde ta\u015fta yat\u0131r\u0131l\u0131yor' - Bati Ermenistan Ve Bati Ermenileri Sorunlari Ara\u015ftirmalar Merkezi","robots":{"index":"index","follow":"follow","max-snippet":"max-snippet:-1","max-image-preview":"max-image-preview:large","max-video-preview":"max-video-preview:-1"},"canonical":"https:\/\/akunq.net\/tr\/?p=28709","og_locale":"en_US","og_type":"article","og_title":"'Sevan Ni\u015fanyan, kapal\u0131 cezaevinde ta\u015fta yat\u0131r\u0131l\u0131yor' - Bati Ermenistan Ve Bati Ermenileri Sorunlari Ara\u015ftirmalar Merkezi","og_description":"&#8216;Kendi arazisinde ka\u00e7ak yap\u0131 in\u015fa etti\u011fi&#8217; gerek\u00e7esiyle 2 y\u0131l hapis cezas\u0131 alan ve a\u00e7\u0131k cezaevindeyken yazd\u0131\u011f\u0131 bir mektup nedeniyle kapal\u0131 cezaevine s\u00fcr\u00fclen yazar ve d\u00fc\u015f\u00fcn\u00fcr Sevan Ni\u015fanyan&#8217;\u0131n ta\u015f yatakta yat\u0131r\u0131ld\u0131\u011f\u0131 ve banyo yapmas\u0131na izin verilmedi\u011fi \u00f6ne s\u00fcr\u00fcld\u00fc. Radikal.com.tr \u2013 \u0130zmir \u015eirince\u2019de, kendisine ait arazi \u00fczerinde yapt\u0131\u011f\u0131 tek katl\u0131 bir binan\u0131n \u2018imara ayk\u0131r\u0131\u2019 oldu\u011fu gerek\u00e7esiyle iki [&hellip;]","og_url":"https:\/\/akunq.net\/tr\/?p=28709","og_site_name":"Bati Ermenistan Ve Bati Ermenileri Sorunlari Ara\u015ftirmalar Merkezi","article_published_time":"2014-03-06T07:40:15+00:00","article_modified_time":"2014-03-06T07:40:38+00:00","author":"admin","twitter_card":"summary_large_image","twitter_misc":{"Written by":"admin","Est. reading time":"3 minutes"},"schema":{"@context":"https:\/\/schema.org","@graph":[{"@type":"WebPage","@id":"https:\/\/akunq.net\/tr\/?p=28709","url":"https:\/\/akunq.net\/tr\/?p=28709","name":"'Sevan Ni\u015fanyan, kapal\u0131 cezaevinde ta\u015fta yat\u0131r\u0131l\u0131yor' - Bati Ermenistan Ve Bati Ermenileri Sorunlari Ara\u015ftirmalar Merkezi","isPartOf":{"@id":"https:\/\/akunq.net\/tr\/#website"},"datePublished":"2014-03-06T07:40:15+00:00","dateModified":"2014-03-06T07:40:38+00:00","author":{"@id":"https:\/\/akunq.net\/tr\/#\/schema\/person\/096f1d38a12cce57fb855b485ed24c9e"},"breadcrumb":{"@id":"https:\/\/akunq.net\/tr\/?p=28709#breadcrumb"},"inLanguage":"en-US","potentialAction":[{"@type":"ReadAction","target":["https:\/\/akunq.net\/tr\/?p=28709"]}]},{"@type":"BreadcrumbList","@id":"https:\/\/akunq.net\/tr\/?p=28709#breadcrumb","itemListElement":[{"@type":"ListItem","position":1,"name":"Home","item":"https:\/\/akunq.net\/tr"},{"@type":"ListItem","position":2,"name":"&#8216;Sevan Ni\u015fanyan, kapal\u0131 cezaevinde ta\u015fta yat\u0131r\u0131l\u0131yor&#8217;"}]},{"@type":"WebSite","@id":"https:\/\/akunq.net\/tr\/#website","url":"https:\/\/akunq.net\/tr\/","name":"Bati Ermenistan Ve Bati Ermenileri Sorunlari Ara\u015ftirmalar Merkezi","description":"","potentialAction":[{"@type":"SearchAction","target":{"@type":"EntryPoint","urlTemplate":"https:\/\/akunq.net\/tr\/?s={search_term_string}"},"query-input":{"@type":"PropertyValueSpecification","valueRequired":true,"valueName":"search_term_string"}}],"inLanguage":"en-US"},{"@type":"Person","@id":"https:\/\/akunq.net\/tr\/#\/schema\/person\/096f1d38a12cce57fb855b485ed24c9e","name":"admin","url":"https:\/\/akunq.net\/tr\/?author=7"}]}},"_links":{"self":[{"href":"https:\/\/akunq.net\/tr\/index.php?rest_route=\/wp\/v2\/posts\/28709","targetHints":{"allow":["GET"]}}],"collection":[{"href":"https:\/\/akunq.net\/tr\/index.php?rest_route=\/wp\/v2\/posts"}],"about":[{"href":"https:\/\/akunq.net\/tr\/index.php?rest_route=\/wp\/v2\/types\/post"}],"author":[{"embeddable":true,"href":"https:\/\/akunq.net\/tr\/index.php?rest_route=\/wp\/v2\/users\/7"}],"replies":[{"embeddable":true,"href":"https:\/\/akunq.net\/tr\/index.php?rest_route=%2Fwp%2Fv2%2Fcomments&post=28709"}],"version-history":[{"count":2,"href":"https:\/\/akunq.net\/tr\/index.php?rest_route=\/wp\/v2\/posts\/28709\/revisions"}],"predecessor-version":[{"id":28712,"href":"https:\/\/akunq.net\/tr\/index.php?rest_route=\/wp\/v2\/posts\/28709\/revisions\/28712"}],"wp:attachment":[{"href":"https:\/\/akunq.net\/tr\/index.php?rest_route=%2Fwp%2Fv2%2Fmedia&parent=28709"}],"wp:term":[{"taxonomy":"category","embeddable":true,"href":"https:\/\/akunq.net\/tr\/index.php?rest_route=%2Fwp%2Fv2%2Fcategories&post=28709"},{"taxonomy":"post_tag","embeddable":true,"href":"https:\/\/akunq.net\/tr\/index.php?rest_route=%2Fwp%2Fv2%2Ftags&post=28709"}],"curies":[{"name":"wp","href":"https:\/\/api.w.org\/{rel}","templated":true}]}}