{"id":28696,"date":"2014-03-05T03:30:03","date_gmt":"2014-03-05T08:30:03","guid":{"rendered":"http:\/\/akunq.net\/tr\/?p=28696"},"modified":"2014-03-05T03:30:03","modified_gmt":"2014-03-05T08:30:03","slug":"kirim-tatarlari-rusya-buyukelciligine-siyah-celenk-birakti","status":"publish","type":"post","link":"https:\/\/akunq.net\/tr\/?p=28696","title":{"rendered":"K\u0131r\u0131m Tatarlar\u0131, Rusya B\u00fcy\u00fckel\u00e7ili\u011fi&#8217;ne siyah \u00e7elenk b\u0131rakt\u0131"},"content":{"rendered":"<p style=\"text-align: justify;\"><b><i><a href=\"http:\/\/akunq.net\/tr\/?attachment_id=28697\" rel=\"attachment wp-att-28697\"><img loading=\"lazy\" decoding=\"async\" class=\"alignright size-full wp-image-28697\" alt=\"siyah \u00e7elenk\" src=\"http:\/\/akunq.net\/tr\/wp-content\/uploads\/2014\/03\/siyah-\u00e7elenk.jpg\" width=\"276\" height=\"183\" \/><\/a>Ukrayna&#8217;ya ba\u011fl\u0131 K\u0131r\u0131m \u00d6zerk Cumhuriyeti&#8217;nde ya\u015fanan olaylar, T\u00fcrkiye&#8217;de ya\u015fayan K\u0131r\u0131ml\u0131lar\u0131n d\u00fczenledi\u011fi eylemle protesto edildi. Kalabal\u0131k, Rusya B\u00fcy\u00fckel\u00e7ili\u011fi&#8217;ne polisin engellemesine ra\u011fmen siyah \u00e7elenk b\u0131rakt\u0131.<\/i><\/b><\/p>\n<p style=\"text-align: justify;\">K\u0131r\u0131m Derne\u011fi taraf\u0131ndan binden fazla ki\u015finin kat\u0131l\u0131m\u0131yla G\u00fcvenpark&#8217;ta organize edilen toplant\u0131da kalabal\u0131k ellerinde &#8220;Ba\u011f\u0131ms\u0131z, b\u00f6l\u00fcnmez, demokratik Ukrayna&#8221;, &#8220;T\u00fcrkiye, K\u0131r\u0131m&#8217;a ses ver&#8221;, &#8220;K\u0131r\u0131m Rusya&#8217;ya terk edilemez&#8221; yaz\u0131l\u0131 d\u00f6vizler ta\u015f\u0131d\u0131, sloganlar att\u0131. Konuya ili\u015fkin yap\u0131lan a\u00e7\u0131klamada, &#8220;K\u0131r\u0131m tatarlar\u0131n\u0131n tarihi vatan\u0131 olan K\u0131r\u0131m \u015eubat 2014 g\u00fcn\u00fcnden itibaren Rusya askeri birlikleri taraf\u0131ndan i\u015fgale ba\u015fland\u0131. \u00d6nce K\u0131r\u0131m Muhtar Cumhuriyeti bas\u0131larak, palamento&#8217;nun bir k\u0131sm\u0131na silahlar\u0131n g\u00f6lgesinde oturum yapt\u0131r\u0131l\u0131p, K\u0131r\u0131m&#8217;\u0131n en \u00f6nde gelen Rus ayr\u0131l\u0131k\u00e7\u0131lar\u0131nda birinin ba\u015fkanl\u0131\u011f\u0131nda ve tamamen Ruslardan olu\u015fan s\u00f6zde bir K\u0131r\u0131m H\u00fck\u00fcmeti kuruldu. Ayn\u0131 toplant\u0131da kanunsuz bir \u015fekilde k\u0131r\u0131m\u0131n kaderi hakk\u0131nda referandum karar\u0131 al\u0131nd\u0131. 28 \u015eubat g\u00fcn\u00fc ise K\u0131r\u0131m\u0131n b\u00fct\u00fcn hava, deniz ve kara yolu giri\u015fleri, idari binalar\u0131 ve devlet radyo-televizyon kurumu bu bask\u0131nc\u0131lar taraf\u0131ndan i\u015fgal edildi. Yar\u0131madan\u0131n d\u0131\u015f d\u00fcnya ile olan her t\u00fcrl\u00fc eleti\u015fim ba\u011flant\u0131s\u0131 kesilmektedir.&#8221; vurgusu yap\u0131ld\u0131.<\/p>\n<p style=\"text-align: justify;\">A\u00e7\u0131klama, &#8220;Rusya&#8217;n\u0131n K\u0131r\u0131m da yapt\u0131\u011f\u0131 bu ter\u00f6rist eylem ve istila hareketi her t\u00fcrl\u00fc milletleraras\u0131 kural\u0131n ayaklar alt\u0131na al\u0131nmas\u0131ndan ba\u015fka bir \u015fey de\u011fildir. Ukrayna&#8217;n\u0131n toprak b\u00fct\u00fcnl\u00fc\u011f\u00fcne ve eemenli\u011fine yap\u0131lm\u0131\u015f olan bu a\u00e7\u0131k sald\u0131r\u0131n\u0131n hakl\u0131 g\u00f6r\u00fclebilece\u011fi en ufak bir gerek\u00e7e olamaz. K\u0131r\u0131m tatarlar\u0131 olarak her \u015feyden \u00f6nce kopmaz soy, dil, din, k\u00fclt\u00fcr ve tarih ba\u011flar\u0131yla ba\u011fl\u0131 oldu\u011fumuz, her zaman b\u00fcy\u00fck sayg\u0131 ve sevgi besledi\u011fimiz karde\u015f T\u00fcrkiye&#8217;ye b\u00fct\u00fcn T\u00fcrk d\u00fcnyas\u0131na \u0130slam alemine ve b\u00fct\u00fcn d\u00fcnya kamoyuna yap\u0131lmakta olan bu ter\u00f6rist sald\u0131r\u0131 ve istilay\u0131 durdurmak \u00fczere harekete ge\u00e7me \u00e7a\u011fr\u0131s\u0131nda bulunuyoruz.&#8221; \u015feklinde sona erdi.<\/p>\n<p style=\"text-align: justify;\"><b>RUSYA EL\u00c7\u0130L\u0130\u011e\u0130&#8217;NE S\u0130YAH \u00c7ELENK BIRAKTILAR <\/b><\/p>\n<p style=\"text-align: justify;\">A\u00e7\u0131klaman\u0131n ard\u0131ndan K\u0131r\u0131m Derne\u011fi \u00fcyeleri Rusya B\u00fcy\u00fckel\u00e7ili\u011fi \u00f6n\u00fcne siyah \u00e7elenk b\u0131rakmak istedi ancak polis ekipleri, el\u00e7ilik giri\u015fine \u00e7elenk konulmas\u0131na izin vermedi. Bunun \u00fczerine kalabal\u0131k, siyah \u00e7elengi el\u00e7ilik binas\u0131n\u0131n k\u00f6\u015fesine b\u0131rakt\u0131. K\u0131r\u0131ml\u0131lar, okuduklar\u0131 bas\u0131n a\u00e7\u0131klamas\u0131 metnini de Rusya b\u00fcy\u00fckel\u00e7ili\u011finin posta kutusuna atarak, olays\u0131z \u015fekilde bulunduklar\u0131 yerden ayr\u0131ld\u0131.<\/p>\n<p style=\"text-align: justify;\"><b><i>RESUL Y\u00d6NET &#8211; <\/i><\/b><b><i>ANKARA <\/i><\/b><\/p>\n<p style=\"text-align: justify;\"><b><i>(C\u0130HAN)<\/i><\/b><\/p>\n<p style=\"text-align: justify;\"><b><i>http:\/\/www.zaman.com.tr\/gundem_kirim-tatarlari-rusya-buyukelciligine-siyah-celenk-birakti_2202729.html<\/i><\/b><\/p>\n","protected":false},"excerpt":{"rendered":"<p>Ukrayna&#8217;ya ba\u011fl\u0131 K\u0131r\u0131m \u00d6zerk Cumhuriyeti&#8217;nde ya\u015fanan olaylar, T\u00fcrkiye&#8217;de ya\u015fayan K\u0131r\u0131ml\u0131lar\u0131n d\u00fczenledi\u011fi eylemle protesto edildi. Kalabal\u0131k, Rusya B\u00fcy\u00fckel\u00e7ili\u011fi&#8217;ne polisin engellemesine ra\u011fmen siyah \u00e7elenk b\u0131rakt\u0131. K\u0131r\u0131m Derne\u011fi taraf\u0131ndan binden fazla ki\u015finin kat\u0131l\u0131m\u0131yla G\u00fcvenpark&#8217;ta organize edilen toplant\u0131da kalabal\u0131k ellerinde &#8220;Ba\u011f\u0131ms\u0131z, b\u00f6l\u00fcnmez, demokratik Ukrayna&#8221;, &#8220;T\u00fcrkiye, K\u0131r\u0131m&#8217;a ses ver&#8221;, &#8220;K\u0131r\u0131m Rusya&#8217;ya terk edilemez&#8221; yaz\u0131l\u0131 d\u00f6vizler ta\u015f\u0131d\u0131, sloganlar att\u0131. Konuya ili\u015fkin [&hellip;]<\/p>\n","protected":false},"author":7,"featured_media":0,"comment_status":"open","ping_status":"open","sticky":false,"template":"","format":"standard","meta":{"footnotes":""},"categories":[1],"tags":[],"class_list":["post-28696","post","type-post","status-publish","format-standard","hentry","category-haberler"],"yoast_head":"<!-- This site is optimized with the Yoast SEO plugin v26.6 - https:\/\/yoast.com\/wordpress\/plugins\/seo\/ -->\n<title>K\u0131r\u0131m Tatarlar\u0131, Rusya B\u00fcy\u00fckel\u00e7ili\u011fi&#039;ne siyah \u00e7elenk b\u0131rakt\u0131 - Bati Ermenistan Ve Bati Ermenileri Sorunlari Ara\u015ftirmalar Merkezi<\/title>\n<meta name=\"robots\" content=\"index, follow, max-snippet:-1, max-image-preview:large, max-video-preview:-1\" \/>\n<link rel=\"canonical\" href=\"https:\/\/akunq.net\/tr\/?p=28696\" \/>\n<meta property=\"og:locale\" content=\"en_US\" \/>\n<meta property=\"og:type\" content=\"article\" \/>\n<meta property=\"og:title\" content=\"K\u0131r\u0131m Tatarlar\u0131, Rusya B\u00fcy\u00fckel\u00e7ili\u011fi&#039;ne siyah \u00e7elenk b\u0131rakt\u0131 - Bati Ermenistan Ve Bati Ermenileri Sorunlari Ara\u015ftirmalar Merkezi\" \/>\n<meta property=\"og:description\" content=\"Ukrayna&#8217;ya ba\u011fl\u0131 K\u0131r\u0131m \u00d6zerk Cumhuriyeti&#8217;nde ya\u015fanan olaylar, T\u00fcrkiye&#8217;de ya\u015fayan K\u0131r\u0131ml\u0131lar\u0131n d\u00fczenledi\u011fi eylemle protesto edildi. Kalabal\u0131k, Rusya B\u00fcy\u00fckel\u00e7ili\u011fi&#8217;ne polisin engellemesine ra\u011fmen siyah \u00e7elenk b\u0131rakt\u0131. K\u0131r\u0131m Derne\u011fi taraf\u0131ndan binden fazla ki\u015finin kat\u0131l\u0131m\u0131yla G\u00fcvenpark&#8217;ta organize edilen toplant\u0131da kalabal\u0131k ellerinde &#8220;Ba\u011f\u0131ms\u0131z, b\u00f6l\u00fcnmez, demokratik Ukrayna&#8221;, &#8220;T\u00fcrkiye, K\u0131r\u0131m&#8217;a ses ver&#8221;, &#8220;K\u0131r\u0131m Rusya&#8217;ya terk edilemez&#8221; yaz\u0131l\u0131 d\u00f6vizler ta\u015f\u0131d\u0131, sloganlar att\u0131. Konuya ili\u015fkin [&hellip;]\" \/>\n<meta property=\"og:url\" content=\"https:\/\/akunq.net\/tr\/?p=28696\" \/>\n<meta property=\"og:site_name\" content=\"Bati Ermenistan Ve Bati Ermenileri Sorunlari Ara\u015ftirmalar Merkezi\" \/>\n<meta property=\"article:published_time\" content=\"2014-03-05T08:30:03+00:00\" \/>\n<meta name=\"author\" content=\"admin\" \/>\n<meta name=\"twitter:card\" content=\"summary_large_image\" \/>\n<meta name=\"twitter:label1\" content=\"Written by\" \/>\n\t<meta name=\"twitter:data1\" content=\"admin\" \/>\n\t<meta name=\"twitter:label2\" content=\"Est. reading time\" \/>\n\t<meta name=\"twitter:data2\" content=\"2 minutes\" \/>\n<script type=\"application\/ld+json\" class=\"yoast-schema-graph\">{\"@context\":\"https:\/\/schema.org\",\"@graph\":[{\"@type\":\"WebPage\",\"@id\":\"https:\/\/akunq.net\/tr\/?p=28696\",\"url\":\"https:\/\/akunq.net\/tr\/?p=28696\",\"name\":\"K\u0131r\u0131m Tatarlar\u0131, Rusya B\u00fcy\u00fckel\u00e7ili\u011fi'ne siyah \u00e7elenk b\u0131rakt\u0131 - Bati Ermenistan Ve Bati Ermenileri Sorunlari Ara\u015ftirmalar Merkezi\",\"isPartOf\":{\"@id\":\"https:\/\/akunq.net\/tr\/#website\"},\"datePublished\":\"2014-03-05T08:30:03+00:00\",\"author\":{\"@id\":\"https:\/\/akunq.net\/tr\/#\/schema\/person\/096f1d38a12cce57fb855b485ed24c9e\"},\"breadcrumb\":{\"@id\":\"https:\/\/akunq.net\/tr\/?p=28696#breadcrumb\"},\"inLanguage\":\"en-US\",\"potentialAction\":[{\"@type\":\"ReadAction\",\"target\":[\"https:\/\/akunq.net\/tr\/?p=28696\"]}]},{\"@type\":\"BreadcrumbList\",\"@id\":\"https:\/\/akunq.net\/tr\/?p=28696#breadcrumb\",\"itemListElement\":[{\"@type\":\"ListItem\",\"position\":1,\"name\":\"Home\",\"item\":\"https:\/\/akunq.net\/tr\"},{\"@type\":\"ListItem\",\"position\":2,\"name\":\"K\u0131r\u0131m Tatarlar\u0131, Rusya B\u00fcy\u00fckel\u00e7ili\u011fi&#8217;ne siyah \u00e7elenk b\u0131rakt\u0131\"}]},{\"@type\":\"WebSite\",\"@id\":\"https:\/\/akunq.net\/tr\/#website\",\"url\":\"https:\/\/akunq.net\/tr\/\",\"name\":\"Bati Ermenistan Ve Bati Ermenileri Sorunlari Ara\u015ftirmalar Merkezi\",\"description\":\"\",\"potentialAction\":[{\"@type\":\"SearchAction\",\"target\":{\"@type\":\"EntryPoint\",\"urlTemplate\":\"https:\/\/akunq.net\/tr\/?s={search_term_string}\"},\"query-input\":{\"@type\":\"PropertyValueSpecification\",\"valueRequired\":true,\"valueName\":\"search_term_string\"}}],\"inLanguage\":\"en-US\"},{\"@type\":\"Person\",\"@id\":\"https:\/\/akunq.net\/tr\/#\/schema\/person\/096f1d38a12cce57fb855b485ed24c9e\",\"name\":\"admin\",\"url\":\"https:\/\/akunq.net\/tr\/?author=7\"}]}<\/script>\n<!-- \/ Yoast SEO plugin. -->","yoast_head_json":{"title":"K\u0131r\u0131m Tatarlar\u0131, Rusya B\u00fcy\u00fckel\u00e7ili\u011fi'ne siyah \u00e7elenk b\u0131rakt\u0131 - Bati Ermenistan Ve Bati Ermenileri Sorunlari Ara\u015ftirmalar Merkezi","robots":{"index":"index","follow":"follow","max-snippet":"max-snippet:-1","max-image-preview":"max-image-preview:large","max-video-preview":"max-video-preview:-1"},"canonical":"https:\/\/akunq.net\/tr\/?p=28696","og_locale":"en_US","og_type":"article","og_title":"K\u0131r\u0131m Tatarlar\u0131, Rusya B\u00fcy\u00fckel\u00e7ili\u011fi'ne siyah \u00e7elenk b\u0131rakt\u0131 - Bati Ermenistan Ve Bati Ermenileri Sorunlari Ara\u015ftirmalar Merkezi","og_description":"Ukrayna&#8217;ya ba\u011fl\u0131 K\u0131r\u0131m \u00d6zerk Cumhuriyeti&#8217;nde ya\u015fanan olaylar, T\u00fcrkiye&#8217;de ya\u015fayan K\u0131r\u0131ml\u0131lar\u0131n d\u00fczenledi\u011fi eylemle protesto edildi. Kalabal\u0131k, Rusya B\u00fcy\u00fckel\u00e7ili\u011fi&#8217;ne polisin engellemesine ra\u011fmen siyah \u00e7elenk b\u0131rakt\u0131. K\u0131r\u0131m Derne\u011fi taraf\u0131ndan binden fazla ki\u015finin kat\u0131l\u0131m\u0131yla G\u00fcvenpark&#8217;ta organize edilen toplant\u0131da kalabal\u0131k ellerinde &#8220;Ba\u011f\u0131ms\u0131z, b\u00f6l\u00fcnmez, demokratik Ukrayna&#8221;, &#8220;T\u00fcrkiye, K\u0131r\u0131m&#8217;a ses ver&#8221;, &#8220;K\u0131r\u0131m Rusya&#8217;ya terk edilemez&#8221; yaz\u0131l\u0131 d\u00f6vizler ta\u015f\u0131d\u0131, sloganlar att\u0131. Konuya ili\u015fkin [&hellip;]","og_url":"https:\/\/akunq.net\/tr\/?p=28696","og_site_name":"Bati Ermenistan Ve Bati Ermenileri Sorunlari Ara\u015ftirmalar Merkezi","article_published_time":"2014-03-05T08:30:03+00:00","author":"admin","twitter_card":"summary_large_image","twitter_misc":{"Written by":"admin","Est. reading time":"2 minutes"},"schema":{"@context":"https:\/\/schema.org","@graph":[{"@type":"WebPage","@id":"https:\/\/akunq.net\/tr\/?p=28696","url":"https:\/\/akunq.net\/tr\/?p=28696","name":"K\u0131r\u0131m Tatarlar\u0131, Rusya B\u00fcy\u00fckel\u00e7ili\u011fi'ne siyah \u00e7elenk b\u0131rakt\u0131 - Bati Ermenistan Ve Bati Ermenileri Sorunlari Ara\u015ftirmalar Merkezi","isPartOf":{"@id":"https:\/\/akunq.net\/tr\/#website"},"datePublished":"2014-03-05T08:30:03+00:00","author":{"@id":"https:\/\/akunq.net\/tr\/#\/schema\/person\/096f1d38a12cce57fb855b485ed24c9e"},"breadcrumb":{"@id":"https:\/\/akunq.net\/tr\/?p=28696#breadcrumb"},"inLanguage":"en-US","potentialAction":[{"@type":"ReadAction","target":["https:\/\/akunq.net\/tr\/?p=28696"]}]},{"@type":"BreadcrumbList","@id":"https:\/\/akunq.net\/tr\/?p=28696#breadcrumb","itemListElement":[{"@type":"ListItem","position":1,"name":"Home","item":"https:\/\/akunq.net\/tr"},{"@type":"ListItem","position":2,"name":"K\u0131r\u0131m Tatarlar\u0131, Rusya B\u00fcy\u00fckel\u00e7ili\u011fi&#8217;ne siyah \u00e7elenk b\u0131rakt\u0131"}]},{"@type":"WebSite","@id":"https:\/\/akunq.net\/tr\/#website","url":"https:\/\/akunq.net\/tr\/","name":"Bati Ermenistan Ve Bati Ermenileri Sorunlari Ara\u015ftirmalar Merkezi","description":"","potentialAction":[{"@type":"SearchAction","target":{"@type":"EntryPoint","urlTemplate":"https:\/\/akunq.net\/tr\/?s={search_term_string}"},"query-input":{"@type":"PropertyValueSpecification","valueRequired":true,"valueName":"search_term_string"}}],"inLanguage":"en-US"},{"@type":"Person","@id":"https:\/\/akunq.net\/tr\/#\/schema\/person\/096f1d38a12cce57fb855b485ed24c9e","name":"admin","url":"https:\/\/akunq.net\/tr\/?author=7"}]}},"_links":{"self":[{"href":"https:\/\/akunq.net\/tr\/index.php?rest_route=\/wp\/v2\/posts\/28696","targetHints":{"allow":["GET"]}}],"collection":[{"href":"https:\/\/akunq.net\/tr\/index.php?rest_route=\/wp\/v2\/posts"}],"about":[{"href":"https:\/\/akunq.net\/tr\/index.php?rest_route=\/wp\/v2\/types\/post"}],"author":[{"embeddable":true,"href":"https:\/\/akunq.net\/tr\/index.php?rest_route=\/wp\/v2\/users\/7"}],"replies":[{"embeddable":true,"href":"https:\/\/akunq.net\/tr\/index.php?rest_route=%2Fwp%2Fv2%2Fcomments&post=28696"}],"version-history":[{"count":1,"href":"https:\/\/akunq.net\/tr\/index.php?rest_route=\/wp\/v2\/posts\/28696\/revisions"}],"predecessor-version":[{"id":28698,"href":"https:\/\/akunq.net\/tr\/index.php?rest_route=\/wp\/v2\/posts\/28696\/revisions\/28698"}],"wp:attachment":[{"href":"https:\/\/akunq.net\/tr\/index.php?rest_route=%2Fwp%2Fv2%2Fmedia&parent=28696"}],"wp:term":[{"taxonomy":"category","embeddable":true,"href":"https:\/\/akunq.net\/tr\/index.php?rest_route=%2Fwp%2Fv2%2Fcategories&post=28696"},{"taxonomy":"post_tag","embeddable":true,"href":"https:\/\/akunq.net\/tr\/index.php?rest_route=%2Fwp%2Fv2%2Ftags&post=28696"}],"curies":[{"name":"wp","href":"https:\/\/api.w.org\/{rel}","templated":true}]}}