{"id":28693,"date":"2014-03-05T03:14:13","date_gmt":"2014-03-05T08:14:13","guid":{"rendered":"http:\/\/akunq.net\/tr\/?p=28693"},"modified":"2014-03-05T03:14:13","modified_gmt":"2014-03-05T08:14:13","slug":"gunaydin-turkiye","status":"publish","type":"post","link":"https:\/\/akunq.net\/tr\/?p=28693","title":{"rendered":"G\u00fcnayd\u0131n T\u00fcrkiye!"},"content":{"rendered":"<p style=\"text-align: justify;\"><b><a href=\"http:\/\/akunq.net\/tr\/?attachment_id=28694\" rel=\"attachment wp-att-28694\"><img loading=\"lazy\" decoding=\"async\" class=\"alignright size-full wp-image-28694\" alt=\"Cevat Sinet\" src=\"http:\/\/akunq.net\/tr\/wp-content\/uploads\/2014\/03\/Cevat-Sinet.jpg\" width=\"204\" height=\"306\" \/><\/a>Cevat Sinet<\/b><\/p>\n<p style=\"text-align: justify;\"><b><i>Eskiden Amerika\u2019da radyolarda, G\u00fcnayd\u0131n Amerika diye programlar yap\u0131l\u0131rd\u0131. S\u0131rf Vietnam Sava\u015f\u0131n\u0131 \u00f6rtbas etmek i\u00e7in, Amerikal\u0131lara \u015firin g\u00f6r\u00fcnmek i\u00e7in televizyonlarda, gazetelerde ve radyolarda G\u00fcnayd\u0131n Amerika diye nutuk atard\u0131lar.<\/i><\/b><\/p>\n<p style=\"text-align: justify;\">T\u00fcrkiye\u2019de K\u00fcrtlere kar\u015f\u0131 Anadolu\u2019dan g\u00f6r\u00fcn\u00fcm programlar\u0131yla bu kirli sava\u015fta T\u00fcrk bas\u0131n\u0131 en rezil yerini ald\u0131. T\u0131pk\u0131 17 Aral\u0131k operasyonunda oldu\u011fu gibi, \u2018Alo Fatih\u2019 hatt\u0131 yine devredeydi. Sanki yolsuzluk T\u00fcrkiye\u2019de ilk defa olmu\u015f, ilk defa h\u0131rs\u0131zl\u0131k olmu\u015f ve hepimiz bir h\u0131\u015f\u0131mla \u201cH\u0131rs\u0131\u0131\u0131\u0131z var!\u201d diye ba\u011f\u0131r\u0131yoruz. \u0130yi de karde\u015fim, ablam, bac\u0131m, anam bu h\u0131rs\u0131zl\u0131k bug\u00fcn ba\u015flamad\u0131 ki. Her gelen iktidar h\u0131rs\u0131z. CHP d\u00f6neminde mi h\u0131rs\u0131zl\u0131k yoktu, Do\u011fru Yol Partisi d\u00f6neminde mi h\u0131rs\u0131zl\u0131k yoktu, ANAP d\u00f6neminde mi yoktu? \u00c7etelerin her d\u00f6nemde cirit att\u0131\u011f\u0131 bir \u00fclke olmu\u015ftur T\u00fcrkiye ve bu kirli iktidarlar sayesinde, gelen gidene rahmet okutmu\u015ftur. Bu h\u0131rs\u0131zl\u0131\u011f\u0131n kimler orta\u011f\u0131 de\u011fildi ki? \u0130\u015f adamlar\u0131ndan tutun, sivil STK\u2019lar\u0131na kadar. STK\u2019s\u0131ndan tutun, bas\u0131n\u0131na kadar, yazar\u0131na kadar b\u00fcy\u00fck bir \u00e7o\u011funluk bu h\u0131rs\u0131zl\u0131\u011f\u0131n, bu yolsuzlu\u011fun i\u00e7indedir. Yeni mi ke\u015ffetti\u011finiz h\u0131rs\u0131zl\u0131\u011f\u0131n\u0131z\u0131, bir daha G\u00fcnayd\u0131n!<\/p>\n<p style=\"text-align: justify;\">Sevan Ni\u015fanyan\u2019\u0131n kendisine h\u0131rs\u0131zl\u0131k yapan gardiyan\u0131 kaleme almas\u0131 s\u00fcrg\u00fcn karar\u0131 oldu. Biz de bu s\u00fcrg\u00fcn karar\u0131na neden olan yaz\u0131y\u0131 tepki olarak bir kez daha yay\u0131nl\u0131yoruz. H\u0131rs\u0131zlar bir daha g\u00f6rs\u00fcn.<\/p>\n<p style=\"text-align: justify;\"><i>Sevan Ni\u015fanyan&#8217;\u0131n Cezaevi Mektubu Yedi\u00a0<br \/>\nCezaevi ya\u015fam\u0131n\u0131n temel kural\u0131 \u015fu: \u0131s\u0131rmazsan \u0131s\u0131r\u0131rlar. B\u00fct\u00fcn sistem bunun \u00fczerine kurulmu\u015f. TC b\u00fcrokrasisi ad\u0131 verilen yozluk deryas\u0131n\u0131n \u00f6z\u00fc de bu de\u011fil mi?<\/i><\/p>\n<p style=\"text-align: justify;\"><i>Buraya geldi\u011fim g\u00fcn kredi kartlar\u0131m buharla\u015ft\u0131. C\u00fczdan\u0131m\u0131 iade ettiler, i\u00e7i bo\u015f. Nerede kartlar? \u0130nfaz kaleminde olabilir dediler. Oraya gittik, emanette olmal\u0131. Emanete bakt\u0131k, Oktay gardiyan bilir. Oktay&#8217;a sorduk, m\u00fcd\u00fcr beye git. M\u00fcd\u00fcre gittik, ne malum, senin kartlar\u0131n oldu\u011fu?<\/i><\/p>\n<p style=\"text-align: justify;\"><i>Israr ettim. Kartlar\u0131n emanete teslim edildi\u011fine dair tutana\u011f\u0131 buldurdum. Emanet dedikleri, basit bir teneke dolap tan\u0131d\u0131k bir gardiyanla dolab\u0131 didik didik ettik, kartlar yok. Bir ihtimal ba\u015fka mahk\u00fbmlar\u0131n zarf\u0131n\u0131n i\u00e7ine girmi\u015ftir diye akl\u0131ma geldi. Ertesi g\u00fcn bir daha gittik, t\u00fcm zarflar\u0131 teker teker a\u00e7\u0131p kontrol ettik. Yok.<\/i><\/p>\n<p style=\"text-align: justify;\"><i>Oktay gardiyan\u0131n halinden \u015f\u00fcphelendim. Her yere bakt\u0131m diyor, kabaday\u0131lan\u0131yor, tehditimsi \u015feyler s\u00f6yl\u00fcyor. \u00dcst\u00fcne vard\u0131m. \u00dcrkt\u00fc. &#8220;Gel bir daha kontrol edelim&#8221; dedi. Aa, o da ne? Defalarca bakt\u0131\u011f\u0131m\u0131z zarf y\u0131\u011f\u0131n\u0131n\u0131n en \u00fcst\u00fcnde Sevan Ni\u015fanyan&#8217;\u0131n zarf\u0131. Kartlar tamam.<\/i><\/p>\n<p style=\"text-align: justify;\"><i>&#8220;Birader ben bunu yemem&#8221; dedim. Bozard\u0131. Ertesi g\u00fcn beni kenara \u00e7ekti. \u00c7ay \u0131smarlad\u0131. Uzun uzun hayat hik\u00e2yesi anlatt\u0131. Kar\u0131s\u0131 terk etmi\u015f, \u00e7ocu\u011funu g\u00f6remiyormu\u015f. Alkole sarm\u0131\u015f. Amcas\u0131 adam \u00f6ld\u00fcrmekten hapisteymi\u015f. Tek umar\u0131 bu meslekmi\u015f. 3.30 para kazan\u0131yormu\u015f. Hem buras\u0131 cezaevi day\u0131, \u00e7almayan m\u0131 var? Falan gardiyan \u00e7al\u0131yor, filan ba\u015fgardiyan g\u00f6t\u00fcr\u00fcyor.<\/i><\/p>\n<p style=\"text-align: justify;\"><i>Sefilli\u011fine ac\u0131d\u0131m. &#8220;Konuyu unuturum&#8221; dedim. &#8220;Ama bir \u015fartla Bizim ko\u011fu\u015ftan arkada\u015flar cezaevi in\u015faat\u0131nda \u00e7al\u0131\u015f\u0131yor. Onlara kuru \u00e7ay\u0131 g\u00f6t\u00fcreceksin. Basit bir jest, maliyeti de yok. Cezaevi ya\u015fam\u0131nda incir \u00e7ekirde\u011fini doldurmaz \u015feylerin k\u0131ymeti b\u00fcy\u00fck.\u201d<\/i><\/p>\n<p style=\"text-align: justify;\"><i>&#8220;M\u00fcd\u00fcr duysa beni s&#8230;.&#8221; dedi. &#8220;Sen bilirsin&#8221; dedim, &#8220;Beni dene istersen.&#8221;<\/i><\/p>\n<p style=\"text-align: justify;\"><i>Karars\u0131z kald\u0131. Birka\u00e7 g\u00fcn sallad\u0131. Sonra gitmi\u015f m\u00fcd\u00fcre \u00f6tm\u00fc\u015f, Sevan benden \u015funu bunu istedi diye \u015fik\u00e2yet etmi\u015f.<\/i><\/p>\n<p style=\"text-align: justify;\"><i>Ortama intibak ediyorum galiba, \u00fcslup, ahlak, y\u00f6ntem.\u201d<\/i><\/p>\n<p style=\"text-align: justify;\">Ad\u0131 Natali Avazyan m\u0131d\u0131r, \u00dcmit Torosyan m\u0131d\u0131r bilmiyoruz. Kad\u0131n m\u0131d\u0131r, erkek midir ne oldu\u011funu bilmiyoruz. Bir bize \u00f6vg\u00fcler d\u00fcz\u00fcyor, \u00a0bir yandan da katilleri ve ecdatlar\u0131 \u00f6v\u00fcnmekten zerre kadar imtina etmiyor. Ermeni midir, de\u011fil midir buna da emin de\u011filiz. Kimdir, necidir bunu da bilmiyoruz.<\/p>\n<p style=\"text-align: justify;\">Bunun yan\u0131nda iki tane Ermeni aday\u0131m\u0131z oldu. Nerses Yeramyan ve Elmas Giragos. B\u00f6yle bir rezilli\u011fi bize reva g\u00f6renler soyk\u0131r\u0131m\u0131 unutup bu \u0131rk\u00e7\u0131, fa\u015fist ve her t\u00fcrl\u00fc k\u00f6t\u00fcl\u00fc\u011f\u00fcn ba\u015f\u0131 olan MHP\u2019den aday oldular.\u00a0 Ermeni halk\u0131n\u0131n onuruyla oynamaya hi\u00e7 de haklar\u0131 yok. B\u00f6yle bir seviyesizli\u011fi Ermeni halk\u0131na kimse reva g\u00f6remez. Soyk\u0131r\u0131ma u\u011fram\u0131\u015f kemiklerimiz bile bundan hesap sorar.<\/p>\n<p style=\"text-align: justify;\"><b><i>cevatyaylica72@gmail.com<\/i><\/b><\/p>\n<p style=\"text-align: justify;\"><b><i>http:\/\/www.aykiridogrular.com\/koseyazisi-384-Gunaydin-Turkiye.html<\/i><\/b><\/p>\n","protected":false},"excerpt":{"rendered":"<p>Cevat Sinet Eskiden Amerika\u2019da radyolarda, G\u00fcnayd\u0131n Amerika diye programlar yap\u0131l\u0131rd\u0131. S\u0131rf Vietnam Sava\u015f\u0131n\u0131 \u00f6rtbas etmek i\u00e7in, Amerikal\u0131lara \u015firin g\u00f6r\u00fcnmek i\u00e7in televizyonlarda, gazetelerde ve radyolarda G\u00fcnayd\u0131n Amerika diye nutuk atard\u0131lar. T\u00fcrkiye\u2019de K\u00fcrtlere kar\u015f\u0131 Anadolu\u2019dan g\u00f6r\u00fcn\u00fcm programlar\u0131yla bu kirli sava\u015fta T\u00fcrk bas\u0131n\u0131 en rezil yerini ald\u0131. T\u0131pk\u0131 17 Aral\u0131k operasyonunda oldu\u011fu gibi, \u2018Alo Fatih\u2019 hatt\u0131 yine devredeydi. [&hellip;]<\/p>\n","protected":false},"author":7,"featured_media":0,"comment_status":"open","ping_status":"open","sticky":false,"template":"","format":"standard","meta":{"footnotes":""},"categories":[1],"tags":[],"class_list":["post-28693","post","type-post","status-publish","format-standard","hentry","category-haberler"],"yoast_head":"<!-- This site is optimized with the Yoast SEO plugin v26.6 - https:\/\/yoast.com\/wordpress\/plugins\/seo\/ -->\n<title>G\u00fcnayd\u0131n T\u00fcrkiye! - Bati Ermenistan Ve Bati Ermenileri Sorunlari Ara\u015ftirmalar Merkezi<\/title>\n<meta name=\"robots\" content=\"index, follow, max-snippet:-1, max-image-preview:large, max-video-preview:-1\" \/>\n<link rel=\"canonical\" href=\"https:\/\/akunq.net\/tr\/?p=28693\" \/>\n<meta property=\"og:locale\" content=\"en_US\" \/>\n<meta property=\"og:type\" content=\"article\" \/>\n<meta property=\"og:title\" content=\"G\u00fcnayd\u0131n T\u00fcrkiye! - Bati Ermenistan Ve Bati Ermenileri Sorunlari Ara\u015ftirmalar Merkezi\" \/>\n<meta property=\"og:description\" content=\"Cevat Sinet Eskiden Amerika\u2019da radyolarda, G\u00fcnayd\u0131n Amerika diye programlar yap\u0131l\u0131rd\u0131. S\u0131rf Vietnam Sava\u015f\u0131n\u0131 \u00f6rtbas etmek i\u00e7in, Amerikal\u0131lara \u015firin g\u00f6r\u00fcnmek i\u00e7in televizyonlarda, gazetelerde ve radyolarda G\u00fcnayd\u0131n Amerika diye nutuk atard\u0131lar. T\u00fcrkiye\u2019de K\u00fcrtlere kar\u015f\u0131 Anadolu\u2019dan g\u00f6r\u00fcn\u00fcm programlar\u0131yla bu kirli sava\u015fta T\u00fcrk bas\u0131n\u0131 en rezil yerini ald\u0131. T\u0131pk\u0131 17 Aral\u0131k operasyonunda oldu\u011fu gibi, \u2018Alo Fatih\u2019 hatt\u0131 yine devredeydi. [&hellip;]\" \/>\n<meta property=\"og:url\" content=\"https:\/\/akunq.net\/tr\/?p=28693\" \/>\n<meta property=\"og:site_name\" content=\"Bati Ermenistan Ve Bati Ermenileri Sorunlari Ara\u015ftirmalar Merkezi\" \/>\n<meta property=\"article:published_time\" content=\"2014-03-05T08:14:13+00:00\" \/>\n<meta property=\"og:image\" content=\"http:\/\/akunq.net\/tr\/wp-content\/uploads\/2014\/03\/Cevat-Sinet.jpg\" \/>\n<meta name=\"author\" content=\"admin\" \/>\n<meta name=\"twitter:card\" content=\"summary_large_image\" \/>\n<meta name=\"twitter:label1\" content=\"Written by\" \/>\n\t<meta name=\"twitter:data1\" content=\"admin\" \/>\n\t<meta name=\"twitter:label2\" content=\"Est. reading time\" \/>\n\t<meta name=\"twitter:data2\" content=\"4 minutes\" \/>\n<script type=\"application\/ld+json\" class=\"yoast-schema-graph\">{\"@context\":\"https:\/\/schema.org\",\"@graph\":[{\"@type\":\"WebPage\",\"@id\":\"https:\/\/akunq.net\/tr\/?p=28693\",\"url\":\"https:\/\/akunq.net\/tr\/?p=28693\",\"name\":\"G\u00fcnayd\u0131n T\u00fcrkiye! - Bati Ermenistan Ve Bati Ermenileri Sorunlari Ara\u015ftirmalar Merkezi\",\"isPartOf\":{\"@id\":\"https:\/\/akunq.net\/tr\/#website\"},\"primaryImageOfPage\":{\"@id\":\"https:\/\/akunq.net\/tr\/?p=28693#primaryimage\"},\"image\":{\"@id\":\"https:\/\/akunq.net\/tr\/?p=28693#primaryimage\"},\"thumbnailUrl\":\"http:\/\/akunq.net\/tr\/wp-content\/uploads\/2014\/03\/Cevat-Sinet.jpg\",\"datePublished\":\"2014-03-05T08:14:13+00:00\",\"author\":{\"@id\":\"https:\/\/akunq.net\/tr\/#\/schema\/person\/096f1d38a12cce57fb855b485ed24c9e\"},\"breadcrumb\":{\"@id\":\"https:\/\/akunq.net\/tr\/?p=28693#breadcrumb\"},\"inLanguage\":\"en-US\",\"potentialAction\":[{\"@type\":\"ReadAction\",\"target\":[\"https:\/\/akunq.net\/tr\/?p=28693\"]}]},{\"@type\":\"ImageObject\",\"inLanguage\":\"en-US\",\"@id\":\"https:\/\/akunq.net\/tr\/?p=28693#primaryimage\",\"url\":\"https:\/\/akunq.net\/tr\/wp-content\/uploads\/sites\/6\/2014\/03\/Cevat-Sinet.jpg\",\"contentUrl\":\"https:\/\/akunq.net\/tr\/wp-content\/uploads\/sites\/6\/2014\/03\/Cevat-Sinet.jpg\",\"width\":204,\"height\":306},{\"@type\":\"BreadcrumbList\",\"@id\":\"https:\/\/akunq.net\/tr\/?p=28693#breadcrumb\",\"itemListElement\":[{\"@type\":\"ListItem\",\"position\":1,\"name\":\"Home\",\"item\":\"https:\/\/akunq.net\/tr\"},{\"@type\":\"ListItem\",\"position\":2,\"name\":\"G\u00fcnayd\u0131n T\u00fcrkiye!\"}]},{\"@type\":\"WebSite\",\"@id\":\"https:\/\/akunq.net\/tr\/#website\",\"url\":\"https:\/\/akunq.net\/tr\/\",\"name\":\"Bati Ermenistan Ve Bati Ermenileri Sorunlari Ara\u015ftirmalar Merkezi\",\"description\":\"\",\"potentialAction\":[{\"@type\":\"SearchAction\",\"target\":{\"@type\":\"EntryPoint\",\"urlTemplate\":\"https:\/\/akunq.net\/tr\/?s={search_term_string}\"},\"query-input\":{\"@type\":\"PropertyValueSpecification\",\"valueRequired\":true,\"valueName\":\"search_term_string\"}}],\"inLanguage\":\"en-US\"},{\"@type\":\"Person\",\"@id\":\"https:\/\/akunq.net\/tr\/#\/schema\/person\/096f1d38a12cce57fb855b485ed24c9e\",\"name\":\"admin\",\"url\":\"https:\/\/akunq.net\/tr\/?author=7\"}]}<\/script>\n<!-- \/ Yoast SEO plugin. -->","yoast_head_json":{"title":"G\u00fcnayd\u0131n T\u00fcrkiye! - Bati Ermenistan Ve Bati Ermenileri Sorunlari Ara\u015ftirmalar Merkezi","robots":{"index":"index","follow":"follow","max-snippet":"max-snippet:-1","max-image-preview":"max-image-preview:large","max-video-preview":"max-video-preview:-1"},"canonical":"https:\/\/akunq.net\/tr\/?p=28693","og_locale":"en_US","og_type":"article","og_title":"G\u00fcnayd\u0131n T\u00fcrkiye! - Bati Ermenistan Ve Bati Ermenileri Sorunlari Ara\u015ftirmalar Merkezi","og_description":"Cevat Sinet Eskiden Amerika\u2019da radyolarda, G\u00fcnayd\u0131n Amerika diye programlar yap\u0131l\u0131rd\u0131. S\u0131rf Vietnam Sava\u015f\u0131n\u0131 \u00f6rtbas etmek i\u00e7in, Amerikal\u0131lara \u015firin g\u00f6r\u00fcnmek i\u00e7in televizyonlarda, gazetelerde ve radyolarda G\u00fcnayd\u0131n Amerika diye nutuk atard\u0131lar. T\u00fcrkiye\u2019de K\u00fcrtlere kar\u015f\u0131 Anadolu\u2019dan g\u00f6r\u00fcn\u00fcm programlar\u0131yla bu kirli sava\u015fta T\u00fcrk bas\u0131n\u0131 en rezil yerini ald\u0131. T\u0131pk\u0131 17 Aral\u0131k operasyonunda oldu\u011fu gibi, \u2018Alo Fatih\u2019 hatt\u0131 yine devredeydi. [&hellip;]","og_url":"https:\/\/akunq.net\/tr\/?p=28693","og_site_name":"Bati Ermenistan Ve Bati Ermenileri Sorunlari Ara\u015ftirmalar Merkezi","article_published_time":"2014-03-05T08:14:13+00:00","og_image":[{"url":"http:\/\/akunq.net\/tr\/wp-content\/uploads\/2014\/03\/Cevat-Sinet.jpg","type":"","width":"","height":""}],"author":"admin","twitter_card":"summary_large_image","twitter_misc":{"Written by":"admin","Est. reading time":"4 minutes"},"schema":{"@context":"https:\/\/schema.org","@graph":[{"@type":"WebPage","@id":"https:\/\/akunq.net\/tr\/?p=28693","url":"https:\/\/akunq.net\/tr\/?p=28693","name":"G\u00fcnayd\u0131n T\u00fcrkiye! - Bati Ermenistan Ve Bati Ermenileri Sorunlari Ara\u015ftirmalar Merkezi","isPartOf":{"@id":"https:\/\/akunq.net\/tr\/#website"},"primaryImageOfPage":{"@id":"https:\/\/akunq.net\/tr\/?p=28693#primaryimage"},"image":{"@id":"https:\/\/akunq.net\/tr\/?p=28693#primaryimage"},"thumbnailUrl":"http:\/\/akunq.net\/tr\/wp-content\/uploads\/2014\/03\/Cevat-Sinet.jpg","datePublished":"2014-03-05T08:14:13+00:00","author":{"@id":"https:\/\/akunq.net\/tr\/#\/schema\/person\/096f1d38a12cce57fb855b485ed24c9e"},"breadcrumb":{"@id":"https:\/\/akunq.net\/tr\/?p=28693#breadcrumb"},"inLanguage":"en-US","potentialAction":[{"@type":"ReadAction","target":["https:\/\/akunq.net\/tr\/?p=28693"]}]},{"@type":"ImageObject","inLanguage":"en-US","@id":"https:\/\/akunq.net\/tr\/?p=28693#primaryimage","url":"https:\/\/akunq.net\/tr\/wp-content\/uploads\/sites\/6\/2014\/03\/Cevat-Sinet.jpg","contentUrl":"https:\/\/akunq.net\/tr\/wp-content\/uploads\/sites\/6\/2014\/03\/Cevat-Sinet.jpg","width":204,"height":306},{"@type":"BreadcrumbList","@id":"https:\/\/akunq.net\/tr\/?p=28693#breadcrumb","itemListElement":[{"@type":"ListItem","position":1,"name":"Home","item":"https:\/\/akunq.net\/tr"},{"@type":"ListItem","position":2,"name":"G\u00fcnayd\u0131n T\u00fcrkiye!"}]},{"@type":"WebSite","@id":"https:\/\/akunq.net\/tr\/#website","url":"https:\/\/akunq.net\/tr\/","name":"Bati Ermenistan Ve Bati Ermenileri Sorunlari Ara\u015ftirmalar Merkezi","description":"","potentialAction":[{"@type":"SearchAction","target":{"@type":"EntryPoint","urlTemplate":"https:\/\/akunq.net\/tr\/?s={search_term_string}"},"query-input":{"@type":"PropertyValueSpecification","valueRequired":true,"valueName":"search_term_string"}}],"inLanguage":"en-US"},{"@type":"Person","@id":"https:\/\/akunq.net\/tr\/#\/schema\/person\/096f1d38a12cce57fb855b485ed24c9e","name":"admin","url":"https:\/\/akunq.net\/tr\/?author=7"}]}},"_links":{"self":[{"href":"https:\/\/akunq.net\/tr\/index.php?rest_route=\/wp\/v2\/posts\/28693","targetHints":{"allow":["GET"]}}],"collection":[{"href":"https:\/\/akunq.net\/tr\/index.php?rest_route=\/wp\/v2\/posts"}],"about":[{"href":"https:\/\/akunq.net\/tr\/index.php?rest_route=\/wp\/v2\/types\/post"}],"author":[{"embeddable":true,"href":"https:\/\/akunq.net\/tr\/index.php?rest_route=\/wp\/v2\/users\/7"}],"replies":[{"embeddable":true,"href":"https:\/\/akunq.net\/tr\/index.php?rest_route=%2Fwp%2Fv2%2Fcomments&post=28693"}],"version-history":[{"count":1,"href":"https:\/\/akunq.net\/tr\/index.php?rest_route=\/wp\/v2\/posts\/28693\/revisions"}],"predecessor-version":[{"id":28695,"href":"https:\/\/akunq.net\/tr\/index.php?rest_route=\/wp\/v2\/posts\/28693\/revisions\/28695"}],"wp:attachment":[{"href":"https:\/\/akunq.net\/tr\/index.php?rest_route=%2Fwp%2Fv2%2Fmedia&parent=28693"}],"wp:term":[{"taxonomy":"category","embeddable":true,"href":"https:\/\/akunq.net\/tr\/index.php?rest_route=%2Fwp%2Fv2%2Fcategories&post=28693"},{"taxonomy":"post_tag","embeddable":true,"href":"https:\/\/akunq.net\/tr\/index.php?rest_route=%2Fwp%2Fv2%2Ftags&post=28693"}],"curies":[{"name":"wp","href":"https:\/\/api.w.org\/{rel}","templated":true}]}}