{"id":28674,"date":"2014-03-04T02:48:09","date_gmt":"2014-03-04T07:48:09","guid":{"rendered":"http:\/\/akunq.net\/tr\/?p=28674"},"modified":"2014-03-04T02:48:34","modified_gmt":"2014-03-04T07:48:34","slug":"davutoglu-kirim-derneklerine-bilgi-verdi","status":"publish","type":"post","link":"https:\/\/akunq.net\/tr\/?p=28674","title":{"rendered":"Davuto\u011flu, K\u0131r\u0131m derneklerine bilgi verdi"},"content":{"rendered":"<p style=\"text-align: justify;\"><b><i><a href=\"http:\/\/akunq.net\/tr\/?attachment_id=28675\" rel=\"attachment wp-att-28675\"><img loading=\"lazy\" decoding=\"async\" class=\"alignright size-medium wp-image-28675\" alt=\"\u0534\u0561\u057e\u0578\u0582\u0569\u0585\u0572\u056c\u0578\u0582\" src=\"http:\/\/akunq.net\/tr\/wp-content\/uploads\/2014\/03\/\u0534\u0561\u057e\u0578\u0582\u0569\u0585\u0572\u056c\u0578\u0582-300x206.jpg\" width=\"300\" height=\"206\" srcset=\"https:\/\/akunq.net\/tr\/wp-content\/uploads\/sites\/6\/2014\/03\/\u0534\u0561\u057e\u0578\u0582\u0569\u0585\u0572\u056c\u0578\u0582-300x206.jpg 300w, https:\/\/akunq.net\/tr\/wp-content\/uploads\/sites\/6\/2014\/03\/\u0534\u0561\u057e\u0578\u0582\u0569\u0585\u0572\u056c\u0578\u0582.jpg 307w\" sizes=\"auto, (max-width: 300px) 100vw, 300px\" \/><\/a>D\u0131\u015fi\u015fleri Bakan\u0131 Ahmet Davuto\u011flu, Ukrayna\u2019da ya\u015fanan krizle ilgili bilgi vermek \u00fczere Bakanl\u0131k&#8217;ta K\u0131r\u0131m dernekleri temsilcilerini kabul etti.<br \/>\n<\/i><\/b>T\u00fcrk milletinin tarihte \u00e7ok b\u00fcy\u00fck s\u0131navlardan ge\u00e7ti\u011fini hat\u0131rlatan Davuto\u011flu, \u201cTarih i\u00e7erisinde hep onurlu \u015fekilde y\u00fcr\u00fcm\u00fc\u015f, devletler, \u015fehirler kurmu\u015f b\u00fcy\u00fck medeniyetlere be\u015fiklik etmi\u015f, \u00e7ok k\u00f6kl\u00fc bir birikimi bizlere emanet etmi\u015f aziz bir milletin fertleriyiz. B\u00f6yle b\u00fcy\u00fck hamleler i\u00e7inde olmu\u015f milletler her zaman b\u00fcy\u00fck imtihanlarla ya\u015fam\u0131\u015flard\u0131r. Ve bu imtihanlardaki dayan\u0131\u015fmalar\u0131 asl\u0131nda o milletleri daha sonraki nesillerde daha b\u00fcy\u00fck imtihanlarla kar\u015f\u0131 kar\u015f\u0131ya kald\u0131klar\u0131 en b\u00fcy\u00fck g\u00fc\u00e7 merkezleri de olmu\u015ftur. Bu a\u00e7\u0131dan bak\u0131ld\u0131\u011f\u0131nda belki en yak\u0131n d\u00f6nemde en b\u00fcy\u00fck s\u0131navlarla kar\u015f\u0131la\u015fanlar K\u0131r\u0131m\u2019daki Tatar toplulu\u011fudur, karde\u015flerimizdir, soyda\u015flar\u0131m\u0131zd\u0131r.\u201c dedi.<\/p>\n<p style=\"text-align: justify;\">\u00a0<b>&#8220;\u00c7OK ACILAR YA\u015eANDI&#8221;<br \/>\n<\/b>\u00c7ok ac\u0131lar ya\u015fand\u0131\u011f\u0131n\u0131 belirten Davuto\u011flu s\u00f6zlerini, \u201cBu ac\u0131lara kar\u015f\u0131 da K\u0131r\u0131m T\u00fcrkleri ve b\u00fct\u00fcn karde\u015flerimiz b\u00fcy\u00fck bir diren\u00e7 g\u00f6sterdiler. Tarihte de atalar\u0131m\u0131zdan ald\u0131\u011f\u0131m\u0131z o g\u00fc\u00e7l\u00fc gelene\u011fi s\u00fcrd\u00fcrebildik. \u00c7ok az millet s\u00f6k\u00fcl\u00fcp at\u0131ld\u0131klar\u0131 topraklara onurla geri d\u00f6nm\u00fc\u015ft\u00fcr. Bunlardan biri de K\u0131r\u0131m T\u00fcrkleridir. \u0130kinci D\u00fcnya Sava\u015f\u0131 \u015fartlar\u0131ndan her birimizin yak\u0131nlar\u0131 b\u00fcy\u00fckleri insafs\u0131zca, barbarca trenlere doldurulup Sibirya i\u00e7lerine g\u00f6nderildiler. Zannedildi ki ve d\u00fc\u015f\u00fcn\u00fcld\u00fc ki K\u0131r\u0131m tatarlar\u0131 bir daha geri d\u00f6nemez. Ama elhamd\u00fclillah \u015fartlar elverdi\u011finde K\u0131r\u0131m Tatarlar\u0131 bu aziz milletin ayr\u0131lmaz par\u00e7alar\u0131 olarak, onurla ve vakarla, bar\u0131\u015f\u00e7\u0131l y\u00f6ntemlerle nas\u0131l topraklar\u0131na nas\u0131l sahip \u00e7\u0131kacaklar\u0131n\u0131n tarihteki en g\u00fczel \u00f6rneklerinden birini olu\u015fturdular. Bunu ben bizim tarihimin iftihar sayfalar\u0131ndan biri olarak g\u00f6r\u00fcyorum. 1991\u2018den so\u011fuk sava\u015f\u0131n bitiminden itibaren ba\u015fta kahraman Say\u0131n Cemilo\u011flu olmak \u00fczere o topraklardan s\u00f6k\u00fclenler o topraklara ad\u0131m ad\u0131m geri d\u00f6nd\u00fcler. 25 y\u0131l i\u00e7inde o topraklara tutundular, k\u00f6k sald\u0131lar. Hi\u00e7bir komplekse kap\u0131lmadan oradaki di\u011fer Ukrayna vatanda\u015flar\u0131yla e\u015fit \u015fartlarda o \u00fclkenin kalk\u0131nmas\u0131na, huzuruna, bar\u0131\u015f\u0131na katk\u0131da bulundular. Biz de T\u00fcrkiye olarak en ba\u015f\u0131ndan itibaren bu ata yurduna, ana yurduna d\u00f6n\u00fc\u015f\u00fc desteklerdik, te\u015fvik ettik, her t\u00fcrl\u00fc katk\u0131y\u0131 sa\u011flad\u0131k.\u201c diye s\u00fcrd\u00fcrd\u00fc.<\/p>\n<p style=\"text-align: justify;\"><b>\u00a0&#8220;TORUN TARAFINDAN KIRIMLIYIM, DER\u0130M&#8221;<br \/>\n<\/b>Bakan Davuto\u011flu, K\u0131r\u0131m\u2019a T\u00fcrkiye\u2019den yap\u0131lan yard\u0131mlardan s\u00f6z ettikten sonra, bir\u00e7ok kez gitti\u011fi K\u0131r\u0131m\u2019a yak\u0131n ilgisinden dolay\u0131 T\u00fcrkiye\u2019nin bir\u00e7ok yerde kendisinin K\u0131r\u0131ml\u0131 olarak bilindi\u011fine i\u015faret etti. Davuto\u011flu, \u201cKucaklarlar ve ben de hi\u00e7bir zaman reddetmem. Hep s\u00f6ylerim biz her bir yerde bu aziz milletin par\u00e7as\u0131 olan neresi varsa biz oradan\u0131z. Ama bazen de torun taraf\u0131ndan K\u0131r\u0131ml\u0131y\u0131m derim. \u00c7\u00fcnk\u00fc d\u00fcn\u00fcrlerim itibariyle k\u00f6ken itibariyle K\u0131r\u0131ml\u0131l\u0131k var.\u201c \u015feklinde konu\u015ftu.<\/p>\n<p style=\"text-align: justify;\"><b>\u00a0\u201cUKRAYNA \u0130\u00c7\u0130N KR\u0130Z MASASI KURDUK\u201d<\/b><br \/>\nUkrayna\u2019da ya\u015fanan geli\u015fmelerle ilgili devletin t\u00fcm birimlerinin kat\u0131m\u0131yla bug\u00fcn 3 saat s\u00fcren bir toplant\u0131 yapt\u0131klar\u0131n\u0131 s\u00f6yleyen Davuto\u011flu, \u201cB\u00fct\u00fcn \u00e7al\u0131\u015fmalar\u0131 g\u00f6zden ge\u00e7irdik Ukrayna krizine \u00e7\u00f6z\u00fcm bulunmas\u0131 ve toprak b\u00fct\u00fcnl\u00fc\u011f\u00fc i\u00e7erisinde b\u00fct\u00fcn sorunlar\u0131n\u0131n \u00e7\u00f6z\u00fcm\u00fc i\u00e7in uluslar aras\u0131 geli\u015ftirilebilecek b\u00fct\u00fcn inisiyatifleri ele ald\u0131k. Muhtemel geli\u015fmelerle ile ilgili at\u0131labilecek ad\u0131mlar\u0131 g\u00f6zden ge\u00e7irdik. Bundan sonra da bir kriz y\u00f6netim masas\u0131 kurduk. K\u0131r\u0131m\u2019daki soyda\u015flar\u0131m\u0131z rahata eri\u015fene, Ukrayna\u2019da istikrar olu\u015fana kadar, gece g\u00fcnd\u00fcz uyumadan bu geli\u015fmeleri takip edece\u011fiz. \u201c a\u00e7\u0131klamas\u0131n\u0131 yapt\u0131.<\/p>\n<p style=\"text-align: justify;\">Davuto\u011flu, s\u00f6zlerinin sonunda ABD ve Rusya ile de K\u0131r\u0131m\u2019daki T\u00fcrklerin zarar g\u00f6rmemesi i\u00e7in g\u00f6r\u00fc\u015fmeler yapt\u0131klar\u0131n\u0131 hat\u0131rlatt\u0131.<\/p>\n<p style=\"text-align: justify;\"><b><i>YAL\u00c7IN KAYA | ANKARA <\/i><\/b><\/p>\n<p style=\"text-align: justify;\"><b><i>http:\/\/www.cihan.com.tr\/news\/Davutoglu-Kirim-derneklerine-bilgi-verdi_3031-CHMTM3MzAzMS8xMDA1;jsessionid=zKnRcnJjiG8lKiCVamFcIMGx<\/i><\/b><\/p>\n","protected":false},"excerpt":{"rendered":"<p>D\u0131\u015fi\u015fleri Bakan\u0131 Ahmet Davuto\u011flu, Ukrayna\u2019da ya\u015fanan krizle ilgili bilgi vermek \u00fczere Bakanl\u0131k&#8217;ta K\u0131r\u0131m dernekleri temsilcilerini kabul etti. T\u00fcrk milletinin tarihte \u00e7ok b\u00fcy\u00fck s\u0131navlardan ge\u00e7ti\u011fini hat\u0131rlatan Davuto\u011flu, \u201cTarih i\u00e7erisinde hep onurlu \u015fekilde y\u00fcr\u00fcm\u00fc\u015f, devletler, \u015fehirler kurmu\u015f b\u00fcy\u00fck medeniyetlere be\u015fiklik etmi\u015f, \u00e7ok k\u00f6kl\u00fc bir birikimi bizlere emanet etmi\u015f aziz bir milletin fertleriyiz. B\u00f6yle b\u00fcy\u00fck hamleler i\u00e7inde olmu\u015f [&hellip;]<\/p>\n","protected":false},"author":7,"featured_media":0,"comment_status":"open","ping_status":"open","sticky":false,"template":"","format":"standard","meta":{"footnotes":""},"categories":[1],"tags":[],"class_list":["post-28674","post","type-post","status-publish","format-standard","hentry","category-haberler"],"yoast_head":"<!-- This site is optimized with the Yoast SEO plugin v26.6 - https:\/\/yoast.com\/wordpress\/plugins\/seo\/ -->\n<title>Davuto\u011flu, K\u0131r\u0131m derneklerine bilgi verdi - Bati Ermenistan Ve Bati Ermenileri Sorunlari Ara\u015ftirmalar Merkezi<\/title>\n<meta name=\"robots\" content=\"index, follow, max-snippet:-1, max-image-preview:large, max-video-preview:-1\" \/>\n<link rel=\"canonical\" href=\"https:\/\/akunq.net\/tr\/?p=28674\" \/>\n<meta property=\"og:locale\" content=\"en_US\" \/>\n<meta property=\"og:type\" content=\"article\" \/>\n<meta property=\"og:title\" content=\"Davuto\u011flu, K\u0131r\u0131m derneklerine bilgi verdi - Bati Ermenistan Ve Bati Ermenileri Sorunlari Ara\u015ftirmalar Merkezi\" \/>\n<meta property=\"og:description\" content=\"D\u0131\u015fi\u015fleri Bakan\u0131 Ahmet Davuto\u011flu, Ukrayna\u2019da ya\u015fanan krizle ilgili bilgi vermek \u00fczere Bakanl\u0131k&#8217;ta K\u0131r\u0131m dernekleri temsilcilerini kabul etti. T\u00fcrk milletinin tarihte \u00e7ok b\u00fcy\u00fck s\u0131navlardan ge\u00e7ti\u011fini hat\u0131rlatan Davuto\u011flu, \u201cTarih i\u00e7erisinde hep onurlu \u015fekilde y\u00fcr\u00fcm\u00fc\u015f, devletler, \u015fehirler kurmu\u015f b\u00fcy\u00fck medeniyetlere be\u015fiklik etmi\u015f, \u00e7ok k\u00f6kl\u00fc bir birikimi bizlere emanet etmi\u015f aziz bir milletin fertleriyiz. B\u00f6yle b\u00fcy\u00fck hamleler i\u00e7inde olmu\u015f [&hellip;]\" \/>\n<meta property=\"og:url\" content=\"https:\/\/akunq.net\/tr\/?p=28674\" \/>\n<meta property=\"og:site_name\" content=\"Bati Ermenistan Ve Bati Ermenileri Sorunlari Ara\u015ftirmalar Merkezi\" \/>\n<meta property=\"article:published_time\" content=\"2014-03-04T07:48:09+00:00\" \/>\n<meta property=\"article:modified_time\" content=\"2014-03-04T07:48:34+00:00\" \/>\n<meta name=\"author\" content=\"admin\" \/>\n<meta name=\"twitter:card\" content=\"summary_large_image\" \/>\n<meta name=\"twitter:label1\" content=\"Written by\" \/>\n\t<meta name=\"twitter:data1\" content=\"admin\" \/>\n\t<meta name=\"twitter:label2\" content=\"Est. reading time\" \/>\n\t<meta name=\"twitter:data2\" content=\"4 minutes\" \/>\n<script type=\"application\/ld+json\" class=\"yoast-schema-graph\">{\"@context\":\"https:\/\/schema.org\",\"@graph\":[{\"@type\":\"WebPage\",\"@id\":\"https:\/\/akunq.net\/tr\/?p=28674\",\"url\":\"https:\/\/akunq.net\/tr\/?p=28674\",\"name\":\"Davuto\u011flu, K\u0131r\u0131m derneklerine bilgi verdi - Bati Ermenistan Ve Bati Ermenileri Sorunlari Ara\u015ftirmalar Merkezi\",\"isPartOf\":{\"@id\":\"https:\/\/akunq.net\/tr\/#website\"},\"datePublished\":\"2014-03-04T07:48:09+00:00\",\"dateModified\":\"2014-03-04T07:48:34+00:00\",\"author\":{\"@id\":\"https:\/\/akunq.net\/tr\/#\/schema\/person\/096f1d38a12cce57fb855b485ed24c9e\"},\"breadcrumb\":{\"@id\":\"https:\/\/akunq.net\/tr\/?p=28674#breadcrumb\"},\"inLanguage\":\"en-US\",\"potentialAction\":[{\"@type\":\"ReadAction\",\"target\":[\"https:\/\/akunq.net\/tr\/?p=28674\"]}]},{\"@type\":\"BreadcrumbList\",\"@id\":\"https:\/\/akunq.net\/tr\/?p=28674#breadcrumb\",\"itemListElement\":[{\"@type\":\"ListItem\",\"position\":1,\"name\":\"Home\",\"item\":\"https:\/\/akunq.net\/tr\"},{\"@type\":\"ListItem\",\"position\":2,\"name\":\"Davuto\u011flu, K\u0131r\u0131m derneklerine bilgi verdi\"}]},{\"@type\":\"WebSite\",\"@id\":\"https:\/\/akunq.net\/tr\/#website\",\"url\":\"https:\/\/akunq.net\/tr\/\",\"name\":\"Bati Ermenistan Ve Bati Ermenileri Sorunlari Ara\u015ftirmalar Merkezi\",\"description\":\"\",\"potentialAction\":[{\"@type\":\"SearchAction\",\"target\":{\"@type\":\"EntryPoint\",\"urlTemplate\":\"https:\/\/akunq.net\/tr\/?s={search_term_string}\"},\"query-input\":{\"@type\":\"PropertyValueSpecification\",\"valueRequired\":true,\"valueName\":\"search_term_string\"}}],\"inLanguage\":\"en-US\"},{\"@type\":\"Person\",\"@id\":\"https:\/\/akunq.net\/tr\/#\/schema\/person\/096f1d38a12cce57fb855b485ed24c9e\",\"name\":\"admin\",\"url\":\"https:\/\/akunq.net\/tr\/?author=7\"}]}<\/script>\n<!-- \/ Yoast SEO plugin. -->","yoast_head_json":{"title":"Davuto\u011flu, K\u0131r\u0131m derneklerine bilgi verdi - Bati Ermenistan Ve Bati Ermenileri Sorunlari Ara\u015ftirmalar Merkezi","robots":{"index":"index","follow":"follow","max-snippet":"max-snippet:-1","max-image-preview":"max-image-preview:large","max-video-preview":"max-video-preview:-1"},"canonical":"https:\/\/akunq.net\/tr\/?p=28674","og_locale":"en_US","og_type":"article","og_title":"Davuto\u011flu, K\u0131r\u0131m derneklerine bilgi verdi - Bati Ermenistan Ve Bati Ermenileri Sorunlari Ara\u015ftirmalar Merkezi","og_description":"D\u0131\u015fi\u015fleri Bakan\u0131 Ahmet Davuto\u011flu, Ukrayna\u2019da ya\u015fanan krizle ilgili bilgi vermek \u00fczere Bakanl\u0131k&#8217;ta K\u0131r\u0131m dernekleri temsilcilerini kabul etti. T\u00fcrk milletinin tarihte \u00e7ok b\u00fcy\u00fck s\u0131navlardan ge\u00e7ti\u011fini hat\u0131rlatan Davuto\u011flu, \u201cTarih i\u00e7erisinde hep onurlu \u015fekilde y\u00fcr\u00fcm\u00fc\u015f, devletler, \u015fehirler kurmu\u015f b\u00fcy\u00fck medeniyetlere be\u015fiklik etmi\u015f, \u00e7ok k\u00f6kl\u00fc bir birikimi bizlere emanet etmi\u015f aziz bir milletin fertleriyiz. B\u00f6yle b\u00fcy\u00fck hamleler i\u00e7inde olmu\u015f [&hellip;]","og_url":"https:\/\/akunq.net\/tr\/?p=28674","og_site_name":"Bati Ermenistan Ve Bati Ermenileri Sorunlari Ara\u015ftirmalar Merkezi","article_published_time":"2014-03-04T07:48:09+00:00","article_modified_time":"2014-03-04T07:48:34+00:00","author":"admin","twitter_card":"summary_large_image","twitter_misc":{"Written by":"admin","Est. reading time":"4 minutes"},"schema":{"@context":"https:\/\/schema.org","@graph":[{"@type":"WebPage","@id":"https:\/\/akunq.net\/tr\/?p=28674","url":"https:\/\/akunq.net\/tr\/?p=28674","name":"Davuto\u011flu, K\u0131r\u0131m derneklerine bilgi verdi - Bati Ermenistan Ve Bati Ermenileri Sorunlari Ara\u015ftirmalar Merkezi","isPartOf":{"@id":"https:\/\/akunq.net\/tr\/#website"},"datePublished":"2014-03-04T07:48:09+00:00","dateModified":"2014-03-04T07:48:34+00:00","author":{"@id":"https:\/\/akunq.net\/tr\/#\/schema\/person\/096f1d38a12cce57fb855b485ed24c9e"},"breadcrumb":{"@id":"https:\/\/akunq.net\/tr\/?p=28674#breadcrumb"},"inLanguage":"en-US","potentialAction":[{"@type":"ReadAction","target":["https:\/\/akunq.net\/tr\/?p=28674"]}]},{"@type":"BreadcrumbList","@id":"https:\/\/akunq.net\/tr\/?p=28674#breadcrumb","itemListElement":[{"@type":"ListItem","position":1,"name":"Home","item":"https:\/\/akunq.net\/tr"},{"@type":"ListItem","position":2,"name":"Davuto\u011flu, K\u0131r\u0131m derneklerine bilgi verdi"}]},{"@type":"WebSite","@id":"https:\/\/akunq.net\/tr\/#website","url":"https:\/\/akunq.net\/tr\/","name":"Bati Ermenistan Ve Bati Ermenileri Sorunlari Ara\u015ftirmalar Merkezi","description":"","potentialAction":[{"@type":"SearchAction","target":{"@type":"EntryPoint","urlTemplate":"https:\/\/akunq.net\/tr\/?s={search_term_string}"},"query-input":{"@type":"PropertyValueSpecification","valueRequired":true,"valueName":"search_term_string"}}],"inLanguage":"en-US"},{"@type":"Person","@id":"https:\/\/akunq.net\/tr\/#\/schema\/person\/096f1d38a12cce57fb855b485ed24c9e","name":"admin","url":"https:\/\/akunq.net\/tr\/?author=7"}]}},"_links":{"self":[{"href":"https:\/\/akunq.net\/tr\/index.php?rest_route=\/wp\/v2\/posts\/28674","targetHints":{"allow":["GET"]}}],"collection":[{"href":"https:\/\/akunq.net\/tr\/index.php?rest_route=\/wp\/v2\/posts"}],"about":[{"href":"https:\/\/akunq.net\/tr\/index.php?rest_route=\/wp\/v2\/types\/post"}],"author":[{"embeddable":true,"href":"https:\/\/akunq.net\/tr\/index.php?rest_route=\/wp\/v2\/users\/7"}],"replies":[{"embeddable":true,"href":"https:\/\/akunq.net\/tr\/index.php?rest_route=%2Fwp%2Fv2%2Fcomments&post=28674"}],"version-history":[{"count":2,"href":"https:\/\/akunq.net\/tr\/index.php?rest_route=\/wp\/v2\/posts\/28674\/revisions"}],"predecessor-version":[{"id":28677,"href":"https:\/\/akunq.net\/tr\/index.php?rest_route=\/wp\/v2\/posts\/28674\/revisions\/28677"}],"wp:attachment":[{"href":"https:\/\/akunq.net\/tr\/index.php?rest_route=%2Fwp%2Fv2%2Fmedia&parent=28674"}],"wp:term":[{"taxonomy":"category","embeddable":true,"href":"https:\/\/akunq.net\/tr\/index.php?rest_route=%2Fwp%2Fv2%2Fcategories&post=28674"},{"taxonomy":"post_tag","embeddable":true,"href":"https:\/\/akunq.net\/tr\/index.php?rest_route=%2Fwp%2Fv2%2Ftags&post=28674"}],"curies":[{"name":"wp","href":"https:\/\/api.w.org\/{rel}","templated":true}]}}