{"id":28669,"date":"2014-03-04T02:35:51","date_gmt":"2014-03-04T07:35:51","guid":{"rendered":"http:\/\/akunq.net\/tr\/?p=28669"},"modified":"2014-03-04T02:36:20","modified_gmt":"2014-03-04T07:36:20","slug":"mhp-grup-baskanvekili-halacoglu-erhan-tuncel-ermeni-asillidir","status":"publish","type":"post","link":"https:\/\/akunq.net\/tr\/?p=28669","title":{"rendered":"MHP Grup Ba\u015fkanvekili Hala\u00e7o\u011flu: Erhan Tuncel Ermeni as\u0131ll\u0131d\u0131r"},"content":{"rendered":"<p style=\"text-align: justify;\"><b><i><a href=\"http:\/\/akunq.net\/tr\/?attachment_id=28670\" rel=\"attachment wp-att-28670\"><img loading=\"lazy\" decoding=\"async\" class=\"alignright size-medium wp-image-28670\" alt=\"\u0545\u0578\u0582\u057d\u0578\u0582\u0586 \u0540\u0561\u056c\u0561\u0579\u0585\u0572\u056c\u0578\u0582\" src=\"http:\/\/akunq.net\/tr\/wp-content\/uploads\/2014\/03\/\u0545\u0578\u0582\u057d\u0578\u0582\u0586-\u0540\u0561\u056c\u0561\u0579\u0585\u0572\u056c\u0578\u0582-300x225.jpg\" width=\"300\" height=\"225\" srcset=\"https:\/\/akunq.net\/tr\/wp-content\/uploads\/sites\/6\/2014\/03\/\u0545\u0578\u0582\u057d\u0578\u0582\u0586-\u0540\u0561\u056c\u0561\u0579\u0585\u0572\u056c\u0578\u0582-300x225.jpg 300w, https:\/\/akunq.net\/tr\/wp-content\/uploads\/sites\/6\/2014\/03\/\u0545\u0578\u0582\u057d\u0578\u0582\u0586-\u0540\u0561\u056c\u0561\u0579\u0585\u0572\u056c\u0578\u0582.jpg 313w\" sizes=\"auto, (max-width: 300px) 100vw, 300px\" \/><\/a>MHP Grup Ba\u015fkanvekili Yusuf Hala\u00e7o\u011flu, Hrant Dink meselesinin \u00e7ok karma\u015f\u0131k bir mesele oldu\u011funu belirterek, &#8220;Onun \u00f6zellikle y\u00f6nlendiricisi olarak bug\u00fcn tutuklanm\u0131\u015f bulunan Erhan Tuncel, El\u00e2z\u0131\u011f&#8217;\u0131n Temte k\u00f6y\u00fcndendir ve Ermeni as\u0131ll\u0131d\u0131r. Dolay\u0131s\u0131yla asl\u0131nda bir Ermeni&#8217;nin \u00f6ld\u00fcr\u00fclmesinde bir Ermeni&#8217;nin rol ald\u0131\u011f\u0131n\u0131 da g\u00f6z \u00f6n\u00fcne almas\u0131 laz\u0131m herkesin.&#8221; dedi.<br \/>\n<\/i><\/b><br \/>\nT\u00fcrkiye B\u00fcy\u00fck Millet Meclisi (TBMM) Genel Kurulu&#8217;nda, kamuoyunda &#8216;Demokratikle\u015fme Paketi&#8217; olarak bilinen &#8216;Temel Hak ve H\u00fcrriyetlerin Geli\u015ftirilmesi Amac\u0131yla \u00c7e\u015fitli Kanunlarda De\u011fi\u015fiklik Yap\u0131lmas\u0131na Dair Kanun Tasar\u0131s\u0131&#8217; kabul edildi. MHP Grup Ba\u015fkanvekili ve Kayseri Milletvekili Yusuf Hala\u00e7o\u011flu, nefret ve ayr\u0131mc\u0131l\u0131\u011f\u0131n ger\u00e7ekten bir \u00fclkede hi\u00e7 olmamas\u0131 gereken bir konu oldu\u011funu ifade etti.<\/p>\n<p style=\"text-align: justify;\">&#8220;Bir \u00fclkede az\u0131nl\u0131k stat\u00fcs\u00fcnde vatanda\u015flar da olmamal\u0131. Her bireyin o \u00fclkenin vatanda\u015flar\u0131 olarak, herkesin sahip oldu\u011fu ortak de\u011ferlere sahip olmalar\u0131 ve birlik ve beraberlik i\u00e7erisinde ya\u015fayacak, herkesin birbirine sayg\u0131 duydu\u011fu bir ortam yarat\u0131lmal\u0131d\u0131r.&#8221; diyen Hala\u00e7o\u011flu, nefretin ikinci a\u015famas\u0131n\u0131n insanl\u0131k su\u00e7u, bir sonraki a\u015famas\u0131n\u0131n ise soyk\u0131r\u0131m oldu\u011funu vurgulad\u0131.<\/p>\n<p style=\"text-align: justify;\">&#8220;Nefretin do\u011furdu\u011fu kin ve insanlar \u00fczerindeki etkileri \u00f6ylesine b\u00fcy\u00fck bir h\u00e2l al\u0131r ki bir toplum i\u00e7erisinde hedef g\u00f6zetilmeksizin insanlara kar\u015f\u0131 y\u00fcr\u00fct\u00fclen katliamlar, insanl\u0131k su\u00e7u olarak adland\u0131r\u0131l\u0131r.&#8221; diyen Hala\u00e7o\u011flu, \u015f\u00f6yle devam etti: &#8220;Yani diyelim ki K\u0131z\u0131lay&#8217;\u0131n bir b\u00f6lgesinde Allah korusun ama bir bomba patlat\u0131ld\u0131, \u015fu kadar vatanda\u015f\u0131m\u0131z hayat\u0131n\u0131 kaybetti. Bu, hedef g\u00f6zetilmeksizin, uluorta yap\u0131lan bir sald\u0131r\u0131d\u0131r ki bu insanl\u0131k su\u00e7u olarak adland\u0131r\u0131l\u0131r. Di\u011fer taraftan, bu olay\u0131n daha farkl\u0131 bir bi\u00e7imde geli\u015fmesi ise yani belli bir grubu, siyasi ve etnik grubu tamamen yok etmek kast\u0131yla yap\u0131lacak olursa -herkesi \u00f6ld\u00fcrmek s\u00f6z konusu de\u011fil ama- bu tamamen soyk\u0131r\u0131m olarak adland\u0131r\u0131l\u0131r. \u015eimdi, burada PKK&#8217;n\u0131n yapm\u0131\u015f oldu\u011fu bombalama hareketleri veya DHKPC&#8217;nin yapt\u0131\u011f\u0131 bombalama hareketleri tamamen insanl\u0131k su\u00e7u olarak adland\u0131r\u0131l\u0131r. Dolay\u0131s\u0131yla nefret su\u00e7unu bu bi\u00e7imde de de\u011ferlendirmek gerekir. Yani do\u011frudan do\u011fruya ki\u015fileri a\u015fa\u011f\u0131lamak veya onlar\u0131n sahip olduklar\u0131 \u0131rki, dini veya renk veya cinsiyet gibi \u00e7e\u015fitli sebeplerle onlar\u0131 a\u015fa\u011f\u0131lamak tamamen nefret su\u00e7una girer. Bunun \u00f6n\u00fcne ge\u00e7menin en \u00f6nemli yolu tabii ki sadece cezalar\u0131n art\u0131r\u0131lmas\u0131 de\u011fil ama cayd\u0131r\u0131c\u0131 bir unsur olmas\u0131 da \u00f6nemlidir \u00e7\u00fcnk\u00fc \u00e7ok a\u011f\u0131r bir su\u00e7 olarak nitelendirilmek zorundad\u0131r nefret su\u00e7u. Dedi\u011fim gibi, bir sonraki a\u015famas\u0131 insanl\u0131k su\u00e7u olarak adland\u0131r\u0131l\u0131r, insanl\u0131\u011fa kar\u015f\u0131 yap\u0131lan su\u00e7lar olarak adland\u0131r\u0131l\u0131r. Bir sonraki a\u015famas\u0131 ise soyk\u0131r\u0131m olarak adland\u0131r\u0131l\u0131r. Dolay\u0131s\u0131yla bunlar\u0131n \u00e7ok ciddi \u015fekilde ele al\u0131nmas\u0131 gerekir ve biz bu sebeple be\u015f y\u0131la \u00e7\u0131kar\u0131lmas\u0131 teklifinde bulunduk.&#8221;<\/p>\n<p style=\"text-align: justify;\"><b>&#8220;OG\u00dcN SAMAST&#8217;I Y\u00d6NLEND\u0130REN K\u0130MLERD\u0130?&#8221;<br \/>\n<\/b>Hrant Dink meselesine de de\u011finen Hala\u00e7o\u011flu, &#8220;Hrant Dink meselesi \u00e7ok karma\u015f\u0131k bir meseledir, san\u0131ld\u0131\u011f\u0131n\u0131n aksine \u00e7ok farkl\u0131d\u0131r, sadece Og\u00fcn Samast&#8217;la ilgili de\u011fildir. Onun \u00f6zellikle y\u00f6nlendiricisi olarak bug\u00fcn tutuklanm\u0131\u015f bulunan Erhan Tuncel, El\u00e2z\u0131\u011f&#8217;\u0131n Temte k\u00f6y\u00fcndendir ve Ermeni as\u0131ll\u0131d\u0131r. Dolay\u0131s\u0131yla asl\u0131nda bir Ermeni&#8217;nin \u00f6ld\u00fcr\u00fclmesinde bir Ermeni&#8217;nin rol ald\u0131\u011f\u0131n\u0131 da g\u00f6z \u00f6n\u00fcne almas\u0131 laz\u0131m herkesin. Bunun hangi anlama geldi\u011fini ben \u015fu an i\u00e7in s\u00f6ylemiyorum ama bunu ciddi \u015fekilde ele almak gerekir ve hemen birilerini su\u00e7laman\u0131n \u00e7ok yanl\u0131\u015f oldu\u011funu belirtmek i\u00e7in bunu ifade ettim. Yani Og\u00fcn Samast&#8217;\u0131 y\u00f6nlendirenler kimlerdi, bunun ard\u0131nda kimler vard\u0131, bunu \u00e7ok iyi de\u011ferlendirmek gerekir. Dolay\u0131s\u0131yla bu konularda ciddi bi\u00e7imde ara\u015ft\u0131rma yap\u0131lmal\u0131, mahkemeler bunlar\u0131 ciddi \u015fekilde de\u011ferlendirmeli ve ondan sonra kamuya a\u00e7\u0131klama yapmak suretiyle \u00f6zellikle nefrete d\u00f6n\u00fc\u015febilecek konular\u0131n \u00f6n\u00fcne ge\u00e7melidir.&#8221; diye konu\u015ftu.<\/p>\n<p style=\"text-align: justify;\"><b>&#8220;ANADOLU&#8217;DA H\u0130\u00c7B\u0130R ZAMAN K\u00dcRD\u0130STAN \u0130FADES\u0130 KULLANILMADI&#8221;<br \/>\n<\/b>Anadolu&#8217;ya T\u00fcrkler geldi\u011fi zaman Anadolu&#8217;da sadece ve sadece Bizansl\u0131lar oldu\u011funu, onun d\u0131\u015f\u0131nda herhangi bir beylik olmad\u0131\u011f\u0131n\u0131 dile getiren Hala\u00e7o\u011flu, &#8220;Bizansl\u0131lar\u0131n hakimiyeti alt\u0131nda olan bir toprak T\u00fcrklerin eline ge\u00e7ti. \u00d6zellikle \u015funu da belirteyim; Anadolu&#8217;da -daha \u00f6nce de s\u00f6yledim- hi\u00e7bir zaman &#8216;K\u00fcrdistan&#8217; ifadesi kullan\u0131lmad\u0131, yoktur, co\u011frafya terimi olarak da yoktur. K\u00fcrdistan co\u011frafyas\u0131 S\u00fcleymaniye-Erbil b\u00f6lgesindedir ve bunlar da 1090&#8217;l\u0131 y\u0131llara ait kaynaklarda da vard\u0131r. Anadolu&#8217;da sadece K\u00fcrdistan eyaleti 1847 y\u0131l\u0131nda kurulmu\u015ftur, 1839 Tanzimat Ferman\u0131&#8217;ndan sonra, o da on y\u0131l ayakta kalm\u0131\u015ft\u0131r, Bat\u0131l\u0131lar\u0131n iste\u011fi \u00fczerine. Ondan sonra da olmam\u0131\u015ft\u0131r. Dolay\u0131s\u0131yla bunlar\u0131, tarihi s\u00f6ylerken do\u011fru yerine oturtmak gerekir.&#8221; \u015feklinde konu\u015ftu.<\/p>\n<p style=\"text-align: justify;\"><b><i>EMRULLAH BAYRAK <\/i><\/b><\/p>\n<p style=\"text-align: justify;\"><b><i>http:\/\/www.cihan.com.tr\/news\/MHP-Grup-Baskanvekili-Halacoglu-Erhan-Tuncel-Ermeni-asillidir_1744-CHMTM3MTc0NC8xMDA1<\/i><\/b><\/p>\n","protected":false},"excerpt":{"rendered":"<p>MHP Grup Ba\u015fkanvekili Yusuf Hala\u00e7o\u011flu, Hrant Dink meselesinin \u00e7ok karma\u015f\u0131k bir mesele oldu\u011funu belirterek, &#8220;Onun \u00f6zellikle y\u00f6nlendiricisi olarak bug\u00fcn tutuklanm\u0131\u015f bulunan Erhan Tuncel, El\u00e2z\u0131\u011f&#8217;\u0131n Temte k\u00f6y\u00fcndendir ve Ermeni as\u0131ll\u0131d\u0131r. Dolay\u0131s\u0131yla asl\u0131nda bir Ermeni&#8217;nin \u00f6ld\u00fcr\u00fclmesinde bir Ermeni&#8217;nin rol ald\u0131\u011f\u0131n\u0131 da g\u00f6z \u00f6n\u00fcne almas\u0131 laz\u0131m herkesin.&#8221; dedi. T\u00fcrkiye B\u00fcy\u00fck Millet Meclisi (TBMM) Genel Kurulu&#8217;nda, kamuoyunda &#8216;Demokratikle\u015fme Paketi&#8217; [&hellip;]<\/p>\n","protected":false},"author":7,"featured_media":0,"comment_status":"open","ping_status":"open","sticky":false,"template":"","format":"standard","meta":{"footnotes":""},"categories":[1],"tags":[],"class_list":["post-28669","post","type-post","status-publish","format-standard","hentry","category-haberler"],"yoast_head":"<!-- This site is optimized with the Yoast SEO plugin v26.6 - https:\/\/yoast.com\/wordpress\/plugins\/seo\/ -->\n<title>MHP Grup Ba\u015fkanvekili Hala\u00e7o\u011flu: Erhan Tuncel Ermeni as\u0131ll\u0131d\u0131r - Bati Ermenistan Ve Bati Ermenileri Sorunlari Ara\u015ftirmalar Merkezi<\/title>\n<meta name=\"robots\" content=\"index, follow, max-snippet:-1, max-image-preview:large, max-video-preview:-1\" \/>\n<link rel=\"canonical\" href=\"https:\/\/akunq.net\/tr\/?p=28669\" \/>\n<meta property=\"og:locale\" content=\"en_US\" \/>\n<meta property=\"og:type\" content=\"article\" \/>\n<meta property=\"og:title\" content=\"MHP Grup Ba\u015fkanvekili Hala\u00e7o\u011flu: Erhan Tuncel Ermeni as\u0131ll\u0131d\u0131r - Bati Ermenistan Ve Bati Ermenileri Sorunlari Ara\u015ftirmalar Merkezi\" \/>\n<meta property=\"og:description\" content=\"MHP Grup Ba\u015fkanvekili Yusuf Hala\u00e7o\u011flu, Hrant Dink meselesinin \u00e7ok karma\u015f\u0131k bir mesele oldu\u011funu belirterek, &#8220;Onun \u00f6zellikle y\u00f6nlendiricisi olarak bug\u00fcn tutuklanm\u0131\u015f bulunan Erhan Tuncel, El\u00e2z\u0131\u011f&#8217;\u0131n Temte k\u00f6y\u00fcndendir ve Ermeni as\u0131ll\u0131d\u0131r. Dolay\u0131s\u0131yla asl\u0131nda bir Ermeni&#8217;nin \u00f6ld\u00fcr\u00fclmesinde bir Ermeni&#8217;nin rol ald\u0131\u011f\u0131n\u0131 da g\u00f6z \u00f6n\u00fcne almas\u0131 laz\u0131m herkesin.&#8221; dedi. T\u00fcrkiye B\u00fcy\u00fck Millet Meclisi (TBMM) Genel Kurulu&#8217;nda, kamuoyunda &#8216;Demokratikle\u015fme Paketi&#8217; [&hellip;]\" \/>\n<meta property=\"og:url\" content=\"https:\/\/akunq.net\/tr\/?p=28669\" \/>\n<meta property=\"og:site_name\" content=\"Bati Ermenistan Ve Bati Ermenileri Sorunlari Ara\u015ftirmalar Merkezi\" \/>\n<meta property=\"article:published_time\" content=\"2014-03-04T07:35:51+00:00\" \/>\n<meta property=\"article:modified_time\" content=\"2014-03-04T07:36:20+00:00\" \/>\n<meta name=\"author\" content=\"admin\" \/>\n<meta name=\"twitter:card\" content=\"summary_large_image\" \/>\n<meta name=\"twitter:label1\" content=\"Written by\" \/>\n\t<meta name=\"twitter:data1\" content=\"admin\" \/>\n\t<meta name=\"twitter:label2\" content=\"Est. reading time\" \/>\n\t<meta name=\"twitter:data2\" content=\"4 minutes\" \/>\n<script type=\"application\/ld+json\" class=\"yoast-schema-graph\">{\"@context\":\"https:\/\/schema.org\",\"@graph\":[{\"@type\":\"WebPage\",\"@id\":\"https:\/\/akunq.net\/tr\/?p=28669\",\"url\":\"https:\/\/akunq.net\/tr\/?p=28669\",\"name\":\"MHP Grup Ba\u015fkanvekili Hala\u00e7o\u011flu: Erhan Tuncel Ermeni as\u0131ll\u0131d\u0131r - Bati Ermenistan Ve Bati Ermenileri Sorunlari Ara\u015ftirmalar Merkezi\",\"isPartOf\":{\"@id\":\"https:\/\/akunq.net\/tr\/#website\"},\"datePublished\":\"2014-03-04T07:35:51+00:00\",\"dateModified\":\"2014-03-04T07:36:20+00:00\",\"author\":{\"@id\":\"https:\/\/akunq.net\/tr\/#\/schema\/person\/096f1d38a12cce57fb855b485ed24c9e\"},\"breadcrumb\":{\"@id\":\"https:\/\/akunq.net\/tr\/?p=28669#breadcrumb\"},\"inLanguage\":\"en-US\",\"potentialAction\":[{\"@type\":\"ReadAction\",\"target\":[\"https:\/\/akunq.net\/tr\/?p=28669\"]}]},{\"@type\":\"BreadcrumbList\",\"@id\":\"https:\/\/akunq.net\/tr\/?p=28669#breadcrumb\",\"itemListElement\":[{\"@type\":\"ListItem\",\"position\":1,\"name\":\"Home\",\"item\":\"https:\/\/akunq.net\/tr\"},{\"@type\":\"ListItem\",\"position\":2,\"name\":\"MHP Grup Ba\u015fkanvekili Hala\u00e7o\u011flu: Erhan Tuncel Ermeni as\u0131ll\u0131d\u0131r\"}]},{\"@type\":\"WebSite\",\"@id\":\"https:\/\/akunq.net\/tr\/#website\",\"url\":\"https:\/\/akunq.net\/tr\/\",\"name\":\"Bati Ermenistan Ve Bati Ermenileri Sorunlari Ara\u015ftirmalar Merkezi\",\"description\":\"\",\"potentialAction\":[{\"@type\":\"SearchAction\",\"target\":{\"@type\":\"EntryPoint\",\"urlTemplate\":\"https:\/\/akunq.net\/tr\/?s={search_term_string}\"},\"query-input\":{\"@type\":\"PropertyValueSpecification\",\"valueRequired\":true,\"valueName\":\"search_term_string\"}}],\"inLanguage\":\"en-US\"},{\"@type\":\"Person\",\"@id\":\"https:\/\/akunq.net\/tr\/#\/schema\/person\/096f1d38a12cce57fb855b485ed24c9e\",\"name\":\"admin\",\"url\":\"https:\/\/akunq.net\/tr\/?author=7\"}]}<\/script>\n<!-- \/ Yoast SEO plugin. -->","yoast_head_json":{"title":"MHP Grup Ba\u015fkanvekili Hala\u00e7o\u011flu: Erhan Tuncel Ermeni as\u0131ll\u0131d\u0131r - Bati Ermenistan Ve Bati Ermenileri Sorunlari Ara\u015ftirmalar Merkezi","robots":{"index":"index","follow":"follow","max-snippet":"max-snippet:-1","max-image-preview":"max-image-preview:large","max-video-preview":"max-video-preview:-1"},"canonical":"https:\/\/akunq.net\/tr\/?p=28669","og_locale":"en_US","og_type":"article","og_title":"MHP Grup Ba\u015fkanvekili Hala\u00e7o\u011flu: Erhan Tuncel Ermeni as\u0131ll\u0131d\u0131r - Bati Ermenistan Ve Bati Ermenileri Sorunlari Ara\u015ftirmalar Merkezi","og_description":"MHP Grup Ba\u015fkanvekili Yusuf Hala\u00e7o\u011flu, Hrant Dink meselesinin \u00e7ok karma\u015f\u0131k bir mesele oldu\u011funu belirterek, &#8220;Onun \u00f6zellikle y\u00f6nlendiricisi olarak bug\u00fcn tutuklanm\u0131\u015f bulunan Erhan Tuncel, El\u00e2z\u0131\u011f&#8217;\u0131n Temte k\u00f6y\u00fcndendir ve Ermeni as\u0131ll\u0131d\u0131r. Dolay\u0131s\u0131yla asl\u0131nda bir Ermeni&#8217;nin \u00f6ld\u00fcr\u00fclmesinde bir Ermeni&#8217;nin rol ald\u0131\u011f\u0131n\u0131 da g\u00f6z \u00f6n\u00fcne almas\u0131 laz\u0131m herkesin.&#8221; dedi. T\u00fcrkiye B\u00fcy\u00fck Millet Meclisi (TBMM) Genel Kurulu&#8217;nda, kamuoyunda &#8216;Demokratikle\u015fme Paketi&#8217; [&hellip;]","og_url":"https:\/\/akunq.net\/tr\/?p=28669","og_site_name":"Bati Ermenistan Ve Bati Ermenileri Sorunlari Ara\u015ftirmalar Merkezi","article_published_time":"2014-03-04T07:35:51+00:00","article_modified_time":"2014-03-04T07:36:20+00:00","author":"admin","twitter_card":"summary_large_image","twitter_misc":{"Written by":"admin","Est. reading time":"4 minutes"},"schema":{"@context":"https:\/\/schema.org","@graph":[{"@type":"WebPage","@id":"https:\/\/akunq.net\/tr\/?p=28669","url":"https:\/\/akunq.net\/tr\/?p=28669","name":"MHP Grup Ba\u015fkanvekili Hala\u00e7o\u011flu: Erhan Tuncel Ermeni as\u0131ll\u0131d\u0131r - Bati Ermenistan Ve Bati Ermenileri Sorunlari Ara\u015ftirmalar Merkezi","isPartOf":{"@id":"https:\/\/akunq.net\/tr\/#website"},"datePublished":"2014-03-04T07:35:51+00:00","dateModified":"2014-03-04T07:36:20+00:00","author":{"@id":"https:\/\/akunq.net\/tr\/#\/schema\/person\/096f1d38a12cce57fb855b485ed24c9e"},"breadcrumb":{"@id":"https:\/\/akunq.net\/tr\/?p=28669#breadcrumb"},"inLanguage":"en-US","potentialAction":[{"@type":"ReadAction","target":["https:\/\/akunq.net\/tr\/?p=28669"]}]},{"@type":"BreadcrumbList","@id":"https:\/\/akunq.net\/tr\/?p=28669#breadcrumb","itemListElement":[{"@type":"ListItem","position":1,"name":"Home","item":"https:\/\/akunq.net\/tr"},{"@type":"ListItem","position":2,"name":"MHP Grup Ba\u015fkanvekili Hala\u00e7o\u011flu: Erhan Tuncel Ermeni as\u0131ll\u0131d\u0131r"}]},{"@type":"WebSite","@id":"https:\/\/akunq.net\/tr\/#website","url":"https:\/\/akunq.net\/tr\/","name":"Bati Ermenistan Ve Bati Ermenileri Sorunlari Ara\u015ftirmalar Merkezi","description":"","potentialAction":[{"@type":"SearchAction","target":{"@type":"EntryPoint","urlTemplate":"https:\/\/akunq.net\/tr\/?s={search_term_string}"},"query-input":{"@type":"PropertyValueSpecification","valueRequired":true,"valueName":"search_term_string"}}],"inLanguage":"en-US"},{"@type":"Person","@id":"https:\/\/akunq.net\/tr\/#\/schema\/person\/096f1d38a12cce57fb855b485ed24c9e","name":"admin","url":"https:\/\/akunq.net\/tr\/?author=7"}]}},"_links":{"self":[{"href":"https:\/\/akunq.net\/tr\/index.php?rest_route=\/wp\/v2\/posts\/28669","targetHints":{"allow":["GET"]}}],"collection":[{"href":"https:\/\/akunq.net\/tr\/index.php?rest_route=\/wp\/v2\/posts"}],"about":[{"href":"https:\/\/akunq.net\/tr\/index.php?rest_route=\/wp\/v2\/types\/post"}],"author":[{"embeddable":true,"href":"https:\/\/akunq.net\/tr\/index.php?rest_route=\/wp\/v2\/users\/7"}],"replies":[{"embeddable":true,"href":"https:\/\/akunq.net\/tr\/index.php?rest_route=%2Fwp%2Fv2%2Fcomments&post=28669"}],"version-history":[{"count":2,"href":"https:\/\/akunq.net\/tr\/index.php?rest_route=\/wp\/v2\/posts\/28669\/revisions"}],"predecessor-version":[{"id":28672,"href":"https:\/\/akunq.net\/tr\/index.php?rest_route=\/wp\/v2\/posts\/28669\/revisions\/28672"}],"wp:attachment":[{"href":"https:\/\/akunq.net\/tr\/index.php?rest_route=%2Fwp%2Fv2%2Fmedia&parent=28669"}],"wp:term":[{"taxonomy":"category","embeddable":true,"href":"https:\/\/akunq.net\/tr\/index.php?rest_route=%2Fwp%2Fv2%2Fcategories&post=28669"},{"taxonomy":"post_tag","embeddable":true,"href":"https:\/\/akunq.net\/tr\/index.php?rest_route=%2Fwp%2Fv2%2Ftags&post=28669"}],"curies":[{"name":"wp","href":"https:\/\/api.w.org\/{rel}","templated":true}]}}