{"id":28666,"date":"2014-03-03T03:01:54","date_gmt":"2014-03-03T08:01:54","guid":{"rendered":"http:\/\/akunq.net\/tr\/?p=28666"},"modified":"2014-03-03T03:01:54","modified_gmt":"2014-03-03T08:01:54","slug":"abdden-turkiyeye-hem-elestiri-hem-ovgu","status":"publish","type":"post","link":"https:\/\/akunq.net\/tr\/?p=28666","title":{"rendered":"ABD&#8217;den T\u00fcrkiye&#8217;ye hem ele\u015ftiri hem \u00f6vg\u00fc"},"content":{"rendered":"<h2 style=\"text-align: justify;\"><i><a href=\"http:\/\/akunq.net\/tr\/?attachment_id=28667\" rel=\"attachment wp-att-28667\"><img loading=\"lazy\" decoding=\"async\" class=\"alignright size-full wp-image-28667\" alt=\"\u0531\u0544\u0546 \u054a\u0565\u057f\u0584\u0561\u0580\u057f\u0578\u0582\u0572\u0561\u0580\u0578\u0582\u0569\u0575\u0578\u0582\u0576\" src=\"http:\/\/akunq.net\/tr\/wp-content\/uploads\/2014\/03\/\u0531\u0544\u0546-\u054a\u0565\u057f\u0584\u0561\u0580\u057f\u0578\u0582\u0572\u0561\u0580\u0578\u0582\u0569\u0575\u0578\u0582\u0576.jpg\" width=\"225\" height=\"225\" srcset=\"https:\/\/akunq.net\/tr\/wp-content\/uploads\/sites\/6\/2014\/03\/\u0531\u0544\u0546-\u054a\u0565\u057f\u0584\u0561\u0580\u057f\u0578\u0582\u0572\u0561\u0580\u0578\u0582\u0569\u0575\u0578\u0582\u0576.jpg 225w, https:\/\/akunq.net\/tr\/wp-content\/uploads\/sites\/6\/2014\/03\/\u0531\u0544\u0546-\u054a\u0565\u057f\u0584\u0561\u0580\u057f\u0578\u0582\u0572\u0561\u0580\u0578\u0582\u0569\u0575\u0578\u0582\u0576-150x150.jpg 150w\" sizes=\"auto, (max-width: 225px) 100vw, 225px\" \/><\/a>ABD D\u0131\u015fi\u015fleri Bakanl\u0131\u011f\u0131&#8217;n\u0131n 2013 \u0130nsan Haklar\u0131 Raporu a\u00e7\u0131kland\u0131.<\/i><\/h2>\n<p style=\"text-align: justify;\">Raporda 51 sayfa ayr\u0131lan T\u00fcrkiye&#8217;ye, Gezi Park\u0131 odakl\u0131 geli\u015fmeler, r\u00fc\u015fvet ve yolsuzluk iddialar\u0131 \u00fczerine ba\u015flat\u0131lan <a href=\"http:\/\/www.haberturk.com\/etiket\/17_aral\u0131k_operasyonu\">17 Aral\u0131k operasyonu<\/a> ve telefon dinlemeleri gibi konularda ele\u015ftiriler y\u00f6neltilirken, <a href=\"http:\/\/www.haberturk.com\/etiket\/suriye\">Suriye<\/a>li m\u00fcltecilere kucak a\u00e7mas\u0131 konusunda ise \u00f6vg\u00fc yap\u0131ld\u0131.<br \/>\n<a href=\"http:\/\/www.haberturk.com\/etiket\/abd\">ABD<\/a> D\u0131\u015fi\u015fleri Bakanl\u0131\u011f\u0131&#8217;n\u0131n &#8220;<a href=\"http:\/\/www.haberturk.com\/etiket\/2013_insan_haklar\u0131_raporu\">2013 \u0130nsan Haklar\u0131 Raporu<\/a>&#8220;nun T\u00fcrkiye b\u00f6l\u00fcm\u00fcnde, Gezi Park\u0131 odakl\u0131 geli\u015fmeler, r\u00fc\u015fvet ve yolsuzluk iddialar\u0131 \u00fczerine ba\u015flat\u0131lan <a href=\"http:\/\/www.haberturk.com\/etiket\/17_aral\u0131k_operasyonu\">17 Aral\u0131k operasyonu<\/a>, telefon dinlemeleri gibi konularda ele\u015ftiriler \u00f6n plana \u00e7\u0131karken, T\u00fcrkiye&#8217;nin <a href=\"http:\/\/www.haberturk.com\/etiket\/suriye\">Suriye<\/a>li m\u00fcltecilere y\u00f6nelik politikas\u0131ndan \u00f6vg\u00fcyle bahsedildi.<br \/>\nBakanl\u0131\u011f\u0131n her y\u0131l yay\u0131nlad\u0131\u011f\u0131 raporun T\u00fcrkiye b\u00f6l\u00fcm\u00fcn\u00fcn \u00f6zetinde, T\u00fcrkiye i\u00e7in, &#8220;\u00e7ok partili parlamenter sisteme ve s\u0131n\u0131rl\u0131 yetkileri olan bir Cumhurba\u015fkan\u0131na sahip anayasal bir cumhuriyet&#8221; tan\u0131mlamas\u0131 yap\u0131l\u0131rken, &#8220;g\u00f6zlemcilerce \u00f6zg\u00fcr ve adil olarak de\u011ferlendirilen 2011 genel se\u00e7imlerinde, <a href=\"http:\/\/www.haberturk.com\/etiket\/ak_parti\">AK Parti<\/a>&#8216;nin <a href=\"http:\/\/www.haberturk.com\/etiket\/ba\u015fbakan_recep_tayyip_erdo\u011fan\">Ba\u015fbakan Recep Tayyip Erdo\u011fan<\/a> y\u00f6netiminde parlamenter \u00e7o\u011funlu\u011fu olu\u015fturdu\u011fu&#8221; belirtildi.<br \/>\nRaporda, &#8220;sivil yetkililerin g\u00fcvenlik g\u00fc\u00e7leri \u00fczerindeki etkin kontrol\u00fcn\u00fc s\u00fcrd\u00fcrd\u00fc\u011f\u00fc, ancak g\u00fcvenlik g\u00fc\u00e7lerinin baz\u0131 unsurlar\u0131n\u0131n insan haklar\u0131 ihlalleri i\u015fledi\u011fi&#8221; kaydedildi.<br \/>\nT\u00fcrkiye&#8217;de y\u0131l i\u00e7erisindeki &#8220;en b\u00fcy\u00fck \u00e7aptaki insan haklar\u0131 ihlallerinin&#8221; 4 ana ba\u015fl\u0131kta s\u0131raland\u0131\u011f\u0131 raporda, &#8220;H\u00fck\u00fcmetin ifade ve toplanma \u00f6zg\u00fcrl\u00fc\u011f\u00fcne m\u00fcdahalesi&#8221; ba\u015fl\u0131\u011f\u0131 alt\u0131ndaki b\u00f6l\u00fcmde, &#8220;ceza kanunu ve ter\u00f6rle m\u00fccadele yasas\u0131n\u0131n ifade, bas\u0131n ve internet \u00f6zg\u00fcrl\u00fc\u011f\u00fcn\u00fc k\u0131s\u0131tlay\u0131c\u0131 birden \u00e7ok maddeyi i\u00e7erdi\u011fi&#8221; ifade edildi.<br \/>\nYetkililerin, &#8221;\u00e7ok say\u0131da gazeteciyi hapse att\u0131\u011f\u0131 ve bu gazetecilerin \u00e7o\u011funlu\u011funun ter\u00f6rle m\u00fccadele yasas\u0131 alt\u0131nda ya da yasad\u0131\u015f\u0131 bir \u00f6rg\u00fctle ba\u011flant\u0131l\u0131 olmakla su\u00e7land\u0131\u011f\u0131&#8221; belirtilen raporda, &#8220;oto sans\u00fcr\u00fcn yayg\u0131n oldu\u011fu, \u00e7\u00fcnk\u00fc bireylerin, devlet ya da h\u00fck\u00fcmeti ele\u015ftirmenin hukuk veya ceza davalar\u0131 ya da soru\u015fturmalar\u0131n a\u00e7\u0131lmas\u0131 sonucunu do\u011furmas\u0131 ihtimalinden korktuklar\u0131&#8221; ileri s\u00fcr\u00fcld\u00fc. Raporda, &#8220;h\u00fck\u00fcmetin baz\u0131 dini, siyasi ve K\u00fcrt milliyet\u00e7isi ya da k\u00fclt\u00fcrel bak\u0131\u015f a\u00e7\u0131lar\u0131na sempati besleyenleri taciz etti\u011fi ve kovu\u015fturdu\u011fu&#8221; \u00f6ne s\u00fcr\u00fcld\u00fc.<br \/>\nYetkililerin, protestolar\u0131 da\u011f\u0131tmak i\u00e7in &#8221;a\u015f\u0131r\u0131 g\u00fc\u00e7 kulland\u0131\u011f\u0131, g\u00f6steriler s\u0131ras\u0131nda aralar\u0131nda bir\u00e7ok gazeteci, akademisyen, avukat ve \u00f6\u011frencinin de oldu\u011fu binlerce ki\u015fiyi g\u00f6zalt\u0131na ald\u0131\u011f\u0131 ve bir\u00e7o\u011funu ter\u00f6rle m\u00fccadele yasas\u0131 alt\u0131nda su\u00e7lad\u0131\u011f\u0131&#8221; belirtilen raporda, &#8220;\u00d6zellikle not etmek gerekirse, yetkililer ge\u00e7en yaz Gezi Park\u0131 protestolar\u0131na kar\u015f\u0131l\u0131k verirken a\u015f\u0131r\u0131 g\u00fc\u00e7 kullanarak, 7 ki\u015finin hayat\u0131n\u0131 kaybetmesi dahil, kitlesel zayiata, ifade ve bas\u0131n \u00f6zg\u00fcrl\u00fc\u011f\u00fcn\u00fcn genel anlamda azalmas\u0131na yol a\u00e7t\u0131&#8221; ifadesi kullan\u0131ld\u0131.<br \/>\n&#8220;Kanunlar\u0131n uygulanmas\u0131 ve yarg\u0131 idaresi&#8221; ba\u015fl\u0131kl\u0131 b\u00f6l\u00fcmde de, &#8220;ter\u00f6rizm ve devlete y\u00f6nelik di\u011fer tehditlere kar\u015f\u0131 geni\u015f yasalar\u0131n ve bu t\u00fcrden davalar\u0131n kovu\u015fturma s\u00fcrecindeki \u015feffafl\u0131k eksikli\u011finin adalete eri\u015fimi k\u0131s\u0131tlad\u0131\u011f\u0131&#8221; ifade edilrken, &#8221;yarg\u0131 sisteminin siyasalla\u015ft\u0131\u011f\u0131 ve a\u015f\u0131r\u0131 y\u00fck y\u00fcklendi\u011fi&#8221; belirtildi.<br \/>\nRaporda, &#8220;yetkililerin, keyfi tutuklamalara giri\u015fmeye, duru\u015fma \u00f6ncesinde uzun ve s\u00fcresi belirsiz olarak g\u00f6zalt\u0131nda tutmaya, s\u00fcresi uzayan duru\u015fmalar y\u00fcr\u00fctmeye devam etti\u011fi&#8221; kaydedildi.<br \/>\n&#8220;Soru\u015fturmalar\u0131n gizlili\u011fine y\u00f6nelik talimatlar\u0131n, savunma makam\u0131n\u0131n delillere eri\u015fimini s\u0131n\u0131rlad\u0131\u011f\u0131 ve \u015f\u00fcpheliler i\u00e7in yarg\u0131sal korumalar\u0131n etkinli\u011fine dair kayg\u0131lar\u0131 art\u0131rd\u0131\u011f\u0131&#8221; ifade edilen raporda, &#8220;savc\u0131lar ve hakimler aras\u0131ndaki yak\u0131n ba\u011flar\u0131n, us\u00fcls\u00fczl\u00fck ve tarafl\u0131l\u0131k g\u00f6r\u00fcn\u00fcm\u00fc verdi\u011fi&#8221; belirtildi.<br \/>\nRaporda, &#8220;savc\u0131lara ve hakimlere sa\u011flanan geni\u015f yetkilerin, \u00f6zellikle de devlet g\u00fcvenli\u011fiyle alakal\u0131 kapsaml\u0131 soru\u015fturmalar s\u0131ras\u0131nda ceza kanunlar\u0131n\u0131n tutars\u0131z ve belirsiz \u015fekilde uygulanmas\u0131na sebep oldu\u011fu&#8221; kaydedildi. Raporda, &#8220;\u00d6zellikle de, kolluk kuvvetleri ve yarg\u0131, &#8217;17 Aral\u0131k yolsuzluk operasyonu ve onu takip eden skandal s\u0131ras\u0131nda&#8217; h\u00fck\u00fcmetin binlerce polis ve savc\u0131n\u0131n g\u00f6rev yerini de\u011fi\u015ftirmesiyle y\u00fcr\u00fctme organ\u0131n\u0131n etkisine maruz kald\u0131&#8221; ifadesi kullan\u0131ld\u0131.<br \/>\n&#8220;K\u0131r\u0131lgan n\u00fcfuslar\u0131n yetersiz korunmas\u0131&#8221; ba\u015fl\u0131kl\u0131 b\u00f6l\u00fcmde de, &#8220;h\u00fck\u00fcmetin, kad\u0131nlar, \u00e7ocuklar, e\u015fcinseller dahil olmak \u00fczere k\u0131r\u0131lgan n\u00fcfuslar\u0131 toplumsal suistimal, ayr\u0131mc\u0131l\u0131k ve \u015fiddete kar\u015f\u0131 etkin bi\u00e7imde korumad\u0131\u011f\u0131, namus cinayetleri dahil olmak \u00fczere kad\u0131nlara kar\u015f\u0131 \u015fiddetin \u00f6nemli bir sorun olmay\u0131 s\u00fcrd\u00fcrd\u00fc\u011f\u00fc ve \u00e7ocuk evliliklerinin devam etti\u011fi&#8221; belirtildi.<br \/>\n&#8220;Y\u0131l i\u00e7erisindeki di\u011fer insan haklar\u0131 problemleri&#8221; ba\u015fl\u0131kl\u0131 b\u00f6l\u00fcmde ise &#8220;g\u00fcvenlik g\u00fc\u00e7lerinin yasad\u0131\u015f\u0131 oldu\u011fu iddia edilen \u00f6ld\u00fcrmeleri, emniyet g\u00f6revlilerinin a\u015f\u0131r\u0131 g\u00fc\u00e7 kullan\u0131m\u0131 ve i\u015fkence iddialar\u0131, cezaevlerindeki kapasitenin \u00f6tesinde doluluk ve di\u011fer eksiklikler, dini az\u0131nl\u0131klarda oldu\u011fu gibi dini \u00f6zg\u00fcrl\u00fckler \u00fczerindeki k\u0131s\u0131tlamalar ve suistimaller, yolsuzluk ve \u00f6zellikle g\u00fcneydo\u011fuda olmak \u00fczere h\u00fck\u00fcmetin insan haklar\u0131 kurulu\u015flar\u0131 \u00fczerindeki k\u0131s\u0131tlamalar\u0131&#8221; ele\u015ftirileri s\u0131raland\u0131.<br \/>\nRaporda, &#8220;cezas\u0131z kalman\u0131n bir sorun olmay\u0131 s\u00fcrd\u00fcrd\u00fc\u011f\u00fc, h\u00fck\u00fcmetin g\u00fcvenlik g\u00fc\u00e7lerince k\u00f6t\u00fc muamele ve bunun yan\u0131nda h\u00fck\u00fcmetin di\u011fer kesimlerindeki yolsuzluk vakalar\u0131na dair raporlar\u0131 soru\u015fturdu\u011fu, ancak tutuklamalar ve kovu\u015fturmalar\u0131n say\u0131s\u0131n\u0131n d\u00fc\u015f\u00fck oldu\u011fu ve mahkumiyet kararlar\u0131na nadir rastland\u0131\u011f\u0131&#8221; kaydedildi.<br \/>\n&#8220;Kanunlar\u0131n, do\u011frudan uyu\u015fturucu trafi\u011fi, organize su\u00e7lar ve ter\u00f6ristlere y\u00f6nelik olarak, yarg\u0131 karar\u0131yla sadece \u00fclkenin telekomunikasyon kurumuna telefon dinlemeleri yapmas\u0131na izin verdi\u011fi&#8221; belirtilen raporda, ancak, \u201cyetkililer taraf\u0131ndan yasal ve yasal olmayan yollarla geni\u015f \u00e7apl\u0131 telefon dinlemeleri ve b\u00f6ceklerle dinlemeler yap\u0131ld\u0131\u011f\u0131na dair tahminlerin, ifade \u00f6zg\u00fcrl\u00fc\u011f\u00fc \u00fczerinde so\u011fuk du\u015f etkisi yaratt\u0131\u011f\u0131 ve insanlar\u0131 ev ve i\u015fyerlerinde kendi kendilerine sans\u00fcr uygulamaya y\u00f6nlendirdi\u011fi\u201d kaydedildi.<br \/>\nRaporda, \u201ctelefonlar\u0131n\u0131n yarg\u0131 karar\u0131 olmadan yasa d\u0131\u015f\u0131 yollarla dinlendi\u011fine dair bir\u00e7ok siyasi fig\u00fcr ve bireyin iddialar\u0131n\u0131n bulundu\u011fu\u201d belirtildi.<br \/>\nRaporda, T\u00fcrk h\u00fck\u00fcmetinin, 3 y\u0131ld\u0131r devam eden i\u00e7 sava\u015f nedeniyle \u00fclkelerinden kopar\u0131lan ve m\u00fclteci konumuna d\u00fc\u015fen <a href=\"http:\/\/www.haberturk.com\/etiket\/suriye\">Suriye<\/a>lilerin ihtiya\u00e7lar\u0131n\u0131 kar\u015f\u0131lama konusunda etkili davrand\u0131\u011f\u0131 \u00f6vg\u00fcs\u00fc yap\u0131ld\u0131.<br \/>\nT\u00fcrkiye\u2019nin, \u00fclkedeki 21 kamp\u0131n in\u015fas\u0131 ve idaresi ba\u015fta olmak \u00fczere, <a href=\"http:\/\/www.haberturk.com\/etiket\/suriye\">Suriye<\/a>lilere yard\u0131m konusunda yakla\u015f\u0131k 2 milyar dolar harcad\u0131\u011f\u0131 ifade edilen a\u00e7\u0131klamada, T\u00fcrkiye\u2019nin Kas\u0131m 2013 itibariyle, 200 bini kamplarda olmak \u00fczere, yakla\u015f\u0131k 600 bin <a href=\"http:\/\/www.haberturk.com\/etiket\/suriye\">Suriye<\/a> vatanda\u015f\u0131na koruma stat\u00fcs\u00fc ve yard\u0131m verdi\u011fi bildirildi.<br \/>\nRaporda, \u201cg\u00f6zlemciler, bu kamplardaki yard\u0131mlar\u0131n d\u00fczeyinin, uluslararas\u0131 standartlar\u0131n da \u00fczerinde oldu\u011funu belirtiyor\u201d ifadesine yer verildi.<\/p>\n<p style=\"text-align: justify;\"><a href=\"http:\/\/www.haberturk.com\/etiket\/suriye\"><b>SUR\u0130YE<\/b><\/a><strong> 2013 YILINDA EN K\u00d6T\u00dc \u0130NSAN HAKLARI \u0130HLALLER\u0130N\u0130N YA\u015eANDI\u011eI \u00dcLKE<\/strong><br \/>\nRaporun genel bak\u0131\u015f b\u00f6l\u00fcm\u00fcnde, son 12 ayda, \u201ch\u00fck\u00fcmetlerin sivil toplum ile toplanma ve dernek kurma \u00f6zg\u00fcrl\u00fcklerine y\u00f6nelik devam eden bask\u0131lar\u0131\u201d, \u201cbas\u0131n ve ifade \u00f6zg\u00fcrl\u00fc\u011f\u00fcne y\u00f6nelik artan k\u0131s\u0131tlamalar\u201d, \u201cg\u00fcvenlik g\u00fc\u00e7lerinin g\u00f6revlerini k\u00f6t\u00fcye kullanmaktan sorumlu tutulmalar\u0131na dair a\u00e7\u0131klar\u201d, \u201ci\u015f\u00e7i haklar\u0131n\u0131n etkili korunmas\u0131ndaki eksiklikler\u201d ve \u201ck\u0131r\u0131lgan gruplar\u0131n marjinalle\u015ftirilmesi\u201d olmak \u00fczere \u00f6zellikle 5 alanda insan haklar\u0131na y\u00f6nelik geli\u015fmelerin ya\u015fand\u0131\u011f\u0131 kaydedildi.<br \/>\nSuriye rejiminin, 21 A\u011fustos 2013 tarihinde halk\u0131na kar\u015f\u0131 kimyasal silah kullanmas\u0131 anlat\u0131larak ba\u015flanan raporda, bunun \u201con y\u0131llard\u0131r ya\u015fanan en \u00f6l\u00fcmc\u00fcl kimyasal silahl\u0131 sald\u0131r\u0131\u201d oldu\u011fu belirtildi. Raporda, Suriye, 2013 y\u0131l\u0131nda en k\u00f6t\u00fc insan haklar\u0131 ihlallerinin ya\u015fand\u0131\u011f\u0131 \u00fclke olarak g\u00f6sterildi.<br \/>\nBunun yan\u0131nda, raporda, Banglade\u015f\u2019te 8 katl\u0131 bir binan\u0131n \u00e7\u00f6kmesi sonucu ya\u015fanan trajedi, \u201cson d\u00f6nemlerde d\u00fcnyada giyim end\u00fcstrisinde ya\u015fanan en k\u00f6t\u00fc trajedi\u201d olarak tan\u0131mlan\u0131rken, &#8220;M\u0131s\u0131r\u2019da, A\u011fustos ay\u0131nda g\u00fcvenlik g\u00fc\u00e7lerinin Rabia Meydan\u0131&#8217;ndaki oturma eylemlerini bozmaya \u00e7al\u0131\u015f\u0131rken yakla\u015f\u0131k 600-900 protestocuyu \u00f6ld\u00fcrmesinin de 2013 y\u0131l\u0131nda protestolar\u0131 da\u011f\u0131tmadaki en \u015fiddet i\u00e7eren m\u00fcdahale\u201d oldu\u011fu vurguland\u0131.<\/p>\n<p style=\"text-align: justify;\"><strong><i>(AA)<\/i><\/strong><\/p>\n<p style=\"text-align: justify;\"><b><i>http:\/\/www.haberturk.com\/dunya\/haber\/925443-abdden-turkiyeye-hem-elestiri-hem-ovgu<\/i><\/b><\/p>\n","protected":false},"excerpt":{"rendered":"<p>ABD D\u0131\u015fi\u015fleri Bakanl\u0131\u011f\u0131&#8217;n\u0131n 2013 \u0130nsan Haklar\u0131 Raporu a\u00e7\u0131kland\u0131. Raporda 51 sayfa ayr\u0131lan T\u00fcrkiye&#8217;ye, Gezi Park\u0131 odakl\u0131 geli\u015fmeler, r\u00fc\u015fvet ve yolsuzluk iddialar\u0131 \u00fczerine ba\u015flat\u0131lan 17 Aral\u0131k operasyonu ve telefon dinlemeleri gibi konularda ele\u015ftiriler y\u00f6neltilirken, Suriyeli m\u00fcltecilere kucak a\u00e7mas\u0131 konusunda ise \u00f6vg\u00fc yap\u0131ld\u0131. ABD D\u0131\u015fi\u015fleri Bakanl\u0131\u011f\u0131&#8217;n\u0131n &#8220;2013 \u0130nsan Haklar\u0131 Raporu&#8220;nun T\u00fcrkiye b\u00f6l\u00fcm\u00fcnde, Gezi Park\u0131 odakl\u0131 geli\u015fmeler, r\u00fc\u015fvet [&hellip;]<\/p>\n","protected":false},"author":7,"featured_media":0,"comment_status":"open","ping_status":"open","sticky":false,"template":"","format":"standard","meta":{"footnotes":""},"categories":[1],"tags":[],"class_list":["post-28666","post","type-post","status-publish","format-standard","hentry","category-haberler"],"yoast_head":"<!-- This site is optimized with the Yoast SEO plugin v26.6 - https:\/\/yoast.com\/wordpress\/plugins\/seo\/ -->\n<title>ABD&#039;den T\u00fcrkiye&#039;ye hem ele\u015ftiri hem \u00f6vg\u00fc - Bati Ermenistan Ve Bati Ermenileri Sorunlari Ara\u015ftirmalar Merkezi<\/title>\n<meta name=\"robots\" content=\"index, follow, max-snippet:-1, max-image-preview:large, max-video-preview:-1\" \/>\n<link rel=\"canonical\" href=\"https:\/\/akunq.net\/tr\/?p=28666\" \/>\n<meta property=\"og:locale\" content=\"en_US\" \/>\n<meta property=\"og:type\" content=\"article\" \/>\n<meta property=\"og:title\" content=\"ABD&#039;den T\u00fcrkiye&#039;ye hem ele\u015ftiri hem \u00f6vg\u00fc - Bati Ermenistan Ve Bati Ermenileri Sorunlari Ara\u015ftirmalar Merkezi\" \/>\n<meta property=\"og:description\" content=\"ABD D\u0131\u015fi\u015fleri Bakanl\u0131\u011f\u0131&#8217;n\u0131n 2013 \u0130nsan Haklar\u0131 Raporu a\u00e7\u0131kland\u0131. Raporda 51 sayfa ayr\u0131lan T\u00fcrkiye&#8217;ye, Gezi Park\u0131 odakl\u0131 geli\u015fmeler, r\u00fc\u015fvet ve yolsuzluk iddialar\u0131 \u00fczerine ba\u015flat\u0131lan 17 Aral\u0131k operasyonu ve telefon dinlemeleri gibi konularda ele\u015ftiriler y\u00f6neltilirken, Suriyeli m\u00fcltecilere kucak a\u00e7mas\u0131 konusunda ise \u00f6vg\u00fc yap\u0131ld\u0131. ABD D\u0131\u015fi\u015fleri Bakanl\u0131\u011f\u0131&#8217;n\u0131n &#8220;2013 \u0130nsan Haklar\u0131 Raporu&#8220;nun T\u00fcrkiye b\u00f6l\u00fcm\u00fcnde, Gezi Park\u0131 odakl\u0131 geli\u015fmeler, r\u00fc\u015fvet [&hellip;]\" \/>\n<meta property=\"og:url\" content=\"https:\/\/akunq.net\/tr\/?p=28666\" \/>\n<meta property=\"og:site_name\" content=\"Bati Ermenistan Ve Bati Ermenileri Sorunlari Ara\u015ftirmalar Merkezi\" \/>\n<meta property=\"article:published_time\" content=\"2014-03-03T08:01:54+00:00\" \/>\n<meta name=\"author\" content=\"admin\" \/>\n<meta name=\"twitter:card\" content=\"summary_large_image\" \/>\n<meta name=\"twitter:label1\" content=\"Written by\" \/>\n\t<meta name=\"twitter:data1\" content=\"admin\" \/>\n\t<meta name=\"twitter:label2\" content=\"Est. reading time\" \/>\n\t<meta name=\"twitter:data2\" content=\"7 minutes\" \/>\n<script type=\"application\/ld+json\" class=\"yoast-schema-graph\">{\"@context\":\"https:\/\/schema.org\",\"@graph\":[{\"@type\":\"WebPage\",\"@id\":\"https:\/\/akunq.net\/tr\/?p=28666\",\"url\":\"https:\/\/akunq.net\/tr\/?p=28666\",\"name\":\"ABD'den T\u00fcrkiye'ye hem ele\u015ftiri hem \u00f6vg\u00fc - Bati Ermenistan Ve Bati Ermenileri Sorunlari Ara\u015ftirmalar Merkezi\",\"isPartOf\":{\"@id\":\"https:\/\/akunq.net\/tr\/#website\"},\"datePublished\":\"2014-03-03T08:01:54+00:00\",\"author\":{\"@id\":\"https:\/\/akunq.net\/tr\/#\/schema\/person\/096f1d38a12cce57fb855b485ed24c9e\"},\"breadcrumb\":{\"@id\":\"https:\/\/akunq.net\/tr\/?p=28666#breadcrumb\"},\"inLanguage\":\"en-US\",\"potentialAction\":[{\"@type\":\"ReadAction\",\"target\":[\"https:\/\/akunq.net\/tr\/?p=28666\"]}]},{\"@type\":\"BreadcrumbList\",\"@id\":\"https:\/\/akunq.net\/tr\/?p=28666#breadcrumb\",\"itemListElement\":[{\"@type\":\"ListItem\",\"position\":1,\"name\":\"Home\",\"item\":\"https:\/\/akunq.net\/tr\"},{\"@type\":\"ListItem\",\"position\":2,\"name\":\"ABD&#8217;den T\u00fcrkiye&#8217;ye hem ele\u015ftiri hem \u00f6vg\u00fc\"}]},{\"@type\":\"WebSite\",\"@id\":\"https:\/\/akunq.net\/tr\/#website\",\"url\":\"https:\/\/akunq.net\/tr\/\",\"name\":\"Bati Ermenistan Ve Bati Ermenileri Sorunlari Ara\u015ftirmalar Merkezi\",\"description\":\"\",\"potentialAction\":[{\"@type\":\"SearchAction\",\"target\":{\"@type\":\"EntryPoint\",\"urlTemplate\":\"https:\/\/akunq.net\/tr\/?s={search_term_string}\"},\"query-input\":{\"@type\":\"PropertyValueSpecification\",\"valueRequired\":true,\"valueName\":\"search_term_string\"}}],\"inLanguage\":\"en-US\"},{\"@type\":\"Person\",\"@id\":\"https:\/\/akunq.net\/tr\/#\/schema\/person\/096f1d38a12cce57fb855b485ed24c9e\",\"name\":\"admin\",\"url\":\"https:\/\/akunq.net\/tr\/?author=7\"}]}<\/script>\n<!-- \/ Yoast SEO plugin. -->","yoast_head_json":{"title":"ABD'den T\u00fcrkiye'ye hem ele\u015ftiri hem \u00f6vg\u00fc - Bati Ermenistan Ve Bati Ermenileri Sorunlari Ara\u015ftirmalar Merkezi","robots":{"index":"index","follow":"follow","max-snippet":"max-snippet:-1","max-image-preview":"max-image-preview:large","max-video-preview":"max-video-preview:-1"},"canonical":"https:\/\/akunq.net\/tr\/?p=28666","og_locale":"en_US","og_type":"article","og_title":"ABD'den T\u00fcrkiye'ye hem ele\u015ftiri hem \u00f6vg\u00fc - Bati Ermenistan Ve Bati Ermenileri Sorunlari Ara\u015ftirmalar Merkezi","og_description":"ABD D\u0131\u015fi\u015fleri Bakanl\u0131\u011f\u0131&#8217;n\u0131n 2013 \u0130nsan Haklar\u0131 Raporu a\u00e7\u0131kland\u0131. Raporda 51 sayfa ayr\u0131lan T\u00fcrkiye&#8217;ye, Gezi Park\u0131 odakl\u0131 geli\u015fmeler, r\u00fc\u015fvet ve yolsuzluk iddialar\u0131 \u00fczerine ba\u015flat\u0131lan 17 Aral\u0131k operasyonu ve telefon dinlemeleri gibi konularda ele\u015ftiriler y\u00f6neltilirken, Suriyeli m\u00fcltecilere kucak a\u00e7mas\u0131 konusunda ise \u00f6vg\u00fc yap\u0131ld\u0131. ABD D\u0131\u015fi\u015fleri Bakanl\u0131\u011f\u0131&#8217;n\u0131n &#8220;2013 \u0130nsan Haklar\u0131 Raporu&#8220;nun T\u00fcrkiye b\u00f6l\u00fcm\u00fcnde, Gezi Park\u0131 odakl\u0131 geli\u015fmeler, r\u00fc\u015fvet [&hellip;]","og_url":"https:\/\/akunq.net\/tr\/?p=28666","og_site_name":"Bati Ermenistan Ve Bati Ermenileri Sorunlari Ara\u015ftirmalar Merkezi","article_published_time":"2014-03-03T08:01:54+00:00","author":"admin","twitter_card":"summary_large_image","twitter_misc":{"Written by":"admin","Est. reading time":"7 minutes"},"schema":{"@context":"https:\/\/schema.org","@graph":[{"@type":"WebPage","@id":"https:\/\/akunq.net\/tr\/?p=28666","url":"https:\/\/akunq.net\/tr\/?p=28666","name":"ABD'den T\u00fcrkiye'ye hem ele\u015ftiri hem \u00f6vg\u00fc - Bati Ermenistan Ve Bati Ermenileri Sorunlari Ara\u015ftirmalar Merkezi","isPartOf":{"@id":"https:\/\/akunq.net\/tr\/#website"},"datePublished":"2014-03-03T08:01:54+00:00","author":{"@id":"https:\/\/akunq.net\/tr\/#\/schema\/person\/096f1d38a12cce57fb855b485ed24c9e"},"breadcrumb":{"@id":"https:\/\/akunq.net\/tr\/?p=28666#breadcrumb"},"inLanguage":"en-US","potentialAction":[{"@type":"ReadAction","target":["https:\/\/akunq.net\/tr\/?p=28666"]}]},{"@type":"BreadcrumbList","@id":"https:\/\/akunq.net\/tr\/?p=28666#breadcrumb","itemListElement":[{"@type":"ListItem","position":1,"name":"Home","item":"https:\/\/akunq.net\/tr"},{"@type":"ListItem","position":2,"name":"ABD&#8217;den T\u00fcrkiye&#8217;ye hem ele\u015ftiri hem \u00f6vg\u00fc"}]},{"@type":"WebSite","@id":"https:\/\/akunq.net\/tr\/#website","url":"https:\/\/akunq.net\/tr\/","name":"Bati Ermenistan Ve Bati Ermenileri Sorunlari Ara\u015ftirmalar Merkezi","description":"","potentialAction":[{"@type":"SearchAction","target":{"@type":"EntryPoint","urlTemplate":"https:\/\/akunq.net\/tr\/?s={search_term_string}"},"query-input":{"@type":"PropertyValueSpecification","valueRequired":true,"valueName":"search_term_string"}}],"inLanguage":"en-US"},{"@type":"Person","@id":"https:\/\/akunq.net\/tr\/#\/schema\/person\/096f1d38a12cce57fb855b485ed24c9e","name":"admin","url":"https:\/\/akunq.net\/tr\/?author=7"}]}},"_links":{"self":[{"href":"https:\/\/akunq.net\/tr\/index.php?rest_route=\/wp\/v2\/posts\/28666","targetHints":{"allow":["GET"]}}],"collection":[{"href":"https:\/\/akunq.net\/tr\/index.php?rest_route=\/wp\/v2\/posts"}],"about":[{"href":"https:\/\/akunq.net\/tr\/index.php?rest_route=\/wp\/v2\/types\/post"}],"author":[{"embeddable":true,"href":"https:\/\/akunq.net\/tr\/index.php?rest_route=\/wp\/v2\/users\/7"}],"replies":[{"embeddable":true,"href":"https:\/\/akunq.net\/tr\/index.php?rest_route=%2Fwp%2Fv2%2Fcomments&post=28666"}],"version-history":[{"count":1,"href":"https:\/\/akunq.net\/tr\/index.php?rest_route=\/wp\/v2\/posts\/28666\/revisions"}],"predecessor-version":[{"id":28668,"href":"https:\/\/akunq.net\/tr\/index.php?rest_route=\/wp\/v2\/posts\/28666\/revisions\/28668"}],"wp:attachment":[{"href":"https:\/\/akunq.net\/tr\/index.php?rest_route=%2Fwp%2Fv2%2Fmedia&parent=28666"}],"wp:term":[{"taxonomy":"category","embeddable":true,"href":"https:\/\/akunq.net\/tr\/index.php?rest_route=%2Fwp%2Fv2%2Fcategories&post=28666"},{"taxonomy":"post_tag","embeddable":true,"href":"https:\/\/akunq.net\/tr\/index.php?rest_route=%2Fwp%2Fv2%2Ftags&post=28666"}],"curies":[{"name":"wp","href":"https:\/\/api.w.org\/{rel}","templated":true}]}}