{"id":28663,"date":"2014-03-03T02:49:21","date_gmt":"2014-03-03T07:49:21","guid":{"rendered":"http:\/\/akunq.net\/tr\/?p=28663"},"modified":"2014-03-03T02:49:21","modified_gmt":"2014-03-03T07:49:21","slug":"davutoglu-kirim-liderlerinden-kirimoglu-ile-gorustu","status":"publish","type":"post","link":"https:\/\/akunq.net\/tr\/?p=28663","title":{"rendered":"Davuto\u011flu K\u0131r\u0131m liderlerinden K\u0131r\u0131mo\u011flu ile g\u00f6r\u00fc\u015ft\u00fc"},"content":{"rendered":"<p style=\"text-align: justify;\"><b><i><a href=\"http:\/\/akunq.net\/tr\/?attachment_id=28664\" rel=\"attachment wp-att-28664\"><img loading=\"lazy\" decoding=\"async\" class=\"alignright size-medium wp-image-28664\" alt=\"Davuto\u011flu K\u0131r\u0131m liderleri\" src=\"http:\/\/akunq.net\/tr\/wp-content\/uploads\/2014\/03\/Davuto\u011flu-K\u0131r\u0131m-liderleri-300x203.jpg\" width=\"300\" height=\"203\" srcset=\"https:\/\/akunq.net\/tr\/wp-content\/uploads\/sites\/6\/2014\/03\/Davuto\u011flu-K\u0131r\u0131m-liderleri-300x203.jpg 300w, https:\/\/akunq.net\/tr\/wp-content\/uploads\/sites\/6\/2014\/03\/Davuto\u011flu-K\u0131r\u0131m-liderleri-600x407.jpg 600w, https:\/\/akunq.net\/tr\/wp-content\/uploads\/sites\/6\/2014\/03\/Davuto\u011flu-K\u0131r\u0131m-liderleri.jpg 625w\" sizes=\"auto, (max-width: 300px) 100vw, 300px\" \/><\/a><a href=\"http:\/\/www.aa.com.tr\/tr\/mod\/tag\/disisleri-bakani\">D\u0131\u015fi\u015fleri Bakan\u0131<\/a><\/i><\/b><b><i> Ahmet Davuto\u011flu, \u00e7al\u0131\u015fma ziyareti \u00e7er\u00e7evesinde\u00a0Ukrayna&#8217;n\u0131n ba\u015fkenti Kiev&#8217;e geldi.<\/i><\/b><\/p>\n<p style=\"text-align: justify;\">Bulgaristan&#8217;daki temaslar\u0131n\u0131n ard\u0131ndan\u00a0Ukrayna&#8217;ya\u00a0ge\u00e7en Davuto\u011flu, T\u00fcrkiye&#8217;nin Kiev B\u00fcy\u00fckel\u00e7ili\u011fi Rezidans\u0131nda\u00a0K\u0131r\u0131m Tatar Milli Meclisi eski Ba\u015fkan\u0131, Ukrayna Milletvekili Mustafa Abd\u00fclcemil K\u0131r\u0131mo\u011flu&#8217;yu kabul etti.<\/p>\n<p style=\"text-align: justify;\">G\u00f6r\u00fc\u015fmede K\u0131r\u0131mo\u011flu, son olarak K\u0131r\u0131m&#8217;da meydana gelen olaylarla ilgili Davuto\u011flu&#8217;na bilgi verdi. G\u00f6r\u00fc\u015fme s\u0131ras\u0131nda, K\u0131r\u0131m&#8217;daki olaylar ve b\u00f6lgedeki son durum da ele al\u0131nd\u0131.<\/p>\n<p style=\"text-align: justify;\">Davuto\u011flu&#8217;nun, iki g\u00fcnl\u00fck ziyareti \u00e7er\u00e7evesinde, Ukrayna D\u0131\u015fi\u015fleri Bakan Vekili Andriy De\u015f\u00e7itsa ile g\u00f6r\u00fc\u015fmesi, ayr\u0131ca Ukrayna Devlet Ba\u015fkan Vekili ve Parlamento Ba\u015fkan\u0131 Oleksandr Tur\u00e7inov ile Ba\u015fbakan Arseniy Yatsenyuk taraf\u0131ndan kabul edilmesi \u00f6ng\u00f6r\u00fcl\u00fcyor.<\/p>\n<p style=\"text-align: justify;\"><a href=\"http:\/\/www.aa.com.tr\/tr\/mod\/tag\/disisleri-bakani\">D\u0131\u015fi\u015fleri Bakan\u0131<\/a> Davuto\u011flu&#8217;nun, Kiev&#8217;deki temaslar\u0131 \u00e7er\u00e7evesinde ayr\u0131ca\u00a0h\u00fck\u00fcmette yer almayan siyasi partilerin temsilcileriyle\u00a0bir araya gelmesi de planlan\u0131yor.<\/p>\n<p style=\"text-align: justify;\"><b><i>Muhabir:\u00a0Bahtiyar Abdukerimov<\/i><\/b><\/p>\n<p style=\"text-align: justify;\"><b><i>http:\/\/www.aa.com.tr\/tr\/dunya\/294993&#8211;disisleri-bakani-davutoglu-ukraynada<\/i><\/b><\/p>\n","protected":false},"excerpt":{"rendered":"<p>D\u0131\u015fi\u015fleri Bakan\u0131 Ahmet Davuto\u011flu, \u00e7al\u0131\u015fma ziyareti \u00e7er\u00e7evesinde\u00a0Ukrayna&#8217;n\u0131n ba\u015fkenti Kiev&#8217;e geldi. Bulgaristan&#8217;daki temaslar\u0131n\u0131n ard\u0131ndan\u00a0Ukrayna&#8217;ya\u00a0ge\u00e7en Davuto\u011flu, T\u00fcrkiye&#8217;nin Kiev B\u00fcy\u00fckel\u00e7ili\u011fi Rezidans\u0131nda\u00a0K\u0131r\u0131m Tatar Milli Meclisi eski Ba\u015fkan\u0131, Ukrayna Milletvekili Mustafa Abd\u00fclcemil K\u0131r\u0131mo\u011flu&#8217;yu kabul etti. G\u00f6r\u00fc\u015fmede K\u0131r\u0131mo\u011flu, son olarak K\u0131r\u0131m&#8217;da meydana gelen olaylarla ilgili Davuto\u011flu&#8217;na bilgi verdi. G\u00f6r\u00fc\u015fme s\u0131ras\u0131nda, K\u0131r\u0131m&#8217;daki olaylar ve b\u00f6lgedeki son durum da ele al\u0131nd\u0131. Davuto\u011flu&#8217;nun, iki [&hellip;]<\/p>\n","protected":false},"author":7,"featured_media":0,"comment_status":"open","ping_status":"open","sticky":false,"template":"","format":"standard","meta":{"footnotes":""},"categories":[1],"tags":[],"class_list":["post-28663","post","type-post","status-publish","format-standard","hentry","category-haberler"],"yoast_head":"<!-- This site is optimized with the Yoast SEO plugin v26.6 - https:\/\/yoast.com\/wordpress\/plugins\/seo\/ -->\n<title>Davuto\u011flu K\u0131r\u0131m liderlerinden K\u0131r\u0131mo\u011flu ile g\u00f6r\u00fc\u015ft\u00fc - Bati Ermenistan Ve Bati Ermenileri Sorunlari Ara\u015ftirmalar Merkezi<\/title>\n<meta name=\"robots\" content=\"index, follow, max-snippet:-1, max-image-preview:large, max-video-preview:-1\" \/>\n<link rel=\"canonical\" href=\"https:\/\/akunq.net\/tr\/?p=28663\" \/>\n<meta property=\"og:locale\" content=\"en_US\" \/>\n<meta property=\"og:type\" content=\"article\" \/>\n<meta property=\"og:title\" content=\"Davuto\u011flu K\u0131r\u0131m liderlerinden K\u0131r\u0131mo\u011flu ile g\u00f6r\u00fc\u015ft\u00fc - Bati Ermenistan Ve Bati Ermenileri Sorunlari Ara\u015ftirmalar Merkezi\" \/>\n<meta property=\"og:description\" content=\"D\u0131\u015fi\u015fleri Bakan\u0131 Ahmet Davuto\u011flu, \u00e7al\u0131\u015fma ziyareti \u00e7er\u00e7evesinde\u00a0Ukrayna&#8217;n\u0131n ba\u015fkenti Kiev&#8217;e geldi. Bulgaristan&#8217;daki temaslar\u0131n\u0131n ard\u0131ndan\u00a0Ukrayna&#8217;ya\u00a0ge\u00e7en Davuto\u011flu, T\u00fcrkiye&#8217;nin Kiev B\u00fcy\u00fckel\u00e7ili\u011fi Rezidans\u0131nda\u00a0K\u0131r\u0131m Tatar Milli Meclisi eski Ba\u015fkan\u0131, Ukrayna Milletvekili Mustafa Abd\u00fclcemil K\u0131r\u0131mo\u011flu&#8217;yu kabul etti. G\u00f6r\u00fc\u015fmede K\u0131r\u0131mo\u011flu, son olarak K\u0131r\u0131m&#8217;da meydana gelen olaylarla ilgili Davuto\u011flu&#8217;na bilgi verdi. G\u00f6r\u00fc\u015fme s\u0131ras\u0131nda, K\u0131r\u0131m&#8217;daki olaylar ve b\u00f6lgedeki son durum da ele al\u0131nd\u0131. Davuto\u011flu&#8217;nun, iki [&hellip;]\" \/>\n<meta property=\"og:url\" content=\"https:\/\/akunq.net\/tr\/?p=28663\" \/>\n<meta property=\"og:site_name\" content=\"Bati Ermenistan Ve Bati Ermenileri Sorunlari Ara\u015ftirmalar Merkezi\" \/>\n<meta property=\"article:published_time\" content=\"2014-03-03T07:49:21+00:00\" \/>\n<meta name=\"author\" content=\"admin\" \/>\n<meta name=\"twitter:card\" content=\"summary_large_image\" \/>\n<meta name=\"twitter:label1\" content=\"Written by\" \/>\n\t<meta name=\"twitter:data1\" content=\"admin\" \/>\n\t<meta name=\"twitter:label2\" content=\"Est. reading time\" \/>\n\t<meta name=\"twitter:data2\" content=\"1 minute\" \/>\n<script type=\"application\/ld+json\" class=\"yoast-schema-graph\">{\"@context\":\"https:\/\/schema.org\",\"@graph\":[{\"@type\":\"WebPage\",\"@id\":\"https:\/\/akunq.net\/tr\/?p=28663\",\"url\":\"https:\/\/akunq.net\/tr\/?p=28663\",\"name\":\"Davuto\u011flu K\u0131r\u0131m liderlerinden K\u0131r\u0131mo\u011flu ile g\u00f6r\u00fc\u015ft\u00fc - Bati Ermenistan Ve Bati Ermenileri Sorunlari Ara\u015ftirmalar Merkezi\",\"isPartOf\":{\"@id\":\"https:\/\/akunq.net\/tr\/#website\"},\"datePublished\":\"2014-03-03T07:49:21+00:00\",\"author\":{\"@id\":\"https:\/\/akunq.net\/tr\/#\/schema\/person\/096f1d38a12cce57fb855b485ed24c9e\"},\"breadcrumb\":{\"@id\":\"https:\/\/akunq.net\/tr\/?p=28663#breadcrumb\"},\"inLanguage\":\"en-US\",\"potentialAction\":[{\"@type\":\"ReadAction\",\"target\":[\"https:\/\/akunq.net\/tr\/?p=28663\"]}]},{\"@type\":\"BreadcrumbList\",\"@id\":\"https:\/\/akunq.net\/tr\/?p=28663#breadcrumb\",\"itemListElement\":[{\"@type\":\"ListItem\",\"position\":1,\"name\":\"Home\",\"item\":\"https:\/\/akunq.net\/tr\"},{\"@type\":\"ListItem\",\"position\":2,\"name\":\"Davuto\u011flu K\u0131r\u0131m liderlerinden K\u0131r\u0131mo\u011flu ile g\u00f6r\u00fc\u015ft\u00fc\"}]},{\"@type\":\"WebSite\",\"@id\":\"https:\/\/akunq.net\/tr\/#website\",\"url\":\"https:\/\/akunq.net\/tr\/\",\"name\":\"Bati Ermenistan Ve Bati Ermenileri Sorunlari Ara\u015ftirmalar Merkezi\",\"description\":\"\",\"potentialAction\":[{\"@type\":\"SearchAction\",\"target\":{\"@type\":\"EntryPoint\",\"urlTemplate\":\"https:\/\/akunq.net\/tr\/?s={search_term_string}\"},\"query-input\":{\"@type\":\"PropertyValueSpecification\",\"valueRequired\":true,\"valueName\":\"search_term_string\"}}],\"inLanguage\":\"en-US\"},{\"@type\":\"Person\",\"@id\":\"https:\/\/akunq.net\/tr\/#\/schema\/person\/096f1d38a12cce57fb855b485ed24c9e\",\"name\":\"admin\",\"url\":\"https:\/\/akunq.net\/tr\/?author=7\"}]}<\/script>\n<!-- \/ Yoast SEO plugin. -->","yoast_head_json":{"title":"Davuto\u011flu K\u0131r\u0131m liderlerinden K\u0131r\u0131mo\u011flu ile g\u00f6r\u00fc\u015ft\u00fc - Bati Ermenistan Ve Bati Ermenileri Sorunlari Ara\u015ftirmalar Merkezi","robots":{"index":"index","follow":"follow","max-snippet":"max-snippet:-1","max-image-preview":"max-image-preview:large","max-video-preview":"max-video-preview:-1"},"canonical":"https:\/\/akunq.net\/tr\/?p=28663","og_locale":"en_US","og_type":"article","og_title":"Davuto\u011flu K\u0131r\u0131m liderlerinden K\u0131r\u0131mo\u011flu ile g\u00f6r\u00fc\u015ft\u00fc - Bati Ermenistan Ve Bati Ermenileri Sorunlari Ara\u015ftirmalar Merkezi","og_description":"D\u0131\u015fi\u015fleri Bakan\u0131 Ahmet Davuto\u011flu, \u00e7al\u0131\u015fma ziyareti \u00e7er\u00e7evesinde\u00a0Ukrayna&#8217;n\u0131n ba\u015fkenti Kiev&#8217;e geldi. Bulgaristan&#8217;daki temaslar\u0131n\u0131n ard\u0131ndan\u00a0Ukrayna&#8217;ya\u00a0ge\u00e7en Davuto\u011flu, T\u00fcrkiye&#8217;nin Kiev B\u00fcy\u00fckel\u00e7ili\u011fi Rezidans\u0131nda\u00a0K\u0131r\u0131m Tatar Milli Meclisi eski Ba\u015fkan\u0131, Ukrayna Milletvekili Mustafa Abd\u00fclcemil K\u0131r\u0131mo\u011flu&#8217;yu kabul etti. G\u00f6r\u00fc\u015fmede K\u0131r\u0131mo\u011flu, son olarak K\u0131r\u0131m&#8217;da meydana gelen olaylarla ilgili Davuto\u011flu&#8217;na bilgi verdi. G\u00f6r\u00fc\u015fme s\u0131ras\u0131nda, K\u0131r\u0131m&#8217;daki olaylar ve b\u00f6lgedeki son durum da ele al\u0131nd\u0131. Davuto\u011flu&#8217;nun, iki [&hellip;]","og_url":"https:\/\/akunq.net\/tr\/?p=28663","og_site_name":"Bati Ermenistan Ve Bati Ermenileri Sorunlari Ara\u015ftirmalar Merkezi","article_published_time":"2014-03-03T07:49:21+00:00","author":"admin","twitter_card":"summary_large_image","twitter_misc":{"Written by":"admin","Est. reading time":"1 minute"},"schema":{"@context":"https:\/\/schema.org","@graph":[{"@type":"WebPage","@id":"https:\/\/akunq.net\/tr\/?p=28663","url":"https:\/\/akunq.net\/tr\/?p=28663","name":"Davuto\u011flu K\u0131r\u0131m liderlerinden K\u0131r\u0131mo\u011flu ile g\u00f6r\u00fc\u015ft\u00fc - Bati Ermenistan Ve Bati Ermenileri Sorunlari Ara\u015ftirmalar Merkezi","isPartOf":{"@id":"https:\/\/akunq.net\/tr\/#website"},"datePublished":"2014-03-03T07:49:21+00:00","author":{"@id":"https:\/\/akunq.net\/tr\/#\/schema\/person\/096f1d38a12cce57fb855b485ed24c9e"},"breadcrumb":{"@id":"https:\/\/akunq.net\/tr\/?p=28663#breadcrumb"},"inLanguage":"en-US","potentialAction":[{"@type":"ReadAction","target":["https:\/\/akunq.net\/tr\/?p=28663"]}]},{"@type":"BreadcrumbList","@id":"https:\/\/akunq.net\/tr\/?p=28663#breadcrumb","itemListElement":[{"@type":"ListItem","position":1,"name":"Home","item":"https:\/\/akunq.net\/tr"},{"@type":"ListItem","position":2,"name":"Davuto\u011flu K\u0131r\u0131m liderlerinden K\u0131r\u0131mo\u011flu ile g\u00f6r\u00fc\u015ft\u00fc"}]},{"@type":"WebSite","@id":"https:\/\/akunq.net\/tr\/#website","url":"https:\/\/akunq.net\/tr\/","name":"Bati Ermenistan Ve Bati Ermenileri Sorunlari Ara\u015ftirmalar Merkezi","description":"","potentialAction":[{"@type":"SearchAction","target":{"@type":"EntryPoint","urlTemplate":"https:\/\/akunq.net\/tr\/?s={search_term_string}"},"query-input":{"@type":"PropertyValueSpecification","valueRequired":true,"valueName":"search_term_string"}}],"inLanguage":"en-US"},{"@type":"Person","@id":"https:\/\/akunq.net\/tr\/#\/schema\/person\/096f1d38a12cce57fb855b485ed24c9e","name":"admin","url":"https:\/\/akunq.net\/tr\/?author=7"}]}},"_links":{"self":[{"href":"https:\/\/akunq.net\/tr\/index.php?rest_route=\/wp\/v2\/posts\/28663","targetHints":{"allow":["GET"]}}],"collection":[{"href":"https:\/\/akunq.net\/tr\/index.php?rest_route=\/wp\/v2\/posts"}],"about":[{"href":"https:\/\/akunq.net\/tr\/index.php?rest_route=\/wp\/v2\/types\/post"}],"author":[{"embeddable":true,"href":"https:\/\/akunq.net\/tr\/index.php?rest_route=\/wp\/v2\/users\/7"}],"replies":[{"embeddable":true,"href":"https:\/\/akunq.net\/tr\/index.php?rest_route=%2Fwp%2Fv2%2Fcomments&post=28663"}],"version-history":[{"count":1,"href":"https:\/\/akunq.net\/tr\/index.php?rest_route=\/wp\/v2\/posts\/28663\/revisions"}],"predecessor-version":[{"id":28665,"href":"https:\/\/akunq.net\/tr\/index.php?rest_route=\/wp\/v2\/posts\/28663\/revisions\/28665"}],"wp:attachment":[{"href":"https:\/\/akunq.net\/tr\/index.php?rest_route=%2Fwp%2Fv2%2Fmedia&parent=28663"}],"wp:term":[{"taxonomy":"category","embeddable":true,"href":"https:\/\/akunq.net\/tr\/index.php?rest_route=%2Fwp%2Fv2%2Fcategories&post=28663"},{"taxonomy":"post_tag","embeddable":true,"href":"https:\/\/akunq.net\/tr\/index.php?rest_route=%2Fwp%2Fv2%2Ftags&post=28663"}],"curies":[{"name":"wp","href":"https:\/\/api.w.org\/{rel}","templated":true}]}}