{"id":28660,"date":"2014-03-03T02:33:41","date_gmt":"2014-03-03T07:33:41","guid":{"rendered":"http:\/\/akunq.net\/tr\/?p=28660"},"modified":"2014-03-03T02:33:41","modified_gmt":"2014-03-03T07:33:41","slug":"yolsuzluk-protestosuna-toma-ve-biber-gazi","status":"publish","type":"post","link":"https:\/\/akunq.net\/tr\/?p=28660","title":{"rendered":"Yolsuzluk protestosuna TOMA ve biber gaz\u0131"},"content":{"rendered":"<p style=\"text-align: justify;\"><b><i><a href=\"http:\/\/akunq.net\/tr\/?attachment_id=28661\" rel=\"attachment wp-att-28661\"><img loading=\"lazy\" decoding=\"async\" class=\"alignright size-medium wp-image-28661\" alt=\"\u0581\u0578\u0582\u0581\u0561\u0580\u0561\u0580\u0576\u0565\u0580\" src=\"http:\/\/akunq.net\/tr\/wp-content\/uploads\/2014\/03\/\u0581\u0578\u0582\u0581\u0561\u0580\u0561\u0580\u0576\u0565\u0580-300x205.jpg\" width=\"300\" height=\"205\" srcset=\"https:\/\/akunq.net\/tr\/wp-content\/uploads\/sites\/6\/2014\/03\/\u0581\u0578\u0582\u0581\u0561\u0580\u0561\u0580\u0576\u0565\u0580-300x205.jpg 300w, https:\/\/akunq.net\/tr\/wp-content\/uploads\/sites\/6\/2014\/03\/\u0581\u0578\u0582\u0581\u0561\u0580\u0561\u0580\u0576\u0565\u0580.jpg 307w\" sizes=\"auto, (max-width: 300px) 100vw, 300px\" \/><\/a>BA\u015eBAKAN Recep Tayyip Erdo\u011fan\u2019\u0131n Denizli mitingi s\u0131ras\u0131nda, ba\u015fka bir meydana yolsuzluklar\u0131 protesto etmek isteyen bir gruba polis, TOMA\u2019larla m\u00fcdahale edip, gaz s\u0131karak da\u011f\u0131tt\u0131.<\/i><\/b><\/p>\n<p style=\"text-align: justify;\">Ba\u015fbakan Recep Tayyip Erdo\u011fan\u2019\u0131n \u00d6zay G\u00f6nl\u00fcm Meydan\u0131\u2019nda halka hitap etti\u011fi s\u0131rada, 150 ki\u015filik grup, buraya yakla\u015f\u0131k 1 kilometre mesafedeki Delikli\u00e7\u0131nar Meydan\u0131\u2019nda topland\u0131. Yolsuzluk ve r\u00fc\u015fvet iddialar\u0131 nedeniyle Ba\u015fbakan Erdo\u011fan ve h\u00fck\u00fcmeti protesto eden grup, \u0130stiklal Caddesi\u2019ne y\u00fcr\u00fcmek istedi. polis, grubun y\u00fcr\u00fcmesine izin vermeyip, cadde giri\u015finde polis barikat kurdu. Grubun barikat\u0131 a\u015fmaya \u00e7al\u0131\u015fmas\u0131 \u00fczerine TOMA\u2019lar devreye girip, eylemcilere tazyikli su s\u0131kt\u0131. \u00c7evik kuvvet ekipleri de gruba, biber gaz\u0131 s\u0131kt\u0131. Bunun \u00fczerine grup, sokak aralar\u0131na ka\u00e7arak, da\u011f\u0131ld\u0131.<\/p>\n<p style=\"text-align: justify;\"><b><i>Ferah I\u015eIK\/ DEN\u0130ZL\u0130, (DHA)<\/i><\/b><\/p>\n<p style=\"text-align: justify;\"><b><i>http:\/\/www.dha.com.tr\/yolsuzluk-protestosuna-toma-ve-biber-gazi_612276.html<\/i><\/b><\/p>\n","protected":false},"excerpt":{"rendered":"<p>BA\u015eBAKAN Recep Tayyip Erdo\u011fan\u2019\u0131n Denizli mitingi s\u0131ras\u0131nda, ba\u015fka bir meydana yolsuzluklar\u0131 protesto etmek isteyen bir gruba polis, TOMA\u2019larla m\u00fcdahale edip, gaz s\u0131karak da\u011f\u0131tt\u0131. Ba\u015fbakan Recep Tayyip Erdo\u011fan\u2019\u0131n \u00d6zay G\u00f6nl\u00fcm Meydan\u0131\u2019nda halka hitap etti\u011fi s\u0131rada, 150 ki\u015filik grup, buraya yakla\u015f\u0131k 1 kilometre mesafedeki Delikli\u00e7\u0131nar Meydan\u0131\u2019nda topland\u0131. Yolsuzluk ve r\u00fc\u015fvet iddialar\u0131 nedeniyle Ba\u015fbakan Erdo\u011fan ve h\u00fck\u00fcmeti protesto [&hellip;]<\/p>\n","protected":false},"author":7,"featured_media":0,"comment_status":"open","ping_status":"open","sticky":false,"template":"","format":"standard","meta":{"footnotes":""},"categories":[1],"tags":[],"class_list":["post-28660","post","type-post","status-publish","format-standard","hentry","category-haberler"],"yoast_head":"<!-- This site is optimized with the Yoast SEO plugin v26.6 - https:\/\/yoast.com\/wordpress\/plugins\/seo\/ -->\n<title>Yolsuzluk protestosuna TOMA ve biber gaz\u0131 - Bati Ermenistan Ve Bati Ermenileri Sorunlari Ara\u015ftirmalar Merkezi<\/title>\n<meta name=\"robots\" content=\"index, follow, max-snippet:-1, max-image-preview:large, max-video-preview:-1\" \/>\n<link rel=\"canonical\" href=\"https:\/\/akunq.net\/tr\/?p=28660\" \/>\n<meta property=\"og:locale\" content=\"en_US\" \/>\n<meta property=\"og:type\" content=\"article\" \/>\n<meta property=\"og:title\" content=\"Yolsuzluk protestosuna TOMA ve biber gaz\u0131 - Bati Ermenistan Ve Bati Ermenileri Sorunlari Ara\u015ftirmalar Merkezi\" \/>\n<meta property=\"og:description\" content=\"BA\u015eBAKAN Recep Tayyip Erdo\u011fan\u2019\u0131n Denizli mitingi s\u0131ras\u0131nda, ba\u015fka bir meydana yolsuzluklar\u0131 protesto etmek isteyen bir gruba polis, TOMA\u2019larla m\u00fcdahale edip, gaz s\u0131karak da\u011f\u0131tt\u0131. Ba\u015fbakan Recep Tayyip Erdo\u011fan\u2019\u0131n \u00d6zay G\u00f6nl\u00fcm Meydan\u0131\u2019nda halka hitap etti\u011fi s\u0131rada, 150 ki\u015filik grup, buraya yakla\u015f\u0131k 1 kilometre mesafedeki Delikli\u00e7\u0131nar Meydan\u0131\u2019nda topland\u0131. Yolsuzluk ve r\u00fc\u015fvet iddialar\u0131 nedeniyle Ba\u015fbakan Erdo\u011fan ve h\u00fck\u00fcmeti protesto [&hellip;]\" \/>\n<meta property=\"og:url\" content=\"https:\/\/akunq.net\/tr\/?p=28660\" \/>\n<meta property=\"og:site_name\" content=\"Bati Ermenistan Ve Bati Ermenileri Sorunlari Ara\u015ftirmalar Merkezi\" \/>\n<meta property=\"article:published_time\" content=\"2014-03-03T07:33:41+00:00\" \/>\n<meta name=\"author\" content=\"admin\" \/>\n<meta name=\"twitter:card\" content=\"summary_large_image\" \/>\n<meta name=\"twitter:label1\" content=\"Written by\" \/>\n\t<meta name=\"twitter:data1\" content=\"admin\" \/>\n\t<meta name=\"twitter:label2\" content=\"Est. reading time\" \/>\n\t<meta name=\"twitter:data2\" content=\"1 minute\" \/>\n<script type=\"application\/ld+json\" class=\"yoast-schema-graph\">{\"@context\":\"https:\/\/schema.org\",\"@graph\":[{\"@type\":\"WebPage\",\"@id\":\"https:\/\/akunq.net\/tr\/?p=28660\",\"url\":\"https:\/\/akunq.net\/tr\/?p=28660\",\"name\":\"Yolsuzluk protestosuna TOMA ve biber gaz\u0131 - Bati Ermenistan Ve Bati Ermenileri Sorunlari Ara\u015ftirmalar Merkezi\",\"isPartOf\":{\"@id\":\"https:\/\/akunq.net\/tr\/#website\"},\"datePublished\":\"2014-03-03T07:33:41+00:00\",\"author\":{\"@id\":\"https:\/\/akunq.net\/tr\/#\/schema\/person\/096f1d38a12cce57fb855b485ed24c9e\"},\"breadcrumb\":{\"@id\":\"https:\/\/akunq.net\/tr\/?p=28660#breadcrumb\"},\"inLanguage\":\"en-US\",\"potentialAction\":[{\"@type\":\"ReadAction\",\"target\":[\"https:\/\/akunq.net\/tr\/?p=28660\"]}]},{\"@type\":\"BreadcrumbList\",\"@id\":\"https:\/\/akunq.net\/tr\/?p=28660#breadcrumb\",\"itemListElement\":[{\"@type\":\"ListItem\",\"position\":1,\"name\":\"Home\",\"item\":\"https:\/\/akunq.net\/tr\"},{\"@type\":\"ListItem\",\"position\":2,\"name\":\"Yolsuzluk protestosuna TOMA ve biber gaz\u0131\"}]},{\"@type\":\"WebSite\",\"@id\":\"https:\/\/akunq.net\/tr\/#website\",\"url\":\"https:\/\/akunq.net\/tr\/\",\"name\":\"Bati Ermenistan Ve Bati Ermenileri Sorunlari Ara\u015ftirmalar Merkezi\",\"description\":\"\",\"potentialAction\":[{\"@type\":\"SearchAction\",\"target\":{\"@type\":\"EntryPoint\",\"urlTemplate\":\"https:\/\/akunq.net\/tr\/?s={search_term_string}\"},\"query-input\":{\"@type\":\"PropertyValueSpecification\",\"valueRequired\":true,\"valueName\":\"search_term_string\"}}],\"inLanguage\":\"en-US\"},{\"@type\":\"Person\",\"@id\":\"https:\/\/akunq.net\/tr\/#\/schema\/person\/096f1d38a12cce57fb855b485ed24c9e\",\"name\":\"admin\",\"url\":\"https:\/\/akunq.net\/tr\/?author=7\"}]}<\/script>\n<!-- \/ Yoast SEO plugin. -->","yoast_head_json":{"title":"Yolsuzluk protestosuna TOMA ve biber gaz\u0131 - Bati Ermenistan Ve Bati Ermenileri Sorunlari Ara\u015ftirmalar Merkezi","robots":{"index":"index","follow":"follow","max-snippet":"max-snippet:-1","max-image-preview":"max-image-preview:large","max-video-preview":"max-video-preview:-1"},"canonical":"https:\/\/akunq.net\/tr\/?p=28660","og_locale":"en_US","og_type":"article","og_title":"Yolsuzluk protestosuna TOMA ve biber gaz\u0131 - Bati Ermenistan Ve Bati Ermenileri Sorunlari Ara\u015ftirmalar Merkezi","og_description":"BA\u015eBAKAN Recep Tayyip Erdo\u011fan\u2019\u0131n Denizli mitingi s\u0131ras\u0131nda, ba\u015fka bir meydana yolsuzluklar\u0131 protesto etmek isteyen bir gruba polis, TOMA\u2019larla m\u00fcdahale edip, gaz s\u0131karak da\u011f\u0131tt\u0131. Ba\u015fbakan Recep Tayyip Erdo\u011fan\u2019\u0131n \u00d6zay G\u00f6nl\u00fcm Meydan\u0131\u2019nda halka hitap etti\u011fi s\u0131rada, 150 ki\u015filik grup, buraya yakla\u015f\u0131k 1 kilometre mesafedeki Delikli\u00e7\u0131nar Meydan\u0131\u2019nda topland\u0131. Yolsuzluk ve r\u00fc\u015fvet iddialar\u0131 nedeniyle Ba\u015fbakan Erdo\u011fan ve h\u00fck\u00fcmeti protesto [&hellip;]","og_url":"https:\/\/akunq.net\/tr\/?p=28660","og_site_name":"Bati Ermenistan Ve Bati Ermenileri Sorunlari Ara\u015ftirmalar Merkezi","article_published_time":"2014-03-03T07:33:41+00:00","author":"admin","twitter_card":"summary_large_image","twitter_misc":{"Written by":"admin","Est. reading time":"1 minute"},"schema":{"@context":"https:\/\/schema.org","@graph":[{"@type":"WebPage","@id":"https:\/\/akunq.net\/tr\/?p=28660","url":"https:\/\/akunq.net\/tr\/?p=28660","name":"Yolsuzluk protestosuna TOMA ve biber gaz\u0131 - Bati Ermenistan Ve Bati Ermenileri Sorunlari Ara\u015ftirmalar Merkezi","isPartOf":{"@id":"https:\/\/akunq.net\/tr\/#website"},"datePublished":"2014-03-03T07:33:41+00:00","author":{"@id":"https:\/\/akunq.net\/tr\/#\/schema\/person\/096f1d38a12cce57fb855b485ed24c9e"},"breadcrumb":{"@id":"https:\/\/akunq.net\/tr\/?p=28660#breadcrumb"},"inLanguage":"en-US","potentialAction":[{"@type":"ReadAction","target":["https:\/\/akunq.net\/tr\/?p=28660"]}]},{"@type":"BreadcrumbList","@id":"https:\/\/akunq.net\/tr\/?p=28660#breadcrumb","itemListElement":[{"@type":"ListItem","position":1,"name":"Home","item":"https:\/\/akunq.net\/tr"},{"@type":"ListItem","position":2,"name":"Yolsuzluk protestosuna TOMA ve biber gaz\u0131"}]},{"@type":"WebSite","@id":"https:\/\/akunq.net\/tr\/#website","url":"https:\/\/akunq.net\/tr\/","name":"Bati Ermenistan Ve Bati Ermenileri Sorunlari Ara\u015ftirmalar Merkezi","description":"","potentialAction":[{"@type":"SearchAction","target":{"@type":"EntryPoint","urlTemplate":"https:\/\/akunq.net\/tr\/?s={search_term_string}"},"query-input":{"@type":"PropertyValueSpecification","valueRequired":true,"valueName":"search_term_string"}}],"inLanguage":"en-US"},{"@type":"Person","@id":"https:\/\/akunq.net\/tr\/#\/schema\/person\/096f1d38a12cce57fb855b485ed24c9e","name":"admin","url":"https:\/\/akunq.net\/tr\/?author=7"}]}},"_links":{"self":[{"href":"https:\/\/akunq.net\/tr\/index.php?rest_route=\/wp\/v2\/posts\/28660","targetHints":{"allow":["GET"]}}],"collection":[{"href":"https:\/\/akunq.net\/tr\/index.php?rest_route=\/wp\/v2\/posts"}],"about":[{"href":"https:\/\/akunq.net\/tr\/index.php?rest_route=\/wp\/v2\/types\/post"}],"author":[{"embeddable":true,"href":"https:\/\/akunq.net\/tr\/index.php?rest_route=\/wp\/v2\/users\/7"}],"replies":[{"embeddable":true,"href":"https:\/\/akunq.net\/tr\/index.php?rest_route=%2Fwp%2Fv2%2Fcomments&post=28660"}],"version-history":[{"count":1,"href":"https:\/\/akunq.net\/tr\/index.php?rest_route=\/wp\/v2\/posts\/28660\/revisions"}],"predecessor-version":[{"id":28662,"href":"https:\/\/akunq.net\/tr\/index.php?rest_route=\/wp\/v2\/posts\/28660\/revisions\/28662"}],"wp:attachment":[{"href":"https:\/\/akunq.net\/tr\/index.php?rest_route=%2Fwp%2Fv2%2Fmedia&parent=28660"}],"wp:term":[{"taxonomy":"category","embeddable":true,"href":"https:\/\/akunq.net\/tr\/index.php?rest_route=%2Fwp%2Fv2%2Fcategories&post=28660"},{"taxonomy":"post_tag","embeddable":true,"href":"https:\/\/akunq.net\/tr\/index.php?rest_route=%2Fwp%2Fv2%2Ftags&post=28660"}],"curies":[{"name":"wp","href":"https:\/\/api.w.org\/{rel}","templated":true}]}}