{"id":28657,"date":"2014-03-03T02:21:43","date_gmt":"2014-03-03T07:21:43","guid":{"rendered":"http:\/\/akunq.net\/tr\/?p=28657"},"modified":"2014-03-03T02:22:24","modified_gmt":"2014-03-03T07:22:24","slug":"dunya-kiliseler-konseyi-isvicreye-ermeni-soykiriminin-inkari-konusunda-aihmnin-kararini-sikayet-cagrisinda-bulundu","status":"publish","type":"post","link":"https:\/\/akunq.net\/tr\/?p=28657","title":{"rendered":"D\u00fcnya Kiliseler Konseyi \u0130svi\u00e7re\u2019ye Ermeni Soyk\u0131r\u0131m\u0131n\u0131n inkar\u0131 konusunda A\u0130HM\u2019nin karar\u0131n\u0131 \u015fikayet \u00e7a\u011fr\u0131s\u0131nda bulundu"},"content":{"rendered":"<p style=\"text-align: justify;\"><b><i><a href=\"http:\/\/akunq.net\/tr\/?attachment_id=28658\" rel=\"attachment wp-att-28658\"><img loading=\"lazy\" decoding=\"async\" class=\"alignright size-medium wp-image-28658\" alt=\"D\u00fcnya Kiliseler Konseyi\" src=\"http:\/\/akunq.net\/tr\/wp-content\/uploads\/2014\/03\/D\u00fcnya-Kiliseler-Konseyi-300x224.jpg\" width=\"300\" height=\"224\" srcset=\"https:\/\/akunq.net\/tr\/wp-content\/uploads\/sites\/6\/2014\/03\/D\u00fcnya-Kiliseler-Konseyi-300x224.jpg 300w, https:\/\/akunq.net\/tr\/wp-content\/uploads\/sites\/6\/2014\/03\/D\u00fcnya-Kiliseler-Konseyi.jpg 314w\" sizes=\"auto, (max-width: 300px) 100vw, 300px\" \/><\/a>D\u00fcnya Kiliseler Konseyi (The World Council of Churches, WCC), Perin\u00e7ek davas\u0131 konusunda\u00a0 derin rahats\u0131zl\u0131\u011f\u0131n\u0131 ifade ederek, \u0130svi\u00e7re Federal Mahkemesi ve Ulusal Konseyinin Ermeni Soyk\u0131r\u0131m\u0131n\u0131 tarihi bir ger\u00e7eklik olarak kabul etti\u011fini hat\u0131rlatarak, \u0130svi\u00e7re\u2019ye Ermeni Soyk\u0131r\u0131m\u0131n\u0131n inkar\u0131 konusunda Avrupa \u0130nsan Haklar\u0131 Mahkemesinin (A\u0130HM) karar\u0131n\u0131 protesto \u00e7a\u011fr\u0131s\u0131nda bulundu.<\/i><\/b><\/p>\n<p style=\"text-align: justify;\">\u00abNouvelles d&#8217;Arm\u00e9nie\u00bbnin vedi\u011fi haberde; D\u00fcnya Kiliseler Konseyi Gn. Sekreteri Olav Fykse Tveit, \u0130svi\u00e7re Polis Te\u015fkilat\u0131 ve Federal Adalet Bakanl\u0131\u011f\u0131na yazd\u0131\u011f\u0131 resmi mektupta \u00ab\u0130svi\u00e7re H\u00fck\u00fcmetinin, Ermeni Soyk\u0131r\u0131m\u0131 kurbanlar\u0131n\u0131n an\u0131s\u0131n\u0131 rencide eden A\u0130HM karar\u0131n\u0131 \u015fikayet hakk\u0131ndan faydalanma\u00bb \u00e7a\u011fr\u0131s\u0131nda bulundu.<\/p>\n<p style=\"text-align: justify;\">Tveit\u2019in ifadesiyle bu mesele \u00abahlak ve sosyal \u00f6neme\u00bb sahip.<\/p>\n<p style=\"text-align: justify;\">Hat\u0131rlatal\u0131m A\u0130HM, Ermeni kar\u015f\u0131t\u0131 T\u00fcrk siyaset adam\u0131 Do\u011fu Perin\u00e7ek\u2019in \u0130svi\u00e7re\u2019ye kar\u015f\u0131 davas\u0131nda, ifade \u00f6zg\u00fcrl\u00fc\u011f\u00fc ilkesi gerek\u00e7esiyle Perin\u00e7ek\u2019i hakl\u0131 bulmu\u015ftu.<\/p>\n<p style=\"text-align: justify;\"><b><i>http:\/\/news.am\/tur\/news\/196678.html<\/i><\/b><\/p>\n","protected":false},"excerpt":{"rendered":"<p>D\u00fcnya Kiliseler Konseyi (The World Council of Churches, WCC), Perin\u00e7ek davas\u0131 konusunda\u00a0 derin rahats\u0131zl\u0131\u011f\u0131n\u0131 ifade ederek, \u0130svi\u00e7re Federal Mahkemesi ve Ulusal Konseyinin Ermeni Soyk\u0131r\u0131m\u0131n\u0131 tarihi bir ger\u00e7eklik olarak kabul etti\u011fini hat\u0131rlatarak, \u0130svi\u00e7re\u2019ye Ermeni Soyk\u0131r\u0131m\u0131n\u0131n inkar\u0131 konusunda Avrupa \u0130nsan Haklar\u0131 Mahkemesinin (A\u0130HM) karar\u0131n\u0131 protesto \u00e7a\u011fr\u0131s\u0131nda bulundu. \u00abNouvelles d&#8217;Arm\u00e9nie\u00bbnin vedi\u011fi haberde; D\u00fcnya Kiliseler Konseyi Gn. Sekreteri Olav [&hellip;]<\/p>\n","protected":false},"author":7,"featured_media":0,"comment_status":"open","ping_status":"open","sticky":false,"template":"","format":"standard","meta":{"footnotes":""},"categories":[1],"tags":[],"class_list":["post-28657","post","type-post","status-publish","format-standard","hentry","category-haberler"],"yoast_head":"<!-- This site is optimized with the Yoast SEO plugin v26.6 - https:\/\/yoast.com\/wordpress\/plugins\/seo\/ -->\n<title>D\u00fcnya Kiliseler Konseyi \u0130svi\u00e7re\u2019ye Ermeni Soyk\u0131r\u0131m\u0131n\u0131n inkar\u0131 konusunda A\u0130HM\u2019nin karar\u0131n\u0131 \u015fikayet \u00e7a\u011fr\u0131s\u0131nda bulundu - Bati Ermenistan Ve Bati Ermenileri Sorunlari Ara\u015ftirmalar Merkezi<\/title>\n<meta name=\"robots\" content=\"index, follow, max-snippet:-1, max-image-preview:large, max-video-preview:-1\" \/>\n<link rel=\"canonical\" href=\"https:\/\/akunq.net\/tr\/?p=28657\" \/>\n<meta property=\"og:locale\" content=\"en_US\" \/>\n<meta property=\"og:type\" content=\"article\" \/>\n<meta property=\"og:title\" content=\"D\u00fcnya Kiliseler Konseyi \u0130svi\u00e7re\u2019ye Ermeni Soyk\u0131r\u0131m\u0131n\u0131n inkar\u0131 konusunda A\u0130HM\u2019nin karar\u0131n\u0131 \u015fikayet \u00e7a\u011fr\u0131s\u0131nda bulundu - Bati Ermenistan Ve Bati Ermenileri Sorunlari Ara\u015ftirmalar Merkezi\" \/>\n<meta property=\"og:description\" content=\"D\u00fcnya Kiliseler Konseyi (The World Council of Churches, WCC), Perin\u00e7ek davas\u0131 konusunda\u00a0 derin rahats\u0131zl\u0131\u011f\u0131n\u0131 ifade ederek, \u0130svi\u00e7re Federal Mahkemesi ve Ulusal Konseyinin Ermeni Soyk\u0131r\u0131m\u0131n\u0131 tarihi bir ger\u00e7eklik olarak kabul etti\u011fini hat\u0131rlatarak, \u0130svi\u00e7re\u2019ye Ermeni Soyk\u0131r\u0131m\u0131n\u0131n inkar\u0131 konusunda Avrupa \u0130nsan Haklar\u0131 Mahkemesinin (A\u0130HM) karar\u0131n\u0131 protesto \u00e7a\u011fr\u0131s\u0131nda bulundu. \u00abNouvelles d&#8217;Arm\u00e9nie\u00bbnin vedi\u011fi haberde; D\u00fcnya Kiliseler Konseyi Gn. Sekreteri Olav [&hellip;]\" \/>\n<meta property=\"og:url\" content=\"https:\/\/akunq.net\/tr\/?p=28657\" \/>\n<meta property=\"og:site_name\" content=\"Bati Ermenistan Ve Bati Ermenileri Sorunlari Ara\u015ftirmalar Merkezi\" \/>\n<meta property=\"article:published_time\" content=\"2014-03-03T07:21:43+00:00\" \/>\n<meta property=\"article:modified_time\" content=\"2014-03-03T07:22:24+00:00\" \/>\n<meta name=\"author\" content=\"admin\" \/>\n<meta name=\"twitter:card\" content=\"summary_large_image\" \/>\n<meta name=\"twitter:label1\" content=\"Written by\" \/>\n\t<meta name=\"twitter:data1\" content=\"admin\" \/>\n\t<meta name=\"twitter:label2\" content=\"Est. reading time\" \/>\n\t<meta name=\"twitter:data2\" content=\"1 minute\" \/>\n<script type=\"application\/ld+json\" class=\"yoast-schema-graph\">{\"@context\":\"https:\/\/schema.org\",\"@graph\":[{\"@type\":\"WebPage\",\"@id\":\"https:\/\/akunq.net\/tr\/?p=28657\",\"url\":\"https:\/\/akunq.net\/tr\/?p=28657\",\"name\":\"D\u00fcnya Kiliseler Konseyi \u0130svi\u00e7re\u2019ye Ermeni Soyk\u0131r\u0131m\u0131n\u0131n inkar\u0131 konusunda A\u0130HM\u2019nin karar\u0131n\u0131 \u015fikayet \u00e7a\u011fr\u0131s\u0131nda bulundu - Bati Ermenistan Ve Bati Ermenileri Sorunlari Ara\u015ftirmalar Merkezi\",\"isPartOf\":{\"@id\":\"https:\/\/akunq.net\/tr\/#website\"},\"datePublished\":\"2014-03-03T07:21:43+00:00\",\"dateModified\":\"2014-03-03T07:22:24+00:00\",\"author\":{\"@id\":\"https:\/\/akunq.net\/tr\/#\/schema\/person\/096f1d38a12cce57fb855b485ed24c9e\"},\"breadcrumb\":{\"@id\":\"https:\/\/akunq.net\/tr\/?p=28657#breadcrumb\"},\"inLanguage\":\"en-US\",\"potentialAction\":[{\"@type\":\"ReadAction\",\"target\":[\"https:\/\/akunq.net\/tr\/?p=28657\"]}]},{\"@type\":\"BreadcrumbList\",\"@id\":\"https:\/\/akunq.net\/tr\/?p=28657#breadcrumb\",\"itemListElement\":[{\"@type\":\"ListItem\",\"position\":1,\"name\":\"Home\",\"item\":\"https:\/\/akunq.net\/tr\"},{\"@type\":\"ListItem\",\"position\":2,\"name\":\"D\u00fcnya Kiliseler Konseyi \u0130svi\u00e7re\u2019ye Ermeni Soyk\u0131r\u0131m\u0131n\u0131n inkar\u0131 konusunda A\u0130HM\u2019nin karar\u0131n\u0131 \u015fikayet \u00e7a\u011fr\u0131s\u0131nda bulundu\"}]},{\"@type\":\"WebSite\",\"@id\":\"https:\/\/akunq.net\/tr\/#website\",\"url\":\"https:\/\/akunq.net\/tr\/\",\"name\":\"Bati Ermenistan Ve Bati Ermenileri Sorunlari Ara\u015ftirmalar Merkezi\",\"description\":\"\",\"potentialAction\":[{\"@type\":\"SearchAction\",\"target\":{\"@type\":\"EntryPoint\",\"urlTemplate\":\"https:\/\/akunq.net\/tr\/?s={search_term_string}\"},\"query-input\":{\"@type\":\"PropertyValueSpecification\",\"valueRequired\":true,\"valueName\":\"search_term_string\"}}],\"inLanguage\":\"en-US\"},{\"@type\":\"Person\",\"@id\":\"https:\/\/akunq.net\/tr\/#\/schema\/person\/096f1d38a12cce57fb855b485ed24c9e\",\"name\":\"admin\",\"url\":\"https:\/\/akunq.net\/tr\/?author=7\"}]}<\/script>\n<!-- \/ Yoast SEO plugin. -->","yoast_head_json":{"title":"D\u00fcnya Kiliseler Konseyi \u0130svi\u00e7re\u2019ye Ermeni Soyk\u0131r\u0131m\u0131n\u0131n inkar\u0131 konusunda A\u0130HM\u2019nin karar\u0131n\u0131 \u015fikayet \u00e7a\u011fr\u0131s\u0131nda bulundu - Bati Ermenistan Ve Bati Ermenileri Sorunlari Ara\u015ftirmalar Merkezi","robots":{"index":"index","follow":"follow","max-snippet":"max-snippet:-1","max-image-preview":"max-image-preview:large","max-video-preview":"max-video-preview:-1"},"canonical":"https:\/\/akunq.net\/tr\/?p=28657","og_locale":"en_US","og_type":"article","og_title":"D\u00fcnya Kiliseler Konseyi \u0130svi\u00e7re\u2019ye Ermeni Soyk\u0131r\u0131m\u0131n\u0131n inkar\u0131 konusunda A\u0130HM\u2019nin karar\u0131n\u0131 \u015fikayet \u00e7a\u011fr\u0131s\u0131nda bulundu - Bati Ermenistan Ve Bati Ermenileri Sorunlari Ara\u015ftirmalar Merkezi","og_description":"D\u00fcnya Kiliseler Konseyi (The World Council of Churches, WCC), Perin\u00e7ek davas\u0131 konusunda\u00a0 derin rahats\u0131zl\u0131\u011f\u0131n\u0131 ifade ederek, \u0130svi\u00e7re Federal Mahkemesi ve Ulusal Konseyinin Ermeni Soyk\u0131r\u0131m\u0131n\u0131 tarihi bir ger\u00e7eklik olarak kabul etti\u011fini hat\u0131rlatarak, \u0130svi\u00e7re\u2019ye Ermeni Soyk\u0131r\u0131m\u0131n\u0131n inkar\u0131 konusunda Avrupa \u0130nsan Haklar\u0131 Mahkemesinin (A\u0130HM) karar\u0131n\u0131 protesto \u00e7a\u011fr\u0131s\u0131nda bulundu. \u00abNouvelles d&#8217;Arm\u00e9nie\u00bbnin vedi\u011fi haberde; D\u00fcnya Kiliseler Konseyi Gn. Sekreteri Olav [&hellip;]","og_url":"https:\/\/akunq.net\/tr\/?p=28657","og_site_name":"Bati Ermenistan Ve Bati Ermenileri Sorunlari Ara\u015ftirmalar Merkezi","article_published_time":"2014-03-03T07:21:43+00:00","article_modified_time":"2014-03-03T07:22:24+00:00","author":"admin","twitter_card":"summary_large_image","twitter_misc":{"Written by":"admin","Est. reading time":"1 minute"},"schema":{"@context":"https:\/\/schema.org","@graph":[{"@type":"WebPage","@id":"https:\/\/akunq.net\/tr\/?p=28657","url":"https:\/\/akunq.net\/tr\/?p=28657","name":"D\u00fcnya Kiliseler Konseyi \u0130svi\u00e7re\u2019ye Ermeni Soyk\u0131r\u0131m\u0131n\u0131n inkar\u0131 konusunda A\u0130HM\u2019nin karar\u0131n\u0131 \u015fikayet \u00e7a\u011fr\u0131s\u0131nda bulundu - Bati Ermenistan Ve Bati Ermenileri Sorunlari Ara\u015ftirmalar Merkezi","isPartOf":{"@id":"https:\/\/akunq.net\/tr\/#website"},"datePublished":"2014-03-03T07:21:43+00:00","dateModified":"2014-03-03T07:22:24+00:00","author":{"@id":"https:\/\/akunq.net\/tr\/#\/schema\/person\/096f1d38a12cce57fb855b485ed24c9e"},"breadcrumb":{"@id":"https:\/\/akunq.net\/tr\/?p=28657#breadcrumb"},"inLanguage":"en-US","potentialAction":[{"@type":"ReadAction","target":["https:\/\/akunq.net\/tr\/?p=28657"]}]},{"@type":"BreadcrumbList","@id":"https:\/\/akunq.net\/tr\/?p=28657#breadcrumb","itemListElement":[{"@type":"ListItem","position":1,"name":"Home","item":"https:\/\/akunq.net\/tr"},{"@type":"ListItem","position":2,"name":"D\u00fcnya Kiliseler Konseyi \u0130svi\u00e7re\u2019ye Ermeni Soyk\u0131r\u0131m\u0131n\u0131n inkar\u0131 konusunda A\u0130HM\u2019nin karar\u0131n\u0131 \u015fikayet \u00e7a\u011fr\u0131s\u0131nda bulundu"}]},{"@type":"WebSite","@id":"https:\/\/akunq.net\/tr\/#website","url":"https:\/\/akunq.net\/tr\/","name":"Bati Ermenistan Ve Bati Ermenileri Sorunlari Ara\u015ftirmalar Merkezi","description":"","potentialAction":[{"@type":"SearchAction","target":{"@type":"EntryPoint","urlTemplate":"https:\/\/akunq.net\/tr\/?s={search_term_string}"},"query-input":{"@type":"PropertyValueSpecification","valueRequired":true,"valueName":"search_term_string"}}],"inLanguage":"en-US"},{"@type":"Person","@id":"https:\/\/akunq.net\/tr\/#\/schema\/person\/096f1d38a12cce57fb855b485ed24c9e","name":"admin","url":"https:\/\/akunq.net\/tr\/?author=7"}]}},"_links":{"self":[{"href":"https:\/\/akunq.net\/tr\/index.php?rest_route=\/wp\/v2\/posts\/28657","targetHints":{"allow":["GET"]}}],"collection":[{"href":"https:\/\/akunq.net\/tr\/index.php?rest_route=\/wp\/v2\/posts"}],"about":[{"href":"https:\/\/akunq.net\/tr\/index.php?rest_route=\/wp\/v2\/types\/post"}],"author":[{"embeddable":true,"href":"https:\/\/akunq.net\/tr\/index.php?rest_route=\/wp\/v2\/users\/7"}],"replies":[{"embeddable":true,"href":"https:\/\/akunq.net\/tr\/index.php?rest_route=%2Fwp%2Fv2%2Fcomments&post=28657"}],"version-history":[{"count":1,"href":"https:\/\/akunq.net\/tr\/index.php?rest_route=\/wp\/v2\/posts\/28657\/revisions"}],"predecessor-version":[{"id":28659,"href":"https:\/\/akunq.net\/tr\/index.php?rest_route=\/wp\/v2\/posts\/28657\/revisions\/28659"}],"wp:attachment":[{"href":"https:\/\/akunq.net\/tr\/index.php?rest_route=%2Fwp%2Fv2%2Fmedia&parent=28657"}],"wp:term":[{"taxonomy":"category","embeddable":true,"href":"https:\/\/akunq.net\/tr\/index.php?rest_route=%2Fwp%2Fv2%2Fcategories&post=28657"},{"taxonomy":"post_tag","embeddable":true,"href":"https:\/\/akunq.net\/tr\/index.php?rest_route=%2Fwp%2Fv2%2Ftags&post=28657"}],"curies":[{"name":"wp","href":"https:\/\/api.w.org\/{rel}","templated":true}]}}