{"id":28654,"date":"2014-03-01T03:07:38","date_gmt":"2014-03-01T08:07:38","guid":{"rendered":"http:\/\/akunq.net\/tr\/?p=28654"},"modified":"2014-03-01T03:07:38","modified_gmt":"2014-03-01T08:07:38","slug":"hrant-kasparyan-turkiye-demokrasi-adina-soz-soyleme-hakkina-sahip-mesru-bir-zemini-kalmayan-bir-ulke-artik","status":"publish","type":"post","link":"https:\/\/akunq.net\/tr\/?p=28654","title":{"rendered":"Hrant Kasparyan: T\u00fcrkiye demokrasi ad\u0131na s\u00f6z s\u00f6yleme hakk\u0131na sahip me\u015fru bir zemini kalmayan bir \u00fclke art\u0131k"},"content":{"rendered":"<p style=\"text-align: justify;\"><b><i><a href=\"http:\/\/akunq.net\/tr\/?attachment_id=28655\" rel=\"attachment wp-att-28655\"><img loading=\"lazy\" decoding=\"async\" class=\"alignright size-full wp-image-28655\" alt=\"Hrant Kasparyan\" src=\"http:\/\/akunq.net\/tr\/wp-content\/uploads\/2014\/03\/Hrant-Kasparyan.jpg\" width=\"210\" height=\"190\" \/><\/a>2 y\u0131l hapis cezas\u0131na mahk\u00fcm edilen yazar, turizmci, dil bilimcisi Sevan Ni\u015fanyan\u2019\u0131n tutuklu bulundu\u011fu daha <\/i><\/b><b><i>esnek olan Torbal\u0131 a\u00e7\u0131k cezaevinden Buca Kapal\u0131 Cezaevi\u2019ne sevk edilmesi bildirildi.<\/p>\n<p>Ermenihaber sitesi Ni\u015fanyan\u2019\u0131n kapal\u0131 cezaevine s\u00fcrg\u00fcn edilmesi, kabul edilen yeni internet yasas\u0131, getirece\u011fi engeller hakk\u0131nda T\u00fcrkiyeli Ermeni gazeteci Hrant Kasparyan ile konu\u015ftu.<\/i><\/b><\/p>\n<ul style=\"text-align: justify;\">\n<li><b>Sevan <\/b><b>Ni\u015fanyan<\/b><b>\u2019<\/b><b>\u0131n kapal\u0131 cezae<\/b><b>v<\/b><b>ine <\/b><b>sevk ed<\/b><b>ilmesi<\/b><b>,<\/b><b> onu<\/b><b>n<\/b><b> sustur<\/b><b>ul<\/b><b>ma<\/b><b>s\u0131<\/b><b> anlam\u0131na m\u0131 geliyor? <\/b><b>G<\/b><b>ardiyan\u0131n h\u0131rs\u0131zl\u0131k<\/b><b> olay\u0131n\u0131 yazd\u0131\u011f\u0131 gerek\u00e7esiyle sorgulanan Ni\u015fanyan, bundan b\u00f6yle kapal\u0131 cezaevinde mi tutulacak?<\/b><\/li>\n<\/ul>\n<p style=\"text-align: justify;\">Sevan Ni\u015fanyan\u2019\u0131n, cezas\u0131 az olanlar\u0131n tutuldu\u011fu ve ko\u015fullar\u0131 daha esnek olan a\u00e7\u0131k cezaevinden Buca Kapal\u0131 Cezaevi\u2019ne sevk edilmesi s\u00fcrg\u00fcn ve cezaland\u0131rma anlam\u0131na geliyor. Bu bir sindirme ve y\u0131ld\u0131rma giri\u015fimidir. Torbal\u0131 Cezaevi\u2019ndeyken kredi kart\u0131n\u0131 \u00e7alan bir gardiyan\u0131 if\u015fa etti\u011fi i\u00e7in s\u00fcrg\u00fcn edilmesi, Sevan i\u00e7in nas\u0131l adaletsiz bir s\u00fcrecin i\u015fletildi\u011fini, Sevan\u2019\u0131n nas\u0131l bir adaletsizlikle kar\u015f\u0131 kar\u015f\u0131ya oldu\u011funu apa\u00e7\u0131k ortaya \u00e7\u0131kartmaktad\u0131r. Sevan Ni\u015fanyan\u2019\u0131n kapal\u0131 cezaevine sevk edilmesi, onu yaln\u0131zla\u015ft\u0131rmaya, d\u00fc\u015f\u00fcnsel alandaki katk\u0131lar\u0131na set \u00e7ekmeye \u00e7al\u0131\u015fmakt\u0131r. Kitaplar yazan, k\u00f6y in\u015fa eden, \u00fclke geli\u015fimine katk\u0131da bulunan, d\u00fc\u015f\u00fcnce \u00f6zg\u00fcrl\u00fc\u011f\u00fc alan\u0131nda \u00f6d\u00fcller alan, Hrant Dink \u00f6d\u00fcl\u00fcne aday g\u00f6sterilen bir ayd\u0131n\u0131n ak\u0131betinin salt bir cezaevi y\u00f6netimine b\u0131rak\u0131lmas\u0131, T\u00fcrkiyelilerin adalet alg\u0131s\u0131 konusunda a\u011f\u0131r bir yara a\u00e7m\u0131\u015ft\u0131r. Bu seviyedeki bir \u201cadalet\u201d anlay\u0131\u015f\u0131n\u0131n Ni\u015fanyan\u2019\u0131 ne kadar s\u00fcre kapal\u0131 cezaevinde tutaca\u011f\u0131n\u0131 tahmin etmek zor.<\/p>\n<ul style=\"text-align: justify;\">\n<li><b>Ni\u015fanyan ni\u00e7in bask\u0131lara maruz kal\u0131yor?<\/b><\/li>\n<\/ul>\n<p style=\"text-align: justify;\">Sevan Ni\u015fanyan, bug\u00fcnlerde T\u00fcrkiye\u2019yi sarsan h\u0131rs\u0131zl\u0131k, yolsuzluk\/doland\u0131r\u0131c\u0131l\u0131k gibi y\u00fcz k\u0131zartacak bir su\u00e7u olmad\u0131\u011f\u0131 i\u00e7in, fakat d\u00fc\u015f\u00fcnd\u00fc\u011f\u00fc ve ifade etti\u011fi do\u011frular onlara uymad\u0131\u011f\u0131 i\u00e7in cezaevinde. B\u00f6yle bir ortamda, yarg\u0131 ve adalet mekanizmas\u0131n\u0131n devletin resmi ideolojisi refleksleriyle hareket etti\u011fi daha da belirginle\u015fiyor. T\u00fcrkiye\u2019de g\u00f6r\u00fcn\u00fcr ve hissedilir olan devletin resmi ideolojisi, yalana dayanmakta ve kitlelere bask\u0131, zorbal\u0131k, zul\u00fcm, hapishane, s\u00fcrg\u00fcn, katliam ile kabul ettirilmeye \u00e7al\u0131\u015f\u0131lmaktad\u0131r. \u00dcniversiteler, mahkemeler, gazeteler, kitle haberle\u015fme ara\u00e7lar\u0131 tamamen bu resmi ideoloji \u00e7er\u00e7evesinde hareket edebilmektedir. Sevan, insan haklar\u0131na ayk\u0131r\u0131 olan, tektiple\u015ftirici, \u201cT\u00fcrk-S\u00fcnni\u201d unsurunu esas alan bu ideolojinin sorguland\u0131\u011f\u0131 \u201cYanl\u0131\u015f Cumhuriyet\u201d ba\u015fl\u0131kl\u0131 bir kitap yay\u0131mlad\u0131. Kitab\u0131n yay\u0131mlanmas\u0131n\u0131n ard\u0131ndan ona y\u00f6nelik olarak yine bir tak\u0131m \u201cin\u015faat \u00e7al\u0131\u015fmalar\u0131\u201d gerek\u00e7e g\u00f6sterilerek davalar a\u00e7\u0131ld\u0131. Yani uygulanmakta olan bu taktik bir yenilik de\u011fil ve bu kurnazl\u0131\u011f\u0131n if\u015fa edilmesi, \u00f6nlem al\u0131nmas\u0131 gerekiyor.<\/p>\n<p style=\"text-align: justify;\">\u015eirince k\u00f6y\u00fcn\u00fc ihya eden Ni\u015fayan\u2019\u0131n yapt\u0131\u011f\u0131 eserler i\u00e7in kendisine \u00f6d\u00fcller verilmesi gerekirken, devlet, daha yenileme ve restorasyon s\u00fcrecindeyken bile Ni\u015fanyan\u2019a zorluk \u00e7\u0131kartmaya, onu engellemeye \u00e7al\u0131\u015ft\u0131. Koca bir k\u00f6y\u00fc turizme kazand\u0131rarak b\u00f6lgeye canl\u0131l\u0131k kazand\u0131ran Ni\u015fanyan, \u015eirince\u2019deki kendi arazisi \u00fczerine yapt\u0131\u011f\u0131 iki duvar\u0131n \u201cka\u00e7ak\u201d oldu\u011fu gerek\u00e7e g\u00f6sterilerek mahk\u00fbm edildi ve cezaevine g\u00f6nderildi. Uluslararas\u0131 arenada tan\u0131nan bir insan haklar\u0131 kurulu\u015fu olan Amnesty International Sevan\u2019a bi\u00e7ilen ceza hakk\u0131nda yapt\u0131\u011f\u0131 a\u00e7\u0131klamada, \u201cNi\u015fanyan\u2019\u0131n ka\u00e7ak in\u015faattan cezaevinde olmas\u0131 inand\u0131r\u0131c\u0131 de\u011fil\u201d dedi. Hepimiz Sevan\u2019\u0131n bir t\u00fcr \u201cka\u00e7ak in\u015faat\u201d su\u00e7undan mahk\u00fbm edilmedi\u011fini, as\u0131l olarak dile getirdi\u011fi fikirlerinden \u00f6t\u00fcr\u00fc yarg\u0131land\u0131\u011f\u0131n\u0131 biliyoruz. Bu durum T\u00fcrkiye\u2019nin d\u00fc\u015f\u00fcnce ve ifade \u00f6zg\u00fcrl\u00fc\u011f\u00fc karnesine yeni bir skandal olarak ge\u00e7mektedir. Devlet, kurnazca davranarak fikirlerinden \u00f6t\u00fcr\u00fc do\u011frudan yarg\u0131layamad\u0131\u011f\u0131 bir ayd\u0131n\u0131, ba\u015fka yapmac\u0131k bahaneler uydurarak hapse mahk\u00fbm edememelidir. \u015eayet b\u00f6yle oluyorsa, d\u00fc\u015f\u00fcnce \u00f6zg\u00fcrl\u00fc\u011f\u00fc ve insan haklar\u0131 \u00f6rg\u00fctleri bu duruma sessiz kalmamal\u0131d\u0131r.<\/p>\n<ul style=\"text-align: justify;\">\n<li><b>D\u00fc\u015f\u00fcnce ve ifade \u00f6zg\u00fcrl\u00fc\u011f\u00fcne yeni bir engel olarak, kabul edilen yeni internet yasas\u0131 g\u00f6steriliyor. Yasan\u0131n ne t\u00fcr etkileri olacak?<\/b><\/li>\n<\/ul>\n<p style=\"text-align: justify;\">T\u00fcrkiye\u2019de d\u00fc\u015f\u00fcnce ve ifade \u00f6zg\u00fcrl\u00fc\u011f\u00fcn\u00fcn devlet eliyle a\u00e7\u0131k\u00e7a nas\u0131l k\u0131s\u0131tland\u0131\u011f\u0131, kabul edilen yeni internet yasas\u0131yla da bir kez daha if\u015fa oldu. Yasaya itiraz eden halk\u0131n, h\u00fck\u00fcmete yak\u0131n bir gazete taraf\u0131ndan \u201cporno lobisi\u201d olarak tan\u0131mlanmas\u0131, bu konuda sergilenen aymazl\u0131k ve k\u00fcstahl\u0131\u011f\u0131n zirvesi oldu.<\/p>\n<p style=\"text-align: justify;\">Kabul edilen yasayla, internet sitelerine T\u00fcrkiye\u2019den eri\u015fim yasaklanabilecek ve devlet her internet kullan\u0131c\u0131s\u0131n\u0131n hangi sitelere girip ne t\u00fcr i\u015flemler yapt\u0131\u011f\u0131n\u0131 takip edecek, ki\u015fisel verileri iki y\u0131l ar\u015fivinde bulunduracak ve istedi\u011fi zaman bunu aleyhte delil olarak kullanacak. Bu her \u015feyden \u00f6nce, gazetecilerin, yazarlar\u0131n, d\u00fc\u015f\u00fcn\u00fcr ve ayd\u0131nlar\u0131n otosans\u00fcr uygulamas\u0131na neden olacak. \u0130lerici fikirler g\u00fcndeme getiren ayd\u0131nlara yap\u0131labilecek en b\u00fcy\u00fck bask\u0131 ve i\u015fkence otosans\u00fcrd\u00fcr. Kabul edilen yasayla, internet \u00f6zg\u00fcrl\u00fc\u011f\u00fc konusunda T\u00fcrkiye, \u00c7in ve Suudi Arabistan gibi \u00fclkelerle ayn\u0131 seviyeye inmi\u015ftir. Yasa, devletin resmi ideolojisi do\u011frultusunda etnik ayr\u0131mc\u0131l\u0131\u011f\u0131 da k\u00f6r\u00fckl\u00fcyor. T\u00fcrkiye bahsetti\u011fim resmi ideolojisine uygun olmayan her t\u00fcrl\u00fc kayna\u011f\u0131 reddeden, eri\u015fimini engelleyen, yayg\u0131nla\u015fmas\u0131n\u0131 \u00f6nleyen uygulamalar\u0131na bir yenisini daha eklemi\u015f oluyor. Buna bir \u00f6rnek verecek olursak, T\u00fcrkiye bas\u0131n\u0131 taraf\u0131ndan kamuoyuna lanse edilen propaganda ama\u00e7l\u0131, yalan veya tek tarafl\u0131 haber ve analiz yaz\u0131s\u0131 konusunda ger\u00e7ekleri a\u00e7\u0131\u011fa \u00e7\u0131kartan Paris merkezli Nouvelles d\u2019Armenie\u2019nin internet sitesine T\u00fcrkiye\u2019den eri\u015fim yasaklanm\u0131\u015ft\u0131. Ayr\u0131ca, K\u00fcrtlere y\u00f6nelik yay\u0131n yapan bir\u00e7ok kaynak internet sitesi, yine devlet eliyle m\u00fcdahale edilerek T\u00fcrkiye\u2019den eri\u015fime kapat\u0131labiliyor. Yeni yasa ile, devlet \u201csak\u0131ncal\u0131\u201d buldu\u011fu her siteyi rahatl\u0131kla yasaklay\u0131p, mahkeme karar\u0131 olmaks\u0131z\u0131n keyfi bir \u015fekilde 24 saat i\u00e7inde, T\u00fcrkiye\u2019den eri\u015fimine engelleyebilecek. \u00d6zetle, T\u00fcrkiye halklar\u0131 devletin resmi ideolojisi \u00e7er\u00e7evesinde kalem oynatan kaynaklara ve kitle haberle\u015fme ara\u00e7lar\u0131na mahk\u00fbm edilecek. Bu durum, hi\u00e7 \u015f\u00fcphesiz \u201cileri demokrasi\u201d iddias\u0131nda bulunan bir h\u00fck\u00fcmetin s\u00f6ylemleri ile alenen \u00e7eli\u015fiyor.<\/p>\n<ul style=\"text-align: justify;\">\n<li><b>\u0130nternet yasas\u0131n\u0131n se\u00e7imlerle ne t\u00fcr alakas\u0131 var?<\/b><\/li>\n<\/ul>\n<p style=\"text-align: justify;\">\u0130tiraz ve protestolara ra\u011fmen internet yasas\u0131n\u0131n aceleyle kabul edilmesi, 30 Mart\u2019ta yap\u0131lacak olan se\u00e7imlerle do\u011frudan alakal\u0131. Yasa kabul edilmi\u015f olsa da, internete y\u00fcklenen baz\u0131 ses kay\u0131tlar\u0131, oy kaybetme kayg\u0131s\u0131 ta\u015f\u0131yan siyasi \u00e7evrelerin salt kendi siyasi \u00e7\u0131karlar\u0131 do\u011frultusunda alm\u0131\u015f olduklar\u0131 bu \u201c\u00f6nlem\u201d, pratikte pek de i\u015fe yaramayacak gibi g\u00f6r\u00fcn\u00fcyor. Bu y\u00fczden, son 10 g\u00fcnde, internet yasas\u0131, M\u0130T yasas\u0131, H\u00e2kimler ve Savc\u0131lar Y\u00fcksek Kurulu (HSYK) yasas\u0131 gibi, \u00fclke y\u00f6netimini ve rejimini do\u011frudan etkileyecek anti-demokratik yasalar apar topar kabul edildi. Geli\u015fmi\u015f \u00fclkeleri bir kenara b\u0131rakal\u0131m, normal bir \u00fclkede b\u00f6yle bir \u015fey ger\u00e7ekle\u015febilir mi?<\/p>\n<p style=\"text-align: justify;\">T\u00fcrkiye, bundan alt\u0131 \u00f6nceki T\u00fcrkiye de\u011fil. Demokrasi alan\u0131nda kaydedilen gerilemeler, \u00fclkenin istikrar\u0131n\u0131 ve uluslararas\u0131 konumunu do\u011frudan etkiliyor. T\u00fcrkiye, Suriye ba\u015fta olmak \u00fczere b\u00f6lgedeki di\u011fer \u00fclkelere, \u201cdiktat\u00f6r y\u00f6netim\u201d ele\u015ftirisi getirerek demokrasi ad\u0131na s\u00f6z s\u00f6yleme hakk\u0131na sahip me\u015fru bir zemini kalmayan bir \u00fclke art\u0131k. 30 Mart\u2019ta yap\u0131lacak olan se\u00e7im sonu\u00e7lar\u0131n\u0131n bu ger\u00e7e\u011fi de\u011fi\u015ftirebilece\u011fini sanm\u0131yorum.<\/p>\n<p style=\"text-align: justify;\"><b><i>Anahit Veziryan<\/i><\/b><\/p>\n<p style=\"text-align: justify;\"><b><i>http:\/\/www.ermenihaber.am\/?lang_id=1&amp;menyu_id=9&amp;news_=1&amp;cur_news=22<\/i><\/b><\/p>\n","protected":false},"excerpt":{"rendered":"<p>2 y\u0131l hapis cezas\u0131na mahk\u00fcm edilen yazar, turizmci, dil bilimcisi Sevan Ni\u015fanyan\u2019\u0131n tutuklu bulundu\u011fu daha esnek olan Torbal\u0131 a\u00e7\u0131k cezaevinden Buca Kapal\u0131 Cezaevi\u2019ne sevk edilmesi bildirildi. Ermenihaber sitesi Ni\u015fanyan\u2019\u0131n kapal\u0131 cezaevine s\u00fcrg\u00fcn edilmesi, kabul edilen yeni internet yasas\u0131, getirece\u011fi engeller hakk\u0131nda T\u00fcrkiyeli Ermeni gazeteci Hrant Kasparyan ile konu\u015ftu. Sevan Ni\u015fanyan\u2019\u0131n kapal\u0131 cezaevine sevk edilmesi, onun [&hellip;]<\/p>\n","protected":false},"author":7,"featured_media":0,"comment_status":"open","ping_status":"open","sticky":false,"template":"","format":"standard","meta":{"footnotes":""},"categories":[1],"tags":[],"class_list":["post-28654","post","type-post","status-publish","format-standard","hentry","category-haberler"],"yoast_head":"<!-- This site is optimized with the Yoast SEO plugin v26.6 - https:\/\/yoast.com\/wordpress\/plugins\/seo\/ -->\n<title>Hrant Kasparyan: T\u00fcrkiye demokrasi ad\u0131na s\u00f6z s\u00f6yleme hakk\u0131na sahip me\u015fru bir zemini kalmayan bir \u00fclke art\u0131k - Bati Ermenistan Ve Bati Ermenileri Sorunlari Ara\u015ftirmalar Merkezi<\/title>\n<meta name=\"robots\" content=\"index, follow, max-snippet:-1, max-image-preview:large, max-video-preview:-1\" \/>\n<link rel=\"canonical\" href=\"https:\/\/akunq.net\/tr\/?p=28654\" \/>\n<meta property=\"og:locale\" content=\"en_US\" \/>\n<meta property=\"og:type\" content=\"article\" \/>\n<meta property=\"og:title\" content=\"Hrant Kasparyan: T\u00fcrkiye demokrasi ad\u0131na s\u00f6z s\u00f6yleme hakk\u0131na sahip me\u015fru bir zemini kalmayan bir \u00fclke art\u0131k - Bati Ermenistan Ve Bati Ermenileri Sorunlari Ara\u015ftirmalar Merkezi\" \/>\n<meta property=\"og:description\" content=\"2 y\u0131l hapis cezas\u0131na mahk\u00fcm edilen yazar, turizmci, dil bilimcisi Sevan Ni\u015fanyan\u2019\u0131n tutuklu bulundu\u011fu daha esnek olan Torbal\u0131 a\u00e7\u0131k cezaevinden Buca Kapal\u0131 Cezaevi\u2019ne sevk edilmesi bildirildi. Ermenihaber sitesi Ni\u015fanyan\u2019\u0131n kapal\u0131 cezaevine s\u00fcrg\u00fcn edilmesi, kabul edilen yeni internet yasas\u0131, getirece\u011fi engeller hakk\u0131nda T\u00fcrkiyeli Ermeni gazeteci Hrant Kasparyan ile konu\u015ftu. Sevan Ni\u015fanyan\u2019\u0131n kapal\u0131 cezaevine sevk edilmesi, onun [&hellip;]\" \/>\n<meta property=\"og:url\" content=\"https:\/\/akunq.net\/tr\/?p=28654\" \/>\n<meta property=\"og:site_name\" content=\"Bati Ermenistan Ve Bati Ermenileri Sorunlari Ara\u015ftirmalar Merkezi\" \/>\n<meta property=\"article:published_time\" content=\"2014-03-01T08:07:38+00:00\" \/>\n<meta property=\"og:image\" content=\"http:\/\/akunq.net\/tr\/wp-content\/uploads\/2014\/03\/Hrant-Kasparyan.jpg\" \/>\n<meta name=\"author\" content=\"admin\" \/>\n<meta name=\"twitter:card\" content=\"summary_large_image\" \/>\n<meta name=\"twitter:label1\" content=\"Written by\" \/>\n\t<meta name=\"twitter:data1\" content=\"admin\" \/>\n\t<meta name=\"twitter:label2\" content=\"Est. reading time\" \/>\n\t<meta name=\"twitter:data2\" content=\"7 minutes\" \/>\n<script type=\"application\/ld+json\" class=\"yoast-schema-graph\">{\"@context\":\"https:\/\/schema.org\",\"@graph\":[{\"@type\":\"WebPage\",\"@id\":\"https:\/\/akunq.net\/tr\/?p=28654\",\"url\":\"https:\/\/akunq.net\/tr\/?p=28654\",\"name\":\"Hrant Kasparyan: T\u00fcrkiye demokrasi ad\u0131na s\u00f6z s\u00f6yleme hakk\u0131na sahip me\u015fru bir zemini kalmayan bir \u00fclke art\u0131k - Bati Ermenistan Ve Bati Ermenileri Sorunlari Ara\u015ftirmalar Merkezi\",\"isPartOf\":{\"@id\":\"https:\/\/akunq.net\/tr\/#website\"},\"primaryImageOfPage\":{\"@id\":\"https:\/\/akunq.net\/tr\/?p=28654#primaryimage\"},\"image\":{\"@id\":\"https:\/\/akunq.net\/tr\/?p=28654#primaryimage\"},\"thumbnailUrl\":\"http:\/\/akunq.net\/tr\/wp-content\/uploads\/2014\/03\/Hrant-Kasparyan.jpg\",\"datePublished\":\"2014-03-01T08:07:38+00:00\",\"author\":{\"@id\":\"https:\/\/akunq.net\/tr\/#\/schema\/person\/096f1d38a12cce57fb855b485ed24c9e\"},\"breadcrumb\":{\"@id\":\"https:\/\/akunq.net\/tr\/?p=28654#breadcrumb\"},\"inLanguage\":\"en-US\",\"potentialAction\":[{\"@type\":\"ReadAction\",\"target\":[\"https:\/\/akunq.net\/tr\/?p=28654\"]}]},{\"@type\":\"ImageObject\",\"inLanguage\":\"en-US\",\"@id\":\"https:\/\/akunq.net\/tr\/?p=28654#primaryimage\",\"url\":\"https:\/\/akunq.net\/tr\/wp-content\/uploads\/sites\/6\/2014\/03\/Hrant-Kasparyan.jpg\",\"contentUrl\":\"https:\/\/akunq.net\/tr\/wp-content\/uploads\/sites\/6\/2014\/03\/Hrant-Kasparyan.jpg\",\"width\":210,\"height\":190},{\"@type\":\"BreadcrumbList\",\"@id\":\"https:\/\/akunq.net\/tr\/?p=28654#breadcrumb\",\"itemListElement\":[{\"@type\":\"ListItem\",\"position\":1,\"name\":\"Home\",\"item\":\"https:\/\/akunq.net\/tr\"},{\"@type\":\"ListItem\",\"position\":2,\"name\":\"Hrant Kasparyan: T\u00fcrkiye demokrasi ad\u0131na s\u00f6z s\u00f6yleme hakk\u0131na sahip me\u015fru bir zemini kalmayan bir \u00fclke art\u0131k\"}]},{\"@type\":\"WebSite\",\"@id\":\"https:\/\/akunq.net\/tr\/#website\",\"url\":\"https:\/\/akunq.net\/tr\/\",\"name\":\"Bati Ermenistan Ve Bati Ermenileri Sorunlari Ara\u015ftirmalar Merkezi\",\"description\":\"\",\"potentialAction\":[{\"@type\":\"SearchAction\",\"target\":{\"@type\":\"EntryPoint\",\"urlTemplate\":\"https:\/\/akunq.net\/tr\/?s={search_term_string}\"},\"query-input\":{\"@type\":\"PropertyValueSpecification\",\"valueRequired\":true,\"valueName\":\"search_term_string\"}}],\"inLanguage\":\"en-US\"},{\"@type\":\"Person\",\"@id\":\"https:\/\/akunq.net\/tr\/#\/schema\/person\/096f1d38a12cce57fb855b485ed24c9e\",\"name\":\"admin\",\"url\":\"https:\/\/akunq.net\/tr\/?author=7\"}]}<\/script>\n<!-- \/ Yoast SEO plugin. -->","yoast_head_json":{"title":"Hrant Kasparyan: T\u00fcrkiye demokrasi ad\u0131na s\u00f6z s\u00f6yleme hakk\u0131na sahip me\u015fru bir zemini kalmayan bir \u00fclke art\u0131k - Bati Ermenistan Ve Bati Ermenileri Sorunlari Ara\u015ftirmalar Merkezi","robots":{"index":"index","follow":"follow","max-snippet":"max-snippet:-1","max-image-preview":"max-image-preview:large","max-video-preview":"max-video-preview:-1"},"canonical":"https:\/\/akunq.net\/tr\/?p=28654","og_locale":"en_US","og_type":"article","og_title":"Hrant Kasparyan: T\u00fcrkiye demokrasi ad\u0131na s\u00f6z s\u00f6yleme hakk\u0131na sahip me\u015fru bir zemini kalmayan bir \u00fclke art\u0131k - Bati Ermenistan Ve Bati Ermenileri Sorunlari Ara\u015ftirmalar Merkezi","og_description":"2 y\u0131l hapis cezas\u0131na mahk\u00fcm edilen yazar, turizmci, dil bilimcisi Sevan Ni\u015fanyan\u2019\u0131n tutuklu bulundu\u011fu daha esnek olan Torbal\u0131 a\u00e7\u0131k cezaevinden Buca Kapal\u0131 Cezaevi\u2019ne sevk edilmesi bildirildi. Ermenihaber sitesi Ni\u015fanyan\u2019\u0131n kapal\u0131 cezaevine s\u00fcrg\u00fcn edilmesi, kabul edilen yeni internet yasas\u0131, getirece\u011fi engeller hakk\u0131nda T\u00fcrkiyeli Ermeni gazeteci Hrant Kasparyan ile konu\u015ftu. Sevan Ni\u015fanyan\u2019\u0131n kapal\u0131 cezaevine sevk edilmesi, onun [&hellip;]","og_url":"https:\/\/akunq.net\/tr\/?p=28654","og_site_name":"Bati Ermenistan Ve Bati Ermenileri Sorunlari Ara\u015ftirmalar Merkezi","article_published_time":"2014-03-01T08:07:38+00:00","og_image":[{"url":"http:\/\/akunq.net\/tr\/wp-content\/uploads\/2014\/03\/Hrant-Kasparyan.jpg","type":"","width":"","height":""}],"author":"admin","twitter_card":"summary_large_image","twitter_misc":{"Written by":"admin","Est. reading time":"7 minutes"},"schema":{"@context":"https:\/\/schema.org","@graph":[{"@type":"WebPage","@id":"https:\/\/akunq.net\/tr\/?p=28654","url":"https:\/\/akunq.net\/tr\/?p=28654","name":"Hrant Kasparyan: T\u00fcrkiye demokrasi ad\u0131na s\u00f6z s\u00f6yleme hakk\u0131na sahip me\u015fru bir zemini kalmayan bir \u00fclke art\u0131k - Bati Ermenistan Ve Bati Ermenileri Sorunlari Ara\u015ftirmalar Merkezi","isPartOf":{"@id":"https:\/\/akunq.net\/tr\/#website"},"primaryImageOfPage":{"@id":"https:\/\/akunq.net\/tr\/?p=28654#primaryimage"},"image":{"@id":"https:\/\/akunq.net\/tr\/?p=28654#primaryimage"},"thumbnailUrl":"http:\/\/akunq.net\/tr\/wp-content\/uploads\/2014\/03\/Hrant-Kasparyan.jpg","datePublished":"2014-03-01T08:07:38+00:00","author":{"@id":"https:\/\/akunq.net\/tr\/#\/schema\/person\/096f1d38a12cce57fb855b485ed24c9e"},"breadcrumb":{"@id":"https:\/\/akunq.net\/tr\/?p=28654#breadcrumb"},"inLanguage":"en-US","potentialAction":[{"@type":"ReadAction","target":["https:\/\/akunq.net\/tr\/?p=28654"]}]},{"@type":"ImageObject","inLanguage":"en-US","@id":"https:\/\/akunq.net\/tr\/?p=28654#primaryimage","url":"https:\/\/akunq.net\/tr\/wp-content\/uploads\/sites\/6\/2014\/03\/Hrant-Kasparyan.jpg","contentUrl":"https:\/\/akunq.net\/tr\/wp-content\/uploads\/sites\/6\/2014\/03\/Hrant-Kasparyan.jpg","width":210,"height":190},{"@type":"BreadcrumbList","@id":"https:\/\/akunq.net\/tr\/?p=28654#breadcrumb","itemListElement":[{"@type":"ListItem","position":1,"name":"Home","item":"https:\/\/akunq.net\/tr"},{"@type":"ListItem","position":2,"name":"Hrant Kasparyan: T\u00fcrkiye demokrasi ad\u0131na s\u00f6z s\u00f6yleme hakk\u0131na sahip me\u015fru bir zemini kalmayan bir \u00fclke art\u0131k"}]},{"@type":"WebSite","@id":"https:\/\/akunq.net\/tr\/#website","url":"https:\/\/akunq.net\/tr\/","name":"Bati Ermenistan Ve Bati Ermenileri Sorunlari Ara\u015ftirmalar Merkezi","description":"","potentialAction":[{"@type":"SearchAction","target":{"@type":"EntryPoint","urlTemplate":"https:\/\/akunq.net\/tr\/?s={search_term_string}"},"query-input":{"@type":"PropertyValueSpecification","valueRequired":true,"valueName":"search_term_string"}}],"inLanguage":"en-US"},{"@type":"Person","@id":"https:\/\/akunq.net\/tr\/#\/schema\/person\/096f1d38a12cce57fb855b485ed24c9e","name":"admin","url":"https:\/\/akunq.net\/tr\/?author=7"}]}},"_links":{"self":[{"href":"https:\/\/akunq.net\/tr\/index.php?rest_route=\/wp\/v2\/posts\/28654","targetHints":{"allow":["GET"]}}],"collection":[{"href":"https:\/\/akunq.net\/tr\/index.php?rest_route=\/wp\/v2\/posts"}],"about":[{"href":"https:\/\/akunq.net\/tr\/index.php?rest_route=\/wp\/v2\/types\/post"}],"author":[{"embeddable":true,"href":"https:\/\/akunq.net\/tr\/index.php?rest_route=\/wp\/v2\/users\/7"}],"replies":[{"embeddable":true,"href":"https:\/\/akunq.net\/tr\/index.php?rest_route=%2Fwp%2Fv2%2Fcomments&post=28654"}],"version-history":[{"count":1,"href":"https:\/\/akunq.net\/tr\/index.php?rest_route=\/wp\/v2\/posts\/28654\/revisions"}],"predecessor-version":[{"id":28656,"href":"https:\/\/akunq.net\/tr\/index.php?rest_route=\/wp\/v2\/posts\/28654\/revisions\/28656"}],"wp:attachment":[{"href":"https:\/\/akunq.net\/tr\/index.php?rest_route=%2Fwp%2Fv2%2Fmedia&parent=28654"}],"wp:term":[{"taxonomy":"category","embeddable":true,"href":"https:\/\/akunq.net\/tr\/index.php?rest_route=%2Fwp%2Fv2%2Fcategories&post=28654"},{"taxonomy":"post_tag","embeddable":true,"href":"https:\/\/akunq.net\/tr\/index.php?rest_route=%2Fwp%2Fv2%2Ftags&post=28654"}],"curies":[{"name":"wp","href":"https:\/\/api.w.org\/{rel}","templated":true}]}}