{"id":28651,"date":"2014-03-01T02:37:21","date_gmt":"2014-03-01T07:37:21","guid":{"rendered":"http:\/\/akunq.net\/tr\/?p=28651"},"modified":"2014-03-01T02:37:21","modified_gmt":"2014-03-01T07:37:21","slug":"kiliseye-giderim-allahimi-bilirim-mhpliyim","status":"publish","type":"post","link":"https:\/\/akunq.net\/tr\/?p=28651","title":{"rendered":"\u2018Kiliseye giderim, Allah\u2019\u0131m\u0131 bilirim, MHP\u2019liyim\u2019"},"content":{"rendered":"<p style=\"text-align: justify;\"><strong><a href=\"http:\/\/akunq.net\/tr\/?attachment_id=28652\" rel=\"attachment wp-att-28652\"><img loading=\"lazy\" decoding=\"async\" class=\"alignright size-medium wp-image-28652\" alt=\"\u00ab\u0533\u0578\u0580\u0577 \u0563\u0561\u0575\u056c\u0565\u0580\u056b\u00bb \u0570\u0561\u0575 \u0569\u0565\u056f\u0576\u0561\u056e\u0578\u0582\u0576\u0565\u0580\" src=\"http:\/\/akunq.net\/tr\/wp-content\/uploads\/2014\/03\/\u00ab\u0533\u0578\u0580\u0577-\u0563\u0561\u0575\u056c\u0565\u0580\u056b\u00bb-\u0570\u0561\u0575-\u0569\u0565\u056f\u0576\u0561\u056e\u0578\u0582\u0576\u0565\u0580-300x206.jpg\" width=\"300\" height=\"206\" srcset=\"https:\/\/akunq.net\/tr\/wp-content\/uploads\/sites\/6\/2014\/03\/\u00ab\u0533\u0578\u0580\u0577-\u0563\u0561\u0575\u056c\u0565\u0580\u056b\u00bb-\u0570\u0561\u0575-\u0569\u0565\u056f\u0576\u0561\u056e\u0578\u0582\u0576\u0565\u0580-300x206.jpg 300w, https:\/\/akunq.net\/tr\/wp-content\/uploads\/sites\/6\/2014\/03\/\u00ab\u0533\u0578\u0580\u0577-\u0563\u0561\u0575\u056c\u0565\u0580\u056b\u00bb-\u0570\u0561\u0575-\u0569\u0565\u056f\u0576\u0561\u056e\u0578\u0582\u0576\u0565\u0580.jpg 307w\" sizes=\"auto, (max-width: 300px) 100vw, 300px\" \/><\/a>EMRE ERTAN\u0130<\/strong><\/p>\n<p style=\"text-align: justify;\"><b><i>Milliyet\u00e7i Hareket Partisi\u2019nin (MHP) Bak\u0131rk\u00f6y\u2019de iki Ermeni\u2019yi belediye meclis \u00fcyesi aday\u0131 g\u00f6stermesi duyanlar\u0131 bir hayli \u015fa\u015f\u0131rtt\u0131. Ad\u0131na uygun olarak y\u0131llard\u0131r T\u00fcrk milliyet\u00e7isi bir siyasi \u00e7izgiyi benimseyen bir partide, Ermeni adaylar\u0131n kendilerini nas\u0131l konuland\u0131rd\u0131klar\u0131n\u0131 anlamak do\u011frusu bir hayli zor. <\/i><\/b><\/p>\n<p style=\"text-align: justify;\">Milliyet\u00e7i Hareket Partisi\u2019nin (MHP) Bak\u0131rk\u00f6y\u2019de iki Ermeni\u2019yi belediye meclis \u00fcyesi aday\u0131 g\u00f6stermesi duyanlar\u0131 bir hayli \u015fa\u015f\u0131rtt\u0131. Ad\u0131na uygun olarak y\u0131llard\u0131r T\u00fcrk milliyet\u00e7isi bir siyasi \u00e7izgiyi benimseyen bir partide, Ermeni adaylar\u0131n kendilerini nas\u0131l konuland\u0131rd\u0131klar\u0131n\u0131 anlamak do\u011frusu bir hayli zor. MHP\u2019nin iki aday\u0131yla Bak\u0131rk\u00f6y\u2019deki se\u00e7im ofislerinde bir araya geldik ve &#8216;hem MHP\u2019li hem de Ermeni\u2019 olma \u015feklinde tezah\u00fcr eden bu ruh halini, kendilerinin gerek\u00e7eleri ve beklentilerini dinledik.<\/p>\n<p style=\"text-align: justify;\">MHP Bak\u0131rk\u00f6y belediye meclisi adaylar\u0131 aras\u0131nda yer alan Nerses Yeramyan\u2019\u0131n (67), babas\u0131 Ermeni, annesi ise bir Rum. Marmara \u00dcniversitesi\u2019nde di\u015f hekimli\u011fi okudu\u011funu, bir s\u00fcre \u00fcniversite hocal\u0131\u011f\u0131 yap\u0131p ticaretle u\u011fra\u015ft\u0131\u011f\u0131n\u0131 s\u00f6yleyen Yeramyan, \u015fu an di\u015f hekimli\u011fi yap\u0131yor. \u0130lk e\u015finin bir h\u00e2kim k\u0131z\u0131, ikinci e\u015finin bir albay k\u0131z\u0131 oldu\u011funu dile getiren Yeramyan, \u201cErmenice okuyamam ama \u00e7ok iyi konu\u015furum. Annem Rum\u2019du, o y\u00fczden Yunancay\u0131 da \u00e7ok iyi bilirim. Ermenistan\u2019a hi\u00e7 gitmedim, f\u0131rsat\u0131m olmad\u0131. Yunanistan\u2019a gitti\u011fimde ise T\u00fcrkiye hakk\u0131nda olumlu konu\u015furum\u201d diyor.<\/p>\n<p style=\"text-align: justify;\">Kendisini \u201cCemaatimi ve T\u00fcrkiye\u2019yi severim, milliyet\u00e7iyim\u201d diye anlatmaya ba\u015flayan Yeramyan, \u201c\u0130nan\u00e7l\u0131 bir insan\u0131m, her Pazar kiliseye gider, duam\u0131 ederim. T\u00fcrkiye\u2019de ya\u015f\u0131yoruz \u00fclkemizi sevmemiz laz\u0131m, dinimiz ayr\u0131 memleketimiz ayn\u0131\u201d g\u00f6r\u00fc\u015f\u00fcnde. Kendisine \u201cNeden MHP\u2019lisin?\u201d diye sorduklar\u0131nda \u201cNeden olmas\u0131n?\u201d diye kar\u015f\u0131l\u0131k verdi\u011fini dile getiren Yeramyan, adayl\u0131\u011f\u0131n\u0131 duyan Ermeni arkada\u015flar\u0131n\u0131n tepkisini ise \u015f\u00f6yle \u00f6zetliyor: \u201cNerses, \u00e7ok iyi yapm\u0131\u015fs\u0131n, Allah sana kolayl\u0131k versin dediler. Hi\u00e7 tepki g\u00f6steren olmad\u0131. M\u00fcsl\u00fcman arkada\u015flar\u0131m\u0131n yan\u0131 s\u0131ra tek bir Ermeni arkada\u015f\u0131m da tepki g\u00f6stermedi.\u201d<\/p>\n<p style=\"text-align: justify;\">Yeramyan politikaya girme karar\u0131n\u0131 talep \u00fczerine vermi\u015f: \u201cGen\u00e7ken milliyet\u00e7iydim. Talebe olaylar\u0131nda, K\u0131br\u0131s olaylar\u0131nda, her hafta Beyaz\u0131t\u2019tan Taksime kadar 2-3 bin ki\u015fi y\u00fcr\u00fcd\u00fck. 30 y\u0131ll\u0131k arkada\u015f\u0131m ve belediye ba\u015fkan aday\u0131m\u0131z Mustafa Turan, politikaya at\u0131l\u0131nca beni de yan\u0131nda istedi.\u201d<\/p>\n<p style=\"text-align: justify;\"><strong>&#8216;MHP\u2019yi cemaatime daha yak\u0131n olarak g\u00f6rd\u00fcm&#8217;<\/strong><\/p>\n<p style=\"text-align: justify;\">Yeramyan, g\u00f6r\u00fc\u015fmemiz boyunca Atat\u00fcrk\u2019e olan hayranl\u0131\u011f\u0131n\u0131 \u00f6zellikle vurguluyor: \u201cBen MHP\u2019den hi\u00e7bir k\u00f6t\u00fcl\u00fck g\u00f6rmedim, zaman\u0131nda baz\u0131 k\u00f6t\u00fc \u015feyler, sava\u015flar olmu\u015f ama biz bug\u00fcne ve daha ileriye bakaca\u011f\u0131z. Millet aya gidiyor, biz h\u00e2l\u00e2 dinle, \u0131rkla u\u011fra\u015f\u0131yoruz. Bunlar gereksiz benim i\u00e7in. Bundan sonra da MHP\u2019den k\u00f6t\u00fcl\u00fck g\u00f6rmeyece\u011fimize inan\u0131yoruz. Bu memlekette ya\u015f\u0131yorsak bu memleketi sevmemiz laz\u0131m, biz Atat\u00fcrk\u2019\u00fcn evlatlar\u0131y\u0131z. Bizi bug\u00fcnlere getiren Atat\u00fcrk\u2019t\u00fcr, Atat\u00fcrk olmasa biz buralarda olmazd\u0131k, nerede olurduk onu da bilemem. MHP\u2019yi cemaatime daha yak\u0131n olarak g\u00f6rd\u00fcm.\u201d<\/p>\n<p style=\"text-align: justify;\"><strong>\u20181915\u2019i <i>(Ermeni Soyk\u0131r\u0131m\u0131\u2019n\u0131-\u2018Akunq\u2019 web sayfas\u0131 y\u00f6neticileri)<\/i> tarih\u00e7iler halletsin\u2019<\/strong><\/p>\n<p style=\"text-align: justify;\">Baz\u0131 MHP\u2019lilerin Ermeni oldu\u011fu i\u00e7in adayl\u0131\u011f\u0131 konusunda tepkili oldu\u011fu y\u00f6n\u00fcndeki iddialar\u0131 da yalanlayan Yeramyan, \u201cMHP bug\u00fcne kadar biraz h\u0131r\u00e7\u0131n bir parti olarak bilindi, ba\u015fka bir \u015feyi yok. MHP, \u0131rk\u00e7\u0131l\u0131k, ayr\u0131mc\u0131l\u0131k yapmad\u0131\u201d diyor. Bir Ermeni olarak kendisini en fazla zorlayacak tarihle ilgili olarak son derece mesafeli bir tutum tak\u0131nmay\u0131 tercih ediyor: \u201cBen 1915\u2019te ya\u015fananlar\u0131 tarih\u00e7ilere b\u0131rak\u0131yorum, onlar karar versin. Bu bizim i\u015fimiz de\u011fil, karar vermeye yetkimiz yok. Biz bug\u00fcne ve ileriye bak\u0131yoruz. Tarih\u00e7iler 1915\u2019i bildikleri ya da bilmedikleri gibi halletsinler. Ben bir yorumda bulunmak istemiyorum.\u201d<\/p>\n<div style=\"text-align: justify;\" align=\"center\">\n<hr align=\"center\" size=\"2\" width=\"100%\" \/>\n<\/div>\n<p style=\"text-align: justify;\">MHP\u2019nin di\u011fer aday\u0131\u00a0 Elmas Giragos (41) ise Amasya do\u011fumlu ama Bak\u0131rk\u00f6y\u2019de b\u00fcy\u00fcm\u00fc\u015f. T\u00fcrk okullar\u0131nda okudu\u011funu ama Ermenice bildi\u011fini s\u00f6yleyen Giragos kendisini \u201cKiliseye giderim, Allah\u2019\u0131m\u0131 bilirim. Ben Ermeniyim asla \u00f6z\u00fcm\u00fc saklamam. T\u00fcrk vatanda\u015f\u0131y\u0131m ama \u0131rk\u0131m Ermeni. Vatan\u0131m\u0131 bayra\u011f\u0131m\u0131 seviyorum ve T\u00fcrkiye\u2019de ya\u015famaktan, Atat\u00fcrk\u2019\u00fcn \u00e7ocu\u011fu olmaktan gurur duyuyorum\u201d s\u00f6zleriyle tan\u0131ml\u0131yor.<\/p>\n<p style=\"text-align: justify;\">Bak\u0131rk\u00f6y Tiyatrolar M\u00fcd\u00fcrl\u00fc\u011f\u00fc\u2019nde 10 y\u0131ll\u0131k asistanl\u0131k yapt\u0131ktan sonra tekrar kuru temizlemecilik i\u015fine d\u00f6nd\u00fc\u011f\u00fcn\u00fc belirten Giragos, politikaya karar\u0131n\u0131 \u015f\u00f6yle anlat\u0131yor: \u201cBak\u0131rk\u00f6y\u2019de sevildi\u011fime inan\u0131yorum. Arkada\u015flar\u0131m politikaya girmem i\u00e7in \u00e7ok \u0131srar etti, ben de tamam dedim. \u0130l\u00e7e ba\u015fkan\u0131m\u0131z Avukat G\u00fcrkan Kaya Bey\u2019i \u00e7ok seviyorum, konu\u015ftuk ve aday oldum.\u201d<\/p>\n<p style=\"text-align: justify;\"><strong>\u2018Ak\u015fener bana \u2018k\u0131z\u0131m\u2019 diyor\u2019<\/strong><\/p>\n<p style=\"text-align: justify;\">Meral Ak\u015fener\u2019i de \u00e7ok sevdi\u011fini s\u00f6yleyen Elmas Giragos bu sevgisinin gerek\u00e7esini \u015f\u00f6yle payla\u015f\u0131yor: \u201cMeral Han\u0131m, \u00e7ok d\u00fcr\u00fcst ve net bir insan oldu\u011fu i\u00e7in seviyorum kendisini. Meclis\u2019i nas\u0131l y\u00f6netti\u011fini g\u00f6r\u00fcyorsunuz. Di\u011fer ba\u015fkanvekilleri gibi davranm\u0131yor, genel kurula h\u00fckmedebiliyor. Meral Han\u0131m bayramlar\u0131m\u0131zda kiliselerimizi ziyaret eder, oturur sohbet ederiz, seviyorum onu. Bana \u2018k\u0131z\u0131m\u2019 diye hitap etti son bulu\u015fmam\u0131zda.\u201d<\/p>\n<p style=\"text-align: justify;\">Ak\u015fener\u2019in, PKK lideri Abdullah \u00d6calan i\u00e7in \u201cErmeni d\u00f6l\u00fc\u201d dedi\u011fini an\u0131msatmam\u0131z \u00fczerine ise Giragos, \u201cTer\u00f6rden kaynakl\u0131 b\u00f6yle demi\u015f olabilir, kendisi eski i\u00e7i\u015fleri bakan\u0131 ayn\u0131 zamanda. Karde\u015fi \u015fehit oldu\u011fu i\u00e7in duygusall\u0131ktan dolay\u0131 b\u00f6yle demi\u015f olabilir. Kad\u0131nlar daha hassas oluyorlar\u201d yorumunda bulunuyor.<\/p>\n<p style=\"text-align: justify;\"><strong>\u2018MHP d\u0131\u015far\u0131dan g\u00f6z\u00fckt\u00fc\u011f\u00fc gibi de\u011fil\u2019<\/strong><\/p>\n<p style=\"text-align: justify;\">\u201cMHP\u2019li bir Ermeni aday olarak nas\u0131l tepkiler al\u0131yorsunuz sorumuza Giragos, \u201cAilem ve arkada\u015flar\u0131m \u00e7ok destek veriyor. Ben MHP\u2019nin k\u00f6t\u00fc bir parti olarak alg\u0131lanmas\u0131n\u0131 istemiyorum. MHP, vatan\u0131n\u0131 seven, farkl\u0131l\u0131klara sayg\u0131 g\u00f6steren bir parti. D\u0131\u015far\u0131dan g\u00f6z\u00fckt\u00fc\u011f\u00fc gibi de\u011fil. MHP \u0131rk\u00e7\u0131 de\u011fil, T\u00fcrk k\u00fclt\u00fcr\u00fcn\u00fcn milliyet\u00e7isi bir parti. Vatan\u0131na sahip \u00e7\u0131kan, tek bayrak alt\u0131nda toplanmak isteyen herkesin partisi\u201d yan\u0131t\u0131n\u0131 veriyor.<\/p>\n<p style=\"text-align: justify;\"><strong><i>emreertani@agos.com.tr<\/i><\/strong><\/p>\n<p style=\"text-align: justify;\"><b><i>http:\/\/www.agos.com.tr\/kiliseye-giderim-allahimi-bilirim-mhpliyim-6679.html<\/i><\/b><\/p>\n","protected":false},"excerpt":{"rendered":"<p>EMRE ERTAN\u0130 Milliyet\u00e7i Hareket Partisi\u2019nin (MHP) Bak\u0131rk\u00f6y\u2019de iki Ermeni\u2019yi belediye meclis \u00fcyesi aday\u0131 g\u00f6stermesi duyanlar\u0131 bir hayli \u015fa\u015f\u0131rtt\u0131. Ad\u0131na uygun olarak y\u0131llard\u0131r T\u00fcrk milliyet\u00e7isi bir siyasi \u00e7izgiyi benimseyen bir partide, Ermeni adaylar\u0131n kendilerini nas\u0131l konuland\u0131rd\u0131klar\u0131n\u0131 anlamak do\u011frusu bir hayli zor. Milliyet\u00e7i Hareket Partisi\u2019nin (MHP) Bak\u0131rk\u00f6y\u2019de iki Ermeni\u2019yi belediye meclis \u00fcyesi aday\u0131 g\u00f6stermesi duyanlar\u0131 bir hayli [&hellip;]<\/p>\n","protected":false},"author":7,"featured_media":0,"comment_status":"open","ping_status":"open","sticky":false,"template":"","format":"standard","meta":{"footnotes":""},"categories":[1],"tags":[],"class_list":["post-28651","post","type-post","status-publish","format-standard","hentry","category-haberler"],"yoast_head":"<!-- This site is optimized with the Yoast SEO plugin v26.6 - https:\/\/yoast.com\/wordpress\/plugins\/seo\/ -->\n<title>\u2018Kiliseye giderim, Allah\u2019\u0131m\u0131 bilirim, MHP\u2019liyim\u2019 - Bati Ermenistan Ve Bati Ermenileri Sorunlari Ara\u015ftirmalar Merkezi<\/title>\n<meta name=\"robots\" content=\"index, follow, max-snippet:-1, max-image-preview:large, max-video-preview:-1\" \/>\n<link rel=\"canonical\" href=\"https:\/\/akunq.net\/tr\/?p=28651\" \/>\n<meta property=\"og:locale\" content=\"en_US\" \/>\n<meta property=\"og:type\" content=\"article\" \/>\n<meta property=\"og:title\" content=\"\u2018Kiliseye giderim, Allah\u2019\u0131m\u0131 bilirim, MHP\u2019liyim\u2019 - Bati Ermenistan Ve Bati Ermenileri Sorunlari Ara\u015ftirmalar Merkezi\" \/>\n<meta property=\"og:description\" content=\"EMRE ERTAN\u0130 Milliyet\u00e7i Hareket Partisi\u2019nin (MHP) Bak\u0131rk\u00f6y\u2019de iki Ermeni\u2019yi belediye meclis \u00fcyesi aday\u0131 g\u00f6stermesi duyanlar\u0131 bir hayli \u015fa\u015f\u0131rtt\u0131. Ad\u0131na uygun olarak y\u0131llard\u0131r T\u00fcrk milliyet\u00e7isi bir siyasi \u00e7izgiyi benimseyen bir partide, Ermeni adaylar\u0131n kendilerini nas\u0131l konuland\u0131rd\u0131klar\u0131n\u0131 anlamak do\u011frusu bir hayli zor. Milliyet\u00e7i Hareket Partisi\u2019nin (MHP) Bak\u0131rk\u00f6y\u2019de iki Ermeni\u2019yi belediye meclis \u00fcyesi aday\u0131 g\u00f6stermesi duyanlar\u0131 bir hayli [&hellip;]\" \/>\n<meta property=\"og:url\" content=\"https:\/\/akunq.net\/tr\/?p=28651\" \/>\n<meta property=\"og:site_name\" content=\"Bati Ermenistan Ve Bati Ermenileri Sorunlari Ara\u015ftirmalar Merkezi\" \/>\n<meta property=\"article:published_time\" content=\"2014-03-01T07:37:21+00:00\" \/>\n<meta name=\"author\" content=\"admin\" \/>\n<meta name=\"twitter:card\" content=\"summary_large_image\" \/>\n<meta name=\"twitter:label1\" content=\"Written by\" \/>\n\t<meta name=\"twitter:data1\" content=\"admin\" \/>\n\t<meta name=\"twitter:label2\" content=\"Est. reading time\" \/>\n\t<meta name=\"twitter:data2\" content=\"5 minutes\" \/>\n<script type=\"application\/ld+json\" class=\"yoast-schema-graph\">{\"@context\":\"https:\/\/schema.org\",\"@graph\":[{\"@type\":\"WebPage\",\"@id\":\"https:\/\/akunq.net\/tr\/?p=28651\",\"url\":\"https:\/\/akunq.net\/tr\/?p=28651\",\"name\":\"\u2018Kiliseye giderim, Allah\u2019\u0131m\u0131 bilirim, MHP\u2019liyim\u2019 - Bati Ermenistan Ve Bati Ermenileri Sorunlari Ara\u015ftirmalar Merkezi\",\"isPartOf\":{\"@id\":\"https:\/\/akunq.net\/tr\/#website\"},\"datePublished\":\"2014-03-01T07:37:21+00:00\",\"author\":{\"@id\":\"https:\/\/akunq.net\/tr\/#\/schema\/person\/096f1d38a12cce57fb855b485ed24c9e\"},\"breadcrumb\":{\"@id\":\"https:\/\/akunq.net\/tr\/?p=28651#breadcrumb\"},\"inLanguage\":\"en-US\",\"potentialAction\":[{\"@type\":\"ReadAction\",\"target\":[\"https:\/\/akunq.net\/tr\/?p=28651\"]}]},{\"@type\":\"BreadcrumbList\",\"@id\":\"https:\/\/akunq.net\/tr\/?p=28651#breadcrumb\",\"itemListElement\":[{\"@type\":\"ListItem\",\"position\":1,\"name\":\"Home\",\"item\":\"https:\/\/akunq.net\/tr\"},{\"@type\":\"ListItem\",\"position\":2,\"name\":\"\u2018Kiliseye giderim, Allah\u2019\u0131m\u0131 bilirim, MHP\u2019liyim\u2019\"}]},{\"@type\":\"WebSite\",\"@id\":\"https:\/\/akunq.net\/tr\/#website\",\"url\":\"https:\/\/akunq.net\/tr\/\",\"name\":\"Bati Ermenistan Ve Bati Ermenileri Sorunlari Ara\u015ftirmalar Merkezi\",\"description\":\"\",\"potentialAction\":[{\"@type\":\"SearchAction\",\"target\":{\"@type\":\"EntryPoint\",\"urlTemplate\":\"https:\/\/akunq.net\/tr\/?s={search_term_string}\"},\"query-input\":{\"@type\":\"PropertyValueSpecification\",\"valueRequired\":true,\"valueName\":\"search_term_string\"}}],\"inLanguage\":\"en-US\"},{\"@type\":\"Person\",\"@id\":\"https:\/\/akunq.net\/tr\/#\/schema\/person\/096f1d38a12cce57fb855b485ed24c9e\",\"name\":\"admin\",\"url\":\"https:\/\/akunq.net\/tr\/?author=7\"}]}<\/script>\n<!-- \/ Yoast SEO plugin. -->","yoast_head_json":{"title":"\u2018Kiliseye giderim, Allah\u2019\u0131m\u0131 bilirim, MHP\u2019liyim\u2019 - Bati Ermenistan Ve Bati Ermenileri Sorunlari Ara\u015ftirmalar Merkezi","robots":{"index":"index","follow":"follow","max-snippet":"max-snippet:-1","max-image-preview":"max-image-preview:large","max-video-preview":"max-video-preview:-1"},"canonical":"https:\/\/akunq.net\/tr\/?p=28651","og_locale":"en_US","og_type":"article","og_title":"\u2018Kiliseye giderim, Allah\u2019\u0131m\u0131 bilirim, MHP\u2019liyim\u2019 - Bati Ermenistan Ve Bati Ermenileri Sorunlari Ara\u015ftirmalar Merkezi","og_description":"EMRE ERTAN\u0130 Milliyet\u00e7i Hareket Partisi\u2019nin (MHP) Bak\u0131rk\u00f6y\u2019de iki Ermeni\u2019yi belediye meclis \u00fcyesi aday\u0131 g\u00f6stermesi duyanlar\u0131 bir hayli \u015fa\u015f\u0131rtt\u0131. Ad\u0131na uygun olarak y\u0131llard\u0131r T\u00fcrk milliyet\u00e7isi bir siyasi \u00e7izgiyi benimseyen bir partide, Ermeni adaylar\u0131n kendilerini nas\u0131l konuland\u0131rd\u0131klar\u0131n\u0131 anlamak do\u011frusu bir hayli zor. Milliyet\u00e7i Hareket Partisi\u2019nin (MHP) Bak\u0131rk\u00f6y\u2019de iki Ermeni\u2019yi belediye meclis \u00fcyesi aday\u0131 g\u00f6stermesi duyanlar\u0131 bir hayli [&hellip;]","og_url":"https:\/\/akunq.net\/tr\/?p=28651","og_site_name":"Bati Ermenistan Ve Bati Ermenileri Sorunlari Ara\u015ftirmalar Merkezi","article_published_time":"2014-03-01T07:37:21+00:00","author":"admin","twitter_card":"summary_large_image","twitter_misc":{"Written by":"admin","Est. reading time":"5 minutes"},"schema":{"@context":"https:\/\/schema.org","@graph":[{"@type":"WebPage","@id":"https:\/\/akunq.net\/tr\/?p=28651","url":"https:\/\/akunq.net\/tr\/?p=28651","name":"\u2018Kiliseye giderim, Allah\u2019\u0131m\u0131 bilirim, MHP\u2019liyim\u2019 - Bati Ermenistan Ve Bati Ermenileri Sorunlari Ara\u015ftirmalar Merkezi","isPartOf":{"@id":"https:\/\/akunq.net\/tr\/#website"},"datePublished":"2014-03-01T07:37:21+00:00","author":{"@id":"https:\/\/akunq.net\/tr\/#\/schema\/person\/096f1d38a12cce57fb855b485ed24c9e"},"breadcrumb":{"@id":"https:\/\/akunq.net\/tr\/?p=28651#breadcrumb"},"inLanguage":"en-US","potentialAction":[{"@type":"ReadAction","target":["https:\/\/akunq.net\/tr\/?p=28651"]}]},{"@type":"BreadcrumbList","@id":"https:\/\/akunq.net\/tr\/?p=28651#breadcrumb","itemListElement":[{"@type":"ListItem","position":1,"name":"Home","item":"https:\/\/akunq.net\/tr"},{"@type":"ListItem","position":2,"name":"\u2018Kiliseye giderim, Allah\u2019\u0131m\u0131 bilirim, MHP\u2019liyim\u2019"}]},{"@type":"WebSite","@id":"https:\/\/akunq.net\/tr\/#website","url":"https:\/\/akunq.net\/tr\/","name":"Bati Ermenistan Ve Bati Ermenileri Sorunlari Ara\u015ftirmalar Merkezi","description":"","potentialAction":[{"@type":"SearchAction","target":{"@type":"EntryPoint","urlTemplate":"https:\/\/akunq.net\/tr\/?s={search_term_string}"},"query-input":{"@type":"PropertyValueSpecification","valueRequired":true,"valueName":"search_term_string"}}],"inLanguage":"en-US"},{"@type":"Person","@id":"https:\/\/akunq.net\/tr\/#\/schema\/person\/096f1d38a12cce57fb855b485ed24c9e","name":"admin","url":"https:\/\/akunq.net\/tr\/?author=7"}]}},"_links":{"self":[{"href":"https:\/\/akunq.net\/tr\/index.php?rest_route=\/wp\/v2\/posts\/28651","targetHints":{"allow":["GET"]}}],"collection":[{"href":"https:\/\/akunq.net\/tr\/index.php?rest_route=\/wp\/v2\/posts"}],"about":[{"href":"https:\/\/akunq.net\/tr\/index.php?rest_route=\/wp\/v2\/types\/post"}],"author":[{"embeddable":true,"href":"https:\/\/akunq.net\/tr\/index.php?rest_route=\/wp\/v2\/users\/7"}],"replies":[{"embeddable":true,"href":"https:\/\/akunq.net\/tr\/index.php?rest_route=%2Fwp%2Fv2%2Fcomments&post=28651"}],"version-history":[{"count":1,"href":"https:\/\/akunq.net\/tr\/index.php?rest_route=\/wp\/v2\/posts\/28651\/revisions"}],"predecessor-version":[{"id":28653,"href":"https:\/\/akunq.net\/tr\/index.php?rest_route=\/wp\/v2\/posts\/28651\/revisions\/28653"}],"wp:attachment":[{"href":"https:\/\/akunq.net\/tr\/index.php?rest_route=%2Fwp%2Fv2%2Fmedia&parent=28651"}],"wp:term":[{"taxonomy":"category","embeddable":true,"href":"https:\/\/akunq.net\/tr\/index.php?rest_route=%2Fwp%2Fv2%2Fcategories&post=28651"},{"taxonomy":"post_tag","embeddable":true,"href":"https:\/\/akunq.net\/tr\/index.php?rest_route=%2Fwp%2Fv2%2Ftags&post=28651"}],"curies":[{"name":"wp","href":"https:\/\/api.w.org\/{rel}","templated":true}]}}