{"id":28642,"date":"2014-02-28T03:06:55","date_gmt":"2014-02-28T08:06:55","guid":{"rendered":"http:\/\/akunq.net\/tr\/?p=28642"},"modified":"2014-02-28T03:06:55","modified_gmt":"2014-02-28T08:06:55","slug":"sarmazanov-ermeniler-ve-yunanlilar-turk-inkarciligina-karsi-birlikte-mucadele-etmeliler","status":"publish","type":"post","link":"https:\/\/akunq.net\/tr\/?p=28642","title":{"rendered":"\u015earmazanov: Ermeniler ve Yunanl\u0131lar, T\u00fcrk inkarc\u0131l\u0131\u011f\u0131na kar\u015f\u0131 birlikte m\u00fccadele etmeliler"},"content":{"rendered":"<p style=\"text-align: justify;\"><b><i><a href=\"http:\/\/akunq.net\/tr\/?attachment_id=28643\" rel=\"attachment wp-att-28643\"><img loading=\"lazy\" decoding=\"async\" class=\"alignright size-medium wp-image-28643\" alt=\"\u015earmazanov\" src=\"http:\/\/akunq.net\/tr\/wp-content\/uploads\/2014\/02\/\u015earmazanov-300x225.jpg\" width=\"300\" height=\"225\" srcset=\"https:\/\/akunq.net\/tr\/wp-content\/uploads\/sites\/6\/2014\/02\/\u015earmazanov-300x225.jpg 300w, https:\/\/akunq.net\/tr\/wp-content\/uploads\/sites\/6\/2014\/02\/\u015earmazanov.jpg 312w\" sizes=\"auto, (max-width: 300px) 100vw, 300px\" \/><\/a>Ermenistan Millet Meclisi B\u015fk. Yard. Eduard \u015earmazanov ve Meclis Ermenistan-Yunanistan Dostluk Grubu \u00fcyeleri Yunanstan Meclis B\u015fk. Vangelis Meymarakis ba\u015fkal\u0131\u011f\u0131ndaki heyetle bir araya geldi.<\/i><\/b><\/p>\n<p style=\"text-align: justify;\">Meclis Ermenistan-Yunanistan Dostluk Grubu B\u015fk. Eduard \u015earmazanov, konuklar\u0131 Meclis\u2019te kabulden memnuniyetini ifade etti, Ermeniler ve Yunanl\u0131lar\u0131n ortak tarih ve de\u011ferler sistemi olan halklar oldu\u011funu ve inkarc\u0131l\u0131\u011fa kar\u015f\u0131 birlikte m\u00fccadele etmeleri gerekti\u011fini belirtti. \u015earmazanov, benzeri ziyaretlerin iki \u00fclke ba\u011flar\u0131n\u0131n peki\u015fmesine katk\u0131da bulundu\u011funu kanaatini ifade etti. Meclis B\u015fk. Yard. Dostluk gruplar\u0131n\u0131n i\u015fbirli\u011fine de\u011findi, dost halklar\u0131n uluslararas\u0131 platformlardaki i\u015fbirli\u011finin de \u00f6nemini vurgulad\u0131.<\/p>\n<p style=\"text-align: justify;\">Yunan Meclis B\u015fk., Yunan ve Ermeni milletvekillerinin Avrupa kurumlar\u0131nda s\u0131k\u0131 i\u015fbirli\u011finde bulunduklar\u0131 ve birbirlerine destek olduklar\u0131n\u0131 belirtti. Vangelis Meymarakis Ermeni-Yunan ili\u015fkilerinin y\u00fcksek d\u00fczeyde bulundu\u011funu, daha da geli\u015fip derinle\u015fece\u011fi kanaatini belirtti. Meymarakis b\u00f6lgedeki geli\u015fmelerden olduk\u00e7a haberdar olduklar\u0131n\u0131 ve sorunlar\u0131n diyalog, i\u015fbirli\u011fi \u00a0yoluyla \u00e7\u00f6z\u00fclmesi gerekti\u011fini kaydetti.<\/p>\n<p style=\"text-align: justify;\">Ermenistan-Yunanistan Dostluk Grubu \u00fcyeleri, Yunan Meclis ba\u015fkan\u0131n\u0131, Meclis \u015eeref madalyas\u0131yla \u00f6d\u00fcllendirilmesi vesilesiyle tebrik ettiler.<\/p>\n<p style=\"text-align: justify;\"><b><i>http:\/\/news.am\/tur\/news\/196102.html<\/i><\/b><\/p>\n","protected":false},"excerpt":{"rendered":"<p>Ermenistan Millet Meclisi B\u015fk. Yard. Eduard \u015earmazanov ve Meclis Ermenistan-Yunanistan Dostluk Grubu \u00fcyeleri Yunanstan Meclis B\u015fk. Vangelis Meymarakis ba\u015fkal\u0131\u011f\u0131ndaki heyetle bir araya geldi. Meclis Ermenistan-Yunanistan Dostluk Grubu B\u015fk. Eduard \u015earmazanov, konuklar\u0131 Meclis\u2019te kabulden memnuniyetini ifade etti, Ermeniler ve Yunanl\u0131lar\u0131n ortak tarih ve de\u011ferler sistemi olan halklar oldu\u011funu ve inkarc\u0131l\u0131\u011fa kar\u015f\u0131 birlikte m\u00fccadele etmeleri gerekti\u011fini belirtti. [&hellip;]<\/p>\n","protected":false},"author":7,"featured_media":0,"comment_status":"open","ping_status":"open","sticky":false,"template":"","format":"standard","meta":{"footnotes":""},"categories":[1],"tags":[],"class_list":["post-28642","post","type-post","status-publish","format-standard","hentry","category-haberler"],"yoast_head":"<!-- This site is optimized with the Yoast SEO plugin v26.6 - https:\/\/yoast.com\/wordpress\/plugins\/seo\/ -->\n<title>\u015earmazanov: Ermeniler ve Yunanl\u0131lar, T\u00fcrk inkarc\u0131l\u0131\u011f\u0131na kar\u015f\u0131 birlikte m\u00fccadele etmeliler - Bati Ermenistan Ve Bati Ermenileri Sorunlari Ara\u015ftirmalar Merkezi<\/title>\n<meta name=\"robots\" content=\"index, follow, max-snippet:-1, max-image-preview:large, max-video-preview:-1\" \/>\n<link rel=\"canonical\" href=\"https:\/\/akunq.net\/tr\/?p=28642\" \/>\n<meta property=\"og:locale\" content=\"en_US\" \/>\n<meta property=\"og:type\" content=\"article\" \/>\n<meta property=\"og:title\" content=\"\u015earmazanov: Ermeniler ve Yunanl\u0131lar, T\u00fcrk inkarc\u0131l\u0131\u011f\u0131na kar\u015f\u0131 birlikte m\u00fccadele etmeliler - Bati Ermenistan Ve Bati Ermenileri Sorunlari Ara\u015ftirmalar Merkezi\" \/>\n<meta property=\"og:description\" content=\"Ermenistan Millet Meclisi B\u015fk. Yard. Eduard \u015earmazanov ve Meclis Ermenistan-Yunanistan Dostluk Grubu \u00fcyeleri Yunanstan Meclis B\u015fk. Vangelis Meymarakis ba\u015fkal\u0131\u011f\u0131ndaki heyetle bir araya geldi. Meclis Ermenistan-Yunanistan Dostluk Grubu B\u015fk. Eduard \u015earmazanov, konuklar\u0131 Meclis\u2019te kabulden memnuniyetini ifade etti, Ermeniler ve Yunanl\u0131lar\u0131n ortak tarih ve de\u011ferler sistemi olan halklar oldu\u011funu ve inkarc\u0131l\u0131\u011fa kar\u015f\u0131 birlikte m\u00fccadele etmeleri gerekti\u011fini belirtti. [&hellip;]\" \/>\n<meta property=\"og:url\" content=\"https:\/\/akunq.net\/tr\/?p=28642\" \/>\n<meta property=\"og:site_name\" content=\"Bati Ermenistan Ve Bati Ermenileri Sorunlari Ara\u015ftirmalar Merkezi\" \/>\n<meta property=\"article:published_time\" content=\"2014-02-28T08:06:55+00:00\" \/>\n<meta name=\"author\" content=\"admin\" \/>\n<meta name=\"twitter:card\" content=\"summary_large_image\" \/>\n<meta name=\"twitter:label1\" content=\"Written by\" \/>\n\t<meta name=\"twitter:data1\" content=\"admin\" \/>\n\t<meta name=\"twitter:label2\" content=\"Est. reading time\" \/>\n\t<meta name=\"twitter:data2\" content=\"1 minute\" \/>\n<script type=\"application\/ld+json\" class=\"yoast-schema-graph\">{\"@context\":\"https:\/\/schema.org\",\"@graph\":[{\"@type\":\"WebPage\",\"@id\":\"https:\/\/akunq.net\/tr\/?p=28642\",\"url\":\"https:\/\/akunq.net\/tr\/?p=28642\",\"name\":\"\u015earmazanov: Ermeniler ve Yunanl\u0131lar, T\u00fcrk inkarc\u0131l\u0131\u011f\u0131na kar\u015f\u0131 birlikte m\u00fccadele etmeliler - Bati Ermenistan Ve Bati Ermenileri Sorunlari Ara\u015ftirmalar Merkezi\",\"isPartOf\":{\"@id\":\"https:\/\/akunq.net\/tr\/#website\"},\"datePublished\":\"2014-02-28T08:06:55+00:00\",\"author\":{\"@id\":\"https:\/\/akunq.net\/tr\/#\/schema\/person\/096f1d38a12cce57fb855b485ed24c9e\"},\"breadcrumb\":{\"@id\":\"https:\/\/akunq.net\/tr\/?p=28642#breadcrumb\"},\"inLanguage\":\"en-US\",\"potentialAction\":[{\"@type\":\"ReadAction\",\"target\":[\"https:\/\/akunq.net\/tr\/?p=28642\"]}]},{\"@type\":\"BreadcrumbList\",\"@id\":\"https:\/\/akunq.net\/tr\/?p=28642#breadcrumb\",\"itemListElement\":[{\"@type\":\"ListItem\",\"position\":1,\"name\":\"Home\",\"item\":\"https:\/\/akunq.net\/tr\"},{\"@type\":\"ListItem\",\"position\":2,\"name\":\"\u015earmazanov: Ermeniler ve Yunanl\u0131lar, T\u00fcrk inkarc\u0131l\u0131\u011f\u0131na kar\u015f\u0131 birlikte m\u00fccadele etmeliler\"}]},{\"@type\":\"WebSite\",\"@id\":\"https:\/\/akunq.net\/tr\/#website\",\"url\":\"https:\/\/akunq.net\/tr\/\",\"name\":\"Bati Ermenistan Ve Bati Ermenileri Sorunlari Ara\u015ftirmalar Merkezi\",\"description\":\"\",\"potentialAction\":[{\"@type\":\"SearchAction\",\"target\":{\"@type\":\"EntryPoint\",\"urlTemplate\":\"https:\/\/akunq.net\/tr\/?s={search_term_string}\"},\"query-input\":{\"@type\":\"PropertyValueSpecification\",\"valueRequired\":true,\"valueName\":\"search_term_string\"}}],\"inLanguage\":\"en-US\"},{\"@type\":\"Person\",\"@id\":\"https:\/\/akunq.net\/tr\/#\/schema\/person\/096f1d38a12cce57fb855b485ed24c9e\",\"name\":\"admin\",\"url\":\"https:\/\/akunq.net\/tr\/?author=7\"}]}<\/script>\n<!-- \/ Yoast SEO plugin. -->","yoast_head_json":{"title":"\u015earmazanov: Ermeniler ve Yunanl\u0131lar, T\u00fcrk inkarc\u0131l\u0131\u011f\u0131na kar\u015f\u0131 birlikte m\u00fccadele etmeliler - Bati Ermenistan Ve Bati Ermenileri Sorunlari Ara\u015ftirmalar Merkezi","robots":{"index":"index","follow":"follow","max-snippet":"max-snippet:-1","max-image-preview":"max-image-preview:large","max-video-preview":"max-video-preview:-1"},"canonical":"https:\/\/akunq.net\/tr\/?p=28642","og_locale":"en_US","og_type":"article","og_title":"\u015earmazanov: Ermeniler ve Yunanl\u0131lar, T\u00fcrk inkarc\u0131l\u0131\u011f\u0131na kar\u015f\u0131 birlikte m\u00fccadele etmeliler - Bati Ermenistan Ve Bati Ermenileri Sorunlari Ara\u015ftirmalar Merkezi","og_description":"Ermenistan Millet Meclisi B\u015fk. Yard. Eduard \u015earmazanov ve Meclis Ermenistan-Yunanistan Dostluk Grubu \u00fcyeleri Yunanstan Meclis B\u015fk. Vangelis Meymarakis ba\u015fkal\u0131\u011f\u0131ndaki heyetle bir araya geldi. Meclis Ermenistan-Yunanistan Dostluk Grubu B\u015fk. Eduard \u015earmazanov, konuklar\u0131 Meclis\u2019te kabulden memnuniyetini ifade etti, Ermeniler ve Yunanl\u0131lar\u0131n ortak tarih ve de\u011ferler sistemi olan halklar oldu\u011funu ve inkarc\u0131l\u0131\u011fa kar\u015f\u0131 birlikte m\u00fccadele etmeleri gerekti\u011fini belirtti. [&hellip;]","og_url":"https:\/\/akunq.net\/tr\/?p=28642","og_site_name":"Bati Ermenistan Ve Bati Ermenileri Sorunlari Ara\u015ftirmalar Merkezi","article_published_time":"2014-02-28T08:06:55+00:00","author":"admin","twitter_card":"summary_large_image","twitter_misc":{"Written by":"admin","Est. reading time":"1 minute"},"schema":{"@context":"https:\/\/schema.org","@graph":[{"@type":"WebPage","@id":"https:\/\/akunq.net\/tr\/?p=28642","url":"https:\/\/akunq.net\/tr\/?p=28642","name":"\u015earmazanov: Ermeniler ve Yunanl\u0131lar, T\u00fcrk inkarc\u0131l\u0131\u011f\u0131na kar\u015f\u0131 birlikte m\u00fccadele etmeliler - Bati Ermenistan Ve Bati Ermenileri Sorunlari Ara\u015ftirmalar Merkezi","isPartOf":{"@id":"https:\/\/akunq.net\/tr\/#website"},"datePublished":"2014-02-28T08:06:55+00:00","author":{"@id":"https:\/\/akunq.net\/tr\/#\/schema\/person\/096f1d38a12cce57fb855b485ed24c9e"},"breadcrumb":{"@id":"https:\/\/akunq.net\/tr\/?p=28642#breadcrumb"},"inLanguage":"en-US","potentialAction":[{"@type":"ReadAction","target":["https:\/\/akunq.net\/tr\/?p=28642"]}]},{"@type":"BreadcrumbList","@id":"https:\/\/akunq.net\/tr\/?p=28642#breadcrumb","itemListElement":[{"@type":"ListItem","position":1,"name":"Home","item":"https:\/\/akunq.net\/tr"},{"@type":"ListItem","position":2,"name":"\u015earmazanov: Ermeniler ve Yunanl\u0131lar, T\u00fcrk inkarc\u0131l\u0131\u011f\u0131na kar\u015f\u0131 birlikte m\u00fccadele etmeliler"}]},{"@type":"WebSite","@id":"https:\/\/akunq.net\/tr\/#website","url":"https:\/\/akunq.net\/tr\/","name":"Bati Ermenistan Ve Bati Ermenileri Sorunlari Ara\u015ftirmalar Merkezi","description":"","potentialAction":[{"@type":"SearchAction","target":{"@type":"EntryPoint","urlTemplate":"https:\/\/akunq.net\/tr\/?s={search_term_string}"},"query-input":{"@type":"PropertyValueSpecification","valueRequired":true,"valueName":"search_term_string"}}],"inLanguage":"en-US"},{"@type":"Person","@id":"https:\/\/akunq.net\/tr\/#\/schema\/person\/096f1d38a12cce57fb855b485ed24c9e","name":"admin","url":"https:\/\/akunq.net\/tr\/?author=7"}]}},"_links":{"self":[{"href":"https:\/\/akunq.net\/tr\/index.php?rest_route=\/wp\/v2\/posts\/28642","targetHints":{"allow":["GET"]}}],"collection":[{"href":"https:\/\/akunq.net\/tr\/index.php?rest_route=\/wp\/v2\/posts"}],"about":[{"href":"https:\/\/akunq.net\/tr\/index.php?rest_route=\/wp\/v2\/types\/post"}],"author":[{"embeddable":true,"href":"https:\/\/akunq.net\/tr\/index.php?rest_route=\/wp\/v2\/users\/7"}],"replies":[{"embeddable":true,"href":"https:\/\/akunq.net\/tr\/index.php?rest_route=%2Fwp%2Fv2%2Fcomments&post=28642"}],"version-history":[{"count":1,"href":"https:\/\/akunq.net\/tr\/index.php?rest_route=\/wp\/v2\/posts\/28642\/revisions"}],"predecessor-version":[{"id":28644,"href":"https:\/\/akunq.net\/tr\/index.php?rest_route=\/wp\/v2\/posts\/28642\/revisions\/28644"}],"wp:attachment":[{"href":"https:\/\/akunq.net\/tr\/index.php?rest_route=%2Fwp%2Fv2%2Fmedia&parent=28642"}],"wp:term":[{"taxonomy":"category","embeddable":true,"href":"https:\/\/akunq.net\/tr\/index.php?rest_route=%2Fwp%2Fv2%2Fcategories&post=28642"},{"taxonomy":"post_tag","embeddable":true,"href":"https:\/\/akunq.net\/tr\/index.php?rest_route=%2Fwp%2Fv2%2Ftags&post=28642"}],"curies":[{"name":"wp","href":"https:\/\/api.w.org\/{rel}","templated":true}]}}