{"id":28632,"date":"2014-02-27T04:09:07","date_gmt":"2014-02-27T09:09:07","guid":{"rendered":"http:\/\/akunq.net\/tr\/?p=28632"},"modified":"2014-02-27T04:09:07","modified_gmt":"2014-02-27T09:09:07","slug":"sumela-manastiri-da-turkmus-meger","status":"publish","type":"post","link":"https:\/\/akunq.net\/tr\/?p=28632","title":{"rendered":"S\u00fcmela Manast\u0131r\u0131 da T\u00fcrk\u2019m\u00fc\u015f me\u011fer!"},"content":{"rendered":"<p style=\"text-align: justify;\"><b><a href=\"http:\/\/akunq.net\/tr\/?attachment_id=28633\" rel=\"attachment wp-att-28633\"><img loading=\"lazy\" decoding=\"async\" class=\"alignright size-medium wp-image-28633\" alt=\"S\u00fcmela Manast\u0131r\u0131\" src=\"http:\/\/akunq.net\/tr\/wp-content\/uploads\/2014\/02\/S\u00fcmela-Manast\u0131r\u0131-300x218.jpg\" width=\"300\" height=\"218\" srcset=\"https:\/\/akunq.net\/tr\/wp-content\/uploads\/sites\/6\/2014\/02\/S\u00fcmela-Manast\u0131r\u0131-300x218.jpg 300w, https:\/\/akunq.net\/tr\/wp-content\/uploads\/sites\/6\/2014\/02\/S\u00fcmela-Manast\u0131r\u0131.jpg 548w\" sizes=\"auto, (max-width: 300px) 100vw, 300px\" \/><\/a>SERDAR KORUCU<\/b><\/p>\n<p style=\"text-align: justify;\"><b><i>H\u00fck\u00fcmetin 2010 y\u0131l\u0131ndan itibaren sadece 15 A\u011fustos\u2019taki \u2018Meryem Ana Yortusu\u2019nda ibadet edilmesine izin verdi\u011fi S\u00fcmela Manast\u0131r\u0131 i\u00e7in AK Parti&#8217;li Trabzon Belediyesi\u2019nin sitesinde tart\u0131\u015fmal\u0131 ifadeler kullan\u0131l\u0131yor. Belediyeye g\u00f6re \u2018yamaca yap\u0131\u015fm\u0131\u015f bir harabe\u2019 olan manast\u0131r\u0131n y\u00fczlerce y\u0131ll\u0131k rivayetleri \u2018basit bir H\u0131ristiyanl\u0131k gayreti ile\u2019 yarat\u0131lm\u0131\u015f ve zorla kabul ettirilmi\u015f! Sitede yer alan a\u00e7\u0131klamaya g\u00f6re duvar s\u00fcsleri de \u2018T\u00fcrk taklidi\u2019.<\/i><\/b><\/p>\n<p style=\"text-align: justify;\">Karadeniz\u2019de y\u00fczy\u0131llar boyunca Rum n\u00fcfusun en \u00f6nemli dini merkezi olan S\u00fcmela Manast\u0131r\u0131 i\u00e7in Trabzon Belediyesi \u2018harabe\u2019 nitelemesi yapt\u0131:<\/p>\n<p style=\"text-align: justify;\">\u201cTrabzon\u2019un g\u00fcneyinde, Ziganalar\u2019\u0131n bir tepesinin yamac\u0131na yap\u0131\u015fm\u0131\u015f bir manast\u0131r harabesi vard\u0131r\u2026 Halk buraya k\u0131saca Meryem Ana der. Eski ad\u0131 ise Sumela Manast\u0131r\u0131\u2019d\u0131r\u2026\u201d<\/p>\n<p style=\"text-align: justify;\"><b>\u2018BAS\u0130T B\u0130R HIR\u0130ST\u0130YANLIK GAYRET\u0130 \u0130LE YARATILDI, ZORLA KABUL ETT\u0130R\u0130LD\u0130\u2019<\/b><\/p>\n<p style=\"text-align: justify;\">Belediye\u2019nin resmi internet sitesinde yer alan yaz\u0131da manast\u0131r tarihinde \u00f6nemli yer tutan, Aziz Luka taraf\u0131ndan \u00e7izilen ve mucizeler yapt\u0131\u011f\u0131na inan\u0131lan \u2018Panagia Soumela\u2019 ikonas\u0131n\u0131n tarihinin de ger\u00e7e\u011fi yans\u0131tmad\u0131\u011f\u0131 iddia edildi:<\/p>\n<p style=\"text-align: justify;\">\u201cBuran\u0131n ba\u015fl\u0131ca gelir kayna\u011f\u0131 olan bir Meryem Ana resminin eskili\u011fine ve mucizeler yaratt\u0131\u011f\u0131na halk\u0131 inand\u0131rmak b\u00f6ylece onun de\u011ferini b\u00fcy\u00fcltmek i\u00e7in uyduruldu\u011fu kolayca sezilen bir efsaneye g\u00f6re g\u00fcya bu resim, \u0130sa\u2019n\u0131n Havarilerinden Lukas taraf\u0131ndan yap\u0131lm\u0131\u015f, Lukas\u2019\u0131n terekesinden Atina\u2019ya ge\u00e7mi\u015f fakat Theodosius devrinde, d\u00f6rd\u00fcnc\u00fc y\u00fczy\u0131lda resim kendili\u011finden buradan ayr\u0131lmak istemi\u015f, bir g\u00fcn melekler taraf\u0131ndan g\u00f6kte u\u00e7urularak Trabzon da\u011flar\u0131ndaki bu kovu\u011fa getirilip bir ta\u015f\u0131n \u00fczerine b\u0131rak\u0131lm\u0131\u015ft\u0131r.<\/p>\n<p style=\"text-align: justify;\">Tam bu s\u0131ralarda Atina\u2019dan Trabzon\u2019a gelen Barnabas ve Sophronios adlar\u0131nda iki ke\u015fi\u015f de bu \u00fccra da\u011f\u0131n \u0131ss\u0131z yamac\u0131nda bu resmi bulmu\u015flard\u0131r. Bu \u00e7e\u015fit rivayet ve efsanelerin basit bir H\u0131ristiyanl\u0131k gayreti ile yarat\u0131ld\u0131 ve m\u00fctemadiyen tekrarlanarak adeta zorla kabul ettirildi\u011fi bilinir. B\u00f6ylece hakk\u0131nda benzeri rivayetler \u00e7\u0131kar\u0131lan tesisler de g\u00fcya \u00e7ok eski bir tarihe inmektedir. Sumela m\u00fcnferit bir \u00f6rnek olmay\u0131p, e\u015f durumdaki bir\u00e7ok misalden sadece biridir.\u201d<\/p>\n<p style=\"text-align: justify;\"><b>\u2018\u0130KONA S\u0130MS\u0130YAH, \u00c7ATLAK, ORTADAN AYRILMI\u015e B\u0130R TAHTAYDI\u2019<\/b><\/p>\n<p style=\"text-align: justify;\">Yaz\u0131da kutsal say\u0131lan ikona i\u00e7in \u201cBu \u00fczerinde herhangi bir \u00e7izgi, boya daha do\u011frusu resme benzeyen bir unsur te\u015fhis edilemeyen simsiyah, \u00e7atlak ayr\u0131ca da ortadan ayr\u0131lm\u0131\u015f bir tahtadan ibaret idi\u201d ifadeleri kullan\u0131ld\u0131.<\/p>\n<p style=\"text-align: justify;\">Sitede manast\u0131r\u0131 \u015fimdiki durumuna getiren 13. y\u00fczy\u0131ldaki Komnenos Hanedan\u0131\u2019n\u0131nsa T\u00fcrk beylikleri ile ili\u015fkisi \u00f6n plana \u00e7\u0131kart\u0131ld\u0131:<\/p>\n<p style=\"text-align: justify;\">\u201cBilhassa kom\u015fu T\u00fcrk beylikleri ile \u00e7ok yak\u0131n ve girift temaslar\u0131 bulunan Trabzon Kommenoslar\u0131\u2019ndan III Alexios (1349-1390) bu manast\u0131r\u0131n esas kurucusu say\u0131labilir. \u0130ki k\u0131z karde\u015fi T\u00fcrk beyleri ile evli olan, kendi d\u00f6rt k\u0131z\u0131n\u0131 da kom\u015fu T\u00fcrk beylerine veren III. Alexios\u2019unSumela\u2019ya \u00f6zel bir ilgi g\u00f6sterdi\u011fi kaynak ve belgelerden anla\u015f\u0131lmaktad\u0131r.\u201d<\/p>\n<p style=\"text-align: justify;\"><b>\u2018FRESKOLARI \u2018B\u0130LG\u0130L\u0130\u2019 YABANCILAR S\u00d6K\u00dcP G\u00d6T\u00dcRD\u00dc\u2019<\/b><\/p>\n<p style=\"text-align: justify;\">T\u00fcrkiye- Yunanistan aras\u0131ndaki m\u00fcbadele s\u00fcrecini \u201cTrabzon\u2019un 18 Nisan 1916\u2019dan, 24 \u015eubat 1918\u2019e kadar s\u00fcren Rus i\u015fgali, burada bir H\u0131ristiyan Pontus devletinin tekrar kurulaca\u011f\u0131 \u00fcmitlerini do\u011furmu\u015ftu. Kurtulu\u015f Sava\u015f\u0131 sonunda, bu \u00fcmit kap\u0131lar\u0131n\u0131 kapamak \u00fczere 1923\u2019te b\u00fct\u00fcn Rumlar\u0131n Yunanistan\u2019a g\u00f6nderilmeleri ile Sumela Manast\u0131r\u0131 bo\u015falt\u0131lm\u0131\u015ft\u0131r\u201d ifadeleri ile anlatan site, manast\u0131rdan \u00e7al\u0131nan freskler i\u00e7inse \u015fu imada bulundu:<\/p>\n<p style=\"text-align: justify;\">\u201cBurada ilk bak\u0131\u015fta dikkati \u00e7eken husus darmada\u011f\u0131n bir harabe g\u00f6r\u00fcn\u00fc\u015f\u00fc ve duvarlardaki Freskolar\u0131n, ustal\u0131kl\u0131 bir \u015fekilde muntazam kareler halinde kesilerek yerlerinden s\u00f6k\u00fcl\u00fcp g\u00f6t\u00fcr\u00fclm\u00fc\u015f olmas\u0131d\u0131r. Son derecede zor olan bu i\u015fin ba\u015far\u0131l\u0131 \u015fekilde yap\u0131lmas\u0131, bunu oral\u0131lar\u0131n de\u011fil, bu \u00e7e\u015fit hat\u0131ralara merakl\u0131 ve gerekli bilgiye sahip \u2018bilgili\u2019 yabanc\u0131 ziyaret\u00e7iler taraf\u0131ndan yap\u0131ld\u0131\u011f\u0131n\u0131 g\u00f6sterir.\u201d<\/p>\n<p style=\"text-align: justify;\"><b>\u2018SANAT VE M\u0130MAR\u0130 \u00d6ZELL\u0130\u011e\u0130 YOK\u2019<\/b><\/p>\n<p style=\"text-align: justify;\">\u201cB\u00fcy\u00fckl\u00fc\u011f\u00fc ile konumundan ba\u015fka, kayda de\u011fer hi\u00e7bir sanat ve mimari \u00f6zelli\u011fi olmayan bir bina\u201d olarak nitelenen Manast\u0131r binas\u0131 i\u00e7in \u201cAdeta kitlesi ile da\u011f\u0131n kayalar\u0131nda uzaklardan beyaz bir leke halinde ta\u015fan bu k\u0131\u015fla bi\u00e7imli yap\u0131\u201d ifadesi kullan\u0131ld\u0131.<\/p>\n<p style=\"text-align: justify;\"><b>\u2018S\u00dcSLEMELER T\u00dcRK TAKL\u0130D\u0130\u2019<\/b><\/p>\n<p style=\"text-align: justify;\">Yaz\u0131da avlunun etraf\u0131ndaki binalarda T\u00fcrk sanat\u0131n\u0131n etkilerinin bulundu\u011fu vurguland\u0131, binadaki i\u015f\u00e7ili\u011fin T\u00fcrk binalar\u0131ndan taklit edildi\u011fi de \u00f6ne s\u00fcr\u00fcld\u00fc:<\/p>\n<p style=\"text-align: justify;\">\u201cOdalarda dolaplar, h\u00fccreler ve ocaklar bu k\u00fc\u00e7\u00fck mekanlara bir T\u00fcrk entery\u00f6r\u00fc havas\u0131 vermektedir. Kutsal suyu toplayan \u015fad\u0131rvan da, sivri kemerleri ile T\u00fcrk mimar\u0131 karakterindedir. Fakat en dikkat \u00e7ekici nokta, baz\u0131 duvarlarda koyu k\u0131rm\u0131z\u0131 boya ile yap\u0131lm\u0131\u015f duvar s\u00fcsleridir ki bunlar 18. y\u00fczy\u0131l T\u00fcrk binalar\u0131ndaki tu\u011fla derz s\u00fcslemelerinin boya ile yap\u0131lm\u0131\u015f taklitleridir. Sumela\u2019n\u0131n y\u00fcz metre kadar kuzeyinde, yine da\u011f yamac\u0131na oyulmu\u015f, eri\u015filmez durumda ve i\u00e7inde Fresko resimler olan bir ma\u011fara \u015fapellerinin de varl\u0131\u011f\u0131 s\u00f6ylenir.\u201d<\/p>\n<p style=\"text-align: justify;\"><b><i>serdarkorucu@hotmail.com\u00a0\u00a0\u00a0\u00a0\u00a0\u00a0\u00a0\u00a0\u00a0\u00a0\u00a0\u00a0\u00a0\u00a0\u00a0\u00a0\u00a0\u00a0\u00a0\u00a0\u00a0 <\/i><\/b><\/p>\n<p style=\"text-align: justify;\"><b><i>http:\/\/www.agos.com.tr\/sumela-manastiri-da-turkmus-meger-6669.html<\/i><\/b><\/p>\n","protected":false},"excerpt":{"rendered":"<p>SERDAR KORUCU H\u00fck\u00fcmetin 2010 y\u0131l\u0131ndan itibaren sadece 15 A\u011fustos\u2019taki \u2018Meryem Ana Yortusu\u2019nda ibadet edilmesine izin verdi\u011fi S\u00fcmela Manast\u0131r\u0131 i\u00e7in AK Parti&#8217;li Trabzon Belediyesi\u2019nin sitesinde tart\u0131\u015fmal\u0131 ifadeler kullan\u0131l\u0131yor. Belediyeye g\u00f6re \u2018yamaca yap\u0131\u015fm\u0131\u015f bir harabe\u2019 olan manast\u0131r\u0131n y\u00fczlerce y\u0131ll\u0131k rivayetleri \u2018basit bir H\u0131ristiyanl\u0131k gayreti ile\u2019 yarat\u0131lm\u0131\u015f ve zorla kabul ettirilmi\u015f! Sitede yer alan a\u00e7\u0131klamaya g\u00f6re duvar s\u00fcsleri [&hellip;]<\/p>\n","protected":false},"author":7,"featured_media":0,"comment_status":"open","ping_status":"open","sticky":false,"template":"","format":"standard","meta":{"footnotes":""},"categories":[1],"tags":[],"class_list":["post-28632","post","type-post","status-publish","format-standard","hentry","category-haberler"],"yoast_head":"<!-- This site is optimized with the Yoast SEO plugin v26.6 - https:\/\/yoast.com\/wordpress\/plugins\/seo\/ -->\n<title>S\u00fcmela Manast\u0131r\u0131 da T\u00fcrk\u2019m\u00fc\u015f me\u011fer! - Bati Ermenistan Ve Bati Ermenileri Sorunlari Ara\u015ftirmalar Merkezi<\/title>\n<meta name=\"robots\" content=\"index, follow, max-snippet:-1, max-image-preview:large, max-video-preview:-1\" \/>\n<link rel=\"canonical\" href=\"https:\/\/akunq.net\/tr\/?p=28632\" \/>\n<meta property=\"og:locale\" content=\"en_US\" \/>\n<meta property=\"og:type\" content=\"article\" \/>\n<meta property=\"og:title\" content=\"S\u00fcmela Manast\u0131r\u0131 da T\u00fcrk\u2019m\u00fc\u015f me\u011fer! - Bati Ermenistan Ve Bati Ermenileri Sorunlari Ara\u015ftirmalar Merkezi\" \/>\n<meta property=\"og:description\" content=\"SERDAR KORUCU H\u00fck\u00fcmetin 2010 y\u0131l\u0131ndan itibaren sadece 15 A\u011fustos\u2019taki \u2018Meryem Ana Yortusu\u2019nda ibadet edilmesine izin verdi\u011fi S\u00fcmela Manast\u0131r\u0131 i\u00e7in AK Parti&#8217;li Trabzon Belediyesi\u2019nin sitesinde tart\u0131\u015fmal\u0131 ifadeler kullan\u0131l\u0131yor. Belediyeye g\u00f6re \u2018yamaca yap\u0131\u015fm\u0131\u015f bir harabe\u2019 olan manast\u0131r\u0131n y\u00fczlerce y\u0131ll\u0131k rivayetleri \u2018basit bir H\u0131ristiyanl\u0131k gayreti ile\u2019 yarat\u0131lm\u0131\u015f ve zorla kabul ettirilmi\u015f! Sitede yer alan a\u00e7\u0131klamaya g\u00f6re duvar s\u00fcsleri [&hellip;]\" \/>\n<meta property=\"og:url\" content=\"https:\/\/akunq.net\/tr\/?p=28632\" \/>\n<meta property=\"og:site_name\" content=\"Bati Ermenistan Ve Bati Ermenileri Sorunlari Ara\u015ftirmalar Merkezi\" \/>\n<meta property=\"article:published_time\" content=\"2014-02-27T09:09:07+00:00\" \/>\n<meta name=\"author\" content=\"admin\" \/>\n<meta name=\"twitter:card\" content=\"summary_large_image\" \/>\n<meta name=\"twitter:label1\" content=\"Written by\" \/>\n\t<meta name=\"twitter:data1\" content=\"admin\" \/>\n\t<meta name=\"twitter:label2\" content=\"Est. reading time\" \/>\n\t<meta name=\"twitter:data2\" content=\"4 minutes\" \/>\n<script type=\"application\/ld+json\" class=\"yoast-schema-graph\">{\"@context\":\"https:\/\/schema.org\",\"@graph\":[{\"@type\":\"WebPage\",\"@id\":\"https:\/\/akunq.net\/tr\/?p=28632\",\"url\":\"https:\/\/akunq.net\/tr\/?p=28632\",\"name\":\"S\u00fcmela Manast\u0131r\u0131 da T\u00fcrk\u2019m\u00fc\u015f me\u011fer! - Bati Ermenistan Ve Bati Ermenileri Sorunlari Ara\u015ftirmalar Merkezi\",\"isPartOf\":{\"@id\":\"https:\/\/akunq.net\/tr\/#website\"},\"datePublished\":\"2014-02-27T09:09:07+00:00\",\"author\":{\"@id\":\"https:\/\/akunq.net\/tr\/#\/schema\/person\/096f1d38a12cce57fb855b485ed24c9e\"},\"breadcrumb\":{\"@id\":\"https:\/\/akunq.net\/tr\/?p=28632#breadcrumb\"},\"inLanguage\":\"en-US\",\"potentialAction\":[{\"@type\":\"ReadAction\",\"target\":[\"https:\/\/akunq.net\/tr\/?p=28632\"]}]},{\"@type\":\"BreadcrumbList\",\"@id\":\"https:\/\/akunq.net\/tr\/?p=28632#breadcrumb\",\"itemListElement\":[{\"@type\":\"ListItem\",\"position\":1,\"name\":\"Home\",\"item\":\"https:\/\/akunq.net\/tr\"},{\"@type\":\"ListItem\",\"position\":2,\"name\":\"S\u00fcmela Manast\u0131r\u0131 da T\u00fcrk\u2019m\u00fc\u015f me\u011fer!\"}]},{\"@type\":\"WebSite\",\"@id\":\"https:\/\/akunq.net\/tr\/#website\",\"url\":\"https:\/\/akunq.net\/tr\/\",\"name\":\"Bati Ermenistan Ve Bati Ermenileri Sorunlari Ara\u015ftirmalar Merkezi\",\"description\":\"\",\"potentialAction\":[{\"@type\":\"SearchAction\",\"target\":{\"@type\":\"EntryPoint\",\"urlTemplate\":\"https:\/\/akunq.net\/tr\/?s={search_term_string}\"},\"query-input\":{\"@type\":\"PropertyValueSpecification\",\"valueRequired\":true,\"valueName\":\"search_term_string\"}}],\"inLanguage\":\"en-US\"},{\"@type\":\"Person\",\"@id\":\"https:\/\/akunq.net\/tr\/#\/schema\/person\/096f1d38a12cce57fb855b485ed24c9e\",\"name\":\"admin\",\"url\":\"https:\/\/akunq.net\/tr\/?author=7\"}]}<\/script>\n<!-- \/ Yoast SEO plugin. -->","yoast_head_json":{"title":"S\u00fcmela Manast\u0131r\u0131 da T\u00fcrk\u2019m\u00fc\u015f me\u011fer! - Bati Ermenistan Ve Bati Ermenileri Sorunlari Ara\u015ftirmalar Merkezi","robots":{"index":"index","follow":"follow","max-snippet":"max-snippet:-1","max-image-preview":"max-image-preview:large","max-video-preview":"max-video-preview:-1"},"canonical":"https:\/\/akunq.net\/tr\/?p=28632","og_locale":"en_US","og_type":"article","og_title":"S\u00fcmela Manast\u0131r\u0131 da T\u00fcrk\u2019m\u00fc\u015f me\u011fer! - Bati Ermenistan Ve Bati Ermenileri Sorunlari Ara\u015ftirmalar Merkezi","og_description":"SERDAR KORUCU H\u00fck\u00fcmetin 2010 y\u0131l\u0131ndan itibaren sadece 15 A\u011fustos\u2019taki \u2018Meryem Ana Yortusu\u2019nda ibadet edilmesine izin verdi\u011fi S\u00fcmela Manast\u0131r\u0131 i\u00e7in AK Parti&#8217;li Trabzon Belediyesi\u2019nin sitesinde tart\u0131\u015fmal\u0131 ifadeler kullan\u0131l\u0131yor. Belediyeye g\u00f6re \u2018yamaca yap\u0131\u015fm\u0131\u015f bir harabe\u2019 olan manast\u0131r\u0131n y\u00fczlerce y\u0131ll\u0131k rivayetleri \u2018basit bir H\u0131ristiyanl\u0131k gayreti ile\u2019 yarat\u0131lm\u0131\u015f ve zorla kabul ettirilmi\u015f! Sitede yer alan a\u00e7\u0131klamaya g\u00f6re duvar s\u00fcsleri [&hellip;]","og_url":"https:\/\/akunq.net\/tr\/?p=28632","og_site_name":"Bati Ermenistan Ve Bati Ermenileri Sorunlari Ara\u015ftirmalar Merkezi","article_published_time":"2014-02-27T09:09:07+00:00","author":"admin","twitter_card":"summary_large_image","twitter_misc":{"Written by":"admin","Est. reading time":"4 minutes"},"schema":{"@context":"https:\/\/schema.org","@graph":[{"@type":"WebPage","@id":"https:\/\/akunq.net\/tr\/?p=28632","url":"https:\/\/akunq.net\/tr\/?p=28632","name":"S\u00fcmela Manast\u0131r\u0131 da T\u00fcrk\u2019m\u00fc\u015f me\u011fer! - Bati Ermenistan Ve Bati Ermenileri Sorunlari Ara\u015ftirmalar Merkezi","isPartOf":{"@id":"https:\/\/akunq.net\/tr\/#website"},"datePublished":"2014-02-27T09:09:07+00:00","author":{"@id":"https:\/\/akunq.net\/tr\/#\/schema\/person\/096f1d38a12cce57fb855b485ed24c9e"},"breadcrumb":{"@id":"https:\/\/akunq.net\/tr\/?p=28632#breadcrumb"},"inLanguage":"en-US","potentialAction":[{"@type":"ReadAction","target":["https:\/\/akunq.net\/tr\/?p=28632"]}]},{"@type":"BreadcrumbList","@id":"https:\/\/akunq.net\/tr\/?p=28632#breadcrumb","itemListElement":[{"@type":"ListItem","position":1,"name":"Home","item":"https:\/\/akunq.net\/tr"},{"@type":"ListItem","position":2,"name":"S\u00fcmela Manast\u0131r\u0131 da T\u00fcrk\u2019m\u00fc\u015f me\u011fer!"}]},{"@type":"WebSite","@id":"https:\/\/akunq.net\/tr\/#website","url":"https:\/\/akunq.net\/tr\/","name":"Bati Ermenistan Ve Bati Ermenileri Sorunlari Ara\u015ftirmalar Merkezi","description":"","potentialAction":[{"@type":"SearchAction","target":{"@type":"EntryPoint","urlTemplate":"https:\/\/akunq.net\/tr\/?s={search_term_string}"},"query-input":{"@type":"PropertyValueSpecification","valueRequired":true,"valueName":"search_term_string"}}],"inLanguage":"en-US"},{"@type":"Person","@id":"https:\/\/akunq.net\/tr\/#\/schema\/person\/096f1d38a12cce57fb855b485ed24c9e","name":"admin","url":"https:\/\/akunq.net\/tr\/?author=7"}]}},"_links":{"self":[{"href":"https:\/\/akunq.net\/tr\/index.php?rest_route=\/wp\/v2\/posts\/28632","targetHints":{"allow":["GET"]}}],"collection":[{"href":"https:\/\/akunq.net\/tr\/index.php?rest_route=\/wp\/v2\/posts"}],"about":[{"href":"https:\/\/akunq.net\/tr\/index.php?rest_route=\/wp\/v2\/types\/post"}],"author":[{"embeddable":true,"href":"https:\/\/akunq.net\/tr\/index.php?rest_route=\/wp\/v2\/users\/7"}],"replies":[{"embeddable":true,"href":"https:\/\/akunq.net\/tr\/index.php?rest_route=%2Fwp%2Fv2%2Fcomments&post=28632"}],"version-history":[{"count":1,"href":"https:\/\/akunq.net\/tr\/index.php?rest_route=\/wp\/v2\/posts\/28632\/revisions"}],"predecessor-version":[{"id":28634,"href":"https:\/\/akunq.net\/tr\/index.php?rest_route=\/wp\/v2\/posts\/28632\/revisions\/28634"}],"wp:attachment":[{"href":"https:\/\/akunq.net\/tr\/index.php?rest_route=%2Fwp%2Fv2%2Fmedia&parent=28632"}],"wp:term":[{"taxonomy":"category","embeddable":true,"href":"https:\/\/akunq.net\/tr\/index.php?rest_route=%2Fwp%2Fv2%2Fcategories&post=28632"},{"taxonomy":"post_tag","embeddable":true,"href":"https:\/\/akunq.net\/tr\/index.php?rest_route=%2Fwp%2Fv2%2Ftags&post=28632"}],"curies":[{"name":"wp","href":"https:\/\/api.w.org\/{rel}","templated":true}]}}