{"id":28629,"date":"2014-02-27T03:11:31","date_gmt":"2014-02-27T08:11:31","guid":{"rendered":"http:\/\/akunq.net\/tr\/?p=28629"},"modified":"2014-02-27T03:11:31","modified_gmt":"2014-02-27T08:11:31","slug":"ali-nesin-nisanyan-apar-topar-buca-cezaevine-nakledildi","status":"publish","type":"post","link":"https:\/\/akunq.net\/tr\/?p=28629","title":{"rendered":"Ali Nesin: Ni\u015fanyan apar topar Buca cezaevine nakledildi!"},"content":{"rendered":"<p style=\"text-align: justify;\"><strong><a href=\"http:\/\/akunq.net\/tr\/?attachment_id=28630\" rel=\"attachment wp-att-28630\"><img loading=\"lazy\" decoding=\"async\" class=\"alignright size-medium wp-image-28630\" alt=\"Ali Nesin\" src=\"http:\/\/akunq.net\/tr\/wp-content\/uploads\/2014\/02\/Ali-Nesin-300x138.jpg\" width=\"300\" height=\"138\" srcset=\"https:\/\/akunq.net\/tr\/wp-content\/uploads\/sites\/6\/2014\/02\/Ali-Nesin-300x138.jpg 300w, https:\/\/akunq.net\/tr\/wp-content\/uploads\/sites\/6\/2014\/02\/Ali-Nesin-600x276.jpg 600w, https:\/\/akunq.net\/tr\/wp-content\/uploads\/sites\/6\/2014\/02\/Ali-Nesin.jpg 630w\" sizes=\"auto, (max-width: 300px) 100vw, 300px\" \/><\/a>HRANT KASPARYAN<\/strong><br \/>\n<em><strong>Sevan Ni\u015fanyan kapal\u0131 cezaevine s\u00fcr\u00fcld\u00fc\u2026<\/strong><\/em><br \/>\nYazar, turizmci Sevan Ni\u015fanyan tutuklu bulundu\u011fu Torbal\u0131 A\u00e7\u0131k Cezaevi\u2019nden Buca Kapal\u0131 Cezaevi\u2019ne s\u00fcrg\u00fcn edildi. Ni\u015fanyan hakk\u0131nda, Torbal\u0131 Cezaevi\u2019ndeki bir gardiyan\u0131n h\u0131rs\u0131zl\u0131k yapt\u0131\u011f\u0131n\u0131 yazd\u0131\u011f\u0131 yaz\u0131s\u0131 gerek\u00e7e g\u00f6sterilerek soru\u015fturma a\u00e7\u0131lm\u0131\u015ft\u0131. D\u00fcn sorguya al\u0131nan Ni\u015fanyan, bir saat ifade verdikten sonra ak\u015fam saatlerinde Buca Kapal\u0131 Ceza \u0130nfaz Kurumu\u2019na sevk edildi.<br \/>\nNi\u015fanyan\u2019\u0131n cezas\u0131 az olanlar\u0131n tutuldu\u011fu ve ko\u015fullar\u0131 daha esnek olan Torbal\u0131 A\u00e7\u0131k Cezaevi\u2019nden Buca Kapal\u0131 Cezaevi\u2019ne sevk edilmesi s\u00fcrg\u00fcn ve cezaland\u0131rma anlam\u0131na geliyor.<\/p>\n<p style=\"text-align: justify;\"><strong>\u201cBU B\u0130R SKANDALDIR\u201d<\/strong><br \/>\nNi\u015fanyan\u2019\u0131n kapal\u0131 cezaevine nakledilmesi ayd\u0131nlar taraf\u0131ndan da tepkiyle kar\u015f\u0131land\u0131. Karar\u0131n bir skandal oldu\u011funu belirten Nesin Vakf\u0131 Ba\u015fkan\u0131 Ali Nesin, \u201cSevan Ni\u015fanyan apar topar Buca kapal\u0131 cezaevine nakledildi. \u2018Su\u00e7u\u2019, kredi kart\u0131n\u0131 \u00e7alan gardiyan\u0131 if\u015fa etmek. Bu bir skandald\u0131r\u201d dedi.<\/p>\n<p style=\"text-align: justify;\"><strong>KAMPANYA \u00c7A\u011eRISI<\/strong><br \/>\nNesin, \u201cSevan Ni\u015fanyan \u00fczerindeki bask\u0131 ve k\u0131s\u0131tlamalar kald\u0131r\u0131lmal\u0131d\u0131r\u201d ba\u015fl\u0131\u011f\u0131yla internet \u00fczerinde ba\u015flat\u0131lan imza kampanyas\u0131n\u0131 Sevan Ni\u015fanyan\u2019\u0131n facebook sayfas\u0131nda payla\u015farak kat\u0131l\u0131m i\u00e7in \u00e7a\u011fr\u0131da bulundu.<br \/>\n\u201cKa\u00e7ak yap\u0131lar ve \u00e7arp\u0131k kentle\u015fme cehennemi olan \u00fclkemizde \u015eirince\u2019yi bir turizm ve k\u00fclt\u00fcr cenneti haline getiren Ni\u015fanyan\u2019a verilen ceza haks\u0131z ve utan\u00e7 vericidir\u201d ifadelerinin yer ald\u0131\u011f\u0131 kampanyayla, Sevan Ni\u015fanyan\u2019\u0131n fikir, \u00e7al\u0131\u015fma ve ara\u015ft\u0131rma \u00f6zg\u00fcrl\u00fc\u011f\u00fcne engel olmaya y\u00f6nelik t\u00fcm k\u0131s\u0131tlama ceza ve bask\u0131lar\u0131n derhal kald\u0131r\u0131lmas\u0131 talep ediliyor.<\/p>\n<p style=\"text-align: justify;\"><strong>\u201cN\u0130\u015eANYAN\u2019IN DURUMUNDAN END\u0130\u015eEL\u0130Y\u0130Z\u201d<\/strong><br \/>\nNi\u015fanyan\u2019\u0131n Torbal\u0131 A\u00e7\u0131k Cezaevi\u2019nde k\u00f6t\u00fc muameleyle kar\u015f\u0131 kar\u015f\u0131ya b\u0131rak\u0131ld\u0131\u011f\u0131n\u0131 belirten yazar Sait \u00c7etino\u011flu \u015funlar\u0131 s\u00f6yledi: \u201cDevletimiz t\u00fcm bu karga\u015fada Sevan Ni\u015fanyan ile ilgilenmeyi de ihmal etmiyor. D\u00fcn ifadesi al\u0131nan Sevan Ni\u015fanyan, kapal\u0131 cezaevine \u2018s\u00fcrg\u00fcn\u2019 edilmi\u015ftir. Sevan Ni\u015fanyan\u2019\u0131n durumundan endi\u015feliyiz. Torbal\u0131 A\u00e7\u0131k Cezaevi, tarihe, bu \u00fclkeye bunca de\u011fer katm\u0131\u015f bir ayd\u0131na yapt\u0131klar\u0131 k\u00f6t\u00fc muamele ile zihinlere kaydoldu. Biz onlar\u0131n ad\u0131na utan\u0131yoruz.\u201d<br \/>\n\u0130zmir\u2019in \u015eirince k\u00f6y\u00fcndeki kendi arazisi \u00fczerine in\u015fa etti\u011fi 40 metrekarelik bir yap\u0131 gerek\u00e7esiyle iki y\u0131l hapis cezas\u0131na \u00e7arpt\u0131r\u0131lm\u0131\u015ft\u0131. Karar\u0131n Yarg\u0131tay taraf\u0131ndan onaylanmas\u0131n\u0131n ard\u0131ndan Torbal\u0131 A\u00e7\u0131k Cezaevi\u2019ne teslim olan Ni\u015fanyan 19 \u015eubat 2014\u2019te gazeteci Hasan Cemal\u2019e yazd\u0131\u011f\u0131 mektupta, a\u00e7\u0131k cezaevinde bulunmas\u0131na ra\u011fmen ayr\u0131mc\u0131 uygulamalara maruz kald\u0131\u011f\u0131n\u0131 ifade etmi\u015fti.<\/p>\n<p style=\"text-align: justify;\"><em><strong>http:\/\/www.demokrathaber.net\/guncel\/ali-nesin-nisanyan-apar-topar-buca-cezaevine-nakledildi-h28895.html<\/strong><\/em><\/p>\n","protected":false},"excerpt":{"rendered":"<p>HRANT KASPARYAN Sevan Ni\u015fanyan kapal\u0131 cezaevine s\u00fcr\u00fcld\u00fc\u2026 Yazar, turizmci Sevan Ni\u015fanyan tutuklu bulundu\u011fu Torbal\u0131 A\u00e7\u0131k Cezaevi\u2019nden Buca Kapal\u0131 Cezaevi\u2019ne s\u00fcrg\u00fcn edildi. Ni\u015fanyan hakk\u0131nda, Torbal\u0131 Cezaevi\u2019ndeki bir gardiyan\u0131n h\u0131rs\u0131zl\u0131k yapt\u0131\u011f\u0131n\u0131 yazd\u0131\u011f\u0131 yaz\u0131s\u0131 gerek\u00e7e g\u00f6sterilerek soru\u015fturma a\u00e7\u0131lm\u0131\u015ft\u0131. D\u00fcn sorguya al\u0131nan Ni\u015fanyan, bir saat ifade verdikten sonra ak\u015fam saatlerinde Buca Kapal\u0131 Ceza \u0130nfaz Kurumu\u2019na sevk edildi. Ni\u015fanyan\u2019\u0131n cezas\u0131 [&hellip;]<\/p>\n","protected":false},"author":7,"featured_media":0,"comment_status":"open","ping_status":"open","sticky":false,"template":"","format":"standard","meta":{"footnotes":""},"categories":[1],"tags":[],"class_list":["post-28629","post","type-post","status-publish","format-standard","hentry","category-haberler"],"yoast_head":"<!-- This site is optimized with the Yoast SEO plugin v26.6 - https:\/\/yoast.com\/wordpress\/plugins\/seo\/ -->\n<title>Ali Nesin: Ni\u015fanyan apar topar Buca cezaevine nakledildi! - Bati Ermenistan Ve Bati Ermenileri Sorunlari Ara\u015ftirmalar Merkezi<\/title>\n<meta name=\"robots\" content=\"index, follow, max-snippet:-1, max-image-preview:large, max-video-preview:-1\" \/>\n<link rel=\"canonical\" href=\"https:\/\/akunq.net\/tr\/?p=28629\" \/>\n<meta property=\"og:locale\" content=\"en_US\" \/>\n<meta property=\"og:type\" content=\"article\" \/>\n<meta property=\"og:title\" content=\"Ali Nesin: Ni\u015fanyan apar topar Buca cezaevine nakledildi! - Bati Ermenistan Ve Bati Ermenileri Sorunlari Ara\u015ftirmalar Merkezi\" \/>\n<meta property=\"og:description\" content=\"HRANT KASPARYAN Sevan Ni\u015fanyan kapal\u0131 cezaevine s\u00fcr\u00fcld\u00fc\u2026 Yazar, turizmci Sevan Ni\u015fanyan tutuklu bulundu\u011fu Torbal\u0131 A\u00e7\u0131k Cezaevi\u2019nden Buca Kapal\u0131 Cezaevi\u2019ne s\u00fcrg\u00fcn edildi. Ni\u015fanyan hakk\u0131nda, Torbal\u0131 Cezaevi\u2019ndeki bir gardiyan\u0131n h\u0131rs\u0131zl\u0131k yapt\u0131\u011f\u0131n\u0131 yazd\u0131\u011f\u0131 yaz\u0131s\u0131 gerek\u00e7e g\u00f6sterilerek soru\u015fturma a\u00e7\u0131lm\u0131\u015ft\u0131. D\u00fcn sorguya al\u0131nan Ni\u015fanyan, bir saat ifade verdikten sonra ak\u015fam saatlerinde Buca Kapal\u0131 Ceza \u0130nfaz Kurumu\u2019na sevk edildi. Ni\u015fanyan\u2019\u0131n cezas\u0131 [&hellip;]\" \/>\n<meta property=\"og:url\" content=\"https:\/\/akunq.net\/tr\/?p=28629\" \/>\n<meta property=\"og:site_name\" content=\"Bati Ermenistan Ve Bati Ermenileri Sorunlari Ara\u015ftirmalar Merkezi\" \/>\n<meta property=\"article:published_time\" content=\"2014-02-27T08:11:31+00:00\" \/>\n<meta property=\"og:image\" content=\"http:\/\/akunq.net\/tr\/wp-content\/uploads\/2014\/02\/Ali-Nesin-300x138.jpg\" \/>\n<meta name=\"author\" content=\"admin\" \/>\n<meta name=\"twitter:card\" content=\"summary_large_image\" \/>\n<meta name=\"twitter:label1\" content=\"Written by\" \/>\n\t<meta name=\"twitter:data1\" content=\"admin\" \/>\n\t<meta name=\"twitter:label2\" content=\"Est. reading time\" \/>\n\t<meta name=\"twitter:data2\" content=\"2 minutes\" \/>\n<script type=\"application\/ld+json\" class=\"yoast-schema-graph\">{\"@context\":\"https:\/\/schema.org\",\"@graph\":[{\"@type\":\"WebPage\",\"@id\":\"https:\/\/akunq.net\/tr\/?p=28629\",\"url\":\"https:\/\/akunq.net\/tr\/?p=28629\",\"name\":\"Ali Nesin: Ni\u015fanyan apar topar Buca cezaevine nakledildi! - Bati Ermenistan Ve Bati Ermenileri Sorunlari Ara\u015ftirmalar Merkezi\",\"isPartOf\":{\"@id\":\"https:\/\/akunq.net\/tr\/#website\"},\"primaryImageOfPage\":{\"@id\":\"https:\/\/akunq.net\/tr\/?p=28629#primaryimage\"},\"image\":{\"@id\":\"https:\/\/akunq.net\/tr\/?p=28629#primaryimage\"},\"thumbnailUrl\":\"http:\/\/akunq.net\/tr\/wp-content\/uploads\/2014\/02\/Ali-Nesin-300x138.jpg\",\"datePublished\":\"2014-02-27T08:11:31+00:00\",\"author\":{\"@id\":\"https:\/\/akunq.net\/tr\/#\/schema\/person\/096f1d38a12cce57fb855b485ed24c9e\"},\"breadcrumb\":{\"@id\":\"https:\/\/akunq.net\/tr\/?p=28629#breadcrumb\"},\"inLanguage\":\"en-US\",\"potentialAction\":[{\"@type\":\"ReadAction\",\"target\":[\"https:\/\/akunq.net\/tr\/?p=28629\"]}]},{\"@type\":\"ImageObject\",\"inLanguage\":\"en-US\",\"@id\":\"https:\/\/akunq.net\/tr\/?p=28629#primaryimage\",\"url\":\"https:\/\/akunq.net\/tr\/wp-content\/uploads\/sites\/6\/2014\/02\/Ali-Nesin.jpg\",\"contentUrl\":\"https:\/\/akunq.net\/tr\/wp-content\/uploads\/sites\/6\/2014\/02\/Ali-Nesin.jpg\",\"width\":630,\"height\":290},{\"@type\":\"BreadcrumbList\",\"@id\":\"https:\/\/akunq.net\/tr\/?p=28629#breadcrumb\",\"itemListElement\":[{\"@type\":\"ListItem\",\"position\":1,\"name\":\"Home\",\"item\":\"https:\/\/akunq.net\/tr\"},{\"@type\":\"ListItem\",\"position\":2,\"name\":\"Ali Nesin: Ni\u015fanyan apar topar Buca cezaevine nakledildi!\"}]},{\"@type\":\"WebSite\",\"@id\":\"https:\/\/akunq.net\/tr\/#website\",\"url\":\"https:\/\/akunq.net\/tr\/\",\"name\":\"Bati Ermenistan Ve Bati Ermenileri Sorunlari Ara\u015ftirmalar Merkezi\",\"description\":\"\",\"potentialAction\":[{\"@type\":\"SearchAction\",\"target\":{\"@type\":\"EntryPoint\",\"urlTemplate\":\"https:\/\/akunq.net\/tr\/?s={search_term_string}\"},\"query-input\":{\"@type\":\"PropertyValueSpecification\",\"valueRequired\":true,\"valueName\":\"search_term_string\"}}],\"inLanguage\":\"en-US\"},{\"@type\":\"Person\",\"@id\":\"https:\/\/akunq.net\/tr\/#\/schema\/person\/096f1d38a12cce57fb855b485ed24c9e\",\"name\":\"admin\",\"url\":\"https:\/\/akunq.net\/tr\/?author=7\"}]}<\/script>\n<!-- \/ Yoast SEO plugin. -->","yoast_head_json":{"title":"Ali Nesin: Ni\u015fanyan apar topar Buca cezaevine nakledildi! - Bati Ermenistan Ve Bati Ermenileri Sorunlari Ara\u015ftirmalar Merkezi","robots":{"index":"index","follow":"follow","max-snippet":"max-snippet:-1","max-image-preview":"max-image-preview:large","max-video-preview":"max-video-preview:-1"},"canonical":"https:\/\/akunq.net\/tr\/?p=28629","og_locale":"en_US","og_type":"article","og_title":"Ali Nesin: Ni\u015fanyan apar topar Buca cezaevine nakledildi! - Bati Ermenistan Ve Bati Ermenileri Sorunlari Ara\u015ftirmalar Merkezi","og_description":"HRANT KASPARYAN Sevan Ni\u015fanyan kapal\u0131 cezaevine s\u00fcr\u00fcld\u00fc\u2026 Yazar, turizmci Sevan Ni\u015fanyan tutuklu bulundu\u011fu Torbal\u0131 A\u00e7\u0131k Cezaevi\u2019nden Buca Kapal\u0131 Cezaevi\u2019ne s\u00fcrg\u00fcn edildi. Ni\u015fanyan hakk\u0131nda, Torbal\u0131 Cezaevi\u2019ndeki bir gardiyan\u0131n h\u0131rs\u0131zl\u0131k yapt\u0131\u011f\u0131n\u0131 yazd\u0131\u011f\u0131 yaz\u0131s\u0131 gerek\u00e7e g\u00f6sterilerek soru\u015fturma a\u00e7\u0131lm\u0131\u015ft\u0131. D\u00fcn sorguya al\u0131nan Ni\u015fanyan, bir saat ifade verdikten sonra ak\u015fam saatlerinde Buca Kapal\u0131 Ceza \u0130nfaz Kurumu\u2019na sevk edildi. Ni\u015fanyan\u2019\u0131n cezas\u0131 [&hellip;]","og_url":"https:\/\/akunq.net\/tr\/?p=28629","og_site_name":"Bati Ermenistan Ve Bati Ermenileri Sorunlari Ara\u015ftirmalar Merkezi","article_published_time":"2014-02-27T08:11:31+00:00","og_image":[{"url":"http:\/\/akunq.net\/tr\/wp-content\/uploads\/2014\/02\/Ali-Nesin-300x138.jpg","type":"","width":"","height":""}],"author":"admin","twitter_card":"summary_large_image","twitter_misc":{"Written by":"admin","Est. reading time":"2 minutes"},"schema":{"@context":"https:\/\/schema.org","@graph":[{"@type":"WebPage","@id":"https:\/\/akunq.net\/tr\/?p=28629","url":"https:\/\/akunq.net\/tr\/?p=28629","name":"Ali Nesin: Ni\u015fanyan apar topar Buca cezaevine nakledildi! - Bati Ermenistan Ve Bati Ermenileri Sorunlari Ara\u015ftirmalar Merkezi","isPartOf":{"@id":"https:\/\/akunq.net\/tr\/#website"},"primaryImageOfPage":{"@id":"https:\/\/akunq.net\/tr\/?p=28629#primaryimage"},"image":{"@id":"https:\/\/akunq.net\/tr\/?p=28629#primaryimage"},"thumbnailUrl":"http:\/\/akunq.net\/tr\/wp-content\/uploads\/2014\/02\/Ali-Nesin-300x138.jpg","datePublished":"2014-02-27T08:11:31+00:00","author":{"@id":"https:\/\/akunq.net\/tr\/#\/schema\/person\/096f1d38a12cce57fb855b485ed24c9e"},"breadcrumb":{"@id":"https:\/\/akunq.net\/tr\/?p=28629#breadcrumb"},"inLanguage":"en-US","potentialAction":[{"@type":"ReadAction","target":["https:\/\/akunq.net\/tr\/?p=28629"]}]},{"@type":"ImageObject","inLanguage":"en-US","@id":"https:\/\/akunq.net\/tr\/?p=28629#primaryimage","url":"https:\/\/akunq.net\/tr\/wp-content\/uploads\/sites\/6\/2014\/02\/Ali-Nesin.jpg","contentUrl":"https:\/\/akunq.net\/tr\/wp-content\/uploads\/sites\/6\/2014\/02\/Ali-Nesin.jpg","width":630,"height":290},{"@type":"BreadcrumbList","@id":"https:\/\/akunq.net\/tr\/?p=28629#breadcrumb","itemListElement":[{"@type":"ListItem","position":1,"name":"Home","item":"https:\/\/akunq.net\/tr"},{"@type":"ListItem","position":2,"name":"Ali Nesin: Ni\u015fanyan apar topar Buca cezaevine nakledildi!"}]},{"@type":"WebSite","@id":"https:\/\/akunq.net\/tr\/#website","url":"https:\/\/akunq.net\/tr\/","name":"Bati Ermenistan Ve Bati Ermenileri Sorunlari Ara\u015ftirmalar Merkezi","description":"","potentialAction":[{"@type":"SearchAction","target":{"@type":"EntryPoint","urlTemplate":"https:\/\/akunq.net\/tr\/?s={search_term_string}"},"query-input":{"@type":"PropertyValueSpecification","valueRequired":true,"valueName":"search_term_string"}}],"inLanguage":"en-US"},{"@type":"Person","@id":"https:\/\/akunq.net\/tr\/#\/schema\/person\/096f1d38a12cce57fb855b485ed24c9e","name":"admin","url":"https:\/\/akunq.net\/tr\/?author=7"}]}},"_links":{"self":[{"href":"https:\/\/akunq.net\/tr\/index.php?rest_route=\/wp\/v2\/posts\/28629","targetHints":{"allow":["GET"]}}],"collection":[{"href":"https:\/\/akunq.net\/tr\/index.php?rest_route=\/wp\/v2\/posts"}],"about":[{"href":"https:\/\/akunq.net\/tr\/index.php?rest_route=\/wp\/v2\/types\/post"}],"author":[{"embeddable":true,"href":"https:\/\/akunq.net\/tr\/index.php?rest_route=\/wp\/v2\/users\/7"}],"replies":[{"embeddable":true,"href":"https:\/\/akunq.net\/tr\/index.php?rest_route=%2Fwp%2Fv2%2Fcomments&post=28629"}],"version-history":[{"count":1,"href":"https:\/\/akunq.net\/tr\/index.php?rest_route=\/wp\/v2\/posts\/28629\/revisions"}],"predecessor-version":[{"id":28631,"href":"https:\/\/akunq.net\/tr\/index.php?rest_route=\/wp\/v2\/posts\/28629\/revisions\/28631"}],"wp:attachment":[{"href":"https:\/\/akunq.net\/tr\/index.php?rest_route=%2Fwp%2Fv2%2Fmedia&parent=28629"}],"wp:term":[{"taxonomy":"category","embeddable":true,"href":"https:\/\/akunq.net\/tr\/index.php?rest_route=%2Fwp%2Fv2%2Fcategories&post=28629"},{"taxonomy":"post_tag","embeddable":true,"href":"https:\/\/akunq.net\/tr\/index.php?rest_route=%2Fwp%2Fv2%2Ftags&post=28629"}],"curies":[{"name":"wp","href":"https:\/\/api.w.org\/{rel}","templated":true}]}}