{"id":28626,"date":"2014-02-27T03:00:14","date_gmt":"2014-02-27T08:00:14","guid":{"rendered":"http:\/\/akunq.net\/tr\/?p=28626"},"modified":"2014-02-27T03:00:14","modified_gmt":"2014-02-27T08:00:14","slug":"yasasin-samastlar-pankartina-suc-duyurusu","status":"publish","type":"post","link":"https:\/\/akunq.net\/tr\/?p=28626","title":{"rendered":"&#8220;Ya\u015fas\u0131n Samastlar&#8221; Pankart\u0131na Su\u00e7 Duyurusu"},"content":{"rendered":"<p style=\"text-align: justify;\"><b><i><a href=\"http:\/\/akunq.net\/tr\/?attachment_id=28627\" rel=\"attachment wp-att-28627\"><img loading=\"lazy\" decoding=\"async\" class=\"alignright size-medium wp-image-28627\" alt=\"\u057a\u0561\u057d\u057f\u0561\u057c\" src=\"http:\/\/akunq.net\/tr\/wp-content\/uploads\/2014\/02\/\u057a\u0561\u057d\u057f\u0561\u057c-300x206.jpg\" width=\"300\" height=\"206\" srcset=\"https:\/\/akunq.net\/tr\/wp-content\/uploads\/sites\/6\/2014\/02\/\u057a\u0561\u057d\u057f\u0561\u057c-300x206.jpg 300w, https:\/\/akunq.net\/tr\/wp-content\/uploads\/sites\/6\/2014\/02\/\u057a\u0561\u057d\u057f\u0561\u057c.jpg 307w\" sizes=\"auto, (max-width: 300px) 100vw, 300px\" \/><\/a>\u0130HD, Agos gazetesi \u00f6n\u00fcnde a\u00e7\u0131lan &#8220;Ya\u015fas\u0131n Og\u00fcn Samastlar, Kahrolsun Hrant Dinkler&#8221; pankart\u0131yla ilgili su\u00e7 duyurusunda bulundu.<\/i><\/b><\/p>\n<p style=\"text-align: justify;\">\u0130nsan Haklar\u0131 Derne\u011fi (\u0130HD), Agos gazetesi \u00f6n\u00fcnde a\u00e7\u0131lan &#8220;Ya\u015fas\u0131n Og\u00fcn Samastlar, Kahrolsun Hrant Dinkler&#8221; panart\u0131yla ilgili su\u00e7 duyurusunda bulundu.<\/p>\n<p style=\"text-align: justify;\">\u00c7a\u011flayan Adliyesi \u00f6n\u00fcnde su\u00e7 duyurusu \u00f6ncesinde bas\u0131n a\u00e7\u0131klamas\u0131 yapan \u0130HD ad\u0131na konu\u015fan Eren Keskin \u015f\u00f6yle dedi:<\/p>\n<p style=\"text-align: justify;\">&#8220;Irk\u00e7\u0131l\u0131k i\u00e7eren bu vahim olay kar\u015f\u0131s\u0131nda, \u00f6ncelikle olay yerindeki t\u00fcm MOBESE kay\u0131tlar\u0131ndaki g\u00f6r\u00fcnt\u00fcler incelenerek, su\u00e7u \u00f6vmek suretiyle su\u00e7 i\u015fleyenlerin, ba\u015fka bir deyi\u015fle s\u00f6z konusu pankart\u0131 ta\u015f\u0131yanlar\u0131n, g\u00f6steriye kat\u0131l\u0131p slogan atanlar\u0131n, ba\u015f\u0131 \u00e7ekenlerin olaya kar\u0131\u015fan di\u011fer su\u00e7lular\u0131n tespit edilmesi TCK 215, 216 ve Avrupa \u0130nsan Haklar\u0131 S\u00f6zle\u015fmesi\u2019nin 14. maddesi uyar\u0131nca, \u0131rk\u00e7\u0131l\u0131k su\u00e7u i\u015fleyen bu ki\u015filer hakk\u0131nda dava a\u00e7\u0131lmas\u0131n\u0131 talep ediyoruz.&#8221;<\/p>\n<p style=\"text-align: justify;\">Ge\u00e7ti\u011fimiz Pazar g\u00fcn\u00fc &#8220;Hocal\u0131 Katliam\u0131&#8221; i\u00e7in eylem yapan bir grup Agos Gazetesi\u2019nin \u00f6n\u00fcnde \u201cYa\u015fas\u0131n Og\u00fcn Samastlar, Kahrolsun Hrant Dinkler\u201d pankart\u0131 a\u00e7m\u0131\u015ft\u0131.<\/p>\n<p style=\"text-align: justify;\"><b><i>* Bu haber agos.com.tr&#8217;den derlendi.<\/i><\/b><\/p>\n<p style=\"text-align: justify;\"><b><i><a href=\"http:\/\/www.bianet.org\/bianet\/toplum\/153769-yasasin-samastlar-pankartina-suc-duyurusu?bia_source=rss\">http:\/\/www.bianet.org\/bianet\/toplum\/153769-yasasin-samastlar-pankartina-suc-duyurusu?bia_source=rss<\/a><\/i><\/b><\/p>\n","protected":false},"excerpt":{"rendered":"<p>\u0130HD, Agos gazetesi \u00f6n\u00fcnde a\u00e7\u0131lan &#8220;Ya\u015fas\u0131n Og\u00fcn Samastlar, Kahrolsun Hrant Dinkler&#8221; pankart\u0131yla ilgili su\u00e7 duyurusunda bulundu. \u0130nsan Haklar\u0131 Derne\u011fi (\u0130HD), Agos gazetesi \u00f6n\u00fcnde a\u00e7\u0131lan &#8220;Ya\u015fas\u0131n Og\u00fcn Samastlar, Kahrolsun Hrant Dinkler&#8221; panart\u0131yla ilgili su\u00e7 duyurusunda bulundu. \u00c7a\u011flayan Adliyesi \u00f6n\u00fcnde su\u00e7 duyurusu \u00f6ncesinde bas\u0131n a\u00e7\u0131klamas\u0131 yapan \u0130HD ad\u0131na konu\u015fan Eren Keskin \u015f\u00f6yle dedi: &#8220;Irk\u00e7\u0131l\u0131k i\u00e7eren bu vahim [&hellip;]<\/p>\n","protected":false},"author":7,"featured_media":0,"comment_status":"open","ping_status":"open","sticky":false,"template":"","format":"standard","meta":{"footnotes":""},"categories":[1],"tags":[],"class_list":["post-28626","post","type-post","status-publish","format-standard","hentry","category-haberler"],"yoast_head":"<!-- This site is optimized with the Yoast SEO plugin v26.6 - https:\/\/yoast.com\/wordpress\/plugins\/seo\/ -->\n<title>&quot;Ya\u015fas\u0131n Samastlar&quot; Pankart\u0131na Su\u00e7 Duyurusu - Bati Ermenistan Ve Bati Ermenileri Sorunlari Ara\u015ftirmalar Merkezi<\/title>\n<meta name=\"robots\" content=\"index, follow, max-snippet:-1, max-image-preview:large, max-video-preview:-1\" \/>\n<link rel=\"canonical\" href=\"https:\/\/akunq.net\/tr\/?p=28626\" \/>\n<meta property=\"og:locale\" content=\"en_US\" \/>\n<meta property=\"og:type\" content=\"article\" \/>\n<meta property=\"og:title\" content=\"&quot;Ya\u015fas\u0131n Samastlar&quot; Pankart\u0131na Su\u00e7 Duyurusu - Bati Ermenistan Ve Bati Ermenileri Sorunlari Ara\u015ftirmalar Merkezi\" \/>\n<meta property=\"og:description\" content=\"\u0130HD, Agos gazetesi \u00f6n\u00fcnde a\u00e7\u0131lan &#8220;Ya\u015fas\u0131n Og\u00fcn Samastlar, Kahrolsun Hrant Dinkler&#8221; pankart\u0131yla ilgili su\u00e7 duyurusunda bulundu. \u0130nsan Haklar\u0131 Derne\u011fi (\u0130HD), Agos gazetesi \u00f6n\u00fcnde a\u00e7\u0131lan &#8220;Ya\u015fas\u0131n Og\u00fcn Samastlar, Kahrolsun Hrant Dinkler&#8221; panart\u0131yla ilgili su\u00e7 duyurusunda bulundu. \u00c7a\u011flayan Adliyesi \u00f6n\u00fcnde su\u00e7 duyurusu \u00f6ncesinde bas\u0131n a\u00e7\u0131klamas\u0131 yapan \u0130HD ad\u0131na konu\u015fan Eren Keskin \u015f\u00f6yle dedi: &#8220;Irk\u00e7\u0131l\u0131k i\u00e7eren bu vahim [&hellip;]\" \/>\n<meta property=\"og:url\" content=\"https:\/\/akunq.net\/tr\/?p=28626\" \/>\n<meta property=\"og:site_name\" content=\"Bati Ermenistan Ve Bati Ermenileri Sorunlari Ara\u015ftirmalar Merkezi\" \/>\n<meta property=\"article:published_time\" content=\"2014-02-27T08:00:14+00:00\" \/>\n<meta name=\"author\" content=\"admin\" \/>\n<meta name=\"twitter:card\" content=\"summary_large_image\" \/>\n<meta name=\"twitter:label1\" content=\"Written by\" \/>\n\t<meta name=\"twitter:data1\" content=\"admin\" \/>\n\t<meta name=\"twitter:label2\" content=\"Est. reading time\" \/>\n\t<meta name=\"twitter:data2\" content=\"1 minute\" \/>\n<script type=\"application\/ld+json\" class=\"yoast-schema-graph\">{\"@context\":\"https:\/\/schema.org\",\"@graph\":[{\"@type\":\"WebPage\",\"@id\":\"https:\/\/akunq.net\/tr\/?p=28626\",\"url\":\"https:\/\/akunq.net\/tr\/?p=28626\",\"name\":\"\\\"Ya\u015fas\u0131n Samastlar\\\" Pankart\u0131na Su\u00e7 Duyurusu - Bati Ermenistan Ve Bati Ermenileri Sorunlari Ara\u015ftirmalar Merkezi\",\"isPartOf\":{\"@id\":\"https:\/\/akunq.net\/tr\/#website\"},\"datePublished\":\"2014-02-27T08:00:14+00:00\",\"author\":{\"@id\":\"https:\/\/akunq.net\/tr\/#\/schema\/person\/096f1d38a12cce57fb855b485ed24c9e\"},\"breadcrumb\":{\"@id\":\"https:\/\/akunq.net\/tr\/?p=28626#breadcrumb\"},\"inLanguage\":\"en-US\",\"potentialAction\":[{\"@type\":\"ReadAction\",\"target\":[\"https:\/\/akunq.net\/tr\/?p=28626\"]}]},{\"@type\":\"BreadcrumbList\",\"@id\":\"https:\/\/akunq.net\/tr\/?p=28626#breadcrumb\",\"itemListElement\":[{\"@type\":\"ListItem\",\"position\":1,\"name\":\"Home\",\"item\":\"https:\/\/akunq.net\/tr\"},{\"@type\":\"ListItem\",\"position\":2,\"name\":\"&#8220;Ya\u015fas\u0131n Samastlar&#8221; Pankart\u0131na Su\u00e7 Duyurusu\"}]},{\"@type\":\"WebSite\",\"@id\":\"https:\/\/akunq.net\/tr\/#website\",\"url\":\"https:\/\/akunq.net\/tr\/\",\"name\":\"Bati Ermenistan Ve Bati Ermenileri Sorunlari Ara\u015ftirmalar Merkezi\",\"description\":\"\",\"potentialAction\":[{\"@type\":\"SearchAction\",\"target\":{\"@type\":\"EntryPoint\",\"urlTemplate\":\"https:\/\/akunq.net\/tr\/?s={search_term_string}\"},\"query-input\":{\"@type\":\"PropertyValueSpecification\",\"valueRequired\":true,\"valueName\":\"search_term_string\"}}],\"inLanguage\":\"en-US\"},{\"@type\":\"Person\",\"@id\":\"https:\/\/akunq.net\/tr\/#\/schema\/person\/096f1d38a12cce57fb855b485ed24c9e\",\"name\":\"admin\",\"url\":\"https:\/\/akunq.net\/tr\/?author=7\"}]}<\/script>\n<!-- \/ Yoast SEO plugin. -->","yoast_head_json":{"title":"\"Ya\u015fas\u0131n Samastlar\" Pankart\u0131na Su\u00e7 Duyurusu - Bati Ermenistan Ve Bati Ermenileri Sorunlari Ara\u015ftirmalar Merkezi","robots":{"index":"index","follow":"follow","max-snippet":"max-snippet:-1","max-image-preview":"max-image-preview:large","max-video-preview":"max-video-preview:-1"},"canonical":"https:\/\/akunq.net\/tr\/?p=28626","og_locale":"en_US","og_type":"article","og_title":"\"Ya\u015fas\u0131n Samastlar\" Pankart\u0131na Su\u00e7 Duyurusu - Bati Ermenistan Ve Bati Ermenileri Sorunlari Ara\u015ftirmalar Merkezi","og_description":"\u0130HD, Agos gazetesi \u00f6n\u00fcnde a\u00e7\u0131lan &#8220;Ya\u015fas\u0131n Og\u00fcn Samastlar, Kahrolsun Hrant Dinkler&#8221; pankart\u0131yla ilgili su\u00e7 duyurusunda bulundu. \u0130nsan Haklar\u0131 Derne\u011fi (\u0130HD), Agos gazetesi \u00f6n\u00fcnde a\u00e7\u0131lan &#8220;Ya\u015fas\u0131n Og\u00fcn Samastlar, Kahrolsun Hrant Dinkler&#8221; panart\u0131yla ilgili su\u00e7 duyurusunda bulundu. \u00c7a\u011flayan Adliyesi \u00f6n\u00fcnde su\u00e7 duyurusu \u00f6ncesinde bas\u0131n a\u00e7\u0131klamas\u0131 yapan \u0130HD ad\u0131na konu\u015fan Eren Keskin \u015f\u00f6yle dedi: &#8220;Irk\u00e7\u0131l\u0131k i\u00e7eren bu vahim [&hellip;]","og_url":"https:\/\/akunq.net\/tr\/?p=28626","og_site_name":"Bati Ermenistan Ve Bati Ermenileri Sorunlari Ara\u015ftirmalar Merkezi","article_published_time":"2014-02-27T08:00:14+00:00","author":"admin","twitter_card":"summary_large_image","twitter_misc":{"Written by":"admin","Est. reading time":"1 minute"},"schema":{"@context":"https:\/\/schema.org","@graph":[{"@type":"WebPage","@id":"https:\/\/akunq.net\/tr\/?p=28626","url":"https:\/\/akunq.net\/tr\/?p=28626","name":"\"Ya\u015fas\u0131n Samastlar\" Pankart\u0131na Su\u00e7 Duyurusu - Bati Ermenistan Ve Bati Ermenileri Sorunlari Ara\u015ftirmalar Merkezi","isPartOf":{"@id":"https:\/\/akunq.net\/tr\/#website"},"datePublished":"2014-02-27T08:00:14+00:00","author":{"@id":"https:\/\/akunq.net\/tr\/#\/schema\/person\/096f1d38a12cce57fb855b485ed24c9e"},"breadcrumb":{"@id":"https:\/\/akunq.net\/tr\/?p=28626#breadcrumb"},"inLanguage":"en-US","potentialAction":[{"@type":"ReadAction","target":["https:\/\/akunq.net\/tr\/?p=28626"]}]},{"@type":"BreadcrumbList","@id":"https:\/\/akunq.net\/tr\/?p=28626#breadcrumb","itemListElement":[{"@type":"ListItem","position":1,"name":"Home","item":"https:\/\/akunq.net\/tr"},{"@type":"ListItem","position":2,"name":"&#8220;Ya\u015fas\u0131n Samastlar&#8221; Pankart\u0131na Su\u00e7 Duyurusu"}]},{"@type":"WebSite","@id":"https:\/\/akunq.net\/tr\/#website","url":"https:\/\/akunq.net\/tr\/","name":"Bati Ermenistan Ve Bati Ermenileri Sorunlari Ara\u015ftirmalar Merkezi","description":"","potentialAction":[{"@type":"SearchAction","target":{"@type":"EntryPoint","urlTemplate":"https:\/\/akunq.net\/tr\/?s={search_term_string}"},"query-input":{"@type":"PropertyValueSpecification","valueRequired":true,"valueName":"search_term_string"}}],"inLanguage":"en-US"},{"@type":"Person","@id":"https:\/\/akunq.net\/tr\/#\/schema\/person\/096f1d38a12cce57fb855b485ed24c9e","name":"admin","url":"https:\/\/akunq.net\/tr\/?author=7"}]}},"_links":{"self":[{"href":"https:\/\/akunq.net\/tr\/index.php?rest_route=\/wp\/v2\/posts\/28626","targetHints":{"allow":["GET"]}}],"collection":[{"href":"https:\/\/akunq.net\/tr\/index.php?rest_route=\/wp\/v2\/posts"}],"about":[{"href":"https:\/\/akunq.net\/tr\/index.php?rest_route=\/wp\/v2\/types\/post"}],"author":[{"embeddable":true,"href":"https:\/\/akunq.net\/tr\/index.php?rest_route=\/wp\/v2\/users\/7"}],"replies":[{"embeddable":true,"href":"https:\/\/akunq.net\/tr\/index.php?rest_route=%2Fwp%2Fv2%2Fcomments&post=28626"}],"version-history":[{"count":1,"href":"https:\/\/akunq.net\/tr\/index.php?rest_route=\/wp\/v2\/posts\/28626\/revisions"}],"predecessor-version":[{"id":28628,"href":"https:\/\/akunq.net\/tr\/index.php?rest_route=\/wp\/v2\/posts\/28626\/revisions\/28628"}],"wp:attachment":[{"href":"https:\/\/akunq.net\/tr\/index.php?rest_route=%2Fwp%2Fv2%2Fmedia&parent=28626"}],"wp:term":[{"taxonomy":"category","embeddable":true,"href":"https:\/\/akunq.net\/tr\/index.php?rest_route=%2Fwp%2Fv2%2Fcategories&post=28626"},{"taxonomy":"post_tag","embeddable":true,"href":"https:\/\/akunq.net\/tr\/index.php?rest_route=%2Fwp%2Fv2%2Ftags&post=28626"}],"curies":[{"name":"wp","href":"https:\/\/api.w.org\/{rel}","templated":true}]}}