{"id":28623,"date":"2014-02-27T02:42:08","date_gmt":"2014-02-27T07:42:08","guid":{"rendered":"http:\/\/akunq.net\/tr\/?p=28623"},"modified":"2014-02-27T02:42:08","modified_gmt":"2014-02-27T07:42:08","slug":"surgun-ermeni-suryani-ve-rumlara-vatandaslik","status":"publish","type":"post","link":"https:\/\/akunq.net\/tr\/?p=28623","title":{"rendered":"S\u00fcrg\u00fcn Ermeni, S\u00fcryani ve Rumlara vatanda\u015fl\u0131k"},"content":{"rendered":"<p style=\"text-align: justify;\"><em><strong><a href=\"http:\/\/akunq.net\/tr\/?attachment_id=28624\" rel=\"attachment wp-att-28624\"><img loading=\"lazy\" decoding=\"async\" class=\"alignright size-medium wp-image-28624\" alt=\"Erol Dora\" src=\"http:\/\/akunq.net\/tr\/wp-content\/uploads\/2014\/02\/Erol-Dora-300x138.jpg\" width=\"300\" height=\"138\" srcset=\"https:\/\/akunq.net\/tr\/wp-content\/uploads\/sites\/6\/2014\/02\/Erol-Dora-300x138.jpg 300w, https:\/\/akunq.net\/tr\/wp-content\/uploads\/sites\/6\/2014\/02\/Erol-Dora-600x276.jpg 600w, https:\/\/akunq.net\/tr\/wp-content\/uploads\/sites\/6\/2014\/02\/Erol-Dora.jpg 630w\" sizes=\"auto, (max-width: 300px) 100vw, 300px\" \/><\/a>BDP\u2019li vekil kanun teklifi verdi\u2026<\/strong><\/em><br \/>\nBar\u0131\u015f ve Demokrasi Partisi (BDP)\u2019nin Mardin Milletvekili Erol Dora T\u00fcrkiye B\u00fcy\u00fck Millet Meclisi ba\u015fkanl\u0131\u011f\u0131na T\u00fcrk Vatanda\u015fl\u0131\u011f\u0131 Kanununda De\u011fi\u015fiklik Yap\u0131lmas\u0131na Dair Kanun Teklifi sundu.<br \/>\nBDP\u2019nin S\u00fcryani vekili Erol Dora teklifinin gerek\u00e7esini \u015f\u00f6yle a\u00e7\u0131klad\u0131:<br \/>\n20. y\u00fczy\u0131l\u0131n ba\u015flar\u0131ndan itibaren \u00f6zellikle 1915 y\u0131l\u0131nda Osmanl\u0131 Devleti\u2019nin resmi olarak 27 May\u0131s 1915 tarihinde kabul etti\u011fi ve 1 Haziran 1915 tarihinde d\u00f6nemin Resm\u00ee Gazetesi Takvim-i Vekayi&#8217;de yay\u0131mlanarak y\u00fcr\u00fcrl\u00fc\u011fe koydu\u011fu \u201cTehcir Kanunu\u201d ile y\u00fcz binlerce Ermeni, S\u00fcryani ve Rum vatanda\u015f\u0131m\u0131z ba\u015fta olmak \u00fczere, Cumhuriyetin kurulu\u015fundan sonraki ulusla\u015fma s\u00fcrecinde yap\u0131lm\u0131\u015f olan yanl\u0131\u015f uygulamalar nedeniyle de T\u00fcrk, K\u00fcrt, Arap, Yahudi ve di\u011fer halklardan on binlerce insan, haks\u0131z ve hukuksuz bir \u015fekilde yerinden, yurdundan, atalar\u0131n\u0131n vatan\u0131ndan edilmi\u015f ve do\u011fup b\u00fcy\u00fcd\u00fckleri topraklar\u0131na bir daha d\u00f6nmemek \u00fczere yurt d\u0131\u015f\u0131na s\u00fcrg\u00fcn edilmi\u015flerdir. \u00d6yle ki, vatan hasretiyle d\u00fcnyan\u0131n de\u011fi\u015fik yerlerinde hayatlar\u0131n\u0131 kaybetmi\u015f olan insanlar\u0131n kendi ata topraklar\u0131nda g\u00f6m\u00fclmelerine bile izin verilmemi\u015ftir.<br \/>\n1980\u2019li y\u0131llardan sonra devletin bu yanl\u0131\u015f uygulamalar\u0131ndan en \u00e7ok etkilenenler K\u00fcrtler olmu\u015ftur. Ya\u015fanan \u00e7at\u0131\u015fma ortam\u0131nda binlerce k\u00f6y bo\u015falt\u0131lm\u0131\u015f ve y\u00fcz binlerce insan ise T\u00fcrkiye\u2019nin \u00e7e\u015fitli b\u00f6lgelerine veya yurt d\u0131\u015f\u0131na g\u00f6\u00e7 etmek zorunda b\u0131rak\u0131lm\u0131\u015ft\u0131r.<br \/>\nSon y\u00fczy\u0131l i\u00e7erisinde bir k\u0131sm\u0131 vatanda\u015fl\u0131ktan \u00e7\u0131kart\u0131lmak \u00fczere, \u00e7e\u015fitli sebeplerle s\u00fcrg\u00fcn edilmi\u015f y\u00fcz binlerce ki\u015fi vatan hasretiyle Amerika\u2019da, Avrupa\u2019da, Suriye\u2019de, L\u00fcbnan\u2019da, Hindistan\u2019da ve d\u00fcnyan\u0131n di\u011fer bir\u00e7ok yerinde sahipsiz bir \u015fekilde \u00fclkesinden binlerce kilometre uzakl\u0131kta ya\u015famlar\u0131n\u0131 yitirmi\u015flerdir. William SAROYAN, Nuri DERS\u0130M\u0130, Aram T\u0130GRAN, Y\u0131lmaz G\u00dcNEY, vatanda\u015fl\u0131ktan \u00e7\u0131kar\u0131ld\u0131\u011f\u0131 i\u00e7in yurt d\u0131\u015f\u0131nda ya\u015fam\u0131n\u0131 yitiren ve daha sonra Bakanlar Kurulu karar\u0131yla vatanda\u015fl\u0131\u011f\u0131 iade edilen ancak halen mezar\u0131 Rusya\u2019da bulunan Naz\u0131m Hikmet RAN, \u201cSende do\u011fdum, sende \u00f6lmek isterim ey vatan\u0131m. Eylerim arzu turab\u0131nda g\u00f6m\u00fcls\u00fcn bu tenim\u201d diyen \u00fcnl\u00fc S\u00fcryani \u015fair ve \u00f6\u011fretmen Naum FA\u0130K ve S\u00fcryani Patri\u011fi \u0130lyas \u015eAK\u0130R bunlardan sadece bir ka\u00e7\u0131d\u0131r.<br \/>\nBu insanlar\u0131n baz\u0131lar\u0131n\u0131n vasiyeti olmas\u0131na ra\u011fmen T\u00fcrkiye Cumhuriyeti vatanda\u015f\u0131 olmad\u0131klar\u0131 gerek\u00e7esiyle T\u00fcrkiye\u2019de g\u00f6m\u00fclmelerine izin verilmemi\u015ftir. \u00d6rne\u011fin Aram T\u0130GRAN, en b\u00fcy\u00fck \u00f6zleminin babas\u0131n\u0131n memleketi olan Diyarbak\u0131r\u2019da Meryem Ana Ermeni mezarl\u0131\u011f\u0131nda g\u00f6m\u00fclmek oldu\u011funu vasiyet etmi\u015fti. Ancak maalesef bu talebi hen\u00fcz ger\u00e7ekle\u015fmemi\u015ftir.<br \/>\nGe\u00e7mi\u015fte yap\u0131lm\u0131\u015f yanl\u0131\u015flardan da dersler \u00e7\u0131kararak g\u00fcn\u00fcm\u00fczde geli\u015fen s\u00fcre\u00e7 i\u00e7erisinde T\u00fcrkiye, baz\u0131 konularda \u00f6nemli ad\u0131mlar atmaktad\u0131r. At\u0131lan bu olumlu ad\u0131mlar\u0131n \u00fclkeyi zay\u0131flatmad\u0131\u011f\u0131, aksine g\u00fc\u00e7lendirmekte oldu\u011fu kamuoyu taraf\u0131ndan da g\u00f6r\u00fclmektedir. T\u00fcrkiye\u2019nin ge\u00e7mi\u015fteki gibi gereksiz korku ve \u00f6n yarg\u0131larla ya\u015famaya devam etmesinin hi\u00e7 bir anlam\u0131 yoktur. Dolay\u0131s\u0131yla yurt d\u0131\u015f\u0131na s\u00fcrg\u00fcn edilmi\u015f, zorla m\u00fcbadeleye tabi tutulmu\u015f veya \u00e7e\u015fitli sebeplerden dolay\u0131 g\u00f6\u00e7 etmi\u015f ve bir daha d\u00f6nmelerine izin verilmemi\u015f insanlar\u0131n bu ma\u011fduriyetlerinin giderilmesi gerekmektedir.<br \/>\nBu kanun teklifi ile, \u00e7e\u015fitli sebeplerden dolay\u0131 \u00f6z vatan\u0131ndan ayr\u0131lm\u0131\u015f veya ayr\u0131lmak zorunda b\u0131rak\u0131lm\u0131\u015f ki\u015filerin veya onlar\u0131n e\u015fleri, \u00e7ocuklar\u0131, torunlar\u0131 ve akrabalar\u0131n\u0131n vatan \u00f6zlemlerine son verip \u00fclkelerine birer T\u00fcrkiye Cumhuriyeti vatanda\u015f olarak d\u00f6nmelerine izin verilecek ve istedikleri yerde ya\u015famalar\u0131na imk\u00e2n tan\u0131nacakt\u0131r. Bu teklifin yasala\u015fmas\u0131 halinde ge\u00e7mi\u015fte ya\u015fanm\u0131\u015f ac\u0131 olaylar\u0131n T\u00fcrkiye halklar\u0131nda b\u0131rakt\u0131\u011f\u0131 sosyal ve psikolojik travmalar\u0131n bir nebze olsun hafifleyece\u011fine, baz\u0131 duygusal k\u0131rg\u0131nl\u0131klar\u0131 giderece\u011fine ve ayr\u0131ca \u00f6zelde \u00fclke bar\u0131\u015f\u0131na genelde de d\u00fcnya bar\u0131\u015f\u0131na katk\u0131 yapaca\u011f\u0131na inan\u0131lmaktad\u0131r.<\/p>\n<p style=\"text-align: justify;\"><strong>MADDE GEREK\u00c7ELER\u0130<\/strong><br \/>\nMADDE 1- Bu maddeyle, \u00e7e\u015fitli nedenlerle vatanda\u015fl\u0131\u011f\u0131n\u0131 kaybetmi\u015f, g\u00f6\u00e7 etmi\u015f veya zorla g\u00f6\u00e7 ettirilmi\u015f, baz\u0131 unvanlar\u0131n kald\u0131r\u0131lmas\u0131 nedeniyle s\u00fcrg\u00fcne g\u00f6nderilen, zorla m\u00fcbadeleye tabi tutulan, Devlet g\u00fcc\u00fcyle tehcir edilen veya zorunlu askerli\u011fin yap\u0131lmamas\u0131 nedeniyle vatanda\u015fl\u0131\u011f\u0131n\u0131 kaybedenlere ve onlar\u0131n belli bir dereceye kadarki yak\u0131nlar\u0131n\u0131n yeniden T\u00fcrkiye Cumhuriyeti vatanda\u015fl\u0131\u011f\u0131na al\u0131nmas\u0131 ama\u00e7lanm\u0131\u015ft\u0131r.<br \/>\nBu maddeyle, 1 Haziran 1915 tarihinden sonra her ne sebeple olursa olsun vatanda\u015fl\u0131ktan \u00e7\u0131kar\u0131lanlar\u0131n; din, dil, \u0131rk ve inan\u00e7 ayr\u0131m\u0131 yap\u0131lmaks\u0131z\u0131n yeniden vatanda\u015fl\u0131\u011fa al\u0131nma imk\u00e2n\u0131 getirilmi\u015ftir. Yeniden vatanda\u015fl\u0131\u011fa al\u0131nanlar, \u00fclkenin her yerinde yerle\u015fme imk\u00e2n\u0131 bulabileceklerdir.<\/p>\n<p style=\"text-align: justify;\"><strong>T\u00dcRK VATANDA\u015eLI\u011eI KANUNUNDA DE\u011e\u0130\u015e\u0130KL\u0130K YAPILMASINA DA\u0130R KANUN TEKL\u0130F\u0130<\/strong><br \/>\nMADDE 1- 29\/5\/2009 tarihli ve 5901 say\u0131l\u0131 T\u00fcrk Vatanda\u015fl\u0131\u011f\u0131 Kanununa a\u015fa\u011f\u0131daki ge\u00e7ici madde eklenmi\u015ftir.<br \/>\n\u201cGE\u00c7\u0130C\u0130 MADDE 3- (1) 1.06.1915 tarihinden bug\u00fcne kadar, o tarihte \u015fu anki \u00fclke s\u0131n\u0131rlar\u0131 i\u00e7inde ya\u015fayan ve \u00e7e\u015fitli nedenlerle T\u00fcrkiye\u2019yi terk etmek zorunda kalan, baz\u0131 unvanlar\u0131n kald\u0131r\u0131lmas\u0131 nedeniyle s\u00fcrg\u00fcne g\u00f6nderilen, zorla m\u00fcbadeleye tabi tutulanlar, \u00f6nce yurt i\u00e7inde daha sonra yurt d\u0131\u015f\u0131na tehcir edilen veya zorunlu askerli\u011fi yapmad\u0131\u011f\u0131 gerek\u00e7esiyle vatanda\u015fl\u0131ktan \u00e7\u0131kar\u0131lan ki\u015filerden sa\u011f olanlar, bunlar\u0131n hayatta olmamalar\u0131 halinde be\u015finci dereceye kadarki h\u0131s\u0131mlar\u0131, e\u015f ve \u00e7ocuklar\u0131, torunlar\u0131, bu durumlar\u0131n\u0131 a\u015fa\u011f\u0131daki belgelerden herhangi biri ile kan\u0131tlayanlar, vatanda\u015fl\u0131\u011f\u0131n\u0131 kaybetti\u011fi tarihte ya\u015fad\u0131\u011f\u0131 yerin m\u00fclki amirine yurt d\u0131\u015f\u0131nda d\u0131\u015f temsilciliklere ba\u015fvurmas\u0131yla 5901 say\u0131l\u0131 Kanunda \u00f6ng\u00f6r\u00fclen k\u0131s\u0131tlamalara ba\u011fl\u0131 olmaks\u0131z\u0131n T\u00fcrkiye Cumhuriyeti vatanda\u015fl\u0131\u011f\u0131n\u0131 kazan\u0131rlar. Eski durumlar\u0131n\u0131;<br \/>\na) D\u00f6nemin pasaportlar\u0131 veya pasaport yerine kullan\u0131lan di\u011fer belgelerle,<br \/>\nb) Kilise veya havra kay\u0131tlar\u0131yla,<br \/>\nc) Az\u0131nl\u0131k vak\u0131flar\u0131 kay\u0131tlar\u0131yla,<br \/>\n\u00e7) Daha \u00f6nce ya\u015fad\u0131klar\u0131 yerlerin tan\u0131k beyanlar\u0131yla,<br \/>\nd) Osmanl\u0131 belgeleri, askeri kay\u0131tlar, n\u00fcfus kay\u0131tlar\u0131, gemi yolcu kay\u0131t defterleri, evlenme c\u00fczdanlar\u0131 veya tapu kay\u0131tlar\u0131yla,<br \/>\ne) Ki\u015filerin yerle\u015ftikleri \u00fclkelerden T\u00fcrkiye\u2019den g\u00f6\u00e7 ettiklerine dair yetkili mercilerden alacaklar\u0131 n\u00fcfus kay\u0131tlar\u0131 veya di\u011fer ge\u00e7erli belgelerle,<br \/>\nKan\u0131tlayanlara bu Kanun y\u00fcr\u00fcrl\u00fc\u011fe girdi\u011fi tarihten itibaren bir y\u0131l i\u00e7inde birinci f\u0131krada belirtilen yetkili mercilere ba\u015fvuranlara T\u00fcrkiye Cumhuriyeti vatanda\u015fl\u0131\u011f\u0131 verilir. Bu s\u00fcre i\u00e7erisinde ba\u015fvurular\u0131n sonu\u00e7land\u0131r\u0131lamam\u0131\u015f olmas\u0131 halinde, Bakanlar Kurulu bu s\u00fcreyi her defas\u0131nda bir y\u0131l\u0131 a\u015fmamak \u00fczere uzatabilir.<br \/>\n(2) T\u00fcrkiye Cumhuriyeti vatanda\u015fl\u0131\u011f\u0131n\u0131n kazan\u0131lmas\u0131na ili\u015fkin ba\u015fvuruda bulunan ki\u015fi, yurt i\u00e7inde ikamet ediyorsa ya\u015fad\u0131\u011f\u0131 yer m\u00fclki amirli\u011fine, yurt d\u0131\u015f\u0131nda ya\u015f\u0131yorsa d\u0131\u015f temsilciliklere bizzat veya bu hakk\u0131n kullan\u0131lmas\u0131na ili\u015fkin vek\u00e2letname ile yapabilir.<br \/>\n(3) Herhangi bir nedenle yabanc\u0131 bir devlet vatanda\u015fl\u0131\u011f\u0131n\u0131 kazanan ki\u015filerin veya be\u015finci dereceye kadarki yak\u0131nlar\u0131n\u0131n, bu durumlar\u0131na ili\u015fkin belgeleri ibraz etmeleri ve yap\u0131lacak inceleme sonucunda kayden ayn\u0131 ki\u015filer olduklar\u0131n\u0131n tespiti halinde, n\u00fcfus aile k\u00fct\u00fcklerindeki kay\u0131tlar\u0131na \u00e7ok vatanda\u015fl\u0131\u011fa sahip olduklar\u0131na dair a\u00e7\u0131klama yap\u0131larak \u00f6nceki vatanda\u015fl\u0131klar\u0131 da korunur.<br \/>\n(4) Bu maddenin uygulanmas\u0131na ili\u015fkin usul ve esaslar Bakanlar Kurulu taraf\u0131ndan \u00fc\u00e7 ay i\u00e7inde \u00e7\u0131kar\u0131lacak y\u00f6netmelikle d\u00fczenlenir.\u201d<\/p>\n<p style=\"text-align: justify;\"><em><strong>http:\/\/www.demokrathaber.net\/siyaset\/surgun-ermeni-suryani-ve-rumlara-vatandaslik-h28894.html<\/strong><\/em><\/p>\n","protected":false},"excerpt":{"rendered":"<p>BDP\u2019li vekil kanun teklifi verdi\u2026 Bar\u0131\u015f ve Demokrasi Partisi (BDP)\u2019nin Mardin Milletvekili Erol Dora T\u00fcrkiye B\u00fcy\u00fck Millet Meclisi ba\u015fkanl\u0131\u011f\u0131na T\u00fcrk Vatanda\u015fl\u0131\u011f\u0131 Kanununda De\u011fi\u015fiklik Yap\u0131lmas\u0131na Dair Kanun Teklifi sundu. BDP\u2019nin S\u00fcryani vekili Erol Dora teklifinin gerek\u00e7esini \u015f\u00f6yle a\u00e7\u0131klad\u0131: 20. y\u00fczy\u0131l\u0131n ba\u015flar\u0131ndan itibaren \u00f6zellikle 1915 y\u0131l\u0131nda Osmanl\u0131 Devleti\u2019nin resmi olarak 27 May\u0131s 1915 tarihinde kabul etti\u011fi ve [&hellip;]<\/p>\n","protected":false},"author":7,"featured_media":0,"comment_status":"open","ping_status":"open","sticky":false,"template":"","format":"standard","meta":{"footnotes":""},"categories":[44,1,53],"tags":[],"class_list":["post-28623","post","type-post","status-publish","format-standard","hentry","category-ermeni-soykirimi","category-haberler","category-turkiyede-azinliklar"],"yoast_head":"<!-- This site is optimized with the Yoast SEO plugin v27.4 - https:\/\/yoast.com\/product\/yoast-seo-wordpress\/ -->\n<title>S\u00fcrg\u00fcn Ermeni, S\u00fcryani ve Rumlara vatanda\u015fl\u0131k - Bati Ermenistan Ve Bati Ermenileri Sorunlari Ara\u015ftirmalar Merkezi<\/title>\n<meta name=\"robots\" content=\"index, follow, max-snippet:-1, max-image-preview:large, max-video-preview:-1\" \/>\n<link rel=\"canonical\" href=\"https:\/\/akunq.net\/tr\/?p=28623\" \/>\n<meta property=\"og:locale\" content=\"en_US\" \/>\n<meta property=\"og:type\" content=\"article\" \/>\n<meta property=\"og:title\" content=\"S\u00fcrg\u00fcn Ermeni, S\u00fcryani ve Rumlara vatanda\u015fl\u0131k - Bati Ermenistan Ve Bati Ermenileri Sorunlari Ara\u015ftirmalar Merkezi\" \/>\n<meta property=\"og:description\" content=\"BDP\u2019li vekil kanun teklifi verdi\u2026 Bar\u0131\u015f ve Demokrasi Partisi (BDP)\u2019nin Mardin Milletvekili Erol Dora T\u00fcrkiye B\u00fcy\u00fck Millet Meclisi ba\u015fkanl\u0131\u011f\u0131na T\u00fcrk Vatanda\u015fl\u0131\u011f\u0131 Kanununda De\u011fi\u015fiklik Yap\u0131lmas\u0131na Dair Kanun Teklifi sundu. BDP\u2019nin S\u00fcryani vekili Erol Dora teklifinin gerek\u00e7esini \u015f\u00f6yle a\u00e7\u0131klad\u0131: 20. y\u00fczy\u0131l\u0131n ba\u015flar\u0131ndan itibaren \u00f6zellikle 1915 y\u0131l\u0131nda Osmanl\u0131 Devleti\u2019nin resmi olarak 27 May\u0131s 1915 tarihinde kabul etti\u011fi ve [&hellip;]\" \/>\n<meta property=\"og:url\" content=\"https:\/\/akunq.net\/tr\/?p=28623\" \/>\n<meta property=\"og:site_name\" content=\"Bati Ermenistan Ve Bati Ermenileri Sorunlari Ara\u015ftirmalar Merkezi\" \/>\n<meta property=\"article:published_time\" content=\"2014-02-27T07:42:08+00:00\" \/>\n<meta property=\"og:image\" content=\"http:\/\/akunq.net\/tr\/wp-content\/uploads\/2014\/02\/Erol-Dora-300x138.jpg\" \/>\n<meta name=\"author\" content=\"admin\" \/>\n<meta name=\"twitter:card\" content=\"summary_large_image\" \/>\n<meta name=\"twitter:label1\" content=\"Written by\" \/>\n\t<meta name=\"twitter:data1\" content=\"admin\" \/>\n\t<meta name=\"twitter:label2\" content=\"Est. reading time\" \/>\n\t<meta name=\"twitter:data2\" content=\"7 minutes\" \/>\n<script type=\"application\/ld+json\" class=\"yoast-schema-graph\">{\"@context\":\"https:\\\/\\\/schema.org\",\"@graph\":[{\"@type\":\"Article\",\"@id\":\"https:\\\/\\\/akunq.net\\\/tr\\\/?p=28623#article\",\"isPartOf\":{\"@id\":\"https:\\\/\\\/akunq.net\\\/tr\\\/?p=28623\"},\"author\":{\"name\":\"admin\",\"@id\":\"https:\\\/\\\/akunq.net\\\/tr\\\/#\\\/schema\\\/person\\\/096f1d38a12cce57fb855b485ed24c9e\"},\"headline\":\"S\u00fcrg\u00fcn Ermeni, S\u00fcryani ve Rumlara vatanda\u015fl\u0131k\",\"datePublished\":\"2014-02-27T07:42:08+00:00\",\"mainEntityOfPage\":{\"@id\":\"https:\\\/\\\/akunq.net\\\/tr\\\/?p=28623\"},\"wordCount\":1319,\"commentCount\":0,\"image\":{\"@id\":\"https:\\\/\\\/akunq.net\\\/tr\\\/?p=28623#primaryimage\"},\"thumbnailUrl\":\"http:\\\/\\\/akunq.net\\\/tr\\\/wp-content\\\/uploads\\\/2014\\\/02\\\/Erol-Dora-300x138.jpg\",\"articleSection\":[\"Ermeni Soyk\u0131r\u0131m\u0131\",\"Haberler\",\"T\u00fcrkiye\u2019de Az\u0131nl\u0131klar\"],\"inLanguage\":\"en-US\",\"potentialAction\":[{\"@type\":\"CommentAction\",\"name\":\"Comment\",\"target\":[\"https:\\\/\\\/akunq.net\\\/tr\\\/?p=28623#respond\"]}]},{\"@type\":\"WebPage\",\"@id\":\"https:\\\/\\\/akunq.net\\\/tr\\\/?p=28623\",\"url\":\"https:\\\/\\\/akunq.net\\\/tr\\\/?p=28623\",\"name\":\"S\u00fcrg\u00fcn Ermeni, S\u00fcryani ve Rumlara vatanda\u015fl\u0131k - Bati Ermenistan Ve Bati Ermenileri Sorunlari Ara\u015ftirmalar Merkezi\",\"isPartOf\":{\"@id\":\"https:\\\/\\\/akunq.net\\\/tr\\\/#website\"},\"primaryImageOfPage\":{\"@id\":\"https:\\\/\\\/akunq.net\\\/tr\\\/?p=28623#primaryimage\"},\"image\":{\"@id\":\"https:\\\/\\\/akunq.net\\\/tr\\\/?p=28623#primaryimage\"},\"thumbnailUrl\":\"http:\\\/\\\/akunq.net\\\/tr\\\/wp-content\\\/uploads\\\/2014\\\/02\\\/Erol-Dora-300x138.jpg\",\"datePublished\":\"2014-02-27T07:42:08+00:00\",\"author\":{\"@id\":\"https:\\\/\\\/akunq.net\\\/tr\\\/#\\\/schema\\\/person\\\/096f1d38a12cce57fb855b485ed24c9e\"},\"breadcrumb\":{\"@id\":\"https:\\\/\\\/akunq.net\\\/tr\\\/?p=28623#breadcrumb\"},\"inLanguage\":\"en-US\",\"potentialAction\":[{\"@type\":\"ReadAction\",\"target\":[\"https:\\\/\\\/akunq.net\\\/tr\\\/?p=28623\"]}]},{\"@type\":\"ImageObject\",\"inLanguage\":\"en-US\",\"@id\":\"https:\\\/\\\/akunq.net\\\/tr\\\/?p=28623#primaryimage\",\"url\":\"https:\\\/\\\/akunq.net\\\/tr\\\/wp-content\\\/uploads\\\/sites\\\/6\\\/2014\\\/02\\\/Erol-Dora.jpg\",\"contentUrl\":\"https:\\\/\\\/akunq.net\\\/tr\\\/wp-content\\\/uploads\\\/sites\\\/6\\\/2014\\\/02\\\/Erol-Dora.jpg\",\"width\":630,\"height\":290},{\"@type\":\"BreadcrumbList\",\"@id\":\"https:\\\/\\\/akunq.net\\\/tr\\\/?p=28623#breadcrumb\",\"itemListElement\":[{\"@type\":\"ListItem\",\"position\":1,\"name\":\"Home\",\"item\":\"https:\\\/\\\/akunq.net\\\/tr\"},{\"@type\":\"ListItem\",\"position\":2,\"name\":\"S\u00fcrg\u00fcn Ermeni, S\u00fcryani ve Rumlara vatanda\u015fl\u0131k\"}]},{\"@type\":\"WebSite\",\"@id\":\"https:\\\/\\\/akunq.net\\\/tr\\\/#website\",\"url\":\"https:\\\/\\\/akunq.net\\\/tr\\\/\",\"name\":\"Bati Ermenistan Ve Bati Ermenileri Sorunlari Ara\u015ftirmalar Merkezi\",\"description\":\"\",\"potentialAction\":[{\"@type\":\"SearchAction\",\"target\":{\"@type\":\"EntryPoint\",\"urlTemplate\":\"https:\\\/\\\/akunq.net\\\/tr\\\/?s={search_term_string}\"},\"query-input\":{\"@type\":\"PropertyValueSpecification\",\"valueRequired\":true,\"valueName\":\"search_term_string\"}}],\"inLanguage\":\"en-US\"},{\"@type\":\"Person\",\"@id\":\"https:\\\/\\\/akunq.net\\\/tr\\\/#\\\/schema\\\/person\\\/096f1d38a12cce57fb855b485ed24c9e\",\"name\":\"admin\",\"url\":\"https:\\\/\\\/akunq.net\\\/tr\\\/?author=7\"}]}<\/script>\n<!-- \/ Yoast SEO plugin. -->","yoast_head_json":{"title":"S\u00fcrg\u00fcn Ermeni, S\u00fcryani ve Rumlara vatanda\u015fl\u0131k - Bati Ermenistan Ve Bati Ermenileri Sorunlari Ara\u015ftirmalar Merkezi","robots":{"index":"index","follow":"follow","max-snippet":"max-snippet:-1","max-image-preview":"max-image-preview:large","max-video-preview":"max-video-preview:-1"},"canonical":"https:\/\/akunq.net\/tr\/?p=28623","og_locale":"en_US","og_type":"article","og_title":"S\u00fcrg\u00fcn Ermeni, S\u00fcryani ve Rumlara vatanda\u015fl\u0131k - Bati Ermenistan Ve Bati Ermenileri Sorunlari Ara\u015ftirmalar Merkezi","og_description":"BDP\u2019li vekil kanun teklifi verdi\u2026 Bar\u0131\u015f ve Demokrasi Partisi (BDP)\u2019nin Mardin Milletvekili Erol Dora T\u00fcrkiye B\u00fcy\u00fck Millet Meclisi ba\u015fkanl\u0131\u011f\u0131na T\u00fcrk Vatanda\u015fl\u0131\u011f\u0131 Kanununda De\u011fi\u015fiklik Yap\u0131lmas\u0131na Dair Kanun Teklifi sundu. BDP\u2019nin S\u00fcryani vekili Erol Dora teklifinin gerek\u00e7esini \u015f\u00f6yle a\u00e7\u0131klad\u0131: 20. y\u00fczy\u0131l\u0131n ba\u015flar\u0131ndan itibaren \u00f6zellikle 1915 y\u0131l\u0131nda Osmanl\u0131 Devleti\u2019nin resmi olarak 27 May\u0131s 1915 tarihinde kabul etti\u011fi ve [&hellip;]","og_url":"https:\/\/akunq.net\/tr\/?p=28623","og_site_name":"Bati Ermenistan Ve Bati Ermenileri Sorunlari Ara\u015ftirmalar Merkezi","article_published_time":"2014-02-27T07:42:08+00:00","og_image":[{"url":"http:\/\/akunq.net\/tr\/wp-content\/uploads\/2014\/02\/Erol-Dora-300x138.jpg","type":"","width":"","height":""}],"author":"admin","twitter_card":"summary_large_image","twitter_misc":{"Written by":"admin","Est. reading time":"7 minutes"},"schema":{"@context":"https:\/\/schema.org","@graph":[{"@type":"Article","@id":"https:\/\/akunq.net\/tr\/?p=28623#article","isPartOf":{"@id":"https:\/\/akunq.net\/tr\/?p=28623"},"author":{"name":"admin","@id":"https:\/\/akunq.net\/tr\/#\/schema\/person\/096f1d38a12cce57fb855b485ed24c9e"},"headline":"S\u00fcrg\u00fcn Ermeni, S\u00fcryani ve Rumlara vatanda\u015fl\u0131k","datePublished":"2014-02-27T07:42:08+00:00","mainEntityOfPage":{"@id":"https:\/\/akunq.net\/tr\/?p=28623"},"wordCount":1319,"commentCount":0,"image":{"@id":"https:\/\/akunq.net\/tr\/?p=28623#primaryimage"},"thumbnailUrl":"http:\/\/akunq.net\/tr\/wp-content\/uploads\/2014\/02\/Erol-Dora-300x138.jpg","articleSection":["Ermeni Soyk\u0131r\u0131m\u0131","Haberler","T\u00fcrkiye\u2019de Az\u0131nl\u0131klar"],"inLanguage":"en-US","potentialAction":[{"@type":"CommentAction","name":"Comment","target":["https:\/\/akunq.net\/tr\/?p=28623#respond"]}]},{"@type":"WebPage","@id":"https:\/\/akunq.net\/tr\/?p=28623","url":"https:\/\/akunq.net\/tr\/?p=28623","name":"S\u00fcrg\u00fcn Ermeni, S\u00fcryani ve Rumlara vatanda\u015fl\u0131k - Bati Ermenistan Ve Bati Ermenileri Sorunlari Ara\u015ftirmalar Merkezi","isPartOf":{"@id":"https:\/\/akunq.net\/tr\/#website"},"primaryImageOfPage":{"@id":"https:\/\/akunq.net\/tr\/?p=28623#primaryimage"},"image":{"@id":"https:\/\/akunq.net\/tr\/?p=28623#primaryimage"},"thumbnailUrl":"http:\/\/akunq.net\/tr\/wp-content\/uploads\/2014\/02\/Erol-Dora-300x138.jpg","datePublished":"2014-02-27T07:42:08+00:00","author":{"@id":"https:\/\/akunq.net\/tr\/#\/schema\/person\/096f1d38a12cce57fb855b485ed24c9e"},"breadcrumb":{"@id":"https:\/\/akunq.net\/tr\/?p=28623#breadcrumb"},"inLanguage":"en-US","potentialAction":[{"@type":"ReadAction","target":["https:\/\/akunq.net\/tr\/?p=28623"]}]},{"@type":"ImageObject","inLanguage":"en-US","@id":"https:\/\/akunq.net\/tr\/?p=28623#primaryimage","url":"https:\/\/akunq.net\/tr\/wp-content\/uploads\/sites\/6\/2014\/02\/Erol-Dora.jpg","contentUrl":"https:\/\/akunq.net\/tr\/wp-content\/uploads\/sites\/6\/2014\/02\/Erol-Dora.jpg","width":630,"height":290},{"@type":"BreadcrumbList","@id":"https:\/\/akunq.net\/tr\/?p=28623#breadcrumb","itemListElement":[{"@type":"ListItem","position":1,"name":"Home","item":"https:\/\/akunq.net\/tr"},{"@type":"ListItem","position":2,"name":"S\u00fcrg\u00fcn Ermeni, S\u00fcryani ve Rumlara vatanda\u015fl\u0131k"}]},{"@type":"WebSite","@id":"https:\/\/akunq.net\/tr\/#website","url":"https:\/\/akunq.net\/tr\/","name":"Bati Ermenistan Ve Bati Ermenileri Sorunlari Ara\u015ftirmalar Merkezi","description":"","potentialAction":[{"@type":"SearchAction","target":{"@type":"EntryPoint","urlTemplate":"https:\/\/akunq.net\/tr\/?s={search_term_string}"},"query-input":{"@type":"PropertyValueSpecification","valueRequired":true,"valueName":"search_term_string"}}],"inLanguage":"en-US"},{"@type":"Person","@id":"https:\/\/akunq.net\/tr\/#\/schema\/person\/096f1d38a12cce57fb855b485ed24c9e","name":"admin","url":"https:\/\/akunq.net\/tr\/?author=7"}]}},"_links":{"self":[{"href":"https:\/\/akunq.net\/tr\/index.php?rest_route=\/wp\/v2\/posts\/28623","targetHints":{"allow":["GET"]}}],"collection":[{"href":"https:\/\/akunq.net\/tr\/index.php?rest_route=\/wp\/v2\/posts"}],"about":[{"href":"https:\/\/akunq.net\/tr\/index.php?rest_route=\/wp\/v2\/types\/post"}],"author":[{"embeddable":true,"href":"https:\/\/akunq.net\/tr\/index.php?rest_route=\/wp\/v2\/users\/7"}],"replies":[{"embeddable":true,"href":"https:\/\/akunq.net\/tr\/index.php?rest_route=%2Fwp%2Fv2%2Fcomments&post=28623"}],"version-history":[{"count":1,"href":"https:\/\/akunq.net\/tr\/index.php?rest_route=\/wp\/v2\/posts\/28623\/revisions"}],"predecessor-version":[{"id":28625,"href":"https:\/\/akunq.net\/tr\/index.php?rest_route=\/wp\/v2\/posts\/28623\/revisions\/28625"}],"wp:attachment":[{"href":"https:\/\/akunq.net\/tr\/index.php?rest_route=%2Fwp%2Fv2%2Fmedia&parent=28623"}],"wp:term":[{"taxonomy":"category","embeddable":true,"href":"https:\/\/akunq.net\/tr\/index.php?rest_route=%2Fwp%2Fv2%2Fcategories&post=28623"},{"taxonomy":"post_tag","embeddable":true,"href":"https:\/\/akunq.net\/tr\/index.php?rest_route=%2Fwp%2Fv2%2Ftags&post=28623"}],"curies":[{"name":"wp","href":"https:\/\/api.w.org\/{rel}","templated":true}]}}