{"id":28612,"date":"2014-02-26T03:57:42","date_gmt":"2014-02-26T08:57:42","guid":{"rendered":"http:\/\/akunq.net\/tr\/?p=28612"},"modified":"2014-02-26T03:57:42","modified_gmt":"2014-02-26T08:57:42","slug":"istanbul-ankara-trabzon-sakarya-izmir-ve-eskisehirde-polis-mudahalesi","status":"publish","type":"post","link":"https:\/\/akunq.net\/tr\/?p=28612","title":{"rendered":"\u0130stanbul, Ankara, Trabzon, Sakarya, \u0130zmir ve Eski\u015fehir&#8217;de polis m\u00fcdahalesi"},"content":{"rendered":"<p style=\"text-align: justify;\"><em><strong><a href=\"http:\/\/akunq.net\/tr\/?attachment_id=28613\" rel=\"attachment wp-att-28613\"><img loading=\"lazy\" decoding=\"async\" class=\"alignright size-medium wp-image-28613\" alt=\"Protesto\" src=\"http:\/\/akunq.net\/tr\/wp-content\/uploads\/2014\/02\/Protesto-300x174.jpg\" width=\"300\" height=\"174\" srcset=\"https:\/\/akunq.net\/tr\/wp-content\/uploads\/sites\/6\/2014\/02\/Protesto-300x174.jpg 300w, https:\/\/akunq.net\/tr\/wp-content\/uploads\/sites\/6\/2014\/02\/Protesto.jpg 460w\" sizes=\"auto, (max-width: 300px) 100vw, 300px\" \/><\/a>\u0130stanbul, Trabzon, Ankara Kennedy Caddesi, \u0130zmir Cumhuriyet Meydan\u0131, Eski\u015fehir, \u00c7anakkale ve Sakarya&#8217;da e\u015f zamanl\u0131 olarak h\u00fck\u00fcmete kar\u015f\u0131 protesto g\u00f6sterileri ger\u00e7ekle\u015ftirildi.<\/strong><\/em><br \/>\nBa\u015fbakan Recep Tayyip Erdo\u011fan ile o\u011flu Bilal Erdo\u011fan&#8217;a ait oldu\u011fu iddia edilen ses kay\u0131tlar\u0131n\u0131n ortaya \u00e7\u0131kmas\u0131n\u0131n ard\u0131ndan Kad\u0131k\u00f6y Alt\u0131yol Meydan\u0131&#8217;nda toplanan yakla\u015f\u0131k 500 ki\u015filik grup Bahariye Caddesi \u00fczerinden bir y\u00fcr\u00fcy\u00fc\u015f ger\u00e7ekle\u015ftirdi.<br \/>\nGrup zaman zaman &#8220;Her yer r\u00fc\u015fvet, her yer yolsuzluk&#8221; \u015feklinde slogan att\u0131. R\u0131ht\u0131m Caddesi&#8217;ne gelen grup tekrar geri d\u00f6nerek Alt\u0131yol Meydana geldi. S\u00f6\u011f\u00fctl\u00fc\u00e7e\u015fme Caddesi \u00fczerinden Ak Parti \u0130l\u00e7e binas\u0131na y\u00fcr\u00fcmek isteyen gruba polis m\u00fcdahale etti. TOMA&#8217;dan s\u0131k\u0131lan tazyikli su, biber gaz\u0131 ve boyal\u0131 plastik mermi ile m\u00fcdahale edilen grup ara sokaklara ka\u00e7t\u0131. Polis ve g\u00f6stericiler aras\u0131ndaki gerginlik s\u00fcr\u00fcyor. \u0130stanbul &#8216;da ayr\u0131ca Bak\u0131rk\u00f6y, Kartal, Maltepe, Okmeydan\u0131, Sar\u0131yer ve Sar\u0131gazi\u2019de de eylemler d\u00fczenlendi.<br \/>\n\u0130stanbul&#8217;daki protestolarla e\u015f zamanl\u0131 olarak Ankara Kennedy Caddesi, \u0130zmir Cumhuriyet Meydan\u0131 ve Eski\u015fehir&#8217;de bir araya gelen gruplar da protesto g\u00f6sterisi yapt\u0131.<\/p>\n<p style=\"text-align: justify;\"><strong>BAKIRK\u00d6Y&#8217;DE DE YOLSUZLUK KAR\u015eITI EYLEM D\u00dcZENLEND\u0130<\/strong><br \/>\n\u00d6te yandan Kad\u0131k\u00f6y&#8217;de d\u00fczenlenen eylem d\u0131\u015f\u0131nda Bak\u0131rk\u00f6y \u00d6zg\u00fcrl\u00fck Meydan\u0131&#8217;nda da toplanan bir grup yolsuzluklara kar\u015f\u0131 protesto y\u00fcr\u00fcy\u00fc\u015f\u00fc d\u00fczenledi.<br \/>\nSaat 19.00&#8217;da d\u00fczenlenen eylemde \u00d6zg\u00fcrl\u00fck Meydan\u0131&#8217;nda toplanan grup \u0130ncirli Caddesi&#8217;nde bir s\u00fcre y\u00fcr\u00fcd\u00fckten sonra, \u0130stanbul Caddesinden y\u00fcr\u00fcy\u00fc\u015flerine devam etti. Sloganlar e\u015fli\u011finde y\u00fcr\u00fcyen grup, \u0130stanbul Caddesi \u00fczerinde bulunan Bak\u0131rk\u00f6y \u0130l\u00e7e AK Parti \u00f6n\u00fcne geldi. Bak\u0131rk\u00f6y \u00c7aml\u0131k Platformu ad\u0131na bir ki\u015fi bas\u0131n a\u00e7\u0131klamas\u0131 yapt\u0131. A\u00e7\u0131klamada, &#8216;Binlerce y\u0131ll\u0131k uygarl\u0131klar\u0131n ya\u015fand\u0131\u011f\u0131 bu \u00fclkede bu topraklarda insanlar\u0131 s\u0131f\u0131rlamayacaks\u0131n\u0131z. 17 Aral\u0131k operasyonu sonras\u0131nda ard\u0131 kesilmeyen ses kayd\u0131 ve g\u00f6revden alma sava\u015flar\u0131nda yeni bir boyuta gelindi&#8217; denildi.<br \/>\nBa\u015fbakan Recep Tayyip Ero\u011fan ve O\u011flu Bilal Erdo\u011fan aras\u0131nda ge\u00e7ti\u011fi iddia edilen konu\u015fmayla ilgili de a\u00e7\u0131klamalarda bulunulurken, Takism Gezi park\u0131 olaylar\u0131nda, ODT\u00dc olaylar\u0131na ve ileti\u015fim hakk\u0131na sahip \u00e7\u0131kan herkes m\u00fccadelesini sonuna kadar s\u00fcrd\u00fcrecektir denildi. Grubun y\u00fcr\u00fcy\u00fc\u015f yapt\u0131\u011f\u0131 s\u0131rada baz\u0131 vatanda\u015flar camlara \u00e7\u0131karak y\u00fcr\u00fcy\u00fc\u015fe destek verdi\u011fi g\u00f6r\u00fcld\u00fc. Grup bas\u0131n a\u00e7\u0131klamas\u0131n\u0131n ard\u0131ndan olays\u0131z bir \u015fekilde da\u011f\u0131ld\u0131.<br \/>\n\u0130\u015fte Bak\u0131rk\u00f6y&#8217;deki polis m\u00fcdahalesi:<\/p>\n<p style=\"text-align: justify;\"><strong>ANKARA&#8217;DA YOLSUZLUK KAR\u015eITI PROTESTOYA POL\u0130S M\u00dcDAHALES\u0130<\/strong><br \/>\nBa\u015fbakan Recep Tayyip Erdo\u011fan ile o\u011flu Bilal Erdo\u011fan&#8217;a ait oldu\u011fu iddia edilen ses kay\u0131tlar\u0131n\u0131n ortaya \u00e7\u0131kmas\u0131n\u0131n ard\u0131ndan Ankara?da toplanan 200 ki\u015filik gruba polis m\u00fcdahale etti.<br \/>\nBa\u015fbakan Recep Tayyip Erdo\u011fan ile o\u011flu Bilal Erdo\u011fan&#8217;a ait oldu\u011fu iddia edilen ses kay\u0131tlar\u0131n\u0131n ortaya \u00e7\u0131kmas\u0131n\u0131n ard\u0131ndan yolsuzluk iddialar\u0131n\u0131 protesto etmek isteyen yakla\u015f\u0131k 200 ki\u015filik bir grup Kennedy Caddesi \u00fczerinde biraraya geldi. Sosyal medya \u00fczerinden \u00f6rg\u00fctlenerek cadde \u00fczerinde toplanan grubun \u00f6n\u00fc \u00e7evik kuvvet ekipleri taraf\u0131ndan kesildi. Polis ekipleri eylemci gruba da\u011f\u0131lmalar\u0131 y\u00f6n\u00fcnde uyar\u0131 yapt\u0131. Uyar\u0131 \u00fczerine polise ta\u015f atan eylemcilere \u00e7evik kuvvet ekipleri tazyikli su ve boyal\u0131 plastik mermi ile m\u00fcdahale etti. Protestocular m\u00fcdahalenin ard\u0131ndan ara sokaklara da\u011f\u0131ld\u0131.<br \/>\n\u0130\u015fte Ankara&#8217;daki polis m\u00fcdahalesi:<\/p>\n<p style=\"text-align: justify;\"><strong>TRABZON&#8217;DA Y\u00dcR\u00dcY\u00dc\u015e VE BASIN A\u00c7IKLAMASI<\/strong><br \/>\n\u00d6te yandan Trabzon&#8217;da da Trabzon Dayan\u0131\u015fma Platformu \u00fcyeleri, internet k\u0131s\u0131tlamalar\u0131, M\u0130T ve HSYK yasalar\u0131yla memurlar\u0131n \u00f6zl\u00fck haklar\u0131na ili\u015fkin d\u00fczenlemeleri protesto amac\u0131yla y\u00fcr\u00fcy\u00fc\u015f d\u00fczenledi. Merkez Postane \u00f6n\u00fcnde toplanan yakla\u015f\u0131k 200 ki\u015filik grup, h\u00fck\u00fcmet aleyhine sloganlar atarak Atat\u00fcrk Alan\u0131&#8217;n\u0131 kadar y\u00fcr\u00fcd\u00fc. Konu\u015fmalar\u0131n ard\u0131ndan g\u00f6steriye kat\u0131lanlar, h\u00fck\u00fcmet aleyhine sloganlar att\u0131ktan sonra olays\u0131z da\u011f\u0131ld\u0131.<br \/>\n\u0130\u015fte Trabzon&#8217;daki polis m\u00fcdahalesi:<\/p>\n<p style=\"text-align: justify;\"><strong>ESK\u0130\u015eEH\u0130R&#8217;DE DE HALK PROTESTO \u0130\u00c7\u0130N Y\u00dcR\u00dcD\u00dc<\/strong><br \/>\n\u0130stanbul ve Trabzon&#8217;un yan\u0131 s\u0131ra Eski\u015fehir&#8217;de de h\u00fck\u00fcmet kar\u015f\u0131t\u0131 g\u00f6steriler yap\u0131l\u0131yor. Bir \u00e7ok ki\u015fi ellerinde pankartlarla Eski\u015fehir&#8217;de eylem y\u00fcr\u00fcy\u00fc\u015f\u00fc yap\u0131yor. Polisin y\u00fcr\u00fcy\u00fc\u015fe izin vermedi\u011fi kalabal\u0131k grup yer yer polis m\u00fcdahalesine maruz kald\u0131.<br \/>\n\u0130\u015fte Eski\u015fehir&#8217;deki polis m\u00fcdahalesi:<\/p>\n<p style=\"text-align: justify;\"><strong>SAKARYA&#8217;DA POL\u0130S KORDONU ALTINDA PROTESTO Y\u00dcR\u00dcY\u00dc\u015e\u00dc<\/strong><br \/>\nSakarya&#8217;da \u00e7o\u011funlu\u011fu \u00fcniversiteli olan yakla\u015f\u0131k 200 ki\u015filik grup ellerinde pankartlarla &#8216;H\u00fck\u00fcmet istifa&#8217; sloganlar\u0131 atarak protesto y\u00fcr\u00fcy\u00fc\u015f\u00fc yapt\u0131. Y\u00fcr\u00fcy\u00fc\u015fe polis herhangi bir m\u00fcdahalede bulunmad\u0131.<br \/>\nSakarya&#8217;n\u0131n merkez il\u00e7esi Adapazar\u0131&#8217;nda sosyal payla\u015f\u0131m sitesinde yap\u0131lan duyurularla biraraya gelen, aralar\u0131nda kad\u0131nlar\u0131n da bulundu\u011fu, \u00e7o\u011funlu\u011fu \u00fcniversiteli yakla\u015f\u0131k 200 ki\u015filik grup ak\u015fam saatlerinde Adapazar\u0131&#8217;n\u0131n en i\u015flek caddesi olan \u00c7ark Caddesi&#8217;nde ellerinde pankartlarla y\u00fcr\u00fcd\u00fc. &#8216;H\u00fck\u00fcmet istifa, halk iktidara&#8217;, &#8216;H\u0131rs\u0131z var&#8217;, &#8216;Banker Bilo&#8217; yaz\u0131l\u0131 pankartlarla y\u00fcr\u00fcmek isteyen kalabal\u0131\u011f\u0131 \u00f6nce Sakarya Emniyet M\u00fcd\u00fcrl\u00fc\u011f\u00fc G\u00fcvenlik \u015eube B\u00fcro Amirli\u011fi ekipleri taraf\u0131ndan bulunduklar\u0131 alan\u0131n y\u00fcr\u00fcy\u00fc\u015f veya miting alan\u0131 olmad\u0131\u011f\u0131n\u0131 belirtilerek uyar\u0131da bulunuldu. Y\u00fcr\u00fcy\u00fc\u015fe devam etmeleri halinde haklar\u0131nda i\u015flem yap\u0131laca\u011f\u0131 y\u00f6n\u00fcnde uyar\u0131lmalar\u0131na ra\u011fmen grup \u00fcyeleri y\u00fcr\u00fcy\u00fc\u015fe devam ederek, sloganlarla \u00c7ark Caddesi boyunca ilerledi. Y\u00fcr\u00fcy\u00fc\u015f boyunca &#8216;h\u00fck\u00fcmet istifa&#8217; ve &#8216;h\u0131rs\u0131z var&#8217; sloganlar\u0131 atan grup \u00fcyelerinin ellerindeki pankart da dikkat \u00e7ekti. Yol kenar\u0131nda bulunan baz\u0131 vatanda\u015flar protestoya tepki g\u00f6sterdi.<br \/>\nAralar\u0131nda kad\u0131nlar\u0131n da bulundu\u011fu grup y\u00fcr\u00fcy\u00fc\u015f sonunda bas\u0131n a\u00e7\u0131klamas\u0131 yapt\u0131. Kalabal\u0131\u011f\u0131 temsilen konu\u015fan \u0130rem Uzel isimli gen\u00e7, h\u00fck\u00fcmetin yolsuzluk yapt\u0131\u011f\u0131n\u0131 \u00f6ne s\u00fcrerek h\u00fck\u00fcmetin M\u0130T&#8217;e s\u0131n\u0131rs\u0131z yetki verdi\u011fi iddias\u0131nda bulundu. Uzel bas\u0131n a\u00e7\u0131klamas\u0131nda, &#8220;Asgari \u00fccretle ge\u00e7inmeye \u00e7al\u0131\u015fan bir i\u015f\u00e7inin hi\u00e7 harcamadan tam 8 bin y\u0131lda kazanabilece\u011fi paralar h\u0131rs\u0131z iktidar\u0131n padi\u015fah\u0131n\u0131n veliaht\u0131 i\u00e7in sadece k\u00fc\u00e7\u00fck bir miktar olmu\u015ftur. Yolsuzluklar\u0131n\u0131 \u00f6rt pas etmek i\u00e7in sans\u00fcr yasalar\u0131n\u0131n meclisten ge\u00e7irildi\u011fi, M\u0130T&#8217;e s\u0131n\u0131rs\u0131z yetki verildi\u011fi, her \u015feyin montaj bahanesiyle dayand\u0131r\u0131ld\u0131\u011f\u0131n\u0131 g\u00f6r\u00fcyoruz. \u0130ktidar bug\u00fcn en b\u00fcy\u00fck soygununu yapmaya devam ediyor. Yolsuzlu\u011fun ve ka\u00e7ak\u00e7\u0131l\u0131\u011f\u0131n lugattaki anlam\u0131 art\u0131k AKP&#8217;dir. Me\u015frulu\u011funu yitiren bu h\u00fck\u00fcmet kar\u015f\u0131s\u0131nda tek yol sokak tek yol direni\u015ftir. Ya\u015fas\u0131n halklar\u0131n onurlu direni\u015fi&#8221; dedi. G\u00fcvenlik ekiplerinin geni\u015f \u00f6nlem ald\u0131\u011f\u0131 y\u00fcr\u00fcy\u00fc\u015f yap\u0131lan a\u00e7\u0131klaman\u0131n ard\u0131ndan sona erdi.<br \/>\n\u0130\u015fte Sakarya&#8217;daki polis m\u00fcdahalesi:<\/p>\n<p style=\"text-align: justify;\"><strong>\u00c7ANAKKALE&#8217;DE &#8216;H\u00dcK\u00dcMET \u0130ST\u0130FA&#8217; EYLEM\u0130<\/strong><br \/>\n\u00c7anakkale&#8217;de bir grup vatanda\u015f, T\u00fcrkiye&#8217;nin g\u00fcndemine bomba gibi d\u00fc\u015fen Ba\u015fbakan Recep Tayyip Erdo\u011fan ile o\u011flu Bilal Erdo\u011fan&#8217;a ait oldu\u011fu iddia edilen ses kayd\u0131n ard\u0131ndan soka\u011fa \u00e7\u0131karak h\u00fck\u00fcmeti istifaya \u00e7a\u011f\u0131rd\u0131.<br \/>\nHalk Evleri, \u00d6zg\u00fcrl\u00fck ve Dayan\u0131\u015fma Partisi, T\u00fcrkiye Kom\u00fcnist Partisi, Halklar\u0131n Demokratik Kongresi ve \u00d6\u011frenci Kolektifleri \u00fcyesi 200 ki\u015filik grup eylem yapt\u0131. \u0130skele Meydan\u0131&#8217;nda toplanan grup, &#8216;\u00c7ald\u0131klar\u0131n\u0131z\u0131 S\u0131f\u0131rlayamazs\u0131n\u0131z. Art\u0131k Yeter. H\u00fck\u00fcmet \u0130stifa&#8217; yaz\u0131l\u0131 b\u00fcy\u00fck bir pankart a\u00e7arak y\u00fcr\u00fcy\u00fc\u015fe ge\u00e7ti. Kordon boyundan Orduevi Kav\u015fa\u011f\u0131&#8217;n\u0131 takip ederek \u0130n\u00f6n\u00fc Caddesi&#8217;ne d\u00f6n\u00fc\u015f yapan grup, cadde \u00fczerinde bulunan Ak Parti Se\u00e7im Koordinasyon Merkezi \u00f6n\u00fcnde durarak, Ak Parti ve Ba\u015fbakan Recep Tayyip Erdo\u011fan aleyhine sloganlar att\u0131. \u00c7evik kuvvet polisi ise olas\u0131 bir m\u00fcdahaleye kar\u015f\u0131 Ak Parti Se\u00e7im Koordinasyon Merkezi \u00f6n\u00fcnde barikat kurarak adeta etten duvar \u00f6rd\u00fc.<br \/>\n&#8216;H\u00fck\u00fcmet \u0130stifa&#8217;, &#8216;G\u00fcle G\u00fcle Tayyip&#8217;, &#8216;H\u0131rs\u0131z Var&#8217; sloganlar\u0131 atarak 10 dakika burada duran grup daha sonra y\u00fcr\u00fcy\u00fc\u015fe devam etti.<br \/>\nGrubun y\u00fcr\u00fcy\u00fc\u015f\u00fc nedeniyle \u0130n\u00f6n\u00fc Caddesi tek y\u00f6nl\u00fc olarak trafi\u011fe kapan\u0131nca polis gruba yola a\u00e7malar\u0131 i\u00e7in megafonla uyar\u0131larda bulundu. Ancak y\u00fcr\u00fcmeye devam eden grup, \u0130skele Meydan\u0131&#8217;ndaki Ak Parti \u0130l Ba\u015fkanl\u0131\u011f\u0131 \u00f6n\u00fcne gelerek protestolar\u0131n\u0131 burada da s\u00fcrd\u00fcrd\u00fc. Daha sonra Dr. M\u00fcmtaz Pirin\u00e7ciler Meydan\u0131&#8217;na ge\u00e7en grup burada bas\u0131n a\u00e7\u0131klamas\u0131 yaparak da\u011f\u0131ld\u0131.<br \/>\n\u0130\u015fte \u00c7anakkale&#8217;deki polis m\u00fcdahalesi:<\/p>\n<p style=\"text-align: justify;\"><strong>\u0130ZM\u0130R&#8217;DE YOLSUZLUK KAR\u015eITI EYLEM<\/strong><br \/>\n\u0130zmir&#8217;de bir grup Ba\u015fbakan Recep Tayyip Erdo\u011fan ve o\u011flu Bilal Erdo\u011fan aras\u0131nda ge\u00e7ti\u011fi \u00f6ne s\u00fcr\u00fclen tape kay\u0131tlar\u0131yla ilgili protesto g\u00f6sterisi d\u00fczenledi.<br \/>\nBasmane&#8217;deki AK Parti il\u00e7e binas\u0131na y\u00fcr\u00fcmek isteyen gruba Cumhuriyet Bulvar\u0131 \u00fczerinde TOMA&#8217;larla m\u00fcdahale edildi.<\/p>\n<p style=\"text-align: justify;\"><em><strong>http:\/\/www.mynet.com\/haber\/guncel\/istanbul-ankara-trabzon-sakarya-izmir-ve-eskisehirde-polis-mudahalesi-1072900-1<\/strong><\/em><\/p>\n","protected":false},"excerpt":{"rendered":"<p>\u0130stanbul, Trabzon, Ankara Kennedy Caddesi, \u0130zmir Cumhuriyet Meydan\u0131, Eski\u015fehir, \u00c7anakkale ve Sakarya&#8217;da e\u015f zamanl\u0131 olarak h\u00fck\u00fcmete kar\u015f\u0131 protesto g\u00f6sterileri ger\u00e7ekle\u015ftirildi. Ba\u015fbakan Recep Tayyip Erdo\u011fan ile o\u011flu Bilal Erdo\u011fan&#8217;a ait oldu\u011fu iddia edilen ses kay\u0131tlar\u0131n\u0131n ortaya \u00e7\u0131kmas\u0131n\u0131n ard\u0131ndan Kad\u0131k\u00f6y Alt\u0131yol Meydan\u0131&#8217;nda toplanan yakla\u015f\u0131k 500 ki\u015filik grup Bahariye Caddesi \u00fczerinden bir y\u00fcr\u00fcy\u00fc\u015f ger\u00e7ekle\u015ftirdi. Grup zaman zaman &#8220;Her [&hellip;]<\/p>\n","protected":false},"author":7,"featured_media":0,"comment_status":"open","ping_status":"open","sticky":false,"template":"","format":"standard","meta":{"footnotes":""},"categories":[1],"tags":[],"class_list":["post-28612","post","type-post","status-publish","format-standard","hentry","category-haberler"],"yoast_head":"<!-- This site is optimized with the Yoast SEO plugin v26.6 - https:\/\/yoast.com\/wordpress\/plugins\/seo\/ -->\n<title>\u0130stanbul, Ankara, Trabzon, Sakarya, \u0130zmir ve Eski\u015fehir&#039;de polis m\u00fcdahalesi - Bati Ermenistan Ve Bati Ermenileri Sorunlari Ara\u015ftirmalar Merkezi<\/title>\n<meta name=\"robots\" content=\"index, follow, max-snippet:-1, max-image-preview:large, max-video-preview:-1\" \/>\n<link rel=\"canonical\" href=\"https:\/\/akunq.net\/tr\/?p=28612\" \/>\n<meta property=\"og:locale\" content=\"en_US\" \/>\n<meta property=\"og:type\" content=\"article\" \/>\n<meta property=\"og:title\" content=\"\u0130stanbul, Ankara, Trabzon, Sakarya, \u0130zmir ve Eski\u015fehir&#039;de polis m\u00fcdahalesi - Bati Ermenistan Ve Bati Ermenileri Sorunlari Ara\u015ftirmalar Merkezi\" \/>\n<meta property=\"og:description\" content=\"\u0130stanbul, Trabzon, Ankara Kennedy Caddesi, \u0130zmir Cumhuriyet Meydan\u0131, Eski\u015fehir, \u00c7anakkale ve Sakarya&#8217;da e\u015f zamanl\u0131 olarak h\u00fck\u00fcmete kar\u015f\u0131 protesto g\u00f6sterileri ger\u00e7ekle\u015ftirildi. Ba\u015fbakan Recep Tayyip Erdo\u011fan ile o\u011flu Bilal Erdo\u011fan&#8217;a ait oldu\u011fu iddia edilen ses kay\u0131tlar\u0131n\u0131n ortaya \u00e7\u0131kmas\u0131n\u0131n ard\u0131ndan Kad\u0131k\u00f6y Alt\u0131yol Meydan\u0131&#8217;nda toplanan yakla\u015f\u0131k 500 ki\u015filik grup Bahariye Caddesi \u00fczerinden bir y\u00fcr\u00fcy\u00fc\u015f ger\u00e7ekle\u015ftirdi. Grup zaman zaman &#8220;Her [&hellip;]\" \/>\n<meta property=\"og:url\" content=\"https:\/\/akunq.net\/tr\/?p=28612\" \/>\n<meta property=\"og:site_name\" content=\"Bati Ermenistan Ve Bati Ermenileri Sorunlari Ara\u015ftirmalar Merkezi\" \/>\n<meta property=\"article:published_time\" content=\"2014-02-26T08:57:42+00:00\" \/>\n<meta property=\"og:image\" content=\"http:\/\/akunq.net\/tr\/wp-content\/uploads\/2014\/02\/Protesto-300x174.jpg\" \/>\n<meta name=\"author\" content=\"admin\" \/>\n<meta name=\"twitter:card\" content=\"summary_large_image\" \/>\n<meta name=\"twitter:label1\" content=\"Written by\" \/>\n\t<meta name=\"twitter:data1\" content=\"admin\" \/>\n\t<meta name=\"twitter:label2\" content=\"Est. reading time\" \/>\n\t<meta name=\"twitter:data2\" content=\"8 minutes\" \/>\n<script type=\"application\/ld+json\" class=\"yoast-schema-graph\">{\"@context\":\"https:\/\/schema.org\",\"@graph\":[{\"@type\":\"WebPage\",\"@id\":\"https:\/\/akunq.net\/tr\/?p=28612\",\"url\":\"https:\/\/akunq.net\/tr\/?p=28612\",\"name\":\"\u0130stanbul, Ankara, Trabzon, Sakarya, \u0130zmir ve Eski\u015fehir'de polis m\u00fcdahalesi - Bati Ermenistan Ve Bati Ermenileri Sorunlari Ara\u015ftirmalar Merkezi\",\"isPartOf\":{\"@id\":\"https:\/\/akunq.net\/tr\/#website\"},\"primaryImageOfPage\":{\"@id\":\"https:\/\/akunq.net\/tr\/?p=28612#primaryimage\"},\"image\":{\"@id\":\"https:\/\/akunq.net\/tr\/?p=28612#primaryimage\"},\"thumbnailUrl\":\"http:\/\/akunq.net\/tr\/wp-content\/uploads\/2014\/02\/Protesto-300x174.jpg\",\"datePublished\":\"2014-02-26T08:57:42+00:00\",\"author\":{\"@id\":\"https:\/\/akunq.net\/tr\/#\/schema\/person\/096f1d38a12cce57fb855b485ed24c9e\"},\"breadcrumb\":{\"@id\":\"https:\/\/akunq.net\/tr\/?p=28612#breadcrumb\"},\"inLanguage\":\"en-US\",\"potentialAction\":[{\"@type\":\"ReadAction\",\"target\":[\"https:\/\/akunq.net\/tr\/?p=28612\"]}]},{\"@type\":\"ImageObject\",\"inLanguage\":\"en-US\",\"@id\":\"https:\/\/akunq.net\/tr\/?p=28612#primaryimage\",\"url\":\"https:\/\/akunq.net\/tr\/wp-content\/uploads\/sites\/6\/2014\/02\/Protesto.jpg\",\"contentUrl\":\"https:\/\/akunq.net\/tr\/wp-content\/uploads\/sites\/6\/2014\/02\/Protesto.jpg\",\"width\":460,\"height\":268},{\"@type\":\"BreadcrumbList\",\"@id\":\"https:\/\/akunq.net\/tr\/?p=28612#breadcrumb\",\"itemListElement\":[{\"@type\":\"ListItem\",\"position\":1,\"name\":\"Home\",\"item\":\"https:\/\/akunq.net\/tr\"},{\"@type\":\"ListItem\",\"position\":2,\"name\":\"\u0130stanbul, Ankara, Trabzon, Sakarya, \u0130zmir ve Eski\u015fehir&#8217;de polis m\u00fcdahalesi\"}]},{\"@type\":\"WebSite\",\"@id\":\"https:\/\/akunq.net\/tr\/#website\",\"url\":\"https:\/\/akunq.net\/tr\/\",\"name\":\"Bati Ermenistan Ve Bati Ermenileri Sorunlari Ara\u015ftirmalar Merkezi\",\"description\":\"\",\"potentialAction\":[{\"@type\":\"SearchAction\",\"target\":{\"@type\":\"EntryPoint\",\"urlTemplate\":\"https:\/\/akunq.net\/tr\/?s={search_term_string}\"},\"query-input\":{\"@type\":\"PropertyValueSpecification\",\"valueRequired\":true,\"valueName\":\"search_term_string\"}}],\"inLanguage\":\"en-US\"},{\"@type\":\"Person\",\"@id\":\"https:\/\/akunq.net\/tr\/#\/schema\/person\/096f1d38a12cce57fb855b485ed24c9e\",\"name\":\"admin\",\"url\":\"https:\/\/akunq.net\/tr\/?author=7\"}]}<\/script>\n<!-- \/ Yoast SEO plugin. -->","yoast_head_json":{"title":"\u0130stanbul, Ankara, Trabzon, Sakarya, \u0130zmir ve Eski\u015fehir'de polis m\u00fcdahalesi - Bati Ermenistan Ve Bati Ermenileri Sorunlari Ara\u015ftirmalar Merkezi","robots":{"index":"index","follow":"follow","max-snippet":"max-snippet:-1","max-image-preview":"max-image-preview:large","max-video-preview":"max-video-preview:-1"},"canonical":"https:\/\/akunq.net\/tr\/?p=28612","og_locale":"en_US","og_type":"article","og_title":"\u0130stanbul, Ankara, Trabzon, Sakarya, \u0130zmir ve Eski\u015fehir'de polis m\u00fcdahalesi - Bati Ermenistan Ve Bati Ermenileri Sorunlari Ara\u015ftirmalar Merkezi","og_description":"\u0130stanbul, Trabzon, Ankara Kennedy Caddesi, \u0130zmir Cumhuriyet Meydan\u0131, Eski\u015fehir, \u00c7anakkale ve Sakarya&#8217;da e\u015f zamanl\u0131 olarak h\u00fck\u00fcmete kar\u015f\u0131 protesto g\u00f6sterileri ger\u00e7ekle\u015ftirildi. Ba\u015fbakan Recep Tayyip Erdo\u011fan ile o\u011flu Bilal Erdo\u011fan&#8217;a ait oldu\u011fu iddia edilen ses kay\u0131tlar\u0131n\u0131n ortaya \u00e7\u0131kmas\u0131n\u0131n ard\u0131ndan Kad\u0131k\u00f6y Alt\u0131yol Meydan\u0131&#8217;nda toplanan yakla\u015f\u0131k 500 ki\u015filik grup Bahariye Caddesi \u00fczerinden bir y\u00fcr\u00fcy\u00fc\u015f ger\u00e7ekle\u015ftirdi. Grup zaman zaman &#8220;Her [&hellip;]","og_url":"https:\/\/akunq.net\/tr\/?p=28612","og_site_name":"Bati Ermenistan Ve Bati Ermenileri Sorunlari Ara\u015ftirmalar Merkezi","article_published_time":"2014-02-26T08:57:42+00:00","og_image":[{"url":"http:\/\/akunq.net\/tr\/wp-content\/uploads\/2014\/02\/Protesto-300x174.jpg","type":"","width":"","height":""}],"author":"admin","twitter_card":"summary_large_image","twitter_misc":{"Written by":"admin","Est. reading time":"8 minutes"},"schema":{"@context":"https:\/\/schema.org","@graph":[{"@type":"WebPage","@id":"https:\/\/akunq.net\/tr\/?p=28612","url":"https:\/\/akunq.net\/tr\/?p=28612","name":"\u0130stanbul, Ankara, Trabzon, Sakarya, \u0130zmir ve Eski\u015fehir'de polis m\u00fcdahalesi - Bati Ermenistan Ve Bati Ermenileri Sorunlari Ara\u015ftirmalar Merkezi","isPartOf":{"@id":"https:\/\/akunq.net\/tr\/#website"},"primaryImageOfPage":{"@id":"https:\/\/akunq.net\/tr\/?p=28612#primaryimage"},"image":{"@id":"https:\/\/akunq.net\/tr\/?p=28612#primaryimage"},"thumbnailUrl":"http:\/\/akunq.net\/tr\/wp-content\/uploads\/2014\/02\/Protesto-300x174.jpg","datePublished":"2014-02-26T08:57:42+00:00","author":{"@id":"https:\/\/akunq.net\/tr\/#\/schema\/person\/096f1d38a12cce57fb855b485ed24c9e"},"breadcrumb":{"@id":"https:\/\/akunq.net\/tr\/?p=28612#breadcrumb"},"inLanguage":"en-US","potentialAction":[{"@type":"ReadAction","target":["https:\/\/akunq.net\/tr\/?p=28612"]}]},{"@type":"ImageObject","inLanguage":"en-US","@id":"https:\/\/akunq.net\/tr\/?p=28612#primaryimage","url":"https:\/\/akunq.net\/tr\/wp-content\/uploads\/sites\/6\/2014\/02\/Protesto.jpg","contentUrl":"https:\/\/akunq.net\/tr\/wp-content\/uploads\/sites\/6\/2014\/02\/Protesto.jpg","width":460,"height":268},{"@type":"BreadcrumbList","@id":"https:\/\/akunq.net\/tr\/?p=28612#breadcrumb","itemListElement":[{"@type":"ListItem","position":1,"name":"Home","item":"https:\/\/akunq.net\/tr"},{"@type":"ListItem","position":2,"name":"\u0130stanbul, Ankara, Trabzon, Sakarya, \u0130zmir ve Eski\u015fehir&#8217;de polis m\u00fcdahalesi"}]},{"@type":"WebSite","@id":"https:\/\/akunq.net\/tr\/#website","url":"https:\/\/akunq.net\/tr\/","name":"Bati Ermenistan Ve Bati Ermenileri Sorunlari Ara\u015ftirmalar Merkezi","description":"","potentialAction":[{"@type":"SearchAction","target":{"@type":"EntryPoint","urlTemplate":"https:\/\/akunq.net\/tr\/?s={search_term_string}"},"query-input":{"@type":"PropertyValueSpecification","valueRequired":true,"valueName":"search_term_string"}}],"inLanguage":"en-US"},{"@type":"Person","@id":"https:\/\/akunq.net\/tr\/#\/schema\/person\/096f1d38a12cce57fb855b485ed24c9e","name":"admin","url":"https:\/\/akunq.net\/tr\/?author=7"}]}},"_links":{"self":[{"href":"https:\/\/akunq.net\/tr\/index.php?rest_route=\/wp\/v2\/posts\/28612","targetHints":{"allow":["GET"]}}],"collection":[{"href":"https:\/\/akunq.net\/tr\/index.php?rest_route=\/wp\/v2\/posts"}],"about":[{"href":"https:\/\/akunq.net\/tr\/index.php?rest_route=\/wp\/v2\/types\/post"}],"author":[{"embeddable":true,"href":"https:\/\/akunq.net\/tr\/index.php?rest_route=\/wp\/v2\/users\/7"}],"replies":[{"embeddable":true,"href":"https:\/\/akunq.net\/tr\/index.php?rest_route=%2Fwp%2Fv2%2Fcomments&post=28612"}],"version-history":[{"count":1,"href":"https:\/\/akunq.net\/tr\/index.php?rest_route=\/wp\/v2\/posts\/28612\/revisions"}],"predecessor-version":[{"id":28614,"href":"https:\/\/akunq.net\/tr\/index.php?rest_route=\/wp\/v2\/posts\/28612\/revisions\/28614"}],"wp:attachment":[{"href":"https:\/\/akunq.net\/tr\/index.php?rest_route=%2Fwp%2Fv2%2Fmedia&parent=28612"}],"wp:term":[{"taxonomy":"category","embeddable":true,"href":"https:\/\/akunq.net\/tr\/index.php?rest_route=%2Fwp%2Fv2%2Fcategories&post=28612"},{"taxonomy":"post_tag","embeddable":true,"href":"https:\/\/akunq.net\/tr\/index.php?rest_route=%2Fwp%2Fv2%2Ftags&post=28612"}],"curies":[{"name":"wp","href":"https:\/\/api.w.org\/{rel}","templated":true}]}}