{"id":28609,"date":"2014-02-26T03:42:01","date_gmt":"2014-02-26T08:42:01","guid":{"rendered":"http:\/\/akunq.net\/tr\/?p=28609"},"modified":"2014-02-26T03:42:01","modified_gmt":"2014-02-26T08:42:01","slug":"nisanyana-hirsizligi-yazma-sorusturmasi","status":"publish","type":"post","link":"https:\/\/akunq.net\/tr\/?p=28609","title":{"rendered":"Ni\u015fanyan&#8217;a h\u0131rs\u0131zl\u0131\u011f\u0131 yazma soru\u015fturmas\u0131"},"content":{"rendered":"<p style=\"text-align: justify;\"><b><a href=\"http:\/\/akunq.net\/tr\/?attachment_id=28610\" rel=\"attachment wp-att-28610\"><img loading=\"lazy\" decoding=\"async\" class=\"alignright size-medium wp-image-28610\" alt=\"Sevan Ni\u015fanyan\" src=\"http:\/\/akunq.net\/tr\/wp-content\/uploads\/2014\/02\/Sevan-Ni\u015fanyan1-300x138.jpg\" width=\"300\" height=\"138\" srcset=\"https:\/\/akunq.net\/tr\/wp-content\/uploads\/sites\/6\/2014\/02\/Sevan-Ni\u015fanyan1-300x138.jpg 300w, https:\/\/akunq.net\/tr\/wp-content\/uploads\/sites\/6\/2014\/02\/Sevan-Ni\u015fanyan1-600x276.jpg 600w, https:\/\/akunq.net\/tr\/wp-content\/uploads\/sites\/6\/2014\/02\/Sevan-Ni\u015fanyan1.jpg 630w\" sizes=\"auto, (max-width: 300px) 100vw, 300px\" \/><\/a>Hrant Kasparyan \/ Demokrat Haber<\/b><\/p>\n<p style=\"text-align: justify;\"><b><i>Sevan Ni\u015fanyan\u2019a yeni bir soru\u015fturma\u2026 <\/i><\/b><\/p>\n<p style=\"text-align: justify;\">Dil bilimci yazar Sevan Ni\u015fanyan\u2019a kald\u0131\u011f\u0131 cezaevinin gardiyan\u0131n\u0131n yapt\u0131\u011f\u0131 h\u0131rs\u0131zl\u0131k hik\u00e2yesini yazd\u0131\u011f\u0131 i\u00e7in de soru\u015fturma a\u00e7\u0131ld\u0131.<\/p>\n<p style=\"text-align: justify;\">Sevan Ni\u015fanyan, \u0130zmir\u2019in Sel\u00e7uk \u0130l\u00e7esi\u2019ndeki \u015eirince k\u00f6y\u00fcndeki kendi arazisi \u00fczerine in\u015fa etti\u011fi 40 metrekarelik bir yap\u0131 gerek\u00e7esiyle iki y\u0131l hapis cezas\u0131na \u00e7arpt\u0131r\u0131lm\u0131\u015ft\u0131. Karar\u0131n Yarg\u0131tay taraf\u0131ndan onaylanmas\u0131n\u0131n ard\u0131ndan Torbal\u0131 A\u00e7\u0131k Cezaevi\u2019ne teslim olan Ni\u015fanyan hakk\u0131nda hapishanenin gardiyan\u0131n\u0131n h\u0131rs\u0131zl\u0131\u011f\u0131n\u0131 yazd\u0131\u011f\u0131 yaz\u0131s\u0131 gerek\u00e7e g\u00f6sterilerek yeni bir soru\u015fturma a\u00e7\u0131ld\u0131. Ni\u015fanyan konuya ili\u015fkin yapt\u0131\u011f\u0131 a\u00e7\u0131klamada, \u201cGe\u00e7en g\u00fcnk\u00fc Oktay gardiyan yaz\u0131s\u0131ndan \u00f6t\u00fcr\u00fc hakk\u0131mda soru\u015fturma a\u00e7m\u0131\u015flar. M\u00fcd\u00fcr \u00e7a\u011f\u0131rd\u0131, tebli\u011f etti, yar\u0131m saat ifademi ald\u0131lar. Kurumun bir memurunu k\u00fc\u00e7\u00fck d\u00fc\u015f\u00fcrm\u00fc\u015f\u00fcm\u201d ifadelerine yer verdi.<\/p>\n<p style=\"text-align: justify;\">Ni\u015fanyan a\u00e7\u0131klamas\u0131nda, ba\u015fka bir cezaevine nakledilebilece\u011finin de ihtimal dahilinde oldu\u011funu s\u00f6yledi.<\/p>\n<p style=\"text-align: justify;\">Ni\u015fanyan, ge\u00e7ti\u011fimiz hafta (19 \u015eubat 2014) gazeteci Hasan Cemal\u2019e yazd\u0131\u011f\u0131 mektupta, a\u00e7\u0131k cezaevinde bulunmas\u0131na ra\u011fmen ayr\u0131mc\u0131 uygulamalara maruz kald\u0131\u011f\u0131n\u0131 ifade etmi\u015fti. Kapal\u0131 cezaevine g\u00f6nderilmek tehdidiyle kar\u015f\u0131 kar\u015f\u0131ya bulundu\u011funu belirten Ni\u015fanyan mektubunda \u015f\u00f6yle demi\u015fti: \u201cBilgisayar talebime ret cevab\u0131 geldi. G\u00f6zda\u011f\u0131 verdiler: \u2018Aya\u011f\u0131n\u0131 denk al, ilk yanl\u0131\u015f\u0131nda kapal\u0131ya gidersin.\u2019 A\u00e7\u0131k cezaevinde mahk\u00fbmlar\u0131n d\u0131\u015far\u0131da bir kamu kurulu\u015funda \u00e7al\u0131\u015fma hakk\u0131 var. Ona da set \u00e7ekildi. \u2018Amele olmak istersen belediye mezarl\u0131\u011f\u0131na g\u00f6ndeririz\u2019 dediler. Ba\u015fka i\u015f yokmu\u015f.\u201d<\/p>\n<p style=\"text-align: justify;\"><b><i>http:\/\/www.demokrathaber.net\/guncel\/nisanyana-hirsizligi-yazma-sorusturmasi-h28843.html<\/i><\/b><\/p>\n","protected":false},"excerpt":{"rendered":"<p>Hrant Kasparyan \/ Demokrat Haber Sevan Ni\u015fanyan\u2019a yeni bir soru\u015fturma\u2026 Dil bilimci yazar Sevan Ni\u015fanyan\u2019a kald\u0131\u011f\u0131 cezaevinin gardiyan\u0131n\u0131n yapt\u0131\u011f\u0131 h\u0131rs\u0131zl\u0131k hik\u00e2yesini yazd\u0131\u011f\u0131 i\u00e7in de soru\u015fturma a\u00e7\u0131ld\u0131. Sevan Ni\u015fanyan, \u0130zmir\u2019in Sel\u00e7uk \u0130l\u00e7esi\u2019ndeki \u015eirince k\u00f6y\u00fcndeki kendi arazisi \u00fczerine in\u015fa etti\u011fi 40 metrekarelik bir yap\u0131 gerek\u00e7esiyle iki y\u0131l hapis cezas\u0131na \u00e7arpt\u0131r\u0131lm\u0131\u015ft\u0131. Karar\u0131n Yarg\u0131tay taraf\u0131ndan onaylanmas\u0131n\u0131n ard\u0131ndan Torbal\u0131 A\u00e7\u0131k [&hellip;]<\/p>\n","protected":false},"author":7,"featured_media":0,"comment_status":"open","ping_status":"open","sticky":false,"template":"","format":"standard","meta":{"footnotes":""},"categories":[1],"tags":[],"class_list":["post-28609","post","type-post","status-publish","format-standard","hentry","category-haberler"],"yoast_head":"<!-- This site is optimized with the Yoast SEO plugin v26.6 - https:\/\/yoast.com\/wordpress\/plugins\/seo\/ -->\n<title>Ni\u015fanyan&#039;a h\u0131rs\u0131zl\u0131\u011f\u0131 yazma soru\u015fturmas\u0131 - Bati Ermenistan Ve Bati Ermenileri Sorunlari Ara\u015ftirmalar Merkezi<\/title>\n<meta name=\"robots\" content=\"index, follow, max-snippet:-1, max-image-preview:large, max-video-preview:-1\" \/>\n<link rel=\"canonical\" href=\"https:\/\/akunq.net\/tr\/?p=28609\" \/>\n<meta property=\"og:locale\" content=\"en_US\" \/>\n<meta property=\"og:type\" content=\"article\" \/>\n<meta property=\"og:title\" content=\"Ni\u015fanyan&#039;a h\u0131rs\u0131zl\u0131\u011f\u0131 yazma soru\u015fturmas\u0131 - Bati Ermenistan Ve Bati Ermenileri Sorunlari Ara\u015ftirmalar Merkezi\" \/>\n<meta property=\"og:description\" content=\"Hrant Kasparyan \/ Demokrat Haber Sevan Ni\u015fanyan\u2019a yeni bir soru\u015fturma\u2026 Dil bilimci yazar Sevan Ni\u015fanyan\u2019a kald\u0131\u011f\u0131 cezaevinin gardiyan\u0131n\u0131n yapt\u0131\u011f\u0131 h\u0131rs\u0131zl\u0131k hik\u00e2yesini yazd\u0131\u011f\u0131 i\u00e7in de soru\u015fturma a\u00e7\u0131ld\u0131. Sevan Ni\u015fanyan, \u0130zmir\u2019in Sel\u00e7uk \u0130l\u00e7esi\u2019ndeki \u015eirince k\u00f6y\u00fcndeki kendi arazisi \u00fczerine in\u015fa etti\u011fi 40 metrekarelik bir yap\u0131 gerek\u00e7esiyle iki y\u0131l hapis cezas\u0131na \u00e7arpt\u0131r\u0131lm\u0131\u015ft\u0131. Karar\u0131n Yarg\u0131tay taraf\u0131ndan onaylanmas\u0131n\u0131n ard\u0131ndan Torbal\u0131 A\u00e7\u0131k [&hellip;]\" \/>\n<meta property=\"og:url\" content=\"https:\/\/akunq.net\/tr\/?p=28609\" \/>\n<meta property=\"og:site_name\" content=\"Bati Ermenistan Ve Bati Ermenileri Sorunlari Ara\u015ftirmalar Merkezi\" \/>\n<meta property=\"article:published_time\" content=\"2014-02-26T08:42:01+00:00\" \/>\n<meta name=\"author\" content=\"admin\" \/>\n<meta name=\"twitter:card\" content=\"summary_large_image\" \/>\n<meta name=\"twitter:label1\" content=\"Written by\" \/>\n\t<meta name=\"twitter:data1\" content=\"admin\" \/>\n\t<meta name=\"twitter:label2\" content=\"Est. reading time\" \/>\n\t<meta name=\"twitter:data2\" content=\"1 minute\" \/>\n<script type=\"application\/ld+json\" class=\"yoast-schema-graph\">{\"@context\":\"https:\/\/schema.org\",\"@graph\":[{\"@type\":\"WebPage\",\"@id\":\"https:\/\/akunq.net\/tr\/?p=28609\",\"url\":\"https:\/\/akunq.net\/tr\/?p=28609\",\"name\":\"Ni\u015fanyan'a h\u0131rs\u0131zl\u0131\u011f\u0131 yazma soru\u015fturmas\u0131 - Bati Ermenistan Ve Bati Ermenileri Sorunlari Ara\u015ftirmalar Merkezi\",\"isPartOf\":{\"@id\":\"https:\/\/akunq.net\/tr\/#website\"},\"datePublished\":\"2014-02-26T08:42:01+00:00\",\"author\":{\"@id\":\"https:\/\/akunq.net\/tr\/#\/schema\/person\/096f1d38a12cce57fb855b485ed24c9e\"},\"breadcrumb\":{\"@id\":\"https:\/\/akunq.net\/tr\/?p=28609#breadcrumb\"},\"inLanguage\":\"en-US\",\"potentialAction\":[{\"@type\":\"ReadAction\",\"target\":[\"https:\/\/akunq.net\/tr\/?p=28609\"]}]},{\"@type\":\"BreadcrumbList\",\"@id\":\"https:\/\/akunq.net\/tr\/?p=28609#breadcrumb\",\"itemListElement\":[{\"@type\":\"ListItem\",\"position\":1,\"name\":\"Home\",\"item\":\"https:\/\/akunq.net\/tr\"},{\"@type\":\"ListItem\",\"position\":2,\"name\":\"Ni\u015fanyan&#8217;a h\u0131rs\u0131zl\u0131\u011f\u0131 yazma soru\u015fturmas\u0131\"}]},{\"@type\":\"WebSite\",\"@id\":\"https:\/\/akunq.net\/tr\/#website\",\"url\":\"https:\/\/akunq.net\/tr\/\",\"name\":\"Bati Ermenistan Ve Bati Ermenileri Sorunlari Ara\u015ftirmalar Merkezi\",\"description\":\"\",\"potentialAction\":[{\"@type\":\"SearchAction\",\"target\":{\"@type\":\"EntryPoint\",\"urlTemplate\":\"https:\/\/akunq.net\/tr\/?s={search_term_string}\"},\"query-input\":{\"@type\":\"PropertyValueSpecification\",\"valueRequired\":true,\"valueName\":\"search_term_string\"}}],\"inLanguage\":\"en-US\"},{\"@type\":\"Person\",\"@id\":\"https:\/\/akunq.net\/tr\/#\/schema\/person\/096f1d38a12cce57fb855b485ed24c9e\",\"name\":\"admin\",\"url\":\"https:\/\/akunq.net\/tr\/?author=7\"}]}<\/script>\n<!-- \/ Yoast SEO plugin. -->","yoast_head_json":{"title":"Ni\u015fanyan'a h\u0131rs\u0131zl\u0131\u011f\u0131 yazma soru\u015fturmas\u0131 - Bati Ermenistan Ve Bati Ermenileri Sorunlari Ara\u015ftirmalar Merkezi","robots":{"index":"index","follow":"follow","max-snippet":"max-snippet:-1","max-image-preview":"max-image-preview:large","max-video-preview":"max-video-preview:-1"},"canonical":"https:\/\/akunq.net\/tr\/?p=28609","og_locale":"en_US","og_type":"article","og_title":"Ni\u015fanyan'a h\u0131rs\u0131zl\u0131\u011f\u0131 yazma soru\u015fturmas\u0131 - Bati Ermenistan Ve Bati Ermenileri Sorunlari Ara\u015ftirmalar Merkezi","og_description":"Hrant Kasparyan \/ Demokrat Haber Sevan Ni\u015fanyan\u2019a yeni bir soru\u015fturma\u2026 Dil bilimci yazar Sevan Ni\u015fanyan\u2019a kald\u0131\u011f\u0131 cezaevinin gardiyan\u0131n\u0131n yapt\u0131\u011f\u0131 h\u0131rs\u0131zl\u0131k hik\u00e2yesini yazd\u0131\u011f\u0131 i\u00e7in de soru\u015fturma a\u00e7\u0131ld\u0131. Sevan Ni\u015fanyan, \u0130zmir\u2019in Sel\u00e7uk \u0130l\u00e7esi\u2019ndeki \u015eirince k\u00f6y\u00fcndeki kendi arazisi \u00fczerine in\u015fa etti\u011fi 40 metrekarelik bir yap\u0131 gerek\u00e7esiyle iki y\u0131l hapis cezas\u0131na \u00e7arpt\u0131r\u0131lm\u0131\u015ft\u0131. Karar\u0131n Yarg\u0131tay taraf\u0131ndan onaylanmas\u0131n\u0131n ard\u0131ndan Torbal\u0131 A\u00e7\u0131k [&hellip;]","og_url":"https:\/\/akunq.net\/tr\/?p=28609","og_site_name":"Bati Ermenistan Ve Bati Ermenileri Sorunlari Ara\u015ftirmalar Merkezi","article_published_time":"2014-02-26T08:42:01+00:00","author":"admin","twitter_card":"summary_large_image","twitter_misc":{"Written by":"admin","Est. reading time":"1 minute"},"schema":{"@context":"https:\/\/schema.org","@graph":[{"@type":"WebPage","@id":"https:\/\/akunq.net\/tr\/?p=28609","url":"https:\/\/akunq.net\/tr\/?p=28609","name":"Ni\u015fanyan'a h\u0131rs\u0131zl\u0131\u011f\u0131 yazma soru\u015fturmas\u0131 - Bati Ermenistan Ve Bati Ermenileri Sorunlari Ara\u015ftirmalar Merkezi","isPartOf":{"@id":"https:\/\/akunq.net\/tr\/#website"},"datePublished":"2014-02-26T08:42:01+00:00","author":{"@id":"https:\/\/akunq.net\/tr\/#\/schema\/person\/096f1d38a12cce57fb855b485ed24c9e"},"breadcrumb":{"@id":"https:\/\/akunq.net\/tr\/?p=28609#breadcrumb"},"inLanguage":"en-US","potentialAction":[{"@type":"ReadAction","target":["https:\/\/akunq.net\/tr\/?p=28609"]}]},{"@type":"BreadcrumbList","@id":"https:\/\/akunq.net\/tr\/?p=28609#breadcrumb","itemListElement":[{"@type":"ListItem","position":1,"name":"Home","item":"https:\/\/akunq.net\/tr"},{"@type":"ListItem","position":2,"name":"Ni\u015fanyan&#8217;a h\u0131rs\u0131zl\u0131\u011f\u0131 yazma soru\u015fturmas\u0131"}]},{"@type":"WebSite","@id":"https:\/\/akunq.net\/tr\/#website","url":"https:\/\/akunq.net\/tr\/","name":"Bati Ermenistan Ve Bati Ermenileri Sorunlari Ara\u015ftirmalar Merkezi","description":"","potentialAction":[{"@type":"SearchAction","target":{"@type":"EntryPoint","urlTemplate":"https:\/\/akunq.net\/tr\/?s={search_term_string}"},"query-input":{"@type":"PropertyValueSpecification","valueRequired":true,"valueName":"search_term_string"}}],"inLanguage":"en-US"},{"@type":"Person","@id":"https:\/\/akunq.net\/tr\/#\/schema\/person\/096f1d38a12cce57fb855b485ed24c9e","name":"admin","url":"https:\/\/akunq.net\/tr\/?author=7"}]}},"_links":{"self":[{"href":"https:\/\/akunq.net\/tr\/index.php?rest_route=\/wp\/v2\/posts\/28609","targetHints":{"allow":["GET"]}}],"collection":[{"href":"https:\/\/akunq.net\/tr\/index.php?rest_route=\/wp\/v2\/posts"}],"about":[{"href":"https:\/\/akunq.net\/tr\/index.php?rest_route=\/wp\/v2\/types\/post"}],"author":[{"embeddable":true,"href":"https:\/\/akunq.net\/tr\/index.php?rest_route=\/wp\/v2\/users\/7"}],"replies":[{"embeddable":true,"href":"https:\/\/akunq.net\/tr\/index.php?rest_route=%2Fwp%2Fv2%2Fcomments&post=28609"}],"version-history":[{"count":1,"href":"https:\/\/akunq.net\/tr\/index.php?rest_route=\/wp\/v2\/posts\/28609\/revisions"}],"predecessor-version":[{"id":28611,"href":"https:\/\/akunq.net\/tr\/index.php?rest_route=\/wp\/v2\/posts\/28609\/revisions\/28611"}],"wp:attachment":[{"href":"https:\/\/akunq.net\/tr\/index.php?rest_route=%2Fwp%2Fv2%2Fmedia&parent=28609"}],"wp:term":[{"taxonomy":"category","embeddable":true,"href":"https:\/\/akunq.net\/tr\/index.php?rest_route=%2Fwp%2Fv2%2Fcategories&post=28609"},{"taxonomy":"post_tag","embeddable":true,"href":"https:\/\/akunq.net\/tr\/index.php?rest_route=%2Fwp%2Fv2%2Ftags&post=28609"}],"curies":[{"name":"wp","href":"https:\/\/api.w.org\/{rel}","templated":true}]}}