{"id":28606,"date":"2014-02-26T03:25:31","date_gmt":"2014-02-26T08:25:31","guid":{"rendered":"http:\/\/akunq.net\/tr\/?p=28606"},"modified":"2014-02-26T03:25:31","modified_gmt":"2014-02-26T08:25:31","slug":"riza-kayaalpi-bekleyen-tehlike","status":"publish","type":"post","link":"https:\/\/akunq.net\/tr\/?p=28606","title":{"rendered":"R\u0131za Kayaalp&#8217;i bekleyen tehlike"},"content":{"rendered":"<p style=\"text-align: justify;\"><b><i><a href=\"http:\/\/akunq.net\/tr\/?attachment_id=28607\" rel=\"attachment wp-att-28607\"><img loading=\"lazy\" decoding=\"async\" class=\"alignright size-medium wp-image-28607\" alt=\"\u054c\u0568\u0566\u0561 \u0554\u0561\u0575\u0561\u0561\u056c\u0583\" src=\"http:\/\/akunq.net\/tr\/wp-content\/uploads\/2014\/02\/\u054c\u0568\u0566\u0561-\u0554\u0561\u0575\u0561\u0561\u056c\u0583-300x206.jpg\" width=\"300\" height=\"206\" srcset=\"https:\/\/akunq.net\/tr\/wp-content\/uploads\/sites\/6\/2014\/02\/\u054c\u0568\u0566\u0561-\u0554\u0561\u0575\u0561\u0561\u056c\u0583-300x206.jpg 300w, https:\/\/akunq.net\/tr\/wp-content\/uploads\/sites\/6\/2014\/02\/\u054c\u0568\u0566\u0561-\u0554\u0561\u0575\u0561\u0561\u056c\u0583.jpg 307w\" sizes=\"auto, (max-width: 300px) 100vw, 300px\" \/><\/a>Gezi Park\u0131 eylemleri s\u0131ras\u0131nda Twitter hesab\u0131ndan yapt\u0131\u011f\u0131 payla\u015f\u0131mlar nedeniyle 6 ay ceza alan ancak sonra bu cezas\u0131 ertelenen milli g\u00fcre\u015f\u00e7i R\u0131za Kayaalp, 2014 Rio Olimpiyat Oyunlar\u0131&#8217;na kat\u0131lamayabilir. Milli sporcunun g\u00f6z\u00fc 28-29 \u015eubat&#8217;taki FILA y\u00f6netim kurulu toplant\u0131s\u0131nda. <\/i><\/b><\/p>\n<p style=\"text-align: justify;\">Gezi Park\u0131 eylemleri s\u0131ras\u0131nda Twitter hesab\u0131ndan yapt\u0131\u011f\u0131 payla\u015f\u0131mlarda g\u00f6sterilerin &#8216;Ermeni i\u015fi&#8217; oldu\u011funu savunan ve milli basketbolcu Mehmet Okur&#8217;u vatan hainli\u011fi ile su\u00e7layan milli g\u00fcre\u015f\u00e7i R\u0131za Kayaalp, Uluslararas\u0131 G\u00fcre\u015f Federasyonlar\u0131 Birli\u011fi (FILA) taraf\u0131ndan 11 A\u011fustos 2013 tarihinde 6 ay m\u00fcsabakalardan men edilmi\u015fti.<\/p>\n<p style=\"text-align: justify;\"><b>Cezas\u0131 ertelendi<\/b><\/p>\n<p style=\"text-align: justify;\">Kayaalp&#8217;in 16-22 Eyl\u00fcl 2013 tarihinde Macaristan&#8217;\u0131n ba\u015fkenti Budape\u015fte&#8217;de d\u00fczenlenen B\u00fcy\u00fckler D\u00fcnya G\u00fcre\u015f \u015eampiyonas\u0131&#8217;nda mindere \u00e7\u0131kabilmesi i\u00e7in, T\u00fcrkiye G\u00fcre\u015f Federasyonu ve FILA&#8217;daki T\u00fcrk y\u00f6neticiler b\u00fcy\u00fck gayret g\u00f6stermi\u015f, Kayaalp&#8217;in 6 ayl\u0131k cezas\u0131 D\u00fcnya \u015fampiyonas\u0131 sonras\u0131nda g\u00f6r\u00fc\u015f\u00fclmek \u00fczere ertelenmi\u015fti. Ertelenen ceza ile d\u00fcnya \u015fampiyonas\u0131na kat\u0131lan milli g\u00fcre\u015f\u00e7imiz bronz madalya kazanm\u0131\u015ft\u0131. Daha sonra \u0130ranl\u0131 sporcunun dopingli \u00e7\u0131kmas\u0131ndan dolay\u0131 Kayaalp g\u00fcm\u00fc\u015f madalyaya y\u00fckselmi\u015fti.<\/p>\n<p style=\"text-align: justify;\">Lakin Macaristan&#8217;da yap\u0131lan d\u00fcnya \u015fampiyonas\u0131nda, Kayaalp&#8217;in durumu g\u00f6r\u00fc\u015f\u00fclemedi. FILA Disiplin Kurulu Ba\u015fkan\u0131 ve FILA Ba\u015fkan Vekili \u0130talyan Matteo Pellicane o d\u00f6nemde kanser tedavisi nedeniyle hastanede yat\u0131yordu. 09.12.2013 Aral\u0131k ay\u0131nda tedavi g\u00f6rd\u00fc\u011f\u00fc hastanede vefat eden Pellicone&#8217;nin yerine kimse atanmam\u0131\u015ft\u0131. Bu nedenle FILA disiplin kurulu o tarihten bug\u00fcne kadar toplanmad\u0131.<\/p>\n<p style=\"text-align: justify;\"><b>6 ayl\u0131k ceza onan\u0131rsa<\/b><\/p>\n<p style=\"text-align: justify;\">Edinilen bilgiye g\u00f6re FILA Y\u00f6netim Kurulu 28-29 \u015eubat tarihlerinde Roma&#8217;da toplanacak. Bu toplant\u0131da FILA Disiplin Kurulu ba\u015fkan\u0131 vefat eden Matteo Pellicane&#8217;in yerine dosyaya, FILA Hakimi ve spor avukat\u0131 Aldo Albanese&#8217;nin bakaca\u011f\u0131 \u00f6\u011frenildi. R\u0131za Kayaalp&#8217;in 6 ayl\u0131k ertelenen cezas\u0131n\u0131 onan\u0131r ve &#8216;Irk\u00e7\u0131l\u0131k&#8217; olarak de\u011ferlendirilirse R\u0131za, 2016 Olimpiyatlar\u0131ndan men edilebilecek. &#8216;Irk\u00e7\u0131l\u0131k&#8217; konusunda hassas olan Uluslararas\u0131 Olimpiyat Komitesi Disiplin Kurulu, disiplin talimat\u0131na g\u00f6re daha \u00f6nce bir Yunanl\u0131 sporcunun s\u00f6ylemlerini \u0131rk\u00e7\u0131l\u0131k olarak de\u011ferlendirerek olimpiyatlardan men etmi\u015fti.<\/p>\n<p style=\"text-align: justify;\"><b><i>http:\/\/yenisafak.com.tr\/spor-haber\/riza-kayaalpi-bekleyen-tehlike-24.02.2014-621088<\/i><\/b><\/p>\n","protected":false},"excerpt":{"rendered":"<p>Gezi Park\u0131 eylemleri s\u0131ras\u0131nda Twitter hesab\u0131ndan yapt\u0131\u011f\u0131 payla\u015f\u0131mlar nedeniyle 6 ay ceza alan ancak sonra bu cezas\u0131 ertelenen milli g\u00fcre\u015f\u00e7i R\u0131za Kayaalp, 2014 Rio Olimpiyat Oyunlar\u0131&#8217;na kat\u0131lamayabilir. Milli sporcunun g\u00f6z\u00fc 28-29 \u015eubat&#8217;taki FILA y\u00f6netim kurulu toplant\u0131s\u0131nda. Gezi Park\u0131 eylemleri s\u0131ras\u0131nda Twitter hesab\u0131ndan yapt\u0131\u011f\u0131 payla\u015f\u0131mlarda g\u00f6sterilerin &#8216;Ermeni i\u015fi&#8217; oldu\u011funu savunan ve milli basketbolcu Mehmet Okur&#8217;u vatan [&hellip;]<\/p>\n","protected":false},"author":7,"featured_media":0,"comment_status":"open","ping_status":"open","sticky":false,"template":"","format":"standard","meta":{"footnotes":""},"categories":[1],"tags":[],"class_list":["post-28606","post","type-post","status-publish","format-standard","hentry","category-haberler"],"yoast_head":"<!-- This site is optimized with the Yoast SEO plugin v26.6 - https:\/\/yoast.com\/wordpress\/plugins\/seo\/ -->\n<title>R\u0131za Kayaalp&#039;i bekleyen tehlike - Bati Ermenistan Ve Bati Ermenileri Sorunlari Ara\u015ftirmalar Merkezi<\/title>\n<meta name=\"robots\" content=\"index, follow, max-snippet:-1, max-image-preview:large, max-video-preview:-1\" \/>\n<link rel=\"canonical\" href=\"https:\/\/akunq.net\/tr\/?p=28606\" \/>\n<meta property=\"og:locale\" content=\"en_US\" \/>\n<meta property=\"og:type\" content=\"article\" \/>\n<meta property=\"og:title\" content=\"R\u0131za Kayaalp&#039;i bekleyen tehlike - Bati Ermenistan Ve Bati Ermenileri Sorunlari Ara\u015ftirmalar Merkezi\" \/>\n<meta property=\"og:description\" content=\"Gezi Park\u0131 eylemleri s\u0131ras\u0131nda Twitter hesab\u0131ndan yapt\u0131\u011f\u0131 payla\u015f\u0131mlar nedeniyle 6 ay ceza alan ancak sonra bu cezas\u0131 ertelenen milli g\u00fcre\u015f\u00e7i R\u0131za Kayaalp, 2014 Rio Olimpiyat Oyunlar\u0131&#8217;na kat\u0131lamayabilir. Milli sporcunun g\u00f6z\u00fc 28-29 \u015eubat&#8217;taki FILA y\u00f6netim kurulu toplant\u0131s\u0131nda. Gezi Park\u0131 eylemleri s\u0131ras\u0131nda Twitter hesab\u0131ndan yapt\u0131\u011f\u0131 payla\u015f\u0131mlarda g\u00f6sterilerin &#8216;Ermeni i\u015fi&#8217; oldu\u011funu savunan ve milli basketbolcu Mehmet Okur&#8217;u vatan [&hellip;]\" \/>\n<meta property=\"og:url\" content=\"https:\/\/akunq.net\/tr\/?p=28606\" \/>\n<meta property=\"og:site_name\" content=\"Bati Ermenistan Ve Bati Ermenileri Sorunlari Ara\u015ftirmalar Merkezi\" \/>\n<meta property=\"article:published_time\" content=\"2014-02-26T08:25:31+00:00\" \/>\n<meta name=\"author\" content=\"admin\" \/>\n<meta name=\"twitter:card\" content=\"summary_large_image\" \/>\n<meta name=\"twitter:label1\" content=\"Written by\" \/>\n\t<meta name=\"twitter:data1\" content=\"admin\" \/>\n\t<meta name=\"twitter:label2\" content=\"Est. reading time\" \/>\n\t<meta name=\"twitter:data2\" content=\"2 minutes\" \/>\n<script type=\"application\/ld+json\" class=\"yoast-schema-graph\">{\"@context\":\"https:\/\/schema.org\",\"@graph\":[{\"@type\":\"WebPage\",\"@id\":\"https:\/\/akunq.net\/tr\/?p=28606\",\"url\":\"https:\/\/akunq.net\/tr\/?p=28606\",\"name\":\"R\u0131za Kayaalp'i bekleyen tehlike - Bati Ermenistan Ve Bati Ermenileri Sorunlari Ara\u015ftirmalar Merkezi\",\"isPartOf\":{\"@id\":\"https:\/\/akunq.net\/tr\/#website\"},\"datePublished\":\"2014-02-26T08:25:31+00:00\",\"author\":{\"@id\":\"https:\/\/akunq.net\/tr\/#\/schema\/person\/096f1d38a12cce57fb855b485ed24c9e\"},\"breadcrumb\":{\"@id\":\"https:\/\/akunq.net\/tr\/?p=28606#breadcrumb\"},\"inLanguage\":\"en-US\",\"potentialAction\":[{\"@type\":\"ReadAction\",\"target\":[\"https:\/\/akunq.net\/tr\/?p=28606\"]}]},{\"@type\":\"BreadcrumbList\",\"@id\":\"https:\/\/akunq.net\/tr\/?p=28606#breadcrumb\",\"itemListElement\":[{\"@type\":\"ListItem\",\"position\":1,\"name\":\"Home\",\"item\":\"https:\/\/akunq.net\/tr\"},{\"@type\":\"ListItem\",\"position\":2,\"name\":\"R\u0131za Kayaalp&#8217;i bekleyen tehlike\"}]},{\"@type\":\"WebSite\",\"@id\":\"https:\/\/akunq.net\/tr\/#website\",\"url\":\"https:\/\/akunq.net\/tr\/\",\"name\":\"Bati Ermenistan Ve Bati Ermenileri Sorunlari Ara\u015ftirmalar Merkezi\",\"description\":\"\",\"potentialAction\":[{\"@type\":\"SearchAction\",\"target\":{\"@type\":\"EntryPoint\",\"urlTemplate\":\"https:\/\/akunq.net\/tr\/?s={search_term_string}\"},\"query-input\":{\"@type\":\"PropertyValueSpecification\",\"valueRequired\":true,\"valueName\":\"search_term_string\"}}],\"inLanguage\":\"en-US\"},{\"@type\":\"Person\",\"@id\":\"https:\/\/akunq.net\/tr\/#\/schema\/person\/096f1d38a12cce57fb855b485ed24c9e\",\"name\":\"admin\",\"url\":\"https:\/\/akunq.net\/tr\/?author=7\"}]}<\/script>\n<!-- \/ Yoast SEO plugin. -->","yoast_head_json":{"title":"R\u0131za Kayaalp'i bekleyen tehlike - Bati Ermenistan Ve Bati Ermenileri Sorunlari Ara\u015ftirmalar Merkezi","robots":{"index":"index","follow":"follow","max-snippet":"max-snippet:-1","max-image-preview":"max-image-preview:large","max-video-preview":"max-video-preview:-1"},"canonical":"https:\/\/akunq.net\/tr\/?p=28606","og_locale":"en_US","og_type":"article","og_title":"R\u0131za Kayaalp'i bekleyen tehlike - Bati Ermenistan Ve Bati Ermenileri Sorunlari Ara\u015ftirmalar Merkezi","og_description":"Gezi Park\u0131 eylemleri s\u0131ras\u0131nda Twitter hesab\u0131ndan yapt\u0131\u011f\u0131 payla\u015f\u0131mlar nedeniyle 6 ay ceza alan ancak sonra bu cezas\u0131 ertelenen milli g\u00fcre\u015f\u00e7i R\u0131za Kayaalp, 2014 Rio Olimpiyat Oyunlar\u0131&#8217;na kat\u0131lamayabilir. Milli sporcunun g\u00f6z\u00fc 28-29 \u015eubat&#8217;taki FILA y\u00f6netim kurulu toplant\u0131s\u0131nda. Gezi Park\u0131 eylemleri s\u0131ras\u0131nda Twitter hesab\u0131ndan yapt\u0131\u011f\u0131 payla\u015f\u0131mlarda g\u00f6sterilerin &#8216;Ermeni i\u015fi&#8217; oldu\u011funu savunan ve milli basketbolcu Mehmet Okur&#8217;u vatan [&hellip;]","og_url":"https:\/\/akunq.net\/tr\/?p=28606","og_site_name":"Bati Ermenistan Ve Bati Ermenileri Sorunlari Ara\u015ftirmalar Merkezi","article_published_time":"2014-02-26T08:25:31+00:00","author":"admin","twitter_card":"summary_large_image","twitter_misc":{"Written by":"admin","Est. reading time":"2 minutes"},"schema":{"@context":"https:\/\/schema.org","@graph":[{"@type":"WebPage","@id":"https:\/\/akunq.net\/tr\/?p=28606","url":"https:\/\/akunq.net\/tr\/?p=28606","name":"R\u0131za Kayaalp'i bekleyen tehlike - Bati Ermenistan Ve Bati Ermenileri Sorunlari Ara\u015ftirmalar Merkezi","isPartOf":{"@id":"https:\/\/akunq.net\/tr\/#website"},"datePublished":"2014-02-26T08:25:31+00:00","author":{"@id":"https:\/\/akunq.net\/tr\/#\/schema\/person\/096f1d38a12cce57fb855b485ed24c9e"},"breadcrumb":{"@id":"https:\/\/akunq.net\/tr\/?p=28606#breadcrumb"},"inLanguage":"en-US","potentialAction":[{"@type":"ReadAction","target":["https:\/\/akunq.net\/tr\/?p=28606"]}]},{"@type":"BreadcrumbList","@id":"https:\/\/akunq.net\/tr\/?p=28606#breadcrumb","itemListElement":[{"@type":"ListItem","position":1,"name":"Home","item":"https:\/\/akunq.net\/tr"},{"@type":"ListItem","position":2,"name":"R\u0131za Kayaalp&#8217;i bekleyen tehlike"}]},{"@type":"WebSite","@id":"https:\/\/akunq.net\/tr\/#website","url":"https:\/\/akunq.net\/tr\/","name":"Bati Ermenistan Ve Bati Ermenileri Sorunlari Ara\u015ftirmalar Merkezi","description":"","potentialAction":[{"@type":"SearchAction","target":{"@type":"EntryPoint","urlTemplate":"https:\/\/akunq.net\/tr\/?s={search_term_string}"},"query-input":{"@type":"PropertyValueSpecification","valueRequired":true,"valueName":"search_term_string"}}],"inLanguage":"en-US"},{"@type":"Person","@id":"https:\/\/akunq.net\/tr\/#\/schema\/person\/096f1d38a12cce57fb855b485ed24c9e","name":"admin","url":"https:\/\/akunq.net\/tr\/?author=7"}]}},"_links":{"self":[{"href":"https:\/\/akunq.net\/tr\/index.php?rest_route=\/wp\/v2\/posts\/28606","targetHints":{"allow":["GET"]}}],"collection":[{"href":"https:\/\/akunq.net\/tr\/index.php?rest_route=\/wp\/v2\/posts"}],"about":[{"href":"https:\/\/akunq.net\/tr\/index.php?rest_route=\/wp\/v2\/types\/post"}],"author":[{"embeddable":true,"href":"https:\/\/akunq.net\/tr\/index.php?rest_route=\/wp\/v2\/users\/7"}],"replies":[{"embeddable":true,"href":"https:\/\/akunq.net\/tr\/index.php?rest_route=%2Fwp%2Fv2%2Fcomments&post=28606"}],"version-history":[{"count":1,"href":"https:\/\/akunq.net\/tr\/index.php?rest_route=\/wp\/v2\/posts\/28606\/revisions"}],"predecessor-version":[{"id":28608,"href":"https:\/\/akunq.net\/tr\/index.php?rest_route=\/wp\/v2\/posts\/28606\/revisions\/28608"}],"wp:attachment":[{"href":"https:\/\/akunq.net\/tr\/index.php?rest_route=%2Fwp%2Fv2%2Fmedia&parent=28606"}],"wp:term":[{"taxonomy":"category","embeddable":true,"href":"https:\/\/akunq.net\/tr\/index.php?rest_route=%2Fwp%2Fv2%2Fcategories&post=28606"},{"taxonomy":"post_tag","embeddable":true,"href":"https:\/\/akunq.net\/tr\/index.php?rest_route=%2Fwp%2Fv2%2Ftags&post=28606"}],"curies":[{"name":"wp","href":"https:\/\/api.w.org\/{rel}","templated":true}]}}