{"id":28578,"date":"2014-02-24T02:43:22","date_gmt":"2014-02-24T07:43:22","guid":{"rendered":"http:\/\/akunq.net\/tr\/?p=28578"},"modified":"2014-02-24T02:43:22","modified_gmt":"2014-02-24T07:43:22","slug":"agosun-onune-irkci-pankart-astilar","status":"publish","type":"post","link":"https:\/\/akunq.net\/tr\/?p=28578","title":{"rendered":"Agos&#8217;un \u00f6n\u00fcne \u0131rk\u00e7\u0131 pankart ast\u0131lar"},"content":{"rendered":"<p style=\"text-align: justify;\"><b><a href=\"http:\/\/akunq.net\/tr\/?attachment_id=28579\" rel=\"attachment wp-att-28579\"><img loading=\"lazy\" decoding=\"async\" class=\"alignright size-medium wp-image-28579\" alt=\"\u0131rk\u00e7\u0131 pankart\" src=\"http:\/\/akunq.net\/tr\/wp-content\/uploads\/2014\/02\/\u0131rk\u00e7\u0131-pankart-300x138.jpg\" width=\"300\" height=\"138\" srcset=\"https:\/\/akunq.net\/tr\/wp-content\/uploads\/sites\/6\/2014\/02\/\u0131rk\u00e7\u0131-pankart-300x138.jpg 300w, https:\/\/akunq.net\/tr\/wp-content\/uploads\/sites\/6\/2014\/02\/\u0131rk\u00e7\u0131-pankart-600x276.jpg 600w, https:\/\/akunq.net\/tr\/wp-content\/uploads\/sites\/6\/2014\/02\/\u0131rk\u00e7\u0131-pankart.jpg 630w\" sizes=\"auto, (max-width: 300px) 100vw, 300px\" \/><\/a>HRANT KASPARYAN \/ DEMOKRAT HABER<\/b><\/p>\n<p style=\"text-align: justify;\"><b><i>Yine Hocal\u0131&#8217;y\u0131 kulland\u0131lar&#8230;<\/i><\/b><\/p>\n<p style=\"text-align: justify;\">\u0130stanbul \u015ei\u015fli\u2019de toplanan\u00a0bir\u00a0grup\u00a0Azeri, Da\u011fl\u0131k Karaba\u011f\u2019\u0131n \u0130vanyan (Hocal\u0131) k\u00f6y\u00fcnde\u00a026 \u015eubat 1992\u2019de\u00a0ya\u015fanan olaylara ili\u015fkin g\u00f6steri d\u00fczenledi.\u00a0<\/p>\n<p style=\"text-align: justify;\">T\u00fcrkiye kamuoyunda \u201cHocal\u0131 katliam\u0131\u201d olarak lanse edilen\u00a01992\u2019deki olaylara ili\u015fkin g\u00f6steri d\u00fczenleyen Azerilere, yereldeki a\u015f\u0131r\u0131l\u0131k yanl\u0131s\u0131 milliyet\u00e7i gruplar k\u0131smen destek vermi\u015f olsa da, 2012\u2019de Taksim Meydan\u0131\u2019nda d\u00fczenlenen g\u00f6steriye k\u0131yasla bu y\u0131lki eyleme c\u0131l\u0131z bir grubun kat\u0131lm\u0131\u015f olmas\u0131 dikkat \u00e7ekti.\u00a0\u00a0<\/p>\n<p style=\"text-align: justify;\">\u015ei\u015fli Camii \u00f6n\u00fcnde toplanan\u00a0g\u00f6sterici\u00a0grup, Taksim Meydan\u0131\u2019na y\u00fcr\u00fcmek istedi. Ancak polis gruba Taksim\u2019e y\u00fcr\u00fcmeleri konusunda izin vermedi.<\/p>\n<p style=\"text-align: justify;\">Grup, daha sonra \u015ei\u015fli Abide-i H\u00fcrriyet Caddesi\u2019ndeki Karag\u00f6zyan Ermeni Okulu\u2019nun \u00f6n\u00fcnde pankart a\u00e7\u0131p bas\u0131n a\u00e7\u0131klamas\u0131 yapmak istedi. Okul y\u00f6netiminin durumu \u0130l\u00e7e Emniyet M\u00fcd\u00fcrl\u00fc\u011f\u00fc\u2019ne bildirmesi \u00fczerine b\u00f6lgeye sevk edilen kolluk g\u00fc\u00e7leri a\u015f\u0131r\u0131l\u0131k yanl\u0131s\u0131 grubu okulun \u00f6n\u00fcnden uzakla\u015ft\u0131rarak da\u011f\u0131tt\u0131.\u00a0<\/p>\n<p style=\"text-align: justify;\">Nefret s\u00f6ylemi i\u00e7eren\u00a0sloganlar atan grup\u00a0daha sonra Osmanbey semti g\u00fczerg\u00e2h\u0131ndaki\u00a0Agos gazetesinin \u00f6n\u00fcne\u00a0y\u00f6neldi ve \u201cAlparslan T\u00fcrke\u015f\u2019in askerleri\u201d\u00a0imzal\u0131\u00a0\u201cYa\u015fas\u0131n Og\u00fcn Samastlar, kahrolsun Hrant Dink\u2019ler, Azerbaycan\u2019a selam m\u00fccadeleye devam\u201d\u00a0yaz\u0131l\u0131\u00a0bir\u00a0pankart a\u00e7t\u0131.<\/p>\n<p style=\"text-align: justify;\">Grup ad\u0131na konu\u015fan Fatih\u00a0Delibekiro\u011fullar\u0131, T\u00fcrkiye halklar\u0131n\u0131 duyars\u0131zl\u0131kla su\u00e7layarak, 1992\u2019deAzerilere \u201ckatliam\u201d\u00a0yap\u0131ld\u0131\u011f\u0131n\u0131 iddia etti.\u00a0Delibekiro\u011fullar\u0131\u00a0konu\u015fmas\u0131nda, \u201cD\u00fcnyada en \u00e7ok soyk\u0131r\u0131ma u\u011frayan ama en az sesi \u00e7\u0131kan ya da\u00a0\u00e7\u0131kar\u0131lmayan millet T\u00fcrklerdir. Milletimiz kendine gelsin\u201d\u00a0dedi.<\/p>\n<p style=\"text-align: justify;\">Delibekiro\u011fullar\u0131\u2019n\u0131n ard\u0131ndan konu\u015fan\u00a0Etibar Necefov,\u00a0Azerbaycan devletinin resmi a\u00e7\u0131klamas\u0131na g\u00f6re 613 ki\u015finin hayat\u0131n\u0131 kaybetti\u011fi \u0130vanyan (Hocal\u0131) k\u00f6y\u00fc olaylar\u0131na ili\u015fkin yapt\u0131\u011f\u0131 a\u00e7\u0131klamada, \u201ca\u011fabeyi\u00a0gibi binlerce insan\u0131n\u00a0bir gecede par\u00e7aland\u0131\u011f\u0131n\u0131\u201d iddia etti. Necefov\u00a0Da\u011fl\u0131k Karaba\u011f\u2019\u0131n \u0130vanyan (Hocal\u0131) k\u00f6y\u00fcnde ya\u015fanan olaylar\u0131n T\u00fcrkiye taraf\u0131ndan \u201csoyk\u0131r\u0131m\u201d olarak tan\u0131nmas\u0131n\u0131 istediklerini dile getirdi.\u00a0<\/p>\n<p style=\"text-align: justify;\"><b>Y\u0130NE\u00a0HOCALI Y\u0130NE IRK\u00c7ILIK<\/b><\/p>\n<p style=\"text-align: justify;\">Taksim\u2019de 26 \u015eubat 2012 g\u00fcn\u00fc de Hocal\u0131 \u201ckatliam\u0131yla\u201d ilgili yap\u0131lan eylem Ermeni kar\u015f\u0131t\u0131 g\u00f6steriye d\u00f6n\u00fc\u015fm\u00fc\u015f ve \u201cHepiniz Ermenisiniz hepiniz pi..iniz\u201d yaz\u0131l\u0131 pankartlar ta\u015f\u0131nm\u0131\u015ft\u0131. D\u00f6nemin\u00a0AKP\u00a0\u0130\u00e7i\u015fleri Bakan\u0131 \u0130dris Naim \u015eahin de bu eylemde konu\u015fma yapm\u0131\u015ft\u0131.<\/p>\n<p style=\"text-align: justify;\"><b><i>http:\/\/www.demokrathaber.net\/guncel\/agosun-onune-irkci-pankart-astilar-h28773.html<\/i><\/b><\/p>\n","protected":false},"excerpt":{"rendered":"<p>HRANT KASPARYAN \/ DEMOKRAT HABER Yine Hocal\u0131&#8217;y\u0131 kulland\u0131lar&#8230; \u0130stanbul \u015ei\u015fli\u2019de toplanan\u00a0bir\u00a0grup\u00a0Azeri, Da\u011fl\u0131k Karaba\u011f\u2019\u0131n \u0130vanyan (Hocal\u0131) k\u00f6y\u00fcnde\u00a026 \u015eubat 1992\u2019de\u00a0ya\u015fanan olaylara ili\u015fkin g\u00f6steri d\u00fczenledi.\u00a0 T\u00fcrkiye kamuoyunda \u201cHocal\u0131 katliam\u0131\u201d olarak lanse edilen\u00a01992\u2019deki olaylara ili\u015fkin g\u00f6steri d\u00fczenleyen Azerilere, yereldeki a\u015f\u0131r\u0131l\u0131k yanl\u0131s\u0131 milliyet\u00e7i gruplar k\u0131smen destek vermi\u015f olsa da, 2012\u2019de Taksim Meydan\u0131\u2019nda d\u00fczenlenen g\u00f6steriye k\u0131yasla bu y\u0131lki eyleme c\u0131l\u0131z bir [&hellip;]<\/p>\n","protected":false},"author":7,"featured_media":0,"comment_status":"open","ping_status":"open","sticky":false,"template":"","format":"standard","meta":{"footnotes":""},"categories":[1],"tags":[],"class_list":["post-28578","post","type-post","status-publish","format-standard","hentry","category-haberler"],"yoast_head":"<!-- This site is optimized with the Yoast SEO plugin v26.6 - https:\/\/yoast.com\/wordpress\/plugins\/seo\/ -->\n<title>Agos&#039;un \u00f6n\u00fcne \u0131rk\u00e7\u0131 pankart ast\u0131lar - Bati Ermenistan Ve Bati Ermenileri Sorunlari Ara\u015ftirmalar Merkezi<\/title>\n<meta name=\"robots\" content=\"index, follow, max-snippet:-1, max-image-preview:large, max-video-preview:-1\" \/>\n<link rel=\"canonical\" href=\"https:\/\/akunq.net\/tr\/?p=28578\" \/>\n<meta property=\"og:locale\" content=\"en_US\" \/>\n<meta property=\"og:type\" content=\"article\" \/>\n<meta property=\"og:title\" content=\"Agos&#039;un \u00f6n\u00fcne \u0131rk\u00e7\u0131 pankart ast\u0131lar - Bati Ermenistan Ve Bati Ermenileri Sorunlari Ara\u015ftirmalar Merkezi\" \/>\n<meta property=\"og:description\" content=\"HRANT KASPARYAN \/ DEMOKRAT HABER Yine Hocal\u0131&#8217;y\u0131 kulland\u0131lar&#8230; \u0130stanbul \u015ei\u015fli\u2019de toplanan\u00a0bir\u00a0grup\u00a0Azeri, Da\u011fl\u0131k Karaba\u011f\u2019\u0131n \u0130vanyan (Hocal\u0131) k\u00f6y\u00fcnde\u00a026 \u015eubat 1992\u2019de\u00a0ya\u015fanan olaylara ili\u015fkin g\u00f6steri d\u00fczenledi.\u00a0 T\u00fcrkiye kamuoyunda \u201cHocal\u0131 katliam\u0131\u201d olarak lanse edilen\u00a01992\u2019deki olaylara ili\u015fkin g\u00f6steri d\u00fczenleyen Azerilere, yereldeki a\u015f\u0131r\u0131l\u0131k yanl\u0131s\u0131 milliyet\u00e7i gruplar k\u0131smen destek vermi\u015f olsa da, 2012\u2019de Taksim Meydan\u0131\u2019nda d\u00fczenlenen g\u00f6steriye k\u0131yasla bu y\u0131lki eyleme c\u0131l\u0131z bir [&hellip;]\" \/>\n<meta property=\"og:url\" content=\"https:\/\/akunq.net\/tr\/?p=28578\" \/>\n<meta property=\"og:site_name\" content=\"Bati Ermenistan Ve Bati Ermenileri Sorunlari Ara\u015ftirmalar Merkezi\" \/>\n<meta property=\"article:published_time\" content=\"2014-02-24T07:43:22+00:00\" \/>\n<meta name=\"author\" content=\"admin\" \/>\n<meta name=\"twitter:card\" content=\"summary_large_image\" \/>\n<meta name=\"twitter:label1\" content=\"Written by\" \/>\n\t<meta name=\"twitter:data1\" content=\"admin\" \/>\n\t<meta name=\"twitter:label2\" content=\"Est. reading time\" \/>\n\t<meta name=\"twitter:data2\" content=\"2 minutes\" \/>\n<script type=\"application\/ld+json\" class=\"yoast-schema-graph\">{\"@context\":\"https:\/\/schema.org\",\"@graph\":[{\"@type\":\"WebPage\",\"@id\":\"https:\/\/akunq.net\/tr\/?p=28578\",\"url\":\"https:\/\/akunq.net\/tr\/?p=28578\",\"name\":\"Agos'un \u00f6n\u00fcne \u0131rk\u00e7\u0131 pankart ast\u0131lar - Bati Ermenistan Ve Bati Ermenileri Sorunlari Ara\u015ftirmalar Merkezi\",\"isPartOf\":{\"@id\":\"https:\/\/akunq.net\/tr\/#website\"},\"datePublished\":\"2014-02-24T07:43:22+00:00\",\"author\":{\"@id\":\"https:\/\/akunq.net\/tr\/#\/schema\/person\/096f1d38a12cce57fb855b485ed24c9e\"},\"breadcrumb\":{\"@id\":\"https:\/\/akunq.net\/tr\/?p=28578#breadcrumb\"},\"inLanguage\":\"en-US\",\"potentialAction\":[{\"@type\":\"ReadAction\",\"target\":[\"https:\/\/akunq.net\/tr\/?p=28578\"]}]},{\"@type\":\"BreadcrumbList\",\"@id\":\"https:\/\/akunq.net\/tr\/?p=28578#breadcrumb\",\"itemListElement\":[{\"@type\":\"ListItem\",\"position\":1,\"name\":\"Home\",\"item\":\"https:\/\/akunq.net\/tr\"},{\"@type\":\"ListItem\",\"position\":2,\"name\":\"Agos&#8217;un \u00f6n\u00fcne \u0131rk\u00e7\u0131 pankart ast\u0131lar\"}]},{\"@type\":\"WebSite\",\"@id\":\"https:\/\/akunq.net\/tr\/#website\",\"url\":\"https:\/\/akunq.net\/tr\/\",\"name\":\"Bati Ermenistan Ve Bati Ermenileri Sorunlari Ara\u015ftirmalar Merkezi\",\"description\":\"\",\"potentialAction\":[{\"@type\":\"SearchAction\",\"target\":{\"@type\":\"EntryPoint\",\"urlTemplate\":\"https:\/\/akunq.net\/tr\/?s={search_term_string}\"},\"query-input\":{\"@type\":\"PropertyValueSpecification\",\"valueRequired\":true,\"valueName\":\"search_term_string\"}}],\"inLanguage\":\"en-US\"},{\"@type\":\"Person\",\"@id\":\"https:\/\/akunq.net\/tr\/#\/schema\/person\/096f1d38a12cce57fb855b485ed24c9e\",\"name\":\"admin\",\"url\":\"https:\/\/akunq.net\/tr\/?author=7\"}]}<\/script>\n<!-- \/ Yoast SEO plugin. -->","yoast_head_json":{"title":"Agos'un \u00f6n\u00fcne \u0131rk\u00e7\u0131 pankart ast\u0131lar - Bati Ermenistan Ve Bati Ermenileri Sorunlari Ara\u015ftirmalar Merkezi","robots":{"index":"index","follow":"follow","max-snippet":"max-snippet:-1","max-image-preview":"max-image-preview:large","max-video-preview":"max-video-preview:-1"},"canonical":"https:\/\/akunq.net\/tr\/?p=28578","og_locale":"en_US","og_type":"article","og_title":"Agos'un \u00f6n\u00fcne \u0131rk\u00e7\u0131 pankart ast\u0131lar - Bati Ermenistan Ve Bati Ermenileri Sorunlari Ara\u015ftirmalar Merkezi","og_description":"HRANT KASPARYAN \/ DEMOKRAT HABER Yine Hocal\u0131&#8217;y\u0131 kulland\u0131lar&#8230; \u0130stanbul \u015ei\u015fli\u2019de toplanan\u00a0bir\u00a0grup\u00a0Azeri, Da\u011fl\u0131k Karaba\u011f\u2019\u0131n \u0130vanyan (Hocal\u0131) k\u00f6y\u00fcnde\u00a026 \u015eubat 1992\u2019de\u00a0ya\u015fanan olaylara ili\u015fkin g\u00f6steri d\u00fczenledi.\u00a0 T\u00fcrkiye kamuoyunda \u201cHocal\u0131 katliam\u0131\u201d olarak lanse edilen\u00a01992\u2019deki olaylara ili\u015fkin g\u00f6steri d\u00fczenleyen Azerilere, yereldeki a\u015f\u0131r\u0131l\u0131k yanl\u0131s\u0131 milliyet\u00e7i gruplar k\u0131smen destek vermi\u015f olsa da, 2012\u2019de Taksim Meydan\u0131\u2019nda d\u00fczenlenen g\u00f6steriye k\u0131yasla bu y\u0131lki eyleme c\u0131l\u0131z bir [&hellip;]","og_url":"https:\/\/akunq.net\/tr\/?p=28578","og_site_name":"Bati Ermenistan Ve Bati Ermenileri Sorunlari Ara\u015ftirmalar Merkezi","article_published_time":"2014-02-24T07:43:22+00:00","author":"admin","twitter_card":"summary_large_image","twitter_misc":{"Written by":"admin","Est. reading time":"2 minutes"},"schema":{"@context":"https:\/\/schema.org","@graph":[{"@type":"WebPage","@id":"https:\/\/akunq.net\/tr\/?p=28578","url":"https:\/\/akunq.net\/tr\/?p=28578","name":"Agos'un \u00f6n\u00fcne \u0131rk\u00e7\u0131 pankart ast\u0131lar - Bati Ermenistan Ve Bati Ermenileri Sorunlari Ara\u015ftirmalar Merkezi","isPartOf":{"@id":"https:\/\/akunq.net\/tr\/#website"},"datePublished":"2014-02-24T07:43:22+00:00","author":{"@id":"https:\/\/akunq.net\/tr\/#\/schema\/person\/096f1d38a12cce57fb855b485ed24c9e"},"breadcrumb":{"@id":"https:\/\/akunq.net\/tr\/?p=28578#breadcrumb"},"inLanguage":"en-US","potentialAction":[{"@type":"ReadAction","target":["https:\/\/akunq.net\/tr\/?p=28578"]}]},{"@type":"BreadcrumbList","@id":"https:\/\/akunq.net\/tr\/?p=28578#breadcrumb","itemListElement":[{"@type":"ListItem","position":1,"name":"Home","item":"https:\/\/akunq.net\/tr"},{"@type":"ListItem","position":2,"name":"Agos&#8217;un \u00f6n\u00fcne \u0131rk\u00e7\u0131 pankart ast\u0131lar"}]},{"@type":"WebSite","@id":"https:\/\/akunq.net\/tr\/#website","url":"https:\/\/akunq.net\/tr\/","name":"Bati Ermenistan Ve Bati Ermenileri Sorunlari Ara\u015ftirmalar Merkezi","description":"","potentialAction":[{"@type":"SearchAction","target":{"@type":"EntryPoint","urlTemplate":"https:\/\/akunq.net\/tr\/?s={search_term_string}"},"query-input":{"@type":"PropertyValueSpecification","valueRequired":true,"valueName":"search_term_string"}}],"inLanguage":"en-US"},{"@type":"Person","@id":"https:\/\/akunq.net\/tr\/#\/schema\/person\/096f1d38a12cce57fb855b485ed24c9e","name":"admin","url":"https:\/\/akunq.net\/tr\/?author=7"}]}},"_links":{"self":[{"href":"https:\/\/akunq.net\/tr\/index.php?rest_route=\/wp\/v2\/posts\/28578","targetHints":{"allow":["GET"]}}],"collection":[{"href":"https:\/\/akunq.net\/tr\/index.php?rest_route=\/wp\/v2\/posts"}],"about":[{"href":"https:\/\/akunq.net\/tr\/index.php?rest_route=\/wp\/v2\/types\/post"}],"author":[{"embeddable":true,"href":"https:\/\/akunq.net\/tr\/index.php?rest_route=\/wp\/v2\/users\/7"}],"replies":[{"embeddable":true,"href":"https:\/\/akunq.net\/tr\/index.php?rest_route=%2Fwp%2Fv2%2Fcomments&post=28578"}],"version-history":[{"count":1,"href":"https:\/\/akunq.net\/tr\/index.php?rest_route=\/wp\/v2\/posts\/28578\/revisions"}],"predecessor-version":[{"id":28580,"href":"https:\/\/akunq.net\/tr\/index.php?rest_route=\/wp\/v2\/posts\/28578\/revisions\/28580"}],"wp:attachment":[{"href":"https:\/\/akunq.net\/tr\/index.php?rest_route=%2Fwp%2Fv2%2Fmedia&parent=28578"}],"wp:term":[{"taxonomy":"category","embeddable":true,"href":"https:\/\/akunq.net\/tr\/index.php?rest_route=%2Fwp%2Fv2%2Fcategories&post=28578"},{"taxonomy":"post_tag","embeddable":true,"href":"https:\/\/akunq.net\/tr\/index.php?rest_route=%2Fwp%2Fv2%2Ftags&post=28578"}],"curies":[{"name":"wp","href":"https:\/\/api.w.org\/{rel}","templated":true}]}}