{"id":28566,"date":"2014-02-22T03:13:24","date_gmt":"2014-02-22T08:13:24","guid":{"rendered":"http:\/\/akunq.net\/tr\/?p=28566"},"modified":"2014-02-22T03:13:24","modified_gmt":"2014-02-22T08:13:24","slug":"mhpden-secimlerde-ermeni-acilimi","status":"publish","type":"post","link":"https:\/\/akunq.net\/tr\/?p=28566","title":{"rendered":"MHP&#8217;den se\u00e7imlerde Ermeni a\u00e7\u0131l\u0131m\u0131!"},"content":{"rendered":"<p style=\"text-align: justify;\"><b><i><a href=\"http:\/\/akunq.net\/tr\/?attachment_id=28567\" rel=\"attachment wp-att-28567\"><img loading=\"lazy\" decoding=\"async\" class=\"alignright size-medium wp-image-28567\" alt=\"MHP\" src=\"http:\/\/akunq.net\/tr\/wp-content\/uploads\/2014\/02\/MHP-300x145.jpg\" width=\"300\" height=\"145\" srcset=\"https:\/\/akunq.net\/tr\/wp-content\/uploads\/sites\/6\/2014\/02\/MHP-300x145.jpg 300w, https:\/\/akunq.net\/tr\/wp-content\/uploads\/sites\/6\/2014\/02\/MHP-600x290.jpg 600w, https:\/\/akunq.net\/tr\/wp-content\/uploads\/sites\/6\/2014\/02\/MHP.jpg 628w\" sizes=\"auto, (max-width: 300px) 100vw, 300px\" \/><\/a>\u0130stanbul&#8217;da yerel se\u00e7imin en renkli ge\u00e7ece\u011fi yer Bak\u0131rk\u00f6y. \u0130l\u00e7ede meclisteki b\u00fct\u00fcn partilerin Ermeni adaylar\u0131 bulunuyor. <\/i><\/b><\/p>\n<p style=\"text-align: justify;\">30 Mart&#8217;ta yap\u0131lacak <a title=\"yerel se\u00e7im\" href=\"http:\/\/www.haber7.com\/etiket\/yerel+se%C3%A7im\" target=\"_blank\">yerel se\u00e7im<\/a>lerin \u0130stanbul&#8217;da en renkli ge\u00e7ece\u011fi yer <a title=\"Bak\u0131rk\u00f6y\" href=\"http:\/\/www.haber7.com\/etiket\/bak%C4%B1rk%C3%B6y\" target=\"_blank\">Bak\u0131rk\u00f6y<\/a> olacak. Mecliste grubu bulunan b\u00fct\u00fcn partilerin il\u00e7ede yakla\u015f\u0131k 20 bin se\u00e7meni bulunan <a title=\"Ermeni\" href=\"http:\/\/www.haber7.com\/etiket\/ermeni\" target=\"_blank\">Ermeni<\/a> cemaatinden adaylar\u0131 var. E<b>rmeni adaylar\u0131n aras\u0131nda en \u00e7ok dikkat \u00e7ekenler ise <\/b><a title=\"MHP\" href=\"http:\/\/www.haber7.com\/etiket\/mhp\" target=\"_blank\"><b>MHP<\/b><\/a><b>&#8216;nin Bak\u0131rk\u00f6y Belediye Meclis \u00dcyesi listesinin ba\u015f\u0131nda kontenjan aday\u0131 olarak yer alan Nerses Yeramyan ile 5. s\u0131radaki Elmas Giragos.<\/b><\/p>\n<p style=\"text-align: justify;\">Vatan&#8217;a konu\u015fan MHP&#8217;nin liste ba\u015f\u0131 ismi 65 ya\u015f\u0131ndaki di\u015f doktoru Nerses Yeramyan adayl\u0131\u011f\u0131n\u0131 \u015f\u00f6yle de\u011ferlendirdi: &#8220;\u0130lk e\u015fim bir hakim, ikinci e\u015fim G\u00fclhan da bir albay k\u0131z\u0131. \u0130ki e\u015fimden 3 \u00e7ocu\u011fum var. Bu memlekette ya\u015f\u0131yorsak milliyet\u00e7i olmam\u0131z gerekir. E\u011fer de\u011filsek burada i\u015fimiz yok. \u00dcniversitedeyken milliyet\u00e7i derneklerde \u00fcyelik yapt\u0131m. MHP biraz kuvvetlensin belki devletimize bir faydam\u0131z olur. Bence din ve mezhep ile milliyet\u00e7ilik ayr\u0131 \u015feyler. Milliyet\u00e7i olmasayd\u0131m <a title=\"M\u00fcsl\u00fcman\" href=\"http:\/\/www.haber7.com\/etiket\/m%C3%BCsl%C3%BCman\" target=\"_blank\">M\u00fcsl\u00fcman<\/a> han\u0131mla evlenmezdim.&#8221;<\/p>\n<p style=\"text-align: justify;\">MHP 2009 se\u00e7imlerinde yine Bak\u0131rk\u00f6y&#8217;den Ha\u00e7o Kele\u015f&#8217;i belediye meclisine, 1973&#8217;te ise <a title=\"Alpaslan T\u00fcrke\u015f\" href=\"http:\/\/www.haber7.com\/etiket\/alpaslan+t%C3%BCrke%C5%9F\" target=\"_blank\">Alpaslan T\u00fcrke\u015f<\/a>&#8216;e yak\u0131n isimlerden Levon Panos Daba\u011fyan&#8217;\u0131 milletvekili aday\u0131 olarak g\u00f6stermi\u015fti. Nerses Yeramyan ge\u00e7mi\u015fe de\u011fil gelece\u011fe bakmak gerekti\u011fini savunuyor:<\/p>\n<p style=\"text-align: justify;\">&#8220;Annem Rum. Rumca&#8217;y\u0131 da Ermenice gibi iyi konu\u015furum. <a title=\"Yunanistan\" href=\"http:\/\/www.haber7.com\/etiket\/yunanistan\" target=\"_blank\">Yunanistan<\/a>&#8216;a gitti\u011fimde T\u00fcrkiye&#8217;yi savunurum. Bizden \u00f6nce de Ermeni adaylar oldu. Almanya&#8217;da T\u00fcrklerden milletvekilleri ve bakan var. Zaman\u0131nda baz\u0131 k\u00f6t\u00fc \u015feyler olmu\u015f. Geriye bakmak icap etmiyor. Kavgada yumruk say\u0131lmaz. Ge\u00e7mi\u015fle u\u011fra\u015f\u0131rsak geriye gideriz. \u00c7evreden gelen olumsuz tepkiler beni hi\u00e7 ilgilendirmiyor.&#8221;<\/p>\n<p style=\"text-align: justify;\"><b>T\u00fcm partiler Ermeni cemaatinin oyuna talip<\/b><\/p>\n<p style=\"text-align: justify;\">Bak\u0131rk\u00f6y&#8217;\u00fcn <a title=\"CHP\" href=\"http:\/\/www.haber7.com\/etiket\/chp\" target=\"_blank\">CHP<\/a> listesinde 3&#8217;\u00fcnc\u00fc s\u0131rada Ye\u015filk\u00f6y Ermeni Okulu&#8217;ndan Yeti\u015fenler Derne\u011fi Eski Ba\u015fkan\u0131 Arev Cebeci&#8217;yle, 22&#8217;nci s\u0131rada Margarit Dikme var. AK Parti&#8217;nin adaylar\u0131ndan Levon Noray \u00d6zant 2&#8217;nci, Antranik \u015eirino\u011flu 7&#8217;nci ve Antranik Dikta\u015f 15&#8217;inci s\u0131rada. HDP aday\u0131 ise N\u0131vart Bak\u0131rc\u0131o\u011flu.<\/p>\n<p style=\"text-align: justify;\"><b><i>http:\/\/www.haber7.com\/partiler\/haber\/1130127-mhpden-secimlerde-ermeni-acilimi<\/i><\/b><\/p>\n","protected":false},"excerpt":{"rendered":"<p>\u0130stanbul&#8217;da yerel se\u00e7imin en renkli ge\u00e7ece\u011fi yer Bak\u0131rk\u00f6y. \u0130l\u00e7ede meclisteki b\u00fct\u00fcn partilerin Ermeni adaylar\u0131 bulunuyor. 30 Mart&#8217;ta yap\u0131lacak yerel se\u00e7imlerin \u0130stanbul&#8217;da en renkli ge\u00e7ece\u011fi yer Bak\u0131rk\u00f6y olacak. Mecliste grubu bulunan b\u00fct\u00fcn partilerin il\u00e7ede yakla\u015f\u0131k 20 bin se\u00e7meni bulunan Ermeni cemaatinden adaylar\u0131 var. Ermeni adaylar\u0131n aras\u0131nda en \u00e7ok dikkat \u00e7ekenler ise MHP&#8216;nin Bak\u0131rk\u00f6y Belediye Meclis \u00dcyesi [&hellip;]<\/p>\n","protected":false},"author":7,"featured_media":0,"comment_status":"open","ping_status":"open","sticky":false,"template":"","format":"standard","meta":{"footnotes":""},"categories":[1],"tags":[],"class_list":["post-28566","post","type-post","status-publish","format-standard","hentry","category-haberler"],"yoast_head":"<!-- This site is optimized with the Yoast SEO plugin v26.6 - https:\/\/yoast.com\/wordpress\/plugins\/seo\/ -->\n<title>MHP&#039;den se\u00e7imlerde Ermeni a\u00e7\u0131l\u0131m\u0131! - Bati Ermenistan Ve Bati Ermenileri Sorunlari Ara\u015ftirmalar Merkezi<\/title>\n<meta name=\"robots\" content=\"index, follow, max-snippet:-1, max-image-preview:large, max-video-preview:-1\" \/>\n<link rel=\"canonical\" href=\"https:\/\/akunq.net\/tr\/?p=28566\" \/>\n<meta property=\"og:locale\" content=\"en_US\" \/>\n<meta property=\"og:type\" content=\"article\" \/>\n<meta property=\"og:title\" content=\"MHP&#039;den se\u00e7imlerde Ermeni a\u00e7\u0131l\u0131m\u0131! - Bati Ermenistan Ve Bati Ermenileri Sorunlari Ara\u015ftirmalar Merkezi\" \/>\n<meta property=\"og:description\" content=\"\u0130stanbul&#8217;da yerel se\u00e7imin en renkli ge\u00e7ece\u011fi yer Bak\u0131rk\u00f6y. \u0130l\u00e7ede meclisteki b\u00fct\u00fcn partilerin Ermeni adaylar\u0131 bulunuyor. 30 Mart&#8217;ta yap\u0131lacak yerel se\u00e7imlerin \u0130stanbul&#8217;da en renkli ge\u00e7ece\u011fi yer Bak\u0131rk\u00f6y olacak. Mecliste grubu bulunan b\u00fct\u00fcn partilerin il\u00e7ede yakla\u015f\u0131k 20 bin se\u00e7meni bulunan Ermeni cemaatinden adaylar\u0131 var. Ermeni adaylar\u0131n aras\u0131nda en \u00e7ok dikkat \u00e7ekenler ise MHP&#8216;nin Bak\u0131rk\u00f6y Belediye Meclis \u00dcyesi [&hellip;]\" \/>\n<meta property=\"og:url\" content=\"https:\/\/akunq.net\/tr\/?p=28566\" \/>\n<meta property=\"og:site_name\" content=\"Bati Ermenistan Ve Bati Ermenileri Sorunlari Ara\u015ftirmalar Merkezi\" \/>\n<meta property=\"article:published_time\" content=\"2014-02-22T08:13:24+00:00\" \/>\n<meta property=\"og:image\" content=\"http:\/\/akunq.net\/tr\/wp-content\/uploads\/2014\/02\/MHP-300x145.jpg\" \/>\n<meta name=\"author\" content=\"admin\" \/>\n<meta name=\"twitter:card\" content=\"summary_large_image\" \/>\n<meta name=\"twitter:label1\" content=\"Written by\" \/>\n\t<meta name=\"twitter:data1\" content=\"admin\" \/>\n\t<meta name=\"twitter:label2\" content=\"Est. reading time\" \/>\n\t<meta name=\"twitter:data2\" content=\"2 minutes\" \/>\n<script type=\"application\/ld+json\" class=\"yoast-schema-graph\">{\"@context\":\"https:\/\/schema.org\",\"@graph\":[{\"@type\":\"WebPage\",\"@id\":\"https:\/\/akunq.net\/tr\/?p=28566\",\"url\":\"https:\/\/akunq.net\/tr\/?p=28566\",\"name\":\"MHP'den se\u00e7imlerde Ermeni a\u00e7\u0131l\u0131m\u0131! - Bati Ermenistan Ve Bati Ermenileri Sorunlari Ara\u015ftirmalar Merkezi\",\"isPartOf\":{\"@id\":\"https:\/\/akunq.net\/tr\/#website\"},\"primaryImageOfPage\":{\"@id\":\"https:\/\/akunq.net\/tr\/?p=28566#primaryimage\"},\"image\":{\"@id\":\"https:\/\/akunq.net\/tr\/?p=28566#primaryimage\"},\"thumbnailUrl\":\"http:\/\/akunq.net\/tr\/wp-content\/uploads\/2014\/02\/MHP-300x145.jpg\",\"datePublished\":\"2014-02-22T08:13:24+00:00\",\"author\":{\"@id\":\"https:\/\/akunq.net\/tr\/#\/schema\/person\/096f1d38a12cce57fb855b485ed24c9e\"},\"breadcrumb\":{\"@id\":\"https:\/\/akunq.net\/tr\/?p=28566#breadcrumb\"},\"inLanguage\":\"en-US\",\"potentialAction\":[{\"@type\":\"ReadAction\",\"target\":[\"https:\/\/akunq.net\/tr\/?p=28566\"]}]},{\"@type\":\"ImageObject\",\"inLanguage\":\"en-US\",\"@id\":\"https:\/\/akunq.net\/tr\/?p=28566#primaryimage\",\"url\":\"https:\/\/akunq.net\/tr\/wp-content\/uploads\/sites\/6\/2014\/02\/MHP.jpg\",\"contentUrl\":\"https:\/\/akunq.net\/tr\/wp-content\/uploads\/sites\/6\/2014\/02\/MHP.jpg\",\"width\":628,\"height\":304},{\"@type\":\"BreadcrumbList\",\"@id\":\"https:\/\/akunq.net\/tr\/?p=28566#breadcrumb\",\"itemListElement\":[{\"@type\":\"ListItem\",\"position\":1,\"name\":\"Home\",\"item\":\"https:\/\/akunq.net\/tr\"},{\"@type\":\"ListItem\",\"position\":2,\"name\":\"MHP&#8217;den se\u00e7imlerde Ermeni a\u00e7\u0131l\u0131m\u0131!\"}]},{\"@type\":\"WebSite\",\"@id\":\"https:\/\/akunq.net\/tr\/#website\",\"url\":\"https:\/\/akunq.net\/tr\/\",\"name\":\"Bati Ermenistan Ve Bati Ermenileri Sorunlari Ara\u015ftirmalar Merkezi\",\"description\":\"\",\"potentialAction\":[{\"@type\":\"SearchAction\",\"target\":{\"@type\":\"EntryPoint\",\"urlTemplate\":\"https:\/\/akunq.net\/tr\/?s={search_term_string}\"},\"query-input\":{\"@type\":\"PropertyValueSpecification\",\"valueRequired\":true,\"valueName\":\"search_term_string\"}}],\"inLanguage\":\"en-US\"},{\"@type\":\"Person\",\"@id\":\"https:\/\/akunq.net\/tr\/#\/schema\/person\/096f1d38a12cce57fb855b485ed24c9e\",\"name\":\"admin\",\"url\":\"https:\/\/akunq.net\/tr\/?author=7\"}]}<\/script>\n<!-- \/ Yoast SEO plugin. -->","yoast_head_json":{"title":"MHP'den se\u00e7imlerde Ermeni a\u00e7\u0131l\u0131m\u0131! - Bati Ermenistan Ve Bati Ermenileri Sorunlari Ara\u015ftirmalar Merkezi","robots":{"index":"index","follow":"follow","max-snippet":"max-snippet:-1","max-image-preview":"max-image-preview:large","max-video-preview":"max-video-preview:-1"},"canonical":"https:\/\/akunq.net\/tr\/?p=28566","og_locale":"en_US","og_type":"article","og_title":"MHP'den se\u00e7imlerde Ermeni a\u00e7\u0131l\u0131m\u0131! - Bati Ermenistan Ve Bati Ermenileri Sorunlari Ara\u015ftirmalar Merkezi","og_description":"\u0130stanbul&#8217;da yerel se\u00e7imin en renkli ge\u00e7ece\u011fi yer Bak\u0131rk\u00f6y. \u0130l\u00e7ede meclisteki b\u00fct\u00fcn partilerin Ermeni adaylar\u0131 bulunuyor. 30 Mart&#8217;ta yap\u0131lacak yerel se\u00e7imlerin \u0130stanbul&#8217;da en renkli ge\u00e7ece\u011fi yer Bak\u0131rk\u00f6y olacak. Mecliste grubu bulunan b\u00fct\u00fcn partilerin il\u00e7ede yakla\u015f\u0131k 20 bin se\u00e7meni bulunan Ermeni cemaatinden adaylar\u0131 var. Ermeni adaylar\u0131n aras\u0131nda en \u00e7ok dikkat \u00e7ekenler ise MHP&#8216;nin Bak\u0131rk\u00f6y Belediye Meclis \u00dcyesi [&hellip;]","og_url":"https:\/\/akunq.net\/tr\/?p=28566","og_site_name":"Bati Ermenistan Ve Bati Ermenileri Sorunlari Ara\u015ftirmalar Merkezi","article_published_time":"2014-02-22T08:13:24+00:00","og_image":[{"url":"http:\/\/akunq.net\/tr\/wp-content\/uploads\/2014\/02\/MHP-300x145.jpg","type":"","width":"","height":""}],"author":"admin","twitter_card":"summary_large_image","twitter_misc":{"Written by":"admin","Est. reading time":"2 minutes"},"schema":{"@context":"https:\/\/schema.org","@graph":[{"@type":"WebPage","@id":"https:\/\/akunq.net\/tr\/?p=28566","url":"https:\/\/akunq.net\/tr\/?p=28566","name":"MHP'den se\u00e7imlerde Ermeni a\u00e7\u0131l\u0131m\u0131! - Bati Ermenistan Ve Bati Ermenileri Sorunlari Ara\u015ftirmalar Merkezi","isPartOf":{"@id":"https:\/\/akunq.net\/tr\/#website"},"primaryImageOfPage":{"@id":"https:\/\/akunq.net\/tr\/?p=28566#primaryimage"},"image":{"@id":"https:\/\/akunq.net\/tr\/?p=28566#primaryimage"},"thumbnailUrl":"http:\/\/akunq.net\/tr\/wp-content\/uploads\/2014\/02\/MHP-300x145.jpg","datePublished":"2014-02-22T08:13:24+00:00","author":{"@id":"https:\/\/akunq.net\/tr\/#\/schema\/person\/096f1d38a12cce57fb855b485ed24c9e"},"breadcrumb":{"@id":"https:\/\/akunq.net\/tr\/?p=28566#breadcrumb"},"inLanguage":"en-US","potentialAction":[{"@type":"ReadAction","target":["https:\/\/akunq.net\/tr\/?p=28566"]}]},{"@type":"ImageObject","inLanguage":"en-US","@id":"https:\/\/akunq.net\/tr\/?p=28566#primaryimage","url":"https:\/\/akunq.net\/tr\/wp-content\/uploads\/sites\/6\/2014\/02\/MHP.jpg","contentUrl":"https:\/\/akunq.net\/tr\/wp-content\/uploads\/sites\/6\/2014\/02\/MHP.jpg","width":628,"height":304},{"@type":"BreadcrumbList","@id":"https:\/\/akunq.net\/tr\/?p=28566#breadcrumb","itemListElement":[{"@type":"ListItem","position":1,"name":"Home","item":"https:\/\/akunq.net\/tr"},{"@type":"ListItem","position":2,"name":"MHP&#8217;den se\u00e7imlerde Ermeni a\u00e7\u0131l\u0131m\u0131!"}]},{"@type":"WebSite","@id":"https:\/\/akunq.net\/tr\/#website","url":"https:\/\/akunq.net\/tr\/","name":"Bati Ermenistan Ve Bati Ermenileri Sorunlari Ara\u015ftirmalar Merkezi","description":"","potentialAction":[{"@type":"SearchAction","target":{"@type":"EntryPoint","urlTemplate":"https:\/\/akunq.net\/tr\/?s={search_term_string}"},"query-input":{"@type":"PropertyValueSpecification","valueRequired":true,"valueName":"search_term_string"}}],"inLanguage":"en-US"},{"@type":"Person","@id":"https:\/\/akunq.net\/tr\/#\/schema\/person\/096f1d38a12cce57fb855b485ed24c9e","name":"admin","url":"https:\/\/akunq.net\/tr\/?author=7"}]}},"_links":{"self":[{"href":"https:\/\/akunq.net\/tr\/index.php?rest_route=\/wp\/v2\/posts\/28566","targetHints":{"allow":["GET"]}}],"collection":[{"href":"https:\/\/akunq.net\/tr\/index.php?rest_route=\/wp\/v2\/posts"}],"about":[{"href":"https:\/\/akunq.net\/tr\/index.php?rest_route=\/wp\/v2\/types\/post"}],"author":[{"embeddable":true,"href":"https:\/\/akunq.net\/tr\/index.php?rest_route=\/wp\/v2\/users\/7"}],"replies":[{"embeddable":true,"href":"https:\/\/akunq.net\/tr\/index.php?rest_route=%2Fwp%2Fv2%2Fcomments&post=28566"}],"version-history":[{"count":1,"href":"https:\/\/akunq.net\/tr\/index.php?rest_route=\/wp\/v2\/posts\/28566\/revisions"}],"predecessor-version":[{"id":28568,"href":"https:\/\/akunq.net\/tr\/index.php?rest_route=\/wp\/v2\/posts\/28566\/revisions\/28568"}],"wp:attachment":[{"href":"https:\/\/akunq.net\/tr\/index.php?rest_route=%2Fwp%2Fv2%2Fmedia&parent=28566"}],"wp:term":[{"taxonomy":"category","embeddable":true,"href":"https:\/\/akunq.net\/tr\/index.php?rest_route=%2Fwp%2Fv2%2Fcategories&post=28566"},{"taxonomy":"post_tag","embeddable":true,"href":"https:\/\/akunq.net\/tr\/index.php?rest_route=%2Fwp%2Fv2%2Ftags&post=28566"}],"curies":[{"name":"wp","href":"https:\/\/api.w.org\/{rel}","templated":true}]}}