{"id":28560,"date":"2014-02-22T02:40:00","date_gmt":"2014-02-22T07:40:00","guid":{"rendered":"http:\/\/akunq.net\/tr\/?p=28560"},"modified":"2014-02-22T02:40:00","modified_gmt":"2014-02-22T07:40:00","slug":"sason-kaymakami-ariktan-ermeni-ailelere-ziyaret","status":"publish","type":"post","link":"https:\/\/akunq.net\/tr\/?p=28560","title":{"rendered":"Sason Kaymakam\u0131 Ar\u0131k&#8217;tan Ermeni Ailelere Ziyaret"},"content":{"rendered":"<h2 style=\"text-align: justify;\"><i><a href=\"http:\/\/akunq.net\/tr\/?attachment_id=28561\" rel=\"attachment wp-att-28561\"><img loading=\"lazy\" decoding=\"async\" class=\"alignright size-medium wp-image-28561\" alt=\"\u054d\u0561\u057d\u0578\u0582\u0576\" src=\"http:\/\/akunq.net\/tr\/wp-content\/uploads\/2014\/02\/\u054d\u0561\u057d\u0578\u0582\u0576-300x206.jpg\" width=\"300\" height=\"206\" srcset=\"https:\/\/akunq.net\/tr\/wp-content\/uploads\/sites\/6\/2014\/02\/\u054d\u0561\u057d\u0578\u0582\u0576-300x206.jpg 300w, https:\/\/akunq.net\/tr\/wp-content\/uploads\/sites\/6\/2014\/02\/\u054d\u0561\u057d\u0578\u0582\u0576.jpg 307w\" sizes=\"auto, (max-width: 300px) 100vw, 300px\" \/><\/a>Kaymakam Ar\u0131k, il\u00e7ede ya\u015fayan Ermeni aileleri ziyaret ederek sorunlar\u0131n\u0131 dinledi.<\/i><\/h2>\n<p style=\"text-align: justify;\">Beraberinde \u0130l\u00e7e M\u00fcft\u00fcs\u00fc\u00a0Abdulhal\u0131k Ocakhano\u011flu ile\u00a0\u00c7al\u0131\u015f\u0131rlar k\u00f6y\u00fc Komek mezras\u0131nda ya\u015fayan Ermeni vatanda\u015flar\u0131 ziyaret eden Ar\u0131k, burada yapt\u0131\u011f\u0131 a\u00e7\u0131klamada, il\u00e7ede farkl\u0131 bir mezraya misafir olduklar\u0131n\u0131 belirterek, \u00c7al\u0131\u015f\u0131rlar K\u00f6y\u00fc\u00a0Muhtar\u0131 Nesip \u00c7akar&#8217;\u0131n rehberli\u011finde\u00a0mezrada ya\u015fayan Ermeni vatanda\u015flarla g\u00f6r\u00fc\u015ft\u00fcklerini s\u00f6yledi.<\/p>\n<p style=\"text-align: justify;\">Mezrada 3\u00a0hanede yakla\u015f\u0131k\u00a030\u00a0Ermeni vatanda\u015f\u0131n\u0131n ya\u015fad\u0131\u011f\u0131n\u0131 ifade eden Ar\u0131k, &#8220;Vatanda\u015flar\u0131m\u0131z\u0131n oturduklar\u0131 evlerin dam\u0131nda\u00a0kurduklar\u0131 sofraya birlikte oturduk. Sofrada vatanda\u015flarla sohbet ettik. Bu ziyaret il\u00e7emizin farkl\u0131\u00a0ses ve renklerin beraberce ya\u015fam\u0131n\u0131 s\u00fcrd\u00fcrmesi bak\u0131m\u0131ndan zenginli\u011fini g\u00f6steriyor&#8221; dedi.<\/p>\n<p style=\"text-align: justify;\">Kaymakam Ar\u0131k, daha sonra rahats\u0131zl\u0131\u011f\u0131 bulundu\u011funu \u00f6\u011frendi\u011fi Atap Kabe&#8217;yi ziyaret ederek, ge\u00e7mi\u015f olsun dile\u011finde bulundu.<\/p>\n<p style=\"text-align: justify;\"><b><i>http:\/\/www.haberler.com\/sason-kaymakami-arik-tan-ermeni-ailelere-ziyaret-5697033-haberi\/<\/i><\/b><\/p>\n","protected":false},"excerpt":{"rendered":"<p>Kaymakam Ar\u0131k, il\u00e7ede ya\u015fayan Ermeni aileleri ziyaret ederek sorunlar\u0131n\u0131 dinledi. Beraberinde \u0130l\u00e7e M\u00fcft\u00fcs\u00fc\u00a0Abdulhal\u0131k Ocakhano\u011flu ile\u00a0\u00c7al\u0131\u015f\u0131rlar k\u00f6y\u00fc Komek mezras\u0131nda ya\u015fayan Ermeni vatanda\u015flar\u0131 ziyaret eden Ar\u0131k, burada yapt\u0131\u011f\u0131 a\u00e7\u0131klamada, il\u00e7ede farkl\u0131 bir mezraya misafir olduklar\u0131n\u0131 belirterek, \u00c7al\u0131\u015f\u0131rlar K\u00f6y\u00fc\u00a0Muhtar\u0131 Nesip \u00c7akar&#8217;\u0131n rehberli\u011finde\u00a0mezrada ya\u015fayan Ermeni vatanda\u015flarla g\u00f6r\u00fc\u015ft\u00fcklerini s\u00f6yledi. Mezrada 3\u00a0hanede yakla\u015f\u0131k\u00a030\u00a0Ermeni vatanda\u015f\u0131n\u0131n ya\u015fad\u0131\u011f\u0131n\u0131 ifade eden Ar\u0131k, &#8220;Vatanda\u015flar\u0131m\u0131z\u0131n oturduklar\u0131 evlerin [&hellip;]<\/p>\n","protected":false},"author":7,"featured_media":0,"comment_status":"open","ping_status":"open","sticky":false,"template":"","format":"standard","meta":{"footnotes":""},"categories":[1],"tags":[],"class_list":["post-28560","post","type-post","status-publish","format-standard","hentry","category-haberler"],"yoast_head":"<!-- This site is optimized with the Yoast SEO plugin v26.6 - https:\/\/yoast.com\/wordpress\/plugins\/seo\/ -->\n<title>Sason Kaymakam\u0131 Ar\u0131k&#039;tan Ermeni Ailelere Ziyaret - Bati Ermenistan Ve Bati Ermenileri Sorunlari Ara\u015ftirmalar Merkezi<\/title>\n<meta name=\"robots\" content=\"index, follow, max-snippet:-1, max-image-preview:large, max-video-preview:-1\" \/>\n<link rel=\"canonical\" href=\"https:\/\/akunq.net\/tr\/?p=28560\" \/>\n<meta property=\"og:locale\" content=\"en_US\" \/>\n<meta property=\"og:type\" content=\"article\" \/>\n<meta property=\"og:title\" content=\"Sason Kaymakam\u0131 Ar\u0131k&#039;tan Ermeni Ailelere Ziyaret - Bati Ermenistan Ve Bati Ermenileri Sorunlari Ara\u015ftirmalar Merkezi\" \/>\n<meta property=\"og:description\" content=\"Kaymakam Ar\u0131k, il\u00e7ede ya\u015fayan Ermeni aileleri ziyaret ederek sorunlar\u0131n\u0131 dinledi. Beraberinde \u0130l\u00e7e M\u00fcft\u00fcs\u00fc\u00a0Abdulhal\u0131k Ocakhano\u011flu ile\u00a0\u00c7al\u0131\u015f\u0131rlar k\u00f6y\u00fc Komek mezras\u0131nda ya\u015fayan Ermeni vatanda\u015flar\u0131 ziyaret eden Ar\u0131k, burada yapt\u0131\u011f\u0131 a\u00e7\u0131klamada, il\u00e7ede farkl\u0131 bir mezraya misafir olduklar\u0131n\u0131 belirterek, \u00c7al\u0131\u015f\u0131rlar K\u00f6y\u00fc\u00a0Muhtar\u0131 Nesip \u00c7akar&#8217;\u0131n rehberli\u011finde\u00a0mezrada ya\u015fayan Ermeni vatanda\u015flarla g\u00f6r\u00fc\u015ft\u00fcklerini s\u00f6yledi. Mezrada 3\u00a0hanede yakla\u015f\u0131k\u00a030\u00a0Ermeni vatanda\u015f\u0131n\u0131n ya\u015fad\u0131\u011f\u0131n\u0131 ifade eden Ar\u0131k, &#8220;Vatanda\u015flar\u0131m\u0131z\u0131n oturduklar\u0131 evlerin [&hellip;]\" \/>\n<meta property=\"og:url\" content=\"https:\/\/akunq.net\/tr\/?p=28560\" \/>\n<meta property=\"og:site_name\" content=\"Bati Ermenistan Ve Bati Ermenileri Sorunlari Ara\u015ftirmalar Merkezi\" \/>\n<meta property=\"article:published_time\" content=\"2014-02-22T07:40:00+00:00\" \/>\n<meta name=\"author\" content=\"admin\" \/>\n<meta name=\"twitter:card\" content=\"summary_large_image\" \/>\n<meta name=\"twitter:label1\" content=\"Written by\" \/>\n\t<meta name=\"twitter:data1\" content=\"admin\" \/>\n\t<meta name=\"twitter:label2\" content=\"Est. reading time\" \/>\n\t<meta name=\"twitter:data2\" content=\"1 minute\" \/>\n<script type=\"application\/ld+json\" class=\"yoast-schema-graph\">{\"@context\":\"https:\/\/schema.org\",\"@graph\":[{\"@type\":\"WebPage\",\"@id\":\"https:\/\/akunq.net\/tr\/?p=28560\",\"url\":\"https:\/\/akunq.net\/tr\/?p=28560\",\"name\":\"Sason Kaymakam\u0131 Ar\u0131k'tan Ermeni Ailelere Ziyaret - Bati Ermenistan Ve Bati Ermenileri Sorunlari Ara\u015ftirmalar Merkezi\",\"isPartOf\":{\"@id\":\"https:\/\/akunq.net\/tr\/#website\"},\"datePublished\":\"2014-02-22T07:40:00+00:00\",\"author\":{\"@id\":\"https:\/\/akunq.net\/tr\/#\/schema\/person\/096f1d38a12cce57fb855b485ed24c9e\"},\"breadcrumb\":{\"@id\":\"https:\/\/akunq.net\/tr\/?p=28560#breadcrumb\"},\"inLanguage\":\"en-US\",\"potentialAction\":[{\"@type\":\"ReadAction\",\"target\":[\"https:\/\/akunq.net\/tr\/?p=28560\"]}]},{\"@type\":\"BreadcrumbList\",\"@id\":\"https:\/\/akunq.net\/tr\/?p=28560#breadcrumb\",\"itemListElement\":[{\"@type\":\"ListItem\",\"position\":1,\"name\":\"Home\",\"item\":\"https:\/\/akunq.net\/tr\"},{\"@type\":\"ListItem\",\"position\":2,\"name\":\"Sason Kaymakam\u0131 Ar\u0131k&#8217;tan Ermeni Ailelere Ziyaret\"}]},{\"@type\":\"WebSite\",\"@id\":\"https:\/\/akunq.net\/tr\/#website\",\"url\":\"https:\/\/akunq.net\/tr\/\",\"name\":\"Bati Ermenistan Ve Bati Ermenileri Sorunlari Ara\u015ftirmalar Merkezi\",\"description\":\"\",\"potentialAction\":[{\"@type\":\"SearchAction\",\"target\":{\"@type\":\"EntryPoint\",\"urlTemplate\":\"https:\/\/akunq.net\/tr\/?s={search_term_string}\"},\"query-input\":{\"@type\":\"PropertyValueSpecification\",\"valueRequired\":true,\"valueName\":\"search_term_string\"}}],\"inLanguage\":\"en-US\"},{\"@type\":\"Person\",\"@id\":\"https:\/\/akunq.net\/tr\/#\/schema\/person\/096f1d38a12cce57fb855b485ed24c9e\",\"name\":\"admin\",\"url\":\"https:\/\/akunq.net\/tr\/?author=7\"}]}<\/script>\n<!-- \/ Yoast SEO plugin. -->","yoast_head_json":{"title":"Sason Kaymakam\u0131 Ar\u0131k'tan Ermeni Ailelere Ziyaret - Bati Ermenistan Ve Bati Ermenileri Sorunlari Ara\u015ftirmalar Merkezi","robots":{"index":"index","follow":"follow","max-snippet":"max-snippet:-1","max-image-preview":"max-image-preview:large","max-video-preview":"max-video-preview:-1"},"canonical":"https:\/\/akunq.net\/tr\/?p=28560","og_locale":"en_US","og_type":"article","og_title":"Sason Kaymakam\u0131 Ar\u0131k'tan Ermeni Ailelere Ziyaret - Bati Ermenistan Ve Bati Ermenileri Sorunlari Ara\u015ftirmalar Merkezi","og_description":"Kaymakam Ar\u0131k, il\u00e7ede ya\u015fayan Ermeni aileleri ziyaret ederek sorunlar\u0131n\u0131 dinledi. Beraberinde \u0130l\u00e7e M\u00fcft\u00fcs\u00fc\u00a0Abdulhal\u0131k Ocakhano\u011flu ile\u00a0\u00c7al\u0131\u015f\u0131rlar k\u00f6y\u00fc Komek mezras\u0131nda ya\u015fayan Ermeni vatanda\u015flar\u0131 ziyaret eden Ar\u0131k, burada yapt\u0131\u011f\u0131 a\u00e7\u0131klamada, il\u00e7ede farkl\u0131 bir mezraya misafir olduklar\u0131n\u0131 belirterek, \u00c7al\u0131\u015f\u0131rlar K\u00f6y\u00fc\u00a0Muhtar\u0131 Nesip \u00c7akar&#8217;\u0131n rehberli\u011finde\u00a0mezrada ya\u015fayan Ermeni vatanda\u015flarla g\u00f6r\u00fc\u015ft\u00fcklerini s\u00f6yledi. Mezrada 3\u00a0hanede yakla\u015f\u0131k\u00a030\u00a0Ermeni vatanda\u015f\u0131n\u0131n ya\u015fad\u0131\u011f\u0131n\u0131 ifade eden Ar\u0131k, &#8220;Vatanda\u015flar\u0131m\u0131z\u0131n oturduklar\u0131 evlerin [&hellip;]","og_url":"https:\/\/akunq.net\/tr\/?p=28560","og_site_name":"Bati Ermenistan Ve Bati Ermenileri Sorunlari Ara\u015ftirmalar Merkezi","article_published_time":"2014-02-22T07:40:00+00:00","author":"admin","twitter_card":"summary_large_image","twitter_misc":{"Written by":"admin","Est. reading time":"1 minute"},"schema":{"@context":"https:\/\/schema.org","@graph":[{"@type":"WebPage","@id":"https:\/\/akunq.net\/tr\/?p=28560","url":"https:\/\/akunq.net\/tr\/?p=28560","name":"Sason Kaymakam\u0131 Ar\u0131k'tan Ermeni Ailelere Ziyaret - Bati Ermenistan Ve Bati Ermenileri Sorunlari Ara\u015ftirmalar Merkezi","isPartOf":{"@id":"https:\/\/akunq.net\/tr\/#website"},"datePublished":"2014-02-22T07:40:00+00:00","author":{"@id":"https:\/\/akunq.net\/tr\/#\/schema\/person\/096f1d38a12cce57fb855b485ed24c9e"},"breadcrumb":{"@id":"https:\/\/akunq.net\/tr\/?p=28560#breadcrumb"},"inLanguage":"en-US","potentialAction":[{"@type":"ReadAction","target":["https:\/\/akunq.net\/tr\/?p=28560"]}]},{"@type":"BreadcrumbList","@id":"https:\/\/akunq.net\/tr\/?p=28560#breadcrumb","itemListElement":[{"@type":"ListItem","position":1,"name":"Home","item":"https:\/\/akunq.net\/tr"},{"@type":"ListItem","position":2,"name":"Sason Kaymakam\u0131 Ar\u0131k&#8217;tan Ermeni Ailelere Ziyaret"}]},{"@type":"WebSite","@id":"https:\/\/akunq.net\/tr\/#website","url":"https:\/\/akunq.net\/tr\/","name":"Bati Ermenistan Ve Bati Ermenileri Sorunlari Ara\u015ftirmalar Merkezi","description":"","potentialAction":[{"@type":"SearchAction","target":{"@type":"EntryPoint","urlTemplate":"https:\/\/akunq.net\/tr\/?s={search_term_string}"},"query-input":{"@type":"PropertyValueSpecification","valueRequired":true,"valueName":"search_term_string"}}],"inLanguage":"en-US"},{"@type":"Person","@id":"https:\/\/akunq.net\/tr\/#\/schema\/person\/096f1d38a12cce57fb855b485ed24c9e","name":"admin","url":"https:\/\/akunq.net\/tr\/?author=7"}]}},"_links":{"self":[{"href":"https:\/\/akunq.net\/tr\/index.php?rest_route=\/wp\/v2\/posts\/28560","targetHints":{"allow":["GET"]}}],"collection":[{"href":"https:\/\/akunq.net\/tr\/index.php?rest_route=\/wp\/v2\/posts"}],"about":[{"href":"https:\/\/akunq.net\/tr\/index.php?rest_route=\/wp\/v2\/types\/post"}],"author":[{"embeddable":true,"href":"https:\/\/akunq.net\/tr\/index.php?rest_route=\/wp\/v2\/users\/7"}],"replies":[{"embeddable":true,"href":"https:\/\/akunq.net\/tr\/index.php?rest_route=%2Fwp%2Fv2%2Fcomments&post=28560"}],"version-history":[{"count":1,"href":"https:\/\/akunq.net\/tr\/index.php?rest_route=\/wp\/v2\/posts\/28560\/revisions"}],"predecessor-version":[{"id":28562,"href":"https:\/\/akunq.net\/tr\/index.php?rest_route=\/wp\/v2\/posts\/28560\/revisions\/28562"}],"wp:attachment":[{"href":"https:\/\/akunq.net\/tr\/index.php?rest_route=%2Fwp%2Fv2%2Fmedia&parent=28560"}],"wp:term":[{"taxonomy":"category","embeddable":true,"href":"https:\/\/akunq.net\/tr\/index.php?rest_route=%2Fwp%2Fv2%2Fcategories&post=28560"},{"taxonomy":"post_tag","embeddable":true,"href":"https:\/\/akunq.net\/tr\/index.php?rest_route=%2Fwp%2Fv2%2Ftags&post=28560"}],"curies":[{"name":"wp","href":"https:\/\/api.w.org\/{rel}","templated":true}]}}