{"id":28549,"date":"2014-02-21T03:30:18","date_gmt":"2014-02-21T08:30:18","guid":{"rendered":"http:\/\/akunq.net\/tr\/?p=28549"},"modified":"2014-02-21T03:30:37","modified_gmt":"2014-02-21T08:30:37","slug":"aydin-dogandan-sabah-takvim-ve-akite-dava","status":"publish","type":"post","link":"https:\/\/akunq.net\/tr\/?p=28549","title":{"rendered":"Ayd\u0131n Do\u011fan\u2019dan Sabah, Takvim ve Akit\u2019e Dava"},"content":{"rendered":"<p style=\"text-align: justify;\"><em><strong><a href=\"http:\/\/akunq.net\/tr\/?attachment_id=28550\" rel=\"attachment wp-att-28550\"><img loading=\"lazy\" decoding=\"async\" class=\"alignright size-full wp-image-28550\" alt=\"\u0540\u0580\u0561\u0576\u057f \u0534\u056b\u0576\u0584\" src=\"http:\/\/akunq.net\/tr\/wp-content\/uploads\/2014\/02\/\u0540\u0580\u0561\u0576\u057f-\u0534\u056b\u0576\u0584.jpg\" width=\"200\" height=\"150\" \/><\/a>Fethullah G\u00fclen\u2019le ili\u015fkisi de\u015fifre olan Ayd\u0131n Do\u011fan, Sabah, Takvim ve Yeni Akit gazetelerine dava a\u00e7t\u0131.<\/strong><\/em><br \/>\nFethullah G\u00fclen ile bir cemaat mensubu \u015fah\u0131s aras\u0131nda ge\u00e7en konu\u015fmalar\u0131n ortaya \u00e7\u0131kmas\u0131yla, Do\u011fan Grubu-Cemaat i\u015fbirli\u011fi de\u015fifre olmu\u015ftu.<br \/>\nAyd\u0131n Do\u011fan, s\u00f6z konusu konu\u015fmalarda ge\u00e7en kendisiyle ilgili ifadeleri yalanlayamad\u0131\u011f\u0131 gibi, \u201ctam olarak hat\u0131rlam\u0131yorum\u201d \u015feklinde tuhaf bir a\u00e7\u0131klama yapm\u0131\u015ft\u0131.<\/p>\n<p style=\"text-align: justify;\"><strong>RAK\u0130P MEDYAYA DAVA A\u00c7TI<\/strong><br \/>\nDo\u011fan, sosyal medyada infiale sebep olan Fethullah G\u00fclen\u2019le Cemaat mensubu \u015fah\u0131s aras\u0131nda ge\u00e7en o konu\u015fmalar\u0131 haberle\u015ftiren Sabah, Takvim ve Yeni Akit gazetelerine dava a\u00e7t\u0131.<\/p>\n<p style=\"text-align: justify;\"><strong>BASIN \u00d6ZG\u00dcRL\u00dc\u011e\u00dc NEREYE G\u0130TT\u0130?<\/strong><br \/>\nS\u00fcrekli olarak \u201cgazeteciler hapse at\u0131l\u0131yor\u201d, \u201cbas\u0131n bask\u0131 alt\u0131nda\u201d temal\u0131 haberlerin ve k\u00f6\u015fe yaz\u0131lar\u0131n\u0131n \u00e7\u0131kt\u0131\u011f\u0131 Do\u011fan Medya Grubu\u2019nun rakip gruplara, yapt\u0131klar\u0131 haber nedeniyle dava a\u00e7mas\u0131 samimiyetsizlik olarak yorumland\u0131.<\/p>\n<p style=\"text-align: justify;\"><strong>O MAN\u015eETLER\u0130 \u201cBASIN \u00d6ZG\u00dcRL\u00dc\u011e\u00dc\u201d \u015eEKL\u0130NDE M\u0130 A\u00c7IKLAMI\u015eLARDI?<\/strong><br \/>\n\u00d6te yandan; \u201cVay \u015eerefsiz\u201d, \u201c\u00c7irkin Afrikal\u0131\u201d, \u201c411 El Kaosa Kalkt\u0131\u201d, \u201cBeceremediniz Art\u0131k B\u0131rak\u0131n\u201d, \u201cGerekirse Silah Bile Kullan\u0131r\u0131z\u201d gibi T\u00fcrk medya tarihine kara leke olarak i\u015flenen man\u015fetleri atan Ayd\u0131n Do\u011fan\u2019\u0131n H\u00fcrriyet\u2019i, bu man\u015fetleri, \u201cbas\u0131n \u00f6zg\u00fcrl\u00fc\u011f\u00fc\u201dyle a\u00e7\u0131klabilecek kadar ileri gitmi\u015fti.<\/p>\n<p style=\"text-align: justify;\"><strong>HRANT D\u0130NK\u2019\u0130 \u00d6L\u00dcME G\u00d6T\u00dcREN MAN\u015eET VE K\u00d6\u015eE YAZILARI<\/strong><br \/>\nH\u00fcrriyet\u2019in att\u0131\u011f\u0131 \u201cSabiha G\u00f6k\u00e7en\u2019in 80 y\u0131ll\u0131k s\u0131rr\u0131\u201d man\u015fetinden sonra Hrant Dink\u2019i \u00f6l\u00fcme g\u00f6t\u00fcren s\u00fcre\u00e7 ba\u015flam\u0131\u015ft\u0131.<br \/>\nAtat\u00fcrk\u2019\u00fcn manevi k\u0131z\u0131 Sabiha G\u00f6k\u00e7en\u2019in Ermeni oldu\u011fu iddias\u0131 \u00f6nce Agos\u2019ta man\u015fet olmu\u015ftu.<br \/>\nDaha sonra H\u00fcrriyet bunu k\u00f6p\u00fcrtm\u00fc\u015f, Emin \u00c7\u00f6la\u015fan, Hasan Pulur ve Melih A\u015f\u0131k gibi isimler, haberin as\u0131l sahibi Hrant Dink\u2019e nefret k\u00f6r\u00fcklemi\u015fler, hedef g\u00f6stermi\u015flerdi.<\/p>\n<p style=\"text-align: justify;\"><strong>H\u00dcRR\u0130YET\u2019\u0130N BASIN \u00d6ZG\u00dcRL\u00dc\u011e\u00dc \u0130LKELER\u0130 (!)<\/strong><br \/>\nYalan, iftira, karalama kampanyalar\u0131, lin\u00e7 faaliyetleri, h\u00fck\u00fcmet d\u00fc\u015f\u00fcr\u00fcp, h\u00fck\u00fcmet kurma operasyonlar\u0131, toplumu kutupla\u015ft\u0131r\u0131p, halk\u0131n b\u00fcy\u00fck bir b\u00f6l\u00fcm\u00fcn\u00fc a\u015fa\u011f\u0131lay\u0131p, adeta ya\u015fama hakk\u0131 tan\u0131may\u0131p, sonra da bunu \u201cbas\u0131n \u00f6zg\u00fcrl\u00fc\u011f\u00fc\u201d ile a\u00e7\u0131klayan gazete ve TV kanallar\u0131n\u0131n sahibi Ayd\u0131n Do\u011fan\u2019\u0131n, a\u00e7\u0131k ve net \u015fekilde ortada olan konu\u015fma kay\u0131tlar\u0131n\u0131 haberle\u015ftiren Sabah, Takvim ve Yeni Akit\u2019e dava a\u00e7mas\u0131 tahamm\u00fcls\u00fczl\u00fck olarak yorumland\u0131.<br \/>\n\u201cBenim bas\u0131n\u0131m her t\u00fcrl\u00fc hukuksuzlu\u011fu yaps\u0131n, hi\u00e7bir etik de\u011fer tan\u0131mas\u0131n, \u00f6teki bas\u0131n sussun\u201d anlay\u0131\u015f\u0131 i\u00e7inde hareket eden Do\u011fan, tarihe not d\u00fc\u015f\u00fclecek bir samimiyet testinden daha s\u0131n\u0131fta kald\u0131.<br \/>\nDo\u011fan\u2019\u0131n dava dilek\u00e7esinde yer alan \u201cM\u00fcvekkilimiz 40 y\u0131la yak\u0131n s\u00fcredir medya sekt\u00f6r\u00fc i\u00e7erisindedir ve siyasi ama\u00e7lar ile sahibi oldu\u011fu gazeteleri hi\u00e7bir zaman kullanmam\u0131\u015ft\u0131r. Keza hi\u00e7 kimse ile daval\u0131lar\u0131n isnat etti\u011fi gibi kirli ittifaklar i\u00e7erisinde olmam\u0131\u015f ve yay\u0131n politikalar\u0131n\u0131 bu \u015fekilde \u015fekillendirmemi\u015ftir\u201d \u015feklindeki ifadeleri kamuoyu nezdinde inand\u0131r\u0131c\u0131 bulunmad\u0131.<br \/>\nZira \u00f6zellikle H\u00fcrriyet, \u015fimdiye kadar hep \u0131rk\u00e7\u0131, \u00f6tekile\u015ftirici, ba\u015fkas\u0131na ya\u015fam hakk\u0131 tan\u0131mayan, b\u00fct\u00fcn darbelerin yan\u0131nda olan stat\u00fckocu bir g\u00f6r\u00fcnt\u00fc vermi\u015fti.<\/p>\n<p style=\"text-align: justify;\"><strong>G\u00dcLEN\u2019\u0130N S\u00d6ZLER\u0130N\u0130 MAN\u015eET YAPMI\u015eTI<\/strong><br \/>\nH\u00fcrriyet Gazetesi, 28 \u015eubat d\u00f6neminde Refah-Yol H\u00fck\u00fcmeti\u2018nin y\u0131k\u0131lmas\u0131 i\u00e7in yap\u0131lan operasyonlara \u00e7anak tutmu\u015f, sergiledi\u011fi \u00fcst\u00fcn \u2018hizmeti\u2019, Fethullah G\u00fclen\u2019in s\u00f6zlerini man\u015fete \u00e7ekerek ta\u00e7land\u0131rm\u0131\u015ft\u0131.<\/p>\n<p style=\"text-align: justify;\"><strong>\u201cFETHULLAH G\u00dcLEN: BECEREMED\u0130N\u0130Z ARTIK BIRAKIN!\u201d<\/strong><br \/>\nG\u00fclen, Refah-Yol H\u00fck\u00fcmeti i\u00e7in o g\u00fcn \u201cBeceremediz,art\u0131k b\u0131rak\u0131n\u201d demi\u015fti. Operasyon ba\u015far\u0131l\u0131 olmu\u015f, h\u00fck\u00fcmet d\u00fc\u015f\u00fcr\u00fclm\u00fc\u015ft\u00fc.<\/p>\n<p style=\"text-align: justify;\"><em><strong>http:\/\/www.haberyolda.com\/2014\/02\/20\/aydin-dogandan-sabah-takvim-ve-akite-dava\/<\/strong><\/em><\/p>\n","protected":false},"excerpt":{"rendered":"<p>Fethullah G\u00fclen\u2019le ili\u015fkisi de\u015fifre olan Ayd\u0131n Do\u011fan, Sabah, Takvim ve Yeni Akit gazetelerine dava a\u00e7t\u0131. Fethullah G\u00fclen ile bir cemaat mensubu \u015fah\u0131s aras\u0131nda ge\u00e7en konu\u015fmalar\u0131n ortaya \u00e7\u0131kmas\u0131yla, Do\u011fan Grubu-Cemaat i\u015fbirli\u011fi de\u015fifre olmu\u015ftu. Ayd\u0131n Do\u011fan, s\u00f6z konusu konu\u015fmalarda ge\u00e7en kendisiyle ilgili ifadeleri yalanlayamad\u0131\u011f\u0131 gibi, \u201ctam olarak hat\u0131rlam\u0131yorum\u201d \u015feklinde tuhaf bir a\u00e7\u0131klama yapm\u0131\u015ft\u0131. RAK\u0130P MEDYAYA DAVA A\u00c7TI [&hellip;]<\/p>\n","protected":false},"author":7,"featured_media":0,"comment_status":"open","ping_status":"open","sticky":false,"template":"","format":"standard","meta":{"footnotes":""},"categories":[1],"tags":[],"class_list":["post-28549","post","type-post","status-publish","format-standard","hentry","category-haberler"],"yoast_head":"<!-- This site is optimized with the Yoast SEO plugin v26.6 - https:\/\/yoast.com\/wordpress\/plugins\/seo\/ -->\n<title>Ayd\u0131n Do\u011fan\u2019dan Sabah, Takvim ve Akit\u2019e Dava - Bati Ermenistan Ve Bati Ermenileri Sorunlari Ara\u015ftirmalar Merkezi<\/title>\n<meta name=\"robots\" content=\"index, follow, max-snippet:-1, max-image-preview:large, max-video-preview:-1\" \/>\n<link rel=\"canonical\" href=\"https:\/\/akunq.net\/tr\/?p=28549\" \/>\n<meta property=\"og:locale\" content=\"en_US\" \/>\n<meta property=\"og:type\" content=\"article\" \/>\n<meta property=\"og:title\" content=\"Ayd\u0131n Do\u011fan\u2019dan Sabah, Takvim ve Akit\u2019e Dava - Bati Ermenistan Ve Bati Ermenileri Sorunlari Ara\u015ftirmalar Merkezi\" \/>\n<meta property=\"og:description\" content=\"Fethullah G\u00fclen\u2019le ili\u015fkisi de\u015fifre olan Ayd\u0131n Do\u011fan, Sabah, Takvim ve Yeni Akit gazetelerine dava a\u00e7t\u0131. Fethullah G\u00fclen ile bir cemaat mensubu \u015fah\u0131s aras\u0131nda ge\u00e7en konu\u015fmalar\u0131n ortaya \u00e7\u0131kmas\u0131yla, Do\u011fan Grubu-Cemaat i\u015fbirli\u011fi de\u015fifre olmu\u015ftu. Ayd\u0131n Do\u011fan, s\u00f6z konusu konu\u015fmalarda ge\u00e7en kendisiyle ilgili ifadeleri yalanlayamad\u0131\u011f\u0131 gibi, \u201ctam olarak hat\u0131rlam\u0131yorum\u201d \u015feklinde tuhaf bir a\u00e7\u0131klama yapm\u0131\u015ft\u0131. RAK\u0130P MEDYAYA DAVA A\u00c7TI [&hellip;]\" \/>\n<meta property=\"og:url\" content=\"https:\/\/akunq.net\/tr\/?p=28549\" \/>\n<meta property=\"og:site_name\" content=\"Bati Ermenistan Ve Bati Ermenileri Sorunlari Ara\u015ftirmalar Merkezi\" \/>\n<meta property=\"article:published_time\" content=\"2014-02-21T08:30:18+00:00\" \/>\n<meta property=\"article:modified_time\" content=\"2014-02-21T08:30:37+00:00\" \/>\n<meta name=\"author\" content=\"admin\" \/>\n<meta name=\"twitter:card\" content=\"summary_large_image\" \/>\n<meta name=\"twitter:label1\" content=\"Written by\" \/>\n\t<meta name=\"twitter:data1\" content=\"admin\" \/>\n\t<meta name=\"twitter:label2\" content=\"Est. reading time\" \/>\n\t<meta name=\"twitter:data2\" content=\"3 minutes\" \/>\n<script type=\"application\/ld+json\" class=\"yoast-schema-graph\">{\"@context\":\"https:\/\/schema.org\",\"@graph\":[{\"@type\":\"WebPage\",\"@id\":\"https:\/\/akunq.net\/tr\/?p=28549\",\"url\":\"https:\/\/akunq.net\/tr\/?p=28549\",\"name\":\"Ayd\u0131n Do\u011fan\u2019dan Sabah, Takvim ve Akit\u2019e Dava - Bati Ermenistan Ve Bati Ermenileri Sorunlari Ara\u015ftirmalar Merkezi\",\"isPartOf\":{\"@id\":\"https:\/\/akunq.net\/tr\/#website\"},\"datePublished\":\"2014-02-21T08:30:18+00:00\",\"dateModified\":\"2014-02-21T08:30:37+00:00\",\"author\":{\"@id\":\"https:\/\/akunq.net\/tr\/#\/schema\/person\/096f1d38a12cce57fb855b485ed24c9e\"},\"breadcrumb\":{\"@id\":\"https:\/\/akunq.net\/tr\/?p=28549#breadcrumb\"},\"inLanguage\":\"en-US\",\"potentialAction\":[{\"@type\":\"ReadAction\",\"target\":[\"https:\/\/akunq.net\/tr\/?p=28549\"]}]},{\"@type\":\"BreadcrumbList\",\"@id\":\"https:\/\/akunq.net\/tr\/?p=28549#breadcrumb\",\"itemListElement\":[{\"@type\":\"ListItem\",\"position\":1,\"name\":\"Home\",\"item\":\"https:\/\/akunq.net\/tr\"},{\"@type\":\"ListItem\",\"position\":2,\"name\":\"Ayd\u0131n Do\u011fan\u2019dan Sabah, Takvim ve Akit\u2019e Dava\"}]},{\"@type\":\"WebSite\",\"@id\":\"https:\/\/akunq.net\/tr\/#website\",\"url\":\"https:\/\/akunq.net\/tr\/\",\"name\":\"Bati Ermenistan Ve Bati Ermenileri Sorunlari Ara\u015ftirmalar Merkezi\",\"description\":\"\",\"potentialAction\":[{\"@type\":\"SearchAction\",\"target\":{\"@type\":\"EntryPoint\",\"urlTemplate\":\"https:\/\/akunq.net\/tr\/?s={search_term_string}\"},\"query-input\":{\"@type\":\"PropertyValueSpecification\",\"valueRequired\":true,\"valueName\":\"search_term_string\"}}],\"inLanguage\":\"en-US\"},{\"@type\":\"Person\",\"@id\":\"https:\/\/akunq.net\/tr\/#\/schema\/person\/096f1d38a12cce57fb855b485ed24c9e\",\"name\":\"admin\",\"url\":\"https:\/\/akunq.net\/tr\/?author=7\"}]}<\/script>\n<!-- \/ Yoast SEO plugin. -->","yoast_head_json":{"title":"Ayd\u0131n Do\u011fan\u2019dan Sabah, Takvim ve Akit\u2019e Dava - Bati Ermenistan Ve Bati Ermenileri Sorunlari Ara\u015ftirmalar Merkezi","robots":{"index":"index","follow":"follow","max-snippet":"max-snippet:-1","max-image-preview":"max-image-preview:large","max-video-preview":"max-video-preview:-1"},"canonical":"https:\/\/akunq.net\/tr\/?p=28549","og_locale":"en_US","og_type":"article","og_title":"Ayd\u0131n Do\u011fan\u2019dan Sabah, Takvim ve Akit\u2019e Dava - Bati Ermenistan Ve Bati Ermenileri Sorunlari Ara\u015ftirmalar Merkezi","og_description":"Fethullah G\u00fclen\u2019le ili\u015fkisi de\u015fifre olan Ayd\u0131n Do\u011fan, Sabah, Takvim ve Yeni Akit gazetelerine dava a\u00e7t\u0131. Fethullah G\u00fclen ile bir cemaat mensubu \u015fah\u0131s aras\u0131nda ge\u00e7en konu\u015fmalar\u0131n ortaya \u00e7\u0131kmas\u0131yla, Do\u011fan Grubu-Cemaat i\u015fbirli\u011fi de\u015fifre olmu\u015ftu. Ayd\u0131n Do\u011fan, s\u00f6z konusu konu\u015fmalarda ge\u00e7en kendisiyle ilgili ifadeleri yalanlayamad\u0131\u011f\u0131 gibi, \u201ctam olarak hat\u0131rlam\u0131yorum\u201d \u015feklinde tuhaf bir a\u00e7\u0131klama yapm\u0131\u015ft\u0131. RAK\u0130P MEDYAYA DAVA A\u00c7TI [&hellip;]","og_url":"https:\/\/akunq.net\/tr\/?p=28549","og_site_name":"Bati Ermenistan Ve Bati Ermenileri Sorunlari Ara\u015ftirmalar Merkezi","article_published_time":"2014-02-21T08:30:18+00:00","article_modified_time":"2014-02-21T08:30:37+00:00","author":"admin","twitter_card":"summary_large_image","twitter_misc":{"Written by":"admin","Est. reading time":"3 minutes"},"schema":{"@context":"https:\/\/schema.org","@graph":[{"@type":"WebPage","@id":"https:\/\/akunq.net\/tr\/?p=28549","url":"https:\/\/akunq.net\/tr\/?p=28549","name":"Ayd\u0131n Do\u011fan\u2019dan Sabah, Takvim ve Akit\u2019e Dava - Bati Ermenistan Ve Bati Ermenileri Sorunlari Ara\u015ftirmalar Merkezi","isPartOf":{"@id":"https:\/\/akunq.net\/tr\/#website"},"datePublished":"2014-02-21T08:30:18+00:00","dateModified":"2014-02-21T08:30:37+00:00","author":{"@id":"https:\/\/akunq.net\/tr\/#\/schema\/person\/096f1d38a12cce57fb855b485ed24c9e"},"breadcrumb":{"@id":"https:\/\/akunq.net\/tr\/?p=28549#breadcrumb"},"inLanguage":"en-US","potentialAction":[{"@type":"ReadAction","target":["https:\/\/akunq.net\/tr\/?p=28549"]}]},{"@type":"BreadcrumbList","@id":"https:\/\/akunq.net\/tr\/?p=28549#breadcrumb","itemListElement":[{"@type":"ListItem","position":1,"name":"Home","item":"https:\/\/akunq.net\/tr"},{"@type":"ListItem","position":2,"name":"Ayd\u0131n Do\u011fan\u2019dan Sabah, Takvim ve Akit\u2019e Dava"}]},{"@type":"WebSite","@id":"https:\/\/akunq.net\/tr\/#website","url":"https:\/\/akunq.net\/tr\/","name":"Bati Ermenistan Ve Bati Ermenileri Sorunlari Ara\u015ftirmalar Merkezi","description":"","potentialAction":[{"@type":"SearchAction","target":{"@type":"EntryPoint","urlTemplate":"https:\/\/akunq.net\/tr\/?s={search_term_string}"},"query-input":{"@type":"PropertyValueSpecification","valueRequired":true,"valueName":"search_term_string"}}],"inLanguage":"en-US"},{"@type":"Person","@id":"https:\/\/akunq.net\/tr\/#\/schema\/person\/096f1d38a12cce57fb855b485ed24c9e","name":"admin","url":"https:\/\/akunq.net\/tr\/?author=7"}]}},"_links":{"self":[{"href":"https:\/\/akunq.net\/tr\/index.php?rest_route=\/wp\/v2\/posts\/28549","targetHints":{"allow":["GET"]}}],"collection":[{"href":"https:\/\/akunq.net\/tr\/index.php?rest_route=\/wp\/v2\/posts"}],"about":[{"href":"https:\/\/akunq.net\/tr\/index.php?rest_route=\/wp\/v2\/types\/post"}],"author":[{"embeddable":true,"href":"https:\/\/akunq.net\/tr\/index.php?rest_route=\/wp\/v2\/users\/7"}],"replies":[{"embeddable":true,"href":"https:\/\/akunq.net\/tr\/index.php?rest_route=%2Fwp%2Fv2%2Fcomments&post=28549"}],"version-history":[{"count":2,"href":"https:\/\/akunq.net\/tr\/index.php?rest_route=\/wp\/v2\/posts\/28549\/revisions"}],"predecessor-version":[{"id":28552,"href":"https:\/\/akunq.net\/tr\/index.php?rest_route=\/wp\/v2\/posts\/28549\/revisions\/28552"}],"wp:attachment":[{"href":"https:\/\/akunq.net\/tr\/index.php?rest_route=%2Fwp%2Fv2%2Fmedia&parent=28549"}],"wp:term":[{"taxonomy":"category","embeddable":true,"href":"https:\/\/akunq.net\/tr\/index.php?rest_route=%2Fwp%2Fv2%2Fcategories&post=28549"},{"taxonomy":"post_tag","embeddable":true,"href":"https:\/\/akunq.net\/tr\/index.php?rest_route=%2Fwp%2Fv2%2Ftags&post=28549"}],"curies":[{"name":"wp","href":"https:\/\/api.w.org\/{rel}","templated":true}]}}