{"id":28543,"date":"2014-02-21T01:49:23","date_gmt":"2014-02-21T06:49:23","guid":{"rendered":"http:\/\/akunq.net\/tr\/?p=28543"},"modified":"2014-02-21T01:49:23","modified_gmt":"2014-02-21T06:49:23","slug":"sevan-nisanyana-kapali-cezaevi-tehdidi","status":"publish","type":"post","link":"https:\/\/akunq.net\/tr\/?p=28543","title":{"rendered":"Sevan Ni\u015fanyan&#8217;a kapal\u0131 cezaevi tehdidi"},"content":{"rendered":"<p style=\"text-align: justify;\"><em><strong><a href=\"http:\/\/akunq.net\/tr\/?attachment_id=28544\" rel=\"attachment wp-att-28544\"><img loading=\"lazy\" decoding=\"async\" class=\"alignright size-full wp-image-28544\" alt=\"Sevan Nisanyan\" src=\"http:\/\/akunq.net\/tr\/wp-content\/uploads\/2014\/02\/Sevan-Nisanyan.jpg\" width=\"256\" height=\"256\" srcset=\"https:\/\/akunq.net\/tr\/wp-content\/uploads\/sites\/6\/2014\/02\/Sevan-Nisanyan.jpg 256w, https:\/\/akunq.net\/tr\/wp-content\/uploads\/sites\/6\/2014\/02\/Sevan-Nisanyan-150x150.jpg 150w\" sizes=\"auto, (max-width: 256px) 100vw, 256px\" \/><\/a>Ayr\u0131mc\u0131 uygulamalara maruz kald\u0131\u011f\u0131 ortaya \u00e7\u0131kt\u0131\u2026<\/strong><\/em><\/p>\n<p style=\"text-align: justify;\"><strong>HRANT KASPARYAN<\/strong><br \/>\nYazar, d\u00fc\u015f\u00fcn\u00fcr, turizmci Sevan Ni\u015fanyan\u2019\u0131n \u0130zmir\u2019in \u015eirince K\u00f6y\u00fc\u2019ndeki kendi arazisi \u00fczerine yapt\u0131\u011f\u0131 40 metrekarelik bir yap\u0131 nedeniyle hapis cezas\u0131na mahk\u00fbm edilmesi ve tutuklanarak hapse konulmas\u0131na kamuoyundan ve uluslararas\u0131 \u0130nsan Haklar\u0131 \u00f6rg\u00fctlerinden tepki gelirken, Ni\u015fanyan\u2019\u0131n tutuklu bulundu\u011fu Torbal\u0131 Cezaevi\u2019nde ayr\u0131mc\u0131 uygulamalara maruz kald\u0131\u011f\u0131 ortaya \u00e7\u0131kt\u0131.<br \/>\n2 Ocak 2014\u2019ten bu yana Torbal\u0131 Cezaevi\u2019nde bulunan Sevan Ni\u015fanyan, a\u00e7\u0131k cezaevi h\u00fck\u00fcml\u00fclerine uygulanan ko\u015fullar\u0131n kendisine uygulanmad\u0131\u011f\u0131n\u0131, \u201cyukar\u0131dan gelen talimatla\u201d ayr\u0131mc\u0131 bir tutuma maruz kald\u0131\u011f\u0131n\u0131 ifade etti. Ni\u015fanyan, gazeteci-yazar Hasan Cemal\u2019in yazd\u0131\u011f\u0131 makaleye at\u0131fta bulunarak, Hasan Cemal\u2019e hitaben yazd\u0131\u011f\u0131 mektubunda \u015funlar\u0131 kaydetti: \u201cCezaevine girdi\u011fim g\u00fcnlerde yazd\u0131\u011f\u0131n \u2018Sevan Ni\u015fanyan yar\u0131n hapse giriyor, haberiniz var m\u0131?\u2019 ba\u015fl\u0131kl\u0131 yaz\u0131da bilgisayar\u0131m\u0131n verilmesi i\u00e7in yapt\u0131\u011f\u0131n \u00e7a\u011fr\u0131 bana iyimserlik vermi\u015fti. Aradan ge\u00e7en bir bu\u00e7uk ayda o iyimserlikten eser kalmad\u0131.\u201d<br \/>\nNi\u015fanyan mektubunda \u015fu ifadelere yer verdi:<br \/>\n\u201cBuraya ilk geldi\u011fimde g\u00fcler y\u00fczle kar\u015f\u0131land\u0131m. \u2018Yazar bey gelmi\u015f, ho\u015f gelmi\u015f.\u2019 Cezaevi m\u00fcd\u00fcr\u00fc iki \u00fc\u00e7 kez \u00e7a\u011f\u0131rd\u0131, sohbetler edildi. K\u00fct\u00fcphanenin \u0131slah\u0131 i\u00e7in \u00e7al\u0131\u015fmay\u0131 teklif ettim. Olumlu bulundu, k\u00fct\u00fcphane g\u00f6revlisi atand\u0131m. \u2018Bana ikiye iki metre bir k\u00f6\u015fe, bir de bilgisayar verin, kitab\u0131ma \u00e7al\u0131\u015fay\u0131m, bu musibetten bir hay\u0131r do\u011fsun\u2019 dedim, \u2018Neden olmas\u0131n\u2019 dediler. \u0130nternet bile belki halledilir sinyali verdiler.<\/p>\n<p style=\"text-align: justify;\"><strong>KAPALI CEZAEV\u0130 TEHD\u0130D\u0130<\/strong><br \/>\n\u00dc\u00e7 g\u00fcn sonra yukar\u0131dan telefon geldi, havalar de\u011fi\u015fti. Suratlar as\u0131ld\u0131. G\u00f6zler ka\u00e7\u0131r\u0131lmaya, karanl\u0131k s\u00f6zler s\u00f6ylenmeye ba\u015flad\u0131. Tadilat\u0131 biter bitmez k\u00fct\u00fcphane kilitlendi. G\u00f6revime son verildi. Bilgisayar talebime ret cevab\u0131 geldi. G\u00f6zda\u011f\u0131 verdiler: \u2018Aya\u011f\u0131n\u0131 denk al, ilk yanl\u0131\u015f\u0131nda kapal\u0131ya gidersin.\u2019 A\u00e7\u0131k cezaevinde mahk\u00fbmlar\u0131n d\u0131\u015far\u0131da bir kamu kurulu\u015funda \u00e7al\u0131\u015fma hakk\u0131 var. Ona da set \u00e7ekildi. \u2018Amele olmak istersen belediye mezarl\u0131\u011f\u0131na g\u00f6ndeririz\u2019 dediler. Ba\u015fka i\u015f yokmu\u015f.<br \/>\nBir\u00e7ok cezaevinde bilgisayar kullanan mahk\u00fbmlar oldu\u011funu biliyorum. 2001\u2019de Sel\u00e7uk Kapal\u0131 Cezaevi\u2019nde bilgisayar\u0131ma izin verilmi\u015fti. On ay boyunca s\u00f6zl\u00fc\u011f\u00fcm\u00fc haz\u0131rlamak i\u00e7in \u00e7al\u0131\u015fm\u0131\u015ft\u0131m. Ya\u015fayan bilir, mahk\u00fbmla idare aras\u0131nda diyalog olduktan sonra bilgisayardan \u00e7ok fazlas\u0131 da olur. Yeter ki iyi niyet olsun. \u0130yi niyet yoklu\u011funun yerelden kaynakland\u0131\u011f\u0131n\u0131 sanm\u0131yorum. \u0130lk g\u00fcnlerdeki tav\u0131rlar\u0131 yap\u0131c\u0131 bir diyalo\u011fun m\u00fcmk\u00fcn oldu\u011fu izlenimini do\u011furmu\u015ftu.<br \/>\nSan\u0131r\u0131m yukar\u0131dan bir yerden talimat geldi. \u2018Bu adam\u0131n burnu s\u00fcrt\u00fclecek\u2019 denildi. Adalet Bakanl\u0131\u011f\u0131 b\u00fcrokrasisi midir, daha yukar\u0131s\u0131 m\u0131, emin de\u011filim. \u015eimdiki Adalet Bakan\u0131 Bekir Bozda\u011f, yazd\u0131\u011f\u0131m bir fikir yaz\u0131s\u0131ndan \u00f6t\u00fcr\u00fc bana, \u2018hasta ruhlu insan\u2019, \u2018hezeyan\u2019, \u201cbu \u00e7a\u011f\u0131n Ebu Cehil\u2019i\u201d, \u2018psikolojik dengesi bozuk\u2019 s\u00f6zleriyle y\u00fcklenmi\u015f, tehdit edici bir dille o d\u00f6nemde hen\u00fcz kendisine do\u011frudan ba\u011fl\u0131 olmayan savc\u0131lar\u0131 g\u00f6reve \u00e7a\u011f\u0131rm\u0131\u015ft\u0131. Acaba \u015fu anki tutumla bunun ilgisi olabilir mi diye akl\u0131ma gelmiyor de\u011fil.\u201d<\/p>\n<p style=\"text-align: justify;\"><em><strong>http:\/\/www.demokrathaber.net\/guncel\/sevan-nisanyana-kapali-cezaevi-tehdidi-h28668.html<\/strong><\/em><\/p>\n","protected":false},"excerpt":{"rendered":"<p>Ayr\u0131mc\u0131 uygulamalara maruz kald\u0131\u011f\u0131 ortaya \u00e7\u0131kt\u0131\u2026 HRANT KASPARYAN Yazar, d\u00fc\u015f\u00fcn\u00fcr, turizmci Sevan Ni\u015fanyan\u2019\u0131n \u0130zmir\u2019in \u015eirince K\u00f6y\u00fc\u2019ndeki kendi arazisi \u00fczerine yapt\u0131\u011f\u0131 40 metrekarelik bir yap\u0131 nedeniyle hapis cezas\u0131na mahk\u00fbm edilmesi ve tutuklanarak hapse konulmas\u0131na kamuoyundan ve uluslararas\u0131 \u0130nsan Haklar\u0131 \u00f6rg\u00fctlerinden tepki gelirken, Ni\u015fanyan\u2019\u0131n tutuklu bulundu\u011fu Torbal\u0131 Cezaevi\u2019nde ayr\u0131mc\u0131 uygulamalara maruz kald\u0131\u011f\u0131 ortaya \u00e7\u0131kt\u0131. 2 Ocak 2014\u2019ten [&hellip;]<\/p>\n","protected":false},"author":7,"featured_media":0,"comment_status":"open","ping_status":"open","sticky":false,"template":"","format":"standard","meta":{"footnotes":""},"categories":[1],"tags":[],"class_list":["post-28543","post","type-post","status-publish","format-standard","hentry","category-haberler"],"yoast_head":"<!-- This site is optimized with the Yoast SEO plugin v26.6 - https:\/\/yoast.com\/wordpress\/plugins\/seo\/ -->\n<title>Sevan Ni\u015fanyan&#039;a kapal\u0131 cezaevi tehdidi - Bati Ermenistan Ve Bati Ermenileri Sorunlari Ara\u015ftirmalar Merkezi<\/title>\n<meta name=\"robots\" content=\"index, follow, max-snippet:-1, max-image-preview:large, max-video-preview:-1\" \/>\n<link rel=\"canonical\" href=\"https:\/\/akunq.net\/tr\/?p=28543\" \/>\n<meta property=\"og:locale\" content=\"en_US\" \/>\n<meta property=\"og:type\" content=\"article\" \/>\n<meta property=\"og:title\" content=\"Sevan Ni\u015fanyan&#039;a kapal\u0131 cezaevi tehdidi - Bati Ermenistan Ve Bati Ermenileri Sorunlari Ara\u015ftirmalar Merkezi\" \/>\n<meta property=\"og:description\" content=\"Ayr\u0131mc\u0131 uygulamalara maruz kald\u0131\u011f\u0131 ortaya \u00e7\u0131kt\u0131\u2026 HRANT KASPARYAN Yazar, d\u00fc\u015f\u00fcn\u00fcr, turizmci Sevan Ni\u015fanyan\u2019\u0131n \u0130zmir\u2019in \u015eirince K\u00f6y\u00fc\u2019ndeki kendi arazisi \u00fczerine yapt\u0131\u011f\u0131 40 metrekarelik bir yap\u0131 nedeniyle hapis cezas\u0131na mahk\u00fbm edilmesi ve tutuklanarak hapse konulmas\u0131na kamuoyundan ve uluslararas\u0131 \u0130nsan Haklar\u0131 \u00f6rg\u00fctlerinden tepki gelirken, Ni\u015fanyan\u2019\u0131n tutuklu bulundu\u011fu Torbal\u0131 Cezaevi\u2019nde ayr\u0131mc\u0131 uygulamalara maruz kald\u0131\u011f\u0131 ortaya \u00e7\u0131kt\u0131. 2 Ocak 2014\u2019ten [&hellip;]\" \/>\n<meta property=\"og:url\" content=\"https:\/\/akunq.net\/tr\/?p=28543\" \/>\n<meta property=\"og:site_name\" content=\"Bati Ermenistan Ve Bati Ermenileri Sorunlari Ara\u015ftirmalar Merkezi\" \/>\n<meta property=\"article:published_time\" content=\"2014-02-21T06:49:23+00:00\" \/>\n<meta property=\"og:image\" content=\"http:\/\/akunq.net\/tr\/wp-content\/uploads\/2014\/02\/Sevan-Nisanyan.jpg\" \/>\n<meta name=\"author\" content=\"admin\" \/>\n<meta name=\"twitter:card\" content=\"summary_large_image\" \/>\n<meta name=\"twitter:label1\" content=\"Written by\" \/>\n\t<meta name=\"twitter:data1\" content=\"admin\" \/>\n\t<meta name=\"twitter:label2\" content=\"Est. reading time\" \/>\n\t<meta name=\"twitter:data2\" content=\"3 minutes\" \/>\n<script type=\"application\/ld+json\" class=\"yoast-schema-graph\">{\"@context\":\"https:\/\/schema.org\",\"@graph\":[{\"@type\":\"WebPage\",\"@id\":\"https:\/\/akunq.net\/tr\/?p=28543\",\"url\":\"https:\/\/akunq.net\/tr\/?p=28543\",\"name\":\"Sevan Ni\u015fanyan'a kapal\u0131 cezaevi tehdidi - Bati Ermenistan Ve Bati Ermenileri Sorunlari Ara\u015ftirmalar Merkezi\",\"isPartOf\":{\"@id\":\"https:\/\/akunq.net\/tr\/#website\"},\"primaryImageOfPage\":{\"@id\":\"https:\/\/akunq.net\/tr\/?p=28543#primaryimage\"},\"image\":{\"@id\":\"https:\/\/akunq.net\/tr\/?p=28543#primaryimage\"},\"thumbnailUrl\":\"http:\/\/akunq.net\/tr\/wp-content\/uploads\/2014\/02\/Sevan-Nisanyan.jpg\",\"datePublished\":\"2014-02-21T06:49:23+00:00\",\"author\":{\"@id\":\"https:\/\/akunq.net\/tr\/#\/schema\/person\/096f1d38a12cce57fb855b485ed24c9e\"},\"breadcrumb\":{\"@id\":\"https:\/\/akunq.net\/tr\/?p=28543#breadcrumb\"},\"inLanguage\":\"en-US\",\"potentialAction\":[{\"@type\":\"ReadAction\",\"target\":[\"https:\/\/akunq.net\/tr\/?p=28543\"]}]},{\"@type\":\"ImageObject\",\"inLanguage\":\"en-US\",\"@id\":\"https:\/\/akunq.net\/tr\/?p=28543#primaryimage\",\"url\":\"https:\/\/akunq.net\/tr\/wp-content\/uploads\/sites\/6\/2014\/02\/Sevan-Nisanyan.jpg\",\"contentUrl\":\"https:\/\/akunq.net\/tr\/wp-content\/uploads\/sites\/6\/2014\/02\/Sevan-Nisanyan.jpg\",\"width\":256,\"height\":256},{\"@type\":\"BreadcrumbList\",\"@id\":\"https:\/\/akunq.net\/tr\/?p=28543#breadcrumb\",\"itemListElement\":[{\"@type\":\"ListItem\",\"position\":1,\"name\":\"Home\",\"item\":\"https:\/\/akunq.net\/tr\"},{\"@type\":\"ListItem\",\"position\":2,\"name\":\"Sevan Ni\u015fanyan&#8217;a kapal\u0131 cezaevi tehdidi\"}]},{\"@type\":\"WebSite\",\"@id\":\"https:\/\/akunq.net\/tr\/#website\",\"url\":\"https:\/\/akunq.net\/tr\/\",\"name\":\"Bati Ermenistan Ve Bati Ermenileri Sorunlari Ara\u015ftirmalar Merkezi\",\"description\":\"\",\"potentialAction\":[{\"@type\":\"SearchAction\",\"target\":{\"@type\":\"EntryPoint\",\"urlTemplate\":\"https:\/\/akunq.net\/tr\/?s={search_term_string}\"},\"query-input\":{\"@type\":\"PropertyValueSpecification\",\"valueRequired\":true,\"valueName\":\"search_term_string\"}}],\"inLanguage\":\"en-US\"},{\"@type\":\"Person\",\"@id\":\"https:\/\/akunq.net\/tr\/#\/schema\/person\/096f1d38a12cce57fb855b485ed24c9e\",\"name\":\"admin\",\"url\":\"https:\/\/akunq.net\/tr\/?author=7\"}]}<\/script>\n<!-- \/ Yoast SEO plugin. -->","yoast_head_json":{"title":"Sevan Ni\u015fanyan'a kapal\u0131 cezaevi tehdidi - Bati Ermenistan Ve Bati Ermenileri Sorunlari Ara\u015ftirmalar Merkezi","robots":{"index":"index","follow":"follow","max-snippet":"max-snippet:-1","max-image-preview":"max-image-preview:large","max-video-preview":"max-video-preview:-1"},"canonical":"https:\/\/akunq.net\/tr\/?p=28543","og_locale":"en_US","og_type":"article","og_title":"Sevan Ni\u015fanyan'a kapal\u0131 cezaevi tehdidi - Bati Ermenistan Ve Bati Ermenileri Sorunlari Ara\u015ftirmalar Merkezi","og_description":"Ayr\u0131mc\u0131 uygulamalara maruz kald\u0131\u011f\u0131 ortaya \u00e7\u0131kt\u0131\u2026 HRANT KASPARYAN Yazar, d\u00fc\u015f\u00fcn\u00fcr, turizmci Sevan Ni\u015fanyan\u2019\u0131n \u0130zmir\u2019in \u015eirince K\u00f6y\u00fc\u2019ndeki kendi arazisi \u00fczerine yapt\u0131\u011f\u0131 40 metrekarelik bir yap\u0131 nedeniyle hapis cezas\u0131na mahk\u00fbm edilmesi ve tutuklanarak hapse konulmas\u0131na kamuoyundan ve uluslararas\u0131 \u0130nsan Haklar\u0131 \u00f6rg\u00fctlerinden tepki gelirken, Ni\u015fanyan\u2019\u0131n tutuklu bulundu\u011fu Torbal\u0131 Cezaevi\u2019nde ayr\u0131mc\u0131 uygulamalara maruz kald\u0131\u011f\u0131 ortaya \u00e7\u0131kt\u0131. 2 Ocak 2014\u2019ten [&hellip;]","og_url":"https:\/\/akunq.net\/tr\/?p=28543","og_site_name":"Bati Ermenistan Ve Bati Ermenileri Sorunlari Ara\u015ftirmalar Merkezi","article_published_time":"2014-02-21T06:49:23+00:00","og_image":[{"url":"http:\/\/akunq.net\/tr\/wp-content\/uploads\/2014\/02\/Sevan-Nisanyan.jpg","type":"","width":"","height":""}],"author":"admin","twitter_card":"summary_large_image","twitter_misc":{"Written by":"admin","Est. reading time":"3 minutes"},"schema":{"@context":"https:\/\/schema.org","@graph":[{"@type":"WebPage","@id":"https:\/\/akunq.net\/tr\/?p=28543","url":"https:\/\/akunq.net\/tr\/?p=28543","name":"Sevan Ni\u015fanyan'a kapal\u0131 cezaevi tehdidi - Bati Ermenistan Ve Bati Ermenileri Sorunlari Ara\u015ftirmalar Merkezi","isPartOf":{"@id":"https:\/\/akunq.net\/tr\/#website"},"primaryImageOfPage":{"@id":"https:\/\/akunq.net\/tr\/?p=28543#primaryimage"},"image":{"@id":"https:\/\/akunq.net\/tr\/?p=28543#primaryimage"},"thumbnailUrl":"http:\/\/akunq.net\/tr\/wp-content\/uploads\/2014\/02\/Sevan-Nisanyan.jpg","datePublished":"2014-02-21T06:49:23+00:00","author":{"@id":"https:\/\/akunq.net\/tr\/#\/schema\/person\/096f1d38a12cce57fb855b485ed24c9e"},"breadcrumb":{"@id":"https:\/\/akunq.net\/tr\/?p=28543#breadcrumb"},"inLanguage":"en-US","potentialAction":[{"@type":"ReadAction","target":["https:\/\/akunq.net\/tr\/?p=28543"]}]},{"@type":"ImageObject","inLanguage":"en-US","@id":"https:\/\/akunq.net\/tr\/?p=28543#primaryimage","url":"https:\/\/akunq.net\/tr\/wp-content\/uploads\/sites\/6\/2014\/02\/Sevan-Nisanyan.jpg","contentUrl":"https:\/\/akunq.net\/tr\/wp-content\/uploads\/sites\/6\/2014\/02\/Sevan-Nisanyan.jpg","width":256,"height":256},{"@type":"BreadcrumbList","@id":"https:\/\/akunq.net\/tr\/?p=28543#breadcrumb","itemListElement":[{"@type":"ListItem","position":1,"name":"Home","item":"https:\/\/akunq.net\/tr"},{"@type":"ListItem","position":2,"name":"Sevan Ni\u015fanyan&#8217;a kapal\u0131 cezaevi tehdidi"}]},{"@type":"WebSite","@id":"https:\/\/akunq.net\/tr\/#website","url":"https:\/\/akunq.net\/tr\/","name":"Bati Ermenistan Ve Bati Ermenileri Sorunlari Ara\u015ftirmalar Merkezi","description":"","potentialAction":[{"@type":"SearchAction","target":{"@type":"EntryPoint","urlTemplate":"https:\/\/akunq.net\/tr\/?s={search_term_string}"},"query-input":{"@type":"PropertyValueSpecification","valueRequired":true,"valueName":"search_term_string"}}],"inLanguage":"en-US"},{"@type":"Person","@id":"https:\/\/akunq.net\/tr\/#\/schema\/person\/096f1d38a12cce57fb855b485ed24c9e","name":"admin","url":"https:\/\/akunq.net\/tr\/?author=7"}]}},"_links":{"self":[{"href":"https:\/\/akunq.net\/tr\/index.php?rest_route=\/wp\/v2\/posts\/28543","targetHints":{"allow":["GET"]}}],"collection":[{"href":"https:\/\/akunq.net\/tr\/index.php?rest_route=\/wp\/v2\/posts"}],"about":[{"href":"https:\/\/akunq.net\/tr\/index.php?rest_route=\/wp\/v2\/types\/post"}],"author":[{"embeddable":true,"href":"https:\/\/akunq.net\/tr\/index.php?rest_route=\/wp\/v2\/users\/7"}],"replies":[{"embeddable":true,"href":"https:\/\/akunq.net\/tr\/index.php?rest_route=%2Fwp%2Fv2%2Fcomments&post=28543"}],"version-history":[{"count":1,"href":"https:\/\/akunq.net\/tr\/index.php?rest_route=\/wp\/v2\/posts\/28543\/revisions"}],"predecessor-version":[{"id":28545,"href":"https:\/\/akunq.net\/tr\/index.php?rest_route=\/wp\/v2\/posts\/28543\/revisions\/28545"}],"wp:attachment":[{"href":"https:\/\/akunq.net\/tr\/index.php?rest_route=%2Fwp%2Fv2%2Fmedia&parent=28543"}],"wp:term":[{"taxonomy":"category","embeddable":true,"href":"https:\/\/akunq.net\/tr\/index.php?rest_route=%2Fwp%2Fv2%2Fcategories&post=28543"},{"taxonomy":"post_tag","embeddable":true,"href":"https:\/\/akunq.net\/tr\/index.php?rest_route=%2Fwp%2Fv2%2Ftags&post=28543"}],"curies":[{"name":"wp","href":"https:\/\/api.w.org\/{rel}","templated":true}]}}