{"id":27978,"date":"2014-01-18T03:12:21","date_gmt":"2014-01-18T08:12:21","guid":{"rendered":"http:\/\/akunq.net\/tr\/?p=27978"},"modified":"2014-01-18T03:12:40","modified_gmt":"2014-01-18T08:12:40","slug":"the-economist-turkiyenin-ab-muzakereleri-askiya-alinabilir","status":"publish","type":"post","link":"https:\/\/akunq.net\/tr\/?p=27978","title":{"rendered":"The Economist: T\u00fcrkiye&#8217;nin AB m\u00fczakereleri ask\u0131ya al\u0131nabilir"},"content":{"rendered":"<p style=\"text-align: justify;\"><b><i><a href=\"http:\/\/akunq.net\/tr\/wp-content\/uploads\/2014\/01\/\u0539\u0578\u0582\u0580\u0584\u056b\u0561-\u0535\u0544.jpg\"><img loading=\"lazy\" decoding=\"async\" class=\"alignright size-medium wp-image-27979\" alt=\"\u0539\u0578\u0582\u0580\u0584\u056b\u0561-\u0535\u0544\" src=\"http:\/\/akunq.net\/tr\/wp-content\/uploads\/2014\/01\/\u0539\u0578\u0582\u0580\u0584\u056b\u0561-\u0535\u0544-300x203.jpg\" width=\"300\" height=\"203\" srcset=\"https:\/\/akunq.net\/tr\/wp-content\/uploads\/sites\/6\/2014\/01\/\u0539\u0578\u0582\u0580\u0584\u056b\u0561-\u0535\u0544-300x203.jpg 300w, https:\/\/akunq.net\/tr\/wp-content\/uploads\/sites\/6\/2014\/01\/\u0539\u0578\u0582\u0580\u0584\u056b\u0561-\u0535\u0544.jpg 310w\" sizes=\"auto, (max-width: 300px) 100vw, 300px\" \/><\/a>Haftal\u0131k periyotla yay\u0131nlanan \u0130ngiliz dergisi The Economist, T\u00fcrkiye&#8217;deki &#8216;g\u00fc\u00e7 m\u00fccadelesi&#8217;nin, \u00fclkenin AB&#8217;ye \u00fcyelik umutlar\u0131n\u0131 tamamen \u00e7\u00f6kertebilece\u011fini ve h\u00fck\u00fcmetin yarg\u0131ya y\u00f6nelik m\u00fcdahaleleri nedeniyle, &#8216;AB m\u00fczakerelerinin ask\u0131ya al\u0131nabilece\u011fini yazd\u0131.<\/i><\/b><\/p>\n<p style=\"text-align: justify;\"><b>Radikal.com.tr \u2013 <\/b>\u0130ngiltere\u2019de yay\u0131nlanan The Economist dergisinde, <a href=\"http:\/\/www.radikal.com.tr\/index\/Turkiye\">T\u00fcrkiye<\/a> \u2019deki h\u00fck\u00fcmet, yarg\u0131 ve demokrasi tart\u0131\u015fmalar\u0131n\u0131n, Avrupa Birli\u011fi \u00fcyelik s\u00fcrecine \u2018olas\u0131 etkileri\u2019 a\u00e7\u0131s\u0131ndan tart\u0131\u015f\u0131ld\u0131\u011f\u0131 bir yaz\u0131 yay\u0131nland\u0131.<\/p>\n<p style=\"text-align: justify;\">\u00dclke i\u00e7indeki \u2018g\u00fc\u00e7 m\u00fccadelesinin\u2019 T\u00fcrkiye\u2019nin AB\u2019ye \u00fcyelik umutlar\u0131n\u0131 \u00e7\u00f6kertebilece\u011fi\u2019 ifadesini kullanan Economist dergisine g\u00f6re, \u201cy\u0131llar boyu g\u00fc\u00e7l\u00fc bir b\u00fcy\u00fcme kaydeden ve siyasi reformlar yapan T\u00fcrkiye, Ba\u015fbakan <a href=\"http:\/\/www.radikal.com.tr\/index\/Recep-Tayyip-Erdogan\">Recep Tayyip Erdo\u011fan<\/a> \u2019\u0131n \u2018otoriter\u2019 yakla\u015f\u0131m\u0131yla art\u0131k geriye do\u011fru gidiyor.\u201d<\/p>\n<p style=\"text-align: justify;\">BBC T\u00fcrk\u00e7e servisinin aktard\u0131\u011f\u0131na g\u00f6re, derginin, haberlerle ilgili k\u0131sa makalelerin topland\u0131\u011f\u0131 \u2018Charlemagne\u2019 k\u00f6\u015fesinde yer alan yaz\u0131da, yarg\u0131 makam\u0131 \u00fczerindeki denetimini art\u0131ran Erdo\u011fan\u2019\u0131n, \u201cKendi i\u00e7indeki d\u00fc\u015fman\u0131n k\u00f6k\u00fcn\u00fc kuruturken T\u00fcrkiye\u2019nin AB\u2019ye \u00fcyeli\u011fine girme \u015fans\u0131n\u0131 da tehlikeye at\u0131yor\u201d yorumu yap\u0131l\u0131yor.<\/p>\n<p style=\"text-align: justify;\">Dergide, yaz\u0131n\u0131n i\u00e7eri\u011fi kadar kullan\u0131lan karikat\u00fcr de dikkat \u00e7ekici.<\/p>\n<p style=\"text-align: justify;\">Peter Schrank\u2019\u0131n imzas\u0131n\u0131 ta\u015f\u0131yan karikat\u00fcrde, Ba\u015fbakan Erdo\u011fan \u00fczerinde T\u00fcrk bayra\u011f\u0131 olan bir \u00f6nl\u00fckle, \u00fczerinde \u2018Demokrasi\u2019 yazan bir d\u00f6ner kebab\u0131 kesiyor ve kar\u015f\u0131s\u0131ndaki bir AB yetkilisi de memnuniyetsiz bir ifadeyle onu izliyor. Mek\u00e2n olarak \u0130stanbul\u2019un se\u00e7ildi\u011fi arka plandaki cami g\u00f6r\u00fcnt\u00fcs\u00fcyle vurgulanan karikat\u00fcrde, Erdo\u011fan\u2019\u0131n d\u00f6ner kesti\u011fi yerde \u2018Erdo\u011fan\u2019\u0131n D\u00f6ner Kebap\u00e7\u0131s\u0131\u2019 levhas\u0131 as\u0131l\u0131.<\/p>\n<p style=\"text-align: justify;\"><b>&#8216;ESK\u0130DEN OLSA TANKLAR SOKAKLARDA OLURDU&#8217;<\/b><\/p>\n<p style=\"text-align: justify;\">Economist dergisi, T\u00fcrkiye\u2019nin son bir y\u0131l i\u00e7inde, \u2018protestolara, yolsuzluk skandallar\u0131na, polis ve yarg\u0131n\u0131n tasfiyesine, d\u0131\u015f komplo paranoyas\u0131na, ekonomik durgunlu\u011fa ve toplumun daha fazla \u0130slamla\u015fmas\u0131na tan\u0131kl\u0131k etti\u011fini\u2019 aktar\u0131yor ve \u00fclkenin i\u00e7inde bulundu\u011fu bu \u00e7alkant\u0131l\u0131 d\u00f6nem i\u00e7in \u201cBa\u015fka bir d\u00f6nem olsayd\u0131, tanklar \u015fimdi Ankara ve \u0130stanbul sokaklar\u0131nda olurdu\u201d diyor.<\/p>\n<p style=\"text-align: justify;\">Dergi, bu yorumunu \u015f\u00f6yle detayland\u0131r\u0131yor:<\/p>\n<p style=\"text-align: justify;\">\u201cBu \u00e7alkant\u0131l\u0131 d\u00f6nemde, T\u00fcrkiye\u2019nin askerleri hi\u00e7 \u015f\u00fcphesiz ba\u015far\u0131s\u0131z siyaset\u00e7ileri bir kenara s\u00fcp\u00fcrme (daha \u00f6nce d\u00f6rt defa yapt\u0131klar\u0131 gibi) hevesinde olurdu. Generallerin k\u0131\u015flalar\u0131nda, \u00e7o\u011funun da hapishanede olmalar\u0131 demokratik ilerlemenin bir i\u015faretidir. Ama g\u00fc\u00e7l\u00fc bir b\u00fcy\u00fcme ve siyasi reform kaydedilen y\u0131llar\u0131n ard\u0131ndan T\u00fcrkiye, partisi <a href=\"http:\/\/www.radikal.com.tr\/index\/Adalet-Ve-Kalkinma-Partisi\">AKP<\/a> 2002 Kas\u0131m ay\u0131ndan beri iktidarda olan Ba\u015fbakan Recep Tayyip Erdo\u011fan\u2019\u0131n otoriter esintileriyle geriye do\u011fru gidiyor.\u201d<\/p>\n<p style=\"text-align: justify;\">Ba\u015fbakan Erdo\u011fan\u2019\u0131n yolsuzluk soru\u015fturmalar\u0131 i\u00e7in yapt\u0131\u011f\u0131 \u201cDemokrasiye ge\u00e7mi\u015fteki t\u00fcm darbelerden daha a\u011f\u0131r bir sald\u0131r\u0131\u201d s\u00f6zlerini aktaran dergi, bu s\u00f6zler i\u00e7in \u201cAsl\u0131nda, daha \u00f6nce demir parmakl\u0131klar ard\u0131na koydu\u011fu ayn\u0131 generaller i\u00e7in \u2018r\u0131zas\u0131n\u0131 g\u00f6steren bir a\u00e7\u0131l\u0131m\u2019 yap\u0131yor\u201d diyor.<\/p>\n<p style=\"text-align: justify;\">Dergi, Erdo\u011fan\u2019\u0131n art\u0131k d\u00fc\u015fman\u0131n\u0131n eski m\u00fcttefiki Fethullah G\u00fclen oldu\u011funu ve G\u00fclen destek\u00e7ilerinin de polis ve yarg\u0131ya s\u0131zd\u0131\u011f\u0131na inan\u0131ld\u0131\u011f\u0131n\u0131 belirtiyor.<\/p>\n<p style=\"text-align: justify;\">Economist, y\u00fczlerce polisin ve savc\u0131n\u0131n g\u00f6rev yerlerinin de\u011fi\u015ftirilmesini de \u2018Erdo\u011fan\u2019\u0131n yarg\u0131 \u00fczerinde daha geni\u015f denetime sahip olmak i\u00e7in yasal el koymas\u0131\u2019 olarak yorumluyor.<\/p>\n<p style=\"text-align: justify;\"><b>&#8216;AB M\u00dcZAKERELER\u0130 ASKIYA ALINAB\u0130L\u0130R&#8217;<\/b><\/p>\n<p style=\"text-align: justify;\">Dergi, Ba\u015fbakan\u2019\u0131n yarg\u0131 \u00fczerindeki kontrol\u00fcn\u00fc de AB \u00fcyeli\u011fine \u015fu s\u00f6zlerle ba\u011fl\u0131yor: \u201cFakat Erdo\u011fan, i\u00e7erideki d\u00fc\u015fman\u0131n k\u00f6k\u00fcn\u00fc kurutma aray\u0131\u015f\u0131 i\u00e7indeyken, T\u00fcrkiye\u2019nin Avrupa Birli\u011fi\u2019ne \u00fcye olma \u015fans\u0131na zarar verme tehlikesi yarat\u0131yor.\u201d<\/p>\n<p style=\"text-align: justify;\">T\u00fcrkiye\u2019nin 2005 y\u0131l\u0131nda AB\u2019ye \u00fcyelik s\u00fcrecinin h\u0131zland\u0131\u011f\u0131n\u0131 fakat daha sonra yava\u015flad\u0131\u011f\u0131n\u0131 hat\u0131rlatan dergi \u015f\u00f6yle devam diyor: \u201c\u00dcst d\u00fczey yetkililer \u015fifreli uyar\u0131lar\u0131nda, T\u00fcrkiye\u2019nin \u2018ya bat\u0131r ya \u00e7\u0131kar\u2019 s\u0131nav\u0131yla kar\u015f\u0131 kar\u015f\u0131ya oldu\u011funu, Erdo\u011fan\u2019\u0131n yapt\u0131\u011f\u0131 yasal de\u011fi\u015fikliklerin, yarg\u0131 ba\u011f\u0131ms\u0131zl\u0131\u011f\u0131n\u0131 ciddi olarak baltalamas\u0131 durumunda AB\u2019nin m\u00fczakereleri ask\u0131ya alabilece\u011fini s\u00f6yl\u00fcyorlar.\u201d<\/p>\n<p style=\"text-align: justify;\">Economist, AB\u2019ye \u00fcyelik i\u00e7in adaylar\u0131n uymas\u0131 beklenen Kopenhag kriterlerinden birinin \u201cdemokrasi, hukukun \u00fcst\u00fcnl\u00fc\u011f\u00fc, insan haklar\u0131, az\u0131nl\u0131klara sayg\u0131 g\u00f6sterilmesi ve korunmas\u0131n\u0131n g\u00fcvence alt\u0131na alan kurumlar\u0131n varl\u0131\u011f\u0131\u201d ilkesi oldu\u011funu hat\u0131rlat\u0131p AB b\u00fcrokratlar\u0131n\u0131n T\u00fcrkiye\u2019nin \u00fcyeli\u011finin ask\u0131ya al\u0131nmas\u0131 olas\u0131l\u0131\u011f\u0131n\u0131 \u201cN\u00fckleer se\u00e7ecek\u201d olarak g\u00f6rd\u00fc\u011f\u00fcn\u00fc s\u00f6yl\u00fcyor. \u201cN\u00fckleer se\u00e7enek\u201d ifadesi ABD siyasetinde, Senato\u2019da bir yasa i\u00e7in yap\u0131lan oylamada, yasan\u0131n ge\u00e7mesi i\u00e7in belirli bir oranda \u00e7o\u011funlu\u011fun gerektirdi\u011fi kararlar\u0131n yaln\u0131zca salt \u00e7o\u011funluk sa\u011flanarak yasala\u015fmas\u0131 y\u00f6n\u00fcndeki de\u011fi\u015fiklik anlam\u0131na geliyor.<\/p>\n<p style=\"text-align: justify;\"><b>&#8216;YEN\u0130 OSMANLICI DI\u015e <\/b><a href=\"http:\/\/www.radikal.com.tr\/politika\"><b>POL\u0130T\u0130KA<\/b><\/a><b> DA\u011eILDI&#8217;<\/b><\/p>\n<p style=\"text-align: justify;\">Economist dergisi, yasal d\u00fczenlemelerdeki de\u011fi\u015fiklik i\u00e7in \u015f\u00f6yle diyor:<\/p>\n<p style=\"text-align: justify;\">\u201cBelki de Erdo\u011fan yeni yasay\u0131 geri \u00e7ekecek, de\u011fi\u015ftirecek, belki de Cumhurba\u015fkan\u0131 Abdullah G\u00fcl yasay\u0131 reddedecek. AB\u2019nin Geni\u015flemeden Sorumlu Y\u00fcksek Komiseri Stefan F\u00fcle, T\u00fcrkiye\u2019nin yarg\u0131n\u0131n yasal d\u00fczenini de\u011fi\u015ftirmeden \u00f6nce AB\u2019ye dan\u0131\u015fmas\u0131 gerekti\u011fini s\u00f6yl\u00fcyor.\u201d<\/p>\n<p style=\"text-align: justify;\">T\u00fcrkiye\u2019nin AB\u2019ye \u00fcyelik s\u00fcrecinin 1959 y\u0131l\u0131na uzand\u0131\u011f\u0131n\u0131 hat\u0131rlatan dergi, m\u00fczakere g\u00f6r\u00fc\u015fmelerinin yava\u015fl\u0131\u011f\u0131n\u0131 K\u0131br\u0131s\u2019ta 1974\u2019te ya\u015fanan olaylara ba\u011fl\u0131yor ve T\u00fcrkiye\u2019nin liman ve havaalanlar\u0131n\u0131 Rumlara a\u00e7mamas\u0131 nedeniyle AB\u2019nin sekiz ba\u015fl\u0131\u011f\u0131 bloke etti\u011fini yaz\u0131yor. Dergi K\u0131br\u0131s\u2019\u0131n alt\u0131, Nicolas Sarkozy d\u00f6neminde de Fransa\u2019n\u0131n d\u00f6rt ba\u015fl\u0131\u011f\u0131 bloke etti\u011fini hat\u0131rlat\u0131p AB ve NATO ili\u015fkilerinin de t\u0131kand\u0131\u011f\u0131n\u0131 belirtiyor.<\/p>\n<p style=\"text-align: justify;\">Economist dergisi, Erdo\u011fan\u2019\u0131n k\u0131sa bir s\u00fcre \u00f6ncesine kadar \u201cdinamik ekonomisi ve jeostratejik rol\u00fc nedeniyle T\u00fcrkiye\u2019den \u00e7ok, Avrupa\u2019n\u0131n T\u00fcrkiye\u2019ye ihtiya\u00e7 duydu\u011fu\u201d y\u00f6n\u00fcnde s\u00f6zler sarf etti\u011fini hat\u0131rlat\u0131yor.<\/p>\n<p style=\"text-align: justify;\">T\u00fcrkiye\u2019nin Orta Do\u011fu\u2019daki kom\u015fular\u0131yla izledi\u011fi \u201cs\u0131f\u0131r sorun politikas\u0131yla\u201d demokrasi modeli olarak \u00f6ne \u00e7\u0131kt\u0131\u011f\u0131n\u0131 fakat \u201co par\u0131lt\u0131n\u0131n\u201d Haziran\u2019daki Gezi Park\u0131 eylemlerine uygulad\u0131\u011f\u0131 bask\u0131yla yok oldu\u011funu belirtip \u201c[Erdo\u011fan\u2019\u0131n] yeni-Osmanl\u0131c\u0131 d\u0131\u015f politikas\u0131, Suriye\u2019deki i\u00e7 sava\u015f\u0131n derinle\u015fmesi, M\u0131s\u0131r ordusunun \u00fclkenin se\u00e7imle ba\u015fa gelen cumhurba\u015fkan\u0131 ve m\u00fcttefiki Muhammed Mursi\u2019yi devirmesiyle da\u011f\u0131ld\u0131\u201d diyor.<\/p>\n<p style=\"text-align: justify;\">Dergiye g\u00f6re, T\u00fcrkiye ile ABD aras\u0131ndaki ili\u015fkiler de, T\u00fcrkiye\u2019nin f\u00fcze savunma sistemini \u00c7in\u2019den alma karar\u0131 ve \u0130srail konusundaki fikir ayr\u0131l\u0131klar\u0131yla gerildi.<\/p>\n<p style=\"text-align: justify;\"><b>&#8216;BATI&#8217;YLA SIFIR SORUN&#8217;<\/b><\/p>\n<p style=\"text-align: justify;\">\u2018Erdo\u011fan\u2019\u0131n sorunlar\u0131 artt\u0131k\u00e7a burun k\u0131v\u0131rd\u0131\u011f\u0131 Avrupa\u2019ya da yakla\u015f\u0131m\u0131n\u0131n de\u011fi\u015fti\u011fi\u2019 yorumunu yapan dergi, Fransa\u2019n\u0131n art\u0131k \u2018daha az T\u00fcrk d\u00fc\u015fman\u0131 bir Cumhurba\u015fkan\u0131\u2019 olmas\u0131n\u0131n da yard\u0131mc\u0131 oldu\u011funu yaz\u0131yor.<\/p>\n<p style=\"text-align: justify;\">Dergi, Sinop\u2019ta yap\u0131lmas\u0131 planlanan T\u00fcrkiye\u2019nin ikinci n\u00fckleer santral\u0131yla ilgili ihaleyi, Japon Mitsubishi ve Frans\u0131z Areva \u015firketi konsorsiyumunun kazand\u0131\u011f\u0131n\u0131 ve Hollande\u2019\u0131n da ay sonuna do\u011fru T\u00fcrkiye\u2019yi ziyaret edece\u011fini hat\u0131rlat\u0131yor.<\/p>\n<p style=\"text-align: justify;\">Dergi, AB ve T\u00fcrkiye aras\u0131ndaki ili\u015fkilerin h\u0131zland\u0131\u011f\u0131n\u0131, Ekim\u2019de b\u00f6lgesel politikaya ili\u015fkin yeni ba\u015fl\u0131k a\u00e7\u0131lmas\u0131 ve vizesiz m\u00fczakereler, kar\u015f\u0131l\u0131\u011f\u0131nda T\u00fcrkiye\u2019nin g\u00f6\u00e7men iadesini kabul etmesiyle \u00f6rneklendiriyor.<\/p>\n<p style=\"text-align: justify;\">Yaz\u0131 \u015f\u00f6yle devam ediyor:<\/p>\n<p style=\"text-align: justify;\">\u201cGerman Marshall Fund\u2019dan Ian Lesser\u2019e g\u00f6re T\u00fcrkiye\u2019nin art\u0131k \u2018Bat\u0131\u2019yla s\u0131f\u0131r sorun\u2019 stratejisine ihtiyac\u0131 var. Ama son d\u00f6nemdeki \u00e7alkant\u0131lar bunu g\u00fc\u00e7le\u015ftiriyor. T\u00fcrkiye\u2019nin dostlar\u0131 Erdo\u011fan\u2019\u0131 savunmakta zorlan\u0131yor. Bir zamanlar T\u00fcrkiye\u2019nin en b\u00fcy\u00fck destek\u00e7isi olan \u0130ngiltere\u2019nin muhafazakar h\u00fck\u00fcmeti AB\u2019nin geni\u015flemesine ve i\u015f\u00e7ilerin serbest dola\u015f\u0131m\u0131na \u015f\u00fcpheyle yakla\u015fmaya ba\u015flad\u0131.\u201d<\/p>\n<p style=\"text-align: justify;\">T\u00fcrkiye\u2019nin AB \u00fcyeli\u011finin kurum i\u00e7inde yan\u0131t\u0131 verilmeyen en b\u00fcy\u00fck soru i\u015fareti oldu\u011funu yazan dergi \u00fcyelik s\u00fcreci i\u00e7in \u015fu yorumu yap\u0131yor:<\/p>\n<p style=\"text-align: justify;\">\u201cAvrupa\u2019n\u0131n s\u0131n\u0131rlar\u0131 nedir? Balkanlar\u0131n bat\u0131s\u0131ndaki k\u00fc\u00e7\u00fck \u00fclkelerin elbet bir g\u00fcn \u00fcye olacaklar\u0131n\u0131 s\u00f6ylemek kolay. Ama T\u00fcrkiye, Ukrayna gibi, i\u00e7eri sokmak i\u00e7in biraz fazla b\u00fcy\u00fck olabilir.\u201d<\/p>\n<p style=\"text-align: justify;\">\u201cBr\u00fcksel\u2019deki kulis bilgilerine g\u00f6re, a\u00e7\u0131k bir \u00fcyelik s\u00fcrecinin yoksunlu\u011fu AB\u2019nin T\u00fcrkiye\u2019yi etkileme yetisini zay\u0131flatt\u0131. Fakat baz\u0131lar\u0131 bunun sonucunda \u2018Avrupa\u2019n\u0131n T\u00fcrkiye\u2019yi kaybetti\u011fini\u2019 iddia ediyor. Avrupa, devlet kurumlar\u0131na s\u0131zan karanl\u0131k, karde\u015flik anlay\u0131\u015f\u0131 temelindeki bir topluluk ve devleti b\u00fcnyesinde bar\u0131nd\u0131rd\u0131\u011f\u0131n\u0131 d\u00fc\u015f\u00fcnen, ho\u015fg\u00f6r\u00fcs\u00fczl\u00fc\u011f\u00fc gittik\u00e7e artan bir ba\u015fbakan aras\u0131ndaki it dala\u015f\u0131n\u0131 yat\u0131\u015ft\u0131ramaz.\u201d<\/p>\n<p style=\"text-align: justify;\">\u201cAB belki, yarg\u0131 ve temel haklar\u0131 i\u00e7eren 23\u2019\u00fcnc\u00fc fasl\u0131 ve adalet, \u00f6zg\u00fcrl\u00fck, g\u00fcvenlik ba\u015fl\u0131kl\u0131 24\u2019\u00fcnc\u00fc fasl\u0131 a\u00e7arak yard\u0131m edebilir. Bu, Erdo\u011fan\u2019\u0131 \u00f6d\u00fcllendirmek i\u00e7in de\u011fil, \u00fczerindeki bask\u0131y\u0131 art\u0131rmak i\u00e7in olabilir. Yine de bu, inat\u00e7\u0131 K\u0131br\u0131sl\u0131 Rumlar\u0131n ak\u0131llar\u0131n\u0131 ba\u015flar\u0131na almalar\u0131n\u0131 gerektirir. E\u011fer onlar bile kendi \u00e7\u0131karlar\u0131 i\u00e7in en uygun olan\u0131n\u0131n daha demokrat ve daha Avrupal\u0131 bir T\u00fcrkiye oldu\u011funu g\u00f6remiyorlarsa, Erdo\u011fan neden g\u00f6rs\u00fcn?\u201d<\/p>\n<p style=\"text-align: justify;\"><b><i>http:\/\/www.radikal.com.tr\/dunya\/economist_turkiyenin_ab_muzakereleri_askiya_alinabilir-1171220<\/i><\/b><\/p>\n","protected":false},"excerpt":{"rendered":"<p>Haftal\u0131k periyotla yay\u0131nlanan \u0130ngiliz dergisi The Economist, T\u00fcrkiye&#8217;deki &#8216;g\u00fc\u00e7 m\u00fccadelesi&#8217;nin, \u00fclkenin AB&#8217;ye \u00fcyelik umutlar\u0131n\u0131 tamamen \u00e7\u00f6kertebilece\u011fini ve h\u00fck\u00fcmetin yarg\u0131ya y\u00f6nelik m\u00fcdahaleleri nedeniyle, &#8216;AB m\u00fczakerelerinin ask\u0131ya al\u0131nabilece\u011fini yazd\u0131. Radikal.com.tr \u2013 \u0130ngiltere\u2019de yay\u0131nlanan The Economist dergisinde, T\u00fcrkiye \u2019deki h\u00fck\u00fcmet, yarg\u0131 ve demokrasi tart\u0131\u015fmalar\u0131n\u0131n, Avrupa Birli\u011fi \u00fcyelik s\u00fcrecine \u2018olas\u0131 etkileri\u2019 a\u00e7\u0131s\u0131ndan tart\u0131\u015f\u0131ld\u0131\u011f\u0131 bir yaz\u0131 yay\u0131nland\u0131. \u00dclke i\u00e7indeki \u2018g\u00fc\u00e7 [&hellip;]<\/p>\n","protected":false},"author":7,"featured_media":0,"comment_status":"open","ping_status":"open","sticky":false,"template":"","format":"standard","meta":{"footnotes":""},"categories":[1],"tags":[],"class_list":["post-27978","post","type-post","status-publish","format-standard","hentry","category-haberler"],"yoast_head":"<!-- This site is optimized with the Yoast SEO plugin v27.4 - https:\/\/yoast.com\/product\/yoast-seo-wordpress\/ -->\n<title>The Economist: T\u00fcrkiye&#039;nin AB m\u00fczakereleri ask\u0131ya al\u0131nabilir - Bati Ermenistan Ve Bati Ermenileri Sorunlari Ara\u015ftirmalar Merkezi<\/title>\n<meta name=\"robots\" content=\"index, follow, max-snippet:-1, max-image-preview:large, max-video-preview:-1\" \/>\n<link rel=\"canonical\" href=\"https:\/\/akunq.net\/tr\/?p=27978\" \/>\n<meta property=\"og:locale\" content=\"en_US\" \/>\n<meta property=\"og:type\" content=\"article\" \/>\n<meta property=\"og:title\" content=\"The Economist: T\u00fcrkiye&#039;nin AB m\u00fczakereleri ask\u0131ya al\u0131nabilir - Bati Ermenistan Ve Bati Ermenileri Sorunlari Ara\u015ftirmalar Merkezi\" \/>\n<meta property=\"og:description\" content=\"Haftal\u0131k periyotla yay\u0131nlanan \u0130ngiliz dergisi The Economist, T\u00fcrkiye&#8217;deki &#8216;g\u00fc\u00e7 m\u00fccadelesi&#8217;nin, \u00fclkenin AB&#8217;ye \u00fcyelik umutlar\u0131n\u0131 tamamen \u00e7\u00f6kertebilece\u011fini ve h\u00fck\u00fcmetin yarg\u0131ya y\u00f6nelik m\u00fcdahaleleri nedeniyle, &#8216;AB m\u00fczakerelerinin ask\u0131ya al\u0131nabilece\u011fini yazd\u0131. Radikal.com.tr \u2013 \u0130ngiltere\u2019de yay\u0131nlanan The Economist dergisinde, T\u00fcrkiye \u2019deki h\u00fck\u00fcmet, yarg\u0131 ve demokrasi tart\u0131\u015fmalar\u0131n\u0131n, Avrupa Birli\u011fi \u00fcyelik s\u00fcrecine \u2018olas\u0131 etkileri\u2019 a\u00e7\u0131s\u0131ndan tart\u0131\u015f\u0131ld\u0131\u011f\u0131 bir yaz\u0131 yay\u0131nland\u0131. \u00dclke i\u00e7indeki \u2018g\u00fc\u00e7 [&hellip;]\" \/>\n<meta property=\"og:url\" content=\"https:\/\/akunq.net\/tr\/?p=27978\" \/>\n<meta property=\"og:site_name\" content=\"Bati Ermenistan Ve Bati Ermenileri Sorunlari Ara\u015ftirmalar Merkezi\" \/>\n<meta property=\"article:published_time\" content=\"2014-01-18T08:12:21+00:00\" \/>\n<meta property=\"article:modified_time\" content=\"2014-01-18T08:12:40+00:00\" \/>\n<meta name=\"author\" content=\"admin\" \/>\n<meta name=\"twitter:card\" content=\"summary_large_image\" \/>\n<meta name=\"twitter:label1\" content=\"Written by\" \/>\n\t<meta name=\"twitter:data1\" content=\"admin\" \/>\n\t<meta name=\"twitter:label2\" content=\"Est. reading time\" \/>\n\t<meta name=\"twitter:data2\" content=\"8 minutes\" \/>\n<script type=\"application\/ld+json\" class=\"yoast-schema-graph\">{\"@context\":\"https:\\\/\\\/schema.org\",\"@graph\":[{\"@type\":\"Article\",\"@id\":\"https:\\\/\\\/akunq.net\\\/tr\\\/?p=27978#article\",\"isPartOf\":{\"@id\":\"https:\\\/\\\/akunq.net\\\/tr\\\/?p=27978\"},\"author\":{\"name\":\"admin\",\"@id\":\"https:\\\/\\\/akunq.net\\\/tr\\\/#\\\/schema\\\/person\\\/096f1d38a12cce57fb855b485ed24c9e\"},\"headline\":\"The Economist: T\u00fcrkiye&#8217;nin AB m\u00fczakereleri ask\u0131ya al\u0131nabilir\",\"datePublished\":\"2014-01-18T08:12:21+00:00\",\"dateModified\":\"2014-01-18T08:12:40+00:00\",\"mainEntityOfPage\":{\"@id\":\"https:\\\/\\\/akunq.net\\\/tr\\\/?p=27978\"},\"wordCount\":1645,\"commentCount\":1,\"articleSection\":[\"Haberler\"],\"inLanguage\":\"en-US\",\"potentialAction\":[{\"@type\":\"CommentAction\",\"name\":\"Comment\",\"target\":[\"https:\\\/\\\/akunq.net\\\/tr\\\/?p=27978#respond\"]}]},{\"@type\":\"WebPage\",\"@id\":\"https:\\\/\\\/akunq.net\\\/tr\\\/?p=27978\",\"url\":\"https:\\\/\\\/akunq.net\\\/tr\\\/?p=27978\",\"name\":\"The Economist: T\u00fcrkiye'nin AB m\u00fczakereleri ask\u0131ya al\u0131nabilir - Bati Ermenistan Ve Bati Ermenileri Sorunlari Ara\u015ftirmalar Merkezi\",\"isPartOf\":{\"@id\":\"https:\\\/\\\/akunq.net\\\/tr\\\/#website\"},\"datePublished\":\"2014-01-18T08:12:21+00:00\",\"dateModified\":\"2014-01-18T08:12:40+00:00\",\"author\":{\"@id\":\"https:\\\/\\\/akunq.net\\\/tr\\\/#\\\/schema\\\/person\\\/096f1d38a12cce57fb855b485ed24c9e\"},\"breadcrumb\":{\"@id\":\"https:\\\/\\\/akunq.net\\\/tr\\\/?p=27978#breadcrumb\"},\"inLanguage\":\"en-US\",\"potentialAction\":[{\"@type\":\"ReadAction\",\"target\":[\"https:\\\/\\\/akunq.net\\\/tr\\\/?p=27978\"]}]},{\"@type\":\"BreadcrumbList\",\"@id\":\"https:\\\/\\\/akunq.net\\\/tr\\\/?p=27978#breadcrumb\",\"itemListElement\":[{\"@type\":\"ListItem\",\"position\":1,\"name\":\"Home\",\"item\":\"https:\\\/\\\/akunq.net\\\/tr\"},{\"@type\":\"ListItem\",\"position\":2,\"name\":\"The Economist: T\u00fcrkiye&#8217;nin AB m\u00fczakereleri ask\u0131ya al\u0131nabilir\"}]},{\"@type\":\"WebSite\",\"@id\":\"https:\\\/\\\/akunq.net\\\/tr\\\/#website\",\"url\":\"https:\\\/\\\/akunq.net\\\/tr\\\/\",\"name\":\"Bati Ermenistan Ve Bati Ermenileri Sorunlari Ara\u015ftirmalar Merkezi\",\"description\":\"\",\"potentialAction\":[{\"@type\":\"SearchAction\",\"target\":{\"@type\":\"EntryPoint\",\"urlTemplate\":\"https:\\\/\\\/akunq.net\\\/tr\\\/?s={search_term_string}\"},\"query-input\":{\"@type\":\"PropertyValueSpecification\",\"valueRequired\":true,\"valueName\":\"search_term_string\"}}],\"inLanguage\":\"en-US\"},{\"@type\":\"Person\",\"@id\":\"https:\\\/\\\/akunq.net\\\/tr\\\/#\\\/schema\\\/person\\\/096f1d38a12cce57fb855b485ed24c9e\",\"name\":\"admin\",\"url\":\"https:\\\/\\\/akunq.net\\\/tr\\\/?author=7\"}]}<\/script>\n<!-- \/ Yoast SEO plugin. -->","yoast_head_json":{"title":"The Economist: T\u00fcrkiye'nin AB m\u00fczakereleri ask\u0131ya al\u0131nabilir - Bati Ermenistan Ve Bati Ermenileri Sorunlari Ara\u015ftirmalar Merkezi","robots":{"index":"index","follow":"follow","max-snippet":"max-snippet:-1","max-image-preview":"max-image-preview:large","max-video-preview":"max-video-preview:-1"},"canonical":"https:\/\/akunq.net\/tr\/?p=27978","og_locale":"en_US","og_type":"article","og_title":"The Economist: T\u00fcrkiye'nin AB m\u00fczakereleri ask\u0131ya al\u0131nabilir - Bati Ermenistan Ve Bati Ermenileri Sorunlari Ara\u015ftirmalar Merkezi","og_description":"Haftal\u0131k periyotla yay\u0131nlanan \u0130ngiliz dergisi The Economist, T\u00fcrkiye&#8217;deki &#8216;g\u00fc\u00e7 m\u00fccadelesi&#8217;nin, \u00fclkenin AB&#8217;ye \u00fcyelik umutlar\u0131n\u0131 tamamen \u00e7\u00f6kertebilece\u011fini ve h\u00fck\u00fcmetin yarg\u0131ya y\u00f6nelik m\u00fcdahaleleri nedeniyle, &#8216;AB m\u00fczakerelerinin ask\u0131ya al\u0131nabilece\u011fini yazd\u0131. Radikal.com.tr \u2013 \u0130ngiltere\u2019de yay\u0131nlanan The Economist dergisinde, T\u00fcrkiye \u2019deki h\u00fck\u00fcmet, yarg\u0131 ve demokrasi tart\u0131\u015fmalar\u0131n\u0131n, Avrupa Birli\u011fi \u00fcyelik s\u00fcrecine \u2018olas\u0131 etkileri\u2019 a\u00e7\u0131s\u0131ndan tart\u0131\u015f\u0131ld\u0131\u011f\u0131 bir yaz\u0131 yay\u0131nland\u0131. \u00dclke i\u00e7indeki \u2018g\u00fc\u00e7 [&hellip;]","og_url":"https:\/\/akunq.net\/tr\/?p=27978","og_site_name":"Bati Ermenistan Ve Bati Ermenileri Sorunlari Ara\u015ftirmalar Merkezi","article_published_time":"2014-01-18T08:12:21+00:00","article_modified_time":"2014-01-18T08:12:40+00:00","author":"admin","twitter_card":"summary_large_image","twitter_misc":{"Written by":"admin","Est. reading time":"8 minutes"},"schema":{"@context":"https:\/\/schema.org","@graph":[{"@type":"Article","@id":"https:\/\/akunq.net\/tr\/?p=27978#article","isPartOf":{"@id":"https:\/\/akunq.net\/tr\/?p=27978"},"author":{"name":"admin","@id":"https:\/\/akunq.net\/tr\/#\/schema\/person\/096f1d38a12cce57fb855b485ed24c9e"},"headline":"The Economist: T\u00fcrkiye&#8217;nin AB m\u00fczakereleri ask\u0131ya al\u0131nabilir","datePublished":"2014-01-18T08:12:21+00:00","dateModified":"2014-01-18T08:12:40+00:00","mainEntityOfPage":{"@id":"https:\/\/akunq.net\/tr\/?p=27978"},"wordCount":1645,"commentCount":1,"articleSection":["Haberler"],"inLanguage":"en-US","potentialAction":[{"@type":"CommentAction","name":"Comment","target":["https:\/\/akunq.net\/tr\/?p=27978#respond"]}]},{"@type":"WebPage","@id":"https:\/\/akunq.net\/tr\/?p=27978","url":"https:\/\/akunq.net\/tr\/?p=27978","name":"The Economist: T\u00fcrkiye'nin AB m\u00fczakereleri ask\u0131ya al\u0131nabilir - Bati Ermenistan Ve Bati Ermenileri Sorunlari Ara\u015ftirmalar Merkezi","isPartOf":{"@id":"https:\/\/akunq.net\/tr\/#website"},"datePublished":"2014-01-18T08:12:21+00:00","dateModified":"2014-01-18T08:12:40+00:00","author":{"@id":"https:\/\/akunq.net\/tr\/#\/schema\/person\/096f1d38a12cce57fb855b485ed24c9e"},"breadcrumb":{"@id":"https:\/\/akunq.net\/tr\/?p=27978#breadcrumb"},"inLanguage":"en-US","potentialAction":[{"@type":"ReadAction","target":["https:\/\/akunq.net\/tr\/?p=27978"]}]},{"@type":"BreadcrumbList","@id":"https:\/\/akunq.net\/tr\/?p=27978#breadcrumb","itemListElement":[{"@type":"ListItem","position":1,"name":"Home","item":"https:\/\/akunq.net\/tr"},{"@type":"ListItem","position":2,"name":"The Economist: T\u00fcrkiye&#8217;nin AB m\u00fczakereleri ask\u0131ya al\u0131nabilir"}]},{"@type":"WebSite","@id":"https:\/\/akunq.net\/tr\/#website","url":"https:\/\/akunq.net\/tr\/","name":"Bati Ermenistan Ve Bati Ermenileri Sorunlari Ara\u015ftirmalar Merkezi","description":"","potentialAction":[{"@type":"SearchAction","target":{"@type":"EntryPoint","urlTemplate":"https:\/\/akunq.net\/tr\/?s={search_term_string}"},"query-input":{"@type":"PropertyValueSpecification","valueRequired":true,"valueName":"search_term_string"}}],"inLanguage":"en-US"},{"@type":"Person","@id":"https:\/\/akunq.net\/tr\/#\/schema\/person\/096f1d38a12cce57fb855b485ed24c9e","name":"admin","url":"https:\/\/akunq.net\/tr\/?author=7"}]}},"_links":{"self":[{"href":"https:\/\/akunq.net\/tr\/index.php?rest_route=\/wp\/v2\/posts\/27978","targetHints":{"allow":["GET"]}}],"collection":[{"href":"https:\/\/akunq.net\/tr\/index.php?rest_route=\/wp\/v2\/posts"}],"about":[{"href":"https:\/\/akunq.net\/tr\/index.php?rest_route=\/wp\/v2\/types\/post"}],"author":[{"embeddable":true,"href":"https:\/\/akunq.net\/tr\/index.php?rest_route=\/wp\/v2\/users\/7"}],"replies":[{"embeddable":true,"href":"https:\/\/akunq.net\/tr\/index.php?rest_route=%2Fwp%2Fv2%2Fcomments&post=27978"}],"version-history":[{"count":2,"href":"https:\/\/akunq.net\/tr\/index.php?rest_route=\/wp\/v2\/posts\/27978\/revisions"}],"predecessor-version":[{"id":27981,"href":"https:\/\/akunq.net\/tr\/index.php?rest_route=\/wp\/v2\/posts\/27978\/revisions\/27981"}],"wp:attachment":[{"href":"https:\/\/akunq.net\/tr\/index.php?rest_route=%2Fwp%2Fv2%2Fmedia&parent=27978"}],"wp:term":[{"taxonomy":"category","embeddable":true,"href":"https:\/\/akunq.net\/tr\/index.php?rest_route=%2Fwp%2Fv2%2Fcategories&post=27978"},{"taxonomy":"post_tag","embeddable":true,"href":"https:\/\/akunq.net\/tr\/index.php?rest_route=%2Fwp%2Fv2%2Ftags&post=27978"}],"curies":[{"name":"wp","href":"https:\/\/api.w.org\/{rel}","templated":true}]}}