{"id":27975,"date":"2014-01-18T03:01:13","date_gmt":"2014-01-18T08:01:13","guid":{"rendered":"http:\/\/akunq.net\/tr\/?p=27975"},"modified":"2014-01-18T03:01:13","modified_gmt":"2014-01-18T08:01:13","slug":"bozdagdan-bilal-erdogan-aciklamasi","status":"publish","type":"post","link":"https:\/\/akunq.net\/tr\/?p=27975","title":{"rendered":"Bozda\u011f&#8217;dan Bilal Erdo\u011fan a\u00e7\u0131klamas\u0131"},"content":{"rendered":"<p style=\"text-align: justify;\"><b><i><a href=\"http:\/\/akunq.net\/tr\/wp-content\/uploads\/2014\/01\/\u0537\u0580\u0564\u0578\u0572\u0561\u05762.jpg\"><img loading=\"lazy\" decoding=\"async\" class=\"alignright size-medium wp-image-27976\" alt=\"\u0537\u0580\u0564\u0578\u0572\u0561\u0576\" src=\"http:\/\/akunq.net\/tr\/wp-content\/uploads\/2014\/01\/\u0537\u0580\u0564\u0578\u0572\u0561\u05762-300x228.jpg\" width=\"300\" height=\"228\" srcset=\"https:\/\/akunq.net\/tr\/wp-content\/uploads\/sites\/6\/2014\/01\/\u0537\u0580\u0564\u0578\u0572\u0561\u05762-300x228.jpg 300w, https:\/\/akunq.net\/tr\/wp-content\/uploads\/sites\/6\/2014\/01\/\u0537\u0580\u0564\u0578\u0572\u0561\u05762.jpg 400w\" sizes=\"auto, (max-width: 300px) 100vw, 300px\" \/><\/a>HSYK kanun teklifinin kapan\u0131\u015f konu\u015fmas\u0131nda baz\u0131 milletvekillerinin Bilal Erdo\u011fan ile ilgili sorusu \u00fczerine <\/i><\/b><a href=\"http:\/\/www.radikal.com.tr\/index\/bakan\"><b><i>Bakan<\/i><\/b><\/a><b><i> Bozda\u011f, \u015fu a\u00e7\u0131klamay\u0131 yapt\u0131:<\/i><\/b><\/p>\n<p>&#8220;Bilal Erdo\u011fan hakk\u0131nda, <a href=\"http:\/\/www.radikal.com.tr\/index\/gozalti\">g\u00f6zalt\u0131<\/a> , yakalama karar\u0131 \u00e7\u0131kard\u0131\u011f\u0131 bas\u0131nda yer almaktad\u0131r. Onunla ilgili bir yakalama, g\u00f6zalt\u0131 karar\u0131 olmad\u0131\u011f\u0131n\u0131 <a href=\"http:\/\/www.radikal.com.tr\/index\/ifade\">ifade<\/a> etmek isterim. <a href=\"http:\/\/www.radikal.com.tr\/index\/Turkiye\">T\u00fcrkiye<\/a> &#8216;den ayr\u0131lmas\u0131, gizlenmesi, saklanmas\u0131 gibi \u015feylerin tamam\u0131 ger\u00e7ek d\u0131\u015f\u0131d\u0131r. Bunlar\u0131n hepsi Ba\u015fbakan&#8217;\u0131m\u0131z\u0131 ve H\u00fck\u00fcmeti y\u0131pratmaya d\u00f6n\u00fck haberlerden ibarettir.&#8221;<\/p>\n<p style=\"text-align: justify;\"><b><i>http:\/\/www.radikal.com.tr\/politika\/bozdagdan_bilal_erdogan_aciklamasi-1171184<\/i><\/b><\/p>\n","protected":false},"excerpt":{"rendered":"<p>HSYK kanun teklifinin kapan\u0131\u015f konu\u015fmas\u0131nda baz\u0131 milletvekillerinin Bilal Erdo\u011fan ile ilgili sorusu \u00fczerine Bakan Bozda\u011f, \u015fu a\u00e7\u0131klamay\u0131 yapt\u0131: &#8220;Bilal Erdo\u011fan hakk\u0131nda, g\u00f6zalt\u0131 , yakalama karar\u0131 \u00e7\u0131kard\u0131\u011f\u0131 bas\u0131nda yer almaktad\u0131r. Onunla ilgili bir yakalama, g\u00f6zalt\u0131 karar\u0131 olmad\u0131\u011f\u0131n\u0131 ifade etmek isterim. T\u00fcrkiye &#8216;den ayr\u0131lmas\u0131, gizlenmesi, saklanmas\u0131 gibi \u015feylerin tamam\u0131 ger\u00e7ek d\u0131\u015f\u0131d\u0131r. Bunlar\u0131n hepsi Ba\u015fbakan&#8217;\u0131m\u0131z\u0131 ve H\u00fck\u00fcmeti y\u0131pratmaya [&hellip;]<\/p>\n","protected":false},"author":7,"featured_media":0,"comment_status":"open","ping_status":"open","sticky":false,"template":"","format":"standard","meta":{"footnotes":""},"categories":[1],"tags":[],"class_list":["post-27975","post","type-post","status-publish","format-standard","hentry","category-haberler"],"yoast_head":"<!-- This site is optimized with the Yoast SEO plugin v27.4 - https:\/\/yoast.com\/product\/yoast-seo-wordpress\/ -->\n<title>Bozda\u011f&#039;dan Bilal Erdo\u011fan a\u00e7\u0131klamas\u0131 - Bati Ermenistan Ve Bati Ermenileri Sorunlari Ara\u015ftirmalar Merkezi<\/title>\n<meta name=\"robots\" content=\"index, follow, max-snippet:-1, max-image-preview:large, max-video-preview:-1\" \/>\n<link rel=\"canonical\" href=\"https:\/\/akunq.net\/tr\/?p=27975\" \/>\n<meta property=\"og:locale\" content=\"en_US\" \/>\n<meta property=\"og:type\" content=\"article\" \/>\n<meta property=\"og:title\" content=\"Bozda\u011f&#039;dan Bilal Erdo\u011fan a\u00e7\u0131klamas\u0131 - Bati Ermenistan Ve Bati Ermenileri Sorunlari Ara\u015ftirmalar Merkezi\" \/>\n<meta property=\"og:description\" content=\"HSYK kanun teklifinin kapan\u0131\u015f konu\u015fmas\u0131nda baz\u0131 milletvekillerinin Bilal Erdo\u011fan ile ilgili sorusu \u00fczerine Bakan Bozda\u011f, \u015fu a\u00e7\u0131klamay\u0131 yapt\u0131: &#8220;Bilal Erdo\u011fan hakk\u0131nda, g\u00f6zalt\u0131 , yakalama karar\u0131 \u00e7\u0131kard\u0131\u011f\u0131 bas\u0131nda yer almaktad\u0131r. Onunla ilgili bir yakalama, g\u00f6zalt\u0131 karar\u0131 olmad\u0131\u011f\u0131n\u0131 ifade etmek isterim. T\u00fcrkiye &#8216;den ayr\u0131lmas\u0131, gizlenmesi, saklanmas\u0131 gibi \u015feylerin tamam\u0131 ger\u00e7ek d\u0131\u015f\u0131d\u0131r. Bunlar\u0131n hepsi Ba\u015fbakan&#8217;\u0131m\u0131z\u0131 ve H\u00fck\u00fcmeti y\u0131pratmaya [&hellip;]\" \/>\n<meta property=\"og:url\" content=\"https:\/\/akunq.net\/tr\/?p=27975\" \/>\n<meta property=\"og:site_name\" content=\"Bati Ermenistan Ve Bati Ermenileri Sorunlari Ara\u015ftirmalar Merkezi\" \/>\n<meta property=\"article:published_time\" content=\"2014-01-18T08:01:13+00:00\" \/>\n<meta name=\"author\" content=\"admin\" \/>\n<meta name=\"twitter:card\" content=\"summary_large_image\" \/>\n<meta name=\"twitter:label1\" content=\"Written by\" \/>\n\t<meta name=\"twitter:data1\" content=\"admin\" \/>\n<script type=\"application\/ld+json\" class=\"yoast-schema-graph\">{\"@context\":\"https:\\\/\\\/schema.org\",\"@graph\":[{\"@type\":\"Article\",\"@id\":\"https:\\\/\\\/akunq.net\\\/tr\\\/?p=27975#article\",\"isPartOf\":{\"@id\":\"https:\\\/\\\/akunq.net\\\/tr\\\/?p=27975\"},\"author\":{\"name\":\"admin\",\"@id\":\"https:\\\/\\\/akunq.net\\\/tr\\\/#\\\/schema\\\/person\\\/096f1d38a12cce57fb855b485ed24c9e\"},\"headline\":\"Bozda\u011f&#8217;dan Bilal Erdo\u011fan a\u00e7\u0131klamas\u0131\",\"datePublished\":\"2014-01-18T08:01:13+00:00\",\"mainEntityOfPage\":{\"@id\":\"https:\\\/\\\/akunq.net\\\/tr\\\/?p=27975\"},\"wordCount\":99,\"commentCount\":0,\"articleSection\":[\"Haberler\"],\"inLanguage\":\"en-US\",\"potentialAction\":[{\"@type\":\"CommentAction\",\"name\":\"Comment\",\"target\":[\"https:\\\/\\\/akunq.net\\\/tr\\\/?p=27975#respond\"]}]},{\"@type\":\"WebPage\",\"@id\":\"https:\\\/\\\/akunq.net\\\/tr\\\/?p=27975\",\"url\":\"https:\\\/\\\/akunq.net\\\/tr\\\/?p=27975\",\"name\":\"Bozda\u011f'dan Bilal Erdo\u011fan a\u00e7\u0131klamas\u0131 - Bati Ermenistan Ve Bati Ermenileri Sorunlari Ara\u015ftirmalar Merkezi\",\"isPartOf\":{\"@id\":\"https:\\\/\\\/akunq.net\\\/tr\\\/#website\"},\"datePublished\":\"2014-01-18T08:01:13+00:00\",\"author\":{\"@id\":\"https:\\\/\\\/akunq.net\\\/tr\\\/#\\\/schema\\\/person\\\/096f1d38a12cce57fb855b485ed24c9e\"},\"breadcrumb\":{\"@id\":\"https:\\\/\\\/akunq.net\\\/tr\\\/?p=27975#breadcrumb\"},\"inLanguage\":\"en-US\",\"potentialAction\":[{\"@type\":\"ReadAction\",\"target\":[\"https:\\\/\\\/akunq.net\\\/tr\\\/?p=27975\"]}]},{\"@type\":\"BreadcrumbList\",\"@id\":\"https:\\\/\\\/akunq.net\\\/tr\\\/?p=27975#breadcrumb\",\"itemListElement\":[{\"@type\":\"ListItem\",\"position\":1,\"name\":\"Home\",\"item\":\"https:\\\/\\\/akunq.net\\\/tr\"},{\"@type\":\"ListItem\",\"position\":2,\"name\":\"Bozda\u011f&#8217;dan Bilal Erdo\u011fan a\u00e7\u0131klamas\u0131\"}]},{\"@type\":\"WebSite\",\"@id\":\"https:\\\/\\\/akunq.net\\\/tr\\\/#website\",\"url\":\"https:\\\/\\\/akunq.net\\\/tr\\\/\",\"name\":\"Bati Ermenistan Ve Bati Ermenileri Sorunlari Ara\u015ftirmalar Merkezi\",\"description\":\"\",\"potentialAction\":[{\"@type\":\"SearchAction\",\"target\":{\"@type\":\"EntryPoint\",\"urlTemplate\":\"https:\\\/\\\/akunq.net\\\/tr\\\/?s={search_term_string}\"},\"query-input\":{\"@type\":\"PropertyValueSpecification\",\"valueRequired\":true,\"valueName\":\"search_term_string\"}}],\"inLanguage\":\"en-US\"},{\"@type\":\"Person\",\"@id\":\"https:\\\/\\\/akunq.net\\\/tr\\\/#\\\/schema\\\/person\\\/096f1d38a12cce57fb855b485ed24c9e\",\"name\":\"admin\",\"url\":\"https:\\\/\\\/akunq.net\\\/tr\\\/?author=7\"}]}<\/script>\n<!-- \/ Yoast SEO plugin. -->","yoast_head_json":{"title":"Bozda\u011f'dan Bilal Erdo\u011fan a\u00e7\u0131klamas\u0131 - Bati Ermenistan Ve Bati Ermenileri Sorunlari Ara\u015ftirmalar Merkezi","robots":{"index":"index","follow":"follow","max-snippet":"max-snippet:-1","max-image-preview":"max-image-preview:large","max-video-preview":"max-video-preview:-1"},"canonical":"https:\/\/akunq.net\/tr\/?p=27975","og_locale":"en_US","og_type":"article","og_title":"Bozda\u011f'dan Bilal Erdo\u011fan a\u00e7\u0131klamas\u0131 - Bati Ermenistan Ve Bati Ermenileri Sorunlari Ara\u015ftirmalar Merkezi","og_description":"HSYK kanun teklifinin kapan\u0131\u015f konu\u015fmas\u0131nda baz\u0131 milletvekillerinin Bilal Erdo\u011fan ile ilgili sorusu \u00fczerine Bakan Bozda\u011f, \u015fu a\u00e7\u0131klamay\u0131 yapt\u0131: &#8220;Bilal Erdo\u011fan hakk\u0131nda, g\u00f6zalt\u0131 , yakalama karar\u0131 \u00e7\u0131kard\u0131\u011f\u0131 bas\u0131nda yer almaktad\u0131r. Onunla ilgili bir yakalama, g\u00f6zalt\u0131 karar\u0131 olmad\u0131\u011f\u0131n\u0131 ifade etmek isterim. T\u00fcrkiye &#8216;den ayr\u0131lmas\u0131, gizlenmesi, saklanmas\u0131 gibi \u015feylerin tamam\u0131 ger\u00e7ek d\u0131\u015f\u0131d\u0131r. Bunlar\u0131n hepsi Ba\u015fbakan&#8217;\u0131m\u0131z\u0131 ve H\u00fck\u00fcmeti y\u0131pratmaya [&hellip;]","og_url":"https:\/\/akunq.net\/tr\/?p=27975","og_site_name":"Bati Ermenistan Ve Bati Ermenileri Sorunlari Ara\u015ftirmalar Merkezi","article_published_time":"2014-01-18T08:01:13+00:00","author":"admin","twitter_card":"summary_large_image","twitter_misc":{"Written by":"admin"},"schema":{"@context":"https:\/\/schema.org","@graph":[{"@type":"Article","@id":"https:\/\/akunq.net\/tr\/?p=27975#article","isPartOf":{"@id":"https:\/\/akunq.net\/tr\/?p=27975"},"author":{"name":"admin","@id":"https:\/\/akunq.net\/tr\/#\/schema\/person\/096f1d38a12cce57fb855b485ed24c9e"},"headline":"Bozda\u011f&#8217;dan Bilal Erdo\u011fan a\u00e7\u0131klamas\u0131","datePublished":"2014-01-18T08:01:13+00:00","mainEntityOfPage":{"@id":"https:\/\/akunq.net\/tr\/?p=27975"},"wordCount":99,"commentCount":0,"articleSection":["Haberler"],"inLanguage":"en-US","potentialAction":[{"@type":"CommentAction","name":"Comment","target":["https:\/\/akunq.net\/tr\/?p=27975#respond"]}]},{"@type":"WebPage","@id":"https:\/\/akunq.net\/tr\/?p=27975","url":"https:\/\/akunq.net\/tr\/?p=27975","name":"Bozda\u011f'dan Bilal Erdo\u011fan a\u00e7\u0131klamas\u0131 - Bati Ermenistan Ve Bati Ermenileri Sorunlari Ara\u015ftirmalar Merkezi","isPartOf":{"@id":"https:\/\/akunq.net\/tr\/#website"},"datePublished":"2014-01-18T08:01:13+00:00","author":{"@id":"https:\/\/akunq.net\/tr\/#\/schema\/person\/096f1d38a12cce57fb855b485ed24c9e"},"breadcrumb":{"@id":"https:\/\/akunq.net\/tr\/?p=27975#breadcrumb"},"inLanguage":"en-US","potentialAction":[{"@type":"ReadAction","target":["https:\/\/akunq.net\/tr\/?p=27975"]}]},{"@type":"BreadcrumbList","@id":"https:\/\/akunq.net\/tr\/?p=27975#breadcrumb","itemListElement":[{"@type":"ListItem","position":1,"name":"Home","item":"https:\/\/akunq.net\/tr"},{"@type":"ListItem","position":2,"name":"Bozda\u011f&#8217;dan Bilal Erdo\u011fan a\u00e7\u0131klamas\u0131"}]},{"@type":"WebSite","@id":"https:\/\/akunq.net\/tr\/#website","url":"https:\/\/akunq.net\/tr\/","name":"Bati Ermenistan Ve Bati Ermenileri Sorunlari Ara\u015ftirmalar Merkezi","description":"","potentialAction":[{"@type":"SearchAction","target":{"@type":"EntryPoint","urlTemplate":"https:\/\/akunq.net\/tr\/?s={search_term_string}"},"query-input":{"@type":"PropertyValueSpecification","valueRequired":true,"valueName":"search_term_string"}}],"inLanguage":"en-US"},{"@type":"Person","@id":"https:\/\/akunq.net\/tr\/#\/schema\/person\/096f1d38a12cce57fb855b485ed24c9e","name":"admin","url":"https:\/\/akunq.net\/tr\/?author=7"}]}},"_links":{"self":[{"href":"https:\/\/akunq.net\/tr\/index.php?rest_route=\/wp\/v2\/posts\/27975","targetHints":{"allow":["GET"]}}],"collection":[{"href":"https:\/\/akunq.net\/tr\/index.php?rest_route=\/wp\/v2\/posts"}],"about":[{"href":"https:\/\/akunq.net\/tr\/index.php?rest_route=\/wp\/v2\/types\/post"}],"author":[{"embeddable":true,"href":"https:\/\/akunq.net\/tr\/index.php?rest_route=\/wp\/v2\/users\/7"}],"replies":[{"embeddable":true,"href":"https:\/\/akunq.net\/tr\/index.php?rest_route=%2Fwp%2Fv2%2Fcomments&post=27975"}],"version-history":[{"count":1,"href":"https:\/\/akunq.net\/tr\/index.php?rest_route=\/wp\/v2\/posts\/27975\/revisions"}],"predecessor-version":[{"id":27977,"href":"https:\/\/akunq.net\/tr\/index.php?rest_route=\/wp\/v2\/posts\/27975\/revisions\/27977"}],"wp:attachment":[{"href":"https:\/\/akunq.net\/tr\/index.php?rest_route=%2Fwp%2Fv2%2Fmedia&parent=27975"}],"wp:term":[{"taxonomy":"category","embeddable":true,"href":"https:\/\/akunq.net\/tr\/index.php?rest_route=%2Fwp%2Fv2%2Fcategories&post=27975"},{"taxonomy":"post_tag","embeddable":true,"href":"https:\/\/akunq.net\/tr\/index.php?rest_route=%2Fwp%2Fv2%2Ftags&post=27975"}],"curies":[{"name":"wp","href":"https:\/\/api.w.org\/{rel}","templated":true}]}}