{"id":27963,"date":"2014-01-17T05:29:26","date_gmt":"2014-01-17T10:29:26","guid":{"rendered":"http:\/\/akunq.net\/tr\/?p=27963"},"modified":"2014-01-17T05:29:26","modified_gmt":"2014-01-17T10:29:26","slug":"ermenistan-egitim-ve-bilim-bakanindan-ermenistanin-ismini-degistirme-oneri","status":"publish","type":"post","link":"https:\/\/akunq.net\/tr\/?p=27963","title":{"rendered":"Ermenistan E\u011fitim ve Bilim Bakan\u0131\u2019ndan Ermenistan\u2019\u0131n ismini de\u011fi\u015ftirme \u00f6neri"},"content":{"rendered":"<p style=\"text-align: justify;\"><b><i><a href=\"http:\/\/akunq.net\/tr\/wp-content\/uploads\/2014\/01\/Armen-Ashotyan.jpg\"><img loading=\"lazy\" decoding=\"async\" class=\"alignright size-full wp-image-27964\" alt=\"Armen Ashotyan\" src=\"http:\/\/akunq.net\/tr\/wp-content\/uploads\/2014\/01\/Armen-Ashotyan.jpg\" width=\"200\" height=\"150\" \/><\/a>Ermenistan E\u011fitim ve Bilim Bakan\u0131 Armen Ashotyan, Facebook sayfas\u0131nda Anayasa\u2019n\u0131n d\u00fczeltmeleri kapsam\u0131nda Ermenistan\u2019\u0131 Do\u011fu Ermenistan Cumhuriyeti olarak adland\u0131rma konusunu tart\u0131\u015fmay\u0131 \u00f6nerdi.<\/i><\/b><b><i><br \/>\n<\/i><\/b>Ge\u00e7ende yapt\u0131\u011f\u0131 bas\u0131n toplant\u0131s\u0131nda e\u011fitim ve bilim alanlar\u0131nda yer alan konular\u0131 de\u011fenlendiren Ashotyan, pek ilgin\u00e7 bir \u00f6nerisinin gazetecilerin g\u00f6zlerinden ka\u00e7t\u0131\u011f\u0131n\u0131 vurgulad\u0131.<\/p>\n<p>E\u011fitim ve Bilim Bakan\u0131, sayfas\u0131nda \u015funlar\u0131 kaydetti:<br \/>\n\u201cS\u00f6z konusu Anayasa d\u00fczeltmesidir. Ben\u00a0\u00fclkemizin\u00a0ad\u0131n\u0131\u00a0de\u011fi\u015ftirme\u00a0konusunun\u00a0tart\u0131\u015fmas\u0131n\u0131 \u00f6neriyorum.\u00a0Bence, e\u011fer Ermeni\u00a0Platosu\u2019nun\u00a0bu\u00a0k\u0131sm\u0131nda\u00a0kurulan\u00a0devlet,\u00a0Do\u011fu\u00a0Ermenistan\u00a0Cumhuriyeti\u00a0olarak\u00a0adland\u0131r\u0131lsa, daha\u00a0do\u011fru\u00a0olur. Ben bu \u00f6neriyi yine Anayasa de\u011fi\u015fiklikleri kapsam\u0131nda daha 2005 y\u0131l\u0131nda yapm\u0131\u015ft\u0131m. Fikirlerinizi payla\u015f\u0131rsan\u0131z sevinirim.\u201d<\/p>\n<p style=\"text-align: justify;\"><b><i>http:\/\/ermenihaber.am\/?lang_id=1&amp;news_=4&amp;cur_news=1370<\/i><\/b><\/p>\n","protected":false},"excerpt":{"rendered":"<p>Ermenistan E\u011fitim ve Bilim Bakan\u0131 Armen Ashotyan, Facebook sayfas\u0131nda Anayasa\u2019n\u0131n d\u00fczeltmeleri kapsam\u0131nda Ermenistan\u2019\u0131 Do\u011fu Ermenistan Cumhuriyeti olarak adland\u0131rma konusunu tart\u0131\u015fmay\u0131 \u00f6nerdi. Ge\u00e7ende yapt\u0131\u011f\u0131 bas\u0131n toplant\u0131s\u0131nda e\u011fitim ve bilim alanlar\u0131nda yer alan konular\u0131 de\u011fenlendiren Ashotyan, pek ilgin\u00e7 bir \u00f6nerisinin gazetecilerin g\u00f6zlerinden ka\u00e7t\u0131\u011f\u0131n\u0131 vurgulad\u0131. E\u011fitim ve Bilim Bakan\u0131, sayfas\u0131nda \u015funlar\u0131 kaydetti: \u201cS\u00f6z konusu Anayasa d\u00fczeltmesidir. Ben\u00a0\u00fclkemizin\u00a0ad\u0131n\u0131\u00a0de\u011fi\u015ftirme\u00a0konusunun\u00a0tart\u0131\u015fmas\u0131n\u0131 \u00f6neriyorum.\u00a0Bence, [&hellip;]<\/p>\n","protected":false},"author":7,"featured_media":0,"comment_status":"open","ping_status":"open","sticky":false,"template":"","format":"standard","meta":{"footnotes":""},"categories":[1],"tags":[],"class_list":["post-27963","post","type-post","status-publish","format-standard","hentry","category-haberler"],"yoast_head":"<!-- This site is optimized with the Yoast SEO plugin v27.4 - https:\/\/yoast.com\/product\/yoast-seo-wordpress\/ -->\n<title>Ermenistan E\u011fitim ve Bilim Bakan\u0131\u2019ndan Ermenistan\u2019\u0131n ismini de\u011fi\u015ftirme \u00f6neri - Bati Ermenistan Ve Bati Ermenileri Sorunlari Ara\u015ftirmalar Merkezi<\/title>\n<meta name=\"robots\" content=\"index, follow, max-snippet:-1, max-image-preview:large, max-video-preview:-1\" \/>\n<link rel=\"canonical\" href=\"https:\/\/akunq.net\/tr\/?p=27963\" \/>\n<meta property=\"og:locale\" content=\"en_US\" \/>\n<meta property=\"og:type\" content=\"article\" \/>\n<meta property=\"og:title\" content=\"Ermenistan E\u011fitim ve Bilim Bakan\u0131\u2019ndan Ermenistan\u2019\u0131n ismini de\u011fi\u015ftirme \u00f6neri - Bati Ermenistan Ve Bati Ermenileri Sorunlari Ara\u015ftirmalar Merkezi\" \/>\n<meta property=\"og:description\" content=\"Ermenistan E\u011fitim ve Bilim Bakan\u0131 Armen Ashotyan, Facebook sayfas\u0131nda Anayasa\u2019n\u0131n d\u00fczeltmeleri kapsam\u0131nda Ermenistan\u2019\u0131 Do\u011fu Ermenistan Cumhuriyeti olarak adland\u0131rma konusunu tart\u0131\u015fmay\u0131 \u00f6nerdi. Ge\u00e7ende yapt\u0131\u011f\u0131 bas\u0131n toplant\u0131s\u0131nda e\u011fitim ve bilim alanlar\u0131nda yer alan konular\u0131 de\u011fenlendiren Ashotyan, pek ilgin\u00e7 bir \u00f6nerisinin gazetecilerin g\u00f6zlerinden ka\u00e7t\u0131\u011f\u0131n\u0131 vurgulad\u0131. E\u011fitim ve Bilim Bakan\u0131, sayfas\u0131nda \u015funlar\u0131 kaydetti: \u201cS\u00f6z konusu Anayasa d\u00fczeltmesidir. Ben\u00a0\u00fclkemizin\u00a0ad\u0131n\u0131\u00a0de\u011fi\u015ftirme\u00a0konusunun\u00a0tart\u0131\u015fmas\u0131n\u0131 \u00f6neriyorum.\u00a0Bence, [&hellip;]\" \/>\n<meta property=\"og:url\" content=\"https:\/\/akunq.net\/tr\/?p=27963\" \/>\n<meta property=\"og:site_name\" content=\"Bati Ermenistan Ve Bati Ermenileri Sorunlari Ara\u015ftirmalar Merkezi\" \/>\n<meta property=\"article:published_time\" content=\"2014-01-17T10:29:26+00:00\" \/>\n<meta property=\"og:image\" content=\"http:\/\/akunq.net\/tr\/wp-content\/uploads\/2014\/01\/Armen-Ashotyan.jpg\" \/>\n<meta name=\"author\" content=\"admin\" \/>\n<meta name=\"twitter:card\" content=\"summary_large_image\" \/>\n<meta name=\"twitter:label1\" content=\"Written by\" \/>\n\t<meta name=\"twitter:data1\" content=\"admin\" \/>\n\t<meta name=\"twitter:label2\" content=\"Est. reading time\" \/>\n\t<meta name=\"twitter:data2\" content=\"1 minute\" \/>\n<script type=\"application\/ld+json\" class=\"yoast-schema-graph\">{\"@context\":\"https:\\\/\\\/schema.org\",\"@graph\":[{\"@type\":\"Article\",\"@id\":\"https:\\\/\\\/akunq.net\\\/tr\\\/?p=27963#article\",\"isPartOf\":{\"@id\":\"https:\\\/\\\/akunq.net\\\/tr\\\/?p=27963\"},\"author\":{\"name\":\"admin\",\"@id\":\"https:\\\/\\\/akunq.net\\\/tr\\\/#\\\/schema\\\/person\\\/096f1d38a12cce57fb855b485ed24c9e\"},\"headline\":\"Ermenistan E\u011fitim ve Bilim Bakan\u0131\u2019ndan Ermenistan\u2019\u0131n ismini de\u011fi\u015ftirme \u00f6neri\",\"datePublished\":\"2014-01-17T10:29:26+00:00\",\"mainEntityOfPage\":{\"@id\":\"https:\\\/\\\/akunq.net\\\/tr\\\/?p=27963\"},\"wordCount\":158,\"commentCount\":0,\"image\":{\"@id\":\"https:\\\/\\\/akunq.net\\\/tr\\\/?p=27963#primaryimage\"},\"thumbnailUrl\":\"http:\\\/\\\/akunq.net\\\/tr\\\/wp-content\\\/uploads\\\/2014\\\/01\\\/Armen-Ashotyan.jpg\",\"articleSection\":[\"Haberler\"],\"inLanguage\":\"en-US\",\"potentialAction\":[{\"@type\":\"CommentAction\",\"name\":\"Comment\",\"target\":[\"https:\\\/\\\/akunq.net\\\/tr\\\/?p=27963#respond\"]}]},{\"@type\":\"WebPage\",\"@id\":\"https:\\\/\\\/akunq.net\\\/tr\\\/?p=27963\",\"url\":\"https:\\\/\\\/akunq.net\\\/tr\\\/?p=27963\",\"name\":\"Ermenistan E\u011fitim ve Bilim Bakan\u0131\u2019ndan Ermenistan\u2019\u0131n ismini de\u011fi\u015ftirme \u00f6neri - Bati Ermenistan Ve Bati Ermenileri Sorunlari Ara\u015ftirmalar Merkezi\",\"isPartOf\":{\"@id\":\"https:\\\/\\\/akunq.net\\\/tr\\\/#website\"},\"primaryImageOfPage\":{\"@id\":\"https:\\\/\\\/akunq.net\\\/tr\\\/?p=27963#primaryimage\"},\"image\":{\"@id\":\"https:\\\/\\\/akunq.net\\\/tr\\\/?p=27963#primaryimage\"},\"thumbnailUrl\":\"http:\\\/\\\/akunq.net\\\/tr\\\/wp-content\\\/uploads\\\/2014\\\/01\\\/Armen-Ashotyan.jpg\",\"datePublished\":\"2014-01-17T10:29:26+00:00\",\"author\":{\"@id\":\"https:\\\/\\\/akunq.net\\\/tr\\\/#\\\/schema\\\/person\\\/096f1d38a12cce57fb855b485ed24c9e\"},\"breadcrumb\":{\"@id\":\"https:\\\/\\\/akunq.net\\\/tr\\\/?p=27963#breadcrumb\"},\"inLanguage\":\"en-US\",\"potentialAction\":[{\"@type\":\"ReadAction\",\"target\":[\"https:\\\/\\\/akunq.net\\\/tr\\\/?p=27963\"]}]},{\"@type\":\"ImageObject\",\"inLanguage\":\"en-US\",\"@id\":\"https:\\\/\\\/akunq.net\\\/tr\\\/?p=27963#primaryimage\",\"url\":\"http:\\\/\\\/akunq.net\\\/tr\\\/wp-content\\\/uploads\\\/2014\\\/01\\\/Armen-Ashotyan.jpg\",\"contentUrl\":\"http:\\\/\\\/akunq.net\\\/tr\\\/wp-content\\\/uploads\\\/2014\\\/01\\\/Armen-Ashotyan.jpg\"},{\"@type\":\"BreadcrumbList\",\"@id\":\"https:\\\/\\\/akunq.net\\\/tr\\\/?p=27963#breadcrumb\",\"itemListElement\":[{\"@type\":\"ListItem\",\"position\":1,\"name\":\"Home\",\"item\":\"https:\\\/\\\/akunq.net\\\/tr\"},{\"@type\":\"ListItem\",\"position\":2,\"name\":\"Ermenistan E\u011fitim ve Bilim Bakan\u0131\u2019ndan Ermenistan\u2019\u0131n ismini de\u011fi\u015ftirme \u00f6neri\"}]},{\"@type\":\"WebSite\",\"@id\":\"https:\\\/\\\/akunq.net\\\/tr\\\/#website\",\"url\":\"https:\\\/\\\/akunq.net\\\/tr\\\/\",\"name\":\"Bati Ermenistan Ve Bati Ermenileri Sorunlari Ara\u015ftirmalar Merkezi\",\"description\":\"\",\"potentialAction\":[{\"@type\":\"SearchAction\",\"target\":{\"@type\":\"EntryPoint\",\"urlTemplate\":\"https:\\\/\\\/akunq.net\\\/tr\\\/?s={search_term_string}\"},\"query-input\":{\"@type\":\"PropertyValueSpecification\",\"valueRequired\":true,\"valueName\":\"search_term_string\"}}],\"inLanguage\":\"en-US\"},{\"@type\":\"Person\",\"@id\":\"https:\\\/\\\/akunq.net\\\/tr\\\/#\\\/schema\\\/person\\\/096f1d38a12cce57fb855b485ed24c9e\",\"name\":\"admin\",\"url\":\"https:\\\/\\\/akunq.net\\\/tr\\\/?author=7\"}]}<\/script>\n<!-- \/ Yoast SEO plugin. -->","yoast_head_json":{"title":"Ermenistan E\u011fitim ve Bilim Bakan\u0131\u2019ndan Ermenistan\u2019\u0131n ismini de\u011fi\u015ftirme \u00f6neri - Bati Ermenistan Ve Bati Ermenileri Sorunlari Ara\u015ftirmalar Merkezi","robots":{"index":"index","follow":"follow","max-snippet":"max-snippet:-1","max-image-preview":"max-image-preview:large","max-video-preview":"max-video-preview:-1"},"canonical":"https:\/\/akunq.net\/tr\/?p=27963","og_locale":"en_US","og_type":"article","og_title":"Ermenistan E\u011fitim ve Bilim Bakan\u0131\u2019ndan Ermenistan\u2019\u0131n ismini de\u011fi\u015ftirme \u00f6neri - Bati Ermenistan Ve Bati Ermenileri Sorunlari Ara\u015ftirmalar Merkezi","og_description":"Ermenistan E\u011fitim ve Bilim Bakan\u0131 Armen Ashotyan, Facebook sayfas\u0131nda Anayasa\u2019n\u0131n d\u00fczeltmeleri kapsam\u0131nda Ermenistan\u2019\u0131 Do\u011fu Ermenistan Cumhuriyeti olarak adland\u0131rma konusunu tart\u0131\u015fmay\u0131 \u00f6nerdi. Ge\u00e7ende yapt\u0131\u011f\u0131 bas\u0131n toplant\u0131s\u0131nda e\u011fitim ve bilim alanlar\u0131nda yer alan konular\u0131 de\u011fenlendiren Ashotyan, pek ilgin\u00e7 bir \u00f6nerisinin gazetecilerin g\u00f6zlerinden ka\u00e7t\u0131\u011f\u0131n\u0131 vurgulad\u0131. E\u011fitim ve Bilim Bakan\u0131, sayfas\u0131nda \u015funlar\u0131 kaydetti: \u201cS\u00f6z konusu Anayasa d\u00fczeltmesidir. Ben\u00a0\u00fclkemizin\u00a0ad\u0131n\u0131\u00a0de\u011fi\u015ftirme\u00a0konusunun\u00a0tart\u0131\u015fmas\u0131n\u0131 \u00f6neriyorum.\u00a0Bence, [&hellip;]","og_url":"https:\/\/akunq.net\/tr\/?p=27963","og_site_name":"Bati Ermenistan Ve Bati Ermenileri Sorunlari Ara\u015ftirmalar Merkezi","article_published_time":"2014-01-17T10:29:26+00:00","og_image":[{"url":"http:\/\/akunq.net\/tr\/wp-content\/uploads\/2014\/01\/Armen-Ashotyan.jpg","type":"","width":"","height":""}],"author":"admin","twitter_card":"summary_large_image","twitter_misc":{"Written by":"admin","Est. reading time":"1 minute"},"schema":{"@context":"https:\/\/schema.org","@graph":[{"@type":"Article","@id":"https:\/\/akunq.net\/tr\/?p=27963#article","isPartOf":{"@id":"https:\/\/akunq.net\/tr\/?p=27963"},"author":{"name":"admin","@id":"https:\/\/akunq.net\/tr\/#\/schema\/person\/096f1d38a12cce57fb855b485ed24c9e"},"headline":"Ermenistan E\u011fitim ve Bilim Bakan\u0131\u2019ndan Ermenistan\u2019\u0131n ismini de\u011fi\u015ftirme \u00f6neri","datePublished":"2014-01-17T10:29:26+00:00","mainEntityOfPage":{"@id":"https:\/\/akunq.net\/tr\/?p=27963"},"wordCount":158,"commentCount":0,"image":{"@id":"https:\/\/akunq.net\/tr\/?p=27963#primaryimage"},"thumbnailUrl":"http:\/\/akunq.net\/tr\/wp-content\/uploads\/2014\/01\/Armen-Ashotyan.jpg","articleSection":["Haberler"],"inLanguage":"en-US","potentialAction":[{"@type":"CommentAction","name":"Comment","target":["https:\/\/akunq.net\/tr\/?p=27963#respond"]}]},{"@type":"WebPage","@id":"https:\/\/akunq.net\/tr\/?p=27963","url":"https:\/\/akunq.net\/tr\/?p=27963","name":"Ermenistan E\u011fitim ve Bilim Bakan\u0131\u2019ndan Ermenistan\u2019\u0131n ismini de\u011fi\u015ftirme \u00f6neri - Bati Ermenistan Ve Bati Ermenileri Sorunlari Ara\u015ftirmalar Merkezi","isPartOf":{"@id":"https:\/\/akunq.net\/tr\/#website"},"primaryImageOfPage":{"@id":"https:\/\/akunq.net\/tr\/?p=27963#primaryimage"},"image":{"@id":"https:\/\/akunq.net\/tr\/?p=27963#primaryimage"},"thumbnailUrl":"http:\/\/akunq.net\/tr\/wp-content\/uploads\/2014\/01\/Armen-Ashotyan.jpg","datePublished":"2014-01-17T10:29:26+00:00","author":{"@id":"https:\/\/akunq.net\/tr\/#\/schema\/person\/096f1d38a12cce57fb855b485ed24c9e"},"breadcrumb":{"@id":"https:\/\/akunq.net\/tr\/?p=27963#breadcrumb"},"inLanguage":"en-US","potentialAction":[{"@type":"ReadAction","target":["https:\/\/akunq.net\/tr\/?p=27963"]}]},{"@type":"ImageObject","inLanguage":"en-US","@id":"https:\/\/akunq.net\/tr\/?p=27963#primaryimage","url":"http:\/\/akunq.net\/tr\/wp-content\/uploads\/2014\/01\/Armen-Ashotyan.jpg","contentUrl":"http:\/\/akunq.net\/tr\/wp-content\/uploads\/2014\/01\/Armen-Ashotyan.jpg"},{"@type":"BreadcrumbList","@id":"https:\/\/akunq.net\/tr\/?p=27963#breadcrumb","itemListElement":[{"@type":"ListItem","position":1,"name":"Home","item":"https:\/\/akunq.net\/tr"},{"@type":"ListItem","position":2,"name":"Ermenistan E\u011fitim ve Bilim Bakan\u0131\u2019ndan Ermenistan\u2019\u0131n ismini de\u011fi\u015ftirme \u00f6neri"}]},{"@type":"WebSite","@id":"https:\/\/akunq.net\/tr\/#website","url":"https:\/\/akunq.net\/tr\/","name":"Bati Ermenistan Ve Bati Ermenileri Sorunlari Ara\u015ftirmalar Merkezi","description":"","potentialAction":[{"@type":"SearchAction","target":{"@type":"EntryPoint","urlTemplate":"https:\/\/akunq.net\/tr\/?s={search_term_string}"},"query-input":{"@type":"PropertyValueSpecification","valueRequired":true,"valueName":"search_term_string"}}],"inLanguage":"en-US"},{"@type":"Person","@id":"https:\/\/akunq.net\/tr\/#\/schema\/person\/096f1d38a12cce57fb855b485ed24c9e","name":"admin","url":"https:\/\/akunq.net\/tr\/?author=7"}]}},"_links":{"self":[{"href":"https:\/\/akunq.net\/tr\/index.php?rest_route=\/wp\/v2\/posts\/27963","targetHints":{"allow":["GET"]}}],"collection":[{"href":"https:\/\/akunq.net\/tr\/index.php?rest_route=\/wp\/v2\/posts"}],"about":[{"href":"https:\/\/akunq.net\/tr\/index.php?rest_route=\/wp\/v2\/types\/post"}],"author":[{"embeddable":true,"href":"https:\/\/akunq.net\/tr\/index.php?rest_route=\/wp\/v2\/users\/7"}],"replies":[{"embeddable":true,"href":"https:\/\/akunq.net\/tr\/index.php?rest_route=%2Fwp%2Fv2%2Fcomments&post=27963"}],"version-history":[{"count":1,"href":"https:\/\/akunq.net\/tr\/index.php?rest_route=\/wp\/v2\/posts\/27963\/revisions"}],"predecessor-version":[{"id":27965,"href":"https:\/\/akunq.net\/tr\/index.php?rest_route=\/wp\/v2\/posts\/27963\/revisions\/27965"}],"wp:attachment":[{"href":"https:\/\/akunq.net\/tr\/index.php?rest_route=%2Fwp%2Fv2%2Fmedia&parent=27963"}],"wp:term":[{"taxonomy":"category","embeddable":true,"href":"https:\/\/akunq.net\/tr\/index.php?rest_route=%2Fwp%2Fv2%2Fcategories&post=27963"},{"taxonomy":"post_tag","embeddable":true,"href":"https:\/\/akunq.net\/tr\/index.php?rest_route=%2Fwp%2Fv2%2Ftags&post=27963"}],"curies":[{"name":"wp","href":"https:\/\/api.w.org\/{rel}","templated":true}]}}