{"id":27947,"date":"2014-01-17T03:08:02","date_gmt":"2014-01-17T08:08:02","guid":{"rendered":"http:\/\/akunq.net\/tr\/?p=27947"},"modified":"2014-01-17T03:08:18","modified_gmt":"2014-01-17T08:08:18","slug":"hrant-dink-dogdugu-evde-anilacak","status":"publish","type":"post","link":"https:\/\/akunq.net\/tr\/?p=27947","title":{"rendered":"Hrant Dink do\u011fdu\u011fu evde an\u0131lacak"},"content":{"rendered":"<p style=\"text-align: justify;\"><b><i><a href=\"http:\/\/akunq.net\/tr\/wp-content\/uploads\/2014\/01\/\u0540\u0580\u0561\u0576\u057f-\u0534\u056b\u0576\u0584.jpg\"><img loading=\"lazy\" decoding=\"async\" class=\"alignright size-medium wp-image-27948\" alt=\"\u0540\u0580\u0561\u0576\u057f \u0534\u056b\u0576\u0584\" src=\"http:\/\/akunq.net\/tr\/wp-content\/uploads\/2014\/01\/\u0540\u0580\u0561\u0576\u057f-\u0534\u056b\u0576\u0584-300x222.jpg\" width=\"300\" height=\"222\" srcset=\"https:\/\/akunq.net\/tr\/wp-content\/uploads\/sites\/6\/2014\/01\/\u0540\u0580\u0561\u0576\u057f-\u0534\u056b\u0576\u0584-300x222.jpg 300w, https:\/\/akunq.net\/tr\/wp-content\/uploads\/sites\/6\/2014\/01\/\u0540\u0580\u0561\u0576\u057f-\u0534\u056b\u0576\u0584.jpg 520w\" sizes=\"auto, (max-width: 300px) 100vw, 300px\" \/><\/a>Malatya Hrant Dink Platformu; Agos Gazetesi Genel Yay\u0131n Y\u00f6netmeni Hrant Dink&#8217;in katledilmesinin y\u0131ld\u00f6n\u00fcm\u00fc nedeniyle 18 Ocak&#8217;ta do\u011fdu\u011fu evde anma etkinli\u011fi d\u00fczenleyecek.\u00a0<\/i><\/b><\/p>\n<p style=\"text-align: justify;\">Malatya Hrant Dink Platformu,\u00a0Agos Gazetesi Genel Yay\u0131n Y\u00f6netmeni Hrant Dink&#8217;in katledilmesinin y\u0131ld\u00f6n\u00fcm\u00fcne ili\u015fkin E\u011fitim Sen Malatya \u015eubesi&#8217;nde bas\u0131n toplant\u0131s\u0131 d\u00fczenledi. Platform \u00fcyesi Nural K\u0131z\u0131lda\u011f, &#8220;Bizler platform olarak 18 Ocak Cumartesi g\u00fcn\u00fc saat 14.00&#8217;da Malatya K\u0131z Meslek Lisesi \u00f6n\u00fcnde toplanarak &#8216;Hrant do\u011fdu\u011fu topraklarda an\u0131l\u0131yor&#8217; \u015fiar\u0131yla Dink&#8217;in do\u011fdu\u011fu eve y\u00fcr\u00fcyece\u011fiz&#8221; dedi.\u00a0<\/p>\n<p style=\"text-align: justify;\">Yap\u0131lacak anma etkinli\u011fine t\u00fcm duyarl\u0131 kesimleri davet eden K\u0131z\u0131lda\u011f, &#8220;T\u00fcm duyarl\u0131 halk\u0131m\u0131z\u0131, ayd\u0131nlar\u0131m\u0131z\u0131, sanat\u00e7\u0131lar\u0131m\u0131z\u0131, yazarlar\u0131m\u0131z\u0131, siyaset\u00e7ilerimizi 19 Ocak&#8217;ta Agos Gazetesi \u00f6n\u00fcnde yap\u0131lacak b\u00fcy\u00fck anma \u00f6ncesi Malatya&#8217;daki etkinli\u011fe t\u00fcm duyarl\u0131 halk\u0131m\u0131z\u0131 davet ediyoruz. Bizlerin bir arada duru\u015fu, karanl\u0131klar\u0131 ayd\u0131nlataca\u011f\u0131n, katilleri yarg\u0131lataca\u011f\u0131na inan\u0131yoruz&#8221; diye konu\u015ftu.\u00a0<\/p>\n<p style=\"text-align: justify;\"><b><i>http:\/\/www.bestanuce1.com\/haber\/79302\/hrant-dink-dogdugu-evde-anilacak<\/i><\/b><\/p>\n","protected":false},"excerpt":{"rendered":"<p>Malatya Hrant Dink Platformu; Agos Gazetesi Genel Yay\u0131n Y\u00f6netmeni Hrant Dink&#8217;in katledilmesinin y\u0131ld\u00f6n\u00fcm\u00fc nedeniyle 18 Ocak&#8217;ta do\u011fdu\u011fu evde anma etkinli\u011fi d\u00fczenleyecek.\u00a0 Malatya Hrant Dink Platformu,\u00a0Agos Gazetesi Genel Yay\u0131n Y\u00f6netmeni Hrant Dink&#8217;in katledilmesinin y\u0131ld\u00f6n\u00fcm\u00fcne ili\u015fkin E\u011fitim Sen Malatya \u015eubesi&#8217;nde bas\u0131n toplant\u0131s\u0131 d\u00fczenledi. Platform \u00fcyesi Nural K\u0131z\u0131lda\u011f, &#8220;Bizler platform olarak 18 Ocak Cumartesi g\u00fcn\u00fc saat 14.00&#8217;da Malatya [&hellip;]<\/p>\n","protected":false},"author":7,"featured_media":0,"comment_status":"open","ping_status":"open","sticky":false,"template":"","format":"standard","meta":{"footnotes":""},"categories":[1],"tags":[],"class_list":["post-27947","post","type-post","status-publish","format-standard","hentry","category-haberler"],"yoast_head":"<!-- This site is optimized with the Yoast SEO plugin v27.4 - https:\/\/yoast.com\/product\/yoast-seo-wordpress\/ -->\n<title>Hrant Dink do\u011fdu\u011fu evde an\u0131lacak - Bati Ermenistan Ve Bati Ermenileri Sorunlari Ara\u015ftirmalar Merkezi<\/title>\n<meta name=\"robots\" content=\"index, follow, max-snippet:-1, max-image-preview:large, max-video-preview:-1\" \/>\n<link rel=\"canonical\" href=\"https:\/\/akunq.net\/tr\/?p=27947\" \/>\n<meta property=\"og:locale\" content=\"en_US\" \/>\n<meta property=\"og:type\" content=\"article\" \/>\n<meta property=\"og:title\" content=\"Hrant Dink do\u011fdu\u011fu evde an\u0131lacak - Bati Ermenistan Ve Bati Ermenileri Sorunlari Ara\u015ftirmalar Merkezi\" \/>\n<meta property=\"og:description\" content=\"Malatya Hrant Dink Platformu; Agos Gazetesi Genel Yay\u0131n Y\u00f6netmeni Hrant Dink&#8217;in katledilmesinin y\u0131ld\u00f6n\u00fcm\u00fc nedeniyle 18 Ocak&#8217;ta do\u011fdu\u011fu evde anma etkinli\u011fi d\u00fczenleyecek.\u00a0 Malatya Hrant Dink Platformu,\u00a0Agos Gazetesi Genel Yay\u0131n Y\u00f6netmeni Hrant Dink&#8217;in katledilmesinin y\u0131ld\u00f6n\u00fcm\u00fcne ili\u015fkin E\u011fitim Sen Malatya \u015eubesi&#8217;nde bas\u0131n toplant\u0131s\u0131 d\u00fczenledi. Platform \u00fcyesi Nural K\u0131z\u0131lda\u011f, &#8220;Bizler platform olarak 18 Ocak Cumartesi g\u00fcn\u00fc saat 14.00&#8217;da Malatya [&hellip;]\" \/>\n<meta property=\"og:url\" content=\"https:\/\/akunq.net\/tr\/?p=27947\" \/>\n<meta property=\"og:site_name\" content=\"Bati Ermenistan Ve Bati Ermenileri Sorunlari Ara\u015ftirmalar Merkezi\" \/>\n<meta property=\"article:published_time\" content=\"2014-01-17T08:08:02+00:00\" \/>\n<meta property=\"article:modified_time\" content=\"2014-01-17T08:08:18+00:00\" \/>\n<meta name=\"author\" content=\"admin\" \/>\n<meta name=\"twitter:card\" content=\"summary_large_image\" \/>\n<meta name=\"twitter:label1\" content=\"Written by\" \/>\n\t<meta name=\"twitter:data1\" content=\"admin\" \/>\n\t<meta name=\"twitter:label2\" content=\"Est. reading time\" \/>\n\t<meta name=\"twitter:data2\" content=\"1 minute\" \/>\n<script type=\"application\/ld+json\" class=\"yoast-schema-graph\">{\"@context\":\"https:\\\/\\\/schema.org\",\"@graph\":[{\"@type\":\"Article\",\"@id\":\"https:\\\/\\\/akunq.net\\\/tr\\\/?p=27947#article\",\"isPartOf\":{\"@id\":\"https:\\\/\\\/akunq.net\\\/tr\\\/?p=27947\"},\"author\":{\"name\":\"admin\",\"@id\":\"https:\\\/\\\/akunq.net\\\/tr\\\/#\\\/schema\\\/person\\\/096f1d38a12cce57fb855b485ed24c9e\"},\"headline\":\"Hrant Dink do\u011fdu\u011fu evde an\u0131lacak\",\"datePublished\":\"2014-01-17T08:08:02+00:00\",\"dateModified\":\"2014-01-17T08:08:18+00:00\",\"mainEntityOfPage\":{\"@id\":\"https:\\\/\\\/akunq.net\\\/tr\\\/?p=27947\"},\"wordCount\":193,\"commentCount\":0,\"articleSection\":[\"Haberler\"],\"inLanguage\":\"en-US\",\"potentialAction\":[{\"@type\":\"CommentAction\",\"name\":\"Comment\",\"target\":[\"https:\\\/\\\/akunq.net\\\/tr\\\/?p=27947#respond\"]}]},{\"@type\":\"WebPage\",\"@id\":\"https:\\\/\\\/akunq.net\\\/tr\\\/?p=27947\",\"url\":\"https:\\\/\\\/akunq.net\\\/tr\\\/?p=27947\",\"name\":\"Hrant Dink do\u011fdu\u011fu evde an\u0131lacak - Bati Ermenistan Ve Bati Ermenileri Sorunlari Ara\u015ftirmalar Merkezi\",\"isPartOf\":{\"@id\":\"https:\\\/\\\/akunq.net\\\/tr\\\/#website\"},\"datePublished\":\"2014-01-17T08:08:02+00:00\",\"dateModified\":\"2014-01-17T08:08:18+00:00\",\"author\":{\"@id\":\"https:\\\/\\\/akunq.net\\\/tr\\\/#\\\/schema\\\/person\\\/096f1d38a12cce57fb855b485ed24c9e\"},\"breadcrumb\":{\"@id\":\"https:\\\/\\\/akunq.net\\\/tr\\\/?p=27947#breadcrumb\"},\"inLanguage\":\"en-US\",\"potentialAction\":[{\"@type\":\"ReadAction\",\"target\":[\"https:\\\/\\\/akunq.net\\\/tr\\\/?p=27947\"]}]},{\"@type\":\"BreadcrumbList\",\"@id\":\"https:\\\/\\\/akunq.net\\\/tr\\\/?p=27947#breadcrumb\",\"itemListElement\":[{\"@type\":\"ListItem\",\"position\":1,\"name\":\"Home\",\"item\":\"https:\\\/\\\/akunq.net\\\/tr\"},{\"@type\":\"ListItem\",\"position\":2,\"name\":\"Hrant Dink do\u011fdu\u011fu evde an\u0131lacak\"}]},{\"@type\":\"WebSite\",\"@id\":\"https:\\\/\\\/akunq.net\\\/tr\\\/#website\",\"url\":\"https:\\\/\\\/akunq.net\\\/tr\\\/\",\"name\":\"Bati Ermenistan Ve Bati Ermenileri Sorunlari Ara\u015ftirmalar Merkezi\",\"description\":\"\",\"potentialAction\":[{\"@type\":\"SearchAction\",\"target\":{\"@type\":\"EntryPoint\",\"urlTemplate\":\"https:\\\/\\\/akunq.net\\\/tr\\\/?s={search_term_string}\"},\"query-input\":{\"@type\":\"PropertyValueSpecification\",\"valueRequired\":true,\"valueName\":\"search_term_string\"}}],\"inLanguage\":\"en-US\"},{\"@type\":\"Person\",\"@id\":\"https:\\\/\\\/akunq.net\\\/tr\\\/#\\\/schema\\\/person\\\/096f1d38a12cce57fb855b485ed24c9e\",\"name\":\"admin\",\"url\":\"https:\\\/\\\/akunq.net\\\/tr\\\/?author=7\"}]}<\/script>\n<!-- \/ Yoast SEO plugin. -->","yoast_head_json":{"title":"Hrant Dink do\u011fdu\u011fu evde an\u0131lacak - Bati Ermenistan Ve Bati Ermenileri Sorunlari Ara\u015ftirmalar Merkezi","robots":{"index":"index","follow":"follow","max-snippet":"max-snippet:-1","max-image-preview":"max-image-preview:large","max-video-preview":"max-video-preview:-1"},"canonical":"https:\/\/akunq.net\/tr\/?p=27947","og_locale":"en_US","og_type":"article","og_title":"Hrant Dink do\u011fdu\u011fu evde an\u0131lacak - Bati Ermenistan Ve Bati Ermenileri Sorunlari Ara\u015ftirmalar Merkezi","og_description":"Malatya Hrant Dink Platformu; Agos Gazetesi Genel Yay\u0131n Y\u00f6netmeni Hrant Dink&#8217;in katledilmesinin y\u0131ld\u00f6n\u00fcm\u00fc nedeniyle 18 Ocak&#8217;ta do\u011fdu\u011fu evde anma etkinli\u011fi d\u00fczenleyecek.\u00a0 Malatya Hrant Dink Platformu,\u00a0Agos Gazetesi Genel Yay\u0131n Y\u00f6netmeni Hrant Dink&#8217;in katledilmesinin y\u0131ld\u00f6n\u00fcm\u00fcne ili\u015fkin E\u011fitim Sen Malatya \u015eubesi&#8217;nde bas\u0131n toplant\u0131s\u0131 d\u00fczenledi. Platform \u00fcyesi Nural K\u0131z\u0131lda\u011f, &#8220;Bizler platform olarak 18 Ocak Cumartesi g\u00fcn\u00fc saat 14.00&#8217;da Malatya [&hellip;]","og_url":"https:\/\/akunq.net\/tr\/?p=27947","og_site_name":"Bati Ermenistan Ve Bati Ermenileri Sorunlari Ara\u015ftirmalar Merkezi","article_published_time":"2014-01-17T08:08:02+00:00","article_modified_time":"2014-01-17T08:08:18+00:00","author":"admin","twitter_card":"summary_large_image","twitter_misc":{"Written by":"admin","Est. reading time":"1 minute"},"schema":{"@context":"https:\/\/schema.org","@graph":[{"@type":"Article","@id":"https:\/\/akunq.net\/tr\/?p=27947#article","isPartOf":{"@id":"https:\/\/akunq.net\/tr\/?p=27947"},"author":{"name":"admin","@id":"https:\/\/akunq.net\/tr\/#\/schema\/person\/096f1d38a12cce57fb855b485ed24c9e"},"headline":"Hrant Dink do\u011fdu\u011fu evde an\u0131lacak","datePublished":"2014-01-17T08:08:02+00:00","dateModified":"2014-01-17T08:08:18+00:00","mainEntityOfPage":{"@id":"https:\/\/akunq.net\/tr\/?p=27947"},"wordCount":193,"commentCount":0,"articleSection":["Haberler"],"inLanguage":"en-US","potentialAction":[{"@type":"CommentAction","name":"Comment","target":["https:\/\/akunq.net\/tr\/?p=27947#respond"]}]},{"@type":"WebPage","@id":"https:\/\/akunq.net\/tr\/?p=27947","url":"https:\/\/akunq.net\/tr\/?p=27947","name":"Hrant Dink do\u011fdu\u011fu evde an\u0131lacak - Bati Ermenistan Ve Bati Ermenileri Sorunlari Ara\u015ftirmalar Merkezi","isPartOf":{"@id":"https:\/\/akunq.net\/tr\/#website"},"datePublished":"2014-01-17T08:08:02+00:00","dateModified":"2014-01-17T08:08:18+00:00","author":{"@id":"https:\/\/akunq.net\/tr\/#\/schema\/person\/096f1d38a12cce57fb855b485ed24c9e"},"breadcrumb":{"@id":"https:\/\/akunq.net\/tr\/?p=27947#breadcrumb"},"inLanguage":"en-US","potentialAction":[{"@type":"ReadAction","target":["https:\/\/akunq.net\/tr\/?p=27947"]}]},{"@type":"BreadcrumbList","@id":"https:\/\/akunq.net\/tr\/?p=27947#breadcrumb","itemListElement":[{"@type":"ListItem","position":1,"name":"Home","item":"https:\/\/akunq.net\/tr"},{"@type":"ListItem","position":2,"name":"Hrant Dink do\u011fdu\u011fu evde an\u0131lacak"}]},{"@type":"WebSite","@id":"https:\/\/akunq.net\/tr\/#website","url":"https:\/\/akunq.net\/tr\/","name":"Bati Ermenistan Ve Bati Ermenileri Sorunlari Ara\u015ftirmalar Merkezi","description":"","potentialAction":[{"@type":"SearchAction","target":{"@type":"EntryPoint","urlTemplate":"https:\/\/akunq.net\/tr\/?s={search_term_string}"},"query-input":{"@type":"PropertyValueSpecification","valueRequired":true,"valueName":"search_term_string"}}],"inLanguage":"en-US"},{"@type":"Person","@id":"https:\/\/akunq.net\/tr\/#\/schema\/person\/096f1d38a12cce57fb855b485ed24c9e","name":"admin","url":"https:\/\/akunq.net\/tr\/?author=7"}]}},"_links":{"self":[{"href":"https:\/\/akunq.net\/tr\/index.php?rest_route=\/wp\/v2\/posts\/27947","targetHints":{"allow":["GET"]}}],"collection":[{"href":"https:\/\/akunq.net\/tr\/index.php?rest_route=\/wp\/v2\/posts"}],"about":[{"href":"https:\/\/akunq.net\/tr\/index.php?rest_route=\/wp\/v2\/types\/post"}],"author":[{"embeddable":true,"href":"https:\/\/akunq.net\/tr\/index.php?rest_route=\/wp\/v2\/users\/7"}],"replies":[{"embeddable":true,"href":"https:\/\/akunq.net\/tr\/index.php?rest_route=%2Fwp%2Fv2%2Fcomments&post=27947"}],"version-history":[{"count":2,"href":"https:\/\/akunq.net\/tr\/index.php?rest_route=\/wp\/v2\/posts\/27947\/revisions"}],"predecessor-version":[{"id":27950,"href":"https:\/\/akunq.net\/tr\/index.php?rest_route=\/wp\/v2\/posts\/27947\/revisions\/27950"}],"wp:attachment":[{"href":"https:\/\/akunq.net\/tr\/index.php?rest_route=%2Fwp%2Fv2%2Fmedia&parent=27947"}],"wp:term":[{"taxonomy":"category","embeddable":true,"href":"https:\/\/akunq.net\/tr\/index.php?rest_route=%2Fwp%2Fv2%2Fcategories&post=27947"},{"taxonomy":"post_tag","embeddable":true,"href":"https:\/\/akunq.net\/tr\/index.php?rest_route=%2Fwp%2Fv2%2Ftags&post=27947"}],"curies":[{"name":"wp","href":"https:\/\/api.w.org\/{rel}","templated":true}]}}