{"id":27930,"date":"2014-01-17T01:56:30","date_gmt":"2014-01-17T06:56:30","guid":{"rendered":"http:\/\/akunq.net\/tr\/?p=27930"},"modified":"2014-01-17T03:34:30","modified_gmt":"2014-01-17T08:34:30","slug":"lirik-bir-yalnizlik-bir-direnis","status":"publish","type":"post","link":"https:\/\/akunq.net\/tr\/?p=27930","title":{"rendered":"Lirik bir yaln\u0131zl\u0131k, bir direni\u015f"},"content":{"rendered":"<p style=\"text-align: justify;\"><b><a href=\"http:\/\/akunq.net\/tr\/wp-content\/uploads\/2014\/01\/Hrant-Dink1.jpg\"><img loading=\"lazy\" decoding=\"async\" class=\"alignright size-medium wp-image-27931\" alt=\"Hrant-Dink\" src=\"http:\/\/akunq.net\/tr\/wp-content\/uploads\/2014\/01\/Hrant-Dink1-300x199.jpg\" width=\"300\" height=\"199\" srcset=\"https:\/\/akunq.net\/tr\/wp-content\/uploads\/sites\/6\/2014\/01\/Hrant-Dink1-300x199.jpg 300w, https:\/\/akunq.net\/tr\/wp-content\/uploads\/sites\/6\/2014\/01\/Hrant-Dink1-600x398.jpg 600w\" sizes=\"auto, (max-width: 300px) 100vw, 300px\" \/><\/a>Sofia Agopyan<\/b><\/p>\n<p>&nbsp;<\/p>\n<p style=\"text-align: justify;\"><b><i>\u2026 T\u00fcrkiye\u2019de \u0131rk yada din y\u00fcz\u00fcnden, a\u00e7l\u0131ktan, so\u011fuktan, polis sald\u0131rganl\u0131\u011f\u0131ndan \u00f6len her \u00e7ocuk i\u00e7inde yeniden bir Hrant\u00a0 daha \u00f6ld\u00fcr\u00fcl\u00fcyor, ya da daha yaral\u0131, daha yaln\u0131z oluyor\u2026<br \/>\n<\/i><\/b><br \/>\nYaln\u0131z\u2026 Budur i\u015fte.<br \/>\nHi\u00e7 akl\u0131mdan \u00e7\u0131kmaz Hrant\u2019\u0131n \u2018Lirik yaln\u0131zl\u0131k\u2019 ba\u015fl\u0131kl\u0131 yaz\u0131s\u0131;<br \/>\n\u201cYaln\u0131zl\u0131k payla\u015f\u0131lmaz\u2019 diyor \u00d6zdemir Asaf\u2026<\/p>\n<p style=\"text-align: justify;\">Hrant Dink\u2019in yaln\u0131zl\u0131\u011f\u0131 bamba\u015fka lirikti. O kadar hasret, ayn\u0131 zamanda \u00f6yle bir huzur vard\u0131 ki o<br \/>\nyaln\u0131zl\u0131kta. Kimseyi su\u00e7lamayan bir yaln\u0131zl\u0131k.<br \/>\nBiz, \u201cHepimiz Hrant\u2019\u0131z\u201d dedi\u011fimizde nas\u0131l ge\u00e7 kald\u0131k ama\u2026 \u00c7\u00fcnk\u00fc 19 Ocaktan bir g\u00fcn once bile \u201cBuraday\u0131m ahparig, yaln\u0131z de\u011filsin\u201d diyenler o kadar azd\u0131 ki\u2026<br \/>\nArt\u0131k 7 y\u0131ld\u0131r yaln\u0131z olan biziz, sensiziz, ahparig\u2026<\/p>\n<p style=\"text-align: justify;\">\u00a0Bug\u00fcn Ermenilerinden ya da t\u00fcm T\u00fcrkiyelilerinden hangisinin yan\u0131nda olup olmad\u0131\u011f\u0131ndan, sana sahip \u00e7\u0131k\u0131p \u00e7\u0131kmad\u0131\u011f\u0131ndan, kimin\u00a0 hakl\u0131 kimin su\u00e7lu oldu\u011fundan s\u00f6zetmeyi de\u011fil, sana ba\u015fka bir \u015feyi demeyi tercih ettim, ahparig.<br \/>\nSen iyi bilirsin herkesi, katilleri, dostlar\u0131n\u0131, ya da Ermenileri, T\u00fcrkleri, K\u00fcrtleri, Rumlar\u0131\u2026 Herkesi sevdi\u011fini biliyorum Hrant ahpar. Kime g\u00f6re su\u00e7un ama bana gore g\u00fcc\u00fcn buydu. Kocaman bir \u00fclkeyi korkutan bir g\u00fc\u00e7 diyebilirim. \u00c7\u00fcnk\u00fc her konu\u015ftu\u011funda, her direndi\u011finde nefret dolu olmayacak kadar bir g\u00fcc\u00fcn vard\u0131. Her fa\u015fisti, her milliyet\u00e7iyi korkutan o rahatl\u0131k\u2026. Art\u0131k 7 y\u0131l sonra katillere, Nazl\u0131m Hikmet\u2019in dedi\u011fi gibi \u201cBu senin de\u011fil, \u00fclkenin ay\u0131b\u0131 \u00e7ocuk!\u201d diyebiliriz.<br \/>\n\u00c7\u00fcnk\u00fc silahl\u0131 d\u00fc\u015fman de\u011fil, sizi o kadar d\u00fc\u015f\u00fcnen, sizi SEVEN\u0130 yok ettiniz.<\/p>\n<p style=\"text-align: justify;\">\u0130ncil\u2019de \u0130sa Mesih vefat ederken, g\u00fclen katillere baktiktan sonra g\u00f6zlerini g\u00f6ky\u00fcz\u00fcne y\u00fckseltir, \u201cBaba affet onlar\u0131, ne yapt\u0131klar\u0131n\u0131 bilmiyorlar\u201d der.<br \/>\nHrant ahpar, aynen \u00f6yle bakt\u0131n T\u00fcrkiye\u2019ye.<\/p>\n<p style=\"text-align: justify;\">\u00c7o\u011fu insan, \u201cBiliyordu ne olaca\u011f\u0131n\u0131, neden durmad\u0131, neden vazge\u00e7medi\u201d der, \u00e7ok duydum.<br \/>\nKonu\u015fsunlar. \u015eimdi bile y\u00fckar\u0131dan her\u015feyi g\u00f6rd\u00fc\u011f\u00fcne, inand\u0131\u011f\u0131m kadar yapt\u0131\u011f\u0131n hi\u00e7 bir\u015fey i\u00e7in pi\u015fman olmad\u0131\u011f\u0131ndan da eminim, Hrant ahparig.<\/p>\n<p style=\"text-align: justify;\">Biri bana dedi; \u201cSanki hep susarak ama ne b\u00fcy\u00fck \u015feyler yapt\u0131, de\u011fil mi?\u201d\u2026<br \/>\n\u00a0Ne yapt\u0131\u011f\u0131n\u0131 biliyor musun Hrant ahpar?<br \/>\n<a href=\"http:\/\/akunq.net\/tr\/wp-content\/uploads\/2014\/01\/Ararat.jpg\"><img loading=\"lazy\" decoding=\"async\" class=\"alignleft size-medium wp-image-27932\" alt=\"Ararat\" src=\"http:\/\/akunq.net\/tr\/wp-content\/uploads\/2014\/01\/Ararat-300x187.jpg\" width=\"300\" height=\"187\" srcset=\"https:\/\/akunq.net\/tr\/wp-content\/uploads\/sites\/6\/2014\/01\/Ararat-300x187.jpg 300w, https:\/\/akunq.net\/tr\/wp-content\/uploads\/sites\/6\/2014\/01\/Ararat-600x375.jpg 600w, https:\/\/akunq.net\/tr\/wp-content\/uploads\/sites\/6\/2014\/01\/Ararat.jpg 1280w\" sizes=\"auto, (max-width: 300px) 100vw, 300px\" \/><\/a>Uzun zaman Yerevan\u2019da penceremden Ararat Da\u011f\u0131\u2019na bakt\u0131\u011f\u0131mda sadece a\u011flamak istiyordum. \u00c7\u00fcnk\u00fc da\u011f\u0131n \u00f6b\u00fcr tarafindan bir kay\u0131p memleket, ya da b\u00fcy\u00fck bir Ermeni mezarl\u0131\u011f\u0131n\u0131n oldu\u011funa inan\u0131yorduk. Ama art\u0131k \u00f6yle de\u011fil, art\u0131k a\u011flamam. \u00c7\u00fcnk\u00fc sadece Ermeni mezarl\u0131\u011f\u0131n\u0131n de\u011fil, o memelekette canl\u0131 Ermenilerin var oldu\u011funa inand\u0131m senin sayende, ahpar.<br \/>\nDemek ki sadece mezar de\u011fil, evim de var orada. Bunun ne demek oldu\u011funu biliyor musunuz, dostlar?<br \/>\nDemek ki ben art\u0131k g\u00f6\u00e7men de\u011filim.<br \/>\nHrant ahparig, 100 y\u0131l boyunca kimse yapamad\u0131 bunu; bizi g\u00f6\u00e7menli\u011fimizden memlekete d\u00f6nd\u00fcrmedi. Bir tek sen yapabildin.<\/p>\n<p style=\"text-align: justify;\">\u2026. \u00c7\u00fcnk\u00fc Hrant Dink zaten sadece katledilmi\u015f ve yok edilmi\u015f bir halk\u0131n de\u011fil, direnen bir halk\u0131n sembol\u00fcd\u00fcr.<br \/>\n<b><i>\u00a0<\/i><\/b><\/p>\n<p style=\"text-align: justify;\"><b><i>Akunq.net<\/i><\/b><\/p>\n","protected":false},"excerpt":{"rendered":"<p>Sofia Agopyan &nbsp; \u2026 T\u00fcrkiye\u2019de \u0131rk yada din y\u00fcz\u00fcnden, a\u00e7l\u0131ktan, so\u011fuktan, polis sald\u0131rganl\u0131\u011f\u0131ndan \u00f6len her \u00e7ocuk i\u00e7inde yeniden bir Hrant\u00a0 daha \u00f6ld\u00fcr\u00fcl\u00fcyor, ya da daha yaral\u0131, daha yaln\u0131z oluyor\u2026 Yaln\u0131z\u2026 Budur i\u015fte. Hi\u00e7 akl\u0131mdan \u00e7\u0131kmaz Hrant\u2019\u0131n \u2018Lirik yaln\u0131zl\u0131k\u2019 ba\u015fl\u0131kl\u0131 yaz\u0131s\u0131; \u201cYaln\u0131zl\u0131k payla\u015f\u0131lmaz\u2019 diyor \u00d6zdemir Asaf\u2026 Hrant Dink\u2019in yaln\u0131zl\u0131\u011f\u0131 bamba\u015fka lirikti. O kadar hasret, ayn\u0131 zamanda [&hellip;]<\/p>\n","protected":false},"author":7,"featured_media":0,"comment_status":"open","ping_status":"open","sticky":false,"template":"","format":"standard","meta":{"footnotes":""},"categories":[1],"tags":[],"class_list":["post-27930","post","type-post","status-publish","format-standard","hentry","category-haberler"],"yoast_head":"<!-- This site is optimized with the Yoast SEO plugin v27.4 - https:\/\/yoast.com\/product\/yoast-seo-wordpress\/ -->\n<title>Lirik bir yaln\u0131zl\u0131k, bir direni\u015f - Bati Ermenistan Ve Bati Ermenileri Sorunlari Ara\u015ftirmalar Merkezi<\/title>\n<meta name=\"robots\" content=\"index, follow, max-snippet:-1, max-image-preview:large, max-video-preview:-1\" \/>\n<link rel=\"canonical\" href=\"https:\/\/akunq.net\/tr\/?p=27930\" \/>\n<meta property=\"og:locale\" content=\"en_US\" \/>\n<meta property=\"og:type\" content=\"article\" \/>\n<meta property=\"og:title\" content=\"Lirik bir yaln\u0131zl\u0131k, bir direni\u015f - Bati Ermenistan Ve Bati Ermenileri Sorunlari Ara\u015ftirmalar Merkezi\" \/>\n<meta property=\"og:description\" content=\"Sofia Agopyan &nbsp; \u2026 T\u00fcrkiye\u2019de \u0131rk yada din y\u00fcz\u00fcnden, a\u00e7l\u0131ktan, so\u011fuktan, polis sald\u0131rganl\u0131\u011f\u0131ndan \u00f6len her \u00e7ocuk i\u00e7inde yeniden bir Hrant\u00a0 daha \u00f6ld\u00fcr\u00fcl\u00fcyor, ya da daha yaral\u0131, daha yaln\u0131z oluyor\u2026 Yaln\u0131z\u2026 Budur i\u015fte. Hi\u00e7 akl\u0131mdan \u00e7\u0131kmaz Hrant\u2019\u0131n \u2018Lirik yaln\u0131zl\u0131k\u2019 ba\u015fl\u0131kl\u0131 yaz\u0131s\u0131; \u201cYaln\u0131zl\u0131k payla\u015f\u0131lmaz\u2019 diyor \u00d6zdemir Asaf\u2026 Hrant Dink\u2019in yaln\u0131zl\u0131\u011f\u0131 bamba\u015fka lirikti. O kadar hasret, ayn\u0131 zamanda [&hellip;]\" \/>\n<meta property=\"og:url\" content=\"https:\/\/akunq.net\/tr\/?p=27930\" \/>\n<meta property=\"og:site_name\" content=\"Bati Ermenistan Ve Bati Ermenileri Sorunlari Ara\u015ftirmalar Merkezi\" \/>\n<meta property=\"article:published_time\" content=\"2014-01-17T06:56:30+00:00\" \/>\n<meta property=\"article:modified_time\" content=\"2014-01-17T08:34:30+00:00\" \/>\n<meta property=\"og:image\" content=\"http:\/\/akunq.net\/tr\/wp-content\/uploads\/2014\/01\/Hrant-Dink1-300x199.jpg\" \/>\n<meta name=\"author\" content=\"admin\" \/>\n<meta name=\"twitter:card\" content=\"summary_large_image\" \/>\n<meta name=\"twitter:label1\" content=\"Written by\" \/>\n\t<meta name=\"twitter:data1\" content=\"admin\" \/>\n\t<meta name=\"twitter:label2\" content=\"Est. reading time\" \/>\n\t<meta name=\"twitter:data2\" content=\"3 minutes\" \/>\n<script type=\"application\/ld+json\" class=\"yoast-schema-graph\">{\"@context\":\"https:\\\/\\\/schema.org\",\"@graph\":[{\"@type\":\"Article\",\"@id\":\"https:\\\/\\\/akunq.net\\\/tr\\\/?p=27930#article\",\"isPartOf\":{\"@id\":\"https:\\\/\\\/akunq.net\\\/tr\\\/?p=27930\"},\"author\":{\"name\":\"admin\",\"@id\":\"https:\\\/\\\/akunq.net\\\/tr\\\/#\\\/schema\\\/person\\\/096f1d38a12cce57fb855b485ed24c9e\"},\"headline\":\"Lirik bir yaln\u0131zl\u0131k, bir direni\u015f\",\"datePublished\":\"2014-01-17T06:56:30+00:00\",\"dateModified\":\"2014-01-17T08:34:30+00:00\",\"mainEntityOfPage\":{\"@id\":\"https:\\\/\\\/akunq.net\\\/tr\\\/?p=27930\"},\"wordCount\":536,\"commentCount\":0,\"image\":{\"@id\":\"https:\\\/\\\/akunq.net\\\/tr\\\/?p=27930#primaryimage\"},\"thumbnailUrl\":\"http:\\\/\\\/akunq.net\\\/tr\\\/wp-content\\\/uploads\\\/2014\\\/01\\\/Hrant-Dink1-300x199.jpg\",\"articleSection\":[\"Haberler\"],\"inLanguage\":\"en-US\",\"potentialAction\":[{\"@type\":\"CommentAction\",\"name\":\"Comment\",\"target\":[\"https:\\\/\\\/akunq.net\\\/tr\\\/?p=27930#respond\"]}]},{\"@type\":\"WebPage\",\"@id\":\"https:\\\/\\\/akunq.net\\\/tr\\\/?p=27930\",\"url\":\"https:\\\/\\\/akunq.net\\\/tr\\\/?p=27930\",\"name\":\"Lirik bir yaln\u0131zl\u0131k, bir direni\u015f - Bati Ermenistan Ve Bati Ermenileri Sorunlari Ara\u015ftirmalar Merkezi\",\"isPartOf\":{\"@id\":\"https:\\\/\\\/akunq.net\\\/tr\\\/#website\"},\"primaryImageOfPage\":{\"@id\":\"https:\\\/\\\/akunq.net\\\/tr\\\/?p=27930#primaryimage\"},\"image\":{\"@id\":\"https:\\\/\\\/akunq.net\\\/tr\\\/?p=27930#primaryimage\"},\"thumbnailUrl\":\"http:\\\/\\\/akunq.net\\\/tr\\\/wp-content\\\/uploads\\\/2014\\\/01\\\/Hrant-Dink1-300x199.jpg\",\"datePublished\":\"2014-01-17T06:56:30+00:00\",\"dateModified\":\"2014-01-17T08:34:30+00:00\",\"author\":{\"@id\":\"https:\\\/\\\/akunq.net\\\/tr\\\/#\\\/schema\\\/person\\\/096f1d38a12cce57fb855b485ed24c9e\"},\"breadcrumb\":{\"@id\":\"https:\\\/\\\/akunq.net\\\/tr\\\/?p=27930#breadcrumb\"},\"inLanguage\":\"en-US\",\"potentialAction\":[{\"@type\":\"ReadAction\",\"target\":[\"https:\\\/\\\/akunq.net\\\/tr\\\/?p=27930\"]}]},{\"@type\":\"ImageObject\",\"inLanguage\":\"en-US\",\"@id\":\"https:\\\/\\\/akunq.net\\\/tr\\\/?p=27930#primaryimage\",\"url\":\"https:\\\/\\\/akunq.net\\\/tr\\\/wp-content\\\/uploads\\\/sites\\\/6\\\/2014\\\/01\\\/Hrant-Dink1.jpg\",\"contentUrl\":\"https:\\\/\\\/akunq.net\\\/tr\\\/wp-content\\\/uploads\\\/sites\\\/6\\\/2014\\\/01\\\/Hrant-Dink1.jpg\",\"width\":3008,\"height\":2000},{\"@type\":\"BreadcrumbList\",\"@id\":\"https:\\\/\\\/akunq.net\\\/tr\\\/?p=27930#breadcrumb\",\"itemListElement\":[{\"@type\":\"ListItem\",\"position\":1,\"name\":\"Home\",\"item\":\"https:\\\/\\\/akunq.net\\\/tr\"},{\"@type\":\"ListItem\",\"position\":2,\"name\":\"Lirik bir yaln\u0131zl\u0131k, bir direni\u015f\"}]},{\"@type\":\"WebSite\",\"@id\":\"https:\\\/\\\/akunq.net\\\/tr\\\/#website\",\"url\":\"https:\\\/\\\/akunq.net\\\/tr\\\/\",\"name\":\"Bati Ermenistan Ve Bati Ermenileri Sorunlari Ara\u015ftirmalar Merkezi\",\"description\":\"\",\"potentialAction\":[{\"@type\":\"SearchAction\",\"target\":{\"@type\":\"EntryPoint\",\"urlTemplate\":\"https:\\\/\\\/akunq.net\\\/tr\\\/?s={search_term_string}\"},\"query-input\":{\"@type\":\"PropertyValueSpecification\",\"valueRequired\":true,\"valueName\":\"search_term_string\"}}],\"inLanguage\":\"en-US\"},{\"@type\":\"Person\",\"@id\":\"https:\\\/\\\/akunq.net\\\/tr\\\/#\\\/schema\\\/person\\\/096f1d38a12cce57fb855b485ed24c9e\",\"name\":\"admin\",\"url\":\"https:\\\/\\\/akunq.net\\\/tr\\\/?author=7\"}]}<\/script>\n<!-- \/ Yoast SEO plugin. -->","yoast_head_json":{"title":"Lirik bir yaln\u0131zl\u0131k, bir direni\u015f - Bati Ermenistan Ve Bati Ermenileri Sorunlari Ara\u015ftirmalar Merkezi","robots":{"index":"index","follow":"follow","max-snippet":"max-snippet:-1","max-image-preview":"max-image-preview:large","max-video-preview":"max-video-preview:-1"},"canonical":"https:\/\/akunq.net\/tr\/?p=27930","og_locale":"en_US","og_type":"article","og_title":"Lirik bir yaln\u0131zl\u0131k, bir direni\u015f - Bati Ermenistan Ve Bati Ermenileri Sorunlari Ara\u015ftirmalar Merkezi","og_description":"Sofia Agopyan &nbsp; \u2026 T\u00fcrkiye\u2019de \u0131rk yada din y\u00fcz\u00fcnden, a\u00e7l\u0131ktan, so\u011fuktan, polis sald\u0131rganl\u0131\u011f\u0131ndan \u00f6len her \u00e7ocuk i\u00e7inde yeniden bir Hrant\u00a0 daha \u00f6ld\u00fcr\u00fcl\u00fcyor, ya da daha yaral\u0131, daha yaln\u0131z oluyor\u2026 Yaln\u0131z\u2026 Budur i\u015fte. Hi\u00e7 akl\u0131mdan \u00e7\u0131kmaz Hrant\u2019\u0131n \u2018Lirik yaln\u0131zl\u0131k\u2019 ba\u015fl\u0131kl\u0131 yaz\u0131s\u0131; \u201cYaln\u0131zl\u0131k payla\u015f\u0131lmaz\u2019 diyor \u00d6zdemir Asaf\u2026 Hrant Dink\u2019in yaln\u0131zl\u0131\u011f\u0131 bamba\u015fka lirikti. O kadar hasret, ayn\u0131 zamanda [&hellip;]","og_url":"https:\/\/akunq.net\/tr\/?p=27930","og_site_name":"Bati Ermenistan Ve Bati Ermenileri Sorunlari Ara\u015ftirmalar Merkezi","article_published_time":"2014-01-17T06:56:30+00:00","article_modified_time":"2014-01-17T08:34:30+00:00","og_image":[{"url":"http:\/\/akunq.net\/tr\/wp-content\/uploads\/2014\/01\/Hrant-Dink1-300x199.jpg","type":"","width":"","height":""}],"author":"admin","twitter_card":"summary_large_image","twitter_misc":{"Written by":"admin","Est. reading time":"3 minutes"},"schema":{"@context":"https:\/\/schema.org","@graph":[{"@type":"Article","@id":"https:\/\/akunq.net\/tr\/?p=27930#article","isPartOf":{"@id":"https:\/\/akunq.net\/tr\/?p=27930"},"author":{"name":"admin","@id":"https:\/\/akunq.net\/tr\/#\/schema\/person\/096f1d38a12cce57fb855b485ed24c9e"},"headline":"Lirik bir yaln\u0131zl\u0131k, bir direni\u015f","datePublished":"2014-01-17T06:56:30+00:00","dateModified":"2014-01-17T08:34:30+00:00","mainEntityOfPage":{"@id":"https:\/\/akunq.net\/tr\/?p=27930"},"wordCount":536,"commentCount":0,"image":{"@id":"https:\/\/akunq.net\/tr\/?p=27930#primaryimage"},"thumbnailUrl":"http:\/\/akunq.net\/tr\/wp-content\/uploads\/2014\/01\/Hrant-Dink1-300x199.jpg","articleSection":["Haberler"],"inLanguage":"en-US","potentialAction":[{"@type":"CommentAction","name":"Comment","target":["https:\/\/akunq.net\/tr\/?p=27930#respond"]}]},{"@type":"WebPage","@id":"https:\/\/akunq.net\/tr\/?p=27930","url":"https:\/\/akunq.net\/tr\/?p=27930","name":"Lirik bir yaln\u0131zl\u0131k, bir direni\u015f - Bati Ermenistan Ve Bati Ermenileri Sorunlari Ara\u015ftirmalar Merkezi","isPartOf":{"@id":"https:\/\/akunq.net\/tr\/#website"},"primaryImageOfPage":{"@id":"https:\/\/akunq.net\/tr\/?p=27930#primaryimage"},"image":{"@id":"https:\/\/akunq.net\/tr\/?p=27930#primaryimage"},"thumbnailUrl":"http:\/\/akunq.net\/tr\/wp-content\/uploads\/2014\/01\/Hrant-Dink1-300x199.jpg","datePublished":"2014-01-17T06:56:30+00:00","dateModified":"2014-01-17T08:34:30+00:00","author":{"@id":"https:\/\/akunq.net\/tr\/#\/schema\/person\/096f1d38a12cce57fb855b485ed24c9e"},"breadcrumb":{"@id":"https:\/\/akunq.net\/tr\/?p=27930#breadcrumb"},"inLanguage":"en-US","potentialAction":[{"@type":"ReadAction","target":["https:\/\/akunq.net\/tr\/?p=27930"]}]},{"@type":"ImageObject","inLanguage":"en-US","@id":"https:\/\/akunq.net\/tr\/?p=27930#primaryimage","url":"https:\/\/akunq.net\/tr\/wp-content\/uploads\/sites\/6\/2014\/01\/Hrant-Dink1.jpg","contentUrl":"https:\/\/akunq.net\/tr\/wp-content\/uploads\/sites\/6\/2014\/01\/Hrant-Dink1.jpg","width":3008,"height":2000},{"@type":"BreadcrumbList","@id":"https:\/\/akunq.net\/tr\/?p=27930#breadcrumb","itemListElement":[{"@type":"ListItem","position":1,"name":"Home","item":"https:\/\/akunq.net\/tr"},{"@type":"ListItem","position":2,"name":"Lirik bir yaln\u0131zl\u0131k, bir direni\u015f"}]},{"@type":"WebSite","@id":"https:\/\/akunq.net\/tr\/#website","url":"https:\/\/akunq.net\/tr\/","name":"Bati Ermenistan Ve Bati Ermenileri Sorunlari Ara\u015ftirmalar Merkezi","description":"","potentialAction":[{"@type":"SearchAction","target":{"@type":"EntryPoint","urlTemplate":"https:\/\/akunq.net\/tr\/?s={search_term_string}"},"query-input":{"@type":"PropertyValueSpecification","valueRequired":true,"valueName":"search_term_string"}}],"inLanguage":"en-US"},{"@type":"Person","@id":"https:\/\/akunq.net\/tr\/#\/schema\/person\/096f1d38a12cce57fb855b485ed24c9e","name":"admin","url":"https:\/\/akunq.net\/tr\/?author=7"}]}},"_links":{"self":[{"href":"https:\/\/akunq.net\/tr\/index.php?rest_route=\/wp\/v2\/posts\/27930","targetHints":{"allow":["GET"]}}],"collection":[{"href":"https:\/\/akunq.net\/tr\/index.php?rest_route=\/wp\/v2\/posts"}],"about":[{"href":"https:\/\/akunq.net\/tr\/index.php?rest_route=\/wp\/v2\/types\/post"}],"author":[{"embeddable":true,"href":"https:\/\/akunq.net\/tr\/index.php?rest_route=\/wp\/v2\/users\/7"}],"replies":[{"embeddable":true,"href":"https:\/\/akunq.net\/tr\/index.php?rest_route=%2Fwp%2Fv2%2Fcomments&post=27930"}],"version-history":[{"count":5,"href":"https:\/\/akunq.net\/tr\/index.php?rest_route=\/wp\/v2\/posts\/27930\/revisions"}],"predecessor-version":[{"id":27954,"href":"https:\/\/akunq.net\/tr\/index.php?rest_route=\/wp\/v2\/posts\/27930\/revisions\/27954"}],"wp:attachment":[{"href":"https:\/\/akunq.net\/tr\/index.php?rest_route=%2Fwp%2Fv2%2Fmedia&parent=27930"}],"wp:term":[{"taxonomy":"category","embeddable":true,"href":"https:\/\/akunq.net\/tr\/index.php?rest_route=%2Fwp%2Fv2%2Fcategories&post=27930"},{"taxonomy":"post_tag","embeddable":true,"href":"https:\/\/akunq.net\/tr\/index.php?rest_route=%2Fwp%2Fv2%2Ftags&post=27930"}],"curies":[{"name":"wp","href":"https:\/\/api.w.org\/{rel}","templated":true}]}}