{"id":27918,"date":"2014-01-16T02:53:46","date_gmt":"2014-01-16T07:53:46","guid":{"rendered":"http:\/\/akunq.net\/tr\/?p=27918"},"modified":"2014-01-16T02:53:46","modified_gmt":"2014-01-16T07:53:46","slug":"turkiyede-din-ozgurlugu-geriliyor","status":"publish","type":"post","link":"https:\/\/akunq.net\/tr\/?p=27918","title":{"rendered":"T\u00fcrkiye&#8217;de din \u00f6zg\u00fcrl\u00fc\u011f\u00fc geriliyor"},"content":{"rendered":"<h5 style=\"text-align: justify;\"><b><i><a href=\"http:\/\/akunq.net\/tr\/wp-content\/uploads\/2014\/01\/T\u00fcrkiyede-din-\u00f6zg\u00fcrl\u00fc\u011f\u00fc.jpg\"><img loading=\"lazy\" decoding=\"async\" class=\"alignright size-medium wp-image-27919\" alt=\"T\u00fcrkiye'de din \u00f6zg\u00fcrl\u00fc\u011f\u00fc\" src=\"http:\/\/akunq.net\/tr\/wp-content\/uploads\/2014\/01\/T\u00fcrkiyede-din-\u00f6zg\u00fcrl\u00fc\u011f\u00fc-300x160.jpg\" width=\"300\" height=\"160\" srcset=\"https:\/\/akunq.net\/tr\/wp-content\/uploads\/sites\/6\/2014\/01\/T\u00fcrkiyede-din-\u00f6zg\u00fcrl\u00fc\u011f\u00fc-300x160.jpg 300w, https:\/\/akunq.net\/tr\/wp-content\/uploads\/sites\/6\/2014\/01\/T\u00fcrkiyede-din-\u00f6zg\u00fcrl\u00fc\u011f\u00fc.jpg 542w\" sizes=\"auto, (max-width: 300px) 100vw, 300px\" \/><\/a>D\u00fcnyada Dini \u00d6zg\u00fcrl\u00fckler ve K\u0131s\u0131tlamalar \u00fczerine yap\u0131lan ara\u015ft\u0131rmada T\u00fcrkiye sonu\u00e7lar dikkat \u00e7ekti.<\/i><\/b><\/h5>\n<p style=\"text-align: justify;\"><strong><i>Radikal.com.tr &#8211;<\/i><\/strong>Amerika Merkezli PEW Ara\u015ft\u0131rma <a href=\"http:\/\/www.radikal.com.tr\/index\/merkezi\">Merkezi<\/a> &#8216;nin 6 y\u0131ll\u0131k verilerle &#8221;D\u00fcnyada Dini \u00d6zg\u00fcrl\u00fckler ve K\u0131s\u0131tlamalar&#8221; \u00fczerine yapt\u0131\u011f\u0131 \u00e7al\u0131\u015fma, <a href=\"http:\/\/www.radikal.com.tr\/index\/Turkiye\">T\u00fcrkiye<\/a> &#8216;yle ilgili olarak geriye gidildi\u011fini g\u00f6zler \u00f6n\u00fcne seren veriler sundu.<\/p>\n<p style=\"text-align: justify;\"><a href=\"http:\/\/www.pewforum.org\/2014\/01\/14\/religious-hostilities-reach-six-year-high\/\" target=\"_blank\">PEW 2007-2013<\/a> y\u0131llar\u0131 aras\u0131n\u0131 kapsayan \u00e7al\u0131\u015fmas\u0131nda iki endeks kulland\u0131: Devlet kaynakl\u0131 k\u0131s\u0131tlamalar ve toplumsal husumet.<\/p>\n<p style=\"text-align: justify;\">Devlet kaynakl\u0131 k\u0131s\u0131tlamalar kriteri dini pratik ve \u00f6zg\u00fcrl\u00fckleri k\u0131s\u0131tlayan kanunlardan, politikalardan ve resmi-gayri resmi uygulamalardan olu\u015ftu. Toplumsal husumet kriteriyse bireylerin veya gruplar\u0131n dini husumete neden olacak s\u00f6ylem, davran\u0131\u015f, ve ter\u00f6rist aktiviteleri olarak ele al\u0131nd\u0131.<\/p>\n<p style=\"text-align: justify;\">S\u0131ralamalar ve de\u011ferlendirmeler, bu endekslere g\u00f6re olu\u015fturulan puanlamalar \u00fczerinden yap\u0131ld\u0131.<\/p>\n<p style=\"text-align: justify;\">Ara\u015ft\u0131rmada T\u00fcrkiye, 2012&#8217;de en fazla n\u00fcfusa sahip 25 <a href=\"http:\/\/www.radikal.com.tr\/index\/ulke\">\u00fclke<\/a> aras\u0131ndan &#8221;devlet kaynakl\u0131 k\u0131s\u0131tlamalar&#8221;\u0131n bir veya daha fazla puanla artt\u0131\u011f\u0131 tek \u00fclke olarak \u00f6ne \u00e7\u0131kt\u0131.<\/p>\n<p style=\"text-align: justify;\">\u00c7al\u0131\u015fman\u0131n genelinde T\u00fcrkiye a\u00e7\u0131s\u0131ndan dalgal\u0131 bir performans g\u00f6ze \u00e7arpt\u0131. 2011, en fazla olumlu geli\u015fmenin kaydedildi\u011fi y\u0131l olarak dikkat \u00e7ekti, ancak 6 senelik performans\u0131n tamam\u0131na g\u00f6re &#8221;toplumsal husumet&#8221; kriterinde T\u00fcrkiye, 2007&#8217;den daha geri bir noktada.<\/p>\n<p style=\"text-align: justify;\">Uygulanan iki endeks, T\u00fcrkiye&#8217;yi her iki konuda da &#8221;Y\u00fcksek&#8221; k\u0131s\u0131tlamalar\u0131n bulundu\u011fu kategoride g\u00f6sterdi. Devlet kaynakl\u0131 k\u0131s\u0131tlamalar\u0131n y\u00fcksek-\u00e7ok y\u00fcksek kategorisi s\u0131n\u0131r\u0131nda de\u011fi\u015fken bir seyir izledi\u011fi ancak y\u00fcksekte kald\u0131\u011f\u0131 g\u00f6r\u00fcld\u00fc. Toplumsal husumet ise y\u00fcksekte yer ald\u0131.<\/p>\n<p style=\"text-align: justify;\">D\u00fcnya genelindeki iki endekse dayal\u0131 dini k\u0131s\u0131tlamalarda \u00fclkelerin y\u00fczde 61&#8217;inin art\u0131\u015fa sahne oldu sadece y\u00fczde 29&#8217;unda iyile\u015fmeler g\u00f6zlenirken, bu iki veri aras\u0131ndaki fark\u0131n seneler ilerledik\u00e7e daha da a\u00e7\u0131ld\u0131\u011f\u0131 dikkat \u00e7ekti.<\/p>\n<p style=\"text-align: justify;\"><b><i>http:\/\/www.radikal.com.tr\/turkiye\/turkiyede_din_ozgurlugu_geriye_gidiyor-1170977<\/i><\/b><\/p>\n","protected":false},"excerpt":{"rendered":"<p>D\u00fcnyada Dini \u00d6zg\u00fcrl\u00fckler ve K\u0131s\u0131tlamalar \u00fczerine yap\u0131lan ara\u015ft\u0131rmada T\u00fcrkiye sonu\u00e7lar dikkat \u00e7ekti. Radikal.com.tr &#8211;Amerika Merkezli PEW Ara\u015ft\u0131rma Merkezi &#8216;nin 6 y\u0131ll\u0131k verilerle &#8221;D\u00fcnyada Dini \u00d6zg\u00fcrl\u00fckler ve K\u0131s\u0131tlamalar&#8221; \u00fczerine yapt\u0131\u011f\u0131 \u00e7al\u0131\u015fma, T\u00fcrkiye &#8216;yle ilgili olarak geriye gidildi\u011fini g\u00f6zler \u00f6n\u00fcne seren veriler sundu. PEW 2007-2013 y\u0131llar\u0131 aras\u0131n\u0131 kapsayan \u00e7al\u0131\u015fmas\u0131nda iki endeks kulland\u0131: Devlet kaynakl\u0131 k\u0131s\u0131tlamalar ve toplumsal [&hellip;]<\/p>\n","protected":false},"author":7,"featured_media":0,"comment_status":"open","ping_status":"open","sticky":false,"template":"","format":"standard","meta":{"footnotes":""},"categories":[1],"tags":[],"class_list":["post-27918","post","type-post","status-publish","format-standard","hentry","category-haberler"],"yoast_head":"<!-- This site is optimized with the Yoast SEO plugin v27.4 - https:\/\/yoast.com\/product\/yoast-seo-wordpress\/ -->\n<title>T\u00fcrkiye&#039;de din \u00f6zg\u00fcrl\u00fc\u011f\u00fc geriliyor - Bati Ermenistan Ve Bati Ermenileri Sorunlari Ara\u015ftirmalar Merkezi<\/title>\n<meta name=\"robots\" content=\"index, follow, max-snippet:-1, max-image-preview:large, max-video-preview:-1\" \/>\n<link rel=\"canonical\" href=\"https:\/\/akunq.net\/tr\/?p=27918\" \/>\n<meta property=\"og:locale\" content=\"en_US\" \/>\n<meta property=\"og:type\" content=\"article\" \/>\n<meta property=\"og:title\" content=\"T\u00fcrkiye&#039;de din \u00f6zg\u00fcrl\u00fc\u011f\u00fc geriliyor - Bati Ermenistan Ve Bati Ermenileri Sorunlari Ara\u015ftirmalar Merkezi\" \/>\n<meta property=\"og:description\" content=\"D\u00fcnyada Dini \u00d6zg\u00fcrl\u00fckler ve K\u0131s\u0131tlamalar \u00fczerine yap\u0131lan ara\u015ft\u0131rmada T\u00fcrkiye sonu\u00e7lar dikkat \u00e7ekti. Radikal.com.tr &#8211;Amerika Merkezli PEW Ara\u015ft\u0131rma Merkezi &#8216;nin 6 y\u0131ll\u0131k verilerle &#8221;D\u00fcnyada Dini \u00d6zg\u00fcrl\u00fckler ve K\u0131s\u0131tlamalar&#8221; \u00fczerine yapt\u0131\u011f\u0131 \u00e7al\u0131\u015fma, T\u00fcrkiye &#8216;yle ilgili olarak geriye gidildi\u011fini g\u00f6zler \u00f6n\u00fcne seren veriler sundu. PEW 2007-2013 y\u0131llar\u0131 aras\u0131n\u0131 kapsayan \u00e7al\u0131\u015fmas\u0131nda iki endeks kulland\u0131: Devlet kaynakl\u0131 k\u0131s\u0131tlamalar ve toplumsal [&hellip;]\" \/>\n<meta property=\"og:url\" content=\"https:\/\/akunq.net\/tr\/?p=27918\" \/>\n<meta property=\"og:site_name\" content=\"Bati Ermenistan Ve Bati Ermenileri Sorunlari Ara\u015ftirmalar Merkezi\" \/>\n<meta property=\"article:published_time\" content=\"2014-01-16T07:53:46+00:00\" \/>\n<meta name=\"author\" content=\"admin\" \/>\n<meta name=\"twitter:card\" content=\"summary_large_image\" \/>\n<meta name=\"twitter:label1\" content=\"Written by\" \/>\n\t<meta name=\"twitter:data1\" content=\"admin\" \/>\n\t<meta name=\"twitter:label2\" content=\"Est. reading time\" \/>\n\t<meta name=\"twitter:data2\" content=\"2 minutes\" \/>\n<script type=\"application\/ld+json\" class=\"yoast-schema-graph\">{\"@context\":\"https:\\\/\\\/schema.org\",\"@graph\":[{\"@type\":\"Article\",\"@id\":\"https:\\\/\\\/akunq.net\\\/tr\\\/?p=27918#article\",\"isPartOf\":{\"@id\":\"https:\\\/\\\/akunq.net\\\/tr\\\/?p=27918\"},\"author\":{\"name\":\"admin\",\"@id\":\"https:\\\/\\\/akunq.net\\\/tr\\\/#\\\/schema\\\/person\\\/096f1d38a12cce57fb855b485ed24c9e\"},\"headline\":\"T\u00fcrkiye&#8217;de din \u00f6zg\u00fcrl\u00fc\u011f\u00fc geriliyor\",\"datePublished\":\"2014-01-16T07:53:46+00:00\",\"mainEntityOfPage\":{\"@id\":\"https:\\\/\\\/akunq.net\\\/tr\\\/?p=27918\"},\"wordCount\":340,\"commentCount\":0,\"articleSection\":[\"Haberler\"],\"inLanguage\":\"en-US\",\"potentialAction\":[{\"@type\":\"CommentAction\",\"name\":\"Comment\",\"target\":[\"https:\\\/\\\/akunq.net\\\/tr\\\/?p=27918#respond\"]}]},{\"@type\":\"WebPage\",\"@id\":\"https:\\\/\\\/akunq.net\\\/tr\\\/?p=27918\",\"url\":\"https:\\\/\\\/akunq.net\\\/tr\\\/?p=27918\",\"name\":\"T\u00fcrkiye'de din \u00f6zg\u00fcrl\u00fc\u011f\u00fc geriliyor - Bati Ermenistan Ve Bati Ermenileri Sorunlari Ara\u015ftirmalar Merkezi\",\"isPartOf\":{\"@id\":\"https:\\\/\\\/akunq.net\\\/tr\\\/#website\"},\"datePublished\":\"2014-01-16T07:53:46+00:00\",\"author\":{\"@id\":\"https:\\\/\\\/akunq.net\\\/tr\\\/#\\\/schema\\\/person\\\/096f1d38a12cce57fb855b485ed24c9e\"},\"breadcrumb\":{\"@id\":\"https:\\\/\\\/akunq.net\\\/tr\\\/?p=27918#breadcrumb\"},\"inLanguage\":\"en-US\",\"potentialAction\":[{\"@type\":\"ReadAction\",\"target\":[\"https:\\\/\\\/akunq.net\\\/tr\\\/?p=27918\"]}]},{\"@type\":\"BreadcrumbList\",\"@id\":\"https:\\\/\\\/akunq.net\\\/tr\\\/?p=27918#breadcrumb\",\"itemListElement\":[{\"@type\":\"ListItem\",\"position\":1,\"name\":\"Home\",\"item\":\"https:\\\/\\\/akunq.net\\\/tr\"},{\"@type\":\"ListItem\",\"position\":2,\"name\":\"T\u00fcrkiye&#8217;de din \u00f6zg\u00fcrl\u00fc\u011f\u00fc geriliyor\"}]},{\"@type\":\"WebSite\",\"@id\":\"https:\\\/\\\/akunq.net\\\/tr\\\/#website\",\"url\":\"https:\\\/\\\/akunq.net\\\/tr\\\/\",\"name\":\"Bati Ermenistan Ve Bati Ermenileri Sorunlari Ara\u015ftirmalar Merkezi\",\"description\":\"\",\"potentialAction\":[{\"@type\":\"SearchAction\",\"target\":{\"@type\":\"EntryPoint\",\"urlTemplate\":\"https:\\\/\\\/akunq.net\\\/tr\\\/?s={search_term_string}\"},\"query-input\":{\"@type\":\"PropertyValueSpecification\",\"valueRequired\":true,\"valueName\":\"search_term_string\"}}],\"inLanguage\":\"en-US\"},{\"@type\":\"Person\",\"@id\":\"https:\\\/\\\/akunq.net\\\/tr\\\/#\\\/schema\\\/person\\\/096f1d38a12cce57fb855b485ed24c9e\",\"name\":\"admin\",\"url\":\"https:\\\/\\\/akunq.net\\\/tr\\\/?author=7\"}]}<\/script>\n<!-- \/ Yoast SEO plugin. -->","yoast_head_json":{"title":"T\u00fcrkiye'de din \u00f6zg\u00fcrl\u00fc\u011f\u00fc geriliyor - Bati Ermenistan Ve Bati Ermenileri Sorunlari Ara\u015ftirmalar Merkezi","robots":{"index":"index","follow":"follow","max-snippet":"max-snippet:-1","max-image-preview":"max-image-preview:large","max-video-preview":"max-video-preview:-1"},"canonical":"https:\/\/akunq.net\/tr\/?p=27918","og_locale":"en_US","og_type":"article","og_title":"T\u00fcrkiye'de din \u00f6zg\u00fcrl\u00fc\u011f\u00fc geriliyor - Bati Ermenistan Ve Bati Ermenileri Sorunlari Ara\u015ftirmalar Merkezi","og_description":"D\u00fcnyada Dini \u00d6zg\u00fcrl\u00fckler ve K\u0131s\u0131tlamalar \u00fczerine yap\u0131lan ara\u015ft\u0131rmada T\u00fcrkiye sonu\u00e7lar dikkat \u00e7ekti. Radikal.com.tr &#8211;Amerika Merkezli PEW Ara\u015ft\u0131rma Merkezi &#8216;nin 6 y\u0131ll\u0131k verilerle &#8221;D\u00fcnyada Dini \u00d6zg\u00fcrl\u00fckler ve K\u0131s\u0131tlamalar&#8221; \u00fczerine yapt\u0131\u011f\u0131 \u00e7al\u0131\u015fma, T\u00fcrkiye &#8216;yle ilgili olarak geriye gidildi\u011fini g\u00f6zler \u00f6n\u00fcne seren veriler sundu. PEW 2007-2013 y\u0131llar\u0131 aras\u0131n\u0131 kapsayan \u00e7al\u0131\u015fmas\u0131nda iki endeks kulland\u0131: Devlet kaynakl\u0131 k\u0131s\u0131tlamalar ve toplumsal [&hellip;]","og_url":"https:\/\/akunq.net\/tr\/?p=27918","og_site_name":"Bati Ermenistan Ve Bati Ermenileri Sorunlari Ara\u015ftirmalar Merkezi","article_published_time":"2014-01-16T07:53:46+00:00","author":"admin","twitter_card":"summary_large_image","twitter_misc":{"Written by":"admin","Est. reading time":"2 minutes"},"schema":{"@context":"https:\/\/schema.org","@graph":[{"@type":"Article","@id":"https:\/\/akunq.net\/tr\/?p=27918#article","isPartOf":{"@id":"https:\/\/akunq.net\/tr\/?p=27918"},"author":{"name":"admin","@id":"https:\/\/akunq.net\/tr\/#\/schema\/person\/096f1d38a12cce57fb855b485ed24c9e"},"headline":"T\u00fcrkiye&#8217;de din \u00f6zg\u00fcrl\u00fc\u011f\u00fc geriliyor","datePublished":"2014-01-16T07:53:46+00:00","mainEntityOfPage":{"@id":"https:\/\/akunq.net\/tr\/?p=27918"},"wordCount":340,"commentCount":0,"articleSection":["Haberler"],"inLanguage":"en-US","potentialAction":[{"@type":"CommentAction","name":"Comment","target":["https:\/\/akunq.net\/tr\/?p=27918#respond"]}]},{"@type":"WebPage","@id":"https:\/\/akunq.net\/tr\/?p=27918","url":"https:\/\/akunq.net\/tr\/?p=27918","name":"T\u00fcrkiye'de din \u00f6zg\u00fcrl\u00fc\u011f\u00fc geriliyor - Bati Ermenistan Ve Bati Ermenileri Sorunlari Ara\u015ftirmalar Merkezi","isPartOf":{"@id":"https:\/\/akunq.net\/tr\/#website"},"datePublished":"2014-01-16T07:53:46+00:00","author":{"@id":"https:\/\/akunq.net\/tr\/#\/schema\/person\/096f1d38a12cce57fb855b485ed24c9e"},"breadcrumb":{"@id":"https:\/\/akunq.net\/tr\/?p=27918#breadcrumb"},"inLanguage":"en-US","potentialAction":[{"@type":"ReadAction","target":["https:\/\/akunq.net\/tr\/?p=27918"]}]},{"@type":"BreadcrumbList","@id":"https:\/\/akunq.net\/tr\/?p=27918#breadcrumb","itemListElement":[{"@type":"ListItem","position":1,"name":"Home","item":"https:\/\/akunq.net\/tr"},{"@type":"ListItem","position":2,"name":"T\u00fcrkiye&#8217;de din \u00f6zg\u00fcrl\u00fc\u011f\u00fc geriliyor"}]},{"@type":"WebSite","@id":"https:\/\/akunq.net\/tr\/#website","url":"https:\/\/akunq.net\/tr\/","name":"Bati Ermenistan Ve Bati Ermenileri Sorunlari Ara\u015ftirmalar Merkezi","description":"","potentialAction":[{"@type":"SearchAction","target":{"@type":"EntryPoint","urlTemplate":"https:\/\/akunq.net\/tr\/?s={search_term_string}"},"query-input":{"@type":"PropertyValueSpecification","valueRequired":true,"valueName":"search_term_string"}}],"inLanguage":"en-US"},{"@type":"Person","@id":"https:\/\/akunq.net\/tr\/#\/schema\/person\/096f1d38a12cce57fb855b485ed24c9e","name":"admin","url":"https:\/\/akunq.net\/tr\/?author=7"}]}},"_links":{"self":[{"href":"https:\/\/akunq.net\/tr\/index.php?rest_route=\/wp\/v2\/posts\/27918","targetHints":{"allow":["GET"]}}],"collection":[{"href":"https:\/\/akunq.net\/tr\/index.php?rest_route=\/wp\/v2\/posts"}],"about":[{"href":"https:\/\/akunq.net\/tr\/index.php?rest_route=\/wp\/v2\/types\/post"}],"author":[{"embeddable":true,"href":"https:\/\/akunq.net\/tr\/index.php?rest_route=\/wp\/v2\/users\/7"}],"replies":[{"embeddable":true,"href":"https:\/\/akunq.net\/tr\/index.php?rest_route=%2Fwp%2Fv2%2Fcomments&post=27918"}],"version-history":[{"count":1,"href":"https:\/\/akunq.net\/tr\/index.php?rest_route=\/wp\/v2\/posts\/27918\/revisions"}],"predecessor-version":[{"id":27920,"href":"https:\/\/akunq.net\/tr\/index.php?rest_route=\/wp\/v2\/posts\/27918\/revisions\/27920"}],"wp:attachment":[{"href":"https:\/\/akunq.net\/tr\/index.php?rest_route=%2Fwp%2Fv2%2Fmedia&parent=27918"}],"wp:term":[{"taxonomy":"category","embeddable":true,"href":"https:\/\/akunq.net\/tr\/index.php?rest_route=%2Fwp%2Fv2%2Fcategories&post=27918"},{"taxonomy":"post_tag","embeddable":true,"href":"https:\/\/akunq.net\/tr\/index.php?rest_route=%2Fwp%2Fv2%2Ftags&post=27918"}],"curies":[{"name":"wp","href":"https:\/\/api.w.org\/{rel}","templated":true}]}}