{"id":27912,"date":"2014-01-16T02:19:33","date_gmt":"2014-01-16T07:19:33","guid":{"rendered":"http:\/\/akunq.net\/tr\/?p=27912"},"modified":"2014-01-16T02:19:33","modified_gmt":"2014-01-16T07:19:33","slug":"erdogandan-buyukelcilere-1915-uyarisi","status":"publish","type":"post","link":"https:\/\/akunq.net\/tr\/?p=27912","title":{"rendered":"Erdo\u011fan&#8217;dan B\u00fcy\u00fckel\u00e7ilere 1915 uyar\u0131s\u0131"},"content":{"rendered":"<h2 style=\"text-align: justify;\"><i><a href=\"http:\/\/akunq.net\/tr\/wp-content\/uploads\/2014\/01\/\u0537\u0580\u0564\u0578\u0572\u0561\u05761.jpg\"><img loading=\"lazy\" decoding=\"async\" class=\"alignright size-medium wp-image-27913\" alt=\"\u0537\u0580\u0564\u0578\u0572\u0561\u0576\" src=\"http:\/\/akunq.net\/tr\/wp-content\/uploads\/2014\/01\/\u0537\u0580\u0564\u0578\u0572\u0561\u05761-300x206.jpg\" width=\"300\" height=\"206\" srcset=\"https:\/\/akunq.net\/tr\/wp-content\/uploads\/sites\/6\/2014\/01\/\u0537\u0580\u0564\u0578\u0572\u0561\u05761-300x206.jpg 300w, https:\/\/akunq.net\/tr\/wp-content\/uploads\/sites\/6\/2014\/01\/\u0537\u0580\u0564\u0578\u0572\u0561\u05761.jpg 307w\" sizes=\"auto, (max-width: 300px) 100vw, 300px\" \/><\/a>Ba\u015fbakan Erdo\u011fan, B\u00fcy\u00fckel\u00e7ileri Ermeni soyk\u0131r\u0131m\u0131 hakk\u0131nda uyard\u0131.<\/i><\/h2>\n<p style=\"text-align: justify;\"><a title=\"Ba\u015fbakan Haberleri\" href=\"http:\/\/www.yazete.com\/basbakan\/\" target=\"_blank\">Ba\u015fbakan<\/a> <a title=\"Recep Tayyip Erdo\u011fan Haberleri\" href=\"http:\/\/www.yazete.com\/recep-tayyip-erdogan\/\" target=\"_blank\">Recep Tayyip Erdo\u011fan<\/a>, b\u00fcy\u00fckel\u00e7iler konferans\u0131nda konu\u015ftu. Erdo\u011fan konu\u015fmas\u0131nda 1915 olaylar\u0131n\u0131n <i>(Ermeni Soyk\u0131r\u0131m\u0131\u2019n\u0131n-\u2018Akunq\u2019 web sayfas\u0131 y\u00f6neticileri)<\/i> y\u00fcz\u00fcnc\u00fc y\u0131l d\u00f6n\u00fcm\u00fc olan 2015 tarihine dikkat \u00e7ekti.<\/p>\n<p style=\"text-align: justify;\"><strong>\u0130\u015fte Erdo\u011fan&#8217;\u0131n konu\u015fmas\u0131ndan sat\u0131rba\u015flar\u0131:<\/strong><\/p>\n<p style=\"text-align: justify;\">\u00d6n\u00fcm\u00fczdeki y\u0131l Ermeni olaylar\u0131n\u0131n y\u00fcz\u00fcnc\u00fc y\u0131l\u0131 olacak. Ermeni diasporas\u0131 bunun i\u00e7in kara progpagandaya ba\u015flayacak. Bu nedenle 2015&#8217;e iyi haz\u0131rlanmam\u0131z gerekiyor.<\/p>\n<p style=\"text-align: justify;\">Tarihimiz a\u00e7\u0131s\u0131ndan 1923&#8217;\u00fc s\u0131f\u0131r noktas\u0131 olarak alabilmemiz m\u00fcmk\u00fcn de\u011fil. <a title=\"Osmanl\u0131 Haberleri\" href=\"http:\/\/www.yazete.com\/osmanli\/\" target=\"_blank\">Osmanl\u0131<\/a>&#8216;n\u0131n kurulu\u015f tarihini de s\u0131f\u0131r noktas\u0131 olarak ele alamay\u0131z. Bizim tarihimiz as\u0131rlar\u0131 a\u015fan bir tarihdir. Yak\u0131n tarihi de unutturmamak zorunday\u0131z. Yak\u0131n tarihi unutturmak adeta cinayettir.<\/p>\n<p style=\"text-align: justify;\"><strong>&#8216;\u0130K\u0130 \u00d6NEML\u0130 HUSUS VAR&#8217;<\/strong><\/p>\n<p style=\"text-align: justify;\">Bu sava\u015ftaki en \u00f6nemli devlet olan <strong>Osmanl\u0131<\/strong>&#8216;n\u0131n bakiyesi bir devletin b\u00fcy\u00fckel\u00e7isi olarak etkinliklere katk\u0131 sunman\u0131z\u0131 rica ediyorum. \u0130ki \u00f6nemli husus var. \u00d6n\u00fcm\u00fczdeki y\u0131l da 1915&#8217;in y\u00fcz\u00fcnc\u00fc y\u0131l\u0131na ula\u015faca\u011f\u0131z. 1915 olaylar\u0131 olarak bilinen hadiselerin de y\u00fcz\u00fcnc\u00fc y\u0131l etkinliklerine \u015fahit olaca\u011f\u0131z. Ermeni diasporas\u0131 1915 olaylar\u0131n\u0131 farkl\u0131 ve tek yanl\u0131 aksettirmek, siyasi kampanyaya d\u00f6n\u00fc\u015ft\u00fcrmek i\u00e7in haz\u0131rl\u0131klar\u0131n\u0131 yap\u0131yor. Bu kara propagandaya kar\u015f\u0131 dik duru\u015f sergileyece\u011fiz.<\/p>\n<p style=\"text-align: justify;\"><strong>\u2018BUG\u00dcN\u00dc ANLAMAK TARA\u0130H\u0130 \u0130Y\u0130 OKUMAKTAN GE\u00c7ER\u2019<\/strong><\/p>\n<p style=\"text-align: justify;\">K\u00f6k\u00fc olmayan, k\u00f6k\u00fcn\u00fc reddeden bir millet \u00f6z kimli\u011fini de reddeder ve kimliksiz kal\u0131r. Tarihleri unutturulan milletler, k\u00f6klerini unutmu\u015f talihsiz milletlerdir. Bizde zaman zaman bu y\u00f6nde giri\u015fimler olmu\u015ftur. Tarih farkl\u0131 \u015fekilde yaz\u0131lmak istenmi\u015f, unutturulmak istenmi\u015ftir. Bu aziz millet yalan s\u00f6yleyen tarih kar\u015f\u0131s\u0131nda aldananlardan olmad\u0131. Bug\u00fcn\u00fc anlaman\u0131n bug\u00fcn\u00fc analiz etmenin \u00f6zellikle de bug\u00fcn\u00fcn g\u00fcncel sorunlar\u0131na \u00e7\u00f6z\u00fcm bulman\u0131n en \u00f6nemli yollar\u0131ndan biri tarihi iyi okumaktan ge\u00e7er.<\/p>\n<p style=\"text-align: justify;\"><strong>\u2018YAKIN TAR\u0130H\u0130 UNUTMAK C\u0130NAYETT\u0130R\u2019<\/strong><\/p>\n<p style=\"text-align: justify;\">Evet <a title=\"Birinci D\u00fcnya Sava\u015f\u0131 Haberleri\" href=\"http:\/\/www.yazete.com\/birinci-dunya-savasi\/\" target=\"_blank\">Birinci D\u00fcnya Sava\u015f\u0131<\/a>&#8216;n\u0131n askeri ve idari sonu\u00e7lar\u0131n\u0131 iyi analiz etmeyen biri, bug\u00fcn\u00fc anlayamaz, sa\u011fl\u0131kl\u0131 \u015fekilde analiz edemez. Bizim d\u0131\u015f politikam\u0131z, <strong>Birinci D\u00fcnya Sava\u015f\u0131<\/strong> ve \u00f6ncesi es ge\u00e7ilerek asla \u015fekillendirilemez. \u00d6nceli\u011fi yok sayarak 1923&#8217;\u00fc s\u0131f\u0131r noktas\u0131 almak m\u00fcmk\u00fcn de\u011fildir. Bizim as\u0131rlara sari bir tarihimiz var. \u0130simler de\u011fi\u015fmi\u015ftir, yap\u0131lar politikalar de\u011fi\u015fmi\u015ftir. Ama ayn\u0131 millet ayn\u0131 ruh ayn\u0131 idealler de\u011fi\u015fmeden ilerlemi\u015ftir. Yak\u0131n tarihi unutturmak a\u00e7\u0131k s\u00f6yl\u00fcyorum cinayettir.<\/p>\n<p style=\"text-align: justify;\">Yak\u0131n tarihi inkar ederek bug\u00fcn\u00fcn meselelerine \u00e7\u0131k\u0131\u015f yolu bulamazs\u0131n\u0131z. Kendi topra\u011f\u0131n\u0131z\u0131 bayra\u011f\u0131n\u0131z\u0131 idrak edemezsiniz.<\/p>\n<p style=\"text-align: justify;\">Bizim fiziki s\u0131n\u0131rlar\u0131m\u0131z <a title=\"Meri\u00e7 Haberleri\" href=\"http:\/\/www.yazete.com\/meric\/\" target=\"_blank\">Meri\u00e7<\/a>&#8216;te bitiyor ancak tarihimiz <strong>Meri\u00e7<\/strong>&#8216;te biterse biz sa\u011fl\u0131kl\u0131 bir d\u0131\u015f politikay\u0131 imar edemeyiz.<\/p>\n<p style=\"text-align: justify;\">Her devletin egemenlik haklar\u0131na i\u00e7i\u015flerine sonsuz \u015fekilde sayg\u0131m\u0131z var. Dostlar\u0131m\u0131z kom\u015fular\u0131m\u0131z bizden ve bizim dostlu\u011fumuzdan sonsuza kadar emin olsunlar. Ancak fiziki s\u0131n\u0131rlar\u0131n i\u00e7ine, insani duygular\u0131 hapsedemeyiz. O m\u00fcmk\u00fcn de\u011fil. daha 100 y\u0131l \u00f6ncesine kadar aram\u0131zda s\u0131n\u0131r\u0131n olmad\u0131\u011f\u0131 \u00fclkelere kar\u015f\u0131, bizim ecdad mezarl\u0131klar\u0131m\u0131z ve \u015fehitlerimiz, insan odakl\u0131 d\u0131\u015f politikam\u0131z\u0131n s\u0131n\u0131rlar\u0131n\u0131 \u00e7izmektedir.<\/p>\n<p style=\"text-align: justify;\"><strong>\u2018\u015eEH\u0130TL\u0130\u011e\u0130M\u0130Z BULUNAN HER \u00dcLKEY\u0130 KARDE\u015e OLARAK G\u00d6R\u00dcR\u00dcZ\u2019<\/strong><\/p>\n<p style=\"text-align: justify;\">Hi\u00e7 kimse bundan farkl\u0131 anlamlar \u00e7\u0131kartmas\u0131n. Biz mezarl\u0131k ve \u015fehitliklerin bulundu\u011fu her \u00fclkeyi karde\u015fimiz dostumuz olarak g\u00f6r\u00fcr\u00fcz. Ayn\u0131 \u015fekilde bug\u00fcn vatanda\u015flar\u0131m\u0131z\u0131n ya\u015fad\u0131\u011f\u0131 \u00e7al\u0131\u015ft\u0131\u011f\u0131 \u00fclkeleri de kendimize yak\u0131n g\u00f6r\u00fcr\u00fcz.<\/p>\n<p style=\"text-align: justify;\">\u0130\u015fte birinci d\u00fcnya sava\u015f\u0131 ve \u00f6ncesi bu bak\u0131mdan son derece \u00f6nemlidir. Bize soruyorlar, <a title=\"M\u0131s\u0131r Haberleri\" href=\"http:\/\/www.yazete.com\/misir\/\" target=\"_blank\">M\u0131s\u0131r<\/a> ile <a title=\"Filistin Haberleri\" href=\"http:\/\/www.yazete.com\/filistin\/\" target=\"_blank\">Filistin<\/a> ile, Somali, Myanmar&#8217;la, Balkanlarla neden bu kadar ilgilisiniz. Bize bunu soranlara biz \u015funu sormak zorunday\u0131z. Tersi m\u00fcmk\u00fcn m\u00fc?<\/p>\n<p style=\"text-align: justify;\">Kom\u015funuzun evinde yang\u0131n \u00e7\u0131km\u0131\u015f, karde\u015finizin evinde yang\u0131n \u00e7\u0131km\u0131\u015f, siz evde oturup kahvenizi i\u00e7ip televizyon seyretmeye devam edebilir misiniz? T\u00fcrkiye bunu ge\u00e7mi\u015fte denemi\u015ftir ve tam anlam\u0131yla ba\u015far\u0131s\u0131z olmu\u015ftur.<\/p>\n<p style=\"text-align: justify;\"><b><i>http:\/\/www.yazete.com\/politika\/erdogan-buyukelciler-konferansinda-konustu-729393.html<\/i><\/b><\/p>\n","protected":false},"excerpt":{"rendered":"<p>Ba\u015fbakan Erdo\u011fan, B\u00fcy\u00fckel\u00e7ileri Ermeni soyk\u0131r\u0131m\u0131 hakk\u0131nda uyard\u0131. Ba\u015fbakan Recep Tayyip Erdo\u011fan, b\u00fcy\u00fckel\u00e7iler konferans\u0131nda konu\u015ftu. Erdo\u011fan konu\u015fmas\u0131nda 1915 olaylar\u0131n\u0131n (Ermeni Soyk\u0131r\u0131m\u0131\u2019n\u0131n-\u2018Akunq\u2019 web sayfas\u0131 y\u00f6neticileri) y\u00fcz\u00fcnc\u00fc y\u0131l d\u00f6n\u00fcm\u00fc olan 2015 tarihine dikkat \u00e7ekti. \u0130\u015fte Erdo\u011fan&#8217;\u0131n konu\u015fmas\u0131ndan sat\u0131rba\u015flar\u0131: \u00d6n\u00fcm\u00fczdeki y\u0131l Ermeni olaylar\u0131n\u0131n y\u00fcz\u00fcnc\u00fc y\u0131l\u0131 olacak. Ermeni diasporas\u0131 bunun i\u00e7in kara progpagandaya ba\u015flayacak. Bu nedenle 2015&#8217;e iyi haz\u0131rlanmam\u0131z gerekiyor. [&hellip;]<\/p>\n","protected":false},"author":7,"featured_media":0,"comment_status":"open","ping_status":"open","sticky":false,"template":"","format":"standard","meta":{"footnotes":""},"categories":[1],"tags":[],"class_list":["post-27912","post","type-post","status-publish","format-standard","hentry","category-haberler"],"yoast_head":"<!-- This site is optimized with the Yoast SEO plugin v27.4 - https:\/\/yoast.com\/product\/yoast-seo-wordpress\/ -->\n<title>Erdo\u011fan&#039;dan B\u00fcy\u00fckel\u00e7ilere 1915 uyar\u0131s\u0131 - Bati Ermenistan Ve Bati Ermenileri Sorunlari Ara\u015ftirmalar Merkezi<\/title>\n<meta name=\"robots\" content=\"index, follow, max-snippet:-1, max-image-preview:large, max-video-preview:-1\" \/>\n<link rel=\"canonical\" href=\"https:\/\/akunq.net\/tr\/?p=27912\" \/>\n<meta property=\"og:locale\" content=\"en_US\" \/>\n<meta property=\"og:type\" content=\"article\" \/>\n<meta property=\"og:title\" content=\"Erdo\u011fan&#039;dan B\u00fcy\u00fckel\u00e7ilere 1915 uyar\u0131s\u0131 - Bati Ermenistan Ve Bati Ermenileri Sorunlari Ara\u015ftirmalar Merkezi\" \/>\n<meta property=\"og:description\" content=\"Ba\u015fbakan Erdo\u011fan, B\u00fcy\u00fckel\u00e7ileri Ermeni soyk\u0131r\u0131m\u0131 hakk\u0131nda uyard\u0131. Ba\u015fbakan Recep Tayyip Erdo\u011fan, b\u00fcy\u00fckel\u00e7iler konferans\u0131nda konu\u015ftu. Erdo\u011fan konu\u015fmas\u0131nda 1915 olaylar\u0131n\u0131n (Ermeni Soyk\u0131r\u0131m\u0131\u2019n\u0131n-\u2018Akunq\u2019 web sayfas\u0131 y\u00f6neticileri) y\u00fcz\u00fcnc\u00fc y\u0131l d\u00f6n\u00fcm\u00fc olan 2015 tarihine dikkat \u00e7ekti. \u0130\u015fte Erdo\u011fan&#8217;\u0131n konu\u015fmas\u0131ndan sat\u0131rba\u015flar\u0131: \u00d6n\u00fcm\u00fczdeki y\u0131l Ermeni olaylar\u0131n\u0131n y\u00fcz\u00fcnc\u00fc y\u0131l\u0131 olacak. Ermeni diasporas\u0131 bunun i\u00e7in kara progpagandaya ba\u015flayacak. Bu nedenle 2015&#8217;e iyi haz\u0131rlanmam\u0131z gerekiyor. [&hellip;]\" \/>\n<meta property=\"og:url\" content=\"https:\/\/akunq.net\/tr\/?p=27912\" \/>\n<meta property=\"og:site_name\" content=\"Bati Ermenistan Ve Bati Ermenileri Sorunlari Ara\u015ftirmalar Merkezi\" \/>\n<meta property=\"article:published_time\" content=\"2014-01-16T07:19:33+00:00\" \/>\n<meta name=\"author\" content=\"admin\" \/>\n<meta name=\"twitter:card\" content=\"summary_large_image\" \/>\n<meta name=\"twitter:label1\" content=\"Written by\" \/>\n\t<meta name=\"twitter:data1\" content=\"admin\" \/>\n\t<meta name=\"twitter:label2\" content=\"Est. reading time\" \/>\n\t<meta name=\"twitter:data2\" content=\"4 minutes\" \/>\n<script type=\"application\/ld+json\" class=\"yoast-schema-graph\">{\"@context\":\"https:\\\/\\\/schema.org\",\"@graph\":[{\"@type\":\"Article\",\"@id\":\"https:\\\/\\\/akunq.net\\\/tr\\\/?p=27912#article\",\"isPartOf\":{\"@id\":\"https:\\\/\\\/akunq.net\\\/tr\\\/?p=27912\"},\"author\":{\"name\":\"admin\",\"@id\":\"https:\\\/\\\/akunq.net\\\/tr\\\/#\\\/schema\\\/person\\\/096f1d38a12cce57fb855b485ed24c9e\"},\"headline\":\"Erdo\u011fan&#8217;dan B\u00fcy\u00fckel\u00e7ilere 1915 uyar\u0131s\u0131\",\"datePublished\":\"2014-01-16T07:19:33+00:00\",\"mainEntityOfPage\":{\"@id\":\"https:\\\/\\\/akunq.net\\\/tr\\\/?p=27912\"},\"wordCount\":731,\"commentCount\":0,\"articleSection\":[\"Haberler\"],\"inLanguage\":\"en-US\",\"potentialAction\":[{\"@type\":\"CommentAction\",\"name\":\"Comment\",\"target\":[\"https:\\\/\\\/akunq.net\\\/tr\\\/?p=27912#respond\"]}]},{\"@type\":\"WebPage\",\"@id\":\"https:\\\/\\\/akunq.net\\\/tr\\\/?p=27912\",\"url\":\"https:\\\/\\\/akunq.net\\\/tr\\\/?p=27912\",\"name\":\"Erdo\u011fan'dan B\u00fcy\u00fckel\u00e7ilere 1915 uyar\u0131s\u0131 - Bati Ermenistan Ve Bati Ermenileri Sorunlari Ara\u015ftirmalar Merkezi\",\"isPartOf\":{\"@id\":\"https:\\\/\\\/akunq.net\\\/tr\\\/#website\"},\"datePublished\":\"2014-01-16T07:19:33+00:00\",\"author\":{\"@id\":\"https:\\\/\\\/akunq.net\\\/tr\\\/#\\\/schema\\\/person\\\/096f1d38a12cce57fb855b485ed24c9e\"},\"breadcrumb\":{\"@id\":\"https:\\\/\\\/akunq.net\\\/tr\\\/?p=27912#breadcrumb\"},\"inLanguage\":\"en-US\",\"potentialAction\":[{\"@type\":\"ReadAction\",\"target\":[\"https:\\\/\\\/akunq.net\\\/tr\\\/?p=27912\"]}]},{\"@type\":\"BreadcrumbList\",\"@id\":\"https:\\\/\\\/akunq.net\\\/tr\\\/?p=27912#breadcrumb\",\"itemListElement\":[{\"@type\":\"ListItem\",\"position\":1,\"name\":\"Home\",\"item\":\"https:\\\/\\\/akunq.net\\\/tr\"},{\"@type\":\"ListItem\",\"position\":2,\"name\":\"Erdo\u011fan&#8217;dan B\u00fcy\u00fckel\u00e7ilere 1915 uyar\u0131s\u0131\"}]},{\"@type\":\"WebSite\",\"@id\":\"https:\\\/\\\/akunq.net\\\/tr\\\/#website\",\"url\":\"https:\\\/\\\/akunq.net\\\/tr\\\/\",\"name\":\"Bati Ermenistan Ve Bati Ermenileri Sorunlari Ara\u015ftirmalar Merkezi\",\"description\":\"\",\"potentialAction\":[{\"@type\":\"SearchAction\",\"target\":{\"@type\":\"EntryPoint\",\"urlTemplate\":\"https:\\\/\\\/akunq.net\\\/tr\\\/?s={search_term_string}\"},\"query-input\":{\"@type\":\"PropertyValueSpecification\",\"valueRequired\":true,\"valueName\":\"search_term_string\"}}],\"inLanguage\":\"en-US\"},{\"@type\":\"Person\",\"@id\":\"https:\\\/\\\/akunq.net\\\/tr\\\/#\\\/schema\\\/person\\\/096f1d38a12cce57fb855b485ed24c9e\",\"name\":\"admin\",\"url\":\"https:\\\/\\\/akunq.net\\\/tr\\\/?author=7\"}]}<\/script>\n<!-- \/ Yoast SEO plugin. -->","yoast_head_json":{"title":"Erdo\u011fan'dan B\u00fcy\u00fckel\u00e7ilere 1915 uyar\u0131s\u0131 - Bati Ermenistan Ve Bati Ermenileri Sorunlari Ara\u015ftirmalar Merkezi","robots":{"index":"index","follow":"follow","max-snippet":"max-snippet:-1","max-image-preview":"max-image-preview:large","max-video-preview":"max-video-preview:-1"},"canonical":"https:\/\/akunq.net\/tr\/?p=27912","og_locale":"en_US","og_type":"article","og_title":"Erdo\u011fan'dan B\u00fcy\u00fckel\u00e7ilere 1915 uyar\u0131s\u0131 - Bati Ermenistan Ve Bati Ermenileri Sorunlari Ara\u015ftirmalar Merkezi","og_description":"Ba\u015fbakan Erdo\u011fan, B\u00fcy\u00fckel\u00e7ileri Ermeni soyk\u0131r\u0131m\u0131 hakk\u0131nda uyard\u0131. Ba\u015fbakan Recep Tayyip Erdo\u011fan, b\u00fcy\u00fckel\u00e7iler konferans\u0131nda konu\u015ftu. Erdo\u011fan konu\u015fmas\u0131nda 1915 olaylar\u0131n\u0131n (Ermeni Soyk\u0131r\u0131m\u0131\u2019n\u0131n-\u2018Akunq\u2019 web sayfas\u0131 y\u00f6neticileri) y\u00fcz\u00fcnc\u00fc y\u0131l d\u00f6n\u00fcm\u00fc olan 2015 tarihine dikkat \u00e7ekti. \u0130\u015fte Erdo\u011fan&#8217;\u0131n konu\u015fmas\u0131ndan sat\u0131rba\u015flar\u0131: \u00d6n\u00fcm\u00fczdeki y\u0131l Ermeni olaylar\u0131n\u0131n y\u00fcz\u00fcnc\u00fc y\u0131l\u0131 olacak. Ermeni diasporas\u0131 bunun i\u00e7in kara progpagandaya ba\u015flayacak. Bu nedenle 2015&#8217;e iyi haz\u0131rlanmam\u0131z gerekiyor. [&hellip;]","og_url":"https:\/\/akunq.net\/tr\/?p=27912","og_site_name":"Bati Ermenistan Ve Bati Ermenileri Sorunlari Ara\u015ftirmalar Merkezi","article_published_time":"2014-01-16T07:19:33+00:00","author":"admin","twitter_card":"summary_large_image","twitter_misc":{"Written by":"admin","Est. reading time":"4 minutes"},"schema":{"@context":"https:\/\/schema.org","@graph":[{"@type":"Article","@id":"https:\/\/akunq.net\/tr\/?p=27912#article","isPartOf":{"@id":"https:\/\/akunq.net\/tr\/?p=27912"},"author":{"name":"admin","@id":"https:\/\/akunq.net\/tr\/#\/schema\/person\/096f1d38a12cce57fb855b485ed24c9e"},"headline":"Erdo\u011fan&#8217;dan B\u00fcy\u00fckel\u00e7ilere 1915 uyar\u0131s\u0131","datePublished":"2014-01-16T07:19:33+00:00","mainEntityOfPage":{"@id":"https:\/\/akunq.net\/tr\/?p=27912"},"wordCount":731,"commentCount":0,"articleSection":["Haberler"],"inLanguage":"en-US","potentialAction":[{"@type":"CommentAction","name":"Comment","target":["https:\/\/akunq.net\/tr\/?p=27912#respond"]}]},{"@type":"WebPage","@id":"https:\/\/akunq.net\/tr\/?p=27912","url":"https:\/\/akunq.net\/tr\/?p=27912","name":"Erdo\u011fan'dan B\u00fcy\u00fckel\u00e7ilere 1915 uyar\u0131s\u0131 - Bati Ermenistan Ve Bati Ermenileri Sorunlari Ara\u015ftirmalar Merkezi","isPartOf":{"@id":"https:\/\/akunq.net\/tr\/#website"},"datePublished":"2014-01-16T07:19:33+00:00","author":{"@id":"https:\/\/akunq.net\/tr\/#\/schema\/person\/096f1d38a12cce57fb855b485ed24c9e"},"breadcrumb":{"@id":"https:\/\/akunq.net\/tr\/?p=27912#breadcrumb"},"inLanguage":"en-US","potentialAction":[{"@type":"ReadAction","target":["https:\/\/akunq.net\/tr\/?p=27912"]}]},{"@type":"BreadcrumbList","@id":"https:\/\/akunq.net\/tr\/?p=27912#breadcrumb","itemListElement":[{"@type":"ListItem","position":1,"name":"Home","item":"https:\/\/akunq.net\/tr"},{"@type":"ListItem","position":2,"name":"Erdo\u011fan&#8217;dan B\u00fcy\u00fckel\u00e7ilere 1915 uyar\u0131s\u0131"}]},{"@type":"WebSite","@id":"https:\/\/akunq.net\/tr\/#website","url":"https:\/\/akunq.net\/tr\/","name":"Bati Ermenistan Ve Bati Ermenileri Sorunlari Ara\u015ftirmalar Merkezi","description":"","potentialAction":[{"@type":"SearchAction","target":{"@type":"EntryPoint","urlTemplate":"https:\/\/akunq.net\/tr\/?s={search_term_string}"},"query-input":{"@type":"PropertyValueSpecification","valueRequired":true,"valueName":"search_term_string"}}],"inLanguage":"en-US"},{"@type":"Person","@id":"https:\/\/akunq.net\/tr\/#\/schema\/person\/096f1d38a12cce57fb855b485ed24c9e","name":"admin","url":"https:\/\/akunq.net\/tr\/?author=7"}]}},"_links":{"self":[{"href":"https:\/\/akunq.net\/tr\/index.php?rest_route=\/wp\/v2\/posts\/27912","targetHints":{"allow":["GET"]}}],"collection":[{"href":"https:\/\/akunq.net\/tr\/index.php?rest_route=\/wp\/v2\/posts"}],"about":[{"href":"https:\/\/akunq.net\/tr\/index.php?rest_route=\/wp\/v2\/types\/post"}],"author":[{"embeddable":true,"href":"https:\/\/akunq.net\/tr\/index.php?rest_route=\/wp\/v2\/users\/7"}],"replies":[{"embeddable":true,"href":"https:\/\/akunq.net\/tr\/index.php?rest_route=%2Fwp%2Fv2%2Fcomments&post=27912"}],"version-history":[{"count":1,"href":"https:\/\/akunq.net\/tr\/index.php?rest_route=\/wp\/v2\/posts\/27912\/revisions"}],"predecessor-version":[{"id":27914,"href":"https:\/\/akunq.net\/tr\/index.php?rest_route=\/wp\/v2\/posts\/27912\/revisions\/27914"}],"wp:attachment":[{"href":"https:\/\/akunq.net\/tr\/index.php?rest_route=%2Fwp%2Fv2%2Fmedia&parent=27912"}],"wp:term":[{"taxonomy":"category","embeddable":true,"href":"https:\/\/akunq.net\/tr\/index.php?rest_route=%2Fwp%2Fv2%2Fcategories&post=27912"},{"taxonomy":"post_tag","embeddable":true,"href":"https:\/\/akunq.net\/tr\/index.php?rest_route=%2Fwp%2Fv2%2Ftags&post=27912"}],"curies":[{"name":"wp","href":"https:\/\/api.w.org\/{rel}","templated":true}]}}