{"id":27908,"date":"2014-01-16T02:08:09","date_gmt":"2014-01-16T07:08:09","guid":{"rendered":"http:\/\/akunq.net\/tr\/?p=27908"},"modified":"2014-01-16T02:08:13","modified_gmt":"2014-01-16T07:08:13","slug":"atalay-ocalan-kurtlerin-lideri","status":"publish","type":"post","link":"https:\/\/akunq.net\/tr\/?p=27908","title":{"rendered":"Atalay: \u00d6calan K\u00fcrtlerin lideri"},"content":{"rendered":"<p style=\"text-align: justify;\"><b><i><a href=\"http:\/\/akunq.net\/tr\/wp-content\/uploads\/2014\/01\/Atalay-\u00d6calan.jpg\"><img loading=\"lazy\" decoding=\"async\" class=\"alignright size-medium wp-image-27909\" alt=\"Atalay, \u00d6calan\" src=\"http:\/\/akunq.net\/tr\/wp-content\/uploads\/2014\/01\/Atalay-\u00d6calan-300x174.jpg\" width=\"300\" height=\"174\" srcset=\"https:\/\/akunq.net\/tr\/wp-content\/uploads\/sites\/6\/2014\/01\/Atalay-\u00d6calan-300x174.jpg 300w, https:\/\/akunq.net\/tr\/wp-content\/uploads\/sites\/6\/2014\/01\/Atalay-\u00d6calan-600x349.jpg 600w, https:\/\/akunq.net\/tr\/wp-content\/uploads\/sites\/6\/2014\/01\/Atalay-\u00d6calan.jpg 639w\" sizes=\"auto, (max-width: 300px) 100vw, 300px\" \/><\/a>Ba\u015fbakan Yard\u0131mc\u0131s\u0131 Be\u015fir Atalay, se\u00e7im nedeniyle duraksamalar olsa da \u00e7\u00f6z\u00fcm s\u00fcrecinin devam edece\u011fini belirtirken, \u00d6calan i\u00e7in, \u201cBe\u011fenseniz de be\u011fenmeseniz de K\u00fcrtlerin lideri \u00d6calan\u201d ifadesini kulland\u0131.<\/i><\/b><\/p>\n<p style=\"text-align: justify;\">Ba\u015fbakan Yard\u0131mc\u0131s\u0131 Be\u015fir Atalay, B\u00fcy\u00fckel\u00e7iler Konferans\u0131\u2019nda \u00e7\u00f6z\u00fcm s\u00fcrecine dair perspektif verdi. Atalay, se\u00e7im nedeniyle duraksamalar olsa da \u00e7\u00f6z\u00fcm s\u00fcrecinin devam edece\u011fini belirtirken, Abdullah \u00d6calan i\u00e7in, \u201cBe\u011fenseniz de be\u011fenmeseniz de K\u00fcrtlerin lideri \u00d6calan\u201d ifadesini kulland\u0131. Bakan Atalay, B\u00fcy\u00fckel\u00e7iler Konferans\u0131\u2019n\u0131n bas\u0131na kapal\u0131 b\u00f6l\u00fcm\u00fcnde b\u00fcy\u00fckel\u00e7ilere \u00e7\u00f6z\u00fcm s\u00fcrecini anlatt\u0131. Atalay, K\u00fcrtlerin istedi\u011fi dil ve e\u011fitim hakk\u0131 konusunda bir\u00e7ok \u00f6rne\u011fi incelettirdiklerini belirtirken, \u201cBizim tercihimiz bunu \u00f6zel okul ile ba\u015flatmaktan yana\u201d dedi. Atalay, \u00e7\u00f6z\u00fcm s\u00fcrecinin devam etti\u011fini belirterek \u201cBu s\u00fcre\u00e7te beklenmedik riskler \u00e7\u0131kabilir ancak s\u00fcre\u00e7 devam ediyor. Ne olursa olsun 1 y\u0131ld\u0131r ter\u00f6rden \u00f6len yok. Bu s\u00fcre\u00e7 devam edecek. Pe\u015fi pe\u015fine iki se\u00e7im var \u00f6n\u00fcm\u00fczde. Bu nedenle bu s\u00fcre\u00e7te duraksama olmas\u0131 ka\u00e7\u0131n\u0131lmaz\u201d mesaj\u0131n\u0131 verdi. Atalay, Abdullah \u00d6calan\u2019la g\u00f6r\u00fc\u015fmelerin de devam etti\u011fini anlat\u0131rken, \u201cBe\u011fenin ya da be\u011fenmeyin, \u00d6calan K\u00fcrtlerin lideri. Bir mekanizma olu\u015fturduk. M\u0130T \u00d6calan\u2019la g\u00f6r\u00fc\u015f\u00fcyor. Biz BDP\u2019lilerle g\u00f6r\u00fc\u015f\u00fcyoruz, onlar da Kandil\u2019le g\u00f6r\u00fc\u015f\u00fcyor\u201d diye konu\u015ftu. D\u0131\u015f mihrak sorusu Atalay\u2019\u0131n, \u201cd\u0131\u015f g\u00fc\u00e7lerin \u00e7\u00f6z\u00fcm s\u00fcrecine sekte vurdu\u011funu\u201d belirten s\u00f6zleri \u00fczerine, bir b\u00fcy\u00fckel\u00e7i s\u00f6z alarak \u201cBize bu \u00fclkelerle ve kan\u0131tlarla ilgili bilgi verir misiniz? \u00c7\u00fcnk\u00fc isim zikretmeden bunlar\u0131 s\u00f6yledi\u011finizde biz g\u00f6rev yapt\u0131\u011f\u0131m\u0131z \u00fclkelerde zor durumda kal\u0131yoruz\u201d dedi\u011fi \u00f6\u011frenildi. Atalay\u2019\u0131n da bunun \u00fczerine \u0130ran ve Almanya\u2019n\u0131n s\u00fcreci baltalamaya y\u00f6nelik \u00e7abalar\u0131n\u0131 anlatt\u0131\u011f\u0131 bildirildi. Almanya\u2019da \u00e7ok say\u0131da K\u00fcrt\u2019\u00fcn ya\u015fad\u0131\u011f\u0131na i\u015faret eden Atalay\u2019\u0131n, \u00f6rg\u00fct\u00fcn Avrupa aya\u011f\u0131n\u0131n att\u0131\u011f\u0131 ad\u0131mlarla ilgili \u015f\u00fcpheleri bulundu\u011funu belirtti. Atalay\u2019\u0131n \u0130ran i\u00e7in de PJK\u2019ye i\u015faret etti\u011fi \u00f6\u011frenildi. B\u00fcy\u00fckel\u00e7ilerin h\u00fck\u00fcmetten gelen \u201cd\u0131\u015f mihrak\u201d sorusunu \u00f6nceki g\u00fcn Meclis Ba\u015fkan\u0131 Cemil \u00c7i\u00e7ek ile yapt\u0131klar\u0131 g\u00f6r\u00fc\u015fmede de g\u00fcndeme getirdikleri, \u00c7i\u00e7ek\u2019in ise buna \u201cdevlet i\u00e7erisinde bu t\u00fcr ifadeler olur\u201d kar\u015f\u0131l\u0131\u011f\u0131n\u0131 verdi\u011fi \u00f6\u011frenildi. Ruhban Okulu ve Aleviler Be\u015fir, b\u00fcy\u00fckel\u00e7ilere 4. reform paketi ile ilgili bilgi aktar\u0131rken de Aleviler ve Ruhban Okulu\u2019na y\u00f6nelik d\u00fczenlemelerin paketten son anda \u00e7\u0131kart\u0131ld\u0131\u011f\u0131n\u0131 belirtti. Atalay, Alevilerin ibadethane talepleri konusunda da \u201ckendi aralar\u0131nda da birlik yok\u201d mesaj\u0131 verdi. Reform s\u00fcrecinin devam edece\u011fini ve anayasal de\u011fi\u015fikliklerin s\u00fcrd\u00fcr\u00fclece\u011fini s\u00f6yleyen Atalay, \u201cBu s\u00fcre\u00e7te en b\u00fcy\u00fck engel muhalefetten, CHP ve MHP\u2019den geliyor\u201d dedi. Be\u015fir Atalay,<br \/>\n\u0130HH\u2019ye y\u00f6nelik operasyonlar hakk\u0131nda bilgisi olmad\u0131\u011f\u0131n\u0131 belirtirken, dan\u0131\u015fmanlar\u0131na da yeni bilgi iletmedikleri i\u00e7in \u00f6fkelendi. Atalay, konferans verdi\u011fi zamana i\u015faret ederek \u201cBir saat oldu, niye bilgi getirmiyorsunuz?\u201d diye \u00e7\u0131k\u0131\u015ft\u0131\u011f\u0131 dan\u0131\u015fmanlar\u0131ndan \u201cyeni bilgi yok\u201d yan\u0131t\u0131n\u0131 ald\u0131. Atalay, OHAL\u2019in yeniden getirilmesinin ise s\u00f6z konusu olmad\u0131\u011f\u0131n\u0131 s\u00f6yledi ve \u201cG\u00fcndemimizde katiyen b\u00f6yle bir \u015fey yok. H\u00fck\u00fcmetimizin ilk icraat\u0131 OHAL\u2019i kald\u0131rmakt\u0131r\u201d dedi.\u00a0<\/p>\n<p style=\"text-align: justify;\"><b><i>Duygu G\u00fcven\u00e7<\/i><\/b><\/p>\n<p style=\"text-align: justify;\"><b><i>http:\/\/www.cumhuriyet.com.tr\/haber\/turkiye\/29499\/Atalay__Ocalan_Kurtlerin_lideri.html#<\/i><\/b><\/p>\n","protected":false},"excerpt":{"rendered":"<p>Ba\u015fbakan Yard\u0131mc\u0131s\u0131 Be\u015fir Atalay, se\u00e7im nedeniyle duraksamalar olsa da \u00e7\u00f6z\u00fcm s\u00fcrecinin devam edece\u011fini belirtirken, \u00d6calan i\u00e7in, \u201cBe\u011fenseniz de be\u011fenmeseniz de K\u00fcrtlerin lideri \u00d6calan\u201d ifadesini kulland\u0131. Ba\u015fbakan Yard\u0131mc\u0131s\u0131 Be\u015fir Atalay, B\u00fcy\u00fckel\u00e7iler Konferans\u0131\u2019nda \u00e7\u00f6z\u00fcm s\u00fcrecine dair perspektif verdi. Atalay, se\u00e7im nedeniyle duraksamalar olsa da \u00e7\u00f6z\u00fcm s\u00fcrecinin devam edece\u011fini belirtirken, Abdullah \u00d6calan i\u00e7in, \u201cBe\u011fenseniz de be\u011fenmeseniz de K\u00fcrtlerin [&hellip;]<\/p>\n","protected":false},"author":7,"featured_media":0,"comment_status":"open","ping_status":"open","sticky":false,"template":"","format":"standard","meta":{"footnotes":""},"categories":[1],"tags":[],"class_list":["post-27908","post","type-post","status-publish","format-standard","hentry","category-haberler"],"yoast_head":"<!-- This site is optimized with the Yoast SEO plugin v27.4 - https:\/\/yoast.com\/product\/yoast-seo-wordpress\/ -->\n<title>Atalay: \u00d6calan K\u00fcrtlerin lideri - Bati Ermenistan Ve Bati Ermenileri Sorunlari Ara\u015ftirmalar Merkezi<\/title>\n<meta name=\"robots\" content=\"index, follow, max-snippet:-1, max-image-preview:large, max-video-preview:-1\" \/>\n<link rel=\"canonical\" href=\"https:\/\/akunq.net\/tr\/?p=27908\" \/>\n<meta property=\"og:locale\" content=\"en_US\" \/>\n<meta property=\"og:type\" content=\"article\" \/>\n<meta property=\"og:title\" content=\"Atalay: \u00d6calan K\u00fcrtlerin lideri - Bati Ermenistan Ve Bati Ermenileri Sorunlari Ara\u015ftirmalar Merkezi\" \/>\n<meta property=\"og:description\" content=\"Ba\u015fbakan Yard\u0131mc\u0131s\u0131 Be\u015fir Atalay, se\u00e7im nedeniyle duraksamalar olsa da \u00e7\u00f6z\u00fcm s\u00fcrecinin devam edece\u011fini belirtirken, \u00d6calan i\u00e7in, \u201cBe\u011fenseniz de be\u011fenmeseniz de K\u00fcrtlerin lideri \u00d6calan\u201d ifadesini kulland\u0131. Ba\u015fbakan Yard\u0131mc\u0131s\u0131 Be\u015fir Atalay, B\u00fcy\u00fckel\u00e7iler Konferans\u0131\u2019nda \u00e7\u00f6z\u00fcm s\u00fcrecine dair perspektif verdi. Atalay, se\u00e7im nedeniyle duraksamalar olsa da \u00e7\u00f6z\u00fcm s\u00fcrecinin devam edece\u011fini belirtirken, Abdullah \u00d6calan i\u00e7in, \u201cBe\u011fenseniz de be\u011fenmeseniz de K\u00fcrtlerin [&hellip;]\" \/>\n<meta property=\"og:url\" content=\"https:\/\/akunq.net\/tr\/?p=27908\" \/>\n<meta property=\"og:site_name\" content=\"Bati Ermenistan Ve Bati Ermenileri Sorunlari Ara\u015ftirmalar Merkezi\" \/>\n<meta property=\"article:published_time\" content=\"2014-01-16T07:08:09+00:00\" \/>\n<meta property=\"article:modified_time\" content=\"2014-01-16T07:08:13+00:00\" \/>\n<meta name=\"author\" content=\"admin\" \/>\n<meta name=\"twitter:card\" content=\"summary_large_image\" \/>\n<meta name=\"twitter:label1\" content=\"Written by\" \/>\n\t<meta name=\"twitter:data1\" content=\"admin\" \/>\n\t<meta name=\"twitter:label2\" content=\"Est. reading time\" \/>\n\t<meta name=\"twitter:data2\" content=\"3 minutes\" \/>\n<script type=\"application\/ld+json\" class=\"yoast-schema-graph\">{\"@context\":\"https:\\\/\\\/schema.org\",\"@graph\":[{\"@type\":\"Article\",\"@id\":\"https:\\\/\\\/akunq.net\\\/tr\\\/?p=27908#article\",\"isPartOf\":{\"@id\":\"https:\\\/\\\/akunq.net\\\/tr\\\/?p=27908\"},\"author\":{\"name\":\"admin\",\"@id\":\"https:\\\/\\\/akunq.net\\\/tr\\\/#\\\/schema\\\/person\\\/096f1d38a12cce57fb855b485ed24c9e\"},\"headline\":\"Atalay: \u00d6calan K\u00fcrtlerin lideri\",\"datePublished\":\"2014-01-16T07:08:09+00:00\",\"dateModified\":\"2014-01-16T07:08:13+00:00\",\"mainEntityOfPage\":{\"@id\":\"https:\\\/\\\/akunq.net\\\/tr\\\/?p=27908\"},\"wordCount\":609,\"commentCount\":0,\"articleSection\":[\"Haberler\"],\"inLanguage\":\"en-US\",\"potentialAction\":[{\"@type\":\"CommentAction\",\"name\":\"Comment\",\"target\":[\"https:\\\/\\\/akunq.net\\\/tr\\\/?p=27908#respond\"]}]},{\"@type\":\"WebPage\",\"@id\":\"https:\\\/\\\/akunq.net\\\/tr\\\/?p=27908\",\"url\":\"https:\\\/\\\/akunq.net\\\/tr\\\/?p=27908\",\"name\":\"Atalay: \u00d6calan K\u00fcrtlerin lideri - Bati Ermenistan Ve Bati Ermenileri Sorunlari Ara\u015ftirmalar Merkezi\",\"isPartOf\":{\"@id\":\"https:\\\/\\\/akunq.net\\\/tr\\\/#website\"},\"datePublished\":\"2014-01-16T07:08:09+00:00\",\"dateModified\":\"2014-01-16T07:08:13+00:00\",\"author\":{\"@id\":\"https:\\\/\\\/akunq.net\\\/tr\\\/#\\\/schema\\\/person\\\/096f1d38a12cce57fb855b485ed24c9e\"},\"breadcrumb\":{\"@id\":\"https:\\\/\\\/akunq.net\\\/tr\\\/?p=27908#breadcrumb\"},\"inLanguage\":\"en-US\",\"potentialAction\":[{\"@type\":\"ReadAction\",\"target\":[\"https:\\\/\\\/akunq.net\\\/tr\\\/?p=27908\"]}]},{\"@type\":\"BreadcrumbList\",\"@id\":\"https:\\\/\\\/akunq.net\\\/tr\\\/?p=27908#breadcrumb\",\"itemListElement\":[{\"@type\":\"ListItem\",\"position\":1,\"name\":\"Home\",\"item\":\"https:\\\/\\\/akunq.net\\\/tr\"},{\"@type\":\"ListItem\",\"position\":2,\"name\":\"Atalay: \u00d6calan K\u00fcrtlerin lideri\"}]},{\"@type\":\"WebSite\",\"@id\":\"https:\\\/\\\/akunq.net\\\/tr\\\/#website\",\"url\":\"https:\\\/\\\/akunq.net\\\/tr\\\/\",\"name\":\"Bati Ermenistan Ve Bati Ermenileri Sorunlari Ara\u015ftirmalar Merkezi\",\"description\":\"\",\"potentialAction\":[{\"@type\":\"SearchAction\",\"target\":{\"@type\":\"EntryPoint\",\"urlTemplate\":\"https:\\\/\\\/akunq.net\\\/tr\\\/?s={search_term_string}\"},\"query-input\":{\"@type\":\"PropertyValueSpecification\",\"valueRequired\":true,\"valueName\":\"search_term_string\"}}],\"inLanguage\":\"en-US\"},{\"@type\":\"Person\",\"@id\":\"https:\\\/\\\/akunq.net\\\/tr\\\/#\\\/schema\\\/person\\\/096f1d38a12cce57fb855b485ed24c9e\",\"name\":\"admin\",\"url\":\"https:\\\/\\\/akunq.net\\\/tr\\\/?author=7\"}]}<\/script>\n<!-- \/ Yoast SEO plugin. -->","yoast_head_json":{"title":"Atalay: \u00d6calan K\u00fcrtlerin lideri - Bati Ermenistan Ve Bati Ermenileri Sorunlari Ara\u015ftirmalar Merkezi","robots":{"index":"index","follow":"follow","max-snippet":"max-snippet:-1","max-image-preview":"max-image-preview:large","max-video-preview":"max-video-preview:-1"},"canonical":"https:\/\/akunq.net\/tr\/?p=27908","og_locale":"en_US","og_type":"article","og_title":"Atalay: \u00d6calan K\u00fcrtlerin lideri - Bati Ermenistan Ve Bati Ermenileri Sorunlari Ara\u015ftirmalar Merkezi","og_description":"Ba\u015fbakan Yard\u0131mc\u0131s\u0131 Be\u015fir Atalay, se\u00e7im nedeniyle duraksamalar olsa da \u00e7\u00f6z\u00fcm s\u00fcrecinin devam edece\u011fini belirtirken, \u00d6calan i\u00e7in, \u201cBe\u011fenseniz de be\u011fenmeseniz de K\u00fcrtlerin lideri \u00d6calan\u201d ifadesini kulland\u0131. Ba\u015fbakan Yard\u0131mc\u0131s\u0131 Be\u015fir Atalay, B\u00fcy\u00fckel\u00e7iler Konferans\u0131\u2019nda \u00e7\u00f6z\u00fcm s\u00fcrecine dair perspektif verdi. Atalay, se\u00e7im nedeniyle duraksamalar olsa da \u00e7\u00f6z\u00fcm s\u00fcrecinin devam edece\u011fini belirtirken, Abdullah \u00d6calan i\u00e7in, \u201cBe\u011fenseniz de be\u011fenmeseniz de K\u00fcrtlerin [&hellip;]","og_url":"https:\/\/akunq.net\/tr\/?p=27908","og_site_name":"Bati Ermenistan Ve Bati Ermenileri Sorunlari Ara\u015ftirmalar Merkezi","article_published_time":"2014-01-16T07:08:09+00:00","article_modified_time":"2014-01-16T07:08:13+00:00","author":"admin","twitter_card":"summary_large_image","twitter_misc":{"Written by":"admin","Est. reading time":"3 minutes"},"schema":{"@context":"https:\/\/schema.org","@graph":[{"@type":"Article","@id":"https:\/\/akunq.net\/tr\/?p=27908#article","isPartOf":{"@id":"https:\/\/akunq.net\/tr\/?p=27908"},"author":{"name":"admin","@id":"https:\/\/akunq.net\/tr\/#\/schema\/person\/096f1d38a12cce57fb855b485ed24c9e"},"headline":"Atalay: \u00d6calan K\u00fcrtlerin lideri","datePublished":"2014-01-16T07:08:09+00:00","dateModified":"2014-01-16T07:08:13+00:00","mainEntityOfPage":{"@id":"https:\/\/akunq.net\/tr\/?p=27908"},"wordCount":609,"commentCount":0,"articleSection":["Haberler"],"inLanguage":"en-US","potentialAction":[{"@type":"CommentAction","name":"Comment","target":["https:\/\/akunq.net\/tr\/?p=27908#respond"]}]},{"@type":"WebPage","@id":"https:\/\/akunq.net\/tr\/?p=27908","url":"https:\/\/akunq.net\/tr\/?p=27908","name":"Atalay: \u00d6calan K\u00fcrtlerin lideri - Bati Ermenistan Ve Bati Ermenileri Sorunlari Ara\u015ftirmalar Merkezi","isPartOf":{"@id":"https:\/\/akunq.net\/tr\/#website"},"datePublished":"2014-01-16T07:08:09+00:00","dateModified":"2014-01-16T07:08:13+00:00","author":{"@id":"https:\/\/akunq.net\/tr\/#\/schema\/person\/096f1d38a12cce57fb855b485ed24c9e"},"breadcrumb":{"@id":"https:\/\/akunq.net\/tr\/?p=27908#breadcrumb"},"inLanguage":"en-US","potentialAction":[{"@type":"ReadAction","target":["https:\/\/akunq.net\/tr\/?p=27908"]}]},{"@type":"BreadcrumbList","@id":"https:\/\/akunq.net\/tr\/?p=27908#breadcrumb","itemListElement":[{"@type":"ListItem","position":1,"name":"Home","item":"https:\/\/akunq.net\/tr"},{"@type":"ListItem","position":2,"name":"Atalay: \u00d6calan K\u00fcrtlerin lideri"}]},{"@type":"WebSite","@id":"https:\/\/akunq.net\/tr\/#website","url":"https:\/\/akunq.net\/tr\/","name":"Bati Ermenistan Ve Bati Ermenileri Sorunlari Ara\u015ftirmalar Merkezi","description":"","potentialAction":[{"@type":"SearchAction","target":{"@type":"EntryPoint","urlTemplate":"https:\/\/akunq.net\/tr\/?s={search_term_string}"},"query-input":{"@type":"PropertyValueSpecification","valueRequired":true,"valueName":"search_term_string"}}],"inLanguage":"en-US"},{"@type":"Person","@id":"https:\/\/akunq.net\/tr\/#\/schema\/person\/096f1d38a12cce57fb855b485ed24c9e","name":"admin","url":"https:\/\/akunq.net\/tr\/?author=7"}]}},"_links":{"self":[{"href":"https:\/\/akunq.net\/tr\/index.php?rest_route=\/wp\/v2\/posts\/27908","targetHints":{"allow":["GET"]}}],"collection":[{"href":"https:\/\/akunq.net\/tr\/index.php?rest_route=\/wp\/v2\/posts"}],"about":[{"href":"https:\/\/akunq.net\/tr\/index.php?rest_route=\/wp\/v2\/types\/post"}],"author":[{"embeddable":true,"href":"https:\/\/akunq.net\/tr\/index.php?rest_route=\/wp\/v2\/users\/7"}],"replies":[{"embeddable":true,"href":"https:\/\/akunq.net\/tr\/index.php?rest_route=%2Fwp%2Fv2%2Fcomments&post=27908"}],"version-history":[{"count":2,"href":"https:\/\/akunq.net\/tr\/index.php?rest_route=\/wp\/v2\/posts\/27908\/revisions"}],"predecessor-version":[{"id":27911,"href":"https:\/\/akunq.net\/tr\/index.php?rest_route=\/wp\/v2\/posts\/27908\/revisions\/27911"}],"wp:attachment":[{"href":"https:\/\/akunq.net\/tr\/index.php?rest_route=%2Fwp%2Fv2%2Fmedia&parent=27908"}],"wp:term":[{"taxonomy":"category","embeddable":true,"href":"https:\/\/akunq.net\/tr\/index.php?rest_route=%2Fwp%2Fv2%2Fcategories&post=27908"},{"taxonomy":"post_tag","embeddable":true,"href":"https:\/\/akunq.net\/tr\/index.php?rest_route=%2Fwp%2Fv2%2Ftags&post=27908"}],"curies":[{"name":"wp","href":"https:\/\/api.w.org\/{rel}","templated":true}]}}