{"id":27898,"date":"2014-01-15T03:31:47","date_gmt":"2014-01-15T08:31:47","guid":{"rendered":"http:\/\/akunq.net\/tr\/?p=27898"},"modified":"2014-01-15T03:33:45","modified_gmt":"2014-01-15T08:33:45","slug":"ocalandan-ermeni-vatandaslara-mesaj","status":"publish","type":"post","link":"https:\/\/akunq.net\/tr\/?p=27898","title":{"rendered":"\u00d6calan\u2019dan Ermeni vatanda\u015flar\u0131na mesaj"},"content":{"rendered":"<p style=\"text-align: justify;\"><em><strong><a href=\"http:\/\/akunq.net\/tr\/wp-content\/uploads\/2014\/01\/\u0531\u057a\u057f\u056b\u0582\u056c\u056c\u0561-\u0555\u0573\u0561\u056c\u0561\u0576.jpg\"><img loading=\"lazy\" decoding=\"async\" class=\"alignright size-medium wp-image-27899\" alt=\"\u0531\u057a\u057f\u056b\u0582\u056c\u056c\u0561 \u0555\u0573\u0561\u056c\u0561\u0576\" src=\"http:\/\/akunq.net\/tr\/wp-content\/uploads\/2014\/01\/\u0531\u057a\u057f\u056b\u0582\u056c\u056c\u0561-\u0555\u0573\u0561\u056c\u0561\u0576-300x199.jpg\" width=\"300\" height=\"199\" srcset=\"https:\/\/akunq.net\/tr\/wp-content\/uploads\/sites\/6\/2014\/01\/\u0531\u057a\u057f\u056b\u0582\u056c\u056c\u0561-\u0555\u0573\u0561\u056c\u0561\u0576-300x199.jpg 300w, https:\/\/akunq.net\/tr\/wp-content\/uploads\/sites\/6\/2014\/01\/\u0531\u057a\u057f\u056b\u0582\u056c\u056c\u0561-\u0555\u0573\u0561\u056c\u0561\u0576.jpg 420w\" sizes=\"auto, (max-width: 300px) 100vw, 300px\" \/><\/a>11.01.2014 tarihinde BDP Grup Ba\u015fkan Vekilleri Pervin Buldan ve \u0130dris Baluken ile HDP \u0130stanbul Milletvekili S\u0131rr\u0131 S\u00fcreyya \u00d6nder, \u00d6calan ile 14\u2019\u00fcnc\u00fc kez g\u00f6r\u00fc\u015ft\u00fc.<\/strong><\/em><\/p>\n<p style=\"text-align: justify;\">\u00d6calan, ger\u00e7ekle\u015fen g\u00f6r\u00fc\u015fmede \u201c\u00dclkeyi bir darbe ate\u015fiyle yeniden yang\u0131n yerine \u00e7evirmek isteyenler bizim bu ate\u015fe benzin ta\u015f\u0131mayaca\u011f\u0131m\u0131z\u0131 bilmelidir.\u201d ifadelerini kulland\u0131.<\/p>\n<p style=\"text-align: justify;\">\u00d6calan bir mesaj da \u00a0Ermeni vatanda\u015flar\u0131na g\u00f6nderdi. \u201cErmeni halk\u0131n\u0131n de\u011ferli evlad\u0131 Hrant karde\u015fimizin an\u0131s\u0131 ve m\u00fccadelesini selaml\u0131yorum.\u201d diyen ter\u00f6ristba\u015f\u0131, Ermeni vatanda\u015flara geni\u015f kapsaml\u0131 bir mektupla seslenmeyi ve bunu da Dink\u2019in \u00f6l\u00fcm y\u0131l d\u00f6n\u00fcm\u00fcne yeti\u015ftirmeyi hedefledi\u011fini belirtti.<\/p>\n<p style=\"text-align: justify;\"><b><i>http:\/\/www.ermenihaber.am\/?lang_id=1&amp;news_=7&amp;cur_news=1156<\/i><\/b><\/p>\n","protected":false},"excerpt":{"rendered":"<p>11.01.2014 tarihinde BDP Grup Ba\u015fkan Vekilleri Pervin Buldan ve \u0130dris Baluken ile HDP \u0130stanbul Milletvekili S\u0131rr\u0131 S\u00fcreyya \u00d6nder, \u00d6calan ile 14\u2019\u00fcnc\u00fc kez g\u00f6r\u00fc\u015ft\u00fc. \u00d6calan, ger\u00e7ekle\u015fen g\u00f6r\u00fc\u015fmede \u201c\u00dclkeyi bir darbe ate\u015fiyle yeniden yang\u0131n yerine \u00e7evirmek isteyenler bizim bu ate\u015fe benzin ta\u015f\u0131mayaca\u011f\u0131m\u0131z\u0131 bilmelidir.\u201d ifadelerini kulland\u0131. \u00d6calan bir mesaj da \u00a0Ermeni vatanda\u015flar\u0131na g\u00f6nderdi. \u201cErmeni halk\u0131n\u0131n de\u011ferli evlad\u0131 Hrant [&hellip;]<\/p>\n","protected":false},"author":7,"featured_media":0,"comment_status":"open","ping_status":"open","sticky":false,"template":"","format":"standard","meta":{"footnotes":""},"categories":[1],"tags":[],"class_list":["post-27898","post","type-post","status-publish","format-standard","hentry","category-haberler"],"yoast_head":"<!-- This site is optimized with the Yoast SEO plugin v27.4 - https:\/\/yoast.com\/product\/yoast-seo-wordpress\/ -->\n<title>\u00d6calan\u2019dan Ermeni vatanda\u015flar\u0131na mesaj - Bati Ermenistan Ve Bati Ermenileri Sorunlari Ara\u015ftirmalar Merkezi<\/title>\n<meta name=\"robots\" content=\"index, follow, max-snippet:-1, max-image-preview:large, max-video-preview:-1\" \/>\n<link rel=\"canonical\" href=\"https:\/\/akunq.net\/tr\/?p=27898\" \/>\n<meta property=\"og:locale\" content=\"en_US\" \/>\n<meta property=\"og:type\" content=\"article\" \/>\n<meta property=\"og:title\" content=\"\u00d6calan\u2019dan Ermeni vatanda\u015flar\u0131na mesaj - Bati Ermenistan Ve Bati Ermenileri Sorunlari Ara\u015ftirmalar Merkezi\" \/>\n<meta property=\"og:description\" content=\"11.01.2014 tarihinde BDP Grup Ba\u015fkan Vekilleri Pervin Buldan ve \u0130dris Baluken ile HDP \u0130stanbul Milletvekili S\u0131rr\u0131 S\u00fcreyya \u00d6nder, \u00d6calan ile 14\u2019\u00fcnc\u00fc kez g\u00f6r\u00fc\u015ft\u00fc. \u00d6calan, ger\u00e7ekle\u015fen g\u00f6r\u00fc\u015fmede \u201c\u00dclkeyi bir darbe ate\u015fiyle yeniden yang\u0131n yerine \u00e7evirmek isteyenler bizim bu ate\u015fe benzin ta\u015f\u0131mayaca\u011f\u0131m\u0131z\u0131 bilmelidir.\u201d ifadelerini kulland\u0131. \u00d6calan bir mesaj da \u00a0Ermeni vatanda\u015flar\u0131na g\u00f6nderdi. \u201cErmeni halk\u0131n\u0131n de\u011ferli evlad\u0131 Hrant [&hellip;]\" \/>\n<meta property=\"og:url\" content=\"https:\/\/akunq.net\/tr\/?p=27898\" \/>\n<meta property=\"og:site_name\" content=\"Bati Ermenistan Ve Bati Ermenileri Sorunlari Ara\u015ftirmalar Merkezi\" \/>\n<meta property=\"article:published_time\" content=\"2014-01-15T08:31:47+00:00\" \/>\n<meta property=\"article:modified_time\" content=\"2014-01-15T08:33:45+00:00\" \/>\n<meta name=\"author\" content=\"admin\" \/>\n<meta name=\"twitter:card\" content=\"summary_large_image\" \/>\n<meta name=\"twitter:label1\" content=\"Written by\" \/>\n\t<meta name=\"twitter:data1\" content=\"admin\" \/>\n\t<meta name=\"twitter:label2\" content=\"Est. reading time\" \/>\n\t<meta name=\"twitter:data2\" content=\"1 minute\" \/>\n<script type=\"application\/ld+json\" class=\"yoast-schema-graph\">{\"@context\":\"https:\\\/\\\/schema.org\",\"@graph\":[{\"@type\":\"Article\",\"@id\":\"https:\\\/\\\/akunq.net\\\/tr\\\/?p=27898#article\",\"isPartOf\":{\"@id\":\"https:\\\/\\\/akunq.net\\\/tr\\\/?p=27898\"},\"author\":{\"name\":\"admin\",\"@id\":\"https:\\\/\\\/akunq.net\\\/tr\\\/#\\\/schema\\\/person\\\/096f1d38a12cce57fb855b485ed24c9e\"},\"headline\":\"\u00d6calan\u2019dan Ermeni vatanda\u015flar\u0131na mesaj\",\"datePublished\":\"2014-01-15T08:31:47+00:00\",\"dateModified\":\"2014-01-15T08:33:45+00:00\",\"mainEntityOfPage\":{\"@id\":\"https:\\\/\\\/akunq.net\\\/tr\\\/?p=27898\"},\"wordCount\":131,\"commentCount\":0,\"articleSection\":[\"Haberler\"],\"inLanguage\":\"en-US\",\"potentialAction\":[{\"@type\":\"CommentAction\",\"name\":\"Comment\",\"target\":[\"https:\\\/\\\/akunq.net\\\/tr\\\/?p=27898#respond\"]}]},{\"@type\":\"WebPage\",\"@id\":\"https:\\\/\\\/akunq.net\\\/tr\\\/?p=27898\",\"url\":\"https:\\\/\\\/akunq.net\\\/tr\\\/?p=27898\",\"name\":\"\u00d6calan\u2019dan Ermeni vatanda\u015flar\u0131na mesaj - Bati Ermenistan Ve Bati Ermenileri Sorunlari Ara\u015ftirmalar Merkezi\",\"isPartOf\":{\"@id\":\"https:\\\/\\\/akunq.net\\\/tr\\\/#website\"},\"datePublished\":\"2014-01-15T08:31:47+00:00\",\"dateModified\":\"2014-01-15T08:33:45+00:00\",\"author\":{\"@id\":\"https:\\\/\\\/akunq.net\\\/tr\\\/#\\\/schema\\\/person\\\/096f1d38a12cce57fb855b485ed24c9e\"},\"breadcrumb\":{\"@id\":\"https:\\\/\\\/akunq.net\\\/tr\\\/?p=27898#breadcrumb\"},\"inLanguage\":\"en-US\",\"potentialAction\":[{\"@type\":\"ReadAction\",\"target\":[\"https:\\\/\\\/akunq.net\\\/tr\\\/?p=27898\"]}]},{\"@type\":\"BreadcrumbList\",\"@id\":\"https:\\\/\\\/akunq.net\\\/tr\\\/?p=27898#breadcrumb\",\"itemListElement\":[{\"@type\":\"ListItem\",\"position\":1,\"name\":\"Home\",\"item\":\"https:\\\/\\\/akunq.net\\\/tr\"},{\"@type\":\"ListItem\",\"position\":2,\"name\":\"\u00d6calan\u2019dan Ermeni vatanda\u015flar\u0131na mesaj\"}]},{\"@type\":\"WebSite\",\"@id\":\"https:\\\/\\\/akunq.net\\\/tr\\\/#website\",\"url\":\"https:\\\/\\\/akunq.net\\\/tr\\\/\",\"name\":\"Bati Ermenistan Ve Bati Ermenileri Sorunlari Ara\u015ftirmalar Merkezi\",\"description\":\"\",\"potentialAction\":[{\"@type\":\"SearchAction\",\"target\":{\"@type\":\"EntryPoint\",\"urlTemplate\":\"https:\\\/\\\/akunq.net\\\/tr\\\/?s={search_term_string}\"},\"query-input\":{\"@type\":\"PropertyValueSpecification\",\"valueRequired\":true,\"valueName\":\"search_term_string\"}}],\"inLanguage\":\"en-US\"},{\"@type\":\"Person\",\"@id\":\"https:\\\/\\\/akunq.net\\\/tr\\\/#\\\/schema\\\/person\\\/096f1d38a12cce57fb855b485ed24c9e\",\"name\":\"admin\",\"url\":\"https:\\\/\\\/akunq.net\\\/tr\\\/?author=7\"}]}<\/script>\n<!-- \/ Yoast SEO plugin. -->","yoast_head_json":{"title":"\u00d6calan\u2019dan Ermeni vatanda\u015flar\u0131na mesaj - Bati Ermenistan Ve Bati Ermenileri Sorunlari Ara\u015ftirmalar Merkezi","robots":{"index":"index","follow":"follow","max-snippet":"max-snippet:-1","max-image-preview":"max-image-preview:large","max-video-preview":"max-video-preview:-1"},"canonical":"https:\/\/akunq.net\/tr\/?p=27898","og_locale":"en_US","og_type":"article","og_title":"\u00d6calan\u2019dan Ermeni vatanda\u015flar\u0131na mesaj - Bati Ermenistan Ve Bati Ermenileri Sorunlari Ara\u015ftirmalar Merkezi","og_description":"11.01.2014 tarihinde BDP Grup Ba\u015fkan Vekilleri Pervin Buldan ve \u0130dris Baluken ile HDP \u0130stanbul Milletvekili S\u0131rr\u0131 S\u00fcreyya \u00d6nder, \u00d6calan ile 14\u2019\u00fcnc\u00fc kez g\u00f6r\u00fc\u015ft\u00fc. \u00d6calan, ger\u00e7ekle\u015fen g\u00f6r\u00fc\u015fmede \u201c\u00dclkeyi bir darbe ate\u015fiyle yeniden yang\u0131n yerine \u00e7evirmek isteyenler bizim bu ate\u015fe benzin ta\u015f\u0131mayaca\u011f\u0131m\u0131z\u0131 bilmelidir.\u201d ifadelerini kulland\u0131. \u00d6calan bir mesaj da \u00a0Ermeni vatanda\u015flar\u0131na g\u00f6nderdi. \u201cErmeni halk\u0131n\u0131n de\u011ferli evlad\u0131 Hrant [&hellip;]","og_url":"https:\/\/akunq.net\/tr\/?p=27898","og_site_name":"Bati Ermenistan Ve Bati Ermenileri Sorunlari Ara\u015ftirmalar Merkezi","article_published_time":"2014-01-15T08:31:47+00:00","article_modified_time":"2014-01-15T08:33:45+00:00","author":"admin","twitter_card":"summary_large_image","twitter_misc":{"Written by":"admin","Est. reading time":"1 minute"},"schema":{"@context":"https:\/\/schema.org","@graph":[{"@type":"Article","@id":"https:\/\/akunq.net\/tr\/?p=27898#article","isPartOf":{"@id":"https:\/\/akunq.net\/tr\/?p=27898"},"author":{"name":"admin","@id":"https:\/\/akunq.net\/tr\/#\/schema\/person\/096f1d38a12cce57fb855b485ed24c9e"},"headline":"\u00d6calan\u2019dan Ermeni vatanda\u015flar\u0131na mesaj","datePublished":"2014-01-15T08:31:47+00:00","dateModified":"2014-01-15T08:33:45+00:00","mainEntityOfPage":{"@id":"https:\/\/akunq.net\/tr\/?p=27898"},"wordCount":131,"commentCount":0,"articleSection":["Haberler"],"inLanguage":"en-US","potentialAction":[{"@type":"CommentAction","name":"Comment","target":["https:\/\/akunq.net\/tr\/?p=27898#respond"]}]},{"@type":"WebPage","@id":"https:\/\/akunq.net\/tr\/?p=27898","url":"https:\/\/akunq.net\/tr\/?p=27898","name":"\u00d6calan\u2019dan Ermeni vatanda\u015flar\u0131na mesaj - Bati Ermenistan Ve Bati Ermenileri Sorunlari Ara\u015ftirmalar Merkezi","isPartOf":{"@id":"https:\/\/akunq.net\/tr\/#website"},"datePublished":"2014-01-15T08:31:47+00:00","dateModified":"2014-01-15T08:33:45+00:00","author":{"@id":"https:\/\/akunq.net\/tr\/#\/schema\/person\/096f1d38a12cce57fb855b485ed24c9e"},"breadcrumb":{"@id":"https:\/\/akunq.net\/tr\/?p=27898#breadcrumb"},"inLanguage":"en-US","potentialAction":[{"@type":"ReadAction","target":["https:\/\/akunq.net\/tr\/?p=27898"]}]},{"@type":"BreadcrumbList","@id":"https:\/\/akunq.net\/tr\/?p=27898#breadcrumb","itemListElement":[{"@type":"ListItem","position":1,"name":"Home","item":"https:\/\/akunq.net\/tr"},{"@type":"ListItem","position":2,"name":"\u00d6calan\u2019dan Ermeni vatanda\u015flar\u0131na mesaj"}]},{"@type":"WebSite","@id":"https:\/\/akunq.net\/tr\/#website","url":"https:\/\/akunq.net\/tr\/","name":"Bati Ermenistan Ve Bati Ermenileri Sorunlari Ara\u015ftirmalar Merkezi","description":"","potentialAction":[{"@type":"SearchAction","target":{"@type":"EntryPoint","urlTemplate":"https:\/\/akunq.net\/tr\/?s={search_term_string}"},"query-input":{"@type":"PropertyValueSpecification","valueRequired":true,"valueName":"search_term_string"}}],"inLanguage":"en-US"},{"@type":"Person","@id":"https:\/\/akunq.net\/tr\/#\/schema\/person\/096f1d38a12cce57fb855b485ed24c9e","name":"admin","url":"https:\/\/akunq.net\/tr\/?author=7"}]}},"_links":{"self":[{"href":"https:\/\/akunq.net\/tr\/index.php?rest_route=\/wp\/v2\/posts\/27898","targetHints":{"allow":["GET"]}}],"collection":[{"href":"https:\/\/akunq.net\/tr\/index.php?rest_route=\/wp\/v2\/posts"}],"about":[{"href":"https:\/\/akunq.net\/tr\/index.php?rest_route=\/wp\/v2\/types\/post"}],"author":[{"embeddable":true,"href":"https:\/\/akunq.net\/tr\/index.php?rest_route=\/wp\/v2\/users\/7"}],"replies":[{"embeddable":true,"href":"https:\/\/akunq.net\/tr\/index.php?rest_route=%2Fwp%2Fv2%2Fcomments&post=27898"}],"version-history":[{"count":4,"href":"https:\/\/akunq.net\/tr\/index.php?rest_route=\/wp\/v2\/posts\/27898\/revisions"}],"predecessor-version":[{"id":27903,"href":"https:\/\/akunq.net\/tr\/index.php?rest_route=\/wp\/v2\/posts\/27898\/revisions\/27903"}],"wp:attachment":[{"href":"https:\/\/akunq.net\/tr\/index.php?rest_route=%2Fwp%2Fv2%2Fmedia&parent=27898"}],"wp:term":[{"taxonomy":"category","embeddable":true,"href":"https:\/\/akunq.net\/tr\/index.php?rest_route=%2Fwp%2Fv2%2Fcategories&post=27898"},{"taxonomy":"post_tag","embeddable":true,"href":"https:\/\/akunq.net\/tr\/index.php?rest_route=%2Fwp%2Fv2%2Ftags&post=27898"}],"curies":[{"name":"wp","href":"https:\/\/api.w.org\/{rel}","templated":true}]}}