{"id":27877,"date":"2014-01-15T01:50:17","date_gmt":"2014-01-15T06:50:17","guid":{"rendered":"http:\/\/akunq.net\/tr\/?p=27877"},"modified":"2014-01-15T01:50:38","modified_gmt":"2014-01-15T06:50:38","slug":"19-ocak-uyari-nobetine-ve-mitinge-cagri","status":"publish","type":"post","link":"https:\/\/akunq.net\/tr\/?p=27877","title":{"rendered":"19 Ocak Uyar\u0131 N\u00f6betine ve Mitinge \u00c7a\u011fr\u0131"},"content":{"rendered":"<p style=\"text-align: justify;\"><b><i><a href=\"http:\/\/akunq.net\/tr\/wp-content\/uploads\/2014\/01\/Hrant-Dink.jpg\"><img loading=\"lazy\" decoding=\"async\" class=\"alignright size-medium wp-image-27878\" alt=\"Hrant Dink\" src=\"http:\/\/akunq.net\/tr\/wp-content\/uploads\/2014\/01\/Hrant-Dink-300x258.jpg\" width=\"300\" height=\"258\" srcset=\"https:\/\/akunq.net\/tr\/wp-content\/uploads\/sites\/6\/2014\/01\/Hrant-Dink-300x258.jpg 300w, https:\/\/akunq.net\/tr\/wp-content\/uploads\/sites\/6\/2014\/01\/Hrant-Dink.jpg 500w\" sizes=\"auto, (max-width: 300px) 100vw, 300px\" \/><\/a>Soyk\u0131r\u0131m Sab\u0131kal\u0131 TC devletinin Tarihe ge\u00e7en Ocak ay\u0131 Katliamlar\u0131n\u0131 protesto etmek i\u00e7in sokaklarday\u0131z!<\/i><\/b><\/p>\n<p style=\"text-align: justify;\"><b><i>09 Ocak 2013 Paris Katliam\u0131:<\/i><\/b> TC devletinin g\u00f6revlendirdi\u011fi cellatlar\u0131, \u00fc\u00e7 sayg\u0131n K\u00fcrt Ulusal Kurtulu\u015f hareketi mensubu, \u00fc\u00e7 sayg\u0131n K\u00fcrt-Kad\u0131n hareketi aktivisti Sakine Cans\u0131z\u2019\u0131, Fidan Do\u011fan\u2019\u0131 ve Leyla \u015eaylemez\u2019i katlettiler. Soyk\u0131r\u0131m tehdidi alt\u0131nda bulunan K\u00fcrt halk\u0131n\u0131n, sayg\u0131n \u00fc\u00e7 evlatlar\u0131n\u0131, sinsice arkadan vurdular. Fransa emniyeti, istihbarat\u0131, katliama g\u00f6z yumdu. Aradan bir y\u0131l ge\u00e7mesine ra\u011fmen Fransa adaleti, cinayetin ayd\u0131nlat\u0131lmas\u0131 i\u00e7in ortaya kamuoyunu ikna edebilecek elle tutulur hi\u00e7bir sonu\u00e7 \u00e7\u0131karmad\u0131.<\/p>\n<p style=\"text-align: justify;\"><b><i>19 Ocak 2007<\/i><\/b>: Agos Gazetesi yay\u0131n y\u00f6netmeni, gazeteci yazar, sayg\u0131n Ermeni Ayd\u0131n\u0131 ayn\u0131 zamanda T\u00fcrkiye\u2019nin en sayg\u0131n insan haklar\u0131 savunucular\u0131ndan biri olan Hrant Dink, \u0130stanbul\u2019da Agos Gazetesi \u00f6n\u00fcnde g\u00fcpeg\u00fcnd\u00fcz katledildi. Hrant\u2019\u0131n \u015fahs\u0131nda Ermeni halk\u0131n\u0131 hedef alan bu sald\u0131r\u0131ya TC devletinin silahl\u0131 kuvvetleri, Emniyeti, istihbarat\u0131, \u201cadaleti\u201d i\u015ftirak ettiler. Kamuoyunu yan\u0131tlamak i\u00e7in \u00f6ne s\u00fcrd\u00fckleri tetik\u00e7i ve bir ka\u00e7 yanda\u015f\u0131 d\u0131\u015f\u0131nda, cinayetin esas sorumlular\u0131 kolland\u0131 korundu. Cinayeti ayd\u0131nlatan delilleri teker teker kaybettiler, karartt\u0131lar. Cinayette sorumluluklar\u0131 a\u00e7\u0131k\u00e7a g\u00f6r\u00fclen \u00fcst d\u00fczey b\u00fcrokratlar, makamlarla terfi ettirildiler; \u00f6d\u00fcllendirildiler. B\u00f6ylece 1,5 milyon soyk\u0131r\u0131m kurbanlar\u0131 saf\u0131na bir yenisi daha eklendi. Kamuoyu nezdinde TC devletinin, sadece soyk\u0131r\u0131mc\u0131 karakteri de\u011fil, ayn\u0131 zamanda \u015faibeli me\u015fruiyeti de yeniden ayan beyan ortaya \u00e7\u0131kt\u0131.<\/p>\n<p style=\"text-align: justify;\"><b><i>28 0cak 1921: <\/i><\/b>TKP kurucu \u00fcyeleri ve merkez komite g\u00f6revlileri Mustafa Suphi ve 14 yolda\u015f\u0131, \u0130ttihat ve Terakki iktidar\u0131n\u0131n devam\u0131 olan kurulu\u015f a\u015famas\u0131ndaki TC\u2019nin, Te\u015fkilat\u0131 Mahsusa \u00e7eteleri taraf\u0131ndan Karadeniz\u00b4de katledildiler. Mustafa Suphi\u2019nin katili Yahya Kaptan taraf\u0131ndan kapat\u0131lan Suphi\u2019nin e\u015fi Maria han\u0131m ise, el de\u011fi\u015ftirerek katillere pe\u015fke\u015f \u00e7ekildi ve tecav\u00fcz i\u015fkencesi alt\u0131nda hunharca katledildi. Mazlum halklar\u0131n katilleri, ilerici insanl\u0131k ad\u0131na yola \u00e7\u0131kan, i\u015f\u00e7i, k\u00f6yl\u00fc ve dar gelirli esnaf kitlelerinin umudu TKP beyin kadrosunu da katlettiler. Ancak TKP, hi\u00e7bir zaman TC devletinin soyk\u0131r\u0131mc\u0131 gelene\u011fini kamuoyuna anlatma gere\u011fi duymad\u0131. Katil bir egemenli\u011fin me\u015fruiyetini sorgulamad\u0131. Ezilen halklardan \u00e7ok, TC devletine daha yak\u0131n bir mesafede durdu. Ama TC devleti, o g\u00fcnden bu g\u00fcne ilerici insanl\u0131k ad\u0131na devrimci, demokratik hareketlerin k\u00f6k\u00fcn\u00fc kaz\u0131ma gelene\u011fine hep ba\u011fl\u0131 kald\u0131.\u00a0\u00a0<\/p>\n<p style=\"text-align: justify;\"><b>ADALET \u0130ST\u0130YORUZ! S\u00d6KE S\u00d6KE ALACA\u011eIZ!<\/b><\/p>\n<p style=\"text-align: justify;\"><b>M\u0130T\u0130NG VE UYARI N\u00d6BET\u0130<\/b><\/p>\n<p style=\"text-align: justify;\"><b><i>Demokrasi ve insan haklar\u0131na sayg\u0131l\u0131 t\u00fcm \u00fcyelerimizi, Dostlar\u0131m\u0131z\u0131 Uyar\u0131 N\u00f6beti ve Mitingimize kat\u0131lmaya davet ediyoruz!<\/i><\/b><\/p>\n<p style=\"text-align: justify;\"><b>TAR\u0130H: 19 Ocak Pazar Saat 14.00\u2019te<\/b><\/p>\n<p style=\"text-align: justify;\"><b>ADRES: FRANKFURT, ZEIL \u0130LE ST\u0130FTSTR. nin kesi\u015fti\u011fi yer, Mermer havuzun bulundu\u011fu alan <\/b><\/p>\n<h2 style=\"text-align: justify;\">Frankfurt Demokratik G\u00fc\u00e7 Birli\u011fi Platformu: (ADEF, MKM, ADHK, AT\u0130F, AG\u0130F, SOYKIRIM KAR\u015eITLARI DERNE\u011e\u0130 (SKD), Almanya ve Orta Avrupa Asuri Federasyonu)<\/h2>\n<p style=\"text-align: justify;\"><i>Verein der V\u00f6lkermordgegner e.V. Frankfurt \/ Main<\/i><\/p>\n<p style=\"text-align: justify;\"><i>Soyk\u0131r\u0131m Kar\u015f\u0131tlar\u0131 Derne\u011fi\u00a0 (SKD);\u00a0 Kontakt : Ali Ertem, Tel.: 0049\/69\/5970813; E-Mail: <a href=\"mailto:skd@gmx.net\">skd@gmx.net<\/a><\/i><\/p>\n","protected":false},"excerpt":{"rendered":"<p>Soyk\u0131r\u0131m Sab\u0131kal\u0131 TC devletinin Tarihe ge\u00e7en Ocak ay\u0131 Katliamlar\u0131n\u0131 protesto etmek i\u00e7in sokaklarday\u0131z! 09 Ocak 2013 Paris Katliam\u0131: TC devletinin g\u00f6revlendirdi\u011fi cellatlar\u0131, \u00fc\u00e7 sayg\u0131n K\u00fcrt Ulusal Kurtulu\u015f hareketi mensubu, \u00fc\u00e7 sayg\u0131n K\u00fcrt-Kad\u0131n hareketi aktivisti Sakine Cans\u0131z\u2019\u0131, Fidan Do\u011fan\u2019\u0131 ve Leyla \u015eaylemez\u2019i katlettiler. Soyk\u0131r\u0131m tehdidi alt\u0131nda bulunan K\u00fcrt halk\u0131n\u0131n, sayg\u0131n \u00fc\u00e7 evlatlar\u0131n\u0131, sinsice arkadan vurdular. Fransa [&hellip;]<\/p>\n","protected":false},"author":7,"featured_media":0,"comment_status":"open","ping_status":"open","sticky":false,"template":"","format":"standard","meta":{"footnotes":""},"categories":[1],"tags":[],"class_list":["post-27877","post","type-post","status-publish","format-standard","hentry","category-haberler"],"yoast_head":"<!-- This site is optimized with the Yoast SEO plugin v27.4 - https:\/\/yoast.com\/product\/yoast-seo-wordpress\/ -->\n<title>19 Ocak Uyar\u0131 N\u00f6betine ve Mitinge \u00c7a\u011fr\u0131 - Bati Ermenistan Ve Bati Ermenileri Sorunlari Ara\u015ftirmalar Merkezi<\/title>\n<meta name=\"robots\" content=\"index, follow, max-snippet:-1, max-image-preview:large, max-video-preview:-1\" \/>\n<link rel=\"canonical\" href=\"https:\/\/akunq.net\/tr\/?p=27877\" \/>\n<meta property=\"og:locale\" content=\"en_US\" \/>\n<meta property=\"og:type\" content=\"article\" \/>\n<meta property=\"og:title\" content=\"19 Ocak Uyar\u0131 N\u00f6betine ve Mitinge \u00c7a\u011fr\u0131 - Bati Ermenistan Ve Bati Ermenileri Sorunlari Ara\u015ftirmalar Merkezi\" \/>\n<meta property=\"og:description\" content=\"Soyk\u0131r\u0131m Sab\u0131kal\u0131 TC devletinin Tarihe ge\u00e7en Ocak ay\u0131 Katliamlar\u0131n\u0131 protesto etmek i\u00e7in sokaklarday\u0131z! 09 Ocak 2013 Paris Katliam\u0131: TC devletinin g\u00f6revlendirdi\u011fi cellatlar\u0131, \u00fc\u00e7 sayg\u0131n K\u00fcrt Ulusal Kurtulu\u015f hareketi mensubu, \u00fc\u00e7 sayg\u0131n K\u00fcrt-Kad\u0131n hareketi aktivisti Sakine Cans\u0131z\u2019\u0131, Fidan Do\u011fan\u2019\u0131 ve Leyla \u015eaylemez\u2019i katlettiler. Soyk\u0131r\u0131m tehdidi alt\u0131nda bulunan K\u00fcrt halk\u0131n\u0131n, sayg\u0131n \u00fc\u00e7 evlatlar\u0131n\u0131, sinsice arkadan vurdular. Fransa [&hellip;]\" \/>\n<meta property=\"og:url\" content=\"https:\/\/akunq.net\/tr\/?p=27877\" \/>\n<meta property=\"og:site_name\" content=\"Bati Ermenistan Ve Bati Ermenileri Sorunlari Ara\u015ftirmalar Merkezi\" \/>\n<meta property=\"article:published_time\" content=\"2014-01-15T06:50:17+00:00\" \/>\n<meta property=\"article:modified_time\" content=\"2014-01-15T06:50:38+00:00\" \/>\n<meta property=\"og:image\" content=\"http:\/\/akunq.net\/tr\/wp-content\/uploads\/2014\/01\/Hrant-Dink-300x258.jpg\" \/>\n<meta name=\"author\" content=\"admin\" \/>\n<meta name=\"twitter:card\" content=\"summary_large_image\" \/>\n<meta name=\"twitter:label1\" content=\"Written by\" \/>\n\t<meta name=\"twitter:data1\" content=\"admin\" \/>\n\t<meta name=\"twitter:label2\" content=\"Est. reading time\" \/>\n\t<meta name=\"twitter:data2\" content=\"3 minutes\" \/>\n<script type=\"application\/ld+json\" class=\"yoast-schema-graph\">{\"@context\":\"https:\\\/\\\/schema.org\",\"@graph\":[{\"@type\":\"Article\",\"@id\":\"https:\\\/\\\/akunq.net\\\/tr\\\/?p=27877#article\",\"isPartOf\":{\"@id\":\"https:\\\/\\\/akunq.net\\\/tr\\\/?p=27877\"},\"author\":{\"name\":\"admin\",\"@id\":\"https:\\\/\\\/akunq.net\\\/tr\\\/#\\\/schema\\\/person\\\/096f1d38a12cce57fb855b485ed24c9e\"},\"headline\":\"19 Ocak Uyar\u0131 N\u00f6betine ve Mitinge \u00c7a\u011fr\u0131\",\"datePublished\":\"2014-01-15T06:50:17+00:00\",\"dateModified\":\"2014-01-15T06:50:38+00:00\",\"mainEntityOfPage\":{\"@id\":\"https:\\\/\\\/akunq.net\\\/tr\\\/?p=27877\"},\"wordCount\":531,\"commentCount\":0,\"image\":{\"@id\":\"https:\\\/\\\/akunq.net\\\/tr\\\/?p=27877#primaryimage\"},\"thumbnailUrl\":\"http:\\\/\\\/akunq.net\\\/tr\\\/wp-content\\\/uploads\\\/2014\\\/01\\\/Hrant-Dink-300x258.jpg\",\"articleSection\":[\"Haberler\"],\"inLanguage\":\"en-US\",\"potentialAction\":[{\"@type\":\"CommentAction\",\"name\":\"Comment\",\"target\":[\"https:\\\/\\\/akunq.net\\\/tr\\\/?p=27877#respond\"]}]},{\"@type\":\"WebPage\",\"@id\":\"https:\\\/\\\/akunq.net\\\/tr\\\/?p=27877\",\"url\":\"https:\\\/\\\/akunq.net\\\/tr\\\/?p=27877\",\"name\":\"19 Ocak Uyar\u0131 N\u00f6betine ve Mitinge \u00c7a\u011fr\u0131 - Bati Ermenistan Ve Bati Ermenileri Sorunlari Ara\u015ftirmalar Merkezi\",\"isPartOf\":{\"@id\":\"https:\\\/\\\/akunq.net\\\/tr\\\/#website\"},\"primaryImageOfPage\":{\"@id\":\"https:\\\/\\\/akunq.net\\\/tr\\\/?p=27877#primaryimage\"},\"image\":{\"@id\":\"https:\\\/\\\/akunq.net\\\/tr\\\/?p=27877#primaryimage\"},\"thumbnailUrl\":\"http:\\\/\\\/akunq.net\\\/tr\\\/wp-content\\\/uploads\\\/2014\\\/01\\\/Hrant-Dink-300x258.jpg\",\"datePublished\":\"2014-01-15T06:50:17+00:00\",\"dateModified\":\"2014-01-15T06:50:38+00:00\",\"author\":{\"@id\":\"https:\\\/\\\/akunq.net\\\/tr\\\/#\\\/schema\\\/person\\\/096f1d38a12cce57fb855b485ed24c9e\"},\"breadcrumb\":{\"@id\":\"https:\\\/\\\/akunq.net\\\/tr\\\/?p=27877#breadcrumb\"},\"inLanguage\":\"en-US\",\"potentialAction\":[{\"@type\":\"ReadAction\",\"target\":[\"https:\\\/\\\/akunq.net\\\/tr\\\/?p=27877\"]}]},{\"@type\":\"ImageObject\",\"inLanguage\":\"en-US\",\"@id\":\"https:\\\/\\\/akunq.net\\\/tr\\\/?p=27877#primaryimage\",\"url\":\"https:\\\/\\\/akunq.net\\\/tr\\\/wp-content\\\/uploads\\\/sites\\\/6\\\/2014\\\/01\\\/Hrant-Dink.jpg\",\"contentUrl\":\"https:\\\/\\\/akunq.net\\\/tr\\\/wp-content\\\/uploads\\\/sites\\\/6\\\/2014\\\/01\\\/Hrant-Dink.jpg\",\"width\":500,\"height\":430},{\"@type\":\"BreadcrumbList\",\"@id\":\"https:\\\/\\\/akunq.net\\\/tr\\\/?p=27877#breadcrumb\",\"itemListElement\":[{\"@type\":\"ListItem\",\"position\":1,\"name\":\"Home\",\"item\":\"https:\\\/\\\/akunq.net\\\/tr\"},{\"@type\":\"ListItem\",\"position\":2,\"name\":\"19 Ocak Uyar\u0131 N\u00f6betine ve Mitinge \u00c7a\u011fr\u0131\"}]},{\"@type\":\"WebSite\",\"@id\":\"https:\\\/\\\/akunq.net\\\/tr\\\/#website\",\"url\":\"https:\\\/\\\/akunq.net\\\/tr\\\/\",\"name\":\"Bati Ermenistan Ve Bati Ermenileri Sorunlari Ara\u015ftirmalar Merkezi\",\"description\":\"\",\"potentialAction\":[{\"@type\":\"SearchAction\",\"target\":{\"@type\":\"EntryPoint\",\"urlTemplate\":\"https:\\\/\\\/akunq.net\\\/tr\\\/?s={search_term_string}\"},\"query-input\":{\"@type\":\"PropertyValueSpecification\",\"valueRequired\":true,\"valueName\":\"search_term_string\"}}],\"inLanguage\":\"en-US\"},{\"@type\":\"Person\",\"@id\":\"https:\\\/\\\/akunq.net\\\/tr\\\/#\\\/schema\\\/person\\\/096f1d38a12cce57fb855b485ed24c9e\",\"name\":\"admin\",\"url\":\"https:\\\/\\\/akunq.net\\\/tr\\\/?author=7\"}]}<\/script>\n<!-- \/ Yoast SEO plugin. -->","yoast_head_json":{"title":"19 Ocak Uyar\u0131 N\u00f6betine ve Mitinge \u00c7a\u011fr\u0131 - Bati Ermenistan Ve Bati Ermenileri Sorunlari Ara\u015ftirmalar Merkezi","robots":{"index":"index","follow":"follow","max-snippet":"max-snippet:-1","max-image-preview":"max-image-preview:large","max-video-preview":"max-video-preview:-1"},"canonical":"https:\/\/akunq.net\/tr\/?p=27877","og_locale":"en_US","og_type":"article","og_title":"19 Ocak Uyar\u0131 N\u00f6betine ve Mitinge \u00c7a\u011fr\u0131 - Bati Ermenistan Ve Bati Ermenileri Sorunlari Ara\u015ftirmalar Merkezi","og_description":"Soyk\u0131r\u0131m Sab\u0131kal\u0131 TC devletinin Tarihe ge\u00e7en Ocak ay\u0131 Katliamlar\u0131n\u0131 protesto etmek i\u00e7in sokaklarday\u0131z! 09 Ocak 2013 Paris Katliam\u0131: TC devletinin g\u00f6revlendirdi\u011fi cellatlar\u0131, \u00fc\u00e7 sayg\u0131n K\u00fcrt Ulusal Kurtulu\u015f hareketi mensubu, \u00fc\u00e7 sayg\u0131n K\u00fcrt-Kad\u0131n hareketi aktivisti Sakine Cans\u0131z\u2019\u0131, Fidan Do\u011fan\u2019\u0131 ve Leyla \u015eaylemez\u2019i katlettiler. Soyk\u0131r\u0131m tehdidi alt\u0131nda bulunan K\u00fcrt halk\u0131n\u0131n, sayg\u0131n \u00fc\u00e7 evlatlar\u0131n\u0131, sinsice arkadan vurdular. Fransa [&hellip;]","og_url":"https:\/\/akunq.net\/tr\/?p=27877","og_site_name":"Bati Ermenistan Ve Bati Ermenileri Sorunlari Ara\u015ftirmalar Merkezi","article_published_time":"2014-01-15T06:50:17+00:00","article_modified_time":"2014-01-15T06:50:38+00:00","og_image":[{"url":"http:\/\/akunq.net\/tr\/wp-content\/uploads\/2014\/01\/Hrant-Dink-300x258.jpg","type":"","width":"","height":""}],"author":"admin","twitter_card":"summary_large_image","twitter_misc":{"Written by":"admin","Est. reading time":"3 minutes"},"schema":{"@context":"https:\/\/schema.org","@graph":[{"@type":"Article","@id":"https:\/\/akunq.net\/tr\/?p=27877#article","isPartOf":{"@id":"https:\/\/akunq.net\/tr\/?p=27877"},"author":{"name":"admin","@id":"https:\/\/akunq.net\/tr\/#\/schema\/person\/096f1d38a12cce57fb855b485ed24c9e"},"headline":"19 Ocak Uyar\u0131 N\u00f6betine ve Mitinge \u00c7a\u011fr\u0131","datePublished":"2014-01-15T06:50:17+00:00","dateModified":"2014-01-15T06:50:38+00:00","mainEntityOfPage":{"@id":"https:\/\/akunq.net\/tr\/?p=27877"},"wordCount":531,"commentCount":0,"image":{"@id":"https:\/\/akunq.net\/tr\/?p=27877#primaryimage"},"thumbnailUrl":"http:\/\/akunq.net\/tr\/wp-content\/uploads\/2014\/01\/Hrant-Dink-300x258.jpg","articleSection":["Haberler"],"inLanguage":"en-US","potentialAction":[{"@type":"CommentAction","name":"Comment","target":["https:\/\/akunq.net\/tr\/?p=27877#respond"]}]},{"@type":"WebPage","@id":"https:\/\/akunq.net\/tr\/?p=27877","url":"https:\/\/akunq.net\/tr\/?p=27877","name":"19 Ocak Uyar\u0131 N\u00f6betine ve Mitinge \u00c7a\u011fr\u0131 - Bati Ermenistan Ve Bati Ermenileri Sorunlari Ara\u015ftirmalar Merkezi","isPartOf":{"@id":"https:\/\/akunq.net\/tr\/#website"},"primaryImageOfPage":{"@id":"https:\/\/akunq.net\/tr\/?p=27877#primaryimage"},"image":{"@id":"https:\/\/akunq.net\/tr\/?p=27877#primaryimage"},"thumbnailUrl":"http:\/\/akunq.net\/tr\/wp-content\/uploads\/2014\/01\/Hrant-Dink-300x258.jpg","datePublished":"2014-01-15T06:50:17+00:00","dateModified":"2014-01-15T06:50:38+00:00","author":{"@id":"https:\/\/akunq.net\/tr\/#\/schema\/person\/096f1d38a12cce57fb855b485ed24c9e"},"breadcrumb":{"@id":"https:\/\/akunq.net\/tr\/?p=27877#breadcrumb"},"inLanguage":"en-US","potentialAction":[{"@type":"ReadAction","target":["https:\/\/akunq.net\/tr\/?p=27877"]}]},{"@type":"ImageObject","inLanguage":"en-US","@id":"https:\/\/akunq.net\/tr\/?p=27877#primaryimage","url":"https:\/\/akunq.net\/tr\/wp-content\/uploads\/sites\/6\/2014\/01\/Hrant-Dink.jpg","contentUrl":"https:\/\/akunq.net\/tr\/wp-content\/uploads\/sites\/6\/2014\/01\/Hrant-Dink.jpg","width":500,"height":430},{"@type":"BreadcrumbList","@id":"https:\/\/akunq.net\/tr\/?p=27877#breadcrumb","itemListElement":[{"@type":"ListItem","position":1,"name":"Home","item":"https:\/\/akunq.net\/tr"},{"@type":"ListItem","position":2,"name":"19 Ocak Uyar\u0131 N\u00f6betine ve Mitinge \u00c7a\u011fr\u0131"}]},{"@type":"WebSite","@id":"https:\/\/akunq.net\/tr\/#website","url":"https:\/\/akunq.net\/tr\/","name":"Bati Ermenistan Ve Bati Ermenileri Sorunlari Ara\u015ftirmalar Merkezi","description":"","potentialAction":[{"@type":"SearchAction","target":{"@type":"EntryPoint","urlTemplate":"https:\/\/akunq.net\/tr\/?s={search_term_string}"},"query-input":{"@type":"PropertyValueSpecification","valueRequired":true,"valueName":"search_term_string"}}],"inLanguage":"en-US"},{"@type":"Person","@id":"https:\/\/akunq.net\/tr\/#\/schema\/person\/096f1d38a12cce57fb855b485ed24c9e","name":"admin","url":"https:\/\/akunq.net\/tr\/?author=7"}]}},"_links":{"self":[{"href":"https:\/\/akunq.net\/tr\/index.php?rest_route=\/wp\/v2\/posts\/27877","targetHints":{"allow":["GET"]}}],"collection":[{"href":"https:\/\/akunq.net\/tr\/index.php?rest_route=\/wp\/v2\/posts"}],"about":[{"href":"https:\/\/akunq.net\/tr\/index.php?rest_route=\/wp\/v2\/types\/post"}],"author":[{"embeddable":true,"href":"https:\/\/akunq.net\/tr\/index.php?rest_route=\/wp\/v2\/users\/7"}],"replies":[{"embeddable":true,"href":"https:\/\/akunq.net\/tr\/index.php?rest_route=%2Fwp%2Fv2%2Fcomments&post=27877"}],"version-history":[{"count":2,"href":"https:\/\/akunq.net\/tr\/index.php?rest_route=\/wp\/v2\/posts\/27877\/revisions"}],"predecessor-version":[{"id":27880,"href":"https:\/\/akunq.net\/tr\/index.php?rest_route=\/wp\/v2\/posts\/27877\/revisions\/27880"}],"wp:attachment":[{"href":"https:\/\/akunq.net\/tr\/index.php?rest_route=%2Fwp%2Fv2%2Fmedia&parent=27877"}],"wp:term":[{"taxonomy":"category","embeddable":true,"href":"https:\/\/akunq.net\/tr\/index.php?rest_route=%2Fwp%2Fv2%2Fcategories&post=27877"},{"taxonomy":"post_tag","embeddable":true,"href":"https:\/\/akunq.net\/tr\/index.php?rest_route=%2Fwp%2Fv2%2Ftags&post=27877"}],"curies":[{"name":"wp","href":"https:\/\/api.w.org\/{rel}","templated":true}]}}