{"id":27873,"date":"2014-01-14T02:41:10","date_gmt":"2014-01-14T07:41:10","guid":{"rendered":"http:\/\/akunq.net\/tr\/?p=27873"},"modified":"2014-01-14T02:41:10","modified_gmt":"2014-01-14T07:41:10","slug":"gulen-cemaatine-yuzde-73luk-anket-soku","status":"publish","type":"post","link":"https:\/\/akunq.net\/tr\/?p=27873","title":{"rendered":"G\u00fclen Cemaatine Y\u00fczde 73&#8217;l\u00fck Anket \u015eoku!"},"content":{"rendered":"<p style=\"text-align: justify;\"><strong><i><a href=\"http:\/\/akunq.net\/tr\/wp-content\/uploads\/2014\/01\/\u0533\u0565\u0576\u0561\u0580.jpg\"><img loading=\"lazy\" decoding=\"async\" class=\"alignright size-full wp-image-27874\" alt=\"\u0533\u0565\u0576\u0561\u0580\" src=\"http:\/\/akunq.net\/tr\/wp-content\/uploads\/2014\/01\/\u0533\u0565\u0576\u0561\u0580.jpg\" width=\"200\" height=\"150\" \/><\/a>17 Aral\u0131k soru\u015fturmas\u0131yla ilgili T\u00fcrkiye&#8217;nin 30 b\u00fcy\u00fck \u015fehrinde kapsaml\u0131 bir anket d\u00fczenleyen GENAR Ara\u015ft\u0131rma \u015eirketi, \u015fa\u015f\u0131rt\u0131c\u0131 verilerin ortaya \u00e7\u0131kt\u0131\u011f\u0131 ara\u015ft\u0131rma istatistiklerini payla\u015ft\u0131!<\/i><\/strong><\/p>\n<p style=\"text-align: justify;\">GENAR Ara\u015ft\u0131rma \u015eirketi&#8217;nin 30 b\u00fcy\u00fck \u015fehirde 3 bin 181 ki\u015fiyle ger\u00e7ekle\u015ftirdi\u011fi anket sonu\u00e7lar\u0131na g\u00f6re ankete kat\u0131lanlar\u0131n b\u00fcy\u00fck \u00e7o\u011funlu\u011fu 17 Aral\u0131k operasyonuna g\u00fcvenmiyor.\u00a0<\/p>\n<p style=\"text-align: justify;\">Ankete kat\u0131lanlar\u0131n % 57.3&#8217;\u00fc\u00a0&#8220;17 Aral\u0131k operasyonu ger\u00e7ek bir yolsuzluk operasyonudur, arkas\u0131nda hi\u00e7bir siyasi ama\u00e7 yoktur g\u00f6r\u00fc\u015f\u00fcne kat\u0131l\u0131yor musunuz?&#8221; sorusuna &#8216;Hay\u0131r&#8217; cevab\u0131n\u0131 verirken % 73&#8217;l\u00fck bir kesim 17 Aral\u0131k operasyonunun ard\u0131nda Fethullah G\u00fclen cemaatinin oldu\u011funa inand\u0131klar\u0131n\u0131 dile getirdi.<\/p>\n<p style=\"text-align: justify;\">Detaylar\u0131 Sabah gazetesinde yay\u0131mlanan GENAR&#8217;\u0131n s\u00f6z konusu anketinin sonu\u00e7lar\u0131 Ba\u015fbakan Erdo\u011fan&#8217;\u0131n g\u00fcndeme ta\u015f\u0131d\u0131\u011f\u0131 &#8216;paralel devlet&#8217; iddias\u0131n\u0131 da destekler nitelikte. \u00d6yle ki kat\u0131l\u0131mc\u0131lar\u0131n % 73.9&#8217;u paralel devletin varl\u0131\u011f\u0131na inand\u0131kalr\u0131n\u0131 beyan ediyor.\u00a0<\/p>\n<p style=\"text-align: justify;\">Ankete kat\u0131lanlar\u0131n % 70.6&#8217;s\u0131 17 Aral\u0131k operasyonun ard\u0131nda uluslararas\u0131 g\u00fc\u00e7lerin oldu\u011funu d\u00fc\u015f\u00fcn\u00fcrken y\u00fczde 63.3&#8217;l\u00fck kesim de operasyonla birlikte ya\u015fananlar\u0131n T\u00fcrkiye&#8217;nin h\u0131zl\u0131 b\u00fcy\u00fcmesinin \u00f6n\u00fcn\u00fc kesmek amac\u0131yla yap\u0131ld\u0131\u011f\u0131na inan\u0131yor.\u00a0<\/p>\n<p style=\"text-align: justify;\">\u0130\u015fte anketin sat\u0131r ba\u015flar\u0131:<\/p>\n<p style=\"text-align: justify;\"><strong>Operasyonun arkas\u0131nda Cemaat mi var? <\/strong>% 73 EVET<\/p>\n<p style=\"text-align: justify;\"><strong>Operasyonun arkas\u0131nda d\u0131\u015f g\u00fc\u00e7ler mi var?<\/strong> % 70.6 EVET<\/p>\n<p style=\"text-align: justify;\"><strong>Paralel devleti cemaat mi kurdu?<\/strong> % 73.9 EVET<\/p>\n<p style=\"text-align: justify;\"><strong>Ama\u00e7 b\u00fcy\u00fcyen T\u00fcrkiye&#8217;nin \u00f6n\u00fcn\u00fc kesmek mi?<\/strong> % 63.3 EVET<\/p>\n<p style=\"text-align: justify;\"><strong>Cemaat &#8211; <\/strong><a title=\"Cumhuriyet Halk Partisi\" href=\"http:\/\/www.stargundem.com\/cumhuriyet-halk-partisi\/\"><b>CHP<\/b><\/a><strong> \u0130ttifak\u0131na oy verir misiniz?<\/strong> % 94.3 HAYIR<\/p>\n<h2 style=\"text-align: justify;\">Dershane &#8211; 17 Aral\u0131k Operasyonunda Hangi Taraf Hakl\u0131?<\/h2>\n<p style=\"text-align: justify;\">GENAR anketi, dershane tart\u0131\u015fmalar\u0131yla ba\u015flay\u0131p 17 Aral\u0131k operasyonuyla iyice alevlenen h\u00fck\u00fbmet &#8211; cemaat \u00e7eki\u015fmesinde vatanda\u015f\u0131n hangi taraf\u0131 daha hakl\u0131 buldu\u011fuyla ilgili \u00f6nemli bir ipucunu da ortaya koydu.\u00a0<\/p>\n<p style=\"text-align: justify;\">Ankete kat\u0131lanlar\u0131n\u00a0% 57.8&#8217;i &#8220;Dershaneler konusunda h\u00fck\u00fcmet mi yoksa G\u00fclen cemaati mi hakl\u0131&#8221; sorusuna &#8216;h\u00fck\u00fbmet hakl\u0131&#8217; cevab\u0131n\u0131 verirken Cemaati hakl\u0131 bulanlar\u0131n oran\u0131 sadece % 28.8&#8217;de kald\u0131.<\/p>\n<p style=\"text-align: justify;\">% 17.2&#8217;lik bir kesim de &#8220;17 Aral\u0131k&#8217;tan beri s\u00fcregelen <a href=\"http:\/\/www.stargundem.com\/ak-parti\/\">AK Parti<\/a> H\u00fck\u00fcmeti ve G\u00fclen cemaati aras\u0131nda ya\u015fanan tart\u0131\u015fmada h\u00fck\u00fcmeti mi yoksa cemaati mi hakl\u0131 buluyorsunuz&#8221; sorusunda &#8216;Cemaati hakl\u0131&#8217; buldu\u011fu y\u00f6n\u00fcnde g\u00f6r\u00fc\u015f bildirdi. Kat\u0131l\u0131mc\u0131lar\u0131n 61.7&#8217;si ise &#8216;H\u00fck\u00fbmet hakl\u0131&#8217; dedi.<\/p>\n<p style=\"text-align: justify;\">Kat\u0131l\u0131mc\u0131lar\u0131n % 52.9&#8217;u da\u00a0&#8220;\u0130\u00e7inde yolsuzluk olabilir fakat ger\u00e7ekte siyasi bir operasyondur ve hedefi ba\u015fbakand\u0131r g\u00f6r\u00fc\u015f\u00fcne kat\u0131l\u0131yor musunuz?&#8221; sorusuna Evet cevab\u0131n\u0131 verdi. Olas\u0131 bir Cemaat &#8211; <strong>CHP<\/strong> ittifak\u0131na oy vermeyi d\u00fc\u015f\u00fcnmeyenlerin oran\u0131 ise bir hayli y\u00fcksek \u00e7\u0131karak % 94.3 oldu.<\/p>\n<p style=\"text-align: justify;\"><b><i>http:\/\/www.stargundem.com\/gundem\/1375581-gulen-cemaatine-yuzde-73luk-anket-soku.html<\/i><\/b><\/p>\n","protected":false},"excerpt":{"rendered":"<p>17 Aral\u0131k soru\u015fturmas\u0131yla ilgili T\u00fcrkiye&#8217;nin 30 b\u00fcy\u00fck \u015fehrinde kapsaml\u0131 bir anket d\u00fczenleyen GENAR Ara\u015ft\u0131rma \u015eirketi, \u015fa\u015f\u0131rt\u0131c\u0131 verilerin ortaya \u00e7\u0131kt\u0131\u011f\u0131 ara\u015ft\u0131rma istatistiklerini payla\u015ft\u0131! GENAR Ara\u015ft\u0131rma \u015eirketi&#8217;nin 30 b\u00fcy\u00fck \u015fehirde 3 bin 181 ki\u015fiyle ger\u00e7ekle\u015ftirdi\u011fi anket sonu\u00e7lar\u0131na g\u00f6re ankete kat\u0131lanlar\u0131n b\u00fcy\u00fck \u00e7o\u011funlu\u011fu 17 Aral\u0131k operasyonuna g\u00fcvenmiyor.\u00a0 Ankete kat\u0131lanlar\u0131n % 57.3&#8217;\u00fc\u00a0&#8220;17 Aral\u0131k operasyonu ger\u00e7ek bir yolsuzluk operasyonudur, arkas\u0131nda [&hellip;]<\/p>\n","protected":false},"author":7,"featured_media":0,"comment_status":"open","ping_status":"open","sticky":false,"template":"","format":"standard","meta":{"footnotes":""},"categories":[1],"tags":[],"class_list":["post-27873","post","type-post","status-publish","format-standard","hentry","category-haberler"],"yoast_head":"<!-- This site is optimized with the Yoast SEO plugin v27.4 - https:\/\/yoast.com\/product\/yoast-seo-wordpress\/ -->\n<title>G\u00fclen Cemaatine Y\u00fczde 73&#039;l\u00fck Anket \u015eoku! - Bati Ermenistan Ve Bati Ermenileri Sorunlari Ara\u015ftirmalar Merkezi<\/title>\n<meta name=\"robots\" content=\"index, follow, max-snippet:-1, max-image-preview:large, max-video-preview:-1\" \/>\n<link rel=\"canonical\" href=\"https:\/\/akunq.net\/tr\/?p=27873\" \/>\n<meta property=\"og:locale\" content=\"en_US\" \/>\n<meta property=\"og:type\" content=\"article\" \/>\n<meta property=\"og:title\" content=\"G\u00fclen Cemaatine Y\u00fczde 73&#039;l\u00fck Anket \u015eoku! - Bati Ermenistan Ve Bati Ermenileri Sorunlari Ara\u015ftirmalar Merkezi\" \/>\n<meta property=\"og:description\" content=\"17 Aral\u0131k soru\u015fturmas\u0131yla ilgili T\u00fcrkiye&#8217;nin 30 b\u00fcy\u00fck \u015fehrinde kapsaml\u0131 bir anket d\u00fczenleyen GENAR Ara\u015ft\u0131rma \u015eirketi, \u015fa\u015f\u0131rt\u0131c\u0131 verilerin ortaya \u00e7\u0131kt\u0131\u011f\u0131 ara\u015ft\u0131rma istatistiklerini payla\u015ft\u0131! GENAR Ara\u015ft\u0131rma \u015eirketi&#8217;nin 30 b\u00fcy\u00fck \u015fehirde 3 bin 181 ki\u015fiyle ger\u00e7ekle\u015ftirdi\u011fi anket sonu\u00e7lar\u0131na g\u00f6re ankete kat\u0131lanlar\u0131n b\u00fcy\u00fck \u00e7o\u011funlu\u011fu 17 Aral\u0131k operasyonuna g\u00fcvenmiyor.\u00a0 Ankete kat\u0131lanlar\u0131n % 57.3&#8217;\u00fc\u00a0&#8220;17 Aral\u0131k operasyonu ger\u00e7ek bir yolsuzluk operasyonudur, arkas\u0131nda [&hellip;]\" \/>\n<meta property=\"og:url\" content=\"https:\/\/akunq.net\/tr\/?p=27873\" \/>\n<meta property=\"og:site_name\" content=\"Bati Ermenistan Ve Bati Ermenileri Sorunlari Ara\u015ftirmalar Merkezi\" \/>\n<meta property=\"article:published_time\" content=\"2014-01-14T07:41:10+00:00\" \/>\n<meta name=\"author\" content=\"admin\" \/>\n<meta name=\"twitter:card\" content=\"summary_large_image\" \/>\n<meta name=\"twitter:label1\" content=\"Written by\" \/>\n\t<meta name=\"twitter:data1\" content=\"admin\" \/>\n\t<meta name=\"twitter:label2\" content=\"Est. reading time\" \/>\n\t<meta name=\"twitter:data2\" content=\"2 minutes\" \/>\n<script type=\"application\/ld+json\" class=\"yoast-schema-graph\">{\"@context\":\"https:\\\/\\\/schema.org\",\"@graph\":[{\"@type\":\"Article\",\"@id\":\"https:\\\/\\\/akunq.net\\\/tr\\\/?p=27873#article\",\"isPartOf\":{\"@id\":\"https:\\\/\\\/akunq.net\\\/tr\\\/?p=27873\"},\"author\":{\"name\":\"admin\",\"@id\":\"https:\\\/\\\/akunq.net\\\/tr\\\/#\\\/schema\\\/person\\\/096f1d38a12cce57fb855b485ed24c9e\"},\"headline\":\"G\u00fclen Cemaatine Y\u00fczde 73&#8217;l\u00fck Anket \u015eoku!\",\"datePublished\":\"2014-01-14T07:41:10+00:00\",\"mainEntityOfPage\":{\"@id\":\"https:\\\/\\\/akunq.net\\\/tr\\\/?p=27873\"},\"wordCount\":469,\"commentCount\":0,\"articleSection\":[\"Haberler\"],\"inLanguage\":\"en-US\",\"potentialAction\":[{\"@type\":\"CommentAction\",\"name\":\"Comment\",\"target\":[\"https:\\\/\\\/akunq.net\\\/tr\\\/?p=27873#respond\"]}]},{\"@type\":\"WebPage\",\"@id\":\"https:\\\/\\\/akunq.net\\\/tr\\\/?p=27873\",\"url\":\"https:\\\/\\\/akunq.net\\\/tr\\\/?p=27873\",\"name\":\"G\u00fclen Cemaatine Y\u00fczde 73'l\u00fck Anket \u015eoku! - Bati Ermenistan Ve Bati Ermenileri Sorunlari Ara\u015ftirmalar Merkezi\",\"isPartOf\":{\"@id\":\"https:\\\/\\\/akunq.net\\\/tr\\\/#website\"},\"datePublished\":\"2014-01-14T07:41:10+00:00\",\"author\":{\"@id\":\"https:\\\/\\\/akunq.net\\\/tr\\\/#\\\/schema\\\/person\\\/096f1d38a12cce57fb855b485ed24c9e\"},\"breadcrumb\":{\"@id\":\"https:\\\/\\\/akunq.net\\\/tr\\\/?p=27873#breadcrumb\"},\"inLanguage\":\"en-US\",\"potentialAction\":[{\"@type\":\"ReadAction\",\"target\":[\"https:\\\/\\\/akunq.net\\\/tr\\\/?p=27873\"]}]},{\"@type\":\"BreadcrumbList\",\"@id\":\"https:\\\/\\\/akunq.net\\\/tr\\\/?p=27873#breadcrumb\",\"itemListElement\":[{\"@type\":\"ListItem\",\"position\":1,\"name\":\"Home\",\"item\":\"https:\\\/\\\/akunq.net\\\/tr\"},{\"@type\":\"ListItem\",\"position\":2,\"name\":\"G\u00fclen Cemaatine Y\u00fczde 73&#8217;l\u00fck Anket \u015eoku!\"}]},{\"@type\":\"WebSite\",\"@id\":\"https:\\\/\\\/akunq.net\\\/tr\\\/#website\",\"url\":\"https:\\\/\\\/akunq.net\\\/tr\\\/\",\"name\":\"Bati Ermenistan Ve Bati Ermenileri Sorunlari Ara\u015ftirmalar Merkezi\",\"description\":\"\",\"potentialAction\":[{\"@type\":\"SearchAction\",\"target\":{\"@type\":\"EntryPoint\",\"urlTemplate\":\"https:\\\/\\\/akunq.net\\\/tr\\\/?s={search_term_string}\"},\"query-input\":{\"@type\":\"PropertyValueSpecification\",\"valueRequired\":true,\"valueName\":\"search_term_string\"}}],\"inLanguage\":\"en-US\"},{\"@type\":\"Person\",\"@id\":\"https:\\\/\\\/akunq.net\\\/tr\\\/#\\\/schema\\\/person\\\/096f1d38a12cce57fb855b485ed24c9e\",\"name\":\"admin\",\"url\":\"https:\\\/\\\/akunq.net\\\/tr\\\/?author=7\"}]}<\/script>\n<!-- \/ Yoast SEO plugin. -->","yoast_head_json":{"title":"G\u00fclen Cemaatine Y\u00fczde 73'l\u00fck Anket \u015eoku! - Bati Ermenistan Ve Bati Ermenileri Sorunlari Ara\u015ftirmalar Merkezi","robots":{"index":"index","follow":"follow","max-snippet":"max-snippet:-1","max-image-preview":"max-image-preview:large","max-video-preview":"max-video-preview:-1"},"canonical":"https:\/\/akunq.net\/tr\/?p=27873","og_locale":"en_US","og_type":"article","og_title":"G\u00fclen Cemaatine Y\u00fczde 73'l\u00fck Anket \u015eoku! - Bati Ermenistan Ve Bati Ermenileri Sorunlari Ara\u015ftirmalar Merkezi","og_description":"17 Aral\u0131k soru\u015fturmas\u0131yla ilgili T\u00fcrkiye&#8217;nin 30 b\u00fcy\u00fck \u015fehrinde kapsaml\u0131 bir anket d\u00fczenleyen GENAR Ara\u015ft\u0131rma \u015eirketi, \u015fa\u015f\u0131rt\u0131c\u0131 verilerin ortaya \u00e7\u0131kt\u0131\u011f\u0131 ara\u015ft\u0131rma istatistiklerini payla\u015ft\u0131! GENAR Ara\u015ft\u0131rma \u015eirketi&#8217;nin 30 b\u00fcy\u00fck \u015fehirde 3 bin 181 ki\u015fiyle ger\u00e7ekle\u015ftirdi\u011fi anket sonu\u00e7lar\u0131na g\u00f6re ankete kat\u0131lanlar\u0131n b\u00fcy\u00fck \u00e7o\u011funlu\u011fu 17 Aral\u0131k operasyonuna g\u00fcvenmiyor.\u00a0 Ankete kat\u0131lanlar\u0131n % 57.3&#8217;\u00fc\u00a0&#8220;17 Aral\u0131k operasyonu ger\u00e7ek bir yolsuzluk operasyonudur, arkas\u0131nda [&hellip;]","og_url":"https:\/\/akunq.net\/tr\/?p=27873","og_site_name":"Bati Ermenistan Ve Bati Ermenileri Sorunlari Ara\u015ftirmalar Merkezi","article_published_time":"2014-01-14T07:41:10+00:00","author":"admin","twitter_card":"summary_large_image","twitter_misc":{"Written by":"admin","Est. reading time":"2 minutes"},"schema":{"@context":"https:\/\/schema.org","@graph":[{"@type":"Article","@id":"https:\/\/akunq.net\/tr\/?p=27873#article","isPartOf":{"@id":"https:\/\/akunq.net\/tr\/?p=27873"},"author":{"name":"admin","@id":"https:\/\/akunq.net\/tr\/#\/schema\/person\/096f1d38a12cce57fb855b485ed24c9e"},"headline":"G\u00fclen Cemaatine Y\u00fczde 73&#8217;l\u00fck Anket \u015eoku!","datePublished":"2014-01-14T07:41:10+00:00","mainEntityOfPage":{"@id":"https:\/\/akunq.net\/tr\/?p=27873"},"wordCount":469,"commentCount":0,"articleSection":["Haberler"],"inLanguage":"en-US","potentialAction":[{"@type":"CommentAction","name":"Comment","target":["https:\/\/akunq.net\/tr\/?p=27873#respond"]}]},{"@type":"WebPage","@id":"https:\/\/akunq.net\/tr\/?p=27873","url":"https:\/\/akunq.net\/tr\/?p=27873","name":"G\u00fclen Cemaatine Y\u00fczde 73'l\u00fck Anket \u015eoku! - Bati Ermenistan Ve Bati Ermenileri Sorunlari Ara\u015ftirmalar Merkezi","isPartOf":{"@id":"https:\/\/akunq.net\/tr\/#website"},"datePublished":"2014-01-14T07:41:10+00:00","author":{"@id":"https:\/\/akunq.net\/tr\/#\/schema\/person\/096f1d38a12cce57fb855b485ed24c9e"},"breadcrumb":{"@id":"https:\/\/akunq.net\/tr\/?p=27873#breadcrumb"},"inLanguage":"en-US","potentialAction":[{"@type":"ReadAction","target":["https:\/\/akunq.net\/tr\/?p=27873"]}]},{"@type":"BreadcrumbList","@id":"https:\/\/akunq.net\/tr\/?p=27873#breadcrumb","itemListElement":[{"@type":"ListItem","position":1,"name":"Home","item":"https:\/\/akunq.net\/tr"},{"@type":"ListItem","position":2,"name":"G\u00fclen Cemaatine Y\u00fczde 73&#8217;l\u00fck Anket \u015eoku!"}]},{"@type":"WebSite","@id":"https:\/\/akunq.net\/tr\/#website","url":"https:\/\/akunq.net\/tr\/","name":"Bati Ermenistan Ve Bati Ermenileri Sorunlari Ara\u015ftirmalar Merkezi","description":"","potentialAction":[{"@type":"SearchAction","target":{"@type":"EntryPoint","urlTemplate":"https:\/\/akunq.net\/tr\/?s={search_term_string}"},"query-input":{"@type":"PropertyValueSpecification","valueRequired":true,"valueName":"search_term_string"}}],"inLanguage":"en-US"},{"@type":"Person","@id":"https:\/\/akunq.net\/tr\/#\/schema\/person\/096f1d38a12cce57fb855b485ed24c9e","name":"admin","url":"https:\/\/akunq.net\/tr\/?author=7"}]}},"_links":{"self":[{"href":"https:\/\/akunq.net\/tr\/index.php?rest_route=\/wp\/v2\/posts\/27873","targetHints":{"allow":["GET"]}}],"collection":[{"href":"https:\/\/akunq.net\/tr\/index.php?rest_route=\/wp\/v2\/posts"}],"about":[{"href":"https:\/\/akunq.net\/tr\/index.php?rest_route=\/wp\/v2\/types\/post"}],"author":[{"embeddable":true,"href":"https:\/\/akunq.net\/tr\/index.php?rest_route=\/wp\/v2\/users\/7"}],"replies":[{"embeddable":true,"href":"https:\/\/akunq.net\/tr\/index.php?rest_route=%2Fwp%2Fv2%2Fcomments&post=27873"}],"version-history":[{"count":1,"href":"https:\/\/akunq.net\/tr\/index.php?rest_route=\/wp\/v2\/posts\/27873\/revisions"}],"predecessor-version":[{"id":27875,"href":"https:\/\/akunq.net\/tr\/index.php?rest_route=\/wp\/v2\/posts\/27873\/revisions\/27875"}],"wp:attachment":[{"href":"https:\/\/akunq.net\/tr\/index.php?rest_route=%2Fwp%2Fv2%2Fmedia&parent=27873"}],"wp:term":[{"taxonomy":"category","embeddable":true,"href":"https:\/\/akunq.net\/tr\/index.php?rest_route=%2Fwp%2Fv2%2Fcategories&post=27873"},{"taxonomy":"post_tag","embeddable":true,"href":"https:\/\/akunq.net\/tr\/index.php?rest_route=%2Fwp%2Fv2%2Ftags&post=27873"}],"curies":[{"name":"wp","href":"https:\/\/api.w.org\/{rel}","templated":true}]}}