{"id":27869,"date":"2014-01-14T02:29:50","date_gmt":"2014-01-14T07:29:50","guid":{"rendered":"http:\/\/akunq.net\/tr\/?p=27869"},"modified":"2014-01-14T02:30:12","modified_gmt":"2014-01-14T07:30:12","slug":"tarafin-ermeni-yazarindan-bese-hozata-acik-mektup","status":"publish","type":"post","link":"https:\/\/akunq.net\/tr\/?p=27869","title":{"rendered":"Taraf&#8217;\u0131n Ermeni yazar\u0131ndan Bese Hozat&#8217;a a\u00e7\u0131k mektup!"},"content":{"rendered":"<p style=\"text-align: justify;\"><b><i><a href=\"http:\/\/akunq.net\/tr\/wp-content\/uploads\/2014\/01\/\u0532\u0565\u057d\u0565-\u0540\u0578\u0566\u0561\u0569.jpg\"><img loading=\"lazy\" decoding=\"async\" class=\"alignright size-full wp-image-27870\" alt=\"\u0532\u0565\u057d\u0565 \u0540\u0578\u0566\u0561\u0569\" src=\"http:\/\/akunq.net\/tr\/wp-content\/uploads\/2014\/01\/\u0532\u0565\u057d\u0565-\u0540\u0578\u0566\u0561\u0569.jpg\" width=\"259\" height=\"194\" \/><\/a>Taraf yazar\u0131 Hayko Ba\u011fdat ve T24 yazar\u0131 Ayd\u0131n Engin KCK E\u015f Ba\u015fkan\u0131 Bese Hozat&#8217;a hitaben birer a\u00e7\u0131k mektup kaleme ald\u0131lar.<\/i><\/b><br \/>\n<strong>KCK<\/strong> E\u015f Ba\u015fkan\u0131 <strong>Bese Hozat<\/strong>&#8216;\u0131n ANF&#8217;ye yapt\u0131\u011f\u0131 bir a\u00e7\u0131klamada Ermeni<a href=\"http:\/\/www.gazeteciler.com\/\">,<\/a> Rum ve Yahudi toplumu i\u00e7in kulland\u0131\u011f\u0131 ifadeler T\u00fcrk medyas\u0131nda \u00e7arp\u0131c\u0131 tepkilere konu oluyor. <strong>Taraf<\/strong> yazar\u0131 <strong>Hayko Ba\u011fdat<\/strong> ve<strong> T24<\/strong> yazar\u0131 Ayd\u0131n <strong>Engin Hozat<\/strong>&#8216;a hitaben birer a\u00e7\u0131k mektup kaleme ald\u0131lar.<\/p>\n<p style=\"text-align: justify;\">Hozat ge\u00e7ti\u011fimiz g\u00fcn yapt\u0131\u011f\u0131 a\u00e7\u0131klamada &#8220;T\u00fcrkiye\u2019de resmi devletin d\u0131\u015f\u0131nda bir de olu\u015fan paralel devletler vard\u0131r. Mesela F. G\u00fclen cemaati paralel bir devlettir. \u0130srail lobisi, yine milliyet\u00e7i Ermeni ve Rum lobileri paralel birer devlettir.&#8221; demi\u015fti.<\/p>\n<p style=\"text-align: justify;\"><strong>TARAF&#8217;IN ERMEN\u0130 YAZARINDAN \u00c7ARPICI SORULAR<\/strong><\/p>\n<p style=\"text-align: justify;\">Kendisi de Ermeni olan <strong>Hayko Ba\u011fdat<\/strong>, Hozat&#8217;a seslendi\u011fi mektubunda \u00e7arp\u0131c\u0131 sorular y\u00f6neltti. K\u00fcrt hareketinin Ermenilere ve az\u0131nl\u0131klara genel bak\u0131\u015f\u0131n\u0131 bildi\u011fini kaydeden Ba\u011fdat, Hozat&#8217;\u0131n a\u00e7\u0131klamas\u0131na bu nedenle sorgulad\u0131\u011f\u0131n\u0131 belirtti ve &#8220;Cevap vermek isterseniz, as\u0131l merak etti\u011fim bu son beyanlar\u0131n\u0131zd\u0131r.&#8221; dedi.<\/p>\n<p style=\"text-align: justify;\"><strong>\u0130\u015fte Ba\u011fdat&#8217;\u0131n yaz\u0131s\u0131ndaki ilgili b\u00f6l\u00fcm:<\/strong><\/p>\n<p style=\"text-align: justify;\"><strong>O ERMEN\u0130LER VE RUMLAR K\u0130MLER?<\/strong><\/p>\n<p style=\"text-align: justify;\">K\u00fcrt hareketinin ikinci kez \u00fcst d\u00fczey temsiliyetlerle mevzubahis etti\u011fi, T\u00fcrkiye\u2019nin demokratikle\u015fmesi \u00f6n\u00fcnde engel te\u015fkil etti\u011fi iddia edilen Ermeniler<\/p>\n<p style=\"text-align: justify;\">ve Rumlar kimlerdir?<\/p>\n<p style=\"text-align: justify;\">T\u00fcrkiye\u2019de ya\u015fayan 60.000 Ermeni, 20.000 Yahudi, 1.500 Rum, vatanda\u015f kalabilmi\u015ftir.<\/p>\n<p style=\"text-align: justify;\">Bahsetti\u011finiz gibi \u00fclkede \u201cparalel bir devlet yap\u0131s\u0131\u201d mevcut ise \u00fclkede ya\u015fayan az\u0131nl\u0131k yurtta\u015flardan bir k\u0131sm\u0131 bu yap\u0131lanman\u0131n i\u00e7inde yer almakta m\u0131d\u0131r?<\/p>\n<p style=\"text-align: justify;\"><strong>ERMEN\u0130 VE RUM YURTTA\u015eLAR J\u0130TEM&#8217;C\u0130 M\u0130 SANIYORSUNUZ?<\/strong><\/p>\n<p style=\"text-align: justify;\">Bu Ermeni, Rum ve Yahudi yurtta\u015flar\u0131n \u201c\u00d6zel Harp Dairesi ve J\u0130TEM\u201d gibi adlar\u0131 cinayetlerle an\u0131lan yap\u0131larda faal olduklar\u0131n\u0131 d\u00fc\u015f\u00fcn\u00fcyor musunuz?<\/p>\n<p style=\"text-align: justify;\">Bahsetti\u011finiz kesimler, soyk\u0131r\u0131m ya\u015fam\u0131\u015f, vatan\u0131ndan kovulmu\u015f ve ba\u015fka \u00fclkelerde hayata tutunmaya \u00e7al\u0131\u015fan diaspora Ermenileri dedi\u011fimiz akrabalar\u0131m\u0131z m\u0131d\u0131r?<\/p>\n<p style=\"text-align: justify;\">E\u011fer \u00f6yle ise bu \u201cmilliyet\u00e7i Ermeni ve Rum lobileri\u201d T\u00fcrkiye\u2019de hepimizin b\u00fcy\u00fck bir umut ile destekledi\u011fi Bar\u0131\u015f S\u00fcreci\u2019ne somut olarak ne gibi zararlar vermektedir?<\/p>\n<p style=\"text-align: justify;\"><strong>AZINLIKLARI \u015eEYTANLA\u015eTIRMAK IRK\u00c7ILI\u011eA MALZEME VER\u0130R<\/strong><\/p>\n<p style=\"text-align: justify;\">T\u00fcrkiye\u2019deki ink\u00e2rc\u0131 ve fa\u015fizan gelene\u011fin Ermeni, Rum ve Yahudi halklar\u0131n\u0131 \u015feytanla\u015ft\u0131rmak i\u00e7in kulland\u0131\u011f\u0131 bu arg\u00fcmanlar\u0131 tekrar etmenin, hepimizin \u00fcst\u00fcne k\u00e2bus gibi \u00e7\u00f6ken ve hayatlar\u0131m\u0131z\u0131 \u00e7ekilmez h\u00e2le getiren \u0131rk\u00e7\u0131l\u0131\u011fa ve \u0131rk\u00e7\u0131lara malzeme verebilece\u011fini hesap etmiyor musunuz?<\/p>\n<p style=\"text-align: justify;\">Devletin y\u0131llar boyunca, bahsetti\u011finiz \u201cmilliyet\u00e7i Ermeni\u201d kesimleri, \u201cPKK\u2019yi kuran, y\u00f6neten ve s\u00fcnnetsiz gerillalar ile silahl\u0131 unsurlar\u0131n\u0131 olu\u015fturanlar\u201d olarak tarifledi\u011fini an\u0131msam\u0131yor musunuz?<\/p>\n<p style=\"text-align: justify;\"><strong>HDP&#8217;DE MORAL BOZUKLU\u011eU YA\u015eANDI<\/strong><\/p>\n<p style=\"text-align: justify;\">Halklar\u0131n Demokratik Partisi\u2019nin \u00f6zellikle bat\u0131da olu\u015fturdu\u011fu s\u00f6ylem ile t\u00fcm kimliklerin ortakla\u015fa m\u00fccadele ederek se\u00e7imlere haz\u0131rland\u0131\u011f\u0131 bir d\u00f6nemde bu beyanlar\u0131n\u0131z\u0131n yaratt\u0131\u011f\u0131 moral bozuklu\u011funu farketmiyor musunuz?<\/p>\n<p style=\"text-align: justify;\">A\u00e7\u0131klamalar\u0131n\u0131z\u0131 okuyan herhangi bir Ermeni\u2019nin, Rum\u2019un veya Yahudi\u2019nin incinebilece\u011fini ve \u00f6zellikle HDP i\u00e7inde pek \u00e7ok az\u0131nl\u0131k mensubunun siyaset yapt\u0131\u011f\u0131n\u0131 bilmiyor musunuz?<\/p>\n<p style=\"text-align: justify;\">Memleketinden bir \u015fekilde g\u00f6nderilmi\u015f olan K\u00fcrt, T\u00fcrk, Alevi, Ermeni, Rum vatanda\u015flar\u0131n ya\u015fad\u0131klar\u0131 \u00fclkelerdeki \u00f6rg\u00fctlenmelerini \u201cmemleket d\u00fc\u015fman\u0131 faaliyetler\u201d olarak \u00e7a\u011fr\u0131\u015ft\u0131rman\u0131n sak\u0131ncalar\u0131n\u0131 hep beraber ya\u015famad\u0131k m\u0131?<\/p>\n<p style=\"text-align: justify;\"><strong>BA\u015eINA &#8220;M\u0130LL\u0130YET\u00c7\u0130&#8221; SONUNA &#8220;LOB\u0130&#8221; KOYUNCA&#8230;<\/strong><\/p>\n<p style=\"text-align: justify;\">Ba\u015f\u0131na \u201cmilliyet\u00e7i\u201d sonuna \u201clobi\u201d koysan\u0131z bile Ermeni ve Rum halklar\u0131n\u0131n adlar\u0131n\u0131 anarken egemen anlay\u0131\u015f\u0131n \u00e7a\u011fr\u0131\u015ft\u0131rd\u0131\u011f\u0131 d\u00fc\u015fmanla\u015ft\u0131ran alg\u0131ya teslim olmu\u015f say\u0131lm\u0131yor musunuz?<\/p>\n<p style=\"text-align: justify;\">T\u00fcrkiye\u2019deki H\u0131ristiyanlar\u0131n ya\u015fad\u0131klar\u0131 korkun\u00e7 tarih hakk\u0131nda \u00d6calan\u2019\u0131n \u015fimdiye kadar yazd\u0131klar\u0131n\u0131, KCK\u2019nin meselelere genel bak\u0131\u015f\u0131n\u0131, Ahmet T\u00fcrk\u2019\u00fcn diledi\u011fi \u00f6zr\u00fc biliyorum.<\/p>\n<p style=\"text-align: justify;\">Cevap vermek isterseniz, as\u0131l merak etti\u011fim bu son beyanlar\u0131n\u0131zd\u0131r.<\/p>\n<p style=\"text-align: justify;\">Sayg\u0131lar\u0131mla.<br \/>\n<b><br \/>\n<strong>KCK E\u015e BA\u015eKANI&#8217;NA \u00d6CALAN REFERANSLI ELE\u015eT\u0130R\u0130<\/strong><\/b><\/p>\n<p style=\"text-align: justify;\"><strong>T24<\/strong> yazar\u0131 <strong>Ayd\u0131n Engin<\/strong> de g\u00fcn\u00fcn <strong>Bese Hozat<\/strong>&#8216;a a\u00e7\u0131k mektup yazan bir di\u011fer ismi oldu. Engin <strong>PKK<\/strong> lideri <strong>Abdullah \u00d6calan<\/strong>&#8216;\u0131n az\u0131nl\u0131klara d\u00f6n\u00fck a\u00e7\u0131klamalar\u0131n\u0131 hat\u0131rlatt\u0131\u011f\u0131 mektubunda Hozat&#8217;\u0131n \u00d6calan ile \u00e7eli\u015fti\u011fine vurgu yapt\u0131. <strong>&#8220;Yanl\u0131\u015f\u0131n\u0131z\u0131 fark ettiniz mi? \u00d6calan \u201cABD\u2019de\u201d diyor. Sizin a\u00e7\u0131klaman\u0131z\u0131n ilk c\u00fcmlesi ise bu lobilerin \u201cT\u00fcrkiye\u2019de birer paralel devlet olu\u015fturdu\u011funu\u201d<\/strong> s\u00f6yl\u00fcyor.&#8221; diyen Engin \u00e7arp\u0131c\u0131 bir soru y\u00f6neltti: <strong>Toplam\u0131 60 bini ancak bulan Ermenilerin, 3 bini\u00a0 bile bulmayan Rumlar\u0131n i\u00e7indeki milliyet\u00e7i unsurlar\u0131n T\u00fcrkiye\u2019de paralel devlet olu\u015fturduklar\u0131n\u0131 siz mi uyduruyorsunuz, yoksa birileri sizi kand\u0131r\u0131yor mu?<\/strong><\/p>\n<p style=\"text-align: justify;\"><strong>\u0130\u015fte Engin&#8217;in yaz\u0131s\u0131ndaki ilgili b\u00f6l\u00fcm:<\/strong><\/p>\n<p style=\"text-align: justify;\"><strong>\u00d6CALAN&#8217;I \u0130Y\u0130 OKUYUP DO\u011eRU EZBERLESEYD\u0130N\u0130Z<\/strong><\/p>\n<p style=\"text-align: justify;\">S\u00f6z\u00fcn\u00fc etti\u011finiz lobilerle ilgili olarak &#8220;paralel devlet&#8221; terimini de kullanan \u00d6calan -yan\u0131lm\u0131yorsam- 2013 \u015eubat\u2019\u0131nda \u015f\u00f6yle demi\u015fti:<\/p>\n<p style=\"text-align: justify;\">&#8220;T\u00fcrkiye\u2019de 3 koldan paralel devlet \u00e7al\u0131\u015fmas\u0131 var. \u0130li\u015fkiler sabote edilmeye ba\u015flad\u0131. S\u0131radan lobiler de\u011fil. ABD\u2019de Yahudi, Ermeni ve Rum lobileri stratejik ve taktik m\u00fcdahale ediyorlar.&#8221;<\/p>\n<p style=\"text-align: justify;\">Yanl\u0131\u015f\u0131n\u0131z\u0131 fark ettiniz mi?<\/p>\n<p style=\"text-align: justify;\">\u00d6calan \u201cABD\u2019de\u201d diyor. Sizin a\u00e7\u0131klaman\u0131z\u0131n ilk c\u00fcmlesi ise bu lobilerin \u201cT\u00fcrkiye\u2019de birer paralel devlet olu\u015fturdu\u011funu\u201d s\u00f6yl\u00fcyor.<\/p>\n<p style=\"text-align: justify;\">\u00d6calan\u2019\u0131 iyi okusayd\u0131n\u0131z ve do\u011fru ezberleseydiniz ABD\u2019deki g\u00fc\u00e7l\u00fc lobilerin \u201cT\u00fcrkiye\u2019ye stratejik ve taktik m\u00fcdahale ettiklerini\u201d s\u00f6yledi\u011fini, ama T\u00fcrkiye\u2019de birer paralel devlet olu\u015fturduklar\u0131n\u0131 (sizin deyiminizle \u201colu\u015fan\u201d)\u00a0s\u00f6ylemedi\u011fini fark edecektiniz.<\/p>\n<p style=\"text-align: justify;\"><strong>VAS\u0130L\u0130AD\u0130S ACI ACI G\u00dcLM\u00dc\u015eT\u00dcR<\/strong><\/p>\n<p style=\"text-align: justify;\">\u00d6calan\u2019\u0131n o \u00fcnl\u00fc Newroz mesaj\u0131nda \u00f6zellikle Ermenileri d\u0131\u015fta b\u0131rakmas\u0131ndan do\u011fan s\u0131k\u0131nt\u0131 anla\u015f\u0131lan Kandil\u2019e de ula\u015fm\u0131\u015f. O y\u00fczden duyarl\u0131l\u0131k g\u00f6stermek istiyorsunuz ve T\u00fcrkiye\u2019de paralel devlet olu\u015fturduklar\u0131 s\u00f6yledi\u011finiz Ermeni, Rum lobilerinin \u00f6n\u00fcne\u00a0 \u201cmilliyet\u00e7i\u201d terimini eklemi\u015fsiniz.<\/p>\n<p style=\"text-align: justify;\">Ama bu duyarl\u0131\u011f\u0131n\u0131z, s\u00f6zlerinizin i\u00e7eri\u011fini d\u00fczeltmiyor.<\/p>\n<p style=\"text-align: justify;\">Size g\u00f6re T\u00fcrkiye\u2019de milliyet\u00e7i Ermeni ve Rum lobileri paralel devlet kurarak demokrasimize sald\u0131r\u0131yorlar ama milliyet\u00e7i olmayan Ermeni ve Rumlar b\u00f6yle de\u011fil.<\/p>\n<p style=\"text-align: justify;\">Bu c\u00fcmleleriniz e\u011fer kendisine ula\u015ft\u0131ysa Hrant Dink mezar\u0131nda ters d\u00f6nm\u00fc\u015ft\u00fcr; Rum okur kalmad\u0131\u011f\u0131ndan gazetesi Apoyevmatini\u2019yi kapatmak zorunda kalan Mihaili Vasiliadis ac\u0131 ac\u0131 g\u00fclm\u00fc\u015ft\u00fcr\u2026<\/p>\n<p style=\"text-align: justify;\"><strong>S\u0130Z M\u0130 UYDURDUNUZ B\u0130R\u0130LER\u0130 S\u0130Z\u0130 KANDIRIYOR MU?<\/strong><\/p>\n<p style=\"text-align: justify;\">Toplam\u0131 60 bini ancak bulan Ermenilerin, 3 bini\u00a0 bile bulmayan Rumlar\u0131n i\u00e7indeki milliyet\u00e7i unsurlar\u0131n T\u00fcrkiye\u2019de paralel devlet olu\u015fturduklar\u0131n\u0131\u00a0 siz mi uyduruyorsunuz, yoksa birileri sizi kand\u0131r\u0131yor mu?<\/p>\n<p style=\"text-align: justify;\">Yazd\u0131klar\u0131n\u0131z \u00e7ok ciddi bir su\u00e7lama ve mutlaka kan\u0131t\u0131, belgesi, en az\u0131ndan g\u00fcvenilir bilgisi olmak gerekir.<\/p>\n<p style=\"text-align: justify;\">Sizde bu bilgiler var m\u0131?<\/p>\n<p style=\"text-align: justify;\">Yoksa (ki bence yok) olmayan bilgilerle b\u00f6ylesine vahim bir yarg\u0131y\u0131 nas\u0131l dile getirebildiniz?<\/p>\n<p style=\"text-align: justify;\"><b><i>http:\/\/www.gazeteciler.com\/medya-kosesi\/tarafin-ermeni-yazarindan-bese-hozata-acik-mektup-73238h.html<\/i><\/b><\/p>\n","protected":false},"excerpt":{"rendered":"<p>Taraf yazar\u0131 Hayko Ba\u011fdat ve T24 yazar\u0131 Ayd\u0131n Engin KCK E\u015f Ba\u015fkan\u0131 Bese Hozat&#8217;a hitaben birer a\u00e7\u0131k mektup kaleme ald\u0131lar. KCK E\u015f Ba\u015fkan\u0131 Bese Hozat&#8216;\u0131n ANF&#8217;ye yapt\u0131\u011f\u0131 bir a\u00e7\u0131klamada Ermeni, Rum ve Yahudi toplumu i\u00e7in kulland\u0131\u011f\u0131 ifadeler T\u00fcrk medyas\u0131nda \u00e7arp\u0131c\u0131 tepkilere konu oluyor. Taraf yazar\u0131 Hayko Ba\u011fdat ve T24 yazar\u0131 Ayd\u0131n Engin Hozat&#8216;a hitaben birer [&hellip;]<\/p>\n","protected":false},"author":7,"featured_media":0,"comment_status":"open","ping_status":"open","sticky":false,"template":"","format":"standard","meta":{"footnotes":""},"categories":[1],"tags":[],"class_list":["post-27869","post","type-post","status-publish","format-standard","hentry","category-haberler"],"yoast_head":"<!-- This site is optimized with the Yoast SEO plugin v27.4 - https:\/\/yoast.com\/product\/yoast-seo-wordpress\/ -->\n<title>Taraf&#039;\u0131n Ermeni yazar\u0131ndan Bese Hozat&#039;a a\u00e7\u0131k mektup! - Bati Ermenistan Ve Bati Ermenileri Sorunlari Ara\u015ftirmalar Merkezi<\/title>\n<meta name=\"robots\" content=\"index, follow, max-snippet:-1, max-image-preview:large, max-video-preview:-1\" \/>\n<link rel=\"canonical\" href=\"https:\/\/akunq.net\/tr\/?p=27869\" \/>\n<meta property=\"og:locale\" content=\"en_US\" \/>\n<meta property=\"og:type\" content=\"article\" \/>\n<meta property=\"og:title\" content=\"Taraf&#039;\u0131n Ermeni yazar\u0131ndan Bese Hozat&#039;a a\u00e7\u0131k mektup! - Bati Ermenistan Ve Bati Ermenileri Sorunlari Ara\u015ftirmalar Merkezi\" \/>\n<meta property=\"og:description\" content=\"Taraf yazar\u0131 Hayko Ba\u011fdat ve T24 yazar\u0131 Ayd\u0131n Engin KCK E\u015f Ba\u015fkan\u0131 Bese Hozat&#8217;a hitaben birer a\u00e7\u0131k mektup kaleme ald\u0131lar. KCK E\u015f Ba\u015fkan\u0131 Bese Hozat&#8216;\u0131n ANF&#8217;ye yapt\u0131\u011f\u0131 bir a\u00e7\u0131klamada Ermeni, Rum ve Yahudi toplumu i\u00e7in kulland\u0131\u011f\u0131 ifadeler T\u00fcrk medyas\u0131nda \u00e7arp\u0131c\u0131 tepkilere konu oluyor. Taraf yazar\u0131 Hayko Ba\u011fdat ve T24 yazar\u0131 Ayd\u0131n Engin Hozat&#8216;a hitaben birer [&hellip;]\" \/>\n<meta property=\"og:url\" content=\"https:\/\/akunq.net\/tr\/?p=27869\" \/>\n<meta property=\"og:site_name\" content=\"Bati Ermenistan Ve Bati Ermenileri Sorunlari Ara\u015ftirmalar Merkezi\" \/>\n<meta property=\"article:published_time\" content=\"2014-01-14T07:29:50+00:00\" \/>\n<meta property=\"article:modified_time\" content=\"2014-01-14T07:30:12+00:00\" \/>\n<meta name=\"author\" content=\"admin\" \/>\n<meta name=\"twitter:card\" content=\"summary_large_image\" \/>\n<meta name=\"twitter:label1\" content=\"Written by\" \/>\n\t<meta name=\"twitter:data1\" content=\"admin\" \/>\n\t<meta name=\"twitter:label2\" content=\"Est. reading time\" \/>\n\t<meta name=\"twitter:data2\" content=\"6 minutes\" \/>\n<script type=\"application\/ld+json\" class=\"yoast-schema-graph\">{\"@context\":\"https:\\\/\\\/schema.org\",\"@graph\":[{\"@type\":\"Article\",\"@id\":\"https:\\\/\\\/akunq.net\\\/tr\\\/?p=27869#article\",\"isPartOf\":{\"@id\":\"https:\\\/\\\/akunq.net\\\/tr\\\/?p=27869\"},\"author\":{\"name\":\"admin\",\"@id\":\"https:\\\/\\\/akunq.net\\\/tr\\\/#\\\/schema\\\/person\\\/096f1d38a12cce57fb855b485ed24c9e\"},\"headline\":\"Taraf&#8217;\u0131n Ermeni yazar\u0131ndan Bese Hozat&#8217;a a\u00e7\u0131k mektup!\",\"datePublished\":\"2014-01-14T07:29:50+00:00\",\"dateModified\":\"2014-01-14T07:30:12+00:00\",\"mainEntityOfPage\":{\"@id\":\"https:\\\/\\\/akunq.net\\\/tr\\\/?p=27869\"},\"wordCount\":1216,\"commentCount\":0,\"articleSection\":[\"Haberler\"],\"inLanguage\":\"en-US\",\"potentialAction\":[{\"@type\":\"CommentAction\",\"name\":\"Comment\",\"target\":[\"https:\\\/\\\/akunq.net\\\/tr\\\/?p=27869#respond\"]}]},{\"@type\":\"WebPage\",\"@id\":\"https:\\\/\\\/akunq.net\\\/tr\\\/?p=27869\",\"url\":\"https:\\\/\\\/akunq.net\\\/tr\\\/?p=27869\",\"name\":\"Taraf'\u0131n Ermeni yazar\u0131ndan Bese Hozat'a a\u00e7\u0131k mektup! - Bati Ermenistan Ve Bati Ermenileri Sorunlari Ara\u015ftirmalar Merkezi\",\"isPartOf\":{\"@id\":\"https:\\\/\\\/akunq.net\\\/tr\\\/#website\"},\"datePublished\":\"2014-01-14T07:29:50+00:00\",\"dateModified\":\"2014-01-14T07:30:12+00:00\",\"author\":{\"@id\":\"https:\\\/\\\/akunq.net\\\/tr\\\/#\\\/schema\\\/person\\\/096f1d38a12cce57fb855b485ed24c9e\"},\"breadcrumb\":{\"@id\":\"https:\\\/\\\/akunq.net\\\/tr\\\/?p=27869#breadcrumb\"},\"inLanguage\":\"en-US\",\"potentialAction\":[{\"@type\":\"ReadAction\",\"target\":[\"https:\\\/\\\/akunq.net\\\/tr\\\/?p=27869\"]}]},{\"@type\":\"BreadcrumbList\",\"@id\":\"https:\\\/\\\/akunq.net\\\/tr\\\/?p=27869#breadcrumb\",\"itemListElement\":[{\"@type\":\"ListItem\",\"position\":1,\"name\":\"Home\",\"item\":\"https:\\\/\\\/akunq.net\\\/tr\"},{\"@type\":\"ListItem\",\"position\":2,\"name\":\"Taraf&#8217;\u0131n Ermeni yazar\u0131ndan Bese Hozat&#8217;a a\u00e7\u0131k mektup!\"}]},{\"@type\":\"WebSite\",\"@id\":\"https:\\\/\\\/akunq.net\\\/tr\\\/#website\",\"url\":\"https:\\\/\\\/akunq.net\\\/tr\\\/\",\"name\":\"Bati Ermenistan Ve Bati Ermenileri Sorunlari Ara\u015ftirmalar Merkezi\",\"description\":\"\",\"potentialAction\":[{\"@type\":\"SearchAction\",\"target\":{\"@type\":\"EntryPoint\",\"urlTemplate\":\"https:\\\/\\\/akunq.net\\\/tr\\\/?s={search_term_string}\"},\"query-input\":{\"@type\":\"PropertyValueSpecification\",\"valueRequired\":true,\"valueName\":\"search_term_string\"}}],\"inLanguage\":\"en-US\"},{\"@type\":\"Person\",\"@id\":\"https:\\\/\\\/akunq.net\\\/tr\\\/#\\\/schema\\\/person\\\/096f1d38a12cce57fb855b485ed24c9e\",\"name\":\"admin\",\"url\":\"https:\\\/\\\/akunq.net\\\/tr\\\/?author=7\"}]}<\/script>\n<!-- \/ Yoast SEO plugin. -->","yoast_head_json":{"title":"Taraf'\u0131n Ermeni yazar\u0131ndan Bese Hozat'a a\u00e7\u0131k mektup! - Bati Ermenistan Ve Bati Ermenileri Sorunlari Ara\u015ftirmalar Merkezi","robots":{"index":"index","follow":"follow","max-snippet":"max-snippet:-1","max-image-preview":"max-image-preview:large","max-video-preview":"max-video-preview:-1"},"canonical":"https:\/\/akunq.net\/tr\/?p=27869","og_locale":"en_US","og_type":"article","og_title":"Taraf'\u0131n Ermeni yazar\u0131ndan Bese Hozat'a a\u00e7\u0131k mektup! - Bati Ermenistan Ve Bati Ermenileri Sorunlari Ara\u015ftirmalar Merkezi","og_description":"Taraf yazar\u0131 Hayko Ba\u011fdat ve T24 yazar\u0131 Ayd\u0131n Engin KCK E\u015f Ba\u015fkan\u0131 Bese Hozat&#8217;a hitaben birer a\u00e7\u0131k mektup kaleme ald\u0131lar. KCK E\u015f Ba\u015fkan\u0131 Bese Hozat&#8216;\u0131n ANF&#8217;ye yapt\u0131\u011f\u0131 bir a\u00e7\u0131klamada Ermeni, Rum ve Yahudi toplumu i\u00e7in kulland\u0131\u011f\u0131 ifadeler T\u00fcrk medyas\u0131nda \u00e7arp\u0131c\u0131 tepkilere konu oluyor. Taraf yazar\u0131 Hayko Ba\u011fdat ve T24 yazar\u0131 Ayd\u0131n Engin Hozat&#8216;a hitaben birer [&hellip;]","og_url":"https:\/\/akunq.net\/tr\/?p=27869","og_site_name":"Bati Ermenistan Ve Bati Ermenileri Sorunlari Ara\u015ftirmalar Merkezi","article_published_time":"2014-01-14T07:29:50+00:00","article_modified_time":"2014-01-14T07:30:12+00:00","author":"admin","twitter_card":"summary_large_image","twitter_misc":{"Written by":"admin","Est. reading time":"6 minutes"},"schema":{"@context":"https:\/\/schema.org","@graph":[{"@type":"Article","@id":"https:\/\/akunq.net\/tr\/?p=27869#article","isPartOf":{"@id":"https:\/\/akunq.net\/tr\/?p=27869"},"author":{"name":"admin","@id":"https:\/\/akunq.net\/tr\/#\/schema\/person\/096f1d38a12cce57fb855b485ed24c9e"},"headline":"Taraf&#8217;\u0131n Ermeni yazar\u0131ndan Bese Hozat&#8217;a a\u00e7\u0131k mektup!","datePublished":"2014-01-14T07:29:50+00:00","dateModified":"2014-01-14T07:30:12+00:00","mainEntityOfPage":{"@id":"https:\/\/akunq.net\/tr\/?p=27869"},"wordCount":1216,"commentCount":0,"articleSection":["Haberler"],"inLanguage":"en-US","potentialAction":[{"@type":"CommentAction","name":"Comment","target":["https:\/\/akunq.net\/tr\/?p=27869#respond"]}]},{"@type":"WebPage","@id":"https:\/\/akunq.net\/tr\/?p=27869","url":"https:\/\/akunq.net\/tr\/?p=27869","name":"Taraf'\u0131n Ermeni yazar\u0131ndan Bese Hozat'a a\u00e7\u0131k mektup! - Bati Ermenistan Ve Bati Ermenileri Sorunlari Ara\u015ftirmalar Merkezi","isPartOf":{"@id":"https:\/\/akunq.net\/tr\/#website"},"datePublished":"2014-01-14T07:29:50+00:00","dateModified":"2014-01-14T07:30:12+00:00","author":{"@id":"https:\/\/akunq.net\/tr\/#\/schema\/person\/096f1d38a12cce57fb855b485ed24c9e"},"breadcrumb":{"@id":"https:\/\/akunq.net\/tr\/?p=27869#breadcrumb"},"inLanguage":"en-US","potentialAction":[{"@type":"ReadAction","target":["https:\/\/akunq.net\/tr\/?p=27869"]}]},{"@type":"BreadcrumbList","@id":"https:\/\/akunq.net\/tr\/?p=27869#breadcrumb","itemListElement":[{"@type":"ListItem","position":1,"name":"Home","item":"https:\/\/akunq.net\/tr"},{"@type":"ListItem","position":2,"name":"Taraf&#8217;\u0131n Ermeni yazar\u0131ndan Bese Hozat&#8217;a a\u00e7\u0131k mektup!"}]},{"@type":"WebSite","@id":"https:\/\/akunq.net\/tr\/#website","url":"https:\/\/akunq.net\/tr\/","name":"Bati Ermenistan Ve Bati Ermenileri Sorunlari Ara\u015ftirmalar Merkezi","description":"","potentialAction":[{"@type":"SearchAction","target":{"@type":"EntryPoint","urlTemplate":"https:\/\/akunq.net\/tr\/?s={search_term_string}"},"query-input":{"@type":"PropertyValueSpecification","valueRequired":true,"valueName":"search_term_string"}}],"inLanguage":"en-US"},{"@type":"Person","@id":"https:\/\/akunq.net\/tr\/#\/schema\/person\/096f1d38a12cce57fb855b485ed24c9e","name":"admin","url":"https:\/\/akunq.net\/tr\/?author=7"}]}},"_links":{"self":[{"href":"https:\/\/akunq.net\/tr\/index.php?rest_route=\/wp\/v2\/posts\/27869","targetHints":{"allow":["GET"]}}],"collection":[{"href":"https:\/\/akunq.net\/tr\/index.php?rest_route=\/wp\/v2\/posts"}],"about":[{"href":"https:\/\/akunq.net\/tr\/index.php?rest_route=\/wp\/v2\/types\/post"}],"author":[{"embeddable":true,"href":"https:\/\/akunq.net\/tr\/index.php?rest_route=\/wp\/v2\/users\/7"}],"replies":[{"embeddable":true,"href":"https:\/\/akunq.net\/tr\/index.php?rest_route=%2Fwp%2Fv2%2Fcomments&post=27869"}],"version-history":[{"count":2,"href":"https:\/\/akunq.net\/tr\/index.php?rest_route=\/wp\/v2\/posts\/27869\/revisions"}],"predecessor-version":[{"id":27872,"href":"https:\/\/akunq.net\/tr\/index.php?rest_route=\/wp\/v2\/posts\/27869\/revisions\/27872"}],"wp:attachment":[{"href":"https:\/\/akunq.net\/tr\/index.php?rest_route=%2Fwp%2Fv2%2Fmedia&parent=27869"}],"wp:term":[{"taxonomy":"category","embeddable":true,"href":"https:\/\/akunq.net\/tr\/index.php?rest_route=%2Fwp%2Fv2%2Fcategories&post=27869"},{"taxonomy":"post_tag","embeddable":true,"href":"https:\/\/akunq.net\/tr\/index.php?rest_route=%2Fwp%2Fv2%2Ftags&post=27869"}],"curies":[{"name":"wp","href":"https:\/\/api.w.org\/{rel}","templated":true}]}}