{"id":27865,"date":"2014-01-14T02:20:11","date_gmt":"2014-01-14T07:20:11","guid":{"rendered":"http:\/\/akunq.net\/tr\/?p=27865"},"modified":"2014-01-14T02:20:30","modified_gmt":"2014-01-14T07:20:30","slug":"ocalandan-yeni-mesaj","status":"publish","type":"post","link":"https:\/\/akunq.net\/tr\/?p=27865","title":{"rendered":"\u00d6calan&#8217;dan yeni mesaj"},"content":{"rendered":"<h2 style=\"text-align: justify;\"><i><a href=\"http:\/\/akunq.net\/tr\/wp-content\/uploads\/2014\/01\/\u00d6calan.jpg\"><img loading=\"lazy\" decoding=\"async\" class=\"alignright size-full wp-image-27866\" alt=\"\u00d6calan\" src=\"http:\/\/akunq.net\/tr\/wp-content\/uploads\/2014\/01\/\u00d6calan.jpg\" width=\"290\" height=\"298\" \/><\/a>&#8220;\u00dclkeyi bir darbe ate\u015fiyle yeniden yang\u0131n yerine \u00e7evirmek isteyenler bizim bu ate\u015fe benzin ta\u015f\u0131mayaca\u011f\u0131m\u0131z\u0131 bilmelidir&#8221;.<\/i><\/h2>\n<p style=\"text-align: justify;\"><a href=\"http:\/\/www.haberturk.com\/etiket\/bdp\">BDP<\/a>, Grup Ba\u015fkanvekilleri Pervin Buldan ve \u0130dris Baluken ile HDP \u0130stanbul Milletvekili S\u0131rr\u0131 S\u00fcreyya \u00d6nder&#8217;in, <a href=\"http:\/\/www.haberturk.com\/etiket\/imral\u0131_adas\u0131\">\u0130mral\u0131 Adas\u0131<\/a>&#8216;na ziyaretlerinin ard\u0131ndan <a href=\"http:\/\/www.haberturk.com\/etiket\/abdullah_\u00f6calan\">Abdullah \u00d6calan<\/a>&#8216;\u0131n mesaj\u0131n\u0131 getirdiklerini bildirdi.<\/p>\n<p style=\"text-align: justify;\"><a href=\"http:\/\/www.haberturk.com\/etiket\/bdp\">BDP<\/a> Bas\u0131n Biriminden yap\u0131lan yaz\u0131l\u0131 a\u00e7\u0131klamaya g\u00f6re, \u00d6calan, a\u00e7\u0131klamas\u0131nda, yeni y\u0131l\u0131n, bar\u0131\u015f, demokrasi ve \u00f6zg\u00fcrl\u00fck umutlar\u0131n\u0131n ger\u00e7ekle\u015fece\u011fi bir y\u0131l olmas\u0131n\u0131 diledi.<\/p>\n<p style=\"text-align: justify;\">Fransa&#8217;n\u0131n ba\u015fkenti Paris&#8217;te ge\u00e7en y\u0131l \u00fc\u00e7 kad\u0131n\u0131n \u00f6ld\u00fcr\u00fclmesine ili\u015fkin \u00d6calan, &#8220;Tamam\u0131yla s\u00fcreci hedefleyen bir darbe olarak ger\u00e7ekle\u015ftirilen bu katliama verilecek en etkili cevab\u0131m\u0131z, kal\u0131c\u0131 bar\u0131\u015f\u0131 ve demokratik \u00e7\u00f6z\u00fcm hamlemizi t\u00fcm engellemelere ra\u011fmen kararl\u0131 \u015fekilde ba\u015far\u0131ya ula\u015ft\u0131rmak olacakt\u0131r&#8221; ifadesini kulland\u0131.<\/p>\n<p style=\"text-align: justify;\">Tarihi bir sonu\u00e7 almak \u00fczere ba\u015flatt\u0131klar\u0131 s\u00fcrecin geldi\u011fi noktay\u0131 tan\u0131mlamak istedi\u011fini belirten \u00d6calan, \u015funlar\u0131 kaydetti:<\/p>\n<p style=\"text-align: justify;\">&#8220;Sava\u015f bir cehennemse bar\u0131\u015f cennettir. Biz, bir aya\u011f\u0131m\u0131z\u0131 cehennemden \u00e7\u0131kartt\u0131k ama di\u011fer aya\u011f\u0131m\u0131z\u0131 da \u00e7\u0131karma konusunda ortaya konan engeller mani oldu\u011fu i\u00e7in arafta beklemekteyiz. Bar\u0131\u015f s\u00fcreci amac\u0131na uygun formatlarla geli\u015ftirilmeye \u00e7al\u0131\u015f\u0131l\u0131yor. Bizim bar\u0131\u015f irademiz t\u00fcm engellemelere ra\u011fmen ba\u015flatt\u0131\u011f\u0131m\u0131z g\u00fcnk\u00fc kararl\u0131l\u0131\u011f\u0131ndad\u0131r. Fakat \u015fu da bilinmelidir ki arafta sonsuza kadar kal\u0131namaz. Bu cehennemi \u015fartlardan bir an \u00f6nce \u00fclkemizi ve b\u00f6lgemizi kurtarmak i\u00e7in herkes ivedilikle ve sars\u0131lmayacak bir irade ortaya koymal\u0131d\u0131r.<\/p>\n<p style=\"text-align: justify;\">Ya\u015fanan son geli\u015fmeler de g\u00f6stermektedir ki s\u00fcre\u00e7 bir an \u00f6nce tahkim edilip, tam demokratik bir \u00fclke in\u015fas\u0131 ger\u00e7ekle\u015fmezse i\u00e7eride ve d\u0131\u015far\u0131da sava\u015f isteyen demokrasi d\u00fc\u015fman\u0131 g\u00fc\u00e7ler komplolar\u0131na h\u0131z vereceklerdir. Bu topraklar son iki y\u00fcz y\u0131ldan beri hep bir darbe ate\u015fiyle kavrulmaktad\u0131r. Bizim geli\u015ftirdi\u011fimiz s\u00fcre\u00e7 anti darbecidir ve demokratik bir toplumu hedeflemektedir.&#8221;<\/p>\n<p style=\"text-align: justify;\">&#8220;\u00dclkeyi bir darbe ate\u015fiyle yeniden yang\u0131n yerine \u00e7evirmek isteyenler bizim bu ate\u015fe benzin ta\u015f\u0131mayaca\u011f\u0131m\u0131z\u0131 bilmelidir&#8221; ifadesini kullanan \u00d6calan, bu ate\u015fi s\u00f6nd\u00fcrmenin tek yolunun demokratik bar\u0131\u015f\u0131 bir an \u00f6nce getirmek oldu\u011funu savundu.<\/p>\n<p style=\"text-align: justify;\">\u00d6calan, Hrant Dink&#8217;in an\u0131s\u0131n\u0131 selamlad\u0131\u011f\u0131n\u0131 da belirterek, Dink&#8217;in \u00f6l\u00fcm y\u0131l\u0131nda Ermenilere geni\u015f kapsaml\u0131 bir mektupla seslenmeyi umdu\u011funu kaydetti.<\/p>\n<p style=\"text-align: justify;\"><strong><i>AA<\/i><\/strong><\/p>\n<p style=\"text-align: justify;\"><b><i>http:\/\/www.haberturk.com\/gundem\/haber\/911674-ocalandan-yeni-mesaj<\/i><\/b><\/p>\n","protected":false},"excerpt":{"rendered":"<p>&#8220;\u00dclkeyi bir darbe ate\u015fiyle yeniden yang\u0131n yerine \u00e7evirmek isteyenler bizim bu ate\u015fe benzin ta\u015f\u0131mayaca\u011f\u0131m\u0131z\u0131 bilmelidir&#8221;. BDP, Grup Ba\u015fkanvekilleri Pervin Buldan ve \u0130dris Baluken ile HDP \u0130stanbul Milletvekili S\u0131rr\u0131 S\u00fcreyya \u00d6nder&#8217;in, \u0130mral\u0131 Adas\u0131&#8216;na ziyaretlerinin ard\u0131ndan Abdullah \u00d6calan&#8216;\u0131n mesaj\u0131n\u0131 getirdiklerini bildirdi. BDP Bas\u0131n Biriminden yap\u0131lan yaz\u0131l\u0131 a\u00e7\u0131klamaya g\u00f6re, \u00d6calan, a\u00e7\u0131klamas\u0131nda, yeni y\u0131l\u0131n, bar\u0131\u015f, demokrasi ve \u00f6zg\u00fcrl\u00fck umutlar\u0131n\u0131n [&hellip;]<\/p>\n","protected":false},"author":7,"featured_media":0,"comment_status":"open","ping_status":"open","sticky":false,"template":"","format":"standard","meta":{"footnotes":""},"categories":[1],"tags":[],"class_list":["post-27865","post","type-post","status-publish","format-standard","hentry","category-haberler"],"yoast_head":"<!-- This site is optimized with the Yoast SEO plugin v27.4 - https:\/\/yoast.com\/product\/yoast-seo-wordpress\/ -->\n<title>\u00d6calan&#039;dan yeni mesaj - Bati Ermenistan Ve Bati Ermenileri Sorunlari Ara\u015ftirmalar Merkezi<\/title>\n<meta name=\"robots\" content=\"index, follow, max-snippet:-1, max-image-preview:large, max-video-preview:-1\" \/>\n<link rel=\"canonical\" href=\"https:\/\/akunq.net\/tr\/?p=27865\" \/>\n<meta property=\"og:locale\" content=\"en_US\" \/>\n<meta property=\"og:type\" content=\"article\" \/>\n<meta property=\"og:title\" content=\"\u00d6calan&#039;dan yeni mesaj - Bati Ermenistan Ve Bati Ermenileri Sorunlari Ara\u015ftirmalar Merkezi\" \/>\n<meta property=\"og:description\" content=\"&#8220;\u00dclkeyi bir darbe ate\u015fiyle yeniden yang\u0131n yerine \u00e7evirmek isteyenler bizim bu ate\u015fe benzin ta\u015f\u0131mayaca\u011f\u0131m\u0131z\u0131 bilmelidir&#8221;. BDP, Grup Ba\u015fkanvekilleri Pervin Buldan ve \u0130dris Baluken ile HDP \u0130stanbul Milletvekili S\u0131rr\u0131 S\u00fcreyya \u00d6nder&#8217;in, \u0130mral\u0131 Adas\u0131&#8216;na ziyaretlerinin ard\u0131ndan Abdullah \u00d6calan&#8216;\u0131n mesaj\u0131n\u0131 getirdiklerini bildirdi. BDP Bas\u0131n Biriminden yap\u0131lan yaz\u0131l\u0131 a\u00e7\u0131klamaya g\u00f6re, \u00d6calan, a\u00e7\u0131klamas\u0131nda, yeni y\u0131l\u0131n, bar\u0131\u015f, demokrasi ve \u00f6zg\u00fcrl\u00fck umutlar\u0131n\u0131n [&hellip;]\" \/>\n<meta property=\"og:url\" content=\"https:\/\/akunq.net\/tr\/?p=27865\" \/>\n<meta property=\"og:site_name\" content=\"Bati Ermenistan Ve Bati Ermenileri Sorunlari Ara\u015ftirmalar Merkezi\" \/>\n<meta property=\"article:published_time\" content=\"2014-01-14T07:20:11+00:00\" \/>\n<meta property=\"article:modified_time\" content=\"2014-01-14T07:20:30+00:00\" \/>\n<meta name=\"author\" content=\"admin\" \/>\n<meta name=\"twitter:card\" content=\"summary_large_image\" \/>\n<meta name=\"twitter:label1\" content=\"Written by\" \/>\n\t<meta name=\"twitter:data1\" content=\"admin\" \/>\n\t<meta name=\"twitter:label2\" content=\"Est. reading time\" \/>\n\t<meta name=\"twitter:data2\" content=\"2 minutes\" \/>\n<script type=\"application\/ld+json\" class=\"yoast-schema-graph\">{\"@context\":\"https:\\\/\\\/schema.org\",\"@graph\":[{\"@type\":\"Article\",\"@id\":\"https:\\\/\\\/akunq.net\\\/tr\\\/?p=27865#article\",\"isPartOf\":{\"@id\":\"https:\\\/\\\/akunq.net\\\/tr\\\/?p=27865\"},\"author\":{\"name\":\"admin\",\"@id\":\"https:\\\/\\\/akunq.net\\\/tr\\\/#\\\/schema\\\/person\\\/096f1d38a12cce57fb855b485ed24c9e\"},\"headline\":\"\u00d6calan&#8217;dan yeni mesaj\",\"datePublished\":\"2014-01-14T07:20:11+00:00\",\"dateModified\":\"2014-01-14T07:20:30+00:00\",\"mainEntityOfPage\":{\"@id\":\"https:\\\/\\\/akunq.net\\\/tr\\\/?p=27865\"},\"wordCount\":419,\"commentCount\":0,\"articleSection\":[\"Haberler\"],\"inLanguage\":\"en-US\",\"potentialAction\":[{\"@type\":\"CommentAction\",\"name\":\"Comment\",\"target\":[\"https:\\\/\\\/akunq.net\\\/tr\\\/?p=27865#respond\"]}]},{\"@type\":\"WebPage\",\"@id\":\"https:\\\/\\\/akunq.net\\\/tr\\\/?p=27865\",\"url\":\"https:\\\/\\\/akunq.net\\\/tr\\\/?p=27865\",\"name\":\"\u00d6calan'dan yeni mesaj - Bati Ermenistan Ve Bati Ermenileri Sorunlari Ara\u015ftirmalar Merkezi\",\"isPartOf\":{\"@id\":\"https:\\\/\\\/akunq.net\\\/tr\\\/#website\"},\"datePublished\":\"2014-01-14T07:20:11+00:00\",\"dateModified\":\"2014-01-14T07:20:30+00:00\",\"author\":{\"@id\":\"https:\\\/\\\/akunq.net\\\/tr\\\/#\\\/schema\\\/person\\\/096f1d38a12cce57fb855b485ed24c9e\"},\"breadcrumb\":{\"@id\":\"https:\\\/\\\/akunq.net\\\/tr\\\/?p=27865#breadcrumb\"},\"inLanguage\":\"en-US\",\"potentialAction\":[{\"@type\":\"ReadAction\",\"target\":[\"https:\\\/\\\/akunq.net\\\/tr\\\/?p=27865\"]}]},{\"@type\":\"BreadcrumbList\",\"@id\":\"https:\\\/\\\/akunq.net\\\/tr\\\/?p=27865#breadcrumb\",\"itemListElement\":[{\"@type\":\"ListItem\",\"position\":1,\"name\":\"Home\",\"item\":\"https:\\\/\\\/akunq.net\\\/tr\"},{\"@type\":\"ListItem\",\"position\":2,\"name\":\"\u00d6calan&#8217;dan yeni mesaj\"}]},{\"@type\":\"WebSite\",\"@id\":\"https:\\\/\\\/akunq.net\\\/tr\\\/#website\",\"url\":\"https:\\\/\\\/akunq.net\\\/tr\\\/\",\"name\":\"Bati Ermenistan Ve Bati Ermenileri Sorunlari Ara\u015ftirmalar Merkezi\",\"description\":\"\",\"potentialAction\":[{\"@type\":\"SearchAction\",\"target\":{\"@type\":\"EntryPoint\",\"urlTemplate\":\"https:\\\/\\\/akunq.net\\\/tr\\\/?s={search_term_string}\"},\"query-input\":{\"@type\":\"PropertyValueSpecification\",\"valueRequired\":true,\"valueName\":\"search_term_string\"}}],\"inLanguage\":\"en-US\"},{\"@type\":\"Person\",\"@id\":\"https:\\\/\\\/akunq.net\\\/tr\\\/#\\\/schema\\\/person\\\/096f1d38a12cce57fb855b485ed24c9e\",\"name\":\"admin\",\"url\":\"https:\\\/\\\/akunq.net\\\/tr\\\/?author=7\"}]}<\/script>\n<!-- \/ Yoast SEO plugin. -->","yoast_head_json":{"title":"\u00d6calan'dan yeni mesaj - Bati Ermenistan Ve Bati Ermenileri Sorunlari Ara\u015ftirmalar Merkezi","robots":{"index":"index","follow":"follow","max-snippet":"max-snippet:-1","max-image-preview":"max-image-preview:large","max-video-preview":"max-video-preview:-1"},"canonical":"https:\/\/akunq.net\/tr\/?p=27865","og_locale":"en_US","og_type":"article","og_title":"\u00d6calan'dan yeni mesaj - Bati Ermenistan Ve Bati Ermenileri Sorunlari Ara\u015ftirmalar Merkezi","og_description":"&#8220;\u00dclkeyi bir darbe ate\u015fiyle yeniden yang\u0131n yerine \u00e7evirmek isteyenler bizim bu ate\u015fe benzin ta\u015f\u0131mayaca\u011f\u0131m\u0131z\u0131 bilmelidir&#8221;. BDP, Grup Ba\u015fkanvekilleri Pervin Buldan ve \u0130dris Baluken ile HDP \u0130stanbul Milletvekili S\u0131rr\u0131 S\u00fcreyya \u00d6nder&#8217;in, \u0130mral\u0131 Adas\u0131&#8216;na ziyaretlerinin ard\u0131ndan Abdullah \u00d6calan&#8216;\u0131n mesaj\u0131n\u0131 getirdiklerini bildirdi. BDP Bas\u0131n Biriminden yap\u0131lan yaz\u0131l\u0131 a\u00e7\u0131klamaya g\u00f6re, \u00d6calan, a\u00e7\u0131klamas\u0131nda, yeni y\u0131l\u0131n, bar\u0131\u015f, demokrasi ve \u00f6zg\u00fcrl\u00fck umutlar\u0131n\u0131n [&hellip;]","og_url":"https:\/\/akunq.net\/tr\/?p=27865","og_site_name":"Bati Ermenistan Ve Bati Ermenileri Sorunlari Ara\u015ftirmalar Merkezi","article_published_time":"2014-01-14T07:20:11+00:00","article_modified_time":"2014-01-14T07:20:30+00:00","author":"admin","twitter_card":"summary_large_image","twitter_misc":{"Written by":"admin","Est. reading time":"2 minutes"},"schema":{"@context":"https:\/\/schema.org","@graph":[{"@type":"Article","@id":"https:\/\/akunq.net\/tr\/?p=27865#article","isPartOf":{"@id":"https:\/\/akunq.net\/tr\/?p=27865"},"author":{"name":"admin","@id":"https:\/\/akunq.net\/tr\/#\/schema\/person\/096f1d38a12cce57fb855b485ed24c9e"},"headline":"\u00d6calan&#8217;dan yeni mesaj","datePublished":"2014-01-14T07:20:11+00:00","dateModified":"2014-01-14T07:20:30+00:00","mainEntityOfPage":{"@id":"https:\/\/akunq.net\/tr\/?p=27865"},"wordCount":419,"commentCount":0,"articleSection":["Haberler"],"inLanguage":"en-US","potentialAction":[{"@type":"CommentAction","name":"Comment","target":["https:\/\/akunq.net\/tr\/?p=27865#respond"]}]},{"@type":"WebPage","@id":"https:\/\/akunq.net\/tr\/?p=27865","url":"https:\/\/akunq.net\/tr\/?p=27865","name":"\u00d6calan'dan yeni mesaj - Bati Ermenistan Ve Bati Ermenileri Sorunlari Ara\u015ftirmalar Merkezi","isPartOf":{"@id":"https:\/\/akunq.net\/tr\/#website"},"datePublished":"2014-01-14T07:20:11+00:00","dateModified":"2014-01-14T07:20:30+00:00","author":{"@id":"https:\/\/akunq.net\/tr\/#\/schema\/person\/096f1d38a12cce57fb855b485ed24c9e"},"breadcrumb":{"@id":"https:\/\/akunq.net\/tr\/?p=27865#breadcrumb"},"inLanguage":"en-US","potentialAction":[{"@type":"ReadAction","target":["https:\/\/akunq.net\/tr\/?p=27865"]}]},{"@type":"BreadcrumbList","@id":"https:\/\/akunq.net\/tr\/?p=27865#breadcrumb","itemListElement":[{"@type":"ListItem","position":1,"name":"Home","item":"https:\/\/akunq.net\/tr"},{"@type":"ListItem","position":2,"name":"\u00d6calan&#8217;dan yeni mesaj"}]},{"@type":"WebSite","@id":"https:\/\/akunq.net\/tr\/#website","url":"https:\/\/akunq.net\/tr\/","name":"Bati Ermenistan Ve Bati Ermenileri Sorunlari Ara\u015ftirmalar Merkezi","description":"","potentialAction":[{"@type":"SearchAction","target":{"@type":"EntryPoint","urlTemplate":"https:\/\/akunq.net\/tr\/?s={search_term_string}"},"query-input":{"@type":"PropertyValueSpecification","valueRequired":true,"valueName":"search_term_string"}}],"inLanguage":"en-US"},{"@type":"Person","@id":"https:\/\/akunq.net\/tr\/#\/schema\/person\/096f1d38a12cce57fb855b485ed24c9e","name":"admin","url":"https:\/\/akunq.net\/tr\/?author=7"}]}},"_links":{"self":[{"href":"https:\/\/akunq.net\/tr\/index.php?rest_route=\/wp\/v2\/posts\/27865","targetHints":{"allow":["GET"]}}],"collection":[{"href":"https:\/\/akunq.net\/tr\/index.php?rest_route=\/wp\/v2\/posts"}],"about":[{"href":"https:\/\/akunq.net\/tr\/index.php?rest_route=\/wp\/v2\/types\/post"}],"author":[{"embeddable":true,"href":"https:\/\/akunq.net\/tr\/index.php?rest_route=\/wp\/v2\/users\/7"}],"replies":[{"embeddable":true,"href":"https:\/\/akunq.net\/tr\/index.php?rest_route=%2Fwp%2Fv2%2Fcomments&post=27865"}],"version-history":[{"count":2,"href":"https:\/\/akunq.net\/tr\/index.php?rest_route=\/wp\/v2\/posts\/27865\/revisions"}],"predecessor-version":[{"id":27868,"href":"https:\/\/akunq.net\/tr\/index.php?rest_route=\/wp\/v2\/posts\/27865\/revisions\/27868"}],"wp:attachment":[{"href":"https:\/\/akunq.net\/tr\/index.php?rest_route=%2Fwp%2Fv2%2Fmedia&parent=27865"}],"wp:term":[{"taxonomy":"category","embeddable":true,"href":"https:\/\/akunq.net\/tr\/index.php?rest_route=%2Fwp%2Fv2%2Fcategories&post=27865"},{"taxonomy":"post_tag","embeddable":true,"href":"https:\/\/akunq.net\/tr\/index.php?rest_route=%2Fwp%2Fv2%2Ftags&post=27865"}],"curies":[{"name":"wp","href":"https:\/\/api.w.org\/{rel}","templated":true}]}}