{"id":27862,"date":"2014-01-14T01:47:53","date_gmt":"2014-01-14T06:47:53","guid":{"rendered":"http:\/\/akunq.net\/tr\/?p=27862"},"modified":"2014-01-14T01:47:53","modified_gmt":"2014-01-14T06:47:53","slug":"soykirim-magdurlari-kurt-ozgurlugu-onunde-engel-degil","status":"publish","type":"post","link":"https:\/\/akunq.net\/tr\/?p=27862","title":{"rendered":"&#8216;Soyk\u0131r\u0131m ma\u011fdurlar\u0131 K\u00fcrt \u00f6zg\u00fcrl\u00fc\u011f\u00fc \u00f6n\u00fcnde engel de\u011fil&#8217;"},"content":{"rendered":"<p style=\"text-align: justify;\"><b><i><a href=\"http:\/\/akunq.net\/tr\/wp-content\/uploads\/2014\/01\/Soyk\u0131r\u0131m-ma\u011fdurlar\u0131.jpg\"><img loading=\"lazy\" decoding=\"async\" class=\"alignright size-medium wp-image-27863\" alt=\"Soyk\u0131r\u0131m ma\u011fdurlar\u0131\" src=\"http:\/\/akunq.net\/tr\/wp-content\/uploads\/2014\/01\/Soyk\u0131r\u0131m-ma\u011fdurlar\u0131-300x138.jpg\" width=\"300\" height=\"138\" srcset=\"https:\/\/akunq.net\/tr\/wp-content\/uploads\/sites\/6\/2014\/01\/Soyk\u0131r\u0131m-ma\u011fdurlar\u0131-300x138.jpg 300w, https:\/\/akunq.net\/tr\/wp-content\/uploads\/sites\/6\/2014\/01\/Soyk\u0131r\u0131m-ma\u011fdurlar\u0131-600x276.jpg 600w, https:\/\/akunq.net\/tr\/wp-content\/uploads\/sites\/6\/2014\/01\/Soyk\u0131r\u0131m-ma\u011fdurlar\u0131.jpg 630w\" sizes=\"auto, (max-width: 300px) 100vw, 300px\" \/><\/a>Soyk\u0131r\u0131m Kar\u015f\u0131tlar\u0131 Derne\u011fi\u2019nden a\u00e7\u0131klama\u2026<\/i><\/b><\/p>\n<p style=\"text-align: justify;\">Soyk\u0131r\u0131m Kar\u015f\u0131tlar\u0131 Derne\u011fi KCK E\u015f Ba\u015fkan\u0131 Bese Hozat\u2019\u0131n a\u00e7\u0131klamas\u0131n\u0131 ele\u015ftirdi.<\/p>\n<p style=\"text-align: justify;\">Almanya\u2019n\u0131n Frankfurt \u015fehrinde faaliyet g\u00f6steren Soyk\u0131r\u0131m Kar\u015f\u0131tlar\u0131 Derne\u011fi \u2018Soyk\u0131r\u0131m ma\u011fdurlar\u0131 K\u00fcrt \u00f6zg\u00fcrl\u00fc\u011f\u00fc \u00f6n\u00fcnde engel de\u011fildir!\u2019 dedi.<\/p>\n<p style=\"text-align: justify;\">SKD ad\u0131na Ali Ertem ve \u0130. B\u00fclent G\u00fcl imzas\u0131yla yap\u0131lan a\u00e7\u0131klamada \u201cK\u00fcrt halk\u0131n\u0131n \u00f6zg\u00fcrl\u00fc\u011f\u00fc \u00f6n\u00fcndeki ger\u00e7ek engel, soyk\u0131r\u0131m ma\u011fdurlar\u0131ndan hayali olarak yarat\u0131lm\u0131\u015f \u201cparalel devlet\u201d de\u011fil, soyk\u0131r\u0131m sab\u0131kal\u0131 T\u00fcrkiye Cumhuriyeti devletidir\u201d denildi.<\/p>\n<p style=\"text-align: justify;\">Soyk\u0131r\u0131m Kar\u015f\u0131tlar\u0131 Derne\u011fi a\u00e7\u0131klamas\u0131 \u015f\u00f6yle devam etti:<\/p>\n<p style=\"text-align: justify;\">\u201cKanl\u0131 yan\u0131k topraklarda, b\u00fcy\u00fck ac\u0131lara maruz kalm\u0131\u015f kadim K\u00fcrt halk\u0131n\u0131n siyasal kurumu KCK E\u015f Ba\u015fkan\u0131 Say\u0131n Bese Hozat\u2019\u0131n, benzer \u015fekilde, ama daha da geni\u015f kapsaml\u0131 planl\u0131 soyk\u0131r\u0131mlara, s\u00fcrg\u00fcnlere, vicdans\u0131z asimilasyona maruz kalm\u0131\u015f, s\u00fcrekli a\u015fa\u011f\u0131lanm\u0131\u015f, horlanm\u0131\u015f ma\u011fdur halklar\u0131 (Ermeniler, Helenler, Asuri-S\u00fcryaniler, Yahudiler) hedef alan as\u0131ls\u0131z su\u00e7lamalar\u0131, asla ve asla bar\u0131\u015fa, demokrasiye ve \u00f6zg\u00fcrl\u00fc\u011fe, hizmet etmez. Tersine, as\u0131ls\u0131z su\u00e7lamalar, halklar\u0131m\u0131z\u0131n ortak \u00f6zlemi olan, bar\u0131\u015f\u0131n, \u00f6zg\u00fcl\u00fc\u011f\u00fcn ve hedef edindi\u011fimiz ger\u00e7ek demokrasinin \u00f6n\u00fcne a\u015f\u0131lmas\u0131 zor, tehlikeli engeller \u00e7\u0131kar\u0131r.<\/p>\n<p style=\"text-align: justify;\">\u00d6zg\u00fcrl\u00fck ve demokrasi i\u00e7in m\u00fccadele eden ciddi bir kurulu\u015fun, bu kadar a\u011f\u0131r su\u00e7lamalar\u0131 yaparken, s\u00f6ylediklerine \u00f6zen g\u00f6stermesi; varsa belge ve olgulara dayanmas\u0131 beklenir. Maalesef KCK ad\u0131na Bese Hozat&#8217;\u0131n a\u00e7\u0131klamalar\u0131nda bu \u00f6zen g\u00f6r\u00fclm\u00fcyor. Zira T\u00fcrkiye\u2019de varl\u0131klar\u0131 t\u00fckenme noktas\u0131na getirilmi\u015f soyk\u0131r\u0131m ma\u011fduru halklar\u0131n objektif konumu, bu a\u011f\u0131r ithamlara temel te\u015fkil edecek her t\u00fcrl\u00fc maddi temelden yoksundur. Bu nedenle sa\u011fduyu sahibi kamuoyunun, KCK\u2019nin su\u00e7lamalar\u0131na itibar etmesi imk\u00e2ns\u0131zd\u0131r. Devletin bu halklar\u0131n imhas\u0131 ve ink\u00e2r\u0131 \u00fczerine kuruldu\u011fu tarihi bir ger\u00e7ek iken, fiziki varl\u0131klar\u0131 bile yok alma noktas\u0131na gelmi\u015f bu halklar\u0131n, hele milliyet\u00e7ilerinin T\u00fcrk devletiyle denk &#8220;paralel-yap\u0131lar&#8221;\u0131 bulundu\u011funu iddia etmenin hi\u00e7bir maddi temeli yoktur.<\/p>\n<p style=\"text-align: justify;\">Her \u015feye ra\u011fmen bu ithamlar\u0131n iz b\u0131rakmadan unutulaca\u011f\u0131n\u0131 sanmak imk\u00e2ns\u0131zd\u0131r. Tarihi ger\u00e7eklerin yerini yalana ve iftiraya dayal\u0131 propagandan\u0131n ald\u0131\u011f\u0131, Ermeni d\u00fc\u015fmanl\u0131\u011f\u0131 ve antisemit \u00f6n yarg\u0131larla kara cehaletin toplumu tutsak etti\u011fi ve sonu\u00e7ta katilin kurban, ma\u011fdurunsa katil olarak g\u00f6r\u00fcld\u00fc\u011f\u00fc T\u00fcrkiye\u2019de, bu ithamlar\u0131n ye\u015fermesi i\u00e7in \u201cverimli\u201d bir toprak mevcuttur. Bu nedenle onlarca y\u0131ld\u0131r i\u011fneyle kuyu kazarcas\u0131na yarat\u0131lmaya \u00e7al\u0131\u015f\u0131lan g\u00fcven duygular\u0131 yeniden zedelenmi\u015ftir.<\/p>\n<p style=\"text-align: justify;\">Soyk\u0131r\u0131m\u0131n y\u00fcz\u00fcnc\u00fc y\u0131l d\u00f6n\u00fcm\u00fcne bir y\u0131l kala, TC devletinin gelece\u011fe ili\u015fkin b\u00fct\u00fcn haz\u0131rl\u0131klar\u0131nda, halklar\u0131n ink\u00e2r\u0131 ve imhas\u0131ndan vazge\u00e7ti\u011fine dair herhangi bir umut \u0131\u015f\u0131\u011f\u0131 g\u00f6rmek m\u00fcmk\u00fcn de\u011fildir. Y\u00fcz y\u0131l\u0131 a\u015fk\u0131n bir s\u00fcredir i\u00e7ine d\u00fc\u015ft\u00fckleri derin \u00e7\u0131kmazlar\u0131n faturas\u0131n\u0131 her defas\u0131nda ezilen halklara \u00f6detmi\u015ftir. \u0130ttihat\u00e7\u0131 egemen yap\u0131, soyk\u0131r\u0131m ve s\u00fcrg\u00fcnlerle, toplu k\u0131y\u0131m ve pogromlarla ma\u011fdur etti\u011fi halklardan \u00f6z\u00fcr dilemek ve onurlu bir bar\u0131\u015fla K\u00fcrt halk\u0131n\u0131n ulusal haklar\u0131n\u0131 iade etmek yerine, \u015fimdiye kadar i\u015fledi\u011fi b\u00fct\u00fcn insanl\u0131k su\u00e7lar\u0131n\u0131n \u00fcst\u00fcn\u00fc sahte \u201c\u00c7anakkale zaferi\u201d safsatalar\u0131 ile \u00f6rtmeye \u00e7al\u0131\u015fmaktad\u0131r. Irk\u00e7\u0131 propagandalarla beyni y\u0131kanm\u0131\u015f kalabal\u0131\u011f\u0131 Sar\u0131kam\u0131\u015f\u2019ta Ermenistan s\u0131n\u0131r\u0131na y\u0131\u011farak, 90.000 (doksan bin) askerin katline sebep olan insanl\u0131k tarihinin tan\u0131d\u0131\u011f\u0131 en b\u00fcy\u00fck sava\u015f su\u00e7unu \u201cyurt savunmas\u0131 i\u00e7in kahramanl\u0131k\u201d olarak tan\u0131tmaktad\u0131r. Emperyalist bir macera u\u011fruna, a\u00e7-susuz, a\u00e7\u0131k-\u00e7\u0131plak kar \u00e7\u00f6llerine s\u00fcrerek katline sebep oldu\u011fu koskoca bir ordunun toplu imhas\u0131ndan hala Ermeni halk\u0131n\u0131 sorumlu tutmaya \u00e7al\u0131\u015fmaktad\u0131r. Irk\u00e7\u0131 histerilerle \u0131s\u0131t\u0131lmaya \u00e7al\u0131\u015f\u0131lan bu ortamlarda, soyk\u0131r\u0131m\u0131n tan\u0131nmas\u0131n\u0131 isteyen ma\u011fdur halklardan, ulusal haklar\u0131n\u0131 isteyen K\u00fcrt halk\u0131ndan ve inan\u00e7 \u00f6zg\u00fcrl\u00fc\u011f\u00fc isteyen Alevi halklardan \u201ci\u00e7 d\u00fc\u015fman\u201d yaratarak intikam yemini i\u00e7ilmektedir. KCK, insanl\u0131k su\u00e7lar\u0131n\u0131 tekrar tekrar i\u015fleyen bar\u0131\u015f\u0131n \u00f6n\u00fcndeki soyk\u0131r\u0131m sab\u0131kal\u0131 devlet egemenli\u011fini g\u00f6rmeyecek kadar saf olamaz.<\/p>\n<p style=\"text-align: justify;\">As\u0131l olarak &#8220;derin devlet&#8221;, &#8220;paralel devlet&#8221; gibi yap\u0131lanmalar\u0131n, devletin kirli, kanl\u0131 i\u015flerini icra etmek i\u00e7in kurdu\u011fu su\u00e7 \u00f6rg\u00fctlenmeleri oldu\u011funu, i\u015fi bitince de geri \u00e7ekti\u011fi, ya da da\u011f\u0131tt\u0131\u011f\u0131n\u0131 y\u00fcz y\u0131l\u0131 a\u015fk\u0131n bir s\u00fcredir tekrar eden patik g\u00f6zler \u00f6n\u00fcne sermektedir. B\u00f6ylece her seferinde b\u00fct\u00fcn su\u00e7lar\u0131n\u0131 bu yap\u0131larla izah ederek, ger\u00e7ek y\u00fcz\u00fcn\u00fc maskelemeyi, as\u0131l omurgas\u0131n\u0131 korumay\u0131 ba\u015fard\u0131\u011f\u0131n\u0131 unutmamak gerekir. A\u011f\u0131r insanl\u0131k su\u00e7lar\u0131na bula\u015fm\u0131\u015f niteli\u011fi ile devlet yap\u0131s\u0131n\u0131 b\u00fct\u00fcn\u00fcyle ele al\u0131p ona g\u00f6re sorgulamak tutarl\u0131 b\u00fct\u00fcn demokratlar\u0131n g\u00f6zetmesi gereken bir husustur. Devletin bu niteli\u011fi ve egemen olan zihniyet de\u011fi\u015fmedik\u00e7e kendisine her zaman yeni yeni &#8220;derin&#8221; ve &#8220;paralel&#8221; \u00f6rg\u00fctler kurup, i\u015fini bitirince de da\u011f\u0131tacakt\u0131r.<\/p>\n<p style=\"text-align: justify;\">\u201cGe\u00e7medik ak\u00e7e sahibinindir\u201d \u00f6zdeyi\u015fi \u015fimdi yine bize yol g\u00f6stermektedir. B\u00f6ylesi bir ortamda hi\u00e7birimiz, ma\u011fdur halklara kar\u015f\u0131 as\u0131ls\u0131z ithamlar\u0131n sebep oldu\u011fu zehirli atmosferin \u00f6n\u00fcn\u00fc almak i\u00e7in KCK\u2019den daha etkili olamay\u0131z. Hata ne olursa olsun, onu d\u00fczetme medeni cesareti, u\u011fruna a\u011f\u0131r bedeller \u00f6denmi\u015f hakl\u0131 davan\u0131n sahibi bir kurulu\u015fu k\u00fc\u00e7\u00fcltmez, tam tersine onu ve temsil etti\u011fi halk\u0131 b\u00fcy\u00fct\u00fcr. Soyk\u0131r\u0131m Kar\u015f\u0131tlar\u0131 Derne\u011fi, KCK\u2019den hatas\u0131n\u0131n \u00fcst\u00fcne cesaretle y\u00fcr\u00fcmesini ve soyk\u0131r\u0131m ink\u00e2rc\u0131lar\u0131 ile aras\u0131na net bir ayr\u0131m \u00e7izgisi koymas\u0131n\u0131 bekler.<\/p>\n<p style=\"text-align: justify;\"><b><i>http:\/\/www.demokrathaber.net\/guncel\/soykirim-magdurlari-kurt-ozgurlugu-onunde-engel-degil-h27078.html<\/i><\/b><\/p>\n","protected":false},"excerpt":{"rendered":"<p>Soyk\u0131r\u0131m Kar\u015f\u0131tlar\u0131 Derne\u011fi\u2019nden a\u00e7\u0131klama\u2026 Soyk\u0131r\u0131m Kar\u015f\u0131tlar\u0131 Derne\u011fi KCK E\u015f Ba\u015fkan\u0131 Bese Hozat\u2019\u0131n a\u00e7\u0131klamas\u0131n\u0131 ele\u015ftirdi. Almanya\u2019n\u0131n Frankfurt \u015fehrinde faaliyet g\u00f6steren Soyk\u0131r\u0131m Kar\u015f\u0131tlar\u0131 Derne\u011fi \u2018Soyk\u0131r\u0131m ma\u011fdurlar\u0131 K\u00fcrt \u00f6zg\u00fcrl\u00fc\u011f\u00fc \u00f6n\u00fcnde engel de\u011fildir!\u2019 dedi. SKD ad\u0131na Ali Ertem ve \u0130. B\u00fclent G\u00fcl imzas\u0131yla yap\u0131lan a\u00e7\u0131klamada \u201cK\u00fcrt halk\u0131n\u0131n \u00f6zg\u00fcrl\u00fc\u011f\u00fc \u00f6n\u00fcndeki ger\u00e7ek engel, soyk\u0131r\u0131m ma\u011fdurlar\u0131ndan hayali olarak yarat\u0131lm\u0131\u015f \u201cparalel devlet\u201d de\u011fil, [&hellip;]<\/p>\n","protected":false},"author":7,"featured_media":0,"comment_status":"open","ping_status":"open","sticky":false,"template":"","format":"standard","meta":{"footnotes":""},"categories":[1],"tags":[],"class_list":["post-27862","post","type-post","status-publish","format-standard","hentry","category-haberler"],"yoast_head":"<!-- This site is optimized with the Yoast SEO plugin v27.4 - https:\/\/yoast.com\/product\/yoast-seo-wordpress\/ -->\n<title>&#039;Soyk\u0131r\u0131m ma\u011fdurlar\u0131 K\u00fcrt \u00f6zg\u00fcrl\u00fc\u011f\u00fc \u00f6n\u00fcnde engel de\u011fil&#039; - Bati Ermenistan Ve Bati Ermenileri Sorunlari Ara\u015ftirmalar Merkezi<\/title>\n<meta name=\"robots\" content=\"index, follow, max-snippet:-1, max-image-preview:large, max-video-preview:-1\" \/>\n<link rel=\"canonical\" href=\"https:\/\/akunq.net\/tr\/?p=27862\" \/>\n<meta property=\"og:locale\" content=\"en_US\" \/>\n<meta property=\"og:type\" content=\"article\" \/>\n<meta property=\"og:title\" content=\"&#039;Soyk\u0131r\u0131m ma\u011fdurlar\u0131 K\u00fcrt \u00f6zg\u00fcrl\u00fc\u011f\u00fc \u00f6n\u00fcnde engel de\u011fil&#039; - Bati Ermenistan Ve Bati Ermenileri Sorunlari Ara\u015ftirmalar Merkezi\" \/>\n<meta property=\"og:description\" content=\"Soyk\u0131r\u0131m Kar\u015f\u0131tlar\u0131 Derne\u011fi\u2019nden a\u00e7\u0131klama\u2026 Soyk\u0131r\u0131m Kar\u015f\u0131tlar\u0131 Derne\u011fi KCK E\u015f Ba\u015fkan\u0131 Bese Hozat\u2019\u0131n a\u00e7\u0131klamas\u0131n\u0131 ele\u015ftirdi. Almanya\u2019n\u0131n Frankfurt \u015fehrinde faaliyet g\u00f6steren Soyk\u0131r\u0131m Kar\u015f\u0131tlar\u0131 Derne\u011fi \u2018Soyk\u0131r\u0131m ma\u011fdurlar\u0131 K\u00fcrt \u00f6zg\u00fcrl\u00fc\u011f\u00fc \u00f6n\u00fcnde engel de\u011fildir!\u2019 dedi. SKD ad\u0131na Ali Ertem ve \u0130. B\u00fclent G\u00fcl imzas\u0131yla yap\u0131lan a\u00e7\u0131klamada \u201cK\u00fcrt halk\u0131n\u0131n \u00f6zg\u00fcrl\u00fc\u011f\u00fc \u00f6n\u00fcndeki ger\u00e7ek engel, soyk\u0131r\u0131m ma\u011fdurlar\u0131ndan hayali olarak yarat\u0131lm\u0131\u015f \u201cparalel devlet\u201d de\u011fil, [&hellip;]\" \/>\n<meta property=\"og:url\" content=\"https:\/\/akunq.net\/tr\/?p=27862\" \/>\n<meta property=\"og:site_name\" content=\"Bati Ermenistan Ve Bati Ermenileri Sorunlari Ara\u015ftirmalar Merkezi\" \/>\n<meta property=\"article:published_time\" content=\"2014-01-14T06:47:53+00:00\" \/>\n<meta name=\"author\" content=\"admin\" \/>\n<meta name=\"twitter:card\" content=\"summary_large_image\" \/>\n<meta name=\"twitter:label1\" content=\"Written by\" \/>\n\t<meta name=\"twitter:data1\" content=\"admin\" \/>\n\t<meta name=\"twitter:label2\" content=\"Est. reading time\" \/>\n\t<meta name=\"twitter:data2\" content=\"5 minutes\" \/>\n<script type=\"application\/ld+json\" class=\"yoast-schema-graph\">{\"@context\":\"https:\\\/\\\/schema.org\",\"@graph\":[{\"@type\":\"Article\",\"@id\":\"https:\\\/\\\/akunq.net\\\/tr\\\/?p=27862#article\",\"isPartOf\":{\"@id\":\"https:\\\/\\\/akunq.net\\\/tr\\\/?p=27862\"},\"author\":{\"name\":\"admin\",\"@id\":\"https:\\\/\\\/akunq.net\\\/tr\\\/#\\\/schema\\\/person\\\/096f1d38a12cce57fb855b485ed24c9e\"},\"headline\":\"&#8216;Soyk\u0131r\u0131m ma\u011fdurlar\u0131 K\u00fcrt \u00f6zg\u00fcrl\u00fc\u011f\u00fc \u00f6n\u00fcnde engel de\u011fil&#8217;\",\"datePublished\":\"2014-01-14T06:47:53+00:00\",\"mainEntityOfPage\":{\"@id\":\"https:\\\/\\\/akunq.net\\\/tr\\\/?p=27862\"},\"wordCount\":1054,\"commentCount\":0,\"articleSection\":[\"Haberler\"],\"inLanguage\":\"en-US\",\"potentialAction\":[{\"@type\":\"CommentAction\",\"name\":\"Comment\",\"target\":[\"https:\\\/\\\/akunq.net\\\/tr\\\/?p=27862#respond\"]}]},{\"@type\":\"WebPage\",\"@id\":\"https:\\\/\\\/akunq.net\\\/tr\\\/?p=27862\",\"url\":\"https:\\\/\\\/akunq.net\\\/tr\\\/?p=27862\",\"name\":\"'Soyk\u0131r\u0131m ma\u011fdurlar\u0131 K\u00fcrt \u00f6zg\u00fcrl\u00fc\u011f\u00fc \u00f6n\u00fcnde engel de\u011fil' - Bati Ermenistan Ve Bati Ermenileri Sorunlari Ara\u015ftirmalar Merkezi\",\"isPartOf\":{\"@id\":\"https:\\\/\\\/akunq.net\\\/tr\\\/#website\"},\"datePublished\":\"2014-01-14T06:47:53+00:00\",\"author\":{\"@id\":\"https:\\\/\\\/akunq.net\\\/tr\\\/#\\\/schema\\\/person\\\/096f1d38a12cce57fb855b485ed24c9e\"},\"breadcrumb\":{\"@id\":\"https:\\\/\\\/akunq.net\\\/tr\\\/?p=27862#breadcrumb\"},\"inLanguage\":\"en-US\",\"potentialAction\":[{\"@type\":\"ReadAction\",\"target\":[\"https:\\\/\\\/akunq.net\\\/tr\\\/?p=27862\"]}]},{\"@type\":\"BreadcrumbList\",\"@id\":\"https:\\\/\\\/akunq.net\\\/tr\\\/?p=27862#breadcrumb\",\"itemListElement\":[{\"@type\":\"ListItem\",\"position\":1,\"name\":\"Home\",\"item\":\"https:\\\/\\\/akunq.net\\\/tr\"},{\"@type\":\"ListItem\",\"position\":2,\"name\":\"&#8216;Soyk\u0131r\u0131m ma\u011fdurlar\u0131 K\u00fcrt \u00f6zg\u00fcrl\u00fc\u011f\u00fc \u00f6n\u00fcnde engel de\u011fil&#8217;\"}]},{\"@type\":\"WebSite\",\"@id\":\"https:\\\/\\\/akunq.net\\\/tr\\\/#website\",\"url\":\"https:\\\/\\\/akunq.net\\\/tr\\\/\",\"name\":\"Bati Ermenistan Ve Bati Ermenileri Sorunlari Ara\u015ftirmalar Merkezi\",\"description\":\"\",\"potentialAction\":[{\"@type\":\"SearchAction\",\"target\":{\"@type\":\"EntryPoint\",\"urlTemplate\":\"https:\\\/\\\/akunq.net\\\/tr\\\/?s={search_term_string}\"},\"query-input\":{\"@type\":\"PropertyValueSpecification\",\"valueRequired\":true,\"valueName\":\"search_term_string\"}}],\"inLanguage\":\"en-US\"},{\"@type\":\"Person\",\"@id\":\"https:\\\/\\\/akunq.net\\\/tr\\\/#\\\/schema\\\/person\\\/096f1d38a12cce57fb855b485ed24c9e\",\"name\":\"admin\",\"url\":\"https:\\\/\\\/akunq.net\\\/tr\\\/?author=7\"}]}<\/script>\n<!-- \/ Yoast SEO plugin. -->","yoast_head_json":{"title":"'Soyk\u0131r\u0131m ma\u011fdurlar\u0131 K\u00fcrt \u00f6zg\u00fcrl\u00fc\u011f\u00fc \u00f6n\u00fcnde engel de\u011fil' - Bati Ermenistan Ve Bati Ermenileri Sorunlari Ara\u015ftirmalar Merkezi","robots":{"index":"index","follow":"follow","max-snippet":"max-snippet:-1","max-image-preview":"max-image-preview:large","max-video-preview":"max-video-preview:-1"},"canonical":"https:\/\/akunq.net\/tr\/?p=27862","og_locale":"en_US","og_type":"article","og_title":"'Soyk\u0131r\u0131m ma\u011fdurlar\u0131 K\u00fcrt \u00f6zg\u00fcrl\u00fc\u011f\u00fc \u00f6n\u00fcnde engel de\u011fil' - Bati Ermenistan Ve Bati Ermenileri Sorunlari Ara\u015ftirmalar Merkezi","og_description":"Soyk\u0131r\u0131m Kar\u015f\u0131tlar\u0131 Derne\u011fi\u2019nden a\u00e7\u0131klama\u2026 Soyk\u0131r\u0131m Kar\u015f\u0131tlar\u0131 Derne\u011fi KCK E\u015f Ba\u015fkan\u0131 Bese Hozat\u2019\u0131n a\u00e7\u0131klamas\u0131n\u0131 ele\u015ftirdi. Almanya\u2019n\u0131n Frankfurt \u015fehrinde faaliyet g\u00f6steren Soyk\u0131r\u0131m Kar\u015f\u0131tlar\u0131 Derne\u011fi \u2018Soyk\u0131r\u0131m ma\u011fdurlar\u0131 K\u00fcrt \u00f6zg\u00fcrl\u00fc\u011f\u00fc \u00f6n\u00fcnde engel de\u011fildir!\u2019 dedi. SKD ad\u0131na Ali Ertem ve \u0130. B\u00fclent G\u00fcl imzas\u0131yla yap\u0131lan a\u00e7\u0131klamada \u201cK\u00fcrt halk\u0131n\u0131n \u00f6zg\u00fcrl\u00fc\u011f\u00fc \u00f6n\u00fcndeki ger\u00e7ek engel, soyk\u0131r\u0131m ma\u011fdurlar\u0131ndan hayali olarak yarat\u0131lm\u0131\u015f \u201cparalel devlet\u201d de\u011fil, [&hellip;]","og_url":"https:\/\/akunq.net\/tr\/?p=27862","og_site_name":"Bati Ermenistan Ve Bati Ermenileri Sorunlari Ara\u015ftirmalar Merkezi","article_published_time":"2014-01-14T06:47:53+00:00","author":"admin","twitter_card":"summary_large_image","twitter_misc":{"Written by":"admin","Est. reading time":"5 minutes"},"schema":{"@context":"https:\/\/schema.org","@graph":[{"@type":"Article","@id":"https:\/\/akunq.net\/tr\/?p=27862#article","isPartOf":{"@id":"https:\/\/akunq.net\/tr\/?p=27862"},"author":{"name":"admin","@id":"https:\/\/akunq.net\/tr\/#\/schema\/person\/096f1d38a12cce57fb855b485ed24c9e"},"headline":"&#8216;Soyk\u0131r\u0131m ma\u011fdurlar\u0131 K\u00fcrt \u00f6zg\u00fcrl\u00fc\u011f\u00fc \u00f6n\u00fcnde engel de\u011fil&#8217;","datePublished":"2014-01-14T06:47:53+00:00","mainEntityOfPage":{"@id":"https:\/\/akunq.net\/tr\/?p=27862"},"wordCount":1054,"commentCount":0,"articleSection":["Haberler"],"inLanguage":"en-US","potentialAction":[{"@type":"CommentAction","name":"Comment","target":["https:\/\/akunq.net\/tr\/?p=27862#respond"]}]},{"@type":"WebPage","@id":"https:\/\/akunq.net\/tr\/?p=27862","url":"https:\/\/akunq.net\/tr\/?p=27862","name":"'Soyk\u0131r\u0131m ma\u011fdurlar\u0131 K\u00fcrt \u00f6zg\u00fcrl\u00fc\u011f\u00fc \u00f6n\u00fcnde engel de\u011fil' - Bati Ermenistan Ve Bati Ermenileri Sorunlari Ara\u015ftirmalar Merkezi","isPartOf":{"@id":"https:\/\/akunq.net\/tr\/#website"},"datePublished":"2014-01-14T06:47:53+00:00","author":{"@id":"https:\/\/akunq.net\/tr\/#\/schema\/person\/096f1d38a12cce57fb855b485ed24c9e"},"breadcrumb":{"@id":"https:\/\/akunq.net\/tr\/?p=27862#breadcrumb"},"inLanguage":"en-US","potentialAction":[{"@type":"ReadAction","target":["https:\/\/akunq.net\/tr\/?p=27862"]}]},{"@type":"BreadcrumbList","@id":"https:\/\/akunq.net\/tr\/?p=27862#breadcrumb","itemListElement":[{"@type":"ListItem","position":1,"name":"Home","item":"https:\/\/akunq.net\/tr"},{"@type":"ListItem","position":2,"name":"&#8216;Soyk\u0131r\u0131m ma\u011fdurlar\u0131 K\u00fcrt \u00f6zg\u00fcrl\u00fc\u011f\u00fc \u00f6n\u00fcnde engel de\u011fil&#8217;"}]},{"@type":"WebSite","@id":"https:\/\/akunq.net\/tr\/#website","url":"https:\/\/akunq.net\/tr\/","name":"Bati Ermenistan Ve Bati Ermenileri Sorunlari Ara\u015ftirmalar Merkezi","description":"","potentialAction":[{"@type":"SearchAction","target":{"@type":"EntryPoint","urlTemplate":"https:\/\/akunq.net\/tr\/?s={search_term_string}"},"query-input":{"@type":"PropertyValueSpecification","valueRequired":true,"valueName":"search_term_string"}}],"inLanguage":"en-US"},{"@type":"Person","@id":"https:\/\/akunq.net\/tr\/#\/schema\/person\/096f1d38a12cce57fb855b485ed24c9e","name":"admin","url":"https:\/\/akunq.net\/tr\/?author=7"}]}},"_links":{"self":[{"href":"https:\/\/akunq.net\/tr\/index.php?rest_route=\/wp\/v2\/posts\/27862","targetHints":{"allow":["GET"]}}],"collection":[{"href":"https:\/\/akunq.net\/tr\/index.php?rest_route=\/wp\/v2\/posts"}],"about":[{"href":"https:\/\/akunq.net\/tr\/index.php?rest_route=\/wp\/v2\/types\/post"}],"author":[{"embeddable":true,"href":"https:\/\/akunq.net\/tr\/index.php?rest_route=\/wp\/v2\/users\/7"}],"replies":[{"embeddable":true,"href":"https:\/\/akunq.net\/tr\/index.php?rest_route=%2Fwp%2Fv2%2Fcomments&post=27862"}],"version-history":[{"count":1,"href":"https:\/\/akunq.net\/tr\/index.php?rest_route=\/wp\/v2\/posts\/27862\/revisions"}],"predecessor-version":[{"id":27864,"href":"https:\/\/akunq.net\/tr\/index.php?rest_route=\/wp\/v2\/posts\/27862\/revisions\/27864"}],"wp:attachment":[{"href":"https:\/\/akunq.net\/tr\/index.php?rest_route=%2Fwp%2Fv2%2Fmedia&parent=27862"}],"wp:term":[{"taxonomy":"category","embeddable":true,"href":"https:\/\/akunq.net\/tr\/index.php?rest_route=%2Fwp%2Fv2%2Fcategories&post=27862"},{"taxonomy":"post_tag","embeddable":true,"href":"https:\/\/akunq.net\/tr\/index.php?rest_route=%2Fwp%2Fv2%2Ftags&post=27862"}],"curies":[{"name":"wp","href":"https:\/\/api.w.org\/{rel}","templated":true}]}}