{"id":27859,"date":"2014-01-14T01:46:10","date_gmt":"2014-01-14T06:46:10","guid":{"rendered":"http:\/\/akunq.net\/tr\/?p=27859"},"modified":"2014-01-14T01:46:10","modified_gmt":"2014-01-14T06:46:10","slug":"hepimiz-ermeniyiz-hepimiz-rumuz-hepimiz-yahudiyiz-hepimiz-kurduz","status":"publish","type":"post","link":"https:\/\/akunq.net\/tr\/?p=27859","title":{"rendered":"Hepimiz Ermeniyiz, hepimiz Rumuz, hepimiz Yahudiyiz, hepimiz K\u00fcrd\u00fcz!"},"content":{"rendered":"<p style=\"text-align: justify;\"><b><i><a href=\"http:\/\/akunq.net\/tr\/wp-content\/uploads\/2014\/01\/Hepimiz-Ermeniyiz.jpg\"><img loading=\"lazy\" decoding=\"async\" class=\"alignright size-full wp-image-27860\" alt=\"Hepimiz Ermeniyiz\" src=\"http:\/\/akunq.net\/tr\/wp-content\/uploads\/2014\/01\/Hepimiz-Ermeniyiz.jpg\" width=\"200\" height=\"200\" srcset=\"https:\/\/akunq.net\/tr\/wp-content\/uploads\/sites\/6\/2014\/01\/Hepimiz-Ermeniyiz.jpg 200w, https:\/\/akunq.net\/tr\/wp-content\/uploads\/sites\/6\/2014\/01\/Hepimiz-Ermeniyiz-150x150.jpg 150w\" sizes=\"auto, (max-width: 200px) 100vw, 200px\" \/><\/a>KCK E\u015f Ba\u015fkan\u0131 Bese Hozat&#8217;\u0131n kamuoyuna yans\u0131yan beyanlar\u0131ndaki baz\u0131 ifadeler, T\u00fcrkiye devletinin az\u0131nl\u0131klara, Anadolu&#8217;nun kadim halklar\u0131na y\u00f6nelik kanl\u0131 politikalar\u0131na kar\u015f\u0131 m\u00fccadele eden, \u0131rk\u00e7\u0131l\u0131\u011fa ve milliyet\u00e7ili\u011fe kar\u015f\u0131 demokrasiyi, \u00f6zg\u00fcrl\u00fc\u011f\u00fc savunan siyasi g\u00fc\u00e7lerin moralinin bozulmas\u0131na ve kafas\u0131n\u0131n kar\u0131\u015fmas\u0131na neden olmu\u015ftur.<\/i><\/b><\/p>\n<p style=\"text-align: justify;\">T\u00fcrkiye&#8217;de ya\u015fayan \u00e7e\u015fitli halklar\u0131n ve emek\u00e7ilerin ba\u015f\u0131na gelen felaketlerin, uygulanan bask\u0131n\u0131n kayna\u011f\u0131n\u0131n T\u00fcrk egemen s\u0131n\u0131f\u0131 ve devleti de\u011fil, \u00e7e\u015fitli &#8220;d\u0131\u015f mihraklar&#8221; oldu\u011funu iddia edenler, bizzat bu devletin sahipleri, y\u00f6neticileri ve savunucular\u0131d\u0131r.<\/p>\n<p style=\"text-align: justify;\">Kemalist cumhuriyet, tarihi boyunca az\u0131nl\u0131klar\u0131 bask\u0131 alt\u0131na almak i\u00e7in &#8220;d\u0131\u015f g\u00fc\u00e7lere&#8221; i\u015faret etti. Bug\u00fcn ise Gezi direni\u015fi ve yolsuzluk operasyonlar\u0131 kar\u015f\u0131s\u0131nda \u00e7aresiz kalan AKP ayn\u0131 arg\u00fcmanlara sar\u0131l\u0131yor.<\/p>\n<p style=\"text-align: justify;\">T\u00fcrkiye&#8217;de &#8220;milliyet\u00e7i lobiler&#8221; ad\u0131 alt\u0131nda Yahudilerin, Rumlar\u0131n ve Ermenilerin hedef h\u00e2line getirilmesinin uzun bir tarihi vard\u0131r. Ayn\u0131 s\u00f6ylem, &#8220;K\u00fcrt\u00e7\u00fcl\u00fck&#8221;, &#8220;K\u00fcrt milliyet\u00e7ili\u011fi&#8221; ba\u015fl\u0131klar\u0131nda, K\u00fcrt halk\u0131n\u0131n kolektif haklar\u0131n\u0131 savunanlara kar\u015f\u0131 da kullan\u0131lmaktad\u0131r.<\/p>\n<p style=\"text-align: justify;\">Halklar\u0131n Demokrasi Partisi (HDP) i\u00e7erisinde K\u00fcrtlerle di\u011fer halklardan aktivistler, \u00f6zg\u00fcrl\u00fck i\u00e7in, e\u015fitlik i\u00e7in ve demokrasi i\u00e7in birlikte m\u00fccadele etmektedir.<\/p>\n<p style=\"text-align: justify;\">K\u00fcrt halk\u0131n\u0131n ve Abdullah \u00d6calan&#8217;\u0131n \u00f6zg\u00fcrl\u00fc\u011f\u00fc i\u00e7in verilen m\u00fccadele ile Ermeni Soyk\u0131r\u0131m\u0131&#8217;n\u0131n tan\u0131nmas\u0131 i\u00e7in y\u00fcr\u00fct\u00fclen m\u00fccadele bir ve ayn\u0131d\u0131r. Cumhuriyet&#8217;in Rum, Yahudi ve di\u011fer t\u00fcm az\u0131nl\u0131klara y\u00f6nelik \u015fiddetine kar\u015f\u0131 \u00e7\u0131kmadan, K\u00fcrt sorununda da tutarl\u0131 bir \u00f6zg\u00fcrl\u00fck\u00e7\u00fc yakla\u015f\u0131m sahibi olmak m\u00fcmk\u00fcn de\u011fildir.<\/p>\n<p style=\"text-align: justify;\">Daha \u00f6nce Abdullah \u00d6calan&#8217;\u0131n \u0130mral\u0131 tutanaklar\u0131nda da g\u00f6r\u00fclen, ancak &#8220;tahrifat&#8221; oldu\u011fu s\u00f6ylenen bu ifadeler, halklar\u0131n e\u015fitli\u011fi ve \u00f6zg\u00fcrl\u00fc\u011f\u00fc i\u00e7in m\u00fccadele edenlerin zarar\u0131nad\u0131r.<\/p>\n<p style=\"text-align: justify;\">T\u00fcrk devletinin 90 y\u0131ld\u0131r ezdi\u011fi K\u00fcrt halk\u0131n\u0131n s\u00f6zc\u00fcleri, ortak m\u00fccadelemize zarar veren bu s\u00f6ylemleri kullanmamal\u0131d\u0131r. Devletin t\u00fcm ezdiklerinin \u00f6zg\u00fcrl\u00fc\u011f\u00fcn\u00fc ve taleplerini merkezine alan s\u00f6ylemler, ortak m\u00fccadelemizi g\u00fc\u00e7lendirecektir.<\/p>\n<p style=\"text-align: justify;\">Milyonlarca i\u015f\u00e7iyi ve ezileni b\u00f6lmeye ve birbirine d\u00fc\u015fman etmeye y\u00f6nelik T\u00fcrk milliyet\u00e7isi politikalara kar\u015f\u0131 m\u00fccadeleyi hep birlikte y\u00fckseltelim.<\/p>\n<p style=\"text-align: justify;\"><b><i>DS\u0130P E\u015f Ba\u015fkanlar\u0131<\/i><\/b><\/p>\n<p style=\"text-align: justify;\"><b><i>Meltem Oral ve \u015eenol Karaka\u015f<\/i><\/b><\/p>\n<p style=\"text-align: justify;\"><b><i>http:\/\/dsip.org.tr\/index.php\/haberler\/haberler\/dsp-basn-acklamalar\/335#.UtDfpMYk9jp.gmail<\/i><\/b><\/p>\n","protected":false},"excerpt":{"rendered":"<p>KCK E\u015f Ba\u015fkan\u0131 Bese Hozat&#8217;\u0131n kamuoyuna yans\u0131yan beyanlar\u0131ndaki baz\u0131 ifadeler, T\u00fcrkiye devletinin az\u0131nl\u0131klara, Anadolu&#8217;nun kadim halklar\u0131na y\u00f6nelik kanl\u0131 politikalar\u0131na kar\u015f\u0131 m\u00fccadele eden, \u0131rk\u00e7\u0131l\u0131\u011fa ve milliyet\u00e7ili\u011fe kar\u015f\u0131 demokrasiyi, \u00f6zg\u00fcrl\u00fc\u011f\u00fc savunan siyasi g\u00fc\u00e7lerin moralinin bozulmas\u0131na ve kafas\u0131n\u0131n kar\u0131\u015fmas\u0131na neden olmu\u015ftur. T\u00fcrkiye&#8217;de ya\u015fayan \u00e7e\u015fitli halklar\u0131n ve emek\u00e7ilerin ba\u015f\u0131na gelen felaketlerin, uygulanan bask\u0131n\u0131n kayna\u011f\u0131n\u0131n T\u00fcrk egemen s\u0131n\u0131f\u0131 ve devleti [&hellip;]<\/p>\n","protected":false},"author":7,"featured_media":0,"comment_status":"open","ping_status":"open","sticky":false,"template":"","format":"standard","meta":{"footnotes":""},"categories":[1],"tags":[],"class_list":["post-27859","post","type-post","status-publish","format-standard","hentry","category-haberler"],"yoast_head":"<!-- This site is optimized with the Yoast SEO plugin v27.4 - https:\/\/yoast.com\/product\/yoast-seo-wordpress\/ -->\n<title>Hepimiz Ermeniyiz, hepimiz Rumuz, hepimiz Yahudiyiz, hepimiz K\u00fcrd\u00fcz!  - Bati Ermenistan Ve Bati Ermenileri Sorunlari Ara\u015ftirmalar Merkezi<\/title>\n<meta name=\"robots\" content=\"index, follow, max-snippet:-1, max-image-preview:large, max-video-preview:-1\" \/>\n<link rel=\"canonical\" href=\"https:\/\/akunq.net\/tr\/?p=27859\" \/>\n<meta property=\"og:locale\" content=\"en_US\" \/>\n<meta property=\"og:type\" content=\"article\" \/>\n<meta property=\"og:title\" content=\"Hepimiz Ermeniyiz, hepimiz Rumuz, hepimiz Yahudiyiz, hepimiz K\u00fcrd\u00fcz!  - Bati Ermenistan Ve Bati Ermenileri Sorunlari Ara\u015ftirmalar Merkezi\" \/>\n<meta property=\"og:description\" content=\"KCK E\u015f Ba\u015fkan\u0131 Bese Hozat&#8217;\u0131n kamuoyuna yans\u0131yan beyanlar\u0131ndaki baz\u0131 ifadeler, T\u00fcrkiye devletinin az\u0131nl\u0131klara, Anadolu&#8217;nun kadim halklar\u0131na y\u00f6nelik kanl\u0131 politikalar\u0131na kar\u015f\u0131 m\u00fccadele eden, \u0131rk\u00e7\u0131l\u0131\u011fa ve milliyet\u00e7ili\u011fe kar\u015f\u0131 demokrasiyi, \u00f6zg\u00fcrl\u00fc\u011f\u00fc savunan siyasi g\u00fc\u00e7lerin moralinin bozulmas\u0131na ve kafas\u0131n\u0131n kar\u0131\u015fmas\u0131na neden olmu\u015ftur. T\u00fcrkiye&#8217;de ya\u015fayan \u00e7e\u015fitli halklar\u0131n ve emek\u00e7ilerin ba\u015f\u0131na gelen felaketlerin, uygulanan bask\u0131n\u0131n kayna\u011f\u0131n\u0131n T\u00fcrk egemen s\u0131n\u0131f\u0131 ve devleti [&hellip;]\" \/>\n<meta property=\"og:url\" content=\"https:\/\/akunq.net\/tr\/?p=27859\" \/>\n<meta property=\"og:site_name\" content=\"Bati Ermenistan Ve Bati Ermenileri Sorunlari Ara\u015ftirmalar Merkezi\" \/>\n<meta property=\"article:published_time\" content=\"2014-01-14T06:46:10+00:00\" \/>\n<meta property=\"og:image\" content=\"http:\/\/akunq.net\/tr\/wp-content\/uploads\/2014\/01\/Hepimiz-Ermeniyiz.jpg\" \/>\n<meta name=\"author\" content=\"admin\" \/>\n<meta name=\"twitter:card\" content=\"summary_large_image\" \/>\n<meta name=\"twitter:label1\" content=\"Written by\" \/>\n\t<meta name=\"twitter:data1\" content=\"admin\" \/>\n\t<meta name=\"twitter:label2\" content=\"Est. reading time\" \/>\n\t<meta name=\"twitter:data2\" content=\"2 minutes\" \/>\n<script type=\"application\/ld+json\" class=\"yoast-schema-graph\">{\"@context\":\"https:\\\/\\\/schema.org\",\"@graph\":[{\"@type\":\"Article\",\"@id\":\"https:\\\/\\\/akunq.net\\\/tr\\\/?p=27859#article\",\"isPartOf\":{\"@id\":\"https:\\\/\\\/akunq.net\\\/tr\\\/?p=27859\"},\"author\":{\"name\":\"admin\",\"@id\":\"https:\\\/\\\/akunq.net\\\/tr\\\/#\\\/schema\\\/person\\\/096f1d38a12cce57fb855b485ed24c9e\"},\"headline\":\"Hepimiz Ermeniyiz, hepimiz Rumuz, hepimiz Yahudiyiz, hepimiz K\u00fcrd\u00fcz!\",\"datePublished\":\"2014-01-14T06:46:10+00:00\",\"mainEntityOfPage\":{\"@id\":\"https:\\\/\\\/akunq.net\\\/tr\\\/?p=27859\"},\"wordCount\":444,\"commentCount\":0,\"image\":{\"@id\":\"https:\\\/\\\/akunq.net\\\/tr\\\/?p=27859#primaryimage\"},\"thumbnailUrl\":\"http:\\\/\\\/akunq.net\\\/tr\\\/wp-content\\\/uploads\\\/2014\\\/01\\\/Hepimiz-Ermeniyiz.jpg\",\"articleSection\":[\"Haberler\"],\"inLanguage\":\"en-US\",\"potentialAction\":[{\"@type\":\"CommentAction\",\"name\":\"Comment\",\"target\":[\"https:\\\/\\\/akunq.net\\\/tr\\\/?p=27859#respond\"]}]},{\"@type\":\"WebPage\",\"@id\":\"https:\\\/\\\/akunq.net\\\/tr\\\/?p=27859\",\"url\":\"https:\\\/\\\/akunq.net\\\/tr\\\/?p=27859\",\"name\":\"Hepimiz Ermeniyiz, hepimiz Rumuz, hepimiz Yahudiyiz, hepimiz K\u00fcrd\u00fcz! - Bati Ermenistan Ve Bati Ermenileri Sorunlari Ara\u015ftirmalar Merkezi\",\"isPartOf\":{\"@id\":\"https:\\\/\\\/akunq.net\\\/tr\\\/#website\"},\"primaryImageOfPage\":{\"@id\":\"https:\\\/\\\/akunq.net\\\/tr\\\/?p=27859#primaryimage\"},\"image\":{\"@id\":\"https:\\\/\\\/akunq.net\\\/tr\\\/?p=27859#primaryimage\"},\"thumbnailUrl\":\"http:\\\/\\\/akunq.net\\\/tr\\\/wp-content\\\/uploads\\\/2014\\\/01\\\/Hepimiz-Ermeniyiz.jpg\",\"datePublished\":\"2014-01-14T06:46:10+00:00\",\"author\":{\"@id\":\"https:\\\/\\\/akunq.net\\\/tr\\\/#\\\/schema\\\/person\\\/096f1d38a12cce57fb855b485ed24c9e\"},\"breadcrumb\":{\"@id\":\"https:\\\/\\\/akunq.net\\\/tr\\\/?p=27859#breadcrumb\"},\"inLanguage\":\"en-US\",\"potentialAction\":[{\"@type\":\"ReadAction\",\"target\":[\"https:\\\/\\\/akunq.net\\\/tr\\\/?p=27859\"]}]},{\"@type\":\"ImageObject\",\"inLanguage\":\"en-US\",\"@id\":\"https:\\\/\\\/akunq.net\\\/tr\\\/?p=27859#primaryimage\",\"url\":\"http:\\\/\\\/akunq.net\\\/tr\\\/wp-content\\\/uploads\\\/2014\\\/01\\\/Hepimiz-Ermeniyiz.jpg\",\"contentUrl\":\"http:\\\/\\\/akunq.net\\\/tr\\\/wp-content\\\/uploads\\\/2014\\\/01\\\/Hepimiz-Ermeniyiz.jpg\"},{\"@type\":\"BreadcrumbList\",\"@id\":\"https:\\\/\\\/akunq.net\\\/tr\\\/?p=27859#breadcrumb\",\"itemListElement\":[{\"@type\":\"ListItem\",\"position\":1,\"name\":\"Home\",\"item\":\"https:\\\/\\\/akunq.net\\\/tr\"},{\"@type\":\"ListItem\",\"position\":2,\"name\":\"Hepimiz Ermeniyiz, hepimiz Rumuz, hepimiz Yahudiyiz, hepimiz K\u00fcrd\u00fcz!\"}]},{\"@type\":\"WebSite\",\"@id\":\"https:\\\/\\\/akunq.net\\\/tr\\\/#website\",\"url\":\"https:\\\/\\\/akunq.net\\\/tr\\\/\",\"name\":\"Bati Ermenistan Ve Bati Ermenileri Sorunlari Ara\u015ftirmalar Merkezi\",\"description\":\"\",\"potentialAction\":[{\"@type\":\"SearchAction\",\"target\":{\"@type\":\"EntryPoint\",\"urlTemplate\":\"https:\\\/\\\/akunq.net\\\/tr\\\/?s={search_term_string}\"},\"query-input\":{\"@type\":\"PropertyValueSpecification\",\"valueRequired\":true,\"valueName\":\"search_term_string\"}}],\"inLanguage\":\"en-US\"},{\"@type\":\"Person\",\"@id\":\"https:\\\/\\\/akunq.net\\\/tr\\\/#\\\/schema\\\/person\\\/096f1d38a12cce57fb855b485ed24c9e\",\"name\":\"admin\",\"url\":\"https:\\\/\\\/akunq.net\\\/tr\\\/?author=7\"}]}<\/script>\n<!-- \/ Yoast SEO plugin. -->","yoast_head_json":{"title":"Hepimiz Ermeniyiz, hepimiz Rumuz, hepimiz Yahudiyiz, hepimiz K\u00fcrd\u00fcz!  - Bati Ermenistan Ve Bati Ermenileri Sorunlari Ara\u015ftirmalar Merkezi","robots":{"index":"index","follow":"follow","max-snippet":"max-snippet:-1","max-image-preview":"max-image-preview:large","max-video-preview":"max-video-preview:-1"},"canonical":"https:\/\/akunq.net\/tr\/?p=27859","og_locale":"en_US","og_type":"article","og_title":"Hepimiz Ermeniyiz, hepimiz Rumuz, hepimiz Yahudiyiz, hepimiz K\u00fcrd\u00fcz!  - Bati Ermenistan Ve Bati Ermenileri Sorunlari Ara\u015ftirmalar Merkezi","og_description":"KCK E\u015f Ba\u015fkan\u0131 Bese Hozat&#8217;\u0131n kamuoyuna yans\u0131yan beyanlar\u0131ndaki baz\u0131 ifadeler, T\u00fcrkiye devletinin az\u0131nl\u0131klara, Anadolu&#8217;nun kadim halklar\u0131na y\u00f6nelik kanl\u0131 politikalar\u0131na kar\u015f\u0131 m\u00fccadele eden, \u0131rk\u00e7\u0131l\u0131\u011fa ve milliyet\u00e7ili\u011fe kar\u015f\u0131 demokrasiyi, \u00f6zg\u00fcrl\u00fc\u011f\u00fc savunan siyasi g\u00fc\u00e7lerin moralinin bozulmas\u0131na ve kafas\u0131n\u0131n kar\u0131\u015fmas\u0131na neden olmu\u015ftur. T\u00fcrkiye&#8217;de ya\u015fayan \u00e7e\u015fitli halklar\u0131n ve emek\u00e7ilerin ba\u015f\u0131na gelen felaketlerin, uygulanan bask\u0131n\u0131n kayna\u011f\u0131n\u0131n T\u00fcrk egemen s\u0131n\u0131f\u0131 ve devleti [&hellip;]","og_url":"https:\/\/akunq.net\/tr\/?p=27859","og_site_name":"Bati Ermenistan Ve Bati Ermenileri Sorunlari Ara\u015ftirmalar Merkezi","article_published_time":"2014-01-14T06:46:10+00:00","og_image":[{"url":"http:\/\/akunq.net\/tr\/wp-content\/uploads\/2014\/01\/Hepimiz-Ermeniyiz.jpg","type":"","width":"","height":""}],"author":"admin","twitter_card":"summary_large_image","twitter_misc":{"Written by":"admin","Est. reading time":"2 minutes"},"schema":{"@context":"https:\/\/schema.org","@graph":[{"@type":"Article","@id":"https:\/\/akunq.net\/tr\/?p=27859#article","isPartOf":{"@id":"https:\/\/akunq.net\/tr\/?p=27859"},"author":{"name":"admin","@id":"https:\/\/akunq.net\/tr\/#\/schema\/person\/096f1d38a12cce57fb855b485ed24c9e"},"headline":"Hepimiz Ermeniyiz, hepimiz Rumuz, hepimiz Yahudiyiz, hepimiz K\u00fcrd\u00fcz!","datePublished":"2014-01-14T06:46:10+00:00","mainEntityOfPage":{"@id":"https:\/\/akunq.net\/tr\/?p=27859"},"wordCount":444,"commentCount":0,"image":{"@id":"https:\/\/akunq.net\/tr\/?p=27859#primaryimage"},"thumbnailUrl":"http:\/\/akunq.net\/tr\/wp-content\/uploads\/2014\/01\/Hepimiz-Ermeniyiz.jpg","articleSection":["Haberler"],"inLanguage":"en-US","potentialAction":[{"@type":"CommentAction","name":"Comment","target":["https:\/\/akunq.net\/tr\/?p=27859#respond"]}]},{"@type":"WebPage","@id":"https:\/\/akunq.net\/tr\/?p=27859","url":"https:\/\/akunq.net\/tr\/?p=27859","name":"Hepimiz Ermeniyiz, hepimiz Rumuz, hepimiz Yahudiyiz, hepimiz K\u00fcrd\u00fcz! - Bati Ermenistan Ve Bati Ermenileri Sorunlari Ara\u015ftirmalar Merkezi","isPartOf":{"@id":"https:\/\/akunq.net\/tr\/#website"},"primaryImageOfPage":{"@id":"https:\/\/akunq.net\/tr\/?p=27859#primaryimage"},"image":{"@id":"https:\/\/akunq.net\/tr\/?p=27859#primaryimage"},"thumbnailUrl":"http:\/\/akunq.net\/tr\/wp-content\/uploads\/2014\/01\/Hepimiz-Ermeniyiz.jpg","datePublished":"2014-01-14T06:46:10+00:00","author":{"@id":"https:\/\/akunq.net\/tr\/#\/schema\/person\/096f1d38a12cce57fb855b485ed24c9e"},"breadcrumb":{"@id":"https:\/\/akunq.net\/tr\/?p=27859#breadcrumb"},"inLanguage":"en-US","potentialAction":[{"@type":"ReadAction","target":["https:\/\/akunq.net\/tr\/?p=27859"]}]},{"@type":"ImageObject","inLanguage":"en-US","@id":"https:\/\/akunq.net\/tr\/?p=27859#primaryimage","url":"http:\/\/akunq.net\/tr\/wp-content\/uploads\/2014\/01\/Hepimiz-Ermeniyiz.jpg","contentUrl":"http:\/\/akunq.net\/tr\/wp-content\/uploads\/2014\/01\/Hepimiz-Ermeniyiz.jpg"},{"@type":"BreadcrumbList","@id":"https:\/\/akunq.net\/tr\/?p=27859#breadcrumb","itemListElement":[{"@type":"ListItem","position":1,"name":"Home","item":"https:\/\/akunq.net\/tr"},{"@type":"ListItem","position":2,"name":"Hepimiz Ermeniyiz, hepimiz Rumuz, hepimiz Yahudiyiz, hepimiz K\u00fcrd\u00fcz!"}]},{"@type":"WebSite","@id":"https:\/\/akunq.net\/tr\/#website","url":"https:\/\/akunq.net\/tr\/","name":"Bati Ermenistan Ve Bati Ermenileri Sorunlari Ara\u015ftirmalar Merkezi","description":"","potentialAction":[{"@type":"SearchAction","target":{"@type":"EntryPoint","urlTemplate":"https:\/\/akunq.net\/tr\/?s={search_term_string}"},"query-input":{"@type":"PropertyValueSpecification","valueRequired":true,"valueName":"search_term_string"}}],"inLanguage":"en-US"},{"@type":"Person","@id":"https:\/\/akunq.net\/tr\/#\/schema\/person\/096f1d38a12cce57fb855b485ed24c9e","name":"admin","url":"https:\/\/akunq.net\/tr\/?author=7"}]}},"_links":{"self":[{"href":"https:\/\/akunq.net\/tr\/index.php?rest_route=\/wp\/v2\/posts\/27859","targetHints":{"allow":["GET"]}}],"collection":[{"href":"https:\/\/akunq.net\/tr\/index.php?rest_route=\/wp\/v2\/posts"}],"about":[{"href":"https:\/\/akunq.net\/tr\/index.php?rest_route=\/wp\/v2\/types\/post"}],"author":[{"embeddable":true,"href":"https:\/\/akunq.net\/tr\/index.php?rest_route=\/wp\/v2\/users\/7"}],"replies":[{"embeddable":true,"href":"https:\/\/akunq.net\/tr\/index.php?rest_route=%2Fwp%2Fv2%2Fcomments&post=27859"}],"version-history":[{"count":1,"href":"https:\/\/akunq.net\/tr\/index.php?rest_route=\/wp\/v2\/posts\/27859\/revisions"}],"predecessor-version":[{"id":27861,"href":"https:\/\/akunq.net\/tr\/index.php?rest_route=\/wp\/v2\/posts\/27859\/revisions\/27861"}],"wp:attachment":[{"href":"https:\/\/akunq.net\/tr\/index.php?rest_route=%2Fwp%2Fv2%2Fmedia&parent=27859"}],"wp:term":[{"taxonomy":"category","embeddable":true,"href":"https:\/\/akunq.net\/tr\/index.php?rest_route=%2Fwp%2Fv2%2Fcategories&post=27859"},{"taxonomy":"post_tag","embeddable":true,"href":"https:\/\/akunq.net\/tr\/index.php?rest_route=%2Fwp%2Fv2%2Ftags&post=27859"}],"curies":[{"name":"wp","href":"https:\/\/api.w.org\/{rel}","templated":true}]}}