{"id":27854,"date":"2014-01-13T02:47:02","date_gmt":"2014-01-13T07:47:02","guid":{"rendered":"http:\/\/akunq.net\/tr\/?p=27854"},"modified":"2014-01-13T02:47:02","modified_gmt":"2014-01-13T07:47:02","slug":"mecliste-yine-hsyk-kavgasi","status":"publish","type":"post","link":"https:\/\/akunq.net\/tr\/?p=27854","title":{"rendered":"Meclis&#8217;te yine HSYK kavgas\u0131"},"content":{"rendered":"<p style=\"text-align: justify;\"><a href=\"http:\/\/akunq.net\/tr\/wp-content\/uploads\/2014\/01\/\u0539\u0578\u0582\u0580\u0584-\u057a\u0561\u057f\u0563\u0561\u0574\u0561\u0582\u0578\u0580\u0576\u0565\u0580.jpg\"><img loading=\"lazy\" decoding=\"async\" class=\"alignright size-medium wp-image-27855\" alt=\"\u0539\u0578\u0582\u0580\u0584 \u057a\u0561\u057f\u0563\u0561\u0574\u0561\u0582\u0578\u0580\u0576\u0565\u0580\" src=\"http:\/\/akunq.net\/tr\/wp-content\/uploads\/2014\/01\/\u0539\u0578\u0582\u0580\u0584-\u057a\u0561\u057f\u0563\u0561\u0574\u0561\u0582\u0578\u0580\u0576\u0565\u0580-300x178.jpg\" width=\"300\" height=\"178\" srcset=\"https:\/\/akunq.net\/tr\/wp-content\/uploads\/sites\/6\/2014\/01\/\u0539\u0578\u0582\u0580\u0584-\u057a\u0561\u057f\u0563\u0561\u0574\u0561\u0582\u0578\u0580\u0576\u0565\u0580-300x178.jpg 300w, https:\/\/akunq.net\/tr\/wp-content\/uploads\/sites\/6\/2014\/01\/\u0539\u0578\u0582\u0580\u0584-\u057a\u0561\u057f\u0563\u0561\u0574\u0561\u0582\u0578\u0580\u0576\u0565\u0580-600x357.jpg 600w, https:\/\/akunq.net\/tr\/wp-content\/uploads\/sites\/6\/2014\/01\/\u0539\u0578\u0582\u0580\u0584-\u057a\u0561\u057f\u0563\u0561\u0574\u0561\u0582\u0578\u0580\u0576\u0565\u0580.jpg 628w\" sizes=\"auto, (max-width: 300px) 100vw, 300px\" \/><\/a>HSYK kanun teklifinin g\u00f6r\u00fc\u015f\u00fcld\u00fc\u011f\u00fc gergin toplant\u0131ya AK Partili Zeyid Aslan&#8217;\u0131n Yarg\u0131\u00e7lar Sendikas\u0131 Ba\u015fkan\u0131 \u00d6mer Faruk Emina\u011fao\u011flu&#8217;na savurdu\u011fu u\u00e7an tekme damga vurdu. Aslan, daha \u00f6nce de CHP&#8217;li vekillere ve Meclis&#8217;teki kad\u0131n gazetecilere y\u00f6nelik k\u00fcf\u00fcrleri s\u00f6zleriyle tepki g\u00f6rm\u00fc\u015ft\u00fc. Bug\u00fcnk\u00fc kavgada erkek vekillerin yan\u0131 s\u0131ra kad\u0131n vekiller de birbirlerinin \u00fczerine y\u00fcr\u00fcd\u00fc. Kad\u0131n vekilleri erkekler ay\u0131rmakta zorland\u0131. Emina\u011fao\u011flu, &#8221;Hayat\u0131m\u0131n ilk daya\u011f\u0131n\u0131 yedim&#8221; diye a\u00e7\u0131klama yapt\u0131.<\/p>\n<p style=\"text-align: justify;\"><b>KOM\u0130SYONA \u0130K\u0130NC\u0130 KEZ ARA<\/b><\/p>\n<p style=\"text-align: justify;\"><a title=\"TBMM\" href=\"http:\/\/www.hurriyet.com.tr\/index\/TBMM\" target=\"_blank\">TBMM<\/a> Adalet Komsiyonu Ba\u015fkan\u0131 Ahmet \u0130yimaya anayasaya ayk\u0131r\u0131l\u0131\u011f\u0131 oylatmak isteyince yine salon kar\u0131\u015ft\u0131. Komisyon 17.30&#8217;a kadar ertelendi. <a title=\"CHP\" href=\"http:\/\/www.hurriyet.com.tr\/index\/CHP\" target=\"_blank\">CHP<\/a>&#8216;liler, &#8220;B\u00f6yle bir oylama yapamazs\u0131n\u0131z&#8221; diye itiraz ettiler.<\/p>\n<p style=\"text-align: justify;\"><b>EM\u0130NA\u011eAO\u011eLU KAVGASI <\/b><\/p>\n<p style=\"text-align: justify;\">Yarg\u0131\u00e7lar Sendikas\u0131 Ba\u015fkan\u0131 \u00d6mer Faruk Emina\u011fao\u011flu&#8217;nun \u00fczerine &#8220;Provokat\u00f6r, milletin k\u00fcrs\u00fcs\u00fcne gidemezsin&#8221; diye y\u00fcr\u00fcyen AK Partili vekilleri ile Emina\u011fao\u011flu ve CHP&#8217;li vekiller aras\u0131nda iti\u015f kak\u0131\u015f ya\u015fan\u0131rken, AK Partili Zeyid Aslan, Emina\u011fao\u011flu&#8217;na tekme atmaya \u00e7al\u0131\u015ft\u0131. Komisyona ara verildi. CHP, savc\u0131l\u0131\u011fa su\u00e7 duyurusunda bulunma karar\u0131 ald\u0131.<\/p>\n<p style=\"text-align: justify;\"><b>KAVGA NASIL \u00c7IKTI<\/b><\/p>\n<p style=\"text-align: justify;\">Komisyon ikinci\u00a0g\u00fcn g\u00f6r\u00fc\u015fmeleri i\u00e7in 14.00&#8217;te topland\u0131. Adalet Komisyonu Ba\u015fkan\u0131 Ahmet \u0130yimaya&#8217;dan komisyona kat\u0131lmak i\u00e7in izin istemek ve dilek\u00e7esini vermek i\u00e7in Emina\u011fao\u011flu yerinden kalkt\u0131 ve k\u00fcrs\u00fcye y\u00fcr\u00fcd\u00fc. AK Partili vekiller yerlerinden f\u0131rlayarak, &#8220;Sen Meclis&#8217;in k\u00fcrs\u00fcs\u00fcne b\u00f6yle y\u00fcr\u00fcmezsin. Provokat\u00f6r&#8221; diye ba\u011f\u0131rd\u0131lar. CHP&#8217;li vekillerin de m\u00fcdahalesi ile salon kar\u0131\u015ft\u0131. AK Partililer, CHP&#8217;liler ve Emina\u011fo\u011flu aras\u0131nda iti\u015f kak\u0131\u015f oldu. AK Partililer, &#8220;At\u0131n bunu d\u0131\u015far\u0131&#8221; diye ba\u011f\u0131rd\u0131lar. AK Partili Harun Karaca ise Emina\u011fao\u011flu&#8217;nun kolunu \u00e7ekince Emina\u011fao\u011flu sendeledi.<\/p>\n<p style=\"text-align: justify;\"><b>AK PART\u0130L\u0130 ASLAN&#8217;DAN U\u00c7AN TEKME<\/b><\/p>\n<p style=\"text-align: justify;\">Bu s\u0131rada AK Parti Tokat Milletvekili Zeyid Aslan, inan\u0131lmaz bir k\u0131vrakl\u0131kla masan\u0131n \u00fczerine \u00e7\u0131karak Yarg\u0131\u00e7lar Sendikas\u0131 Ba\u015fkan\u0131 \u00d6mer Faruk Emina\u011fao\u011flu&#8217;na bir ka\u00e7 u\u00e7an tekme savurduktan sonra kalabal\u0131\u011fa kar\u0131\u015ft\u0131. Bu andan itibaren komisyon salonu iyice gerildi ve kavga b\u00fcy\u00fcd\u00fc. Kavgay\u0131 araya giren di\u011fer milletvekilleri g\u00fc\u00e7l\u00fckle ay\u0131rd\u0131. \u00a0<\/p>\n<p style=\"text-align: justify;\"><b>EM\u0130NA\u011eAO\u011eLU: HAYATIMDA \u0130LK DAYA\u011eI YED\u0130M<\/b><\/p>\n<p style=\"text-align: justify;\">Emina\u011fao\u011flu Komisyon&#8217;da H\u00fcrriyet d\u00fcnyas\u0131na \u015f\u00f6yle dedi:<br \/>\n&#8220;Hayat\u0131mda ilk daya\u011f\u0131, tekme tokad\u0131 Meclis&#8217;te yiyorum. E\u011fer bu Meclis&#8217;te demokrasi b\u00f6yleyse \u00e7\u0131km\u0131yorum. Yarg\u0131 i\u00e7in bunlara katlan\u0131r\u0131m. Ben burada yarg\u0131n\u0131n sivil \u00f6rg\u00fct\u00fc ad\u0131na\u00a0 bulunurken tekme yiyorsam konu\u015fturulmadan yasa \u00e7\u0131kart\u0131lmak isteniyorsa demek ki, yasa \u00e7\u0131k\u0131nca b\u00fct\u00fcn yarg\u0131\u00e7 savc\u0131lar nas\u0131l tekme tokat alt\u0131nda kalacaklar. Yarg\u0131 nas\u0131l lin\u00e7 edilecek. Bana at\u0131lan tekme yarg\u0131ya at\u0131lan tekmedir. B\u00fct\u00fcn hukuki yollara ba\u015fvuraca\u011f\u0131m.&#8221;<\/p>\n<p style=\"text-align: justify;\">Emina\u011fao\u011flu, yedi\u011fi dayak y\u00fcz\u00fcnden dava a\u00e7aca\u011f\u0131n\u0131 da s\u00f6yledi.<\/p>\n<p style=\"text-align: justify;\"><b>SALMAN&#8217;DAN M\u00dcDAHALE<\/b><\/p>\n<p style=\"text-align: justify;\">Emina\u011fao\u011flu&#8217;nun, &#8220;Hayat\u0131mda ilk tekme tokad\u0131 Meclis&#8217;te yiyorum. E\u011fer bu Meclis&#8217;te demokrasi b\u00f6yleyse \u00e7\u0131km\u0131yorum\u201d s\u00f6zlerine AK Partili Fatma\u00a0Salman m\u00fcdahale etti. Salman,\u00a0 &#8220;Demokrasiyi siz bize \u00f6\u011fretemezsiniz. Burada bas\u0131n a\u00e7\u0131klamas\u0131 yapamazs\u0131n\u0131z&#8221; dedi.\u00a0 Emina\u011fao\u011flu ise\u00a0&#8220;Sadece konu\u015fuyorum&#8221; dedi.<\/p>\n<p style=\"text-align: justify;\"><b>KADIN\u00a0VEK\u0130LLER DE B\u0130RB\u0130R\u0130N\u0130N \u00dcZER\u0130NE Y\u00dcR\u00dcD\u00dc<\/b><\/p>\n<p style=\"text-align: justify;\">Salonda AK Partili ve CHP&#8217;li erkek vekiller aras\u0131ndaki kavga kad\u0131n vekillere de s\u0131\u00e7rad\u0131. AK Partili Fatma Salman, \u00d6znur \u00c7al\u0131k ve CHP&#8217;li Dilek Akag\u00fcn Y\u0131lmaz aras\u0131nda kavga \u00e7\u0131kt\u0131. Birbirlerinin \u00fczerine y\u00fcr\u00fcyen kad\u0131n vekilleri, erkek vekiller g\u00fc\u00e7l\u00fckle ay\u0131rd\u0131. AK Partili \u00d6znur \u00c7al\u0131k, &#8220;Herkes haddini bilecek&#8221; diye ba\u011f\u0131rd\u0131. CHP&#8217;li Y\u0131lmaz, &#8220;Terbiyesiz sizsiniz&#8221; dedi.<\/p>\n<p style=\"text-align: justify;\"><b>SARI&#8217;NIN KAFASINA TABLET<\/b><\/p>\n<p style=\"text-align: justify;\">Kavga s\u0131ras\u0131nda Adalet Bakanl\u0131\u011f\u0131 b\u00fcrokratlar\u0131ndan birinin tableti f\u0131rlat\u0131ld\u0131. F\u0131rlat\u0131lan tablet bilgisayar CHP&#8217;li vekil M\u00fcsl\u00fcm Sar\u0131&#8217;n\u0131n ba\u015f\u0131na isabet etti.<\/p>\n<p style=\"text-align: justify;\"><b>ARA SONRASI TOPLANILDI<\/b><\/p>\n<p style=\"text-align: justify;\">13.10&#8217;da ara verilen komisyon 14.55&#8217;te yeniden ba\u015flad\u0131. CHP&#8217;li vekiller, &#8220;\u0130nsaf kim olursa olsun bir insan\u0131n y\u00fcz\u00fcne tekme at\u0131l\u0131r m\u0131 insaf&#8221; diye tepki g\u00f6sterdiler.<\/p>\n<p style=\"text-align: justify;\"><b>CHP, G\u00d6R\u00dc\u015eMELER\u0130N ERTELENMES\u0130N\u0130 \u0130STED\u0130 <\/b><\/p>\n<p style=\"text-align: justify;\">CHP, ya\u015fanan olaylar nedeniyle Adalet Komisyonu Ba\u015fkan\u0131 Ahmet \u0130yimaya&#8217;dan, g\u00f6r\u00fc\u015fmelerin ertelenmesini istedi.<\/p>\n<p style=\"text-align: justify;\"><b>G\u00dcVENL\u0130K KAMERASI KAYITLARI \u0130NCELENECEK <\/b><\/p>\n<p style=\"text-align: justify;\">CHP&#8217;li Milletvekilleri, ya\u015fanan olay sonras\u0131 Adalet Komisyonu Ba\u015fkan\u0131 Ahmet \u0130yimaya&#8217;ya komisyon salonundaki g\u00fcvenlik kamera kay\u0131tlar\u0131n\u0131n incelenmesini istedi. \u0130yimaya&#8217;da incelenmesi talimat\u0131 verdi.<\/p>\n<p style=\"text-align: justify;\"><b>CHP&#8217;L\u0130 VEK\u0130L TWITTER&#8217;DAN ANLATTI: KAFAMIZA iPAD ATTILAR<\/b><\/p>\n<p style=\"text-align: justify;\">CHP \u0130stanbul Milletvekili M\u00fcslim Sar\u0131, kavga s\u0131ras\u0131nda AK Partililerin kendilerine iPad f\u0131rlatt\u0131\u011f\u0131n\u0131 \u00f6ne s\u00fcrd\u00fc.<\/p>\n<p style=\"text-align: justify;\">Sar\u0131, Twitter&#8217;da ya\u015fad\u0131klar\u0131n\u0131 \u015f\u00f6yle anlatt\u0131: &#8221;Kafam\u0131za iPad&#8217;ler f\u0131rlat\u0131yorlar.Komisyonda can g\u00fcvenli\u011fimiz yok. Meclis ba\u015fkan\u0131n\u0131 derhal g\u00f6reve \u00e7a\u011f\u0131r\u0131yoruz.B\u00fct\u00fcn vatanda\u015flar bilmeli ki mecliste AKP kaba kuvvet uyguluyor. Ama asla vazge\u00e7meyece\u011fiz.Adalet bakanl\u0131\u011f\u0131n\u0131n b\u00fcrokratlar\u0131n\u0131n \u0131pad&#8217;i kafamda patlad\u0131. Halk\u0131n adaleti de onlar\u0131n kafas\u0131nda patlayacak.&#8221;<\/p>\n<p style=\"text-align: justify;\"><b><i>Oya ARMUT\u00c7U \/ ANKARA <\/i><\/b><\/p>\n<p style=\"text-align: justify;\"><b><i>http:\/\/www.hurriyet.com.tr\/gundem\/25548282.asp<\/i><\/b><\/p>\n","protected":false},"excerpt":{"rendered":"<p>HSYK kanun teklifinin g\u00f6r\u00fc\u015f\u00fcld\u00fc\u011f\u00fc gergin toplant\u0131ya AK Partili Zeyid Aslan&#8217;\u0131n Yarg\u0131\u00e7lar Sendikas\u0131 Ba\u015fkan\u0131 \u00d6mer Faruk Emina\u011fao\u011flu&#8217;na savurdu\u011fu u\u00e7an tekme damga vurdu. Aslan, daha \u00f6nce de CHP&#8217;li vekillere ve Meclis&#8217;teki kad\u0131n gazetecilere y\u00f6nelik k\u00fcf\u00fcrleri s\u00f6zleriyle tepki g\u00f6rm\u00fc\u015ft\u00fc. Bug\u00fcnk\u00fc kavgada erkek vekillerin yan\u0131 s\u0131ra kad\u0131n vekiller de birbirlerinin \u00fczerine y\u00fcr\u00fcd\u00fc. Kad\u0131n vekilleri erkekler ay\u0131rmakta zorland\u0131. Emina\u011fao\u011flu, &#8221;Hayat\u0131m\u0131n [&hellip;]<\/p>\n","protected":false},"author":7,"featured_media":0,"comment_status":"open","ping_status":"open","sticky":false,"template":"","format":"standard","meta":{"footnotes":""},"categories":[1],"tags":[],"class_list":["post-27854","post","type-post","status-publish","format-standard","hentry","category-haberler"],"yoast_head":"<!-- This site is optimized with the Yoast SEO plugin v27.4 - https:\/\/yoast.com\/product\/yoast-seo-wordpress\/ -->\n<title>Meclis&#039;te yine HSYK kavgas\u0131 - Bati Ermenistan Ve Bati Ermenileri Sorunlari Ara\u015ftirmalar Merkezi<\/title>\n<meta name=\"robots\" content=\"index, follow, max-snippet:-1, max-image-preview:large, max-video-preview:-1\" \/>\n<link rel=\"canonical\" href=\"https:\/\/akunq.net\/tr\/?p=27854\" \/>\n<meta property=\"og:locale\" content=\"en_US\" \/>\n<meta property=\"og:type\" content=\"article\" \/>\n<meta property=\"og:title\" content=\"Meclis&#039;te yine HSYK kavgas\u0131 - Bati Ermenistan Ve Bati Ermenileri Sorunlari Ara\u015ftirmalar Merkezi\" \/>\n<meta property=\"og:description\" content=\"HSYK kanun teklifinin g\u00f6r\u00fc\u015f\u00fcld\u00fc\u011f\u00fc gergin toplant\u0131ya AK Partili Zeyid Aslan&#8217;\u0131n Yarg\u0131\u00e7lar Sendikas\u0131 Ba\u015fkan\u0131 \u00d6mer Faruk Emina\u011fao\u011flu&#8217;na savurdu\u011fu u\u00e7an tekme damga vurdu. Aslan, daha \u00f6nce de CHP&#8217;li vekillere ve Meclis&#8217;teki kad\u0131n gazetecilere y\u00f6nelik k\u00fcf\u00fcrleri s\u00f6zleriyle tepki g\u00f6rm\u00fc\u015ft\u00fc. Bug\u00fcnk\u00fc kavgada erkek vekillerin yan\u0131 s\u0131ra kad\u0131n vekiller de birbirlerinin \u00fczerine y\u00fcr\u00fcd\u00fc. Kad\u0131n vekilleri erkekler ay\u0131rmakta zorland\u0131. Emina\u011fao\u011flu, &#8221;Hayat\u0131m\u0131n [&hellip;]\" \/>\n<meta property=\"og:url\" content=\"https:\/\/akunq.net\/tr\/?p=27854\" \/>\n<meta property=\"og:site_name\" content=\"Bati Ermenistan Ve Bati Ermenileri Sorunlari Ara\u015ftirmalar Merkezi\" \/>\n<meta property=\"article:published_time\" content=\"2014-01-13T07:47:02+00:00\" \/>\n<meta name=\"author\" content=\"admin\" \/>\n<meta name=\"twitter:card\" content=\"summary_large_image\" \/>\n<meta name=\"twitter:label1\" content=\"Written by\" \/>\n\t<meta name=\"twitter:data1\" content=\"admin\" \/>\n\t<meta name=\"twitter:label2\" content=\"Est. reading time\" \/>\n\t<meta name=\"twitter:data2\" content=\"4 minutes\" \/>\n<script type=\"application\/ld+json\" class=\"yoast-schema-graph\">{\"@context\":\"https:\\\/\\\/schema.org\",\"@graph\":[{\"@type\":\"Article\",\"@id\":\"https:\\\/\\\/akunq.net\\\/tr\\\/?p=27854#article\",\"isPartOf\":{\"@id\":\"https:\\\/\\\/akunq.net\\\/tr\\\/?p=27854\"},\"author\":{\"name\":\"admin\",\"@id\":\"https:\\\/\\\/akunq.net\\\/tr\\\/#\\\/schema\\\/person\\\/096f1d38a12cce57fb855b485ed24c9e\"},\"headline\":\"Meclis&#8217;te yine HSYK kavgas\u0131\",\"datePublished\":\"2014-01-13T07:47:02+00:00\",\"mainEntityOfPage\":{\"@id\":\"https:\\\/\\\/akunq.net\\\/tr\\\/?p=27854\"},\"wordCount\":870,\"commentCount\":0,\"articleSection\":[\"Haberler\"],\"inLanguage\":\"en-US\",\"potentialAction\":[{\"@type\":\"CommentAction\",\"name\":\"Comment\",\"target\":[\"https:\\\/\\\/akunq.net\\\/tr\\\/?p=27854#respond\"]}]},{\"@type\":\"WebPage\",\"@id\":\"https:\\\/\\\/akunq.net\\\/tr\\\/?p=27854\",\"url\":\"https:\\\/\\\/akunq.net\\\/tr\\\/?p=27854\",\"name\":\"Meclis'te yine HSYK kavgas\u0131 - Bati Ermenistan Ve Bati Ermenileri Sorunlari Ara\u015ftirmalar Merkezi\",\"isPartOf\":{\"@id\":\"https:\\\/\\\/akunq.net\\\/tr\\\/#website\"},\"datePublished\":\"2014-01-13T07:47:02+00:00\",\"author\":{\"@id\":\"https:\\\/\\\/akunq.net\\\/tr\\\/#\\\/schema\\\/person\\\/096f1d38a12cce57fb855b485ed24c9e\"},\"breadcrumb\":{\"@id\":\"https:\\\/\\\/akunq.net\\\/tr\\\/?p=27854#breadcrumb\"},\"inLanguage\":\"en-US\",\"potentialAction\":[{\"@type\":\"ReadAction\",\"target\":[\"https:\\\/\\\/akunq.net\\\/tr\\\/?p=27854\"]}]},{\"@type\":\"BreadcrumbList\",\"@id\":\"https:\\\/\\\/akunq.net\\\/tr\\\/?p=27854#breadcrumb\",\"itemListElement\":[{\"@type\":\"ListItem\",\"position\":1,\"name\":\"Home\",\"item\":\"https:\\\/\\\/akunq.net\\\/tr\"},{\"@type\":\"ListItem\",\"position\":2,\"name\":\"Meclis&#8217;te yine HSYK kavgas\u0131\"}]},{\"@type\":\"WebSite\",\"@id\":\"https:\\\/\\\/akunq.net\\\/tr\\\/#website\",\"url\":\"https:\\\/\\\/akunq.net\\\/tr\\\/\",\"name\":\"Bati Ermenistan Ve Bati Ermenileri Sorunlari Ara\u015ftirmalar Merkezi\",\"description\":\"\",\"potentialAction\":[{\"@type\":\"SearchAction\",\"target\":{\"@type\":\"EntryPoint\",\"urlTemplate\":\"https:\\\/\\\/akunq.net\\\/tr\\\/?s={search_term_string}\"},\"query-input\":{\"@type\":\"PropertyValueSpecification\",\"valueRequired\":true,\"valueName\":\"search_term_string\"}}],\"inLanguage\":\"en-US\"},{\"@type\":\"Person\",\"@id\":\"https:\\\/\\\/akunq.net\\\/tr\\\/#\\\/schema\\\/person\\\/096f1d38a12cce57fb855b485ed24c9e\",\"name\":\"admin\",\"url\":\"https:\\\/\\\/akunq.net\\\/tr\\\/?author=7\"}]}<\/script>\n<!-- \/ Yoast SEO plugin. -->","yoast_head_json":{"title":"Meclis'te yine HSYK kavgas\u0131 - Bati Ermenistan Ve Bati Ermenileri Sorunlari Ara\u015ftirmalar Merkezi","robots":{"index":"index","follow":"follow","max-snippet":"max-snippet:-1","max-image-preview":"max-image-preview:large","max-video-preview":"max-video-preview:-1"},"canonical":"https:\/\/akunq.net\/tr\/?p=27854","og_locale":"en_US","og_type":"article","og_title":"Meclis'te yine HSYK kavgas\u0131 - Bati Ermenistan Ve Bati Ermenileri Sorunlari Ara\u015ftirmalar Merkezi","og_description":"HSYK kanun teklifinin g\u00f6r\u00fc\u015f\u00fcld\u00fc\u011f\u00fc gergin toplant\u0131ya AK Partili Zeyid Aslan&#8217;\u0131n Yarg\u0131\u00e7lar Sendikas\u0131 Ba\u015fkan\u0131 \u00d6mer Faruk Emina\u011fao\u011flu&#8217;na savurdu\u011fu u\u00e7an tekme damga vurdu. Aslan, daha \u00f6nce de CHP&#8217;li vekillere ve Meclis&#8217;teki kad\u0131n gazetecilere y\u00f6nelik k\u00fcf\u00fcrleri s\u00f6zleriyle tepki g\u00f6rm\u00fc\u015ft\u00fc. Bug\u00fcnk\u00fc kavgada erkek vekillerin yan\u0131 s\u0131ra kad\u0131n vekiller de birbirlerinin \u00fczerine y\u00fcr\u00fcd\u00fc. Kad\u0131n vekilleri erkekler ay\u0131rmakta zorland\u0131. Emina\u011fao\u011flu, &#8221;Hayat\u0131m\u0131n [&hellip;]","og_url":"https:\/\/akunq.net\/tr\/?p=27854","og_site_name":"Bati Ermenistan Ve Bati Ermenileri Sorunlari Ara\u015ftirmalar Merkezi","article_published_time":"2014-01-13T07:47:02+00:00","author":"admin","twitter_card":"summary_large_image","twitter_misc":{"Written by":"admin","Est. reading time":"4 minutes"},"schema":{"@context":"https:\/\/schema.org","@graph":[{"@type":"Article","@id":"https:\/\/akunq.net\/tr\/?p=27854#article","isPartOf":{"@id":"https:\/\/akunq.net\/tr\/?p=27854"},"author":{"name":"admin","@id":"https:\/\/akunq.net\/tr\/#\/schema\/person\/096f1d38a12cce57fb855b485ed24c9e"},"headline":"Meclis&#8217;te yine HSYK kavgas\u0131","datePublished":"2014-01-13T07:47:02+00:00","mainEntityOfPage":{"@id":"https:\/\/akunq.net\/tr\/?p=27854"},"wordCount":870,"commentCount":0,"articleSection":["Haberler"],"inLanguage":"en-US","potentialAction":[{"@type":"CommentAction","name":"Comment","target":["https:\/\/akunq.net\/tr\/?p=27854#respond"]}]},{"@type":"WebPage","@id":"https:\/\/akunq.net\/tr\/?p=27854","url":"https:\/\/akunq.net\/tr\/?p=27854","name":"Meclis'te yine HSYK kavgas\u0131 - Bati Ermenistan Ve Bati Ermenileri Sorunlari Ara\u015ftirmalar Merkezi","isPartOf":{"@id":"https:\/\/akunq.net\/tr\/#website"},"datePublished":"2014-01-13T07:47:02+00:00","author":{"@id":"https:\/\/akunq.net\/tr\/#\/schema\/person\/096f1d38a12cce57fb855b485ed24c9e"},"breadcrumb":{"@id":"https:\/\/akunq.net\/tr\/?p=27854#breadcrumb"},"inLanguage":"en-US","potentialAction":[{"@type":"ReadAction","target":["https:\/\/akunq.net\/tr\/?p=27854"]}]},{"@type":"BreadcrumbList","@id":"https:\/\/akunq.net\/tr\/?p=27854#breadcrumb","itemListElement":[{"@type":"ListItem","position":1,"name":"Home","item":"https:\/\/akunq.net\/tr"},{"@type":"ListItem","position":2,"name":"Meclis&#8217;te yine HSYK kavgas\u0131"}]},{"@type":"WebSite","@id":"https:\/\/akunq.net\/tr\/#website","url":"https:\/\/akunq.net\/tr\/","name":"Bati Ermenistan Ve Bati Ermenileri Sorunlari Ara\u015ftirmalar Merkezi","description":"","potentialAction":[{"@type":"SearchAction","target":{"@type":"EntryPoint","urlTemplate":"https:\/\/akunq.net\/tr\/?s={search_term_string}"},"query-input":{"@type":"PropertyValueSpecification","valueRequired":true,"valueName":"search_term_string"}}],"inLanguage":"en-US"},{"@type":"Person","@id":"https:\/\/akunq.net\/tr\/#\/schema\/person\/096f1d38a12cce57fb855b485ed24c9e","name":"admin","url":"https:\/\/akunq.net\/tr\/?author=7"}]}},"_links":{"self":[{"href":"https:\/\/akunq.net\/tr\/index.php?rest_route=\/wp\/v2\/posts\/27854","targetHints":{"allow":["GET"]}}],"collection":[{"href":"https:\/\/akunq.net\/tr\/index.php?rest_route=\/wp\/v2\/posts"}],"about":[{"href":"https:\/\/akunq.net\/tr\/index.php?rest_route=\/wp\/v2\/types\/post"}],"author":[{"embeddable":true,"href":"https:\/\/akunq.net\/tr\/index.php?rest_route=\/wp\/v2\/users\/7"}],"replies":[{"embeddable":true,"href":"https:\/\/akunq.net\/tr\/index.php?rest_route=%2Fwp%2Fv2%2Fcomments&post=27854"}],"version-history":[{"count":1,"href":"https:\/\/akunq.net\/tr\/index.php?rest_route=\/wp\/v2\/posts\/27854\/revisions"}],"predecessor-version":[{"id":27856,"href":"https:\/\/akunq.net\/tr\/index.php?rest_route=\/wp\/v2\/posts\/27854\/revisions\/27856"}],"wp:attachment":[{"href":"https:\/\/akunq.net\/tr\/index.php?rest_route=%2Fwp%2Fv2%2Fmedia&parent=27854"}],"wp:term":[{"taxonomy":"category","embeddable":true,"href":"https:\/\/akunq.net\/tr\/index.php?rest_route=%2Fwp%2Fv2%2Fcategories&post=27854"},{"taxonomy":"post_tag","embeddable":true,"href":"https:\/\/akunq.net\/tr\/index.php?rest_route=%2Fwp%2Fv2%2Ftags&post=27854"}],"curies":[{"name":"wp","href":"https:\/\/api.w.org\/{rel}","templated":true}]}}