{"id":27848,"date":"2014-01-13T01:57:06","date_gmt":"2014-01-13T06:57:06","guid":{"rendered":"http:\/\/akunq.net\/tr\/?p=27848"},"modified":"2014-01-13T01:57:06","modified_gmt":"2014-01-13T06:57:06","slug":"yolsuzlugu-protesto-mitinglerinde-gerginlik","status":"publish","type":"post","link":"https:\/\/akunq.net\/tr\/?p=27848","title":{"rendered":"Yolsuzlu\u011fu protesto mitinglerinde gerginlik"},"content":{"rendered":"<p style=\"text-align: justify;\"><b><i><a href=\"http:\/\/akunq.net\/tr\/wp-content\/uploads\/2014\/01\/\u0531\u0576\u056f\u0561\u0580\u0561\u0575\u0578\u0582\u0574-\u0562\u0578\u0572\u0578\u0584\u056b-\u0561\u056f\u0581\u056b\u0561.jpg\"><img loading=\"lazy\" decoding=\"async\" class=\"alignright size-medium wp-image-27849\" alt=\"\u0531\u0576\u056f\u0561\u0580\u0561\u0575\u0578\u0582\u0574 \u0562\u0578\u0572\u0578\u0584\u056b \u0561\u056f\u0581\u056b\u0561\" src=\"http:\/\/akunq.net\/tr\/wp-content\/uploads\/2014\/01\/\u0531\u0576\u056f\u0561\u0580\u0561\u0575\u0578\u0582\u0574-\u0562\u0578\u0572\u0578\u0584\u056b-\u0561\u056f\u0581\u056b\u0561-300x206.jpg\" width=\"300\" height=\"206\" srcset=\"https:\/\/akunq.net\/tr\/wp-content\/uploads\/sites\/6\/2014\/01\/\u0531\u0576\u056f\u0561\u0580\u0561\u0575\u0578\u0582\u0574-\u0562\u0578\u0572\u0578\u0584\u056b-\u0561\u056f\u0581\u056b\u0561-300x206.jpg 300w, https:\/\/akunq.net\/tr\/wp-content\/uploads\/sites\/6\/2014\/01\/\u0531\u0576\u056f\u0561\u0580\u0561\u0575\u0578\u0582\u0574-\u0562\u0578\u0572\u0578\u0584\u056b-\u0561\u056f\u0581\u056b\u0561.jpg 307w\" sizes=\"auto, (max-width: 300px) 100vw, 300px\" \/><\/a>TAKSIM MEYDANI\u2019NA \u00c7IKMAK ISTEYEN YAKLA\u015eIK 2 BIN KI\u015eILIK GRUP, \u0130STIKL\u00c2L CADDESI\u2019NI SAVA\u015e ALANINA \u00c7EVIRDI. POLIS, EYLEMCILERE TAZYIKLI SUYLA M\u00dcDAHALE ETTI. <\/i><\/b><\/p>\n<p style=\"text-align: justify;\">Yolsuzluk olaylar\u0131n\u0131 de\u011fi\u015fik illerde protesto etmek isteyen gruplara polis izin vermeyince gergin saatler ya\u015fand\u0131.<\/p>\n<p style=\"text-align: justify;\">\u0130stanbul\u2019daki olaylarda Taksim Meydan\u0131\u2019na \u00e7\u0131kmak isteyenlerle emniyet g\u00fc\u00e7leri aras\u0131ndaki arbedede \u0130stiklal Caddesi sava\u015f alan\u0131na d\u00f6nd\u00fc, \u00e7ok say\u0131da g\u00f6sterici g\u00f6zalt\u0131na al\u0131nd\u0131. Ankara\u2019da da benzer g\u00f6r\u00fcnt\u00fclerin ya\u015fand\u0131\u011f\u0131 protestolarda eylemcilere biber gaz\u0131yla m\u00fcdahale edildi.<\/p>\n<p style=\"text-align: justify;\">Yolsuzlu\u011fu protesto etmek isteyen sol gruplar, d\u00fcn ak\u015fam saatlerinde \u0130stanbul, Ankara, \u0130zmir, Kocaeli, Adana ve Mersin\u2019de g\u00f6steriler yapt\u0131. \u0130stanbul\u2019daki protestolar\u0131n adresi yine Taksim oldu. G\u00f6steri sebebiyle polis geni\u015f g\u00fcvenlik \u00f6nlemi al\u0131rken Gezi Park\u0131 \u00f6nlem ama\u00e7l\u0131 kapat\u0131ld\u0131. Da\u011f\u0131l\u0131n uyar\u0131lar\u0131na ald\u0131rmayan yakla\u015f\u0131k 2 bin ki\u015filik grup, polisle \u00e7at\u0131\u015ft\u0131. Polise ta\u015f ve havai fi\u015feklerle sald\u0131ran g\u00f6stericilerin att\u0131klar\u0131 patlay\u0131c\u0131larla bir binada yang\u0131n \u00e7\u0131kt\u0131. \u0130tfaiyenin m\u00fcdahale etmesiyle yang\u0131n, di\u011fer katlara s\u0131\u00e7ramadan s\u00f6nd\u00fcr\u00fcld\u00fc. G\u00f6steri s\u0131ras\u0131nda eylemcilerden baz\u0131lar\u0131 CHP Beyo\u011flu \u0130l\u00e7e Te\u015fkilat\u0131\u2019na girdi. Polisin buraya girmek istemesi \u00fczerine CHP\u2019lilerle polis aras\u0131nda k\u0131sa s\u00fcreli tart\u0131\u015fma ya\u015fand\u0131. Zaman zaman polisle esnaf aras\u0131nda da gerginlik ya\u015fand\u0131.<\/p>\n<p style=\"text-align: justify;\">\u00a0Ankara\u2019daki eylemciler ise K\u0131z\u0131lay Meydan\u0131\u2019nda bir araya geldi. \u2018Yolsuzluklara hay\u0131r\u2019 \u015feklinde sloganlar atan gruptakilerden bir k\u0131sm\u0131\u00a0 Mithatpa\u015fa Caddesi \u00fczerinden AK Parti \u0130l Ba\u015fkanl\u0131\u011f\u0131\u2019na do\u011fru y\u00fcr\u00fcy\u00fc\u015fe ge\u00e7ti. Polisin \u2018dur ihtar\u0131na\u2019 uymayan gruba \u00f6nce tazyikli su ile ard\u0131ndan biber gaz\u0131yla m\u00fcdahale edildi. M\u00fcdahale an\u0131nda durakta otob\u00fcs bekleyen vatanda\u015flar da gazdan etkilendi. Y\u00fcr\u00fcmeleri engellenen kalabal\u0131k, polisin kovalamas\u0131 sonucu sokak aralar\u0131na ka\u00e7arak da\u011f\u0131ld\u0131. \u0130zmir\u2019de de Alsancak G\u00fcndo\u011fdu Meydan\u0131\u2019nda toplanan grup, \u0130zmir Valili\u011fi \u00f6n\u00fcne kadar y\u00fcr\u00fcd\u00fc. Burada bir s\u00fcre slogan atan eylemcilerle baz\u0131 sivil polisler aras\u0131nda arbede ya\u015fand\u0131.<\/p>\n<p style=\"text-align: justify;\"><strong>Hatay&#8217;da izinsiz g\u00f6steriye polis m\u00fcdahale etti<\/strong><\/p>\n<p style=\"text-align: justify;\">Hatay&#8217;da izinsiz olarak toplanan gruba polis tazyikli su s\u0131karak m\u00fcdahale etti.<\/p>\n<p style=\"text-align: justify;\">Hatay&#8217;\u0131n merkez il\u00e7esi Antakya&#8217;da ak\u015fam saatlerinde Armutlu Mahallesi&#8217;nde toplanan Halklar\u0131n Demokratik Partisi \u00fcyesi bir grup, bas\u0131n a\u00e7\u0131klamas\u0131 yapt\u0131. Slogan atan grubun da\u011f\u0131lmas\u0131n\u0131n ard\u0131ndan grup \u00fcyelerinden baz\u0131lar\u0131 cadde \u00fczerinde barikat kurdu. Kurduklar\u0131 barikatlar\u0131 ate\u015fe vererek polise ta\u015f, havai fi\u015fek, \u015fi\u015fe f\u0131rlatan gruba polis TOMA&#8217;lardan s\u0131k\u0131lan su ile m\u00fcdahale etti.\u00a0 Eylemlerini ara sokaklara ta\u015f\u0131yan grup \u00fcyeleri daha sonra da\u011f\u0131ld\u0131.\u00a0<\/p>\n<p style=\"text-align: justify;\"><b><i>(FAZ\u0130LET CANDAN &#8211; HATAY)<\/i><\/b><\/p>\n<p style=\"text-align: justify;\"><b><i>http:\/\/www.zaman.com.tr\/gundem_yolsuzlugu-protesto-mitinglerinde-gerginlik_2189999.html<\/i><\/b><\/p>\n","protected":false},"excerpt":{"rendered":"<p>TAKSIM MEYDANI\u2019NA \u00c7IKMAK ISTEYEN YAKLA\u015eIK 2 BIN KI\u015eILIK GRUP, \u0130STIKL\u00c2L CADDESI\u2019NI SAVA\u015e ALANINA \u00c7EVIRDI. POLIS, EYLEMCILERE TAZYIKLI SUYLA M\u00dcDAHALE ETTI. Yolsuzluk olaylar\u0131n\u0131 de\u011fi\u015fik illerde protesto etmek isteyen gruplara polis izin vermeyince gergin saatler ya\u015fand\u0131. \u0130stanbul\u2019daki olaylarda Taksim Meydan\u0131\u2019na \u00e7\u0131kmak isteyenlerle emniyet g\u00fc\u00e7leri aras\u0131ndaki arbedede \u0130stiklal Caddesi sava\u015f alan\u0131na d\u00f6nd\u00fc, \u00e7ok say\u0131da g\u00f6sterici g\u00f6zalt\u0131na al\u0131nd\u0131. Ankara\u2019da [&hellip;]<\/p>\n","protected":false},"author":7,"featured_media":0,"comment_status":"open","ping_status":"open","sticky":false,"template":"","format":"standard","meta":{"footnotes":""},"categories":[1],"tags":[],"class_list":["post-27848","post","type-post","status-publish","format-standard","hentry","category-haberler"],"yoast_head":"<!-- This site is optimized with the Yoast SEO plugin v27.4 - https:\/\/yoast.com\/product\/yoast-seo-wordpress\/ -->\n<title>Yolsuzlu\u011fu protesto mitinglerinde gerginlik - Bati Ermenistan Ve Bati Ermenileri Sorunlari Ara\u015ftirmalar Merkezi<\/title>\n<meta name=\"robots\" content=\"index, follow, max-snippet:-1, max-image-preview:large, max-video-preview:-1\" \/>\n<link rel=\"canonical\" href=\"https:\/\/akunq.net\/tr\/?p=27848\" \/>\n<meta property=\"og:locale\" content=\"en_US\" \/>\n<meta property=\"og:type\" content=\"article\" \/>\n<meta property=\"og:title\" content=\"Yolsuzlu\u011fu protesto mitinglerinde gerginlik - Bati Ermenistan Ve Bati Ermenileri Sorunlari Ara\u015ftirmalar Merkezi\" \/>\n<meta property=\"og:description\" content=\"TAKSIM MEYDANI\u2019NA \u00c7IKMAK ISTEYEN YAKLA\u015eIK 2 BIN KI\u015eILIK GRUP, \u0130STIKL\u00c2L CADDESI\u2019NI SAVA\u015e ALANINA \u00c7EVIRDI. POLIS, EYLEMCILERE TAZYIKLI SUYLA M\u00dcDAHALE ETTI. Yolsuzluk olaylar\u0131n\u0131 de\u011fi\u015fik illerde protesto etmek isteyen gruplara polis izin vermeyince gergin saatler ya\u015fand\u0131. \u0130stanbul\u2019daki olaylarda Taksim Meydan\u0131\u2019na \u00e7\u0131kmak isteyenlerle emniyet g\u00fc\u00e7leri aras\u0131ndaki arbedede \u0130stiklal Caddesi sava\u015f alan\u0131na d\u00f6nd\u00fc, \u00e7ok say\u0131da g\u00f6sterici g\u00f6zalt\u0131na al\u0131nd\u0131. Ankara\u2019da [&hellip;]\" \/>\n<meta property=\"og:url\" content=\"https:\/\/akunq.net\/tr\/?p=27848\" \/>\n<meta property=\"og:site_name\" content=\"Bati Ermenistan Ve Bati Ermenileri Sorunlari Ara\u015ftirmalar Merkezi\" \/>\n<meta property=\"article:published_time\" content=\"2014-01-13T06:57:06+00:00\" \/>\n<meta name=\"author\" content=\"admin\" \/>\n<meta name=\"twitter:card\" content=\"summary_large_image\" \/>\n<meta name=\"twitter:label1\" content=\"Written by\" \/>\n\t<meta name=\"twitter:data1\" content=\"admin\" \/>\n\t<meta name=\"twitter:label2\" content=\"Est. reading time\" \/>\n\t<meta name=\"twitter:data2\" content=\"2 minutes\" \/>\n<script type=\"application\/ld+json\" class=\"yoast-schema-graph\">{\"@context\":\"https:\\\/\\\/schema.org\",\"@graph\":[{\"@type\":\"Article\",\"@id\":\"https:\\\/\\\/akunq.net\\\/tr\\\/?p=27848#article\",\"isPartOf\":{\"@id\":\"https:\\\/\\\/akunq.net\\\/tr\\\/?p=27848\"},\"author\":{\"name\":\"admin\",\"@id\":\"https:\\\/\\\/akunq.net\\\/tr\\\/#\\\/schema\\\/person\\\/096f1d38a12cce57fb855b485ed24c9e\"},\"headline\":\"Yolsuzlu\u011fu protesto mitinglerinde gerginlik\",\"datePublished\":\"2014-01-13T06:57:06+00:00\",\"mainEntityOfPage\":{\"@id\":\"https:\\\/\\\/akunq.net\\\/tr\\\/?p=27848\"},\"wordCount\":475,\"commentCount\":0,\"articleSection\":[\"Haberler\"],\"inLanguage\":\"en-US\",\"potentialAction\":[{\"@type\":\"CommentAction\",\"name\":\"Comment\",\"target\":[\"https:\\\/\\\/akunq.net\\\/tr\\\/?p=27848#respond\"]}]},{\"@type\":\"WebPage\",\"@id\":\"https:\\\/\\\/akunq.net\\\/tr\\\/?p=27848\",\"url\":\"https:\\\/\\\/akunq.net\\\/tr\\\/?p=27848\",\"name\":\"Yolsuzlu\u011fu protesto mitinglerinde gerginlik - Bati Ermenistan Ve Bati Ermenileri Sorunlari Ara\u015ftirmalar Merkezi\",\"isPartOf\":{\"@id\":\"https:\\\/\\\/akunq.net\\\/tr\\\/#website\"},\"datePublished\":\"2014-01-13T06:57:06+00:00\",\"author\":{\"@id\":\"https:\\\/\\\/akunq.net\\\/tr\\\/#\\\/schema\\\/person\\\/096f1d38a12cce57fb855b485ed24c9e\"},\"breadcrumb\":{\"@id\":\"https:\\\/\\\/akunq.net\\\/tr\\\/?p=27848#breadcrumb\"},\"inLanguage\":\"en-US\",\"potentialAction\":[{\"@type\":\"ReadAction\",\"target\":[\"https:\\\/\\\/akunq.net\\\/tr\\\/?p=27848\"]}]},{\"@type\":\"BreadcrumbList\",\"@id\":\"https:\\\/\\\/akunq.net\\\/tr\\\/?p=27848#breadcrumb\",\"itemListElement\":[{\"@type\":\"ListItem\",\"position\":1,\"name\":\"Home\",\"item\":\"https:\\\/\\\/akunq.net\\\/tr\"},{\"@type\":\"ListItem\",\"position\":2,\"name\":\"Yolsuzlu\u011fu protesto mitinglerinde gerginlik\"}]},{\"@type\":\"WebSite\",\"@id\":\"https:\\\/\\\/akunq.net\\\/tr\\\/#website\",\"url\":\"https:\\\/\\\/akunq.net\\\/tr\\\/\",\"name\":\"Bati Ermenistan Ve Bati Ermenileri Sorunlari Ara\u015ftirmalar Merkezi\",\"description\":\"\",\"potentialAction\":[{\"@type\":\"SearchAction\",\"target\":{\"@type\":\"EntryPoint\",\"urlTemplate\":\"https:\\\/\\\/akunq.net\\\/tr\\\/?s={search_term_string}\"},\"query-input\":{\"@type\":\"PropertyValueSpecification\",\"valueRequired\":true,\"valueName\":\"search_term_string\"}}],\"inLanguage\":\"en-US\"},{\"@type\":\"Person\",\"@id\":\"https:\\\/\\\/akunq.net\\\/tr\\\/#\\\/schema\\\/person\\\/096f1d38a12cce57fb855b485ed24c9e\",\"name\":\"admin\",\"url\":\"https:\\\/\\\/akunq.net\\\/tr\\\/?author=7\"}]}<\/script>\n<!-- \/ Yoast SEO plugin. -->","yoast_head_json":{"title":"Yolsuzlu\u011fu protesto mitinglerinde gerginlik - Bati Ermenistan Ve Bati Ermenileri Sorunlari Ara\u015ftirmalar Merkezi","robots":{"index":"index","follow":"follow","max-snippet":"max-snippet:-1","max-image-preview":"max-image-preview:large","max-video-preview":"max-video-preview:-1"},"canonical":"https:\/\/akunq.net\/tr\/?p=27848","og_locale":"en_US","og_type":"article","og_title":"Yolsuzlu\u011fu protesto mitinglerinde gerginlik - Bati Ermenistan Ve Bati Ermenileri Sorunlari Ara\u015ftirmalar Merkezi","og_description":"TAKSIM MEYDANI\u2019NA \u00c7IKMAK ISTEYEN YAKLA\u015eIK 2 BIN KI\u015eILIK GRUP, \u0130STIKL\u00c2L CADDESI\u2019NI SAVA\u015e ALANINA \u00c7EVIRDI. POLIS, EYLEMCILERE TAZYIKLI SUYLA M\u00dcDAHALE ETTI. Yolsuzluk olaylar\u0131n\u0131 de\u011fi\u015fik illerde protesto etmek isteyen gruplara polis izin vermeyince gergin saatler ya\u015fand\u0131. \u0130stanbul\u2019daki olaylarda Taksim Meydan\u0131\u2019na \u00e7\u0131kmak isteyenlerle emniyet g\u00fc\u00e7leri aras\u0131ndaki arbedede \u0130stiklal Caddesi sava\u015f alan\u0131na d\u00f6nd\u00fc, \u00e7ok say\u0131da g\u00f6sterici g\u00f6zalt\u0131na al\u0131nd\u0131. Ankara\u2019da [&hellip;]","og_url":"https:\/\/akunq.net\/tr\/?p=27848","og_site_name":"Bati Ermenistan Ve Bati Ermenileri Sorunlari Ara\u015ftirmalar Merkezi","article_published_time":"2014-01-13T06:57:06+00:00","author":"admin","twitter_card":"summary_large_image","twitter_misc":{"Written by":"admin","Est. reading time":"2 minutes"},"schema":{"@context":"https:\/\/schema.org","@graph":[{"@type":"Article","@id":"https:\/\/akunq.net\/tr\/?p=27848#article","isPartOf":{"@id":"https:\/\/akunq.net\/tr\/?p=27848"},"author":{"name":"admin","@id":"https:\/\/akunq.net\/tr\/#\/schema\/person\/096f1d38a12cce57fb855b485ed24c9e"},"headline":"Yolsuzlu\u011fu protesto mitinglerinde gerginlik","datePublished":"2014-01-13T06:57:06+00:00","mainEntityOfPage":{"@id":"https:\/\/akunq.net\/tr\/?p=27848"},"wordCount":475,"commentCount":0,"articleSection":["Haberler"],"inLanguage":"en-US","potentialAction":[{"@type":"CommentAction","name":"Comment","target":["https:\/\/akunq.net\/tr\/?p=27848#respond"]}]},{"@type":"WebPage","@id":"https:\/\/akunq.net\/tr\/?p=27848","url":"https:\/\/akunq.net\/tr\/?p=27848","name":"Yolsuzlu\u011fu protesto mitinglerinde gerginlik - Bati Ermenistan Ve Bati Ermenileri Sorunlari Ara\u015ftirmalar Merkezi","isPartOf":{"@id":"https:\/\/akunq.net\/tr\/#website"},"datePublished":"2014-01-13T06:57:06+00:00","author":{"@id":"https:\/\/akunq.net\/tr\/#\/schema\/person\/096f1d38a12cce57fb855b485ed24c9e"},"breadcrumb":{"@id":"https:\/\/akunq.net\/tr\/?p=27848#breadcrumb"},"inLanguage":"en-US","potentialAction":[{"@type":"ReadAction","target":["https:\/\/akunq.net\/tr\/?p=27848"]}]},{"@type":"BreadcrumbList","@id":"https:\/\/akunq.net\/tr\/?p=27848#breadcrumb","itemListElement":[{"@type":"ListItem","position":1,"name":"Home","item":"https:\/\/akunq.net\/tr"},{"@type":"ListItem","position":2,"name":"Yolsuzlu\u011fu protesto mitinglerinde gerginlik"}]},{"@type":"WebSite","@id":"https:\/\/akunq.net\/tr\/#website","url":"https:\/\/akunq.net\/tr\/","name":"Bati Ermenistan Ve Bati Ermenileri Sorunlari Ara\u015ftirmalar Merkezi","description":"","potentialAction":[{"@type":"SearchAction","target":{"@type":"EntryPoint","urlTemplate":"https:\/\/akunq.net\/tr\/?s={search_term_string}"},"query-input":{"@type":"PropertyValueSpecification","valueRequired":true,"valueName":"search_term_string"}}],"inLanguage":"en-US"},{"@type":"Person","@id":"https:\/\/akunq.net\/tr\/#\/schema\/person\/096f1d38a12cce57fb855b485ed24c9e","name":"admin","url":"https:\/\/akunq.net\/tr\/?author=7"}]}},"_links":{"self":[{"href":"https:\/\/akunq.net\/tr\/index.php?rest_route=\/wp\/v2\/posts\/27848","targetHints":{"allow":["GET"]}}],"collection":[{"href":"https:\/\/akunq.net\/tr\/index.php?rest_route=\/wp\/v2\/posts"}],"about":[{"href":"https:\/\/akunq.net\/tr\/index.php?rest_route=\/wp\/v2\/types\/post"}],"author":[{"embeddable":true,"href":"https:\/\/akunq.net\/tr\/index.php?rest_route=\/wp\/v2\/users\/7"}],"replies":[{"embeddable":true,"href":"https:\/\/akunq.net\/tr\/index.php?rest_route=%2Fwp%2Fv2%2Fcomments&post=27848"}],"version-history":[{"count":1,"href":"https:\/\/akunq.net\/tr\/index.php?rest_route=\/wp\/v2\/posts\/27848\/revisions"}],"predecessor-version":[{"id":27850,"href":"https:\/\/akunq.net\/tr\/index.php?rest_route=\/wp\/v2\/posts\/27848\/revisions\/27850"}],"wp:attachment":[{"href":"https:\/\/akunq.net\/tr\/index.php?rest_route=%2Fwp%2Fv2%2Fmedia&parent=27848"}],"wp:term":[{"taxonomy":"category","embeddable":true,"href":"https:\/\/akunq.net\/tr\/index.php?rest_route=%2Fwp%2Fv2%2Fcategories&post=27848"},{"taxonomy":"post_tag","embeddable":true,"href":"https:\/\/akunq.net\/tr\/index.php?rest_route=%2Fwp%2Fv2%2Ftags&post=27848"}],"curies":[{"name":"wp","href":"https:\/\/api.w.org\/{rel}","templated":true}]}}