{"id":27835,"date":"2014-01-11T02:50:36","date_gmt":"2014-01-11T07:50:36","guid":{"rendered":"http:\/\/akunq.net\/tr\/?p=27835"},"modified":"2014-01-11T02:50:36","modified_gmt":"2014-01-11T07:50:36","slug":"kitap-kampanyasina-cezaevinden-veto","status":"publish","type":"post","link":"https:\/\/akunq.net\/tr\/?p=27835","title":{"rendered":"Kitap kampanyas\u0131na cezaevinden veto"},"content":{"rendered":"<h2 style=\"text-align: justify;\"><i><a href=\"http:\/\/akunq.net\/tr\/wp-content\/uploads\/2014\/01\/\u054d\u0587\u0561\u0576-\u0546\u0577\u0561\u0576\u0575\u0561\u0576.jpg\"><img loading=\"lazy\" decoding=\"async\" class=\"alignright size-medium wp-image-27836\" alt=\"\u054d\u0587\u0561\u0576 \u0546\u0577\u0561\u0576\u0575\u0561\u0576\" src=\"http:\/\/akunq.net\/tr\/wp-content\/uploads\/2014\/01\/\u054d\u0587\u0561\u0576-\u0546\u0577\u0561\u0576\u0575\u0561\u0576-300x206.jpg\" width=\"300\" height=\"206\" srcset=\"https:\/\/akunq.net\/tr\/wp-content\/uploads\/sites\/6\/2014\/01\/\u054d\u0587\u0561\u0576-\u0546\u0577\u0561\u0576\u0575\u0561\u0576-300x206.jpg 300w, https:\/\/akunq.net\/tr\/wp-content\/uploads\/sites\/6\/2014\/01\/\u054d\u0587\u0561\u0576-\u0546\u0577\u0561\u0576\u0575\u0561\u0576.jpg 307w\" sizes=\"auto, (max-width: 300px) 100vw, 300px\" \/><\/a>\u0130zmir Torbal\u0131 A\u00e7\u0131k Cezaevi k\u00fct\u00fcphanesine kitap toplayan Sevan Ni\u015fanyan&#8217;\u0131n kampanyas\u0131 sonu\u00e7 vermedi.<\/i><\/h2>\n<p style=\"text-align: justify;\"><a href=\"http:\/\/www.haberturk.com\/etiket\/sevan_ni%C5%9Fanyan\">Sevan Ni\u015fanyan<\/a>, 2 y\u0131ll\u0131k cezas\u0131n\u0131 \u00e7ekmek \u00fczere bulundu\u011fu \u0130zmir Torbal\u0131 A\u00e7\u0131k <a href=\"http:\/\/www.haberturk.com\/etiket\/cezaevi\">Cezaevi<\/a>\u2019nin k\u00fct\u00fcphanesine \u00e7a\u011fr\u0131yla <a href=\"http:\/\/www.haberturk.com\/etiket\/kitap\">kitap<\/a> toplad\u0131. Ni\u015fanyan, sosyal medyadan, <a href=\"http:\/\/www.haberturk.com\/etiket\/cezaevi\">cezaevi<\/a> m\u00fcd\u00fcr\u00fcn\u00fcn ba\u011f\u0131\u015flanan <a href=\"http:\/\/www.haberturk.com\/etiket\/kitap\">kitap<\/a>lar\u0131 kabul etmedi\u011fini, \u201c<a href=\"http:\/\/www.haberturk.com\/etiket\/yasak\">Yasak<\/a>! Gerekirse devletimiz g\u00f6nderir, senin \u00fczerine vazife de\u011fil\u201d dedi\u011fini a\u00e7\u0131klad\u0131.<\/p>\n<p style=\"text-align: justify;\">Ka\u00e7ak in\u015faat yapt\u0131rd\u0131\u011f\u0131 gerek\u00e7esiyle hakk\u0131ndaki iki y\u0131ll\u0131k hapis cezas\u0131n\u0131 \u00e7ekmek i\u00e7in \u0130zmir Torbal\u0131 A\u00e7\u0131k <a href=\"http:\/\/www.haberturk.com\/etiket\/cezaevi\">Cezaevi<\/a>\u2019nde yatan yazar <a href=\"http:\/\/www.haberturk.com\/etiket\/sevan_ni%C5%9Fanyan\">Sevan Ni\u015fanyan<\/a>, <a href=\"http:\/\/www.haberturk.com\/etiket\/cezaevi\">cezaevi<\/a>ne girdikten sonra sosyal medya \u00fczerinden g\u00f6nderdi\u011fi bir mesajla insanlar\u0131 Torbal\u0131 A\u00e7\u0131k <a href=\"http:\/\/www.haberturk.com\/etiket\/cezaevi\">Cezaevi<\/a> K\u00fct\u00fcphanesi\u2019ne <a href=\"http:\/\/www.haberturk.com\/etiket\/kitap\">kitap<\/a> ba\u011f\u0131\u015f\u0131 yapmaya \u00e7a\u011f\u0131rd\u0131. Ni\u015fanyan duyurusunda \u015f\u00f6yle dedi: \u201cTorbal\u0131 A\u00e7\u0131k <a href=\"http:\/\/www.haberturk.com\/etiket\/cezaevi\">Cezaevi<\/a>\u2019nin k\u00fct\u00fcphanesini adam etmek i\u00e7in Dersim Ovac\u0131kl\u0131 Mehmet ile kollar\u0131 s\u0131vad\u0131k. Bol kitaba ihtiyac\u0131m\u0131z var. Roman, siyaset, tarih, okul kitab\u0131, \u00e7ocuk kitab\u0131 her \u015fey olur. \u00d6zellikle yay\u0131nc\u0131 dostlar\u0131m\u0131z\u0131n yard\u0131mlar\u0131 makbule ge\u00e7ecek. Adres: Torbal\u0131 A\u00e7\u0131k <a href=\"http:\/\/www.haberturk.com\/etiket\/cezaevi\">Cezaevi<\/a>, \u0130zmir\u201d.<\/p>\n<p style=\"text-align: justify;\"><strong>BA\u011eI\u015eLANAN <\/strong><a href=\"http:\/\/www.haberturk.com\/etiket\/kitap\"><b>K\u0130TAP<\/b><\/a><strong>LAR \u0130ADE ED\u0130LECEK<\/strong><\/p>\n<p style=\"text-align: justify;\">Sosyal medyadaki \u00e7a\u011fr\u0131 kar\u015f\u0131l\u0131\u011f\u0131n\u0131 buldu ve y\u00fczlerce kitap g\u00f6nderildi. Ancak k\u00f6t\u00fc haber yine sosyal medyadan duyuruldu ve kitaplar\u0131n kabul edilmedi\u011fi a\u00e7\u0131kland\u0131. Sevanyan\u2019\u0131n Facebook hesab\u0131 \u00fczerinden yap\u0131lan a\u00e7\u0131klamada \u015f\u00f6yle denildi: \u201cKitap ya\u011fmaya ba\u015flad\u0131. 3 g\u00fcnde 400\u2019e yak\u0131n kitap geldi. Nesin Yay\u0131nevi, Aziz Nesin k\u00fclliyat\u0131n\u0131 g\u00f6ndermi\u015f. Afyon\u2019dan ad\u0131n\u0131 hat\u0131rlayamad\u0131\u011f\u0131m bir arkada\u015f, eski Taraf yazarlar\u0131n\u0131n t\u00fcm kitaplar\u0131n\u0131 derlemi\u015f. \u0130ngiliz B\u00fcy\u00fckel\u00e7ili\u011fi\u2019nden bir han\u0131m, o an masas\u0131nda olan kitaplar\u0131 toplay\u0131p yollam\u0131\u015f. \u0130zmir\u2019de bir \u00fcniversitede \u00f6\u011frenciler kitap kampanyas\u0131 a\u00e7m\u0131\u015flar. \u2018Nas\u0131l tasnif edece\u011fiz, nereye s\u0131\u011fd\u0131raca\u011f\u0131z?\u2019 diye tart\u0131\u015ft\u0131k. Telefonlar ettik, yer karosu gelsin, kitap raf\u0131 gelsin, masa sandalye gelsin.<\/p>\n<p style=\"text-align: justify;\">Bug\u00fcn m\u00fcd\u00fcriyetten \u00e7a\u011f\u0131rd\u0131lar. Me\u011fer yasakm\u0131\u015f. M\u00fcd\u00fcr beyler tedirgin olmu\u015flar. \u2018Gerekirse devletimiz g\u00f6nderir, senin \u00fczerine vazife de\u011fil\u2019 dediler. Gelenleri de iade edeceklermi\u015f. Heyhat, g\u00fczel kitaplar vard\u0131 halbuki&#8230;\u201d Cezaevi yetkilileri, konuyla ilgili sorumuz \u00fczerine, \u201cBuras\u0131 bir kamu kurumu, biz devlet memuruyuz. O konuda bir bilgi vermemiz s\u00f6z konusu olamaz\u201d demekle yetindi.<\/p>\n<p style=\"text-align: justify;\"><strong><i>HT Gazete \/ \u00dcmran Avc\u0131<\/i><\/strong><\/p>\n<p style=\"text-align: justify;\"><b><i>http:\/\/www.haberturk.com\/kultur-sanat\/haber\/911481-kitap-kampanyasina-cezaevinden-veto<\/i><\/b><\/p>\n","protected":false},"excerpt":{"rendered":"<p>\u0130zmir Torbal\u0131 A\u00e7\u0131k Cezaevi k\u00fct\u00fcphanesine kitap toplayan Sevan Ni\u015fanyan&#8217;\u0131n kampanyas\u0131 sonu\u00e7 vermedi. Sevan Ni\u015fanyan, 2 y\u0131ll\u0131k cezas\u0131n\u0131 \u00e7ekmek \u00fczere bulundu\u011fu \u0130zmir Torbal\u0131 A\u00e7\u0131k Cezaevi\u2019nin k\u00fct\u00fcphanesine \u00e7a\u011fr\u0131yla kitap toplad\u0131. Ni\u015fanyan, sosyal medyadan, cezaevi m\u00fcd\u00fcr\u00fcn\u00fcn ba\u011f\u0131\u015flanan kitaplar\u0131 kabul etmedi\u011fini, \u201cYasak! Gerekirse devletimiz g\u00f6nderir, senin \u00fczerine vazife de\u011fil\u201d dedi\u011fini a\u00e7\u0131klad\u0131. Ka\u00e7ak in\u015faat yapt\u0131rd\u0131\u011f\u0131 gerek\u00e7esiyle hakk\u0131ndaki iki y\u0131ll\u0131k hapis [&hellip;]<\/p>\n","protected":false},"author":7,"featured_media":0,"comment_status":"open","ping_status":"open","sticky":false,"template":"","format":"standard","meta":{"footnotes":""},"categories":[1],"tags":[],"class_list":["post-27835","post","type-post","status-publish","format-standard","hentry","category-haberler"],"yoast_head":"<!-- This site is optimized with the Yoast SEO plugin v27.4 - https:\/\/yoast.com\/product\/yoast-seo-wordpress\/ -->\n<title>Kitap kampanyas\u0131na cezaevinden veto - Bati Ermenistan Ve Bati Ermenileri Sorunlari Ara\u015ftirmalar Merkezi<\/title>\n<meta name=\"robots\" content=\"index, follow, max-snippet:-1, max-image-preview:large, max-video-preview:-1\" \/>\n<link rel=\"canonical\" href=\"https:\/\/akunq.net\/tr\/?p=27835\" \/>\n<meta property=\"og:locale\" content=\"en_US\" \/>\n<meta property=\"og:type\" content=\"article\" \/>\n<meta property=\"og:title\" content=\"Kitap kampanyas\u0131na cezaevinden veto - Bati Ermenistan Ve Bati Ermenileri Sorunlari Ara\u015ftirmalar Merkezi\" \/>\n<meta property=\"og:description\" content=\"\u0130zmir Torbal\u0131 A\u00e7\u0131k Cezaevi k\u00fct\u00fcphanesine kitap toplayan Sevan Ni\u015fanyan&#8217;\u0131n kampanyas\u0131 sonu\u00e7 vermedi. Sevan Ni\u015fanyan, 2 y\u0131ll\u0131k cezas\u0131n\u0131 \u00e7ekmek \u00fczere bulundu\u011fu \u0130zmir Torbal\u0131 A\u00e7\u0131k Cezaevi\u2019nin k\u00fct\u00fcphanesine \u00e7a\u011fr\u0131yla kitap toplad\u0131. Ni\u015fanyan, sosyal medyadan, cezaevi m\u00fcd\u00fcr\u00fcn\u00fcn ba\u011f\u0131\u015flanan kitaplar\u0131 kabul etmedi\u011fini, \u201cYasak! Gerekirse devletimiz g\u00f6nderir, senin \u00fczerine vazife de\u011fil\u201d dedi\u011fini a\u00e7\u0131klad\u0131. Ka\u00e7ak in\u015faat yapt\u0131rd\u0131\u011f\u0131 gerek\u00e7esiyle hakk\u0131ndaki iki y\u0131ll\u0131k hapis [&hellip;]\" \/>\n<meta property=\"og:url\" content=\"https:\/\/akunq.net\/tr\/?p=27835\" \/>\n<meta property=\"og:site_name\" content=\"Bati Ermenistan Ve Bati Ermenileri Sorunlari Ara\u015ftirmalar Merkezi\" \/>\n<meta property=\"article:published_time\" content=\"2014-01-11T07:50:36+00:00\" \/>\n<meta name=\"author\" content=\"admin\" \/>\n<meta name=\"twitter:card\" content=\"summary_large_image\" \/>\n<meta name=\"twitter:label1\" content=\"Written by\" \/>\n\t<meta name=\"twitter:data1\" content=\"admin\" \/>\n\t<meta name=\"twitter:label2\" content=\"Est. reading time\" \/>\n\t<meta name=\"twitter:data2\" content=\"2 minutes\" \/>\n<script type=\"application\/ld+json\" class=\"yoast-schema-graph\">{\"@context\":\"https:\\\/\\\/schema.org\",\"@graph\":[{\"@type\":\"Article\",\"@id\":\"https:\\\/\\\/akunq.net\\\/tr\\\/?p=27835#article\",\"isPartOf\":{\"@id\":\"https:\\\/\\\/akunq.net\\\/tr\\\/?p=27835\"},\"author\":{\"name\":\"admin\",\"@id\":\"https:\\\/\\\/akunq.net\\\/tr\\\/#\\\/schema\\\/person\\\/096f1d38a12cce57fb855b485ed24c9e\"},\"headline\":\"Kitap kampanyas\u0131na cezaevinden veto\",\"datePublished\":\"2014-01-11T07:50:36+00:00\",\"mainEntityOfPage\":{\"@id\":\"https:\\\/\\\/akunq.net\\\/tr\\\/?p=27835\"},\"wordCount\":412,\"commentCount\":0,\"articleSection\":[\"Haberler\"],\"inLanguage\":\"en-US\",\"potentialAction\":[{\"@type\":\"CommentAction\",\"name\":\"Comment\",\"target\":[\"https:\\\/\\\/akunq.net\\\/tr\\\/?p=27835#respond\"]}]},{\"@type\":\"WebPage\",\"@id\":\"https:\\\/\\\/akunq.net\\\/tr\\\/?p=27835\",\"url\":\"https:\\\/\\\/akunq.net\\\/tr\\\/?p=27835\",\"name\":\"Kitap kampanyas\u0131na cezaevinden veto - Bati Ermenistan Ve Bati Ermenileri Sorunlari Ara\u015ftirmalar Merkezi\",\"isPartOf\":{\"@id\":\"https:\\\/\\\/akunq.net\\\/tr\\\/#website\"},\"datePublished\":\"2014-01-11T07:50:36+00:00\",\"author\":{\"@id\":\"https:\\\/\\\/akunq.net\\\/tr\\\/#\\\/schema\\\/person\\\/096f1d38a12cce57fb855b485ed24c9e\"},\"breadcrumb\":{\"@id\":\"https:\\\/\\\/akunq.net\\\/tr\\\/?p=27835#breadcrumb\"},\"inLanguage\":\"en-US\",\"potentialAction\":[{\"@type\":\"ReadAction\",\"target\":[\"https:\\\/\\\/akunq.net\\\/tr\\\/?p=27835\"]}]},{\"@type\":\"BreadcrumbList\",\"@id\":\"https:\\\/\\\/akunq.net\\\/tr\\\/?p=27835#breadcrumb\",\"itemListElement\":[{\"@type\":\"ListItem\",\"position\":1,\"name\":\"Home\",\"item\":\"https:\\\/\\\/akunq.net\\\/tr\"},{\"@type\":\"ListItem\",\"position\":2,\"name\":\"Kitap kampanyas\u0131na cezaevinden veto\"}]},{\"@type\":\"WebSite\",\"@id\":\"https:\\\/\\\/akunq.net\\\/tr\\\/#website\",\"url\":\"https:\\\/\\\/akunq.net\\\/tr\\\/\",\"name\":\"Bati Ermenistan Ve Bati Ermenileri Sorunlari Ara\u015ftirmalar Merkezi\",\"description\":\"\",\"potentialAction\":[{\"@type\":\"SearchAction\",\"target\":{\"@type\":\"EntryPoint\",\"urlTemplate\":\"https:\\\/\\\/akunq.net\\\/tr\\\/?s={search_term_string}\"},\"query-input\":{\"@type\":\"PropertyValueSpecification\",\"valueRequired\":true,\"valueName\":\"search_term_string\"}}],\"inLanguage\":\"en-US\"},{\"@type\":\"Person\",\"@id\":\"https:\\\/\\\/akunq.net\\\/tr\\\/#\\\/schema\\\/person\\\/096f1d38a12cce57fb855b485ed24c9e\",\"name\":\"admin\",\"url\":\"https:\\\/\\\/akunq.net\\\/tr\\\/?author=7\"}]}<\/script>\n<!-- \/ Yoast SEO plugin. -->","yoast_head_json":{"title":"Kitap kampanyas\u0131na cezaevinden veto - Bati Ermenistan Ve Bati Ermenileri Sorunlari Ara\u015ftirmalar Merkezi","robots":{"index":"index","follow":"follow","max-snippet":"max-snippet:-1","max-image-preview":"max-image-preview:large","max-video-preview":"max-video-preview:-1"},"canonical":"https:\/\/akunq.net\/tr\/?p=27835","og_locale":"en_US","og_type":"article","og_title":"Kitap kampanyas\u0131na cezaevinden veto - Bati Ermenistan Ve Bati Ermenileri Sorunlari Ara\u015ftirmalar Merkezi","og_description":"\u0130zmir Torbal\u0131 A\u00e7\u0131k Cezaevi k\u00fct\u00fcphanesine kitap toplayan Sevan Ni\u015fanyan&#8217;\u0131n kampanyas\u0131 sonu\u00e7 vermedi. Sevan Ni\u015fanyan, 2 y\u0131ll\u0131k cezas\u0131n\u0131 \u00e7ekmek \u00fczere bulundu\u011fu \u0130zmir Torbal\u0131 A\u00e7\u0131k Cezaevi\u2019nin k\u00fct\u00fcphanesine \u00e7a\u011fr\u0131yla kitap toplad\u0131. Ni\u015fanyan, sosyal medyadan, cezaevi m\u00fcd\u00fcr\u00fcn\u00fcn ba\u011f\u0131\u015flanan kitaplar\u0131 kabul etmedi\u011fini, \u201cYasak! Gerekirse devletimiz g\u00f6nderir, senin \u00fczerine vazife de\u011fil\u201d dedi\u011fini a\u00e7\u0131klad\u0131. Ka\u00e7ak in\u015faat yapt\u0131rd\u0131\u011f\u0131 gerek\u00e7esiyle hakk\u0131ndaki iki y\u0131ll\u0131k hapis [&hellip;]","og_url":"https:\/\/akunq.net\/tr\/?p=27835","og_site_name":"Bati Ermenistan Ve Bati Ermenileri Sorunlari Ara\u015ftirmalar Merkezi","article_published_time":"2014-01-11T07:50:36+00:00","author":"admin","twitter_card":"summary_large_image","twitter_misc":{"Written by":"admin","Est. reading time":"2 minutes"},"schema":{"@context":"https:\/\/schema.org","@graph":[{"@type":"Article","@id":"https:\/\/akunq.net\/tr\/?p=27835#article","isPartOf":{"@id":"https:\/\/akunq.net\/tr\/?p=27835"},"author":{"name":"admin","@id":"https:\/\/akunq.net\/tr\/#\/schema\/person\/096f1d38a12cce57fb855b485ed24c9e"},"headline":"Kitap kampanyas\u0131na cezaevinden veto","datePublished":"2014-01-11T07:50:36+00:00","mainEntityOfPage":{"@id":"https:\/\/akunq.net\/tr\/?p=27835"},"wordCount":412,"commentCount":0,"articleSection":["Haberler"],"inLanguage":"en-US","potentialAction":[{"@type":"CommentAction","name":"Comment","target":["https:\/\/akunq.net\/tr\/?p=27835#respond"]}]},{"@type":"WebPage","@id":"https:\/\/akunq.net\/tr\/?p=27835","url":"https:\/\/akunq.net\/tr\/?p=27835","name":"Kitap kampanyas\u0131na cezaevinden veto - Bati Ermenistan Ve Bati Ermenileri Sorunlari Ara\u015ftirmalar Merkezi","isPartOf":{"@id":"https:\/\/akunq.net\/tr\/#website"},"datePublished":"2014-01-11T07:50:36+00:00","author":{"@id":"https:\/\/akunq.net\/tr\/#\/schema\/person\/096f1d38a12cce57fb855b485ed24c9e"},"breadcrumb":{"@id":"https:\/\/akunq.net\/tr\/?p=27835#breadcrumb"},"inLanguage":"en-US","potentialAction":[{"@type":"ReadAction","target":["https:\/\/akunq.net\/tr\/?p=27835"]}]},{"@type":"BreadcrumbList","@id":"https:\/\/akunq.net\/tr\/?p=27835#breadcrumb","itemListElement":[{"@type":"ListItem","position":1,"name":"Home","item":"https:\/\/akunq.net\/tr"},{"@type":"ListItem","position":2,"name":"Kitap kampanyas\u0131na cezaevinden veto"}]},{"@type":"WebSite","@id":"https:\/\/akunq.net\/tr\/#website","url":"https:\/\/akunq.net\/tr\/","name":"Bati Ermenistan Ve Bati Ermenileri Sorunlari Ara\u015ftirmalar Merkezi","description":"","potentialAction":[{"@type":"SearchAction","target":{"@type":"EntryPoint","urlTemplate":"https:\/\/akunq.net\/tr\/?s={search_term_string}"},"query-input":{"@type":"PropertyValueSpecification","valueRequired":true,"valueName":"search_term_string"}}],"inLanguage":"en-US"},{"@type":"Person","@id":"https:\/\/akunq.net\/tr\/#\/schema\/person\/096f1d38a12cce57fb855b485ed24c9e","name":"admin","url":"https:\/\/akunq.net\/tr\/?author=7"}]}},"_links":{"self":[{"href":"https:\/\/akunq.net\/tr\/index.php?rest_route=\/wp\/v2\/posts\/27835","targetHints":{"allow":["GET"]}}],"collection":[{"href":"https:\/\/akunq.net\/tr\/index.php?rest_route=\/wp\/v2\/posts"}],"about":[{"href":"https:\/\/akunq.net\/tr\/index.php?rest_route=\/wp\/v2\/types\/post"}],"author":[{"embeddable":true,"href":"https:\/\/akunq.net\/tr\/index.php?rest_route=\/wp\/v2\/users\/7"}],"replies":[{"embeddable":true,"href":"https:\/\/akunq.net\/tr\/index.php?rest_route=%2Fwp%2Fv2%2Fcomments&post=27835"}],"version-history":[{"count":1,"href":"https:\/\/akunq.net\/tr\/index.php?rest_route=\/wp\/v2\/posts\/27835\/revisions"}],"predecessor-version":[{"id":27837,"href":"https:\/\/akunq.net\/tr\/index.php?rest_route=\/wp\/v2\/posts\/27835\/revisions\/27837"}],"wp:attachment":[{"href":"https:\/\/akunq.net\/tr\/index.php?rest_route=%2Fwp%2Fv2%2Fmedia&parent=27835"}],"wp:term":[{"taxonomy":"category","embeddable":true,"href":"https:\/\/akunq.net\/tr\/index.php?rest_route=%2Fwp%2Fv2%2Fcategories&post=27835"},{"taxonomy":"post_tag","embeddable":true,"href":"https:\/\/akunq.net\/tr\/index.php?rest_route=%2Fwp%2Fv2%2Ftags&post=27835"}],"curies":[{"name":"wp","href":"https:\/\/api.w.org\/{rel}","templated":true}]}}